{"id":61022,"date":"2021-06-10T09:18:49","date_gmt":"2021-06-10T12:18:49","guid":{"rendered":"https:\/\/www.informelitoral.com.ar\/?p=61022"},"modified":"2021-06-10T09:18:49","modified_gmt":"2021-06-10T12:18:49","slug":"estiman-una-produccion-de-74-millones-de-toneladas-de-cereales-en-2021-22","status":"publish","type":"post","link":"https:\/\/informelitoral.com.ar\/estiman-una-produccion-de-74-millones-de-toneladas-de-cereales-en-2021-22\/","title":{"rendered":"Estiman una producci\u00f3n de 74 millones de toneladas de cereales en 2021\/22"},"content":{"rendered":"<p>Mientras se esperan los resultados de la cosecha de los lotes de\u00a0ma\u00edz\u00a0tard\u00edo que pueden generar ajustes positivos en la campa\u00f1a 2020\/21, hay un fuerte adelanto de la precampa\u00f1a maicera que es in\u00e9dita.<\/p>\n<p>De esta forma, la Bolsa de Comercio de Rosario pinta el panorama actual y futuro de ma\u00edz. Lo m\u00e1s alentador, aunque el presente tambi\u00e9n es muy bueno, es lo que viene y, sobre ello, la entidad desliza que,<strong> \u201ca dos meses y medio de largar la siembra maicera, ya es dif\u00edcil conseguir semilla\u201d.<\/strong><\/p>\n<p>Al respecto, recientes consultas a empresas del sector hechas por <em>Infocampo\u00a0<\/em>descontaban que haya faltantes de semillas. Cabe destacar que, aun, con m\u00e1s de la mitad de la superficie del cereal sin trillar, aun las semilleras no pudieron procesar el producto.<\/p>\n<p>En las encuestas por el\u00a0trigo, sostienen los analistas de la Bolsa, no deja de hablarse de ma\u00edz en la zona centro.<\/p>\n<p>El crecimiento var\u00eda seg\u00fan de la provincia de que se trate, pero asesores y productores se\u00f1alan una faltante de semilla de h\u00edbridos de alta y media productividad.<\/p>\n<p>\u201cSin el escenario de \u201cNi\u00f1a\u201d como el a\u00f1o pasado, se estima un crecimiento interanual de un 5%. De esta forma, el ma\u00edz 2021\/22 alcanzar\u00eda una siembra de\u00a0<strong>7,73 millones de hect\u00e1reas<\/strong>. Con un rinde promedio de 80,4 quintales, el horizonte productivo es 54,1 millones de toneladas, es decir, un 5% m\u00e1s de volumen que el r\u00e9cord productivo del 2018\/19 y 2019\/20 (ambas campa\u00f1as de 51,5 millones de toneladas)\u201d, exponen desde la entidad.<\/p>\n<p>Por su parte, con un 27% sembrado, el trigo se afianza con una suba interanual del 3% en \u00e1rea.<\/p>\n<p>Las \u00faltimas lluvias consolidaron la intenci\u00f3n de siembra en gran parte de la regi\u00f3n pampeana, que pronto comenzar\u00e1 con las siembra de los ciclos intermedios.<\/p>\n<p>De todas formas, el trigo 2021\/22 se aleja del escenario de sequ\u00eda que asomaba hace un a\u00f1o atr\u00e1s y la temporada invierno-primaveral se caracterizar\u00e1 por condiciones de neutralidad, es decir, lluvias de registro promedio.<\/p>\n<p>En suma, Argentina est\u00e1 m\u00e1s cerca de alcanzar los 20 millones de toneladas de este cereal, lo cual marcar\u00eda un nuevo r\u00e9cord en la historia del cereal y considerando un rinde promedio de 31 quintales en las \u00faltimas 5 campa\u00f1as.<\/p>\n","protected":false},"excerpt":{"rendered":"<p>Se trata de la proyecci\u00f3n que realiza la Bolsa de Comercio de Rosario, en suma, para el trigo y ma\u00edz. Auguran 20 millones del cultivo de invierno y 54 millones del estival.<\/p>\n","protected":false},"author":2,"featured_media":15770,"comment_status":"open","ping_status":"open","sticky":false,"template":"","format":"standard","meta":{"fifu_image_url":"","fifu_image_alt":"","footnotes":""},"categories":[10],"tags":[191,1925,120],"class_list":{"0":"post-61022","1":"post","2":"type-post","3":"status-publish","4":"format-standard","5":"has-post-thumbnail","7":"category-campo","8":"tag-agricultura","9":"tag-cereales","10":"tag-produccion"},"yoast_head":"<title>Estiman una producci\u00f3n de 74 millones de toneladas de cereales en 2021\/22 - Informe Litoral<\/title>\n<meta name=\"robots\" content=\"index, follow, max-snippet:-1, max-image-preview:large, max-video-preview:-1\" \/>\n<link rel=\"canonical\" href=\"https:\/\/informelitoral.com.ar\/estiman-una-produccion-de-74-millones-de-toneladas-de-cereales-en-2021-22\/\" \/>\n<meta property=\"og:locale\" content=\"es_ES\" \/>\n<meta property=\"og:type\" content=\"article\" \/>\n<meta property=\"og:title\" content=\"Estiman una producci\u00f3n de 74 millones de toneladas de cereales en 2021\/22 - Informe Litoral\" \/>\n<meta property=\"og:description\" content=\"Se trata de la proyecci\u00f3n que realiza la Bolsa de Comercio de Rosario, en suma, para el trigo y ma\u00edz. Auguran 20 millones del cultivo de invierno y 54 millones del estival.\" \/>\n<meta property=\"og:url\" content=\"https:\/\/informelitoral.com.ar\/estiman-una-produccion-de-74-millones-de-toneladas-de-cereales-en-2021-22\/\" \/>\n<meta property=\"og:site_name\" content=\"Informe Litoral\" \/>\n<meta property=\"article:publisher\" content=\"https:\/\/www.facebook.com\/informelitoral\/\" \/>\n<meta property=\"article:published_time\" content=\"2021-06-10T12:18:49+00:00\" \/>\n<meta property=\"og:image\" content=\"https:\/\/informelitoral.com.ar\/%77%70%2d%63%6f%6e%74%65%6e%74\/uploads\/2016\/05\/soja.jpg\" \/>\n\t<meta property=\"og:image:width\" content=\"1024\" \/>\n\t<meta property=\"og:image:height\" content=\"768\" \/>\n\t<meta property=\"og:image:type\" content=\"image\/jpeg\" \/>\n<meta name=\"author\" content=\"Gonzalo Schmidt\" \/>\n<meta name=\"twitter:card\" content=\"summary_large_image\" \/>\n<meta name=\"twitter:creator\" content=\"@InformeLitoral\" \/>\n<meta name=\"twitter:site\" content=\"@InformeLitoral\" \/>\n<meta name=\"twitter:label1\" content=\"Escrito por\" \/>\n\t<meta name=\"twitter:data1\" content=\"Gonzalo Schmidt\" \/>\n\t<meta name=\"twitter:label2\" content=\"Tiempo de lectura\" \/>\n\t<meta name=\"twitter:data2\" content=\"2 minutos\" \/>\n<script type=\"application\/ld+json\" class=\"yoast-schema-graph\">{\"@context\":\"https:\\\/\\\/schema.org\",\"@graph\":[{\"@type\":\"Article\",\"@id\":\"https:\\\/\\\/informelitoral.com.ar\\\/estiman-una-produccion-de-74-millones-de-toneladas-de-cereales-en-2021-22\\\/#article\",\"isPartOf\":{\"@id\":\"https:\\\/\\\/informelitoral.com.ar\\\/estiman-una-produccion-de-74-millones-de-toneladas-de-cereales-en-2021-22\\\/\"},\"author\":{\"name\":\"Gonzalo Schmidt\",\"@id\":\"https:\\\/\\\/informelitoral.com.ar\\\/#\\\/schema\\\/person\\\/b9d00407c836482871ef1d57bf8e3180\"},\"headline\":\"Estiman una producci\u00f3n de 74 millones de toneladas de cereales en 2021\\\/22\",\"datePublished\":\"2021-06-10T12:18:49+00:00\",\"mainEntityOfPage\":{\"@id\":\"https:\\\/\\\/informelitoral.com.ar\\\/estiman-una-produccion-de-74-millones-de-toneladas-de-cereales-en-2021-22\\\/\"},\"wordCount\":394,\"commentCount\":0,\"publisher\":{\"@id\":\"https:\\\/\\\/informelitoral.com.ar\\\/#organization\"},\"image\":{\"@id\":\"https:\\\/\\\/informelitoral.com.ar\\\/estiman-una-produccion-de-74-millones-de-toneladas-de-cereales-en-2021-22\\\/#primaryimage\"},\"thumbnailUrl\":\"https:\\\/\\\/informelitoral.com.ar\\\/%77%70%2d%63%6f%6e%74%65%6e%74\\\/uploads\\\/2016\\\/05\\\/soja.jpg\",\"keywords\":[\"Agricultura\",\"Cereales\",\"Producci\u00f3n\"],\"articleSection\":[\"Campo\"],\"inLanguage\":\"es\",\"potentialAction\":[{\"@type\":\"CommentAction\",\"name\":\"Comment\",\"target\":[\"https:\\\/\\\/informelitoral.com.ar\\\/estiman-una-produccion-de-74-millones-de-toneladas-de-cereales-en-2021-22\\\/#respond\"]}]},{\"@type\":\"WebPage\",\"@id\":\"https:\\\/\\\/informelitoral.com.ar\\\/estiman-una-produccion-de-74-millones-de-toneladas-de-cereales-en-2021-22\\\/\",\"url\":\"https:\\\/\\\/informelitoral.com.ar\\\/estiman-una-produccion-de-74-millones-de-toneladas-de-cereales-en-2021-22\\\/\",\"name\":\"Estiman una producci\u00f3n de 74 millones de toneladas de cereales en 2021\\\/22 - Informe Litoral\",\"isPartOf\":{\"@id\":\"https:\\\/\\\/informelitoral.com.ar\\\/#website\"},\"primaryImageOfPage\":{\"@id\":\"https:\\\/\\\/informelitoral.com.ar\\\/estiman-una-produccion-de-74-millones-de-toneladas-de-cereales-en-2021-22\\\/#primaryimage\"},\"image\":{\"@id\":\"https:\\\/\\\/informelitoral.com.ar\\\/estiman-una-produccion-de-74-millones-de-toneladas-de-cereales-en-2021-22\\\/#primaryimage\"},\"thumbnailUrl\":\"https:\\\/\\\/informelitoral.com.ar\\\/%77%70%2d%63%6f%6e%74%65%6e%74\\\/uploads\\\/2016\\\/05\\\/soja.jpg\",\"datePublished\":\"2021-06-10T12:18:49+00:00\",\"breadcrumb\":{\"@id\":\"https:\\\/\\\/informelitoral.com.ar\\\/estiman-una-produccion-de-74-millones-de-toneladas-de-cereales-en-2021-22\\\/#breadcrumb\"},\"inLanguage\":\"es\",\"potentialAction\":[{\"@type\":\"ReadAction\",\"target\":[\"https:\\\/\\\/informelitoral.com.ar\\\/estiman-una-produccion-de-74-millones-de-toneladas-de-cereales-en-2021-22\\\/\"]}]},{\"@type\":\"ImageObject\",\"inLanguage\":\"es\",\"@id\":\"https:\\\/\\\/informelitoral.com.ar\\\/estiman-una-produccion-de-74-millones-de-toneladas-de-cereales-en-2021-22\\\/#primaryimage\",\"url\":\"https:\\\/\\\/informelitoral.com.ar\\\/%77%70%2d%63%6f%6e%74%65%6e%74\\\/uploads\\\/2016\\\/05\\\/soja.jpg\",\"contentUrl\":\"https:\\\/\\\/informelitoral.com.ar\\\/%77%70%2d%63%6f%6e%74%65%6e%74\\\/uploads\\\/2016\\\/05\\\/soja.jpg\",\"width\":1024,\"height\":768,\"caption\":\"cosecha de soja 1\"},{\"@type\":\"BreadcrumbList\",\"@id\":\"https:\\\/\\\/informelitoral.com.ar\\\/estiman-una-produccion-de-74-millones-de-toneladas-de-cereales-en-2021-22\\\/#breadcrumb\",\"itemListElement\":[{\"@type\":\"ListItem\",\"position\":1,\"name\":\"Portada\",\"item\":\"https:\\\/\\\/informelitoral.com.ar\\\/\"},{\"@type\":\"ListItem\",\"position\":2,\"name\":\"Estiman una producci\u00f3n de 74 millones de toneladas de cereales en 2021\\\/22\"}]},{\"@type\":\"WebSite\",\"@id\":\"https:\\\/\\\/informelitoral.com.ar\\\/#website\",\"url\":\"https:\\\/\\\/informelitoral.com.ar\\\/\",\"name\":\"Informe Litoral\",\"description\":\"&quot;Nos informamos&quot; \",\"publisher\":{\"@id\":\"https:\\\/\\\/informelitoral.com.ar\\\/#organization\"},\"potentialAction\":[{\"@type\":\"SearchAction\",\"target\":{\"@type\":\"EntryPoint\",\"urlTemplate\":\"https:\\\/\\\/informelitoral.com.ar\\\/?s={search_term_string}\"},\"query-input\":{\"@type\":\"PropertyValueSpecification\",\"valueRequired\":true,\"valueName\":\"search_term_string\"}}],\"inLanguage\":\"es\"},{\"@type\":\"Organization\",\"@id\":\"https:\\\/\\\/informelitoral.com.ar\\\/#organization\",\"name\":\"Informe Litoral\",\"url\":\"https:\\\/\\\/informelitoral.com.ar\\\/\",\"logo\":{\"@type\":\"ImageObject\",\"inLanguage\":\"es\",\"@id\":\"https:\\\/\\\/informelitoral.com.ar\\\/#\\\/schema\\\/logo\\\/image\\\/\",\"url\":\"https:\\\/\\\/informelitoral.com.ar\\\/%77%70%2d%63%6f%6e%74%65%6e%74\\\/uploads\\\/2021\\\/01\\\/circulo.png\",\"contentUrl\":\"https:\\\/\\\/informelitoral.com.ar\\\/%77%70%2d%63%6f%6e%74%65%6e%74\\\/uploads\\\/2021\\\/01\\\/circulo.png\",\"width\":723,\"height\":731,\"caption\":\"Informe Litoral\"},\"image\":{\"@id\":\"https:\\\/\\\/informelitoral.com.ar\\\/#\\\/schema\\\/logo\\\/image\\\/\"},\"sameAs\":[\"https:\\\/\\\/www.facebook.com\\\/informelitoral\\\/\",\"https:\\\/\\\/x.com\\\/InformeLitoral\",\"https:\\\/\\\/www.instagram.com\\\/informelitoral\\\/\",\"https:\\\/\\\/www.youtube.com\\\/channel\\\/UCua4Qvz8Icb6MYqhoq9xLXw\"]},{\"@type\":\"Person\",\"@id\":\"https:\\\/\\\/informelitoral.com.ar\\\/#\\\/schema\\\/person\\\/b9d00407c836482871ef1d57bf8e3180\",\"name\":\"Gonzalo Schmidt\",\"image\":{\"@type\":\"ImageObject\",\"inLanguage\":\"es\",\"@id\":\"https:\\\/\\\/secure.gravatar.com\\\/avatar\\\/31a1a7b66ff2de83bd0e9fd79d026630d2d99e55e8bfe501287647b4fd9743de?s=96&d=mm&r=g\",\"url\":\"https:\\\/\\\/secure.gravatar.com\\\/avatar\\\/31a1a7b66ff2de83bd0e9fd79d026630d2d99e55e8bfe501287647b4fd9743de?s=96&d=mm&r=g\",\"contentUrl\":\"https:\\\/\\\/secure.gravatar.com\\\/avatar\\\/31a1a7b66ff2de83bd0e9fd79d026630d2d99e55e8bfe501287647b4fd9743de?s=96&d=mm&r=g\",\"caption\":\"Gonzalo Schmidt\"},\"description\":\"Sitio web de noticias de la provincia de Entre R\u00edos, Argentina. Informaci\u00f3n y entretenimiento. Informe Litoral, nos informamos.\",\"sameAs\":[\"http:\\\/\\\/www.isletasnoticias.com.ar\"],\"url\":\"https:\\\/\\\/informelitoral.com.ar\\\/author\\\/gonzalo\\\/\"}]}<\/script>","yoast_head_json":{"title":"Estiman una producci\u00f3n de 74 millones de toneladas de cereales en 2021\/22 - Informe Litoral","robots":{"index":"index","follow":"follow","max-snippet":"max-snippet:-1","max-image-preview":"max-image-preview:large","max-video-preview":"max-video-preview:-1"},"canonical":"https:\/\/informelitoral.com.ar\/estiman-una-produccion-de-74-millones-de-toneladas-de-cereales-en-2021-22\/","og_locale":"es_ES","og_type":"article","og_title":"Estiman una producci\u00f3n de 74 millones de toneladas de cereales en 2021\/22 - Informe Litoral","og_description":"Se trata de la proyecci\u00f3n que realiza la Bolsa de Comercio de Rosario, en suma, para el trigo y ma\u00edz. Auguran 20 millones del cultivo de invierno y 54 millones del estival.","og_url":"https:\/\/informelitoral.com.ar\/estiman-una-produccion-de-74-millones-de-toneladas-de-cereales-en-2021-22\/","og_site_name":"Informe Litoral","article_publisher":"https:\/\/www.facebook.com\/informelitoral\/","article_published_time":"2021-06-10T12:18:49+00:00","og_image":[{"width":1024,"height":768,"url":"https:\/\/informelitoral.com.ar\/%77%70%2d%63%6f%6e%74%65%6e%74\/uploads\/2016\/05\/soja.jpg","type":"image\/jpeg"}],"author":"Gonzalo Schmidt","twitter_card":"summary_large_image","twitter_creator":"@InformeLitoral","twitter_site":"@InformeLitoral","twitter_misc":{"Escrito por":"Gonzalo Schmidt","Tiempo de lectura":"2 minutos"},"schema":{"@context":"https:\/\/schema.org","@graph":[{"@type":"Article","@id":"https:\/\/informelitoral.com.ar\/estiman-una-produccion-de-74-millones-de-toneladas-de-cereales-en-2021-22\/#article","isPartOf":{"@id":"https:\/\/informelitoral.com.ar\/estiman-una-produccion-de-74-millones-de-toneladas-de-cereales-en-2021-22\/"},"author":{"name":"Gonzalo Schmidt","@id":"https:\/\/informelitoral.com.ar\/#\/schema\/person\/b9d00407c836482871ef1d57bf8e3180"},"headline":"Estiman una producci\u00f3n de 74 millones de toneladas de cereales en 2021\/22","datePublished":"2021-06-10T12:18:49+00:00","mainEntityOfPage":{"@id":"https:\/\/informelitoral.com.ar\/estiman-una-produccion-de-74-millones-de-toneladas-de-cereales-en-2021-22\/"},"wordCount":394,"commentCount":0,"publisher":{"@id":"https:\/\/informelitoral.com.ar\/#organization"},"image":{"@id":"https:\/\/informelitoral.com.ar\/estiman-una-produccion-de-74-millones-de-toneladas-de-cereales-en-2021-22\/#primaryimage"},"thumbnailUrl":"https:\/\/informelitoral.com.ar\/%77%70%2d%63%6f%6e%74%65%6e%74\/uploads\/2016\/05\/soja.jpg","keywords":["Agricultura","Cereales","Producci\u00f3n"],"articleSection":["Campo"],"inLanguage":"es","potentialAction":[{"@type":"CommentAction","name":"Comment","target":["https:\/\/informelitoral.com.ar\/estiman-una-produccion-de-74-millones-de-toneladas-de-cereales-en-2021-22\/#respond"]}]},{"@type":"WebPage","@id":"https:\/\/informelitoral.com.ar\/estiman-una-produccion-de-74-millones-de-toneladas-de-cereales-en-2021-22\/","url":"https:\/\/informelitoral.com.ar\/estiman-una-produccion-de-74-millones-de-toneladas-de-cereales-en-2021-22\/","name":"Estiman una producci\u00f3n de 74 millones de toneladas de cereales en 2021\/22 - Informe Litoral","isPartOf":{"@id":"https:\/\/informelitoral.com.ar\/#website"},"primaryImageOfPage":{"@id":"https:\/\/informelitoral.com.ar\/estiman-una-produccion-de-74-millones-de-toneladas-de-cereales-en-2021-22\/#primaryimage"},"image":{"@id":"https:\/\/informelitoral.com.ar\/estiman-una-produccion-de-74-millones-de-toneladas-de-cereales-en-2021-22\/#primaryimage"},"thumbnailUrl":"https:\/\/informelitoral.com.ar\/%77%70%2d%63%6f%6e%74%65%6e%74\/uploads\/2016\/05\/soja.jpg","datePublished":"2021-06-10T12:18:49+00:00","breadcrumb":{"@id":"https:\/\/informelitoral.com.ar\/estiman-una-produccion-de-74-millones-de-toneladas-de-cereales-en-2021-22\/#breadcrumb"},"inLanguage":"es","potentialAction":[{"@type":"ReadAction","target":["https:\/\/informelitoral.com.ar\/estiman-una-produccion-de-74-millones-de-toneladas-de-cereales-en-2021-22\/"]}]},{"@type":"ImageObject","inLanguage":"es","@id":"https:\/\/informelitoral.com.ar\/estiman-una-produccion-de-74-millones-de-toneladas-de-cereales-en-2021-22\/#primaryimage","url":"https:\/\/informelitoral.com.ar\/%77%70%2d%63%6f%6e%74%65%6e%74\/uploads\/2016\/05\/soja.jpg","contentUrl":"https:\/\/informelitoral.com.ar\/%77%70%2d%63%6f%6e%74%65%6e%74\/uploads\/2016\/05\/soja.jpg","width":1024,"height":768,"caption":"cosecha de soja 1"},{"@type":"BreadcrumbList","@id":"https:\/\/informelitoral.com.ar\/estiman-una-produccion-de-74-millones-de-toneladas-de-cereales-en-2021-22\/#breadcrumb","itemListElement":[{"@type":"ListItem","position":1,"name":"Portada","item":"https:\/\/informelitoral.com.ar\/"},{"@type":"ListItem","position":2,"name":"Estiman una producci\u00f3n de 74 millones de toneladas de cereales en 2021\/22"}]},{"@type":"WebSite","@id":"https:\/\/informelitoral.com.ar\/#website","url":"https:\/\/informelitoral.com.ar\/","name":"Informe Litoral","description":"&quot;Nos informamos&quot; ","publisher":{"@id":"https:\/\/informelitoral.com.ar\/#organization"},"potentialAction":[{"@type":"SearchAction","target":{"@type":"EntryPoint","urlTemplate":"https:\/\/informelitoral.com.ar\/?s={search_term_string}"},"query-input":{"@type":"PropertyValueSpecification","valueRequired":true,"valueName":"search_term_string"}}],"inLanguage":"es"},{"@type":"Organization","@id":"https:\/\/informelitoral.com.ar\/#organization","name":"Informe Litoral","url":"https:\/\/informelitoral.com.ar\/","logo":{"@type":"ImageObject","inLanguage":"es","@id":"https:\/\/informelitoral.com.ar\/#\/schema\/logo\/image\/","url":"https:\/\/informelitoral.com.ar\/%77%70%2d%63%6f%6e%74%65%6e%74\/uploads\/2021\/01\/circulo.png","contentUrl":"https:\/\/informelitoral.com.ar\/%77%70%2d%63%6f%6e%74%65%6e%74\/uploads\/2021\/01\/circulo.png","width":723,"height":731,"caption":"Informe Litoral"},"image":{"@id":"https:\/\/informelitoral.com.ar\/#\/schema\/logo\/image\/"},"sameAs":["https:\/\/www.facebook.com\/informelitoral\/","https:\/\/x.com\/InformeLitoral","https:\/\/www.instagram.com\/informelitoral\/","https:\/\/www.youtube.com\/channel\/UCua4Qvz8Icb6MYqhoq9xLXw"]},{"@type":"Person","@id":"https:\/\/informelitoral.com.ar\/#\/schema\/person\/b9d00407c836482871ef1d57bf8e3180","name":"Gonzalo Schmidt","image":{"@type":"ImageObject","inLanguage":"es","@id":"https:\/\/secure.gravatar.com\/avatar\/31a1a7b66ff2de83bd0e9fd79d026630d2d99e55e8bfe501287647b4fd9743de?s=96&d=mm&r=g","url":"https:\/\/secure.gravatar.com\/avatar\/31a1a7b66ff2de83bd0e9fd79d026630d2d99e55e8bfe501287647b4fd9743de?s=96&d=mm&r=g","contentUrl":"https:\/\/secure.gravatar.com\/avatar\/31a1a7b66ff2de83bd0e9fd79d026630d2d99e55e8bfe501287647b4fd9743de?s=96&d=mm&r=g","caption":"Gonzalo Schmidt"},"description":"Sitio web de noticias de la provincia de Entre R\u00edos, Argentina. Informaci\u00f3n y entretenimiento. Informe Litoral, nos informamos.","sameAs":["http:\/\/www.isletasnoticias.com.ar"],"url":"https:\/\/informelitoral.com.ar\/author\/gonzalo\/"}]}},"_links":{"self":[{"href":"https:\/\/informelitoral.com.ar\/%77%70%2d%6a%73%6f%6e\/wp\/v2\/posts\/61022","targetHints":{"allow":["GET"]}}],"collection":[{"href":"https:\/\/informelitoral.com.ar\/%77%70%2d%6a%73%6f%6e\/wp\/v2\/posts"}],"about":[{"href":"https:\/\/informelitoral.com.ar\/%77%70%2d%6a%73%6f%6e\/wp\/v2\/types\/post"}],"author":[{"embeddable":true,"href":"https:\/\/informelitoral.com.ar\/%77%70%2d%6a%73%6f%6e\/wp\/v2\/users\/2"}],"replies":[{"embeddable":true,"href":"https:\/\/informelitoral.com.ar\/%77%70%2d%6a%73%6f%6e\/wp\/v2\/comments?post=61022"}],"version-history":[{"count":0,"href":"https:\/\/informelitoral.com.ar\/%77%70%2d%6a%73%6f%6e\/wp\/v2\/posts\/61022\/revisions"}],"wp:featuredmedia":[{"embeddable":true,"href":"https:\/\/informelitoral.com.ar\/%77%70%2d%6a%73%6f%6e\/wp\/v2\/media\/15770"}],"wp:attachment":[{"href":"https:\/\/informelitoral.com.ar\/%77%70%2d%6a%73%6f%6e\/wp\/v2\/media?parent=61022"}],"wp:term":[{"taxonomy":"category","embeddable":true,"href":"https:\/\/informelitoral.com.ar\/%77%70%2d%6a%73%6f%6e\/wp\/v2\/categories?post=61022"},{"taxonomy":"post_tag","embeddable":true,"href":"https:\/\/informelitoral.com.ar\/%77%70%2d%6a%73%6f%6e\/wp\/v2\/tags?post=61022"}],"curies":[{"name":"wp","href":"https:\/\/api.w.org\/{rel}","templated":true}]}}