{"id":61006,"date":"2021-06-09T20:07:34","date_gmt":"2021-06-09T23:07:34","guid":{"rendered":"https:\/\/www.informelitoral.com.ar\/?p=61006"},"modified":"2021-06-09T20:11:39","modified_gmt":"2021-06-09T23:11:39","slug":"la-cita-de-alberto-fernandez-sobre-los-mexicanos-brasilenos-y-argentinos-que-genero-polemica","status":"publish","type":"post","link":"https:\/\/informelitoral.com.ar\/la-cita-de-alberto-fernandez-sobre-los-mexicanos-brasilenos-y-argentinos-que-genero-polemica\/","title":{"rendered":"La cita de Alberto Fern\u00e1ndez sobre los mexicanos, brasile\u00f1os y argentinos que gener\u00f3 pol\u00e9mica"},"content":{"rendered":"<p class=\"paragraph\">Luego de la reuni\u00f3n con empresarios argentinos y espa\u00f1oles con motivo de la visita del presidente Pedro S\u00e1nchez a la Argentina, Alberto Fern\u00e1ndez y el mandatario europeo brindaron unas breves palabras en el Museo del Bicentenario de la Casa Rosada.<\/p>\n<p class=\"paragraph\">All\u00ed, el jefe de Estado cometi\u00f3 un error que gener\u00f3 pol\u00e9mica y fuertes cr\u00edticas de la oposici\u00f3n. Al hablar sobre el fuerte v\u00ednculo que hay entre Espa\u00f1a y la Argentina,\u00a0<b>Fern\u00e1ndez cit\u00f3 -por error- a Octavio Paz para hablar del origen de los argentinos, pero tambi\u00e9n de los mexicanos y de los brasile\u00f1os.<\/b><\/p>\n<p class=\"paragraph\"><mark class=\"hl_yellow\"><b>\u201cEscribi\u00f3 alguna vez Octavio Paz que los mexicanos salieron de los indios, los brasileros salieron de la selva pero nosotros los argentinos llegamos de los barcos, y eran barcos que ven\u00edan de Europa, y as\u00ed construimos nuestra sociedad\u201d,\u00a0<\/b><\/mark>sostuvo el Presidente.<\/p>\n<p class=\"paragraph\">Sin embargo, la cita corresponde a una canci\u00f3n de\u00a0<b>Lito Nebbia<\/b>, de qui\u00e9n Alberto Fern\u00e1ndez es muy amigo y fan\u00e1tico. Es de la canci\u00f3n\u00a0<b>\u201cLlegamos de los barcos\u201d<\/b>\u00a0y reza muy parecido a la frase del mandatario: \u201cLos brasileros salen de la selva los mexicanos vienen de los indios pero nosotros los argentinos llegamos de los barcos\u201d.<\/p>\n<p class=\"paragraph\">Desde la oposici\u00f3n,\u00a0<b>Karina Banfi,\u00a0<\/b>diputada nacional por la UCR, sali\u00f3 al cruce de las declaraciones:<em> \u201cQuiero pedirle Sr. Presidente que pida disculpas por su ignorancia y por ende consecuente discriminaci\u00f3n con los pueblos originarios, con los pa\u00edses de la regi\u00f3n y con todos los argentinos y argentinas.\u00a0<b>Cada vez que ofende mancha su investidura, no se olvide\u201d.<\/b><\/em><\/p>\n<p class=\"paragraph\">En sinton\u00eda,<b>\u00a0Facundo Su\u00e1rez Lastra<\/b>\u00a0escribi\u00f3: <em>\u201cSiempre hay un escal\u00f3n m\u00e1s para el presidente en la escalera del rid\u00edculo y la verg\u00fcenza. \u2018Los mexicanos salieron de los indios. Los brasileros salieron de la selva. Y nosotros llegamos de los barcos\u2019.\u00a0<b>Ofende a pa\u00edses hermanos y queda como un ignorante. Ni profesor ni cient\u00edfico\u201d.<\/b><\/em><\/p>\n<p class=\"paragraph\">A las horas de sus dichos, el jefe de Estado utiliz\u00f3 sus redes sociales para intentar explicar lo que quiso decir y pedir disculpas: <em>\u201cSe afirm\u00f3 m\u00e1s de una vez que \u201clos argentinos descendemos de los barcos\u201d.<b>\u00a0En la primera mitad del siglo XX recibimos a m\u00e1s de 5 millones de inmigrantes que convivieron con nuestros pueblos originarios<\/b>. Es un orgullo nuestra diversidad\u201d.<\/em><\/p>\n<p class=\"paragraph\"><em><b>\u201cA nadie quise ofender, de todas formas, quien se haya sentido ofendido o invisibilizado, desde ya mis disculpas\u201d<\/b>,<\/em> complet\u00f3.<\/p>\n<blockquote class=\"twitter-tweet\" data-width=\"550\" data-dnt=\"true\">\n<p lang=\"es\" dir=\"ltr\">Se afirm\u00f3 m\u00e1s de una vez que \u201clos argentinos descendemos de los barcos\u201d. En la primera mitad del siglo XX recibimos a m\u00e1s de 5 millones de inmigrantes que convivieron con nuestros pueblos originarios. Es un orgullo nuestra diversidad.<\/p>\n<p>&mdash; Alberto Fern\u00e1ndez (@alferdez) <a href=\"https:\/\/twitter.com\/alferdez\/status\/1402713950584725505?ref_src=twsrc%5Etfw\">June 9, 2021<\/a><\/p><\/blockquote>\n<p><script async src=\"https:\/\/platform.twitter.com\/widgets.js\" charset=\"utf-8\"><\/script><\/p>\n<p class=\"paragraph\">Antes del furcio, Alberto Fern\u00e1ndez hab\u00eda hecho hincapi\u00e9 en la importancia de las relaciones con Espa\u00f1a: \u201cCelebro enormemente que estemos viviendo este d\u00eda y quisiera que fuera el comienzo de un tiempo en el que hagamos a\u00fan m\u00e1s s\u00f3lidos los v\u00ednculos entre Argentina y Espa\u00f1a.\u00a0<b>Por lo tanto, nosotros tenemos todas las condiciones dadas para que Espa\u00f1a y Argentina mancomunen esfuerzos y aprovechen oportunidades\u201d.<\/b><\/p>\n<p class=\"paragraph\">Por el gobierno de la Argentina participaron los ministros de Relaciones Exteriores, Comercio Internacional y Culto,\u00a0<b>Felipe Sol\u00e1<\/b>; de Econom\u00eda,\u00a0<b>Mart\u00edn Guzm\u00e1n,<\/b>\u00a0y de Desarrollo Productivo, Mat\u00edas Kulfas; la vicejefa de Gabinete, Cecilia Todesca Bocco; el secretario de Asuntos Estrat\u00e9gicos, Gustavo B\u00e9liz; el secretario de Relaciones Econ\u00f3micas Internacionales, Jorge Neme, y el embajador en Madrid,\u00a0<b>Ricardo Alfons\u00edn.<\/b><\/p>\n<p class=\"paragraph\">En representaci\u00f3n del gobierno espa\u00f1ol estuvieron la ministra de Industria, Comercio y Turismo, Maria Reyes Marotto Illera; la secretaria de Estado de Asuntos Exteriores y para Iberoam\u00e9rica y el Caribe, Cristina Gallach Figueras; el embajador de Espa\u00f1a en Argentina, Javier Sandomingo; el secretario general de Asuntos Econ\u00f3micos y G20, Manuel de la Rocha V\u00e1zquez; la secretaria de Internacional y Cooperaci\u00f3n, Cristina Faciaben Lacorte; la directora del Departamento de Asuntos Exteriores, Emma Mar\u00eda Aparici; el director del Gabinete de la Ministra de Industria, Juan Ignacio D\u00edaz Bidart; y el director general de Informaci\u00f3n Internacional, Miguel \u00c1ngel Marfull Robledo. <em>(Fuente: Infobae)<\/em><\/p>\n<p><strong>EL VIDEO CON LA POL\u00c9MICA AFIRMACI\u00d3N<\/strong><\/p>\n<div class=\"youtube-embed\" data-video_id=\"VBuKulWvHcI\"><iframe loading=\"lazy\" title=\"Alberto Fern\u00e1ndez: Los mexicanos vienen de los indios, lo argentinos de Europa\" width=\"696\" height=\"392\" src=\"https:\/\/www.youtube.com\/embed\/VBuKulWvHcI?feature=oembed&#038;enablejsapi=1\" frameborder=\"0\" allow=\"accelerometer; autoplay; clipboard-write; encrypted-media; gyroscope; picture-in-picture\" allowfullscreen><\/iframe><\/div>\n<h4><\/h4>\n","protected":false},"excerpt":{"rendered":"<p>El Presidente hizo referencia al origen de estas nacionalidades citando, por error, a Octavio Paz en pleno acto con su par espa\u00f1ol, Pedro S\u00e1nchez. Sin embargo, la expresi\u00f3n es de una canci\u00f3n de Lito Nebbia. Fuertes cr\u00edticas de la oposici\u00f3n.<\/p>\n","protected":false},"author":2,"featured_media":61007,"comment_status":"open","ping_status":"open","sticky":false,"template":"","format":"standard","meta":{"fifu_image_url":"","fifu_image_alt":"","footnotes":""},"categories":[16],"tags":[1311],"class_list":{"0":"post-61006","1":"post","2":"type-post","3":"status-publish","4":"format-standard","5":"has-post-thumbnail","7":"category-politi","8":"tag-alberto-fernandez"},"yoast_head":"<title>La cita de Alberto Fern\u00e1ndez sobre los mexicanos, brasile\u00f1os y argentinos que gener\u00f3 pol\u00e9mica - Informe Litoral<\/title>\n<meta name=\"robots\" content=\"index, follow, max-snippet:-1, max-image-preview:large, max-video-preview:-1\" \/>\n<link rel=\"canonical\" href=\"https:\/\/informelitoral.com.ar\/la-cita-de-alberto-fernandez-sobre-los-mexicanos-brasilenos-y-argentinos-que-genero-polemica\/\" \/>\n<meta property=\"og:locale\" content=\"es_ES\" \/>\n<meta property=\"og:type\" content=\"article\" \/>\n<meta property=\"og:title\" content=\"La cita de Alberto Fern\u00e1ndez sobre los mexicanos, brasile\u00f1os y argentinos que gener\u00f3 pol\u00e9mica - Informe Litoral\" \/>\n<meta property=\"og:description\" content=\"El Presidente hizo referencia al origen de estas nacionalidades citando, por error, a Octavio Paz en pleno acto con su par espa\u00f1ol, Pedro S\u00e1nchez. Sin embargo, la expresi\u00f3n es de una canci\u00f3n de Lito Nebbia. Fuertes cr\u00edticas de la oposici\u00f3n.\" \/>\n<meta property=\"og:url\" content=\"https:\/\/informelitoral.com.ar\/la-cita-de-alberto-fernandez-sobre-los-mexicanos-brasilenos-y-argentinos-que-genero-polemica\/\" \/>\n<meta property=\"og:site_name\" content=\"Informe Litoral\" \/>\n<meta property=\"article:publisher\" content=\"https:\/\/www.facebook.com\/informelitoral\/\" \/>\n<meta property=\"article:published_time\" content=\"2021-06-09T23:07:34+00:00\" \/>\n<meta property=\"article:modified_time\" content=\"2021-06-09T23:11:39+00:00\" \/>\n<meta property=\"og:image\" content=\"https:\/\/informelitoral.com.ar\/%77%70%2d%63%6f%6e%74%65%6e%74\/uploads\/2021\/06\/alberto-pedro-sanchez.jpg\" \/>\n\t<meta property=\"og:image:width\" content=\"730\" \/>\n\t<meta property=\"og:image:height\" content=\"425\" \/>\n\t<meta property=\"og:image:type\" content=\"image\/jpeg\" \/>\n<meta name=\"author\" content=\"Gonzalo Schmidt\" \/>\n<meta name=\"twitter:card\" content=\"summary_large_image\" \/>\n<meta name=\"twitter:creator\" content=\"@InformeLitoral\" \/>\n<meta name=\"twitter:site\" content=\"@InformeLitoral\" \/>\n<meta name=\"twitter:label1\" content=\"Escrito por\" \/>\n\t<meta name=\"twitter:data1\" content=\"Gonzalo Schmidt\" \/>\n\t<meta name=\"twitter:label2\" content=\"Tiempo de lectura\" \/>\n\t<meta name=\"twitter:data2\" content=\"3 minutos\" \/>\n<script type=\"application\/ld+json\" class=\"yoast-schema-graph\">{\"@context\":\"https:\\\/\\\/schema.org\",\"@graph\":[{\"@type\":\"Article\",\"@id\":\"https:\\\/\\\/informelitoral.com.ar\\\/la-cita-de-alberto-fernandez-sobre-los-mexicanos-brasilenos-y-argentinos-que-genero-polemica\\\/#article\",\"isPartOf\":{\"@id\":\"https:\\\/\\\/informelitoral.com.ar\\\/la-cita-de-alberto-fernandez-sobre-los-mexicanos-brasilenos-y-argentinos-que-genero-polemica\\\/\"},\"author\":{\"name\":\"Gonzalo Schmidt\",\"@id\":\"https:\\\/\\\/informelitoral.com.ar\\\/#\\\/schema\\\/person\\\/b9d00407c836482871ef1d57bf8e3180\"},\"headline\":\"La cita de Alberto Fern\u00e1ndez sobre los mexicanos, brasile\u00f1os y argentinos que gener\u00f3 pol\u00e9mica\",\"datePublished\":\"2021-06-09T23:07:34+00:00\",\"dateModified\":\"2021-06-09T23:11:39+00:00\",\"mainEntityOfPage\":{\"@id\":\"https:\\\/\\\/informelitoral.com.ar\\\/la-cita-de-alberto-fernandez-sobre-los-mexicanos-brasilenos-y-argentinos-que-genero-polemica\\\/\"},\"wordCount\":700,\"commentCount\":0,\"publisher\":{\"@id\":\"https:\\\/\\\/informelitoral.com.ar\\\/#organization\"},\"image\":{\"@id\":\"https:\\\/\\\/informelitoral.com.ar\\\/la-cita-de-alberto-fernandez-sobre-los-mexicanos-brasilenos-y-argentinos-que-genero-polemica\\\/#primaryimage\"},\"thumbnailUrl\":\"https:\\\/\\\/informelitoral.com.ar\\\/%77%70%2d%63%6f%6e%74%65%6e%74\\\/uploads\\\/2021\\\/06\\\/alberto-pedro-sanchez.jpg\",\"keywords\":[\"Alberto Fern\u00e1ndez\"],\"articleSection\":[\"Politica\"],\"inLanguage\":\"es\",\"potentialAction\":[{\"@type\":\"CommentAction\",\"name\":\"Comment\",\"target\":[\"https:\\\/\\\/informelitoral.com.ar\\\/la-cita-de-alberto-fernandez-sobre-los-mexicanos-brasilenos-y-argentinos-que-genero-polemica\\\/#respond\"]}]},{\"@type\":\"WebPage\",\"@id\":\"https:\\\/\\\/informelitoral.com.ar\\\/la-cita-de-alberto-fernandez-sobre-los-mexicanos-brasilenos-y-argentinos-que-genero-polemica\\\/\",\"url\":\"https:\\\/\\\/informelitoral.com.ar\\\/la-cita-de-alberto-fernandez-sobre-los-mexicanos-brasilenos-y-argentinos-que-genero-polemica\\\/\",\"name\":\"La cita de Alberto Fern\u00e1ndez sobre los mexicanos, brasile\u00f1os y argentinos que gener\u00f3 pol\u00e9mica - Informe Litoral\",\"isPartOf\":{\"@id\":\"https:\\\/\\\/informelitoral.com.ar\\\/#website\"},\"primaryImageOfPage\":{\"@id\":\"https:\\\/\\\/informelitoral.com.ar\\\/la-cita-de-alberto-fernandez-sobre-los-mexicanos-brasilenos-y-argentinos-que-genero-polemica\\\/#primaryimage\"},\"image\":{\"@id\":\"https:\\\/\\\/informelitoral.com.ar\\\/la-cita-de-alberto-fernandez-sobre-los-mexicanos-brasilenos-y-argentinos-que-genero-polemica\\\/#primaryimage\"},\"thumbnailUrl\":\"https:\\\/\\\/informelitoral.com.ar\\\/%77%70%2d%63%6f%6e%74%65%6e%74\\\/uploads\\\/2021\\\/06\\\/alberto-pedro-sanchez.jpg\",\"datePublished\":\"2021-06-09T23:07:34+00:00\",\"dateModified\":\"2021-06-09T23:11:39+00:00\",\"breadcrumb\":{\"@id\":\"https:\\\/\\\/informelitoral.com.ar\\\/la-cita-de-alberto-fernandez-sobre-los-mexicanos-brasilenos-y-argentinos-que-genero-polemica\\\/#breadcrumb\"},\"inLanguage\":\"es\",\"potentialAction\":[{\"@type\":\"ReadAction\",\"target\":[\"https:\\\/\\\/informelitoral.com.ar\\\/la-cita-de-alberto-fernandez-sobre-los-mexicanos-brasilenos-y-argentinos-que-genero-polemica\\\/\"]}]},{\"@type\":\"ImageObject\",\"inLanguage\":\"es\",\"@id\":\"https:\\\/\\\/informelitoral.com.ar\\\/la-cita-de-alberto-fernandez-sobre-los-mexicanos-brasilenos-y-argentinos-que-genero-polemica\\\/#primaryimage\",\"url\":\"https:\\\/\\\/informelitoral.com.ar\\\/%77%70%2d%63%6f%6e%74%65%6e%74\\\/uploads\\\/2021\\\/06\\\/alberto-pedro-sanchez.jpg\",\"contentUrl\":\"https:\\\/\\\/informelitoral.com.ar\\\/%77%70%2d%63%6f%6e%74%65%6e%74\\\/uploads\\\/2021\\\/06\\\/alberto-pedro-sanchez.jpg\",\"width\":730,\"height\":425},{\"@type\":\"BreadcrumbList\",\"@id\":\"https:\\\/\\\/informelitoral.com.ar\\\/la-cita-de-alberto-fernandez-sobre-los-mexicanos-brasilenos-y-argentinos-que-genero-polemica\\\/#breadcrumb\",\"itemListElement\":[{\"@type\":\"ListItem\",\"position\":1,\"name\":\"Portada\",\"item\":\"https:\\\/\\\/informelitoral.com.ar\\\/\"},{\"@type\":\"ListItem\",\"position\":2,\"name\":\"La cita de Alberto Fern\u00e1ndez sobre los mexicanos, brasile\u00f1os y argentinos que gener\u00f3 pol\u00e9mica\"}]},{\"@type\":\"WebSite\",\"@id\":\"https:\\\/\\\/informelitoral.com.ar\\\/#website\",\"url\":\"https:\\\/\\\/informelitoral.com.ar\\\/\",\"name\":\"Informe Litoral\",\"description\":\"&quot;Nos informamos&quot; \",\"publisher\":{\"@id\":\"https:\\\/\\\/informelitoral.com.ar\\\/#organization\"},\"potentialAction\":[{\"@type\":\"SearchAction\",\"target\":{\"@type\":\"EntryPoint\",\"urlTemplate\":\"https:\\\/\\\/informelitoral.com.ar\\\/?s={search_term_string}\"},\"query-input\":{\"@type\":\"PropertyValueSpecification\",\"valueRequired\":true,\"valueName\":\"search_term_string\"}}],\"inLanguage\":\"es\"},{\"@type\":\"Organization\",\"@id\":\"https:\\\/\\\/informelitoral.com.ar\\\/#organization\",\"name\":\"Informe Litoral\",\"url\":\"https:\\\/\\\/informelitoral.com.ar\\\/\",\"logo\":{\"@type\":\"ImageObject\",\"inLanguage\":\"es\",\"@id\":\"https:\\\/\\\/informelitoral.com.ar\\\/#\\\/schema\\\/logo\\\/image\\\/\",\"url\":\"https:\\\/\\\/informelitoral.com.ar\\\/%77%70%2d%63%6f%6e%74%65%6e%74\\\/uploads\\\/2021\\\/01\\\/circulo.png\",\"contentUrl\":\"https:\\\/\\\/informelitoral.com.ar\\\/%77%70%2d%63%6f%6e%74%65%6e%74\\\/uploads\\\/2021\\\/01\\\/circulo.png\",\"width\":723,\"height\":731,\"caption\":\"Informe Litoral\"},\"image\":{\"@id\":\"https:\\\/\\\/informelitoral.com.ar\\\/#\\\/schema\\\/logo\\\/image\\\/\"},\"sameAs\":[\"https:\\\/\\\/www.facebook.com\\\/informelitoral\\\/\",\"https:\\\/\\\/x.com\\\/InformeLitoral\",\"https:\\\/\\\/www.instagram.com\\\/informelitoral\\\/\",\"https:\\\/\\\/www.youtube.com\\\/channel\\\/UCua4Qvz8Icb6MYqhoq9xLXw\"]},{\"@type\":\"Person\",\"@id\":\"https:\\\/\\\/informelitoral.com.ar\\\/#\\\/schema\\\/person\\\/b9d00407c836482871ef1d57bf8e3180\",\"name\":\"Gonzalo Schmidt\",\"image\":{\"@type\":\"ImageObject\",\"inLanguage\":\"es\",\"@id\":\"https:\\\/\\\/secure.gravatar.com\\\/avatar\\\/31a1a7b66ff2de83bd0e9fd79d026630d2d99e55e8bfe501287647b4fd9743de?s=96&d=mm&r=g\",\"url\":\"https:\\\/\\\/secure.gravatar.com\\\/avatar\\\/31a1a7b66ff2de83bd0e9fd79d026630d2d99e55e8bfe501287647b4fd9743de?s=96&d=mm&r=g\",\"contentUrl\":\"https:\\\/\\\/secure.gravatar.com\\\/avatar\\\/31a1a7b66ff2de83bd0e9fd79d026630d2d99e55e8bfe501287647b4fd9743de?s=96&d=mm&r=g\",\"caption\":\"Gonzalo Schmidt\"},\"description\":\"Sitio web de noticias de la provincia de Entre R\u00edos, Argentina. Informaci\u00f3n y entretenimiento. Informe Litoral, nos informamos.\",\"sameAs\":[\"http:\\\/\\\/www.isletasnoticias.com.ar\"],\"url\":\"https:\\\/\\\/informelitoral.com.ar\\\/author\\\/gonzalo\\\/\"}]}<\/script>","yoast_head_json":{"title":"La cita de Alberto Fern\u00e1ndez sobre los mexicanos, brasile\u00f1os y argentinos que gener\u00f3 pol\u00e9mica - Informe Litoral","robots":{"index":"index","follow":"follow","max-snippet":"max-snippet:-1","max-image-preview":"max-image-preview:large","max-video-preview":"max-video-preview:-1"},"canonical":"https:\/\/informelitoral.com.ar\/la-cita-de-alberto-fernandez-sobre-los-mexicanos-brasilenos-y-argentinos-que-genero-polemica\/","og_locale":"es_ES","og_type":"article","og_title":"La cita de Alberto Fern\u00e1ndez sobre los mexicanos, brasile\u00f1os y argentinos que gener\u00f3 pol\u00e9mica - Informe Litoral","og_description":"El Presidente hizo referencia al origen de estas nacionalidades citando, por error, a Octavio Paz en pleno acto con su par espa\u00f1ol, Pedro S\u00e1nchez. Sin embargo, la expresi\u00f3n es de una canci\u00f3n de Lito Nebbia. Fuertes cr\u00edticas de la oposici\u00f3n.","og_url":"https:\/\/informelitoral.com.ar\/la-cita-de-alberto-fernandez-sobre-los-mexicanos-brasilenos-y-argentinos-que-genero-polemica\/","og_site_name":"Informe Litoral","article_publisher":"https:\/\/www.facebook.com\/informelitoral\/","article_published_time":"2021-06-09T23:07:34+00:00","article_modified_time":"2021-06-09T23:11:39+00:00","og_image":[{"width":730,"height":425,"url":"https:\/\/informelitoral.com.ar\/%77%70%2d%63%6f%6e%74%65%6e%74\/uploads\/2021\/06\/alberto-pedro-sanchez.jpg","type":"image\/jpeg"}],"author":"Gonzalo Schmidt","twitter_card":"summary_large_image","twitter_creator":"@InformeLitoral","twitter_site":"@InformeLitoral","twitter_misc":{"Escrito por":"Gonzalo Schmidt","Tiempo de lectura":"3 minutos"},"schema":{"@context":"https:\/\/schema.org","@graph":[{"@type":"Article","@id":"https:\/\/informelitoral.com.ar\/la-cita-de-alberto-fernandez-sobre-los-mexicanos-brasilenos-y-argentinos-que-genero-polemica\/#article","isPartOf":{"@id":"https:\/\/informelitoral.com.ar\/la-cita-de-alberto-fernandez-sobre-los-mexicanos-brasilenos-y-argentinos-que-genero-polemica\/"},"author":{"name":"Gonzalo Schmidt","@id":"https:\/\/informelitoral.com.ar\/#\/schema\/person\/b9d00407c836482871ef1d57bf8e3180"},"headline":"La cita de Alberto Fern\u00e1ndez sobre los mexicanos, brasile\u00f1os y argentinos que gener\u00f3 pol\u00e9mica","datePublished":"2021-06-09T23:07:34+00:00","dateModified":"2021-06-09T23:11:39+00:00","mainEntityOfPage":{"@id":"https:\/\/informelitoral.com.ar\/la-cita-de-alberto-fernandez-sobre-los-mexicanos-brasilenos-y-argentinos-que-genero-polemica\/"},"wordCount":700,"commentCount":0,"publisher":{"@id":"https:\/\/informelitoral.com.ar\/#organization"},"image":{"@id":"https:\/\/informelitoral.com.ar\/la-cita-de-alberto-fernandez-sobre-los-mexicanos-brasilenos-y-argentinos-que-genero-polemica\/#primaryimage"},"thumbnailUrl":"https:\/\/informelitoral.com.ar\/%77%70%2d%63%6f%6e%74%65%6e%74\/uploads\/2021\/06\/alberto-pedro-sanchez.jpg","keywords":["Alberto Fern\u00e1ndez"],"articleSection":["Politica"],"inLanguage":"es","potentialAction":[{"@type":"CommentAction","name":"Comment","target":["https:\/\/informelitoral.com.ar\/la-cita-de-alberto-fernandez-sobre-los-mexicanos-brasilenos-y-argentinos-que-genero-polemica\/#respond"]}]},{"@type":"WebPage","@id":"https:\/\/informelitoral.com.ar\/la-cita-de-alberto-fernandez-sobre-los-mexicanos-brasilenos-y-argentinos-que-genero-polemica\/","url":"https:\/\/informelitoral.com.ar\/la-cita-de-alberto-fernandez-sobre-los-mexicanos-brasilenos-y-argentinos-que-genero-polemica\/","name":"La cita de Alberto Fern\u00e1ndez sobre los mexicanos, brasile\u00f1os y argentinos que gener\u00f3 pol\u00e9mica - Informe Litoral","isPartOf":{"@id":"https:\/\/informelitoral.com.ar\/#website"},"primaryImageOfPage":{"@id":"https:\/\/informelitoral.com.ar\/la-cita-de-alberto-fernandez-sobre-los-mexicanos-brasilenos-y-argentinos-que-genero-polemica\/#primaryimage"},"image":{"@id":"https:\/\/informelitoral.com.ar\/la-cita-de-alberto-fernandez-sobre-los-mexicanos-brasilenos-y-argentinos-que-genero-polemica\/#primaryimage"},"thumbnailUrl":"https:\/\/informelitoral.com.ar\/%77%70%2d%63%6f%6e%74%65%6e%74\/uploads\/2021\/06\/alberto-pedro-sanchez.jpg","datePublished":"2021-06-09T23:07:34+00:00","dateModified":"2021-06-09T23:11:39+00:00","breadcrumb":{"@id":"https:\/\/informelitoral.com.ar\/la-cita-de-alberto-fernandez-sobre-los-mexicanos-brasilenos-y-argentinos-que-genero-polemica\/#breadcrumb"},"inLanguage":"es","potentialAction":[{"@type":"ReadAction","target":["https:\/\/informelitoral.com.ar\/la-cita-de-alberto-fernandez-sobre-los-mexicanos-brasilenos-y-argentinos-que-genero-polemica\/"]}]},{"@type":"ImageObject","inLanguage":"es","@id":"https:\/\/informelitoral.com.ar\/la-cita-de-alberto-fernandez-sobre-los-mexicanos-brasilenos-y-argentinos-que-genero-polemica\/#primaryimage","url":"https:\/\/informelitoral.com.ar\/%77%70%2d%63%6f%6e%74%65%6e%74\/uploads\/2021\/06\/alberto-pedro-sanchez.jpg","contentUrl":"https:\/\/informelitoral.com.ar\/%77%70%2d%63%6f%6e%74%65%6e%74\/uploads\/2021\/06\/alberto-pedro-sanchez.jpg","width":730,"height":425},{"@type":"BreadcrumbList","@id":"https:\/\/informelitoral.com.ar\/la-cita-de-alberto-fernandez-sobre-los-mexicanos-brasilenos-y-argentinos-que-genero-polemica\/#breadcrumb","itemListElement":[{"@type":"ListItem","position":1,"name":"Portada","item":"https:\/\/informelitoral.com.ar\/"},{"@type":"ListItem","position":2,"name":"La cita de Alberto Fern\u00e1ndez sobre los mexicanos, brasile\u00f1os y argentinos que gener\u00f3 pol\u00e9mica"}]},{"@type":"WebSite","@id":"https:\/\/informelitoral.com.ar\/#website","url":"https:\/\/informelitoral.com.ar\/","name":"Informe Litoral","description":"&quot;Nos informamos&quot; ","publisher":{"@id":"https:\/\/informelitoral.com.ar\/#organization"},"potentialAction":[{"@type":"SearchAction","target":{"@type":"EntryPoint","urlTemplate":"https:\/\/informelitoral.com.ar\/?s={search_term_string}"},"query-input":{"@type":"PropertyValueSpecification","valueRequired":true,"valueName":"search_term_string"}}],"inLanguage":"es"},{"@type":"Organization","@id":"https:\/\/informelitoral.com.ar\/#organization","name":"Informe Litoral","url":"https:\/\/informelitoral.com.ar\/","logo":{"@type":"ImageObject","inLanguage":"es","@id":"https:\/\/informelitoral.com.ar\/#\/schema\/logo\/image\/","url":"https:\/\/informelitoral.com.ar\/%77%70%2d%63%6f%6e%74%65%6e%74\/uploads\/2021\/01\/circulo.png","contentUrl":"https:\/\/informelitoral.com.ar\/%77%70%2d%63%6f%6e%74%65%6e%74\/uploads\/2021\/01\/circulo.png","width":723,"height":731,"caption":"Informe Litoral"},"image":{"@id":"https:\/\/informelitoral.com.ar\/#\/schema\/logo\/image\/"},"sameAs":["https:\/\/www.facebook.com\/informelitoral\/","https:\/\/x.com\/InformeLitoral","https:\/\/www.instagram.com\/informelitoral\/","https:\/\/www.youtube.com\/channel\/UCua4Qvz8Icb6MYqhoq9xLXw"]},{"@type":"Person","@id":"https:\/\/informelitoral.com.ar\/#\/schema\/person\/b9d00407c836482871ef1d57bf8e3180","name":"Gonzalo Schmidt","image":{"@type":"ImageObject","inLanguage":"es","@id":"https:\/\/secure.gravatar.com\/avatar\/31a1a7b66ff2de83bd0e9fd79d026630d2d99e55e8bfe501287647b4fd9743de?s=96&d=mm&r=g","url":"https:\/\/secure.gravatar.com\/avatar\/31a1a7b66ff2de83bd0e9fd79d026630d2d99e55e8bfe501287647b4fd9743de?s=96&d=mm&r=g","contentUrl":"https:\/\/secure.gravatar.com\/avatar\/31a1a7b66ff2de83bd0e9fd79d026630d2d99e55e8bfe501287647b4fd9743de?s=96&d=mm&r=g","caption":"Gonzalo Schmidt"},"description":"Sitio web de noticias de la provincia de Entre R\u00edos, Argentina. Informaci\u00f3n y entretenimiento. Informe Litoral, nos informamos.","sameAs":["http:\/\/www.isletasnoticias.com.ar"],"url":"https:\/\/informelitoral.com.ar\/author\/gonzalo\/"}]}},"_links":{"self":[{"href":"https:\/\/informelitoral.com.ar\/%77%70%2d%6a%73%6f%6e\/wp\/v2\/posts\/61006","targetHints":{"allow":["GET"]}}],"collection":[{"href":"https:\/\/informelitoral.com.ar\/%77%70%2d%6a%73%6f%6e\/wp\/v2\/posts"}],"about":[{"href":"https:\/\/informelitoral.com.ar\/%77%70%2d%6a%73%6f%6e\/wp\/v2\/types\/post"}],"author":[{"embeddable":true,"href":"https:\/\/informelitoral.com.ar\/%77%70%2d%6a%73%6f%6e\/wp\/v2\/users\/2"}],"replies":[{"embeddable":true,"href":"https:\/\/informelitoral.com.ar\/%77%70%2d%6a%73%6f%6e\/wp\/v2\/comments?post=61006"}],"version-history":[{"count":0,"href":"https:\/\/informelitoral.com.ar\/%77%70%2d%6a%73%6f%6e\/wp\/v2\/posts\/61006\/revisions"}],"wp:featuredmedia":[{"embeddable":true,"href":"https:\/\/informelitoral.com.ar\/%77%70%2d%6a%73%6f%6e\/wp\/v2\/media\/61007"}],"wp:attachment":[{"href":"https:\/\/informelitoral.com.ar\/%77%70%2d%6a%73%6f%6e\/wp\/v2\/media?parent=61006"}],"wp:term":[{"taxonomy":"category","embeddable":true,"href":"https:\/\/informelitoral.com.ar\/%77%70%2d%6a%73%6f%6e\/wp\/v2\/categories?post=61006"},{"taxonomy":"post_tag","embeddable":true,"href":"https:\/\/informelitoral.com.ar\/%77%70%2d%6a%73%6f%6e\/wp\/v2\/tags?post=61006"}],"curies":[{"name":"wp","href":"https:\/\/api.w.org\/{rel}","templated":true}]}}