{"id":6100,"date":"2014-03-17T21:37:48","date_gmt":"2014-03-18T00:37:48","guid":{"rendered":"http:\/\/www.isletasnoticias.com.ar\/?p=6100"},"modified":"2014-03-17T21:38:19","modified_gmt":"2014-03-18T00:38:19","slug":"ate-pide-un-minimo-de-5-000-y-va-al-paro","status":"publish","type":"post","link":"https:\/\/informelitoral.com.ar\/ate-pide-un-minimo-de-5-000-y-va-al-paro\/","title":{"rendered":"ATE pide un m\u00ednimo de $5.000 y va al paro"},"content":{"rendered":"<p><strong>El Plenario de secretarios generales del gremio resolvi\u00f3 un plan de lucha \u201cante la falta de respuestas del gobierno\u201d. Entre el martes 18 y el jueves 20 habr\u00e1 asambleas y el viernes 21 realizar\u00e1n un paro de actividades.<\/strong><\/p>\n<p><a href=\"http:\/\/www.isletasnoticias.com.ar\/%77%70%2d%63%6f%6e%74%65%6e%74\/uploads\/2014\/03\/ate.jpg\"><img loading=\"lazy\" decoding=\"async\" class=\"aligncenter size-medium wp-image-6101\" alt=\"ate\" src=\"http:\/\/www.isletasnoticias.com.ar\/%77%70%2d%63%6f%6e%74%65%6e%74\/uploads\/2014\/03\/ate-300x168.jpg\" width=\"300\" height=\"168\" srcset=\"https:\/\/informelitoral.com.ar\/%77%70%2d%63%6f%6e%74%65%6e%74\/uploads\/2014\/03\/ate-300x168.jpg 300w, https:\/\/informelitoral.com.ar\/%77%70%2d%63%6f%6e%74%65%6e%74\/uploads\/2014\/03\/ate.jpg 640w\" sizes=\"auto, (max-width: 300px) 100vw, 300px\" \/><\/a><\/p>\n<p>Secretarios generales de todas las seccionales de la provincia de la Asociaci\u00f3n de trabajadores del estado (ATE) acordaron por unanimidad realizar un plan de lucha que consistir\u00e1 en asambleas deliberativas con quite de colaboraci\u00f3n para el martes 18, mi\u00e9rcoles 19 y jueves 20 de marzo; y un paro sin concurrencia a los lugares de trabajo para el viernes 21. La decisi\u00f3n del Plenario se adopt\u00f3 ante lo que se consider\u00f3 una propuesta \u201cvergonzosa\u201d y la \u201cfalta de voluntad pol\u00edtica\u201d del gobierno para tratar en paritarias la soluci\u00f3n \u201cal grave problema salarial que atraviesan los trabajadores estatales\u201d. En este sentido, se cuestion\u00f3 el sentido economicista y liberal de los argumentos de los paritarios oficiales, de quienes se volvi\u00f3 a se\u00f1alar su \u201cimprovisaci\u00f3n, puesto que desconoc\u00edan que en la paritaria siempre se discute en alza (para mejorar) y no en baja (para retroceder en salario y derechos laborales) como ocurrir\u00eda si se da el aumento propuesto\u201d.<\/p>\n<p>Seg\u00fan indic\u00f3<em> Informe Digital<\/em>, otro punto que concit\u00f3 la adhesi\u00f3n de todas las seccionales fue el de \u201cdar la pelea para mejorar sustancialmente la situaci\u00f3n salarial de los trabajadores que m\u00e1s rezagados est\u00e1n en la escala salarial\u201d. En este sentido se resalt\u00f3 que m\u00e1s del 50% de la planta de personal del Estado percibe haberes que no llegan ni a la mitad del valor de la canasta familiar, que con los valores del programa precios cuidados asciende a la suma de 7.932 pesos, seg\u00fan un informe que se realiz\u00f3 desde el sindicato.<\/p>\n<p>Tras analizar los pormenores de la \u00faltima reuni\u00f3n paritaria, se sostuvo que el salario m\u00ednimo garantizado en Entre R\u00edos debe ser de 5.000 pesos. \u201cEsta cifra comenzar\u00eda a poner un poco de equilibrio en el desfasaje que actualmente existe entre la mayor\u00eda de los trabajadores que pertenecen a \u00e1reas sensibles como salud, educaci\u00f3n y minoridad, entre otras\u201d. Aquella cifra tambi\u00e9n encontr\u00f3 fundamento en el proceso inflacionario que deteriora el poder adquisitivo del salario estatal, y que seg\u00fan proyecciones que se vienen dando rondar\u00eda el 36% anual.<\/p>\n<p><b>Reforma Tributaria<\/b><br \/>\nLos secretarios generales analizaron la evoluci\u00f3n de la recaudaci\u00f3n en la provincia. As\u00ed, se destac\u00f3 que el propio gobierno reconoci\u00f3 que aument\u00f3 la recaudaci\u00f3n en un 45% y se cuestion\u00f3 que esa mayor percepci\u00f3n no se vea reflejada \u201cen las pobres propuestas salariales\u201d que los paritarios oficiales llevan a la mesa de negociaci\u00f3n.<\/p>\n<p>Tambi\u00e9n se cuestion\u00f3 que se tergivers\u00f3 el sentido progresivo de la propuesta de Reforma de la Central de Trabajadores de la Argentina (CTA) Entre R\u00edos, a\u00f1adi\u00e9ndole, cambiando o quitando puntos que conten\u00eda el proyecto de la Central y eran tributarios del largo acervo pol\u00edtico-sindical de la CTA. En este sentido se adelant\u00f3 que la CTA est\u00e1 trabajando en un proyecto correctivo que ser\u00e1 presentado a la sociedad en breve.<\/p>\n","protected":false},"excerpt":{"rendered":"<p>El Plenario de secretarios generales del gremio resolvi&oacute; un plan de lucha &ldquo;ante la falta de respuestas del gobierno&rdquo;. Entre el martes 18 y el jueves 20 habr&aacute; asambleas y el viernes 21 realizar&aacute;n un paro de actividades. Secretarios generales de todas las seccionales de la provincia de la Asociaci&oacute;n de trabajadores del estado (ATE) [&hellip;]<\/p>\n","protected":false},"author":2,"featured_media":0,"comment_status":"open","ping_status":"open","sticky":false,"template":"","format":"standard","meta":{"fifu_image_url":"","fifu_image_alt":"","footnotes":""},"categories":[6],"tags":[],"class_list":{"0":"post-6100","1":"post","2":"type-post","3":"status-publish","4":"format-standard","6":"category-entre-rios"},"yoast_head":"<title>ATE pide un m\u00ednimo de $5.000 y va al paro - Informe Litoral<\/title>\n<meta name=\"robots\" content=\"index, follow, max-snippet:-1, max-image-preview:large, max-video-preview:-1\" \/>\n<link rel=\"canonical\" href=\"https:\/\/informelitoral.com.ar\/ate-pide-un-minimo-de-5-000-y-va-al-paro\/\" \/>\n<meta property=\"og:locale\" content=\"es_ES\" \/>\n<meta property=\"og:type\" content=\"article\" \/>\n<meta property=\"og:title\" content=\"ATE pide un m\u00ednimo de $5.000 y va al paro - Informe Litoral\" \/>\n<meta property=\"og:description\" content=\"El Plenario de secretarios generales del gremio resolvi&oacute; un plan de lucha &ldquo;ante la falta de respuestas del gobierno&rdquo;. Entre el martes 18 y el jueves 20 habr&aacute; asambleas y el viernes 21 realizar&aacute;n un paro de actividades. Secretarios generales de todas las seccionales de la provincia de la Asociaci&oacute;n de trabajadores del estado (ATE) [&hellip;]\" \/>\n<meta property=\"og:url\" content=\"https:\/\/informelitoral.com.ar\/ate-pide-un-minimo-de-5-000-y-va-al-paro\/\" \/>\n<meta property=\"og:site_name\" content=\"Informe Litoral\" \/>\n<meta property=\"article:publisher\" content=\"https:\/\/www.facebook.com\/informelitoral\/\" \/>\n<meta property=\"article:published_time\" content=\"2014-03-18T00:37:48+00:00\" \/>\n<meta property=\"article:modified_time\" content=\"2014-03-18T00:38:19+00:00\" \/>\n<meta property=\"og:image\" content=\"https:\/\/informelitoral.com.ar\/%77%70%2d%63%6f%6e%74%65%6e%74\/uploads\/2014\/03\/ate.jpg\" \/>\n\t<meta property=\"og:image:width\" content=\"640\" \/>\n\t<meta property=\"og:image:height\" content=\"360\" \/>\n\t<meta property=\"og:image:type\" content=\"image\/jpeg\" \/>\n<meta name=\"author\" content=\"Gonzalo Schmidt\" \/>\n<meta name=\"twitter:card\" content=\"summary_large_image\" \/>\n<meta name=\"twitter:creator\" content=\"@InformeLitoral\" \/>\n<meta name=\"twitter:site\" content=\"@InformeLitoral\" \/>\n<meta name=\"twitter:label1\" content=\"Escrito por\" \/>\n\t<meta name=\"twitter:data1\" content=\"Gonzalo Schmidt\" \/>\n\t<meta name=\"twitter:label2\" content=\"Tiempo de lectura\" \/>\n\t<meta name=\"twitter:data2\" content=\"3 minutos\" \/>\n<script type=\"application\/ld+json\" class=\"yoast-schema-graph\">{\"@context\":\"https:\\\/\\\/schema.org\",\"@graph\":[{\"@type\":\"Article\",\"@id\":\"https:\\\/\\\/informelitoral.com.ar\\\/ate-pide-un-minimo-de-5-000-y-va-al-paro\\\/#article\",\"isPartOf\":{\"@id\":\"https:\\\/\\\/informelitoral.com.ar\\\/ate-pide-un-minimo-de-5-000-y-va-al-paro\\\/\"},\"author\":{\"name\":\"Gonzalo Schmidt\",\"@id\":\"https:\\\/\\\/informelitoral.com.ar\\\/#\\\/schema\\\/person\\\/b9d00407c836482871ef1d57bf8e3180\"},\"headline\":\"ATE pide un m\u00ednimo de $5.000 y va al paro\",\"datePublished\":\"2014-03-18T00:37:48+00:00\",\"dateModified\":\"2014-03-18T00:38:19+00:00\",\"mainEntityOfPage\":{\"@id\":\"https:\\\/\\\/informelitoral.com.ar\\\/ate-pide-un-minimo-de-5-000-y-va-al-paro\\\/\"},\"wordCount\":530,\"commentCount\":0,\"publisher\":{\"@id\":\"https:\\\/\\\/informelitoral.com.ar\\\/#organization\"},\"image\":{\"@id\":\"https:\\\/\\\/informelitoral.com.ar\\\/ate-pide-un-minimo-de-5-000-y-va-al-paro\\\/#primaryimage\"},\"thumbnailUrl\":\"http:\\\/\\\/www.isletasnoticias.com.ar\\\/%77%70%2d%63%6f%6e%74%65%6e%74\\\/uploads\\\/2014\\\/03\\\/ate-300x168.jpg\",\"articleSection\":[\"Entre R\u00edos\"],\"inLanguage\":\"es\",\"potentialAction\":[{\"@type\":\"CommentAction\",\"name\":\"Comment\",\"target\":[\"https:\\\/\\\/informelitoral.com.ar\\\/ate-pide-un-minimo-de-5-000-y-va-al-paro\\\/#respond\"]}]},{\"@type\":\"WebPage\",\"@id\":\"https:\\\/\\\/informelitoral.com.ar\\\/ate-pide-un-minimo-de-5-000-y-va-al-paro\\\/\",\"url\":\"https:\\\/\\\/informelitoral.com.ar\\\/ate-pide-un-minimo-de-5-000-y-va-al-paro\\\/\",\"name\":\"ATE pide un m\u00ednimo de $5.000 y va al paro - Informe Litoral\",\"isPartOf\":{\"@id\":\"https:\\\/\\\/informelitoral.com.ar\\\/#website\"},\"primaryImageOfPage\":{\"@id\":\"https:\\\/\\\/informelitoral.com.ar\\\/ate-pide-un-minimo-de-5-000-y-va-al-paro\\\/#primaryimage\"},\"image\":{\"@id\":\"https:\\\/\\\/informelitoral.com.ar\\\/ate-pide-un-minimo-de-5-000-y-va-al-paro\\\/#primaryimage\"},\"thumbnailUrl\":\"http:\\\/\\\/www.isletasnoticias.com.ar\\\/%77%70%2d%63%6f%6e%74%65%6e%74\\\/uploads\\\/2014\\\/03\\\/ate-300x168.jpg\",\"datePublished\":\"2014-03-18T00:37:48+00:00\",\"dateModified\":\"2014-03-18T00:38:19+00:00\",\"breadcrumb\":{\"@id\":\"https:\\\/\\\/informelitoral.com.ar\\\/ate-pide-un-minimo-de-5-000-y-va-al-paro\\\/#breadcrumb\"},\"inLanguage\":\"es\",\"potentialAction\":[{\"@type\":\"ReadAction\",\"target\":[\"https:\\\/\\\/informelitoral.com.ar\\\/ate-pide-un-minimo-de-5-000-y-va-al-paro\\\/\"]}]},{\"@type\":\"ImageObject\",\"inLanguage\":\"es\",\"@id\":\"https:\\\/\\\/informelitoral.com.ar\\\/ate-pide-un-minimo-de-5-000-y-va-al-paro\\\/#primaryimage\",\"url\":\"http:\\\/\\\/www.isletasnoticias.com.ar\\\/%77%70%2d%63%6f%6e%74%65%6e%74\\\/uploads\\\/2014\\\/03\\\/ate-300x168.jpg\",\"contentUrl\":\"http:\\\/\\\/www.isletasnoticias.com.ar\\\/%77%70%2d%63%6f%6e%74%65%6e%74\\\/uploads\\\/2014\\\/03\\\/ate-300x168.jpg\"},{\"@type\":\"BreadcrumbList\",\"@id\":\"https:\\\/\\\/informelitoral.com.ar\\\/ate-pide-un-minimo-de-5-000-y-va-al-paro\\\/#breadcrumb\",\"itemListElement\":[{\"@type\":\"ListItem\",\"position\":1,\"name\":\"Portada\",\"item\":\"https:\\\/\\\/informelitoral.com.ar\\\/\"},{\"@type\":\"ListItem\",\"position\":2,\"name\":\"ATE pide un m\u00ednimo de $5.000 y va al paro\"}]},{\"@type\":\"WebSite\",\"@id\":\"https:\\\/\\\/informelitoral.com.ar\\\/#website\",\"url\":\"https:\\\/\\\/informelitoral.com.ar\\\/\",\"name\":\"Informe Litoral\",\"description\":\"&quot;Nos informamos&quot; \",\"publisher\":{\"@id\":\"https:\\\/\\\/informelitoral.com.ar\\\/#organization\"},\"potentialAction\":[{\"@type\":\"SearchAction\",\"target\":{\"@type\":\"EntryPoint\",\"urlTemplate\":\"https:\\\/\\\/informelitoral.com.ar\\\/?s={search_term_string}\"},\"query-input\":{\"@type\":\"PropertyValueSpecification\",\"valueRequired\":true,\"valueName\":\"search_term_string\"}}],\"inLanguage\":\"es\"},{\"@type\":\"Organization\",\"@id\":\"https:\\\/\\\/informelitoral.com.ar\\\/#organization\",\"name\":\"Informe Litoral\",\"url\":\"https:\\\/\\\/informelitoral.com.ar\\\/\",\"logo\":{\"@type\":\"ImageObject\",\"inLanguage\":\"es\",\"@id\":\"https:\\\/\\\/informelitoral.com.ar\\\/#\\\/schema\\\/logo\\\/image\\\/\",\"url\":\"https:\\\/\\\/informelitoral.com.ar\\\/%77%70%2d%63%6f%6e%74%65%6e%74\\\/uploads\\\/2021\\\/01\\\/circulo.png\",\"contentUrl\":\"https:\\\/\\\/informelitoral.com.ar\\\/%77%70%2d%63%6f%6e%74%65%6e%74\\\/uploads\\\/2021\\\/01\\\/circulo.png\",\"width\":723,\"height\":731,\"caption\":\"Informe Litoral\"},\"image\":{\"@id\":\"https:\\\/\\\/informelitoral.com.ar\\\/#\\\/schema\\\/logo\\\/image\\\/\"},\"sameAs\":[\"https:\\\/\\\/www.facebook.com\\\/informelitoral\\\/\",\"https:\\\/\\\/x.com\\\/InformeLitoral\",\"https:\\\/\\\/www.instagram.com\\\/informelitoral\\\/\",\"https:\\\/\\\/www.youtube.com\\\/channel\\\/UCua4Qvz8Icb6MYqhoq9xLXw\"]},{\"@type\":\"Person\",\"@id\":\"https:\\\/\\\/informelitoral.com.ar\\\/#\\\/schema\\\/person\\\/b9d00407c836482871ef1d57bf8e3180\",\"name\":\"Gonzalo Schmidt\",\"image\":{\"@type\":\"ImageObject\",\"inLanguage\":\"es\",\"@id\":\"https:\\\/\\\/secure.gravatar.com\\\/avatar\\\/31a1a7b66ff2de83bd0e9fd79d026630d2d99e55e8bfe501287647b4fd9743de?s=96&d=mm&r=g\",\"url\":\"https:\\\/\\\/secure.gravatar.com\\\/avatar\\\/31a1a7b66ff2de83bd0e9fd79d026630d2d99e55e8bfe501287647b4fd9743de?s=96&d=mm&r=g\",\"contentUrl\":\"https:\\\/\\\/secure.gravatar.com\\\/avatar\\\/31a1a7b66ff2de83bd0e9fd79d026630d2d99e55e8bfe501287647b4fd9743de?s=96&d=mm&r=g\",\"caption\":\"Gonzalo Schmidt\"},\"description\":\"Sitio web de noticias de la provincia de Entre R\u00edos, Argentina. Informaci\u00f3n y entretenimiento. Informe Litoral, nos informamos.\",\"sameAs\":[\"http:\\\/\\\/www.isletasnoticias.com.ar\"],\"url\":\"https:\\\/\\\/informelitoral.com.ar\\\/author\\\/gonzalo\\\/\"}]}<\/script>","yoast_head_json":{"title":"ATE pide un m\u00ednimo de $5.000 y va al paro - Informe Litoral","robots":{"index":"index","follow":"follow","max-snippet":"max-snippet:-1","max-image-preview":"max-image-preview:large","max-video-preview":"max-video-preview:-1"},"canonical":"https:\/\/informelitoral.com.ar\/ate-pide-un-minimo-de-5-000-y-va-al-paro\/","og_locale":"es_ES","og_type":"article","og_title":"ATE pide un m\u00ednimo de $5.000 y va al paro - Informe Litoral","og_description":"El Plenario de secretarios generales del gremio resolvi&oacute; un plan de lucha &ldquo;ante la falta de respuestas del gobierno&rdquo;. Entre el martes 18 y el jueves 20 habr&aacute; asambleas y el viernes 21 realizar&aacute;n un paro de actividades. Secretarios generales de todas las seccionales de la provincia de la Asociaci&oacute;n de trabajadores del estado (ATE) [&hellip;]","og_url":"https:\/\/informelitoral.com.ar\/ate-pide-un-minimo-de-5-000-y-va-al-paro\/","og_site_name":"Informe Litoral","article_publisher":"https:\/\/www.facebook.com\/informelitoral\/","article_published_time":"2014-03-18T00:37:48+00:00","article_modified_time":"2014-03-18T00:38:19+00:00","og_image":[{"width":640,"height":360,"url":"https:\/\/informelitoral.com.ar\/%77%70%2d%63%6f%6e%74%65%6e%74\/uploads\/2014\/03\/ate.jpg","type":"image\/jpeg"}],"author":"Gonzalo Schmidt","twitter_card":"summary_large_image","twitter_creator":"@InformeLitoral","twitter_site":"@InformeLitoral","twitter_misc":{"Escrito por":"Gonzalo Schmidt","Tiempo de lectura":"3 minutos"},"schema":{"@context":"https:\/\/schema.org","@graph":[{"@type":"Article","@id":"https:\/\/informelitoral.com.ar\/ate-pide-un-minimo-de-5-000-y-va-al-paro\/#article","isPartOf":{"@id":"https:\/\/informelitoral.com.ar\/ate-pide-un-minimo-de-5-000-y-va-al-paro\/"},"author":{"name":"Gonzalo Schmidt","@id":"https:\/\/informelitoral.com.ar\/#\/schema\/person\/b9d00407c836482871ef1d57bf8e3180"},"headline":"ATE pide un m\u00ednimo de $5.000 y va al paro","datePublished":"2014-03-18T00:37:48+00:00","dateModified":"2014-03-18T00:38:19+00:00","mainEntityOfPage":{"@id":"https:\/\/informelitoral.com.ar\/ate-pide-un-minimo-de-5-000-y-va-al-paro\/"},"wordCount":530,"commentCount":0,"publisher":{"@id":"https:\/\/informelitoral.com.ar\/#organization"},"image":{"@id":"https:\/\/informelitoral.com.ar\/ate-pide-un-minimo-de-5-000-y-va-al-paro\/#primaryimage"},"thumbnailUrl":"http:\/\/www.isletasnoticias.com.ar\/%77%70%2d%63%6f%6e%74%65%6e%74\/uploads\/2014\/03\/ate-300x168.jpg","articleSection":["Entre R\u00edos"],"inLanguage":"es","potentialAction":[{"@type":"CommentAction","name":"Comment","target":["https:\/\/informelitoral.com.ar\/ate-pide-un-minimo-de-5-000-y-va-al-paro\/#respond"]}]},{"@type":"WebPage","@id":"https:\/\/informelitoral.com.ar\/ate-pide-un-minimo-de-5-000-y-va-al-paro\/","url":"https:\/\/informelitoral.com.ar\/ate-pide-un-minimo-de-5-000-y-va-al-paro\/","name":"ATE pide un m\u00ednimo de $5.000 y va al paro - Informe Litoral","isPartOf":{"@id":"https:\/\/informelitoral.com.ar\/#website"},"primaryImageOfPage":{"@id":"https:\/\/informelitoral.com.ar\/ate-pide-un-minimo-de-5-000-y-va-al-paro\/#primaryimage"},"image":{"@id":"https:\/\/informelitoral.com.ar\/ate-pide-un-minimo-de-5-000-y-va-al-paro\/#primaryimage"},"thumbnailUrl":"http:\/\/www.isletasnoticias.com.ar\/%77%70%2d%63%6f%6e%74%65%6e%74\/uploads\/2014\/03\/ate-300x168.jpg","datePublished":"2014-03-18T00:37:48+00:00","dateModified":"2014-03-18T00:38:19+00:00","breadcrumb":{"@id":"https:\/\/informelitoral.com.ar\/ate-pide-un-minimo-de-5-000-y-va-al-paro\/#breadcrumb"},"inLanguage":"es","potentialAction":[{"@type":"ReadAction","target":["https:\/\/informelitoral.com.ar\/ate-pide-un-minimo-de-5-000-y-va-al-paro\/"]}]},{"@type":"ImageObject","inLanguage":"es","@id":"https:\/\/informelitoral.com.ar\/ate-pide-un-minimo-de-5-000-y-va-al-paro\/#primaryimage","url":"http:\/\/www.isletasnoticias.com.ar\/%77%70%2d%63%6f%6e%74%65%6e%74\/uploads\/2014\/03\/ate-300x168.jpg","contentUrl":"http:\/\/www.isletasnoticias.com.ar\/%77%70%2d%63%6f%6e%74%65%6e%74\/uploads\/2014\/03\/ate-300x168.jpg"},{"@type":"BreadcrumbList","@id":"https:\/\/informelitoral.com.ar\/ate-pide-un-minimo-de-5-000-y-va-al-paro\/#breadcrumb","itemListElement":[{"@type":"ListItem","position":1,"name":"Portada","item":"https:\/\/informelitoral.com.ar\/"},{"@type":"ListItem","position":2,"name":"ATE pide un m\u00ednimo de $5.000 y va al paro"}]},{"@type":"WebSite","@id":"https:\/\/informelitoral.com.ar\/#website","url":"https:\/\/informelitoral.com.ar\/","name":"Informe Litoral","description":"&quot;Nos informamos&quot; ","publisher":{"@id":"https:\/\/informelitoral.com.ar\/#organization"},"potentialAction":[{"@type":"SearchAction","target":{"@type":"EntryPoint","urlTemplate":"https:\/\/informelitoral.com.ar\/?s={search_term_string}"},"query-input":{"@type":"PropertyValueSpecification","valueRequired":true,"valueName":"search_term_string"}}],"inLanguage":"es"},{"@type":"Organization","@id":"https:\/\/informelitoral.com.ar\/#organization","name":"Informe Litoral","url":"https:\/\/informelitoral.com.ar\/","logo":{"@type":"ImageObject","inLanguage":"es","@id":"https:\/\/informelitoral.com.ar\/#\/schema\/logo\/image\/","url":"https:\/\/informelitoral.com.ar\/%77%70%2d%63%6f%6e%74%65%6e%74\/uploads\/2021\/01\/circulo.png","contentUrl":"https:\/\/informelitoral.com.ar\/%77%70%2d%63%6f%6e%74%65%6e%74\/uploads\/2021\/01\/circulo.png","width":723,"height":731,"caption":"Informe Litoral"},"image":{"@id":"https:\/\/informelitoral.com.ar\/#\/schema\/logo\/image\/"},"sameAs":["https:\/\/www.facebook.com\/informelitoral\/","https:\/\/x.com\/InformeLitoral","https:\/\/www.instagram.com\/informelitoral\/","https:\/\/www.youtube.com\/channel\/UCua4Qvz8Icb6MYqhoq9xLXw"]},{"@type":"Person","@id":"https:\/\/informelitoral.com.ar\/#\/schema\/person\/b9d00407c836482871ef1d57bf8e3180","name":"Gonzalo Schmidt","image":{"@type":"ImageObject","inLanguage":"es","@id":"https:\/\/secure.gravatar.com\/avatar\/31a1a7b66ff2de83bd0e9fd79d026630d2d99e55e8bfe501287647b4fd9743de?s=96&d=mm&r=g","url":"https:\/\/secure.gravatar.com\/avatar\/31a1a7b66ff2de83bd0e9fd79d026630d2d99e55e8bfe501287647b4fd9743de?s=96&d=mm&r=g","contentUrl":"https:\/\/secure.gravatar.com\/avatar\/31a1a7b66ff2de83bd0e9fd79d026630d2d99e55e8bfe501287647b4fd9743de?s=96&d=mm&r=g","caption":"Gonzalo Schmidt"},"description":"Sitio web de noticias de la provincia de Entre R\u00edos, Argentina. Informaci\u00f3n y entretenimiento. Informe Litoral, nos informamos.","sameAs":["http:\/\/www.isletasnoticias.com.ar"],"url":"https:\/\/informelitoral.com.ar\/author\/gonzalo\/"}]}},"_links":{"self":[{"href":"https:\/\/informelitoral.com.ar\/%77%70%2d%6a%73%6f%6e\/wp\/v2\/posts\/6100","targetHints":{"allow":["GET"]}}],"collection":[{"href":"https:\/\/informelitoral.com.ar\/%77%70%2d%6a%73%6f%6e\/wp\/v2\/posts"}],"about":[{"href":"https:\/\/informelitoral.com.ar\/%77%70%2d%6a%73%6f%6e\/wp\/v2\/types\/post"}],"author":[{"embeddable":true,"href":"https:\/\/informelitoral.com.ar\/%77%70%2d%6a%73%6f%6e\/wp\/v2\/users\/2"}],"replies":[{"embeddable":true,"href":"https:\/\/informelitoral.com.ar\/%77%70%2d%6a%73%6f%6e\/wp\/v2\/comments?post=6100"}],"version-history":[{"count":0,"href":"https:\/\/informelitoral.com.ar\/%77%70%2d%6a%73%6f%6e\/wp\/v2\/posts\/6100\/revisions"}],"wp:attachment":[{"href":"https:\/\/informelitoral.com.ar\/%77%70%2d%6a%73%6f%6e\/wp\/v2\/media?parent=6100"}],"wp:term":[{"taxonomy":"category","embeddable":true,"href":"https:\/\/informelitoral.com.ar\/%77%70%2d%6a%73%6f%6e\/wp\/v2\/categories?post=6100"},{"taxonomy":"post_tag","embeddable":true,"href":"https:\/\/informelitoral.com.ar\/%77%70%2d%6a%73%6f%6e\/wp\/v2\/tags?post=6100"}],"curies":[{"name":"wp","href":"https:\/\/api.w.org\/{rel}","templated":true}]}}