{"id":60999,"date":"2021-06-09T15:36:44","date_gmt":"2021-06-09T18:36:44","guid":{"rendered":"https:\/\/www.informelitoral.com.ar\/?p=60999"},"modified":"2021-06-09T15:36:44","modified_gmt":"2021-06-09T18:36:44","slug":"lucas-gonzalez-renuncio-al-coes-el-concejal-que-organizo-una-fiesta-pese-a-las-restricciones","status":"publish","type":"post","link":"https:\/\/informelitoral.com.ar\/lucas-gonzalez-renuncio-al-coes-el-concejal-que-organizo-una-fiesta-pese-a-las-restricciones\/","title":{"rendered":"Lucas Gonz\u00e1lez: renunci\u00f3 al COES el concejal que organiz\u00f3 una fiesta pese a las restricciones"},"content":{"rendered":"<p><b>Un concejal de la localidad de Lucas Gonz\u00e1lez, que adem\u00e1s integra la Mesa de Emergencias, Claudio Bauer, fue denunciado por organizar la fiesta de cumplea\u00f1os<\/b>\u00a0para su pareja; un evento que se realiz\u00f3 este domingo y que, seg\u00fan las estimaciones, cont\u00f3 con una concurrencia de\u00a0<b>unas 50 personas<\/b>, cuando reg\u00edan las restricciones por la pandemia de Covid-19.<\/p>\n<figure class=\"embed\"><img decoding=\"async\" class=\"aligncenter\" title=\"\" src=\"https:\/\/elonce-media2.elonce.com.ar\/fotos-nuevo\/2021\/06\/09\/o_1623239884.jpg\" alt=\"\" width=\"640\" \/><\/figure>\n<div class=\"embed\">\n<div class=\"inner-art\"><\/div>\n<\/div>\n<p>\u201cPor las redes sociales me lleg\u00f3 un mensaje con una foto de un medio local que public\u00f3 que se hab\u00eda realizado una fiesta familiar con el concejal Bauer, que es integrante de la Mesa de Emergencia Sanitaria local, y que tambi\u00e9n hab\u00eda participado en dicha fiesta, el viceintendente\u201d, explic\u00f3 a\u00a0<i>Elonce TV<\/i>\u00a0la intendenta de Lucas Gonz\u00e1lez, Cristina Boeri.<\/p>\n<p>Seg\u00fan coment\u00f3 la mandataria municipal, tras comunicarse con\u00a0<b>su vice, Marcos Kimmel, \u00e9ste neg\u00f3 las acusaciones en su contra.<\/b>\u00a0\u201cDijo no reconocer la foto porque \u00e9l no hab\u00eda estado ni en esa ni en ninguna fiesta\u201d, asegur\u00f3.<\/p>\n<figure class=\"embed\"><img decoding=\"async\" class=\"aligncenter\" title=\"\" src=\"https:\/\/elonce-media2.elonce.com.ar\/fotos-nuevo\/2021\/06\/09\/o_1623250919.jpg\" alt=\"\" width=\"640\" \/><\/figure>\n<div class=\"embed\">\n<div class=\"inner-art\">\n<div class=\"clear\"><\/div>\n<\/div>\n<\/div>\n<p>Boeri refiri\u00f3 que luego de reunirse con su equipo de gobierno, present\u00f3 una nota al viceintendente, como presidente del Concejo Deliberante, para que el HCD tome cartas en el asunto y\u00a0<b>los concejales de ambos bloques se reunir\u00e1n esta tarde<\/b>.<\/p>\n<p>Tambi\u00e9n dijo que envi\u00f3 notas al comisario y a la jueza de Faltas municipal para informarles de este hecho, quienes le manifestaron que no hab\u00edan recibido ninguna denuncia por parte de vecinos y que se hab\u00edan enterado de la fiesta por medio de las redes sociales.<\/p>\n<p><b>\u201cNo hubo denuncias ni en la municipalidad ni en la comisar\u00eda, sino que todo surgi\u00f3 a trav\u00e9s de las redes sociales<\/b>. Y es mentira que el viceintendente estaba en esa reuni\u00f3n, por lo que de oficio se inici\u00f3 la causa por violaci\u00f3n al DNU\u201d, detall\u00f3 Boeri.<\/p>\n<p>Coment\u00f3 que Bauer se encontrar\u00eda en Gualeguaych\u00fa porque su madre vive en esa localidad.<b>\u00a0\u201cMe envi\u00f3 una nota de renuncia a la Mesa de Emergencia Sanitaria local<\/b>\u00a0porque \u00e9l participa de ese espacio en el que se toman todas las medidas y a trav\u00e9s del cual adherimos a los decretos nacionales y provinciales. A ra\u00edz de esta situaci\u00f3n,\u00a0<b>\u00e9l present\u00f3 su renuncia para no entorpecer las medidas a tomar dentro de la Mesa de Emergencia\u201d,<\/b> inform\u00f3 la intendenta de Lucas Gonz\u00e1lez.<\/p>\n<p>En esa localidad del departamento Nogoy\u00e1, son 11 los casos activos de coronavirus y una persona joven permanece internada desde hace varios d\u00edas en el Hospital La Baxada de Paran\u00e1. El dictado de clases presenciales permanece suspendido, public\u00f3 <em>Elonce.<\/em><\/p>\n","protected":false},"excerpt":{"rendered":"<p>Lo confirm\u00f3 la intendenta de la localidad. El edil hab\u00eda organizado un evento con unas 50 personas durante el fin de semana. <\/p>\n","protected":false},"author":2,"featured_media":61000,"comment_status":"open","ping_status":"open","sticky":false,"template":"","format":"standard","meta":{"fifu_image_url":"","fifu_image_alt":"","footnotes":""},"categories":[16],"tags":[539],"class_list":{"0":"post-60999","1":"post","2":"type-post","3":"status-publish","4":"format-standard","5":"has-post-thumbnail","7":"category-politi","8":"tag-lucas-gonzalez"},"yoast_head":"<title>Lucas Gonz\u00e1lez: renunci\u00f3 al COES el concejal que organiz\u00f3 una fiesta pese a las restricciones - Informe Litoral<\/title>\n<meta name=\"robots\" content=\"index, follow, max-snippet:-1, max-image-preview:large, max-video-preview:-1\" \/>\n<link rel=\"canonical\" href=\"https:\/\/informelitoral.com.ar\/lucas-gonzalez-renuncio-al-coes-el-concejal-que-organizo-una-fiesta-pese-a-las-restricciones\/\" \/>\n<meta property=\"og:locale\" content=\"es_ES\" \/>\n<meta property=\"og:type\" content=\"article\" \/>\n<meta property=\"og:title\" content=\"Lucas Gonz\u00e1lez: renunci\u00f3 al COES el concejal que organiz\u00f3 una fiesta pese a las restricciones - Informe Litoral\" \/>\n<meta property=\"og:description\" content=\"Lo confirm\u00f3 la intendenta de la localidad. El edil hab\u00eda organizado un evento con unas 50 personas durante el fin de semana.\" \/>\n<meta property=\"og:url\" content=\"https:\/\/informelitoral.com.ar\/lucas-gonzalez-renuncio-al-coes-el-concejal-que-organizo-una-fiesta-pese-a-las-restricciones\/\" \/>\n<meta property=\"og:site_name\" content=\"Informe Litoral\" \/>\n<meta property=\"article:publisher\" content=\"https:\/\/www.facebook.com\/informelitoral\/\" \/>\n<meta property=\"article:published_time\" content=\"2021-06-09T18:36:44+00:00\" \/>\n<meta property=\"og:image\" content=\"https:\/\/informelitoral.com.ar\/%77%70%2d%63%6f%6e%74%65%6e%74\/uploads\/2021\/06\/o_1623258866.jpg\" \/>\n\t<meta property=\"og:image:width\" content=\"800\" \/>\n\t<meta property=\"og:image:height\" content=\"450\" \/>\n\t<meta property=\"og:image:type\" content=\"image\/jpeg\" \/>\n<meta name=\"author\" content=\"Gonzalo Schmidt\" \/>\n<meta name=\"twitter:card\" content=\"summary_large_image\" \/>\n<meta name=\"twitter:creator\" content=\"@InformeLitoral\" \/>\n<meta name=\"twitter:site\" content=\"@InformeLitoral\" \/>\n<meta name=\"twitter:label1\" content=\"Escrito por\" \/>\n\t<meta name=\"twitter:data1\" content=\"Gonzalo Schmidt\" \/>\n\t<meta name=\"twitter:label2\" content=\"Tiempo de lectura\" \/>\n\t<meta name=\"twitter:data2\" content=\"2 minutos\" \/>\n<script type=\"application\/ld+json\" class=\"yoast-schema-graph\">{\"@context\":\"https:\\\/\\\/schema.org\",\"@graph\":[{\"@type\":\"Article\",\"@id\":\"https:\\\/\\\/informelitoral.com.ar\\\/lucas-gonzalez-renuncio-al-coes-el-concejal-que-organizo-una-fiesta-pese-a-las-restricciones\\\/#article\",\"isPartOf\":{\"@id\":\"https:\\\/\\\/informelitoral.com.ar\\\/lucas-gonzalez-renuncio-al-coes-el-concejal-que-organizo-una-fiesta-pese-a-las-restricciones\\\/\"},\"author\":{\"name\":\"Gonzalo Schmidt\",\"@id\":\"https:\\\/\\\/informelitoral.com.ar\\\/#\\\/schema\\\/person\\\/b9d00407c836482871ef1d57bf8e3180\"},\"headline\":\"Lucas Gonz\u00e1lez: renunci\u00f3 al COES el concejal que organiz\u00f3 una fiesta pese a las restricciones\",\"datePublished\":\"2021-06-09T18:36:44+00:00\",\"mainEntityOfPage\":{\"@id\":\"https:\\\/\\\/informelitoral.com.ar\\\/lucas-gonzalez-renuncio-al-coes-el-concejal-que-organizo-una-fiesta-pese-a-las-restricciones\\\/\"},\"wordCount\":444,\"commentCount\":0,\"publisher\":{\"@id\":\"https:\\\/\\\/informelitoral.com.ar\\\/#organization\"},\"image\":{\"@id\":\"https:\\\/\\\/informelitoral.com.ar\\\/lucas-gonzalez-renuncio-al-coes-el-concejal-que-organizo-una-fiesta-pese-a-las-restricciones\\\/#primaryimage\"},\"thumbnailUrl\":\"https:\\\/\\\/informelitoral.com.ar\\\/%77%70%2d%63%6f%6e%74%65%6e%74\\\/uploads\\\/2021\\\/06\\\/o_1623258866.jpg\",\"keywords\":[\"Lucas Gonz\u00e1lez\"],\"articleSection\":[\"Politica\"],\"inLanguage\":\"es\",\"potentialAction\":[{\"@type\":\"CommentAction\",\"name\":\"Comment\",\"target\":[\"https:\\\/\\\/informelitoral.com.ar\\\/lucas-gonzalez-renuncio-al-coes-el-concejal-que-organizo-una-fiesta-pese-a-las-restricciones\\\/#respond\"]}]},{\"@type\":\"WebPage\",\"@id\":\"https:\\\/\\\/informelitoral.com.ar\\\/lucas-gonzalez-renuncio-al-coes-el-concejal-que-organizo-una-fiesta-pese-a-las-restricciones\\\/\",\"url\":\"https:\\\/\\\/informelitoral.com.ar\\\/lucas-gonzalez-renuncio-al-coes-el-concejal-que-organizo-una-fiesta-pese-a-las-restricciones\\\/\",\"name\":\"Lucas Gonz\u00e1lez: renunci\u00f3 al COES el concejal que organiz\u00f3 una fiesta pese a las restricciones - Informe Litoral\",\"isPartOf\":{\"@id\":\"https:\\\/\\\/informelitoral.com.ar\\\/#website\"},\"primaryImageOfPage\":{\"@id\":\"https:\\\/\\\/informelitoral.com.ar\\\/lucas-gonzalez-renuncio-al-coes-el-concejal-que-organizo-una-fiesta-pese-a-las-restricciones\\\/#primaryimage\"},\"image\":{\"@id\":\"https:\\\/\\\/informelitoral.com.ar\\\/lucas-gonzalez-renuncio-al-coes-el-concejal-que-organizo-una-fiesta-pese-a-las-restricciones\\\/#primaryimage\"},\"thumbnailUrl\":\"https:\\\/\\\/informelitoral.com.ar\\\/%77%70%2d%63%6f%6e%74%65%6e%74\\\/uploads\\\/2021\\\/06\\\/o_1623258866.jpg\",\"datePublished\":\"2021-06-09T18:36:44+00:00\",\"breadcrumb\":{\"@id\":\"https:\\\/\\\/informelitoral.com.ar\\\/lucas-gonzalez-renuncio-al-coes-el-concejal-que-organizo-una-fiesta-pese-a-las-restricciones\\\/#breadcrumb\"},\"inLanguage\":\"es\",\"potentialAction\":[{\"@type\":\"ReadAction\",\"target\":[\"https:\\\/\\\/informelitoral.com.ar\\\/lucas-gonzalez-renuncio-al-coes-el-concejal-que-organizo-una-fiesta-pese-a-las-restricciones\\\/\"]}]},{\"@type\":\"ImageObject\",\"inLanguage\":\"es\",\"@id\":\"https:\\\/\\\/informelitoral.com.ar\\\/lucas-gonzalez-renuncio-al-coes-el-concejal-que-organizo-una-fiesta-pese-a-las-restricciones\\\/#primaryimage\",\"url\":\"https:\\\/\\\/informelitoral.com.ar\\\/%77%70%2d%63%6f%6e%74%65%6e%74\\\/uploads\\\/2021\\\/06\\\/o_1623258866.jpg\",\"contentUrl\":\"https:\\\/\\\/informelitoral.com.ar\\\/%77%70%2d%63%6f%6e%74%65%6e%74\\\/uploads\\\/2021\\\/06\\\/o_1623258866.jpg\",\"width\":800,\"height\":450},{\"@type\":\"BreadcrumbList\",\"@id\":\"https:\\\/\\\/informelitoral.com.ar\\\/lucas-gonzalez-renuncio-al-coes-el-concejal-que-organizo-una-fiesta-pese-a-las-restricciones\\\/#breadcrumb\",\"itemListElement\":[{\"@type\":\"ListItem\",\"position\":1,\"name\":\"Portada\",\"item\":\"https:\\\/\\\/informelitoral.com.ar\\\/\"},{\"@type\":\"ListItem\",\"position\":2,\"name\":\"Lucas Gonz\u00e1lez: renunci\u00f3 al COES el concejal que organiz\u00f3 una fiesta pese a las restricciones\"}]},{\"@type\":\"WebSite\",\"@id\":\"https:\\\/\\\/informelitoral.com.ar\\\/#website\",\"url\":\"https:\\\/\\\/informelitoral.com.ar\\\/\",\"name\":\"Informe Litoral\",\"description\":\"&quot;Nos informamos&quot; \",\"publisher\":{\"@id\":\"https:\\\/\\\/informelitoral.com.ar\\\/#organization\"},\"potentialAction\":[{\"@type\":\"SearchAction\",\"target\":{\"@type\":\"EntryPoint\",\"urlTemplate\":\"https:\\\/\\\/informelitoral.com.ar\\\/?s={search_term_string}\"},\"query-input\":{\"@type\":\"PropertyValueSpecification\",\"valueRequired\":true,\"valueName\":\"search_term_string\"}}],\"inLanguage\":\"es\"},{\"@type\":\"Organization\",\"@id\":\"https:\\\/\\\/informelitoral.com.ar\\\/#organization\",\"name\":\"Informe Litoral\",\"url\":\"https:\\\/\\\/informelitoral.com.ar\\\/\",\"logo\":{\"@type\":\"ImageObject\",\"inLanguage\":\"es\",\"@id\":\"https:\\\/\\\/informelitoral.com.ar\\\/#\\\/schema\\\/logo\\\/image\\\/\",\"url\":\"https:\\\/\\\/informelitoral.com.ar\\\/%77%70%2d%63%6f%6e%74%65%6e%74\\\/uploads\\\/2021\\\/01\\\/circulo.png\",\"contentUrl\":\"https:\\\/\\\/informelitoral.com.ar\\\/%77%70%2d%63%6f%6e%74%65%6e%74\\\/uploads\\\/2021\\\/01\\\/circulo.png\",\"width\":723,\"height\":731,\"caption\":\"Informe Litoral\"},\"image\":{\"@id\":\"https:\\\/\\\/informelitoral.com.ar\\\/#\\\/schema\\\/logo\\\/image\\\/\"},\"sameAs\":[\"https:\\\/\\\/www.facebook.com\\\/informelitoral\\\/\",\"https:\\\/\\\/x.com\\\/InformeLitoral\",\"https:\\\/\\\/www.instagram.com\\\/informelitoral\\\/\",\"https:\\\/\\\/www.youtube.com\\\/channel\\\/UCua4Qvz8Icb6MYqhoq9xLXw\"]},{\"@type\":\"Person\",\"@id\":\"https:\\\/\\\/informelitoral.com.ar\\\/#\\\/schema\\\/person\\\/b9d00407c836482871ef1d57bf8e3180\",\"name\":\"Gonzalo Schmidt\",\"image\":{\"@type\":\"ImageObject\",\"inLanguage\":\"es\",\"@id\":\"https:\\\/\\\/secure.gravatar.com\\\/avatar\\\/31a1a7b66ff2de83bd0e9fd79d026630d2d99e55e8bfe501287647b4fd9743de?s=96&d=mm&r=g\",\"url\":\"https:\\\/\\\/secure.gravatar.com\\\/avatar\\\/31a1a7b66ff2de83bd0e9fd79d026630d2d99e55e8bfe501287647b4fd9743de?s=96&d=mm&r=g\",\"contentUrl\":\"https:\\\/\\\/secure.gravatar.com\\\/avatar\\\/31a1a7b66ff2de83bd0e9fd79d026630d2d99e55e8bfe501287647b4fd9743de?s=96&d=mm&r=g\",\"caption\":\"Gonzalo Schmidt\"},\"description\":\"Sitio web de noticias de la provincia de Entre R\u00edos, Argentina. Informaci\u00f3n y entretenimiento. Informe Litoral, nos informamos.\",\"sameAs\":[\"http:\\\/\\\/www.isletasnoticias.com.ar\"],\"url\":\"https:\\\/\\\/informelitoral.com.ar\\\/author\\\/gonzalo\\\/\"}]}<\/script>","yoast_head_json":{"title":"Lucas Gonz\u00e1lez: renunci\u00f3 al COES el concejal que organiz\u00f3 una fiesta pese a las restricciones - Informe Litoral","robots":{"index":"index","follow":"follow","max-snippet":"max-snippet:-1","max-image-preview":"max-image-preview:large","max-video-preview":"max-video-preview:-1"},"canonical":"https:\/\/informelitoral.com.ar\/lucas-gonzalez-renuncio-al-coes-el-concejal-que-organizo-una-fiesta-pese-a-las-restricciones\/","og_locale":"es_ES","og_type":"article","og_title":"Lucas Gonz\u00e1lez: renunci\u00f3 al COES el concejal que organiz\u00f3 una fiesta pese a las restricciones - Informe Litoral","og_description":"Lo confirm\u00f3 la intendenta de la localidad. El edil hab\u00eda organizado un evento con unas 50 personas durante el fin de semana.","og_url":"https:\/\/informelitoral.com.ar\/lucas-gonzalez-renuncio-al-coes-el-concejal-que-organizo-una-fiesta-pese-a-las-restricciones\/","og_site_name":"Informe Litoral","article_publisher":"https:\/\/www.facebook.com\/informelitoral\/","article_published_time":"2021-06-09T18:36:44+00:00","og_image":[{"width":800,"height":450,"url":"https:\/\/informelitoral.com.ar\/%77%70%2d%63%6f%6e%74%65%6e%74\/uploads\/2021\/06\/o_1623258866.jpg","type":"image\/jpeg"}],"author":"Gonzalo Schmidt","twitter_card":"summary_large_image","twitter_creator":"@InformeLitoral","twitter_site":"@InformeLitoral","twitter_misc":{"Escrito por":"Gonzalo Schmidt","Tiempo de lectura":"2 minutos"},"schema":{"@context":"https:\/\/schema.org","@graph":[{"@type":"Article","@id":"https:\/\/informelitoral.com.ar\/lucas-gonzalez-renuncio-al-coes-el-concejal-que-organizo-una-fiesta-pese-a-las-restricciones\/#article","isPartOf":{"@id":"https:\/\/informelitoral.com.ar\/lucas-gonzalez-renuncio-al-coes-el-concejal-que-organizo-una-fiesta-pese-a-las-restricciones\/"},"author":{"name":"Gonzalo Schmidt","@id":"https:\/\/informelitoral.com.ar\/#\/schema\/person\/b9d00407c836482871ef1d57bf8e3180"},"headline":"Lucas Gonz\u00e1lez: renunci\u00f3 al COES el concejal que organiz\u00f3 una fiesta pese a las restricciones","datePublished":"2021-06-09T18:36:44+00:00","mainEntityOfPage":{"@id":"https:\/\/informelitoral.com.ar\/lucas-gonzalez-renuncio-al-coes-el-concejal-que-organizo-una-fiesta-pese-a-las-restricciones\/"},"wordCount":444,"commentCount":0,"publisher":{"@id":"https:\/\/informelitoral.com.ar\/#organization"},"image":{"@id":"https:\/\/informelitoral.com.ar\/lucas-gonzalez-renuncio-al-coes-el-concejal-que-organizo-una-fiesta-pese-a-las-restricciones\/#primaryimage"},"thumbnailUrl":"https:\/\/informelitoral.com.ar\/%77%70%2d%63%6f%6e%74%65%6e%74\/uploads\/2021\/06\/o_1623258866.jpg","keywords":["Lucas Gonz\u00e1lez"],"articleSection":["Politica"],"inLanguage":"es","potentialAction":[{"@type":"CommentAction","name":"Comment","target":["https:\/\/informelitoral.com.ar\/lucas-gonzalez-renuncio-al-coes-el-concejal-que-organizo-una-fiesta-pese-a-las-restricciones\/#respond"]}]},{"@type":"WebPage","@id":"https:\/\/informelitoral.com.ar\/lucas-gonzalez-renuncio-al-coes-el-concejal-que-organizo-una-fiesta-pese-a-las-restricciones\/","url":"https:\/\/informelitoral.com.ar\/lucas-gonzalez-renuncio-al-coes-el-concejal-que-organizo-una-fiesta-pese-a-las-restricciones\/","name":"Lucas Gonz\u00e1lez: renunci\u00f3 al COES el concejal que organiz\u00f3 una fiesta pese a las restricciones - Informe Litoral","isPartOf":{"@id":"https:\/\/informelitoral.com.ar\/#website"},"primaryImageOfPage":{"@id":"https:\/\/informelitoral.com.ar\/lucas-gonzalez-renuncio-al-coes-el-concejal-que-organizo-una-fiesta-pese-a-las-restricciones\/#primaryimage"},"image":{"@id":"https:\/\/informelitoral.com.ar\/lucas-gonzalez-renuncio-al-coes-el-concejal-que-organizo-una-fiesta-pese-a-las-restricciones\/#primaryimage"},"thumbnailUrl":"https:\/\/informelitoral.com.ar\/%77%70%2d%63%6f%6e%74%65%6e%74\/uploads\/2021\/06\/o_1623258866.jpg","datePublished":"2021-06-09T18:36:44+00:00","breadcrumb":{"@id":"https:\/\/informelitoral.com.ar\/lucas-gonzalez-renuncio-al-coes-el-concejal-que-organizo-una-fiesta-pese-a-las-restricciones\/#breadcrumb"},"inLanguage":"es","potentialAction":[{"@type":"ReadAction","target":["https:\/\/informelitoral.com.ar\/lucas-gonzalez-renuncio-al-coes-el-concejal-que-organizo-una-fiesta-pese-a-las-restricciones\/"]}]},{"@type":"ImageObject","inLanguage":"es","@id":"https:\/\/informelitoral.com.ar\/lucas-gonzalez-renuncio-al-coes-el-concejal-que-organizo-una-fiesta-pese-a-las-restricciones\/#primaryimage","url":"https:\/\/informelitoral.com.ar\/%77%70%2d%63%6f%6e%74%65%6e%74\/uploads\/2021\/06\/o_1623258866.jpg","contentUrl":"https:\/\/informelitoral.com.ar\/%77%70%2d%63%6f%6e%74%65%6e%74\/uploads\/2021\/06\/o_1623258866.jpg","width":800,"height":450},{"@type":"BreadcrumbList","@id":"https:\/\/informelitoral.com.ar\/lucas-gonzalez-renuncio-al-coes-el-concejal-que-organizo-una-fiesta-pese-a-las-restricciones\/#breadcrumb","itemListElement":[{"@type":"ListItem","position":1,"name":"Portada","item":"https:\/\/informelitoral.com.ar\/"},{"@type":"ListItem","position":2,"name":"Lucas Gonz\u00e1lez: renunci\u00f3 al COES el concejal que organiz\u00f3 una fiesta pese a las restricciones"}]},{"@type":"WebSite","@id":"https:\/\/informelitoral.com.ar\/#website","url":"https:\/\/informelitoral.com.ar\/","name":"Informe Litoral","description":"&quot;Nos informamos&quot; ","publisher":{"@id":"https:\/\/informelitoral.com.ar\/#organization"},"potentialAction":[{"@type":"SearchAction","target":{"@type":"EntryPoint","urlTemplate":"https:\/\/informelitoral.com.ar\/?s={search_term_string}"},"query-input":{"@type":"PropertyValueSpecification","valueRequired":true,"valueName":"search_term_string"}}],"inLanguage":"es"},{"@type":"Organization","@id":"https:\/\/informelitoral.com.ar\/#organization","name":"Informe Litoral","url":"https:\/\/informelitoral.com.ar\/","logo":{"@type":"ImageObject","inLanguage":"es","@id":"https:\/\/informelitoral.com.ar\/#\/schema\/logo\/image\/","url":"https:\/\/informelitoral.com.ar\/%77%70%2d%63%6f%6e%74%65%6e%74\/uploads\/2021\/01\/circulo.png","contentUrl":"https:\/\/informelitoral.com.ar\/%77%70%2d%63%6f%6e%74%65%6e%74\/uploads\/2021\/01\/circulo.png","width":723,"height":731,"caption":"Informe Litoral"},"image":{"@id":"https:\/\/informelitoral.com.ar\/#\/schema\/logo\/image\/"},"sameAs":["https:\/\/www.facebook.com\/informelitoral\/","https:\/\/x.com\/InformeLitoral","https:\/\/www.instagram.com\/informelitoral\/","https:\/\/www.youtube.com\/channel\/UCua4Qvz8Icb6MYqhoq9xLXw"]},{"@type":"Person","@id":"https:\/\/informelitoral.com.ar\/#\/schema\/person\/b9d00407c836482871ef1d57bf8e3180","name":"Gonzalo Schmidt","image":{"@type":"ImageObject","inLanguage":"es","@id":"https:\/\/secure.gravatar.com\/avatar\/31a1a7b66ff2de83bd0e9fd79d026630d2d99e55e8bfe501287647b4fd9743de?s=96&d=mm&r=g","url":"https:\/\/secure.gravatar.com\/avatar\/31a1a7b66ff2de83bd0e9fd79d026630d2d99e55e8bfe501287647b4fd9743de?s=96&d=mm&r=g","contentUrl":"https:\/\/secure.gravatar.com\/avatar\/31a1a7b66ff2de83bd0e9fd79d026630d2d99e55e8bfe501287647b4fd9743de?s=96&d=mm&r=g","caption":"Gonzalo Schmidt"},"description":"Sitio web de noticias de la provincia de Entre R\u00edos, Argentina. Informaci\u00f3n y entretenimiento. Informe Litoral, nos informamos.","sameAs":["http:\/\/www.isletasnoticias.com.ar"],"url":"https:\/\/informelitoral.com.ar\/author\/gonzalo\/"}]}},"_links":{"self":[{"href":"https:\/\/informelitoral.com.ar\/%77%70%2d%6a%73%6f%6e\/wp\/v2\/posts\/60999","targetHints":{"allow":["GET"]}}],"collection":[{"href":"https:\/\/informelitoral.com.ar\/%77%70%2d%6a%73%6f%6e\/wp\/v2\/posts"}],"about":[{"href":"https:\/\/informelitoral.com.ar\/%77%70%2d%6a%73%6f%6e\/wp\/v2\/types\/post"}],"author":[{"embeddable":true,"href":"https:\/\/informelitoral.com.ar\/%77%70%2d%6a%73%6f%6e\/wp\/v2\/users\/2"}],"replies":[{"embeddable":true,"href":"https:\/\/informelitoral.com.ar\/%77%70%2d%6a%73%6f%6e\/wp\/v2\/comments?post=60999"}],"version-history":[{"count":0,"href":"https:\/\/informelitoral.com.ar\/%77%70%2d%6a%73%6f%6e\/wp\/v2\/posts\/60999\/revisions"}],"wp:featuredmedia":[{"embeddable":true,"href":"https:\/\/informelitoral.com.ar\/%77%70%2d%6a%73%6f%6e\/wp\/v2\/media\/61000"}],"wp:attachment":[{"href":"https:\/\/informelitoral.com.ar\/%77%70%2d%6a%73%6f%6e\/wp\/v2\/media?parent=60999"}],"wp:term":[{"taxonomy":"category","embeddable":true,"href":"https:\/\/informelitoral.com.ar\/%77%70%2d%6a%73%6f%6e\/wp\/v2\/categories?post=60999"},{"taxonomy":"post_tag","embeddable":true,"href":"https:\/\/informelitoral.com.ar\/%77%70%2d%6a%73%6f%6e\/wp\/v2\/tags?post=60999"}],"curies":[{"name":"wp","href":"https:\/\/api.w.org\/{rel}","templated":true}]}}