{"id":6097,"date":"2014-03-17T21:25:43","date_gmt":"2014-03-18T00:25:43","guid":{"rendered":"http:\/\/www.isletasnoticias.com.ar\/?p=6097"},"modified":"2014-03-17T21:25:43","modified_gmt":"2014-03-18T00:25:43","slug":"la-inflacion-de-febrero-fue-34-segun-el-nuevo-ipc-del-indec","status":"publish","type":"post","link":"https:\/\/informelitoral.com.ar\/la-inflacion-de-febrero-fue-34-segun-el-nuevo-ipc-del-indec\/","title":{"rendered":"La inflaci\u00f3n de febrero fue 3,4%, seg\u00fan el nuevo IPC del Indec"},"content":{"rendered":"<p><strong>Las mayores aceleraciones se registraron en los ali<strong>mentos y medicamentos, debido a la suba de precios luego de la devaluaci\u00f3n.<\/strong><\/strong><\/p>\n<p><img loading=\"lazy\" decoding=\"async\" class=\"aligncenter size-medium wp-image-6098\" alt=\"1118_Kicillof\" src=\"http:\/\/www.isletasnoticias.com.ar\/%77%70%2d%63%6f%6e%74%65%6e%74\/uploads\/2014\/03\/1118_Kicillof-300x157.jpg\" width=\"300\" height=\"157\" srcset=\"https:\/\/informelitoral.com.ar\/%77%70%2d%63%6f%6e%74%65%6e%74\/uploads\/2014\/03\/1118_Kicillof-300x157.jpg 300w, https:\/\/informelitoral.com.ar\/%77%70%2d%63%6f%6e%74%65%6e%74\/uploads\/2014\/03\/1118_Kicillof.jpg 990w\" sizes=\"auto, (max-width: 300px) 100vw, 300px\" \/><\/p>\n<p>La\u00a0inflaci\u00f3n\u00a0de febrero fue del 3,4%, seg\u00fan inform\u00f3 el ministro de Econom\u00eda,\u00a0<strong>Axel Kicillof<\/strong>\u00a0, durante una conferencia de prensa. La cifra corresponde a la nueva metodolog\u00eda\u00a0del \u00cdndice de Precios al Consumidor del\u00a0Indec\u00a0. El\u00a0relevamiento de precios\u00a0se realiza en seis regiones del pa\u00eds y compila 220.000 valores en m\u00e1s de 13.000 comercios.<\/p>\n<p>En la apertura por cap\u00edtulo, el rubro atenci\u00f3n m\u00e9dica y alimentos y bebidas mostraron una aceleraci\u00f3n de 6% y 4% respectivamente debido a la suba de precios luego de la devaluaci\u00f3n. Al respecto, Kicillof dijo que all\u00ed no se reflejaron las retracciones de valores que gestion\u00f3 el Gobierno y que en la segunda semana del mes pasado hubo desaceleraci\u00f3n.<\/p>\n<p>La cifra se ubica en 0,9 puntos por debajo de las estimaciones de consultoras privadas, que\u00a0fue del 4,3%\u00a0para el mismo per\u00edodo, seg\u00fan se dio a conocer la semana pasada.<\/p>\n<p>En enero, el nuevo indicador -elaborado con la asistencia t\u00e9cnica del\u00a0Fondo Monetario Internacional (FMI)\u00a0, que releva no solamente la variaci\u00f3n de los precios en Capital Federal y Gran Buenos Aires, sino que pondera los de todo el pa\u00eds-.<\/p>\n<p>El secretario de Comercio,<strong>\u00a0Augusto Costa<\/strong>\u00a0, anticip\u00f3 el viernes que \u00abel \u00edndice de febrero va a captar todo el proceso de subas, en muchos casos injustificadas\u00bb.<\/p>\n<p>Fuente:<em> La Naci\u00f3n<\/em><\/p>\n","protected":false},"excerpt":{"rendered":"<p>Las mayores aceleraciones se registraron en los alimentos y medicamentos, debido a la suba de precios luego de la devaluaci&oacute;n. La&nbsp;inflaci&oacute;n&nbsp;de febrero fue del 3,4%, seg&uacute;n inform&oacute; el ministro de Econom&iacute;a,&nbsp;Axel Kicillof&nbsp;, durante una conferencia de prensa. La cifra corresponde a la nueva metodolog&iacute;a&nbsp;del &Iacute;ndice de Precios al Consumidor del&nbsp;Indec&nbsp;. El&nbsp;relevamiento de precios&nbsp;se realiza en [&hellip;]<\/p>\n","protected":false},"author":2,"featured_media":0,"comment_status":"open","ping_status":"open","sticky":false,"template":"","format":"standard","meta":{"fifu_image_url":"","fifu_image_alt":"","footnotes":""},"categories":[7],"tags":[],"class_list":{"0":"post-6097","1":"post","2":"type-post","3":"status-publish","4":"format-standard","6":"category-nacionales"},"yoast_head":"<title>La inflaci\u00f3n de febrero fue 3,4%, seg\u00fan el nuevo IPC del Indec - Informe Litoral<\/title>\n<meta name=\"robots\" content=\"index, follow, max-snippet:-1, max-image-preview:large, max-video-preview:-1\" \/>\n<link rel=\"canonical\" href=\"https:\/\/informelitoral.com.ar\/la-inflacion-de-febrero-fue-34-segun-el-nuevo-ipc-del-indec\/\" \/>\n<meta property=\"og:locale\" content=\"es_ES\" \/>\n<meta property=\"og:type\" content=\"article\" \/>\n<meta property=\"og:title\" content=\"La inflaci\u00f3n de febrero fue 3,4%, seg\u00fan el nuevo IPC del Indec - Informe Litoral\" \/>\n<meta property=\"og:description\" content=\"Las mayores aceleraciones se registraron en los alimentos y medicamentos, debido a la suba de precios luego de la devaluaci&oacute;n. La&nbsp;inflaci&oacute;n&nbsp;de febrero fue del 3,4%, seg&uacute;n inform&oacute; el ministro de Econom&iacute;a,&nbsp;Axel Kicillof&nbsp;, durante una conferencia de prensa. La cifra corresponde a la nueva metodolog&iacute;a&nbsp;del &Iacute;ndice de Precios al Consumidor del&nbsp;Indec&nbsp;. El&nbsp;relevamiento de precios&nbsp;se realiza en [&hellip;]\" \/>\n<meta property=\"og:url\" content=\"https:\/\/informelitoral.com.ar\/la-inflacion-de-febrero-fue-34-segun-el-nuevo-ipc-del-indec\/\" \/>\n<meta property=\"og:site_name\" content=\"Informe Litoral\" \/>\n<meta property=\"article:publisher\" content=\"https:\/\/www.facebook.com\/informelitoral\/\" \/>\n<meta property=\"article:published_time\" content=\"2014-03-18T00:25:43+00:00\" \/>\n<meta property=\"og:image\" content=\"https:\/\/informelitoral.com.ar\/%77%70%2d%63%6f%6e%74%65%6e%74\/uploads\/2014\/03\/1118_Kicillof.jpg\" \/>\n\t<meta property=\"og:image:width\" content=\"990\" \/>\n\t<meta property=\"og:image:height\" content=\"520\" \/>\n\t<meta property=\"og:image:type\" content=\"image\/jpeg\" \/>\n<meta name=\"author\" content=\"Gonzalo Schmidt\" \/>\n<meta name=\"twitter:card\" content=\"summary_large_image\" \/>\n<meta name=\"twitter:creator\" content=\"@InformeLitoral\" \/>\n<meta name=\"twitter:site\" content=\"@InformeLitoral\" \/>\n<meta name=\"twitter:label1\" content=\"Escrito por\" \/>\n\t<meta name=\"twitter:data1\" content=\"Gonzalo Schmidt\" \/>\n\t<meta name=\"twitter:label2\" content=\"Tiempo de lectura\" \/>\n\t<meta name=\"twitter:data2\" content=\"1 minuto\" \/>\n<script type=\"application\/ld+json\" class=\"yoast-schema-graph\">{\"@context\":\"https:\\\/\\\/schema.org\",\"@graph\":[{\"@type\":\"Article\",\"@id\":\"https:\\\/\\\/informelitoral.com.ar\\\/la-inflacion-de-febrero-fue-34-segun-el-nuevo-ipc-del-indec\\\/#article\",\"isPartOf\":{\"@id\":\"https:\\\/\\\/informelitoral.com.ar\\\/la-inflacion-de-febrero-fue-34-segun-el-nuevo-ipc-del-indec\\\/\"},\"author\":{\"name\":\"Gonzalo Schmidt\",\"@id\":\"https:\\\/\\\/informelitoral.com.ar\\\/#\\\/schema\\\/person\\\/b9d00407c836482871ef1d57bf8e3180\"},\"headline\":\"La inflaci\u00f3n de febrero fue 3,4%, seg\u00fan el nuevo IPC del Indec\",\"datePublished\":\"2014-03-18T00:25:43+00:00\",\"mainEntityOfPage\":{\"@id\":\"https:\\\/\\\/informelitoral.com.ar\\\/la-inflacion-de-febrero-fue-34-segun-el-nuevo-ipc-del-indec\\\/\"},\"wordCount\":258,\"commentCount\":0,\"publisher\":{\"@id\":\"https:\\\/\\\/informelitoral.com.ar\\\/#organization\"},\"image\":{\"@id\":\"https:\\\/\\\/informelitoral.com.ar\\\/la-inflacion-de-febrero-fue-34-segun-el-nuevo-ipc-del-indec\\\/#primaryimage\"},\"thumbnailUrl\":\"http:\\\/\\\/www.isletasnoticias.com.ar\\\/%77%70%2d%63%6f%6e%74%65%6e%74\\\/uploads\\\/2014\\\/03\\\/1118_Kicillof-300x157.jpg\",\"articleSection\":[\"Nacionales\"],\"inLanguage\":\"es\",\"potentialAction\":[{\"@type\":\"CommentAction\",\"name\":\"Comment\",\"target\":[\"https:\\\/\\\/informelitoral.com.ar\\\/la-inflacion-de-febrero-fue-34-segun-el-nuevo-ipc-del-indec\\\/#respond\"]}]},{\"@type\":\"WebPage\",\"@id\":\"https:\\\/\\\/informelitoral.com.ar\\\/la-inflacion-de-febrero-fue-34-segun-el-nuevo-ipc-del-indec\\\/\",\"url\":\"https:\\\/\\\/informelitoral.com.ar\\\/la-inflacion-de-febrero-fue-34-segun-el-nuevo-ipc-del-indec\\\/\",\"name\":\"La inflaci\u00f3n de febrero fue 3,4%, seg\u00fan el nuevo IPC del Indec - Informe Litoral\",\"isPartOf\":{\"@id\":\"https:\\\/\\\/informelitoral.com.ar\\\/#website\"},\"primaryImageOfPage\":{\"@id\":\"https:\\\/\\\/informelitoral.com.ar\\\/la-inflacion-de-febrero-fue-34-segun-el-nuevo-ipc-del-indec\\\/#primaryimage\"},\"image\":{\"@id\":\"https:\\\/\\\/informelitoral.com.ar\\\/la-inflacion-de-febrero-fue-34-segun-el-nuevo-ipc-del-indec\\\/#primaryimage\"},\"thumbnailUrl\":\"http:\\\/\\\/www.isletasnoticias.com.ar\\\/%77%70%2d%63%6f%6e%74%65%6e%74\\\/uploads\\\/2014\\\/03\\\/1118_Kicillof-300x157.jpg\",\"datePublished\":\"2014-03-18T00:25:43+00:00\",\"breadcrumb\":{\"@id\":\"https:\\\/\\\/informelitoral.com.ar\\\/la-inflacion-de-febrero-fue-34-segun-el-nuevo-ipc-del-indec\\\/#breadcrumb\"},\"inLanguage\":\"es\",\"potentialAction\":[{\"@type\":\"ReadAction\",\"target\":[\"https:\\\/\\\/informelitoral.com.ar\\\/la-inflacion-de-febrero-fue-34-segun-el-nuevo-ipc-del-indec\\\/\"]}]},{\"@type\":\"ImageObject\",\"inLanguage\":\"es\",\"@id\":\"https:\\\/\\\/informelitoral.com.ar\\\/la-inflacion-de-febrero-fue-34-segun-el-nuevo-ipc-del-indec\\\/#primaryimage\",\"url\":\"http:\\\/\\\/www.isletasnoticias.com.ar\\\/%77%70%2d%63%6f%6e%74%65%6e%74\\\/uploads\\\/2014\\\/03\\\/1118_Kicillof-300x157.jpg\",\"contentUrl\":\"http:\\\/\\\/www.isletasnoticias.com.ar\\\/%77%70%2d%63%6f%6e%74%65%6e%74\\\/uploads\\\/2014\\\/03\\\/1118_Kicillof-300x157.jpg\"},{\"@type\":\"BreadcrumbList\",\"@id\":\"https:\\\/\\\/informelitoral.com.ar\\\/la-inflacion-de-febrero-fue-34-segun-el-nuevo-ipc-del-indec\\\/#breadcrumb\",\"itemListElement\":[{\"@type\":\"ListItem\",\"position\":1,\"name\":\"Portada\",\"item\":\"https:\\\/\\\/informelitoral.com.ar\\\/\"},{\"@type\":\"ListItem\",\"position\":2,\"name\":\"La inflaci\u00f3n de febrero fue 3,4%, seg\u00fan el nuevo IPC del Indec\"}]},{\"@type\":\"WebSite\",\"@id\":\"https:\\\/\\\/informelitoral.com.ar\\\/#website\",\"url\":\"https:\\\/\\\/informelitoral.com.ar\\\/\",\"name\":\"Informe Litoral\",\"description\":\"&quot;Nos informamos&quot; \",\"publisher\":{\"@id\":\"https:\\\/\\\/informelitoral.com.ar\\\/#organization\"},\"potentialAction\":[{\"@type\":\"SearchAction\",\"target\":{\"@type\":\"EntryPoint\",\"urlTemplate\":\"https:\\\/\\\/informelitoral.com.ar\\\/?s={search_term_string}\"},\"query-input\":{\"@type\":\"PropertyValueSpecification\",\"valueRequired\":true,\"valueName\":\"search_term_string\"}}],\"inLanguage\":\"es\"},{\"@type\":\"Organization\",\"@id\":\"https:\\\/\\\/informelitoral.com.ar\\\/#organization\",\"name\":\"Informe Litoral\",\"url\":\"https:\\\/\\\/informelitoral.com.ar\\\/\",\"logo\":{\"@type\":\"ImageObject\",\"inLanguage\":\"es\",\"@id\":\"https:\\\/\\\/informelitoral.com.ar\\\/#\\\/schema\\\/logo\\\/image\\\/\",\"url\":\"https:\\\/\\\/informelitoral.com.ar\\\/%77%70%2d%63%6f%6e%74%65%6e%74\\\/uploads\\\/2021\\\/01\\\/circulo.png\",\"contentUrl\":\"https:\\\/\\\/informelitoral.com.ar\\\/%77%70%2d%63%6f%6e%74%65%6e%74\\\/uploads\\\/2021\\\/01\\\/circulo.png\",\"width\":723,\"height\":731,\"caption\":\"Informe Litoral\"},\"image\":{\"@id\":\"https:\\\/\\\/informelitoral.com.ar\\\/#\\\/schema\\\/logo\\\/image\\\/\"},\"sameAs\":[\"https:\\\/\\\/www.facebook.com\\\/informelitoral\\\/\",\"https:\\\/\\\/x.com\\\/InformeLitoral\",\"https:\\\/\\\/www.instagram.com\\\/informelitoral\\\/\",\"https:\\\/\\\/www.youtube.com\\\/channel\\\/UCua4Qvz8Icb6MYqhoq9xLXw\"]},{\"@type\":\"Person\",\"@id\":\"https:\\\/\\\/informelitoral.com.ar\\\/#\\\/schema\\\/person\\\/b9d00407c836482871ef1d57bf8e3180\",\"name\":\"Gonzalo Schmidt\",\"image\":{\"@type\":\"ImageObject\",\"inLanguage\":\"es\",\"@id\":\"https:\\\/\\\/secure.gravatar.com\\\/avatar\\\/31a1a7b66ff2de83bd0e9fd79d026630d2d99e55e8bfe501287647b4fd9743de?s=96&d=mm&r=g\",\"url\":\"https:\\\/\\\/secure.gravatar.com\\\/avatar\\\/31a1a7b66ff2de83bd0e9fd79d026630d2d99e55e8bfe501287647b4fd9743de?s=96&d=mm&r=g\",\"contentUrl\":\"https:\\\/\\\/secure.gravatar.com\\\/avatar\\\/31a1a7b66ff2de83bd0e9fd79d026630d2d99e55e8bfe501287647b4fd9743de?s=96&d=mm&r=g\",\"caption\":\"Gonzalo Schmidt\"},\"description\":\"Sitio web de noticias de la provincia de Entre R\u00edos, Argentina. Informaci\u00f3n y entretenimiento. Informe Litoral, nos informamos.\",\"sameAs\":[\"http:\\\/\\\/www.isletasnoticias.com.ar\"],\"url\":\"https:\\\/\\\/informelitoral.com.ar\\\/author\\\/gonzalo\\\/\"}]}<\/script>","yoast_head_json":{"title":"La inflaci\u00f3n de febrero fue 3,4%, seg\u00fan el nuevo IPC del Indec - Informe Litoral","robots":{"index":"index","follow":"follow","max-snippet":"max-snippet:-1","max-image-preview":"max-image-preview:large","max-video-preview":"max-video-preview:-1"},"canonical":"https:\/\/informelitoral.com.ar\/la-inflacion-de-febrero-fue-34-segun-el-nuevo-ipc-del-indec\/","og_locale":"es_ES","og_type":"article","og_title":"La inflaci\u00f3n de febrero fue 3,4%, seg\u00fan el nuevo IPC del Indec - Informe Litoral","og_description":"Las mayores aceleraciones se registraron en los alimentos y medicamentos, debido a la suba de precios luego de la devaluaci&oacute;n. La&nbsp;inflaci&oacute;n&nbsp;de febrero fue del 3,4%, seg&uacute;n inform&oacute; el ministro de Econom&iacute;a,&nbsp;Axel Kicillof&nbsp;, durante una conferencia de prensa. La cifra corresponde a la nueva metodolog&iacute;a&nbsp;del &Iacute;ndice de Precios al Consumidor del&nbsp;Indec&nbsp;. El&nbsp;relevamiento de precios&nbsp;se realiza en [&hellip;]","og_url":"https:\/\/informelitoral.com.ar\/la-inflacion-de-febrero-fue-34-segun-el-nuevo-ipc-del-indec\/","og_site_name":"Informe Litoral","article_publisher":"https:\/\/www.facebook.com\/informelitoral\/","article_published_time":"2014-03-18T00:25:43+00:00","og_image":[{"width":990,"height":520,"url":"https:\/\/informelitoral.com.ar\/%77%70%2d%63%6f%6e%74%65%6e%74\/uploads\/2014\/03\/1118_Kicillof.jpg","type":"image\/jpeg"}],"author":"Gonzalo Schmidt","twitter_card":"summary_large_image","twitter_creator":"@InformeLitoral","twitter_site":"@InformeLitoral","twitter_misc":{"Escrito por":"Gonzalo Schmidt","Tiempo de lectura":"1 minuto"},"schema":{"@context":"https:\/\/schema.org","@graph":[{"@type":"Article","@id":"https:\/\/informelitoral.com.ar\/la-inflacion-de-febrero-fue-34-segun-el-nuevo-ipc-del-indec\/#article","isPartOf":{"@id":"https:\/\/informelitoral.com.ar\/la-inflacion-de-febrero-fue-34-segun-el-nuevo-ipc-del-indec\/"},"author":{"name":"Gonzalo Schmidt","@id":"https:\/\/informelitoral.com.ar\/#\/schema\/person\/b9d00407c836482871ef1d57bf8e3180"},"headline":"La inflaci\u00f3n de febrero fue 3,4%, seg\u00fan el nuevo IPC del Indec","datePublished":"2014-03-18T00:25:43+00:00","mainEntityOfPage":{"@id":"https:\/\/informelitoral.com.ar\/la-inflacion-de-febrero-fue-34-segun-el-nuevo-ipc-del-indec\/"},"wordCount":258,"commentCount":0,"publisher":{"@id":"https:\/\/informelitoral.com.ar\/#organization"},"image":{"@id":"https:\/\/informelitoral.com.ar\/la-inflacion-de-febrero-fue-34-segun-el-nuevo-ipc-del-indec\/#primaryimage"},"thumbnailUrl":"http:\/\/www.isletasnoticias.com.ar\/%77%70%2d%63%6f%6e%74%65%6e%74\/uploads\/2014\/03\/1118_Kicillof-300x157.jpg","articleSection":["Nacionales"],"inLanguage":"es","potentialAction":[{"@type":"CommentAction","name":"Comment","target":["https:\/\/informelitoral.com.ar\/la-inflacion-de-febrero-fue-34-segun-el-nuevo-ipc-del-indec\/#respond"]}]},{"@type":"WebPage","@id":"https:\/\/informelitoral.com.ar\/la-inflacion-de-febrero-fue-34-segun-el-nuevo-ipc-del-indec\/","url":"https:\/\/informelitoral.com.ar\/la-inflacion-de-febrero-fue-34-segun-el-nuevo-ipc-del-indec\/","name":"La inflaci\u00f3n de febrero fue 3,4%, seg\u00fan el nuevo IPC del Indec - Informe Litoral","isPartOf":{"@id":"https:\/\/informelitoral.com.ar\/#website"},"primaryImageOfPage":{"@id":"https:\/\/informelitoral.com.ar\/la-inflacion-de-febrero-fue-34-segun-el-nuevo-ipc-del-indec\/#primaryimage"},"image":{"@id":"https:\/\/informelitoral.com.ar\/la-inflacion-de-febrero-fue-34-segun-el-nuevo-ipc-del-indec\/#primaryimage"},"thumbnailUrl":"http:\/\/www.isletasnoticias.com.ar\/%77%70%2d%63%6f%6e%74%65%6e%74\/uploads\/2014\/03\/1118_Kicillof-300x157.jpg","datePublished":"2014-03-18T00:25:43+00:00","breadcrumb":{"@id":"https:\/\/informelitoral.com.ar\/la-inflacion-de-febrero-fue-34-segun-el-nuevo-ipc-del-indec\/#breadcrumb"},"inLanguage":"es","potentialAction":[{"@type":"ReadAction","target":["https:\/\/informelitoral.com.ar\/la-inflacion-de-febrero-fue-34-segun-el-nuevo-ipc-del-indec\/"]}]},{"@type":"ImageObject","inLanguage":"es","@id":"https:\/\/informelitoral.com.ar\/la-inflacion-de-febrero-fue-34-segun-el-nuevo-ipc-del-indec\/#primaryimage","url":"http:\/\/www.isletasnoticias.com.ar\/%77%70%2d%63%6f%6e%74%65%6e%74\/uploads\/2014\/03\/1118_Kicillof-300x157.jpg","contentUrl":"http:\/\/www.isletasnoticias.com.ar\/%77%70%2d%63%6f%6e%74%65%6e%74\/uploads\/2014\/03\/1118_Kicillof-300x157.jpg"},{"@type":"BreadcrumbList","@id":"https:\/\/informelitoral.com.ar\/la-inflacion-de-febrero-fue-34-segun-el-nuevo-ipc-del-indec\/#breadcrumb","itemListElement":[{"@type":"ListItem","position":1,"name":"Portada","item":"https:\/\/informelitoral.com.ar\/"},{"@type":"ListItem","position":2,"name":"La inflaci\u00f3n de febrero fue 3,4%, seg\u00fan el nuevo IPC del Indec"}]},{"@type":"WebSite","@id":"https:\/\/informelitoral.com.ar\/#website","url":"https:\/\/informelitoral.com.ar\/","name":"Informe Litoral","description":"&quot;Nos informamos&quot; ","publisher":{"@id":"https:\/\/informelitoral.com.ar\/#organization"},"potentialAction":[{"@type":"SearchAction","target":{"@type":"EntryPoint","urlTemplate":"https:\/\/informelitoral.com.ar\/?s={search_term_string}"},"query-input":{"@type":"PropertyValueSpecification","valueRequired":true,"valueName":"search_term_string"}}],"inLanguage":"es"},{"@type":"Organization","@id":"https:\/\/informelitoral.com.ar\/#organization","name":"Informe Litoral","url":"https:\/\/informelitoral.com.ar\/","logo":{"@type":"ImageObject","inLanguage":"es","@id":"https:\/\/informelitoral.com.ar\/#\/schema\/logo\/image\/","url":"https:\/\/informelitoral.com.ar\/%77%70%2d%63%6f%6e%74%65%6e%74\/uploads\/2021\/01\/circulo.png","contentUrl":"https:\/\/informelitoral.com.ar\/%77%70%2d%63%6f%6e%74%65%6e%74\/uploads\/2021\/01\/circulo.png","width":723,"height":731,"caption":"Informe Litoral"},"image":{"@id":"https:\/\/informelitoral.com.ar\/#\/schema\/logo\/image\/"},"sameAs":["https:\/\/www.facebook.com\/informelitoral\/","https:\/\/x.com\/InformeLitoral","https:\/\/www.instagram.com\/informelitoral\/","https:\/\/www.youtube.com\/channel\/UCua4Qvz8Icb6MYqhoq9xLXw"]},{"@type":"Person","@id":"https:\/\/informelitoral.com.ar\/#\/schema\/person\/b9d00407c836482871ef1d57bf8e3180","name":"Gonzalo Schmidt","image":{"@type":"ImageObject","inLanguage":"es","@id":"https:\/\/secure.gravatar.com\/avatar\/31a1a7b66ff2de83bd0e9fd79d026630d2d99e55e8bfe501287647b4fd9743de?s=96&d=mm&r=g","url":"https:\/\/secure.gravatar.com\/avatar\/31a1a7b66ff2de83bd0e9fd79d026630d2d99e55e8bfe501287647b4fd9743de?s=96&d=mm&r=g","contentUrl":"https:\/\/secure.gravatar.com\/avatar\/31a1a7b66ff2de83bd0e9fd79d026630d2d99e55e8bfe501287647b4fd9743de?s=96&d=mm&r=g","caption":"Gonzalo Schmidt"},"description":"Sitio web de noticias de la provincia de Entre R\u00edos, Argentina. Informaci\u00f3n y entretenimiento. Informe Litoral, nos informamos.","sameAs":["http:\/\/www.isletasnoticias.com.ar"],"url":"https:\/\/informelitoral.com.ar\/author\/gonzalo\/"}]}},"_links":{"self":[{"href":"https:\/\/informelitoral.com.ar\/%77%70%2d%6a%73%6f%6e\/wp\/v2\/posts\/6097","targetHints":{"allow":["GET"]}}],"collection":[{"href":"https:\/\/informelitoral.com.ar\/%77%70%2d%6a%73%6f%6e\/wp\/v2\/posts"}],"about":[{"href":"https:\/\/informelitoral.com.ar\/%77%70%2d%6a%73%6f%6e\/wp\/v2\/types\/post"}],"author":[{"embeddable":true,"href":"https:\/\/informelitoral.com.ar\/%77%70%2d%6a%73%6f%6e\/wp\/v2\/users\/2"}],"replies":[{"embeddable":true,"href":"https:\/\/informelitoral.com.ar\/%77%70%2d%6a%73%6f%6e\/wp\/v2\/comments?post=6097"}],"version-history":[{"count":0,"href":"https:\/\/informelitoral.com.ar\/%77%70%2d%6a%73%6f%6e\/wp\/v2\/posts\/6097\/revisions"}],"wp:attachment":[{"href":"https:\/\/informelitoral.com.ar\/%77%70%2d%6a%73%6f%6e\/wp\/v2\/media?parent=6097"}],"wp:term":[{"taxonomy":"category","embeddable":true,"href":"https:\/\/informelitoral.com.ar\/%77%70%2d%6a%73%6f%6e\/wp\/v2\/categories?post=6097"},{"taxonomy":"post_tag","embeddable":true,"href":"https:\/\/informelitoral.com.ar\/%77%70%2d%6a%73%6f%6e\/wp\/v2\/tags?post=6097"}],"curies":[{"name":"wp","href":"https:\/\/api.w.org\/{rel}","templated":true}]}}