{"id":6093,"date":"2014-03-17T13:48:21","date_gmt":"2014-03-17T16:48:21","guid":{"rendered":"http:\/\/www.isletasnoticias.com.ar\/?p=6093"},"modified":"2014-03-17T13:49:09","modified_gmt":"2014-03-17T16:49:09","slug":"isletas-crian-500-pollos-parrilleros-en-la-escuela-agrotecnica","status":"publish","type":"post","link":"https:\/\/informelitoral.com.ar\/isletas-crian-500-pollos-parrilleros-en-la-escuela-agrotecnica\/","title":{"rendered":"Isletas: cr\u00edan 500 pollos parrilleros en la Escuela Agrot\u00e9cnica"},"content":{"rendered":"<p style=\"text-align: left;\"><strong>Desde noviembre del a\u00f1o pasado la E.E.A.T N\u00b0 153, Horacio Mann de esta localidad, comenz\u00f3 con la producci\u00f3n av\u00edcola. El pasado 14 de marzo, ingres\u00f3 la segunda tanda de pollos parrilleros, los cuales se vender\u00e1n a fines de abril.\u00a0<a href=\"http:\/\/www.isletasnoticias.com.ar\/%77%70%2d%63%6f%6e%74%65%6e%74\/uploads\/2014\/03\/Isletas.jpg\"><img loading=\"lazy\" decoding=\"async\" class=\"aligncenter  wp-image-6094\" title=\"Foto: Dar\u00edo Chaparro (Facebook).\" alt=\"Isletas\" src=\"http:\/\/www.isletasnoticias.com.ar\/%77%70%2d%63%6f%6e%74%65%6e%74\/uploads\/2014\/03\/Isletas-300x225.jpg\" width=\"300\" height=\"225\" srcset=\"https:\/\/informelitoral.com.ar\/%77%70%2d%63%6f%6e%74%65%6e%74\/uploads\/2014\/03\/Isletas-300x225.jpg 300w, https:\/\/informelitoral.com.ar\/%77%70%2d%63%6f%6e%74%65%6e%74\/uploads\/2014\/03\/Isletas.jpg 640w\" sizes=\"auto, (max-width: 300px) 100vw, 300px\" \/><\/a><\/strong><\/p>\n<p>La Escuela de Educaci\u00f3n Agrot\u00e9cnica N\u00b0 153, Horacio Mann de Isletas, -\u00fanica de su tipo en el departamento Diamante-<span style=\"text-decoration: underline;\"><a href=\"http:\/\/goo.gl\/2Zskzi\"> incorpor\u00f3 a fines del 2013 la producci\u00f3n de pollos parrilleros<\/a>,<\/span> en instalaciones que fueron construidas por alumnos y docentes.<span style=\"text-decoration: underline;\"> <a href=\"http:\/\/goo.gl\/EewQhC\">En diciembre se realiz\u00f3 la primer venta<\/a><\/span>, que result\u00f3 ser exitosa, ya que no s\u00f3lo familias de la localidad adquirieron los pollos.<\/p>\n<p>Tal como<span style=\"text-decoration: underline;\"><a href=\"http:\/\/goo.gl\/djmqQo\"> hab\u00edamos adelantado el 21 de febrero<\/a>,<\/span> la segunda tanda estar\u00e1 a la venta aproximadamente a fines de abril. El viernes 14, se comenzaron a criar un total de 500 pollitos y en \u00abesta oportunidad, mejorando las instalaciones, pusimos en funcionamiento el sistema de calefacci\u00f3n\u00bb, indic\u00f3 el docente encargado de dicha producci\u00f3n, <strong>Dar\u00edo Chaparro.\u00a0<\/strong><\/p>\n<p>De esta forma, la\u00a0cr\u00eda de pollos se suma a la cosecha de duraznos y las actividades relacionadas a la producci\u00f3n de verduras y diferentes elaboraciones, bajo la marca Echando Ra\u00edces. (<em>Isletas Noticias<\/em>)<\/p>\n","protected":false},"excerpt":{"rendered":"<p>Desde noviembre del a&ntilde;o pasado la E.E.A.T N&deg; 153, Horacio Mann de esta localidad, comenz&oacute; con la producci&oacute;n av&iacute;cola. El pasado 14 de marzo, ingres&oacute; la segunda tanda de pollos parrilleros, los cuales se vender&aacute;n a fines de abril.&nbsp; La Escuela de Educaci&oacute;n Agrot&eacute;cnica N&deg; 153, Horacio Mann de Isletas, -&uacute;nica de su tipo en [&hellip;]<\/p>\n","protected":false},"author":2,"featured_media":0,"comment_status":"open","ping_status":"open","sticky":false,"template":"","format":"standard","meta":{"fifu_image_url":"","fifu_image_alt":"","footnotes":""},"categories":[4],"tags":[],"class_list":{"0":"post-6093","1":"post","2":"type-post","3":"status-publish","4":"format-standard","6":"category-locales"},"yoast_head":"<title>Isletas: cr\u00edan 500 pollos parrilleros en la Escuela Agrot\u00e9cnica  - Informe Litoral<\/title>\n<meta name=\"robots\" content=\"index, follow, max-snippet:-1, max-image-preview:large, max-video-preview:-1\" \/>\n<link rel=\"canonical\" href=\"https:\/\/informelitoral.com.ar\/isletas-crian-500-pollos-parrilleros-en-la-escuela-agrotecnica\/\" \/>\n<meta property=\"og:locale\" content=\"es_ES\" \/>\n<meta property=\"og:type\" content=\"article\" \/>\n<meta property=\"og:title\" content=\"Isletas: cr\u00edan 500 pollos parrilleros en la Escuela Agrot\u00e9cnica  - Informe Litoral\" \/>\n<meta property=\"og:description\" content=\"Desde noviembre del a&ntilde;o pasado la E.E.A.T N&deg; 153, Horacio Mann de esta localidad, comenz&oacute; con la producci&oacute;n av&iacute;cola. El pasado 14 de marzo, ingres&oacute; la segunda tanda de pollos parrilleros, los cuales se vender&aacute;n a fines de abril.&nbsp; La Escuela de Educaci&oacute;n Agrot&eacute;cnica N&deg; 153, Horacio Mann de Isletas, -&uacute;nica de su tipo en [&hellip;]\" \/>\n<meta property=\"og:url\" content=\"https:\/\/informelitoral.com.ar\/isletas-crian-500-pollos-parrilleros-en-la-escuela-agrotecnica\/\" \/>\n<meta property=\"og:site_name\" content=\"Informe Litoral\" \/>\n<meta property=\"article:publisher\" content=\"https:\/\/www.facebook.com\/informelitoral\/\" \/>\n<meta property=\"article:published_time\" content=\"2014-03-17T16:48:21+00:00\" \/>\n<meta property=\"article:modified_time\" content=\"2014-03-17T16:49:09+00:00\" \/>\n<meta property=\"og:image\" content=\"https:\/\/informelitoral.com.ar\/%77%70%2d%63%6f%6e%74%65%6e%74\/uploads\/2014\/03\/Isletas.jpg\" \/>\n\t<meta property=\"og:image:width\" content=\"640\" \/>\n\t<meta property=\"og:image:height\" content=\"480\" \/>\n\t<meta property=\"og:image:type\" content=\"image\/jpeg\" \/>\n<meta name=\"author\" content=\"Gonzalo Schmidt\" \/>\n<meta name=\"twitter:card\" content=\"summary_large_image\" \/>\n<meta name=\"twitter:creator\" content=\"@InformeLitoral\" \/>\n<meta name=\"twitter:site\" content=\"@InformeLitoral\" \/>\n<meta name=\"twitter:label1\" content=\"Escrito por\" \/>\n\t<meta name=\"twitter:data1\" content=\"Gonzalo Schmidt\" \/>\n\t<meta name=\"twitter:label2\" content=\"Tiempo de lectura\" \/>\n\t<meta name=\"twitter:data2\" content=\"1 minuto\" \/>\n<script type=\"application\/ld+json\" class=\"yoast-schema-graph\">{\"@context\":\"https:\\\/\\\/schema.org\",\"@graph\":[{\"@type\":\"Article\",\"@id\":\"https:\\\/\\\/informelitoral.com.ar\\\/isletas-crian-500-pollos-parrilleros-en-la-escuela-agrotecnica\\\/#article\",\"isPartOf\":{\"@id\":\"https:\\\/\\\/informelitoral.com.ar\\\/isletas-crian-500-pollos-parrilleros-en-la-escuela-agrotecnica\\\/\"},\"author\":{\"name\":\"Gonzalo Schmidt\",\"@id\":\"https:\\\/\\\/informelitoral.com.ar\\\/#\\\/schema\\\/person\\\/b9d00407c836482871ef1d57bf8e3180\"},\"headline\":\"Isletas: cr\u00edan 500 pollos parrilleros en la Escuela Agrot\u00e9cnica\",\"datePublished\":\"2014-03-17T16:48:21+00:00\",\"dateModified\":\"2014-03-17T16:49:09+00:00\",\"mainEntityOfPage\":{\"@id\":\"https:\\\/\\\/informelitoral.com.ar\\\/isletas-crian-500-pollos-parrilleros-en-la-escuela-agrotecnica\\\/\"},\"wordCount\":209,\"commentCount\":0,\"publisher\":{\"@id\":\"https:\\\/\\\/informelitoral.com.ar\\\/#organization\"},\"image\":{\"@id\":\"https:\\\/\\\/informelitoral.com.ar\\\/isletas-crian-500-pollos-parrilleros-en-la-escuela-agrotecnica\\\/#primaryimage\"},\"thumbnailUrl\":\"http:\\\/\\\/www.isletasnoticias.com.ar\\\/%77%70%2d%63%6f%6e%74%65%6e%74\\\/uploads\\\/2014\\\/03\\\/Isletas-300x225.jpg\",\"articleSection\":[\"Isletas\"],\"inLanguage\":\"es\",\"potentialAction\":[{\"@type\":\"CommentAction\",\"name\":\"Comment\",\"target\":[\"https:\\\/\\\/informelitoral.com.ar\\\/isletas-crian-500-pollos-parrilleros-en-la-escuela-agrotecnica\\\/#respond\"]}]},{\"@type\":\"WebPage\",\"@id\":\"https:\\\/\\\/informelitoral.com.ar\\\/isletas-crian-500-pollos-parrilleros-en-la-escuela-agrotecnica\\\/\",\"url\":\"https:\\\/\\\/informelitoral.com.ar\\\/isletas-crian-500-pollos-parrilleros-en-la-escuela-agrotecnica\\\/\",\"name\":\"Isletas: cr\u00edan 500 pollos parrilleros en la Escuela Agrot\u00e9cnica - Informe Litoral\",\"isPartOf\":{\"@id\":\"https:\\\/\\\/informelitoral.com.ar\\\/#website\"},\"primaryImageOfPage\":{\"@id\":\"https:\\\/\\\/informelitoral.com.ar\\\/isletas-crian-500-pollos-parrilleros-en-la-escuela-agrotecnica\\\/#primaryimage\"},\"image\":{\"@id\":\"https:\\\/\\\/informelitoral.com.ar\\\/isletas-crian-500-pollos-parrilleros-en-la-escuela-agrotecnica\\\/#primaryimage\"},\"thumbnailUrl\":\"http:\\\/\\\/www.isletasnoticias.com.ar\\\/%77%70%2d%63%6f%6e%74%65%6e%74\\\/uploads\\\/2014\\\/03\\\/Isletas-300x225.jpg\",\"datePublished\":\"2014-03-17T16:48:21+00:00\",\"dateModified\":\"2014-03-17T16:49:09+00:00\",\"breadcrumb\":{\"@id\":\"https:\\\/\\\/informelitoral.com.ar\\\/isletas-crian-500-pollos-parrilleros-en-la-escuela-agrotecnica\\\/#breadcrumb\"},\"inLanguage\":\"es\",\"potentialAction\":[{\"@type\":\"ReadAction\",\"target\":[\"https:\\\/\\\/informelitoral.com.ar\\\/isletas-crian-500-pollos-parrilleros-en-la-escuela-agrotecnica\\\/\"]}]},{\"@type\":\"ImageObject\",\"inLanguage\":\"es\",\"@id\":\"https:\\\/\\\/informelitoral.com.ar\\\/isletas-crian-500-pollos-parrilleros-en-la-escuela-agrotecnica\\\/#primaryimage\",\"url\":\"http:\\\/\\\/www.isletasnoticias.com.ar\\\/%77%70%2d%63%6f%6e%74%65%6e%74\\\/uploads\\\/2014\\\/03\\\/Isletas-300x225.jpg\",\"contentUrl\":\"http:\\\/\\\/www.isletasnoticias.com.ar\\\/%77%70%2d%63%6f%6e%74%65%6e%74\\\/uploads\\\/2014\\\/03\\\/Isletas-300x225.jpg\"},{\"@type\":\"BreadcrumbList\",\"@id\":\"https:\\\/\\\/informelitoral.com.ar\\\/isletas-crian-500-pollos-parrilleros-en-la-escuela-agrotecnica\\\/#breadcrumb\",\"itemListElement\":[{\"@type\":\"ListItem\",\"position\":1,\"name\":\"Portada\",\"item\":\"https:\\\/\\\/informelitoral.com.ar\\\/\"},{\"@type\":\"ListItem\",\"position\":2,\"name\":\"Isletas: cr\u00edan 500 pollos parrilleros en la Escuela Agrot\u00e9cnica\"}]},{\"@type\":\"WebSite\",\"@id\":\"https:\\\/\\\/informelitoral.com.ar\\\/#website\",\"url\":\"https:\\\/\\\/informelitoral.com.ar\\\/\",\"name\":\"Informe Litoral\",\"description\":\"&quot;Nos informamos&quot; \",\"publisher\":{\"@id\":\"https:\\\/\\\/informelitoral.com.ar\\\/#organization\"},\"potentialAction\":[{\"@type\":\"SearchAction\",\"target\":{\"@type\":\"EntryPoint\",\"urlTemplate\":\"https:\\\/\\\/informelitoral.com.ar\\\/?s={search_term_string}\"},\"query-input\":{\"@type\":\"PropertyValueSpecification\",\"valueRequired\":true,\"valueName\":\"search_term_string\"}}],\"inLanguage\":\"es\"},{\"@type\":\"Organization\",\"@id\":\"https:\\\/\\\/informelitoral.com.ar\\\/#organization\",\"name\":\"Informe Litoral\",\"url\":\"https:\\\/\\\/informelitoral.com.ar\\\/\",\"logo\":{\"@type\":\"ImageObject\",\"inLanguage\":\"es\",\"@id\":\"https:\\\/\\\/informelitoral.com.ar\\\/#\\\/schema\\\/logo\\\/image\\\/\",\"url\":\"https:\\\/\\\/informelitoral.com.ar\\\/%77%70%2d%63%6f%6e%74%65%6e%74\\\/uploads\\\/2021\\\/01\\\/circulo.png\",\"contentUrl\":\"https:\\\/\\\/informelitoral.com.ar\\\/%77%70%2d%63%6f%6e%74%65%6e%74\\\/uploads\\\/2021\\\/01\\\/circulo.png\",\"width\":723,\"height\":731,\"caption\":\"Informe Litoral\"},\"image\":{\"@id\":\"https:\\\/\\\/informelitoral.com.ar\\\/#\\\/schema\\\/logo\\\/image\\\/\"},\"sameAs\":[\"https:\\\/\\\/www.facebook.com\\\/informelitoral\\\/\",\"https:\\\/\\\/x.com\\\/InformeLitoral\",\"https:\\\/\\\/www.instagram.com\\\/informelitoral\\\/\",\"https:\\\/\\\/www.youtube.com\\\/channel\\\/UCua4Qvz8Icb6MYqhoq9xLXw\"]},{\"@type\":\"Person\",\"@id\":\"https:\\\/\\\/informelitoral.com.ar\\\/#\\\/schema\\\/person\\\/b9d00407c836482871ef1d57bf8e3180\",\"name\":\"Gonzalo Schmidt\",\"image\":{\"@type\":\"ImageObject\",\"inLanguage\":\"es\",\"@id\":\"https:\\\/\\\/secure.gravatar.com\\\/avatar\\\/31a1a7b66ff2de83bd0e9fd79d026630d2d99e55e8bfe501287647b4fd9743de?s=96&d=mm&r=g\",\"url\":\"https:\\\/\\\/secure.gravatar.com\\\/avatar\\\/31a1a7b66ff2de83bd0e9fd79d026630d2d99e55e8bfe501287647b4fd9743de?s=96&d=mm&r=g\",\"contentUrl\":\"https:\\\/\\\/secure.gravatar.com\\\/avatar\\\/31a1a7b66ff2de83bd0e9fd79d026630d2d99e55e8bfe501287647b4fd9743de?s=96&d=mm&r=g\",\"caption\":\"Gonzalo Schmidt\"},\"description\":\"Sitio web de noticias de la provincia de Entre R\u00edos, Argentina. Informaci\u00f3n y entretenimiento. Informe Litoral, nos informamos.\",\"sameAs\":[\"http:\\\/\\\/www.isletasnoticias.com.ar\"],\"url\":\"https:\\\/\\\/informelitoral.com.ar\\\/author\\\/gonzalo\\\/\"}]}<\/script>","yoast_head_json":{"title":"Isletas: cr\u00edan 500 pollos parrilleros en la Escuela Agrot\u00e9cnica  - Informe Litoral","robots":{"index":"index","follow":"follow","max-snippet":"max-snippet:-1","max-image-preview":"max-image-preview:large","max-video-preview":"max-video-preview:-1"},"canonical":"https:\/\/informelitoral.com.ar\/isletas-crian-500-pollos-parrilleros-en-la-escuela-agrotecnica\/","og_locale":"es_ES","og_type":"article","og_title":"Isletas: cr\u00edan 500 pollos parrilleros en la Escuela Agrot\u00e9cnica  - Informe Litoral","og_description":"Desde noviembre del a&ntilde;o pasado la E.E.A.T N&deg; 153, Horacio Mann de esta localidad, comenz&oacute; con la producci&oacute;n av&iacute;cola. El pasado 14 de marzo, ingres&oacute; la segunda tanda de pollos parrilleros, los cuales se vender&aacute;n a fines de abril.&nbsp; La Escuela de Educaci&oacute;n Agrot&eacute;cnica N&deg; 153, Horacio Mann de Isletas, -&uacute;nica de su tipo en [&hellip;]","og_url":"https:\/\/informelitoral.com.ar\/isletas-crian-500-pollos-parrilleros-en-la-escuela-agrotecnica\/","og_site_name":"Informe Litoral","article_publisher":"https:\/\/www.facebook.com\/informelitoral\/","article_published_time":"2014-03-17T16:48:21+00:00","article_modified_time":"2014-03-17T16:49:09+00:00","og_image":[{"width":640,"height":480,"url":"https:\/\/informelitoral.com.ar\/%77%70%2d%63%6f%6e%74%65%6e%74\/uploads\/2014\/03\/Isletas.jpg","type":"image\/jpeg"}],"author":"Gonzalo Schmidt","twitter_card":"summary_large_image","twitter_creator":"@InformeLitoral","twitter_site":"@InformeLitoral","twitter_misc":{"Escrito por":"Gonzalo Schmidt","Tiempo de lectura":"1 minuto"},"schema":{"@context":"https:\/\/schema.org","@graph":[{"@type":"Article","@id":"https:\/\/informelitoral.com.ar\/isletas-crian-500-pollos-parrilleros-en-la-escuela-agrotecnica\/#article","isPartOf":{"@id":"https:\/\/informelitoral.com.ar\/isletas-crian-500-pollos-parrilleros-en-la-escuela-agrotecnica\/"},"author":{"name":"Gonzalo Schmidt","@id":"https:\/\/informelitoral.com.ar\/#\/schema\/person\/b9d00407c836482871ef1d57bf8e3180"},"headline":"Isletas: cr\u00edan 500 pollos parrilleros en la Escuela Agrot\u00e9cnica","datePublished":"2014-03-17T16:48:21+00:00","dateModified":"2014-03-17T16:49:09+00:00","mainEntityOfPage":{"@id":"https:\/\/informelitoral.com.ar\/isletas-crian-500-pollos-parrilleros-en-la-escuela-agrotecnica\/"},"wordCount":209,"commentCount":0,"publisher":{"@id":"https:\/\/informelitoral.com.ar\/#organization"},"image":{"@id":"https:\/\/informelitoral.com.ar\/isletas-crian-500-pollos-parrilleros-en-la-escuela-agrotecnica\/#primaryimage"},"thumbnailUrl":"http:\/\/www.isletasnoticias.com.ar\/%77%70%2d%63%6f%6e%74%65%6e%74\/uploads\/2014\/03\/Isletas-300x225.jpg","articleSection":["Isletas"],"inLanguage":"es","potentialAction":[{"@type":"CommentAction","name":"Comment","target":["https:\/\/informelitoral.com.ar\/isletas-crian-500-pollos-parrilleros-en-la-escuela-agrotecnica\/#respond"]}]},{"@type":"WebPage","@id":"https:\/\/informelitoral.com.ar\/isletas-crian-500-pollos-parrilleros-en-la-escuela-agrotecnica\/","url":"https:\/\/informelitoral.com.ar\/isletas-crian-500-pollos-parrilleros-en-la-escuela-agrotecnica\/","name":"Isletas: cr\u00edan 500 pollos parrilleros en la Escuela Agrot\u00e9cnica - Informe Litoral","isPartOf":{"@id":"https:\/\/informelitoral.com.ar\/#website"},"primaryImageOfPage":{"@id":"https:\/\/informelitoral.com.ar\/isletas-crian-500-pollos-parrilleros-en-la-escuela-agrotecnica\/#primaryimage"},"image":{"@id":"https:\/\/informelitoral.com.ar\/isletas-crian-500-pollos-parrilleros-en-la-escuela-agrotecnica\/#primaryimage"},"thumbnailUrl":"http:\/\/www.isletasnoticias.com.ar\/%77%70%2d%63%6f%6e%74%65%6e%74\/uploads\/2014\/03\/Isletas-300x225.jpg","datePublished":"2014-03-17T16:48:21+00:00","dateModified":"2014-03-17T16:49:09+00:00","breadcrumb":{"@id":"https:\/\/informelitoral.com.ar\/isletas-crian-500-pollos-parrilleros-en-la-escuela-agrotecnica\/#breadcrumb"},"inLanguage":"es","potentialAction":[{"@type":"ReadAction","target":["https:\/\/informelitoral.com.ar\/isletas-crian-500-pollos-parrilleros-en-la-escuela-agrotecnica\/"]}]},{"@type":"ImageObject","inLanguage":"es","@id":"https:\/\/informelitoral.com.ar\/isletas-crian-500-pollos-parrilleros-en-la-escuela-agrotecnica\/#primaryimage","url":"http:\/\/www.isletasnoticias.com.ar\/%77%70%2d%63%6f%6e%74%65%6e%74\/uploads\/2014\/03\/Isletas-300x225.jpg","contentUrl":"http:\/\/www.isletasnoticias.com.ar\/%77%70%2d%63%6f%6e%74%65%6e%74\/uploads\/2014\/03\/Isletas-300x225.jpg"},{"@type":"BreadcrumbList","@id":"https:\/\/informelitoral.com.ar\/isletas-crian-500-pollos-parrilleros-en-la-escuela-agrotecnica\/#breadcrumb","itemListElement":[{"@type":"ListItem","position":1,"name":"Portada","item":"https:\/\/informelitoral.com.ar\/"},{"@type":"ListItem","position":2,"name":"Isletas: cr\u00edan 500 pollos parrilleros en la Escuela Agrot\u00e9cnica"}]},{"@type":"WebSite","@id":"https:\/\/informelitoral.com.ar\/#website","url":"https:\/\/informelitoral.com.ar\/","name":"Informe Litoral","description":"&quot;Nos informamos&quot; ","publisher":{"@id":"https:\/\/informelitoral.com.ar\/#organization"},"potentialAction":[{"@type":"SearchAction","target":{"@type":"EntryPoint","urlTemplate":"https:\/\/informelitoral.com.ar\/?s={search_term_string}"},"query-input":{"@type":"PropertyValueSpecification","valueRequired":true,"valueName":"search_term_string"}}],"inLanguage":"es"},{"@type":"Organization","@id":"https:\/\/informelitoral.com.ar\/#organization","name":"Informe Litoral","url":"https:\/\/informelitoral.com.ar\/","logo":{"@type":"ImageObject","inLanguage":"es","@id":"https:\/\/informelitoral.com.ar\/#\/schema\/logo\/image\/","url":"https:\/\/informelitoral.com.ar\/%77%70%2d%63%6f%6e%74%65%6e%74\/uploads\/2021\/01\/circulo.png","contentUrl":"https:\/\/informelitoral.com.ar\/%77%70%2d%63%6f%6e%74%65%6e%74\/uploads\/2021\/01\/circulo.png","width":723,"height":731,"caption":"Informe Litoral"},"image":{"@id":"https:\/\/informelitoral.com.ar\/#\/schema\/logo\/image\/"},"sameAs":["https:\/\/www.facebook.com\/informelitoral\/","https:\/\/x.com\/InformeLitoral","https:\/\/www.instagram.com\/informelitoral\/","https:\/\/www.youtube.com\/channel\/UCua4Qvz8Icb6MYqhoq9xLXw"]},{"@type":"Person","@id":"https:\/\/informelitoral.com.ar\/#\/schema\/person\/b9d00407c836482871ef1d57bf8e3180","name":"Gonzalo Schmidt","image":{"@type":"ImageObject","inLanguage":"es","@id":"https:\/\/secure.gravatar.com\/avatar\/31a1a7b66ff2de83bd0e9fd79d026630d2d99e55e8bfe501287647b4fd9743de?s=96&d=mm&r=g","url":"https:\/\/secure.gravatar.com\/avatar\/31a1a7b66ff2de83bd0e9fd79d026630d2d99e55e8bfe501287647b4fd9743de?s=96&d=mm&r=g","contentUrl":"https:\/\/secure.gravatar.com\/avatar\/31a1a7b66ff2de83bd0e9fd79d026630d2d99e55e8bfe501287647b4fd9743de?s=96&d=mm&r=g","caption":"Gonzalo Schmidt"},"description":"Sitio web de noticias de la provincia de Entre R\u00edos, Argentina. Informaci\u00f3n y entretenimiento. Informe Litoral, nos informamos.","sameAs":["http:\/\/www.isletasnoticias.com.ar"],"url":"https:\/\/informelitoral.com.ar\/author\/gonzalo\/"}]}},"_links":{"self":[{"href":"https:\/\/informelitoral.com.ar\/%77%70%2d%6a%73%6f%6e\/wp\/v2\/posts\/6093","targetHints":{"allow":["GET"]}}],"collection":[{"href":"https:\/\/informelitoral.com.ar\/%77%70%2d%6a%73%6f%6e\/wp\/v2\/posts"}],"about":[{"href":"https:\/\/informelitoral.com.ar\/%77%70%2d%6a%73%6f%6e\/wp\/v2\/types\/post"}],"author":[{"embeddable":true,"href":"https:\/\/informelitoral.com.ar\/%77%70%2d%6a%73%6f%6e\/wp\/v2\/users\/2"}],"replies":[{"embeddable":true,"href":"https:\/\/informelitoral.com.ar\/%77%70%2d%6a%73%6f%6e\/wp\/v2\/comments?post=6093"}],"version-history":[{"count":0,"href":"https:\/\/informelitoral.com.ar\/%77%70%2d%6a%73%6f%6e\/wp\/v2\/posts\/6093\/revisions"}],"wp:attachment":[{"href":"https:\/\/informelitoral.com.ar\/%77%70%2d%6a%73%6f%6e\/wp\/v2\/media?parent=6093"}],"wp:term":[{"taxonomy":"category","embeddable":true,"href":"https:\/\/informelitoral.com.ar\/%77%70%2d%6a%73%6f%6e\/wp\/v2\/categories?post=6093"},{"taxonomy":"post_tag","embeddable":true,"href":"https:\/\/informelitoral.com.ar\/%77%70%2d%6a%73%6f%6e\/wp\/v2\/tags?post=6093"}],"curies":[{"name":"wp","href":"https:\/\/api.w.org\/{rel}","templated":true}]}}