{"id":6083,"date":"2014-03-17T01:04:43","date_gmt":"2014-03-17T04:04:43","guid":{"rendered":"http:\/\/www.isletasnoticias.com.ar\/?p=6083"},"modified":"2014-03-17T01:04:43","modified_gmt":"2014-03-17T04:04:43","slug":"ramirez-opiniones-divididas-entre-catolicos-respecto-al-padre-ventura","status":"publish","type":"post","link":"https:\/\/informelitoral.com.ar\/ramirez-opiniones-divididas-entre-catolicos-respecto-al-padre-ventura\/","title":{"rendered":"Ram\u00edrez: opiniones divididas entre cat\u00f3licos respecto al padre Ventura"},"content":{"rendered":"<p><strong>Un grupo de fieles cat\u00f3licos de General Ram\u00edrez, present\u00f3 en 2013 una nota al Arzobispado de Paran\u00e1, solicitando el traslado del padre <em>Mario Ventura<\/em>, sacerdote que dirige la Parroquia Sagrado Coraz\u00f3n de esa ciudad. En la misiva, solicitaban la llegada de \u201cun cura comunicativo, social, que escuche y no corra a los fieles cat\u00f3licos por su car\u00e1cter y su forma de proceder\u201d. Por otra parte, otro importante grupo de vecinos apoyaba contundentemente al Padre Ventura y ped\u00eda que siga en la localidad. A un a\u00f1o, el conflicto se volvi\u00f3 a reactivar. <em>Las dos voces.\u00a0<\/em><\/strong><b><br \/>\n<\/b><\/p>\n<p><a href=\"http:\/\/www.isletasnoticias.com.ar\/%77%70%2d%63%6f%6e%74%65%6e%74\/uploads\/2014\/03\/Padre-Mario.jpg\"><img loading=\"lazy\" decoding=\"async\" class=\"aligncenter size-medium wp-image-6084\" alt=\"Padre-Mario\" src=\"http:\/\/www.isletasnoticias.com.ar\/%77%70%2d%63%6f%6e%74%65%6e%74\/uploads\/2014\/03\/Padre-Mario-300x168.jpg\" width=\"300\" height=\"168\" srcset=\"https:\/\/informelitoral.com.ar\/%77%70%2d%63%6f%6e%74%65%6e%74\/uploads\/2014\/03\/Padre-Mario-300x168.jpg 300w, https:\/\/informelitoral.com.ar\/%77%70%2d%63%6f%6e%74%65%6e%74\/uploads\/2014\/03\/Padre-Mario.jpg 640w\" sizes=\"auto, (max-width: 300px) 100vw, 300px\" \/><\/a><\/p>\n<p><b>In\u00e9s G\u00f3mez <\/b>y<b> Graciela Todone<\/b>, dos de las personas que solicitan el alejamiento del sacerdote,<b>\u00a0<\/b>dieron sus razones del pedido formulado: \u201cNosotros estamos acostumbrados a saludar al p\u00e1rroco y darles un beso, pero este sacerdote, no lo hace\u2026 Desprecia a los fieles y si lo salud\u00e1s no te contesta\u2026 Estamos horrorizadas con este cura. Hay chicas que fueron por un consejo espiritual y les dijo que necesitan un psic\u00f3logo o un psiquiatra. <strong>En Isletas, en una misa, hizo sentar a la gente alemana por un lado y a la cat\u00f3lica por otro y les pidi\u00f3 a los que eran alemanes, que se vayan.<\/strong> En Camps no da misas, porque ha tenido diferencia con los fieles, lo mismo en Aranguren. Cuando la misa la celebra el Padre Javier, que es el segundo de la parroquia, siempre est\u00e1 llena la Iglesia, en cambio cuando lo hace el Padre Mario, van dos \u00f3 tres personas. Muchos fieles se han ido de la Iglesia e incluso sacaron sus hijos de la Escuela Cat\u00f3lica\u2026 Mientras tanto, la Iglesia Evang\u00e9lica tuvo que traer otro pastor porque no dan abasto, de la cantidad de gente que se est\u00e1 pasando\u2026 Y a todas las personas que est\u00e1n tratando de que \u00e9l no sea m\u00e1s el p\u00e1rroco, se ha encargado de descalificarlas, con el fin de desmerecer su testimonio. Pedimos que se vaya de Ram\u00edrez y que no vuelva a otra Iglesia, porque a esto lo viene haciendo en cada lugar\u2026 En Nogoy\u00e1 estuvo en la Iglesia San Ram\u00f3n e hizo un desastre, marc\u00f3 a las familias\u2026 Fuimos y hablamos con Monse\u00f1or Puiggari, pero lo respalda, lo sostiene con tanta firmeza y no sabemos por qu\u00e9. \u00bfQu\u00e9 es lo que le sabe Mario Ventura de Monse\u00f1or Puiggari para que no lo traslade\u2026? El aplica el Evangelio, pero en la historia nunca he escuchado que se bauticen chicos con velas rojas y \u00e9l lo realiza. Con ese color significa un sacrificio, a esos chiquitos que \u00e9l pide que se bauticen con ropa blanca, les pone una vela roja, est\u00e1n las fotos como muestra\u2026 Es un sacerdote que no usa sotana, no lleva el crisma, anda de short, alpargatas, bombachas, camisa desprendida, un sombrero grande\u2026 No lo vemos como un sacerdote con una t\u00fanica, respetuoso con la gente, de saludar, hablar\u2026 A \u00e9l le molestan los ni\u00f1os en la misa, que tienen que ir al sal\u00f3n de al lado y jugar all\u00ed durante las celebraciones, porque no le gusta el barullo\u201d.<\/p>\n<p><strong>Quienes lo apoyan<\/strong><\/p>\n<p><strong><\/strong>\u00a0<b>Magal\u00ed Azc\u00e1rate, Pablo Albornoz <\/b>y<b> Rogelio Saavedra<\/b>, tambi\u00e9n dieron su versi\u00f3n<b>.\u00a0<\/b>\u201cEs lamentable lo que est\u00e1 sucediendo, es la insensatez e ignorancia, m\u00e1s que nada, la falta de formaci\u00f3n de las personas, porque pareciera que todo el mundo puede opinar de religi\u00f3n sin saber, pero\u2026 \u00bfpor qu\u00e9 no opinan de medicina, de ingenier\u00eda, como lo hacen con la religi\u00f3n\u2026? Las personas que dicen \u2018estas cosas\u2019, no s\u00e9 de que se valen, porque jam\u00e1s van a misa o a la parroquia\u201d afirm\u00f3 Saavedra. Azc\u00e1rate expres\u00f3 que \u201cdicen que no se bautiza a hijos de madres solteras, lo que es totalmente falso. Adem\u00e1s aclaramos que la estad\u00edstica de bautismos ha sido igual que en a\u00f1os anteriores, con otros p\u00e1rrocos. Si la gente se informa y va a la fuente, no habr\u00e1 malos entendidos. Puede ser que haya gente que se dej\u00f3 llevar por el \u2018boca a boca\u2019 sin consultar a la fuente y eso provoc\u00f3 equ\u00edvocos\u2026 Se celebran tres misas en la parroquia, los s\u00e1bados por la tarde y los viernes en dos turnos y el templo siempre est\u00e1 repleto.\u00a0No es cierto que van dos \u00f3 tres personas\u2026. Nosotros venimos a hablar acerca de c\u00f3mo se trabaja en la comunidad y qu\u00e9 estamos haciendo d\u00eda a d\u00eda, lo que otras personas piensen y los fundamentos que ellos tienen, corre por cuenta de ellos. Damos fe de lo que trabajamos junto con los grupos de la parroquia, defendemos a la Iglesia\u2026 Ellos afirman que nos estamos retirando y no es as\u00ed\u2026 La comunidad cat\u00f3lica est\u00e1 bien conducida y nos sentimos muy alegres y estamos muy cerca de Dios. Una parroquia no se forma solamente con el sacerdote, sino con todos lo grupos. Ante la cantidad de falsos testimonios y falacias que recibimos en contra de nuestra Iglesia, decidimos contar lo que hacemos. No vemos que haya motivos para tener que hablar con el obispo como lo hicieron, porque consideramos que la Iglesia est\u00e1 trabajando bien. En la \u00faltima reuni\u00f3n de la Pastoral planteamos salir a la calle, como dice el Papa Francisco, para dar a conocer nuestra fe y nuestro accionar y lo estamos haciendo\u201d.<\/p>\n<p><b>&#8211; \u00bfNotan que el Padre Mario es esquivo con los fieles?<\/b><\/p>\n<p>&#8211; Tiene un perfil bajo\u2026 siempre est\u00e1 humildemente vestido\u2026 \u00c9l trabaja mucho en la parte de la escuela y no va a andar vestido de sotana, se pone pantalones para trabajar\u2026 Damos fe que colabora, que hace mucho por la escuela y por la parroquia\u2026 Se dijo que no celebra misa en Aranguren y en Camps, pero no es as\u00ed\u2026 En Camps, por ejemplo, se da misa los segundos y cuartos domingos del mes, porque el resto de los domingos va a Isletas. El Padre Mario hace 4 a\u00f1os que est\u00e1 y deseamos que est\u00e9 los a\u00f1os que le corresponde y si lo dejan que est\u00e9 m\u00e1s, estar\u00edamos contentos tambi\u00e9n.<\/p>\n<p>Fuente:<em> El Observador<\/em><\/p>\n","protected":false},"excerpt":{"rendered":"<p>Un grupo de fieles cat&oacute;licos de General Ram&iacute;rez, present&oacute; en 2013 una nota al Arzobispado de Paran&aacute;, solicitando el traslado del padre Mario Ventura, sacerdote que dirige la Parroquia Sagrado Coraz&oacute;n de esa ciudad. En la misiva, solicitaban la llegada de &ldquo;un cura comunicativo, social, que escuche y no corra a los fieles cat&oacute;licos por [&hellip;]<\/p>\n","protected":false},"author":2,"featured_media":0,"comment_status":"open","ping_status":"open","sticky":false,"template":"","format":"standard","meta":{"fifu_image_url":"","fifu_image_alt":"","footnotes":""},"categories":[5,9],"tags":[],"class_list":{"0":"post-6083","1":"post","2":"type-post","3":"status-publish","4":"format-standard","6":"category-zonales","7":"category-sociedad"},"yoast_head":"<title>Ram\u00edrez: opiniones divididas entre cat\u00f3licos respecto al padre Ventura  - Informe Litoral<\/title>\n<meta name=\"robots\" content=\"index, follow, max-snippet:-1, max-image-preview:large, max-video-preview:-1\" \/>\n<link rel=\"canonical\" href=\"https:\/\/informelitoral.com.ar\/ramirez-opiniones-divididas-entre-catolicos-respecto-al-padre-ventura\/\" \/>\n<meta property=\"og:locale\" content=\"es_ES\" \/>\n<meta property=\"og:type\" content=\"article\" \/>\n<meta property=\"og:title\" content=\"Ram\u00edrez: opiniones divididas entre cat\u00f3licos respecto al padre Ventura  - Informe Litoral\" \/>\n<meta property=\"og:description\" content=\"Un grupo de fieles cat&oacute;licos de General Ram&iacute;rez, present&oacute; en 2013 una nota al Arzobispado de Paran&aacute;, solicitando el traslado del padre Mario Ventura, sacerdote que dirige la Parroquia Sagrado Coraz&oacute;n de esa ciudad. En la misiva, solicitaban la llegada de &ldquo;un cura comunicativo, social, que escuche y no corra a los fieles cat&oacute;licos por [&hellip;]\" \/>\n<meta property=\"og:url\" content=\"https:\/\/informelitoral.com.ar\/ramirez-opiniones-divididas-entre-catolicos-respecto-al-padre-ventura\/\" \/>\n<meta property=\"og:site_name\" content=\"Informe Litoral\" \/>\n<meta property=\"article:publisher\" content=\"https:\/\/www.facebook.com\/informelitoral\/\" \/>\n<meta property=\"article:published_time\" content=\"2014-03-17T04:04:43+00:00\" \/>\n<meta property=\"og:image\" content=\"https:\/\/informelitoral.com.ar\/%77%70%2d%63%6f%6e%74%65%6e%74\/uploads\/2014\/03\/Padre-Mario.jpg\" \/>\n\t<meta property=\"og:image:width\" content=\"640\" \/>\n\t<meta property=\"og:image:height\" content=\"360\" \/>\n\t<meta property=\"og:image:type\" content=\"image\/jpeg\" \/>\n<meta name=\"author\" content=\"Gonzalo Schmidt\" \/>\n<meta name=\"twitter:card\" content=\"summary_large_image\" \/>\n<meta name=\"twitter:creator\" content=\"@InformeLitoral\" \/>\n<meta name=\"twitter:site\" content=\"@InformeLitoral\" \/>\n<meta name=\"twitter:label1\" content=\"Escrito por\" \/>\n\t<meta name=\"twitter:data1\" content=\"Gonzalo Schmidt\" \/>\n\t<meta name=\"twitter:label2\" content=\"Tiempo de lectura\" \/>\n\t<meta name=\"twitter:data2\" content=\"5 minutos\" \/>\n<script type=\"application\/ld+json\" class=\"yoast-schema-graph\">{\"@context\":\"https:\\\/\\\/schema.org\",\"@graph\":[{\"@type\":\"Article\",\"@id\":\"https:\\\/\\\/informelitoral.com.ar\\\/ramirez-opiniones-divididas-entre-catolicos-respecto-al-padre-ventura\\\/#article\",\"isPartOf\":{\"@id\":\"https:\\\/\\\/informelitoral.com.ar\\\/ramirez-opiniones-divididas-entre-catolicos-respecto-al-padre-ventura\\\/\"},\"author\":{\"name\":\"Gonzalo Schmidt\",\"@id\":\"https:\\\/\\\/informelitoral.com.ar\\\/#\\\/schema\\\/person\\\/b9d00407c836482871ef1d57bf8e3180\"},\"headline\":\"Ram\u00edrez: opiniones divididas entre cat\u00f3licos respecto al padre Ventura\",\"datePublished\":\"2014-03-17T04:04:43+00:00\",\"mainEntityOfPage\":{\"@id\":\"https:\\\/\\\/informelitoral.com.ar\\\/ramirez-opiniones-divididas-entre-catolicos-respecto-al-padre-ventura\\\/\"},\"wordCount\":1043,\"commentCount\":1,\"publisher\":{\"@id\":\"https:\\\/\\\/informelitoral.com.ar\\\/#organization\"},\"image\":{\"@id\":\"https:\\\/\\\/informelitoral.com.ar\\\/ramirez-opiniones-divididas-entre-catolicos-respecto-al-padre-ventura\\\/#primaryimage\"},\"thumbnailUrl\":\"http:\\\/\\\/www.isletasnoticias.com.ar\\\/%77%70%2d%63%6f%6e%74%65%6e%74\\\/uploads\\\/2014\\\/03\\\/Padre-Mario-300x168.jpg\",\"articleSection\":[\"Departamento Diamante\",\"Sociedad\"],\"inLanguage\":\"es\",\"potentialAction\":[{\"@type\":\"CommentAction\",\"name\":\"Comment\",\"target\":[\"https:\\\/\\\/informelitoral.com.ar\\\/ramirez-opiniones-divididas-entre-catolicos-respecto-al-padre-ventura\\\/#respond\"]}]},{\"@type\":\"WebPage\",\"@id\":\"https:\\\/\\\/informelitoral.com.ar\\\/ramirez-opiniones-divididas-entre-catolicos-respecto-al-padre-ventura\\\/\",\"url\":\"https:\\\/\\\/informelitoral.com.ar\\\/ramirez-opiniones-divididas-entre-catolicos-respecto-al-padre-ventura\\\/\",\"name\":\"Ram\u00edrez: opiniones divididas entre cat\u00f3licos respecto al padre Ventura - Informe Litoral\",\"isPartOf\":{\"@id\":\"https:\\\/\\\/informelitoral.com.ar\\\/#website\"},\"primaryImageOfPage\":{\"@id\":\"https:\\\/\\\/informelitoral.com.ar\\\/ramirez-opiniones-divididas-entre-catolicos-respecto-al-padre-ventura\\\/#primaryimage\"},\"image\":{\"@id\":\"https:\\\/\\\/informelitoral.com.ar\\\/ramirez-opiniones-divididas-entre-catolicos-respecto-al-padre-ventura\\\/#primaryimage\"},\"thumbnailUrl\":\"http:\\\/\\\/www.isletasnoticias.com.ar\\\/%77%70%2d%63%6f%6e%74%65%6e%74\\\/uploads\\\/2014\\\/03\\\/Padre-Mario-300x168.jpg\",\"datePublished\":\"2014-03-17T04:04:43+00:00\",\"breadcrumb\":{\"@id\":\"https:\\\/\\\/informelitoral.com.ar\\\/ramirez-opiniones-divididas-entre-catolicos-respecto-al-padre-ventura\\\/#breadcrumb\"},\"inLanguage\":\"es\",\"potentialAction\":[{\"@type\":\"ReadAction\",\"target\":[\"https:\\\/\\\/informelitoral.com.ar\\\/ramirez-opiniones-divididas-entre-catolicos-respecto-al-padre-ventura\\\/\"]}]},{\"@type\":\"ImageObject\",\"inLanguage\":\"es\",\"@id\":\"https:\\\/\\\/informelitoral.com.ar\\\/ramirez-opiniones-divididas-entre-catolicos-respecto-al-padre-ventura\\\/#primaryimage\",\"url\":\"http:\\\/\\\/www.isletasnoticias.com.ar\\\/%77%70%2d%63%6f%6e%74%65%6e%74\\\/uploads\\\/2014\\\/03\\\/Padre-Mario-300x168.jpg\",\"contentUrl\":\"http:\\\/\\\/www.isletasnoticias.com.ar\\\/%77%70%2d%63%6f%6e%74%65%6e%74\\\/uploads\\\/2014\\\/03\\\/Padre-Mario-300x168.jpg\"},{\"@type\":\"BreadcrumbList\",\"@id\":\"https:\\\/\\\/informelitoral.com.ar\\\/ramirez-opiniones-divididas-entre-catolicos-respecto-al-padre-ventura\\\/#breadcrumb\",\"itemListElement\":[{\"@type\":\"ListItem\",\"position\":1,\"name\":\"Portada\",\"item\":\"https:\\\/\\\/informelitoral.com.ar\\\/\"},{\"@type\":\"ListItem\",\"position\":2,\"name\":\"Ram\u00edrez: opiniones divididas entre cat\u00f3licos respecto al padre Ventura\"}]},{\"@type\":\"WebSite\",\"@id\":\"https:\\\/\\\/informelitoral.com.ar\\\/#website\",\"url\":\"https:\\\/\\\/informelitoral.com.ar\\\/\",\"name\":\"Informe Litoral\",\"description\":\"&quot;Nos informamos&quot; \",\"publisher\":{\"@id\":\"https:\\\/\\\/informelitoral.com.ar\\\/#organization\"},\"potentialAction\":[{\"@type\":\"SearchAction\",\"target\":{\"@type\":\"EntryPoint\",\"urlTemplate\":\"https:\\\/\\\/informelitoral.com.ar\\\/?s={search_term_string}\"},\"query-input\":{\"@type\":\"PropertyValueSpecification\",\"valueRequired\":true,\"valueName\":\"search_term_string\"}}],\"inLanguage\":\"es\"},{\"@type\":\"Organization\",\"@id\":\"https:\\\/\\\/informelitoral.com.ar\\\/#organization\",\"name\":\"Informe Litoral\",\"url\":\"https:\\\/\\\/informelitoral.com.ar\\\/\",\"logo\":{\"@type\":\"ImageObject\",\"inLanguage\":\"es\",\"@id\":\"https:\\\/\\\/informelitoral.com.ar\\\/#\\\/schema\\\/logo\\\/image\\\/\",\"url\":\"https:\\\/\\\/informelitoral.com.ar\\\/%77%70%2d%63%6f%6e%74%65%6e%74\\\/uploads\\\/2021\\\/01\\\/circulo.png\",\"contentUrl\":\"https:\\\/\\\/informelitoral.com.ar\\\/%77%70%2d%63%6f%6e%74%65%6e%74\\\/uploads\\\/2021\\\/01\\\/circulo.png\",\"width\":723,\"height\":731,\"caption\":\"Informe Litoral\"},\"image\":{\"@id\":\"https:\\\/\\\/informelitoral.com.ar\\\/#\\\/schema\\\/logo\\\/image\\\/\"},\"sameAs\":[\"https:\\\/\\\/www.facebook.com\\\/informelitoral\\\/\",\"https:\\\/\\\/x.com\\\/InformeLitoral\",\"https:\\\/\\\/www.instagram.com\\\/informelitoral\\\/\",\"https:\\\/\\\/www.youtube.com\\\/channel\\\/UCua4Qvz8Icb6MYqhoq9xLXw\"]},{\"@type\":\"Person\",\"@id\":\"https:\\\/\\\/informelitoral.com.ar\\\/#\\\/schema\\\/person\\\/b9d00407c836482871ef1d57bf8e3180\",\"name\":\"Gonzalo Schmidt\",\"image\":{\"@type\":\"ImageObject\",\"inLanguage\":\"es\",\"@id\":\"https:\\\/\\\/secure.gravatar.com\\\/avatar\\\/31a1a7b66ff2de83bd0e9fd79d026630d2d99e55e8bfe501287647b4fd9743de?s=96&d=mm&r=g\",\"url\":\"https:\\\/\\\/secure.gravatar.com\\\/avatar\\\/31a1a7b66ff2de83bd0e9fd79d026630d2d99e55e8bfe501287647b4fd9743de?s=96&d=mm&r=g\",\"contentUrl\":\"https:\\\/\\\/secure.gravatar.com\\\/avatar\\\/31a1a7b66ff2de83bd0e9fd79d026630d2d99e55e8bfe501287647b4fd9743de?s=96&d=mm&r=g\",\"caption\":\"Gonzalo Schmidt\"},\"description\":\"Sitio web de noticias de la provincia de Entre R\u00edos, Argentina. Informaci\u00f3n y entretenimiento. Informe Litoral, nos informamos.\",\"sameAs\":[\"http:\\\/\\\/www.isletasnoticias.com.ar\"],\"url\":\"https:\\\/\\\/informelitoral.com.ar\\\/author\\\/gonzalo\\\/\"}]}<\/script>","yoast_head_json":{"title":"Ram\u00edrez: opiniones divididas entre cat\u00f3licos respecto al padre Ventura  - Informe Litoral","robots":{"index":"index","follow":"follow","max-snippet":"max-snippet:-1","max-image-preview":"max-image-preview:large","max-video-preview":"max-video-preview:-1"},"canonical":"https:\/\/informelitoral.com.ar\/ramirez-opiniones-divididas-entre-catolicos-respecto-al-padre-ventura\/","og_locale":"es_ES","og_type":"article","og_title":"Ram\u00edrez: opiniones divididas entre cat\u00f3licos respecto al padre Ventura  - Informe Litoral","og_description":"Un grupo de fieles cat&oacute;licos de General Ram&iacute;rez, present&oacute; en 2013 una nota al Arzobispado de Paran&aacute;, solicitando el traslado del padre Mario Ventura, sacerdote que dirige la Parroquia Sagrado Coraz&oacute;n de esa ciudad. En la misiva, solicitaban la llegada de &ldquo;un cura comunicativo, social, que escuche y no corra a los fieles cat&oacute;licos por [&hellip;]","og_url":"https:\/\/informelitoral.com.ar\/ramirez-opiniones-divididas-entre-catolicos-respecto-al-padre-ventura\/","og_site_name":"Informe Litoral","article_publisher":"https:\/\/www.facebook.com\/informelitoral\/","article_published_time":"2014-03-17T04:04:43+00:00","og_image":[{"width":640,"height":360,"url":"https:\/\/informelitoral.com.ar\/%77%70%2d%63%6f%6e%74%65%6e%74\/uploads\/2014\/03\/Padre-Mario.jpg","type":"image\/jpeg"}],"author":"Gonzalo Schmidt","twitter_card":"summary_large_image","twitter_creator":"@InformeLitoral","twitter_site":"@InformeLitoral","twitter_misc":{"Escrito por":"Gonzalo Schmidt","Tiempo de lectura":"5 minutos"},"schema":{"@context":"https:\/\/schema.org","@graph":[{"@type":"Article","@id":"https:\/\/informelitoral.com.ar\/ramirez-opiniones-divididas-entre-catolicos-respecto-al-padre-ventura\/#article","isPartOf":{"@id":"https:\/\/informelitoral.com.ar\/ramirez-opiniones-divididas-entre-catolicos-respecto-al-padre-ventura\/"},"author":{"name":"Gonzalo Schmidt","@id":"https:\/\/informelitoral.com.ar\/#\/schema\/person\/b9d00407c836482871ef1d57bf8e3180"},"headline":"Ram\u00edrez: opiniones divididas entre cat\u00f3licos respecto al padre Ventura","datePublished":"2014-03-17T04:04:43+00:00","mainEntityOfPage":{"@id":"https:\/\/informelitoral.com.ar\/ramirez-opiniones-divididas-entre-catolicos-respecto-al-padre-ventura\/"},"wordCount":1043,"commentCount":1,"publisher":{"@id":"https:\/\/informelitoral.com.ar\/#organization"},"image":{"@id":"https:\/\/informelitoral.com.ar\/ramirez-opiniones-divididas-entre-catolicos-respecto-al-padre-ventura\/#primaryimage"},"thumbnailUrl":"http:\/\/www.isletasnoticias.com.ar\/%77%70%2d%63%6f%6e%74%65%6e%74\/uploads\/2014\/03\/Padre-Mario-300x168.jpg","articleSection":["Departamento Diamante","Sociedad"],"inLanguage":"es","potentialAction":[{"@type":"CommentAction","name":"Comment","target":["https:\/\/informelitoral.com.ar\/ramirez-opiniones-divididas-entre-catolicos-respecto-al-padre-ventura\/#respond"]}]},{"@type":"WebPage","@id":"https:\/\/informelitoral.com.ar\/ramirez-opiniones-divididas-entre-catolicos-respecto-al-padre-ventura\/","url":"https:\/\/informelitoral.com.ar\/ramirez-opiniones-divididas-entre-catolicos-respecto-al-padre-ventura\/","name":"Ram\u00edrez: opiniones divididas entre cat\u00f3licos respecto al padre Ventura - Informe Litoral","isPartOf":{"@id":"https:\/\/informelitoral.com.ar\/#website"},"primaryImageOfPage":{"@id":"https:\/\/informelitoral.com.ar\/ramirez-opiniones-divididas-entre-catolicos-respecto-al-padre-ventura\/#primaryimage"},"image":{"@id":"https:\/\/informelitoral.com.ar\/ramirez-opiniones-divididas-entre-catolicos-respecto-al-padre-ventura\/#primaryimage"},"thumbnailUrl":"http:\/\/www.isletasnoticias.com.ar\/%77%70%2d%63%6f%6e%74%65%6e%74\/uploads\/2014\/03\/Padre-Mario-300x168.jpg","datePublished":"2014-03-17T04:04:43+00:00","breadcrumb":{"@id":"https:\/\/informelitoral.com.ar\/ramirez-opiniones-divididas-entre-catolicos-respecto-al-padre-ventura\/#breadcrumb"},"inLanguage":"es","potentialAction":[{"@type":"ReadAction","target":["https:\/\/informelitoral.com.ar\/ramirez-opiniones-divididas-entre-catolicos-respecto-al-padre-ventura\/"]}]},{"@type":"ImageObject","inLanguage":"es","@id":"https:\/\/informelitoral.com.ar\/ramirez-opiniones-divididas-entre-catolicos-respecto-al-padre-ventura\/#primaryimage","url":"http:\/\/www.isletasnoticias.com.ar\/%77%70%2d%63%6f%6e%74%65%6e%74\/uploads\/2014\/03\/Padre-Mario-300x168.jpg","contentUrl":"http:\/\/www.isletasnoticias.com.ar\/%77%70%2d%63%6f%6e%74%65%6e%74\/uploads\/2014\/03\/Padre-Mario-300x168.jpg"},{"@type":"BreadcrumbList","@id":"https:\/\/informelitoral.com.ar\/ramirez-opiniones-divididas-entre-catolicos-respecto-al-padre-ventura\/#breadcrumb","itemListElement":[{"@type":"ListItem","position":1,"name":"Portada","item":"https:\/\/informelitoral.com.ar\/"},{"@type":"ListItem","position":2,"name":"Ram\u00edrez: opiniones divididas entre cat\u00f3licos respecto al padre Ventura"}]},{"@type":"WebSite","@id":"https:\/\/informelitoral.com.ar\/#website","url":"https:\/\/informelitoral.com.ar\/","name":"Informe Litoral","description":"&quot;Nos informamos&quot; ","publisher":{"@id":"https:\/\/informelitoral.com.ar\/#organization"},"potentialAction":[{"@type":"SearchAction","target":{"@type":"EntryPoint","urlTemplate":"https:\/\/informelitoral.com.ar\/?s={search_term_string}"},"query-input":{"@type":"PropertyValueSpecification","valueRequired":true,"valueName":"search_term_string"}}],"inLanguage":"es"},{"@type":"Organization","@id":"https:\/\/informelitoral.com.ar\/#organization","name":"Informe Litoral","url":"https:\/\/informelitoral.com.ar\/","logo":{"@type":"ImageObject","inLanguage":"es","@id":"https:\/\/informelitoral.com.ar\/#\/schema\/logo\/image\/","url":"https:\/\/informelitoral.com.ar\/%77%70%2d%63%6f%6e%74%65%6e%74\/uploads\/2021\/01\/circulo.png","contentUrl":"https:\/\/informelitoral.com.ar\/%77%70%2d%63%6f%6e%74%65%6e%74\/uploads\/2021\/01\/circulo.png","width":723,"height":731,"caption":"Informe Litoral"},"image":{"@id":"https:\/\/informelitoral.com.ar\/#\/schema\/logo\/image\/"},"sameAs":["https:\/\/www.facebook.com\/informelitoral\/","https:\/\/x.com\/InformeLitoral","https:\/\/www.instagram.com\/informelitoral\/","https:\/\/www.youtube.com\/channel\/UCua4Qvz8Icb6MYqhoq9xLXw"]},{"@type":"Person","@id":"https:\/\/informelitoral.com.ar\/#\/schema\/person\/b9d00407c836482871ef1d57bf8e3180","name":"Gonzalo Schmidt","image":{"@type":"ImageObject","inLanguage":"es","@id":"https:\/\/secure.gravatar.com\/avatar\/31a1a7b66ff2de83bd0e9fd79d026630d2d99e55e8bfe501287647b4fd9743de?s=96&d=mm&r=g","url":"https:\/\/secure.gravatar.com\/avatar\/31a1a7b66ff2de83bd0e9fd79d026630d2d99e55e8bfe501287647b4fd9743de?s=96&d=mm&r=g","contentUrl":"https:\/\/secure.gravatar.com\/avatar\/31a1a7b66ff2de83bd0e9fd79d026630d2d99e55e8bfe501287647b4fd9743de?s=96&d=mm&r=g","caption":"Gonzalo Schmidt"},"description":"Sitio web de noticias de la provincia de Entre R\u00edos, Argentina. Informaci\u00f3n y entretenimiento. Informe Litoral, nos informamos.","sameAs":["http:\/\/www.isletasnoticias.com.ar"],"url":"https:\/\/informelitoral.com.ar\/author\/gonzalo\/"}]}},"_links":{"self":[{"href":"https:\/\/informelitoral.com.ar\/%77%70%2d%6a%73%6f%6e\/wp\/v2\/posts\/6083","targetHints":{"allow":["GET"]}}],"collection":[{"href":"https:\/\/informelitoral.com.ar\/%77%70%2d%6a%73%6f%6e\/wp\/v2\/posts"}],"about":[{"href":"https:\/\/informelitoral.com.ar\/%77%70%2d%6a%73%6f%6e\/wp\/v2\/types\/post"}],"author":[{"embeddable":true,"href":"https:\/\/informelitoral.com.ar\/%77%70%2d%6a%73%6f%6e\/wp\/v2\/users\/2"}],"replies":[{"embeddable":true,"href":"https:\/\/informelitoral.com.ar\/%77%70%2d%6a%73%6f%6e\/wp\/v2\/comments?post=6083"}],"version-history":[{"count":0,"href":"https:\/\/informelitoral.com.ar\/%77%70%2d%6a%73%6f%6e\/wp\/v2\/posts\/6083\/revisions"}],"wp:attachment":[{"href":"https:\/\/informelitoral.com.ar\/%77%70%2d%6a%73%6f%6e\/wp\/v2\/media?parent=6083"}],"wp:term":[{"taxonomy":"category","embeddable":true,"href":"https:\/\/informelitoral.com.ar\/%77%70%2d%6a%73%6f%6e\/wp\/v2\/categories?post=6083"},{"taxonomy":"post_tag","embeddable":true,"href":"https:\/\/informelitoral.com.ar\/%77%70%2d%6a%73%6f%6e\/wp\/v2\/tags?post=6083"}],"curies":[{"name":"wp","href":"https:\/\/api.w.org\/{rel}","templated":true}]}}