{"id":60752,"date":"2021-06-04T08:31:07","date_gmt":"2021-06-04T11:31:07","guid":{"rendered":"https:\/\/www.informelitoral.com.ar\/?p=60752"},"modified":"2021-06-04T08:31:07","modified_gmt":"2021-06-04T11:31:07","slug":"comenzo-la-segunda-etapa-de-la-obra-en-el-acceso-a-aldea-brasilera","status":"publish","type":"post","link":"https:\/\/informelitoral.com.ar\/comenzo-la-segunda-etapa-de-la-obra-en-el-acceso-a-aldea-brasilera\/","title":{"rendered":"Comenz\u00f3 la segunda etapa de la obra en el acceso a Aldea Brasilera"},"content":{"rendered":"<p>Este jueves, la directora Administradora de Vialidad Provincial, <strong>Alicia Ben\u00edtez<\/strong>, acompa\u00f1ada por la senadora provincial,<strong> Claudia Gieco<\/strong>, y el intendente de Aldea Brasilera, <strong>Hugo Ram\u00edrez,<\/strong> dieron inicio formal a la segunda etapa de la obra b\u00e1sica y pavimento en el tramo calle Corrientes hacia el cementerio de la localidad.<\/p>\n<p>Al respecto, la titular del ente vial dijo: \u201cHace unos d\u00edas el gobernador de la provincia, Gustavo Bordet, hab\u00eda firmado el contrato de la obra y hoy hemos dado inicio formal al comienzo de las tareas en la etapa donde comienzan a correr los plazos de ejecuci\u00f3n para continuar con la rehabilitaci\u00f3n del acceso a Aldea Brasilera, el cual cuenta con cord\u00f3n cuneta y se completa hasta la zona del cementerio\u201d.<\/p>\n<p>Asimismo, agreg\u00f3: \u201cEn la oportunidad junto a la senadora del departamento y el intendente, recorrimos el lugar de los trabajos para detectar que tipo de obra es y si hay que realizar algunos cambios en la traza y otros detalles. Sin dudas, que gracias al financiamiento de Naci\u00f3n podemos encarar este tipo de trabajos en la provincia\u201d.<\/p>\n<p>A su turno, Claudia Gieco expres\u00f3: \u201cEstamos trabajando muy bien entre el gobierno nacional y provincial, con obras importantes como los accesos a Brasilera, Spatzenkutter, la ruta 131, Rscedo -Crespo, el mejorado de algunos caminos productivos de Isletas, entre otras obras de destacadas inversiones de gran impacto para comunidades que han esperado hace mucho tener este reconocimiento cultural, social y econ\u00f3mico\u201d.<\/p>\n<p>Por su parte, el presidente comunal, Hugo Ram\u00edrez, se\u00f1al\u00f3: \u201cHoy es un d\u00eda muy importante porque se da inicio a la obra que ser\u00e1 complemento de los trabajos que se han hecho desde el ingreso por la ruta 11 hasta calle Corrientes y s\u00f3lo restar\u00eda esta nueva etapa desde esta \u00faltima arteria hasta la zona de Alvear pasando por el cementerio\u201d. Tambi\u00e9n, apunt\u00f3: \u201cLo vemos como un gran beneficio para la parte gastron\u00f3mica, los turistas, las personas que asisten al cementerio y los vecinos de nuestra Aldea\u201d.<\/p>\n<blockquote class=\"wp-embedded-content\" data-secret=\"vEiC5SNKU1\"><p><a href=\"https:\/\/www.informelitoral.com.ar\/bordet-en-aldea-brasilera-comenzara-la-obra-de-acceso-a-la-localidad\/\">Bordet en Aldea Brasilera: comenzar\u00e1 la obra de acceso a la localidad<\/a><\/p><\/blockquote>\n<p><iframe loading=\"lazy\" class=\"wp-embedded-content\" sandbox=\"allow-scripts\" security=\"restricted\" style=\"position: absolute; clip: rect(1px, 1px, 1px, 1px);\" title=\"\u00abBordet en Aldea Brasilera: comenzar\u00e1 la obra de acceso a la localidad\u00bb \u2014 Informe Litoral\" src=\"https:\/\/www.informelitoral.com.ar\/bordet-en-aldea-brasilera-comenzara-la-obra-de-acceso-a-la-localidad\/embed\/#?secret=vEiC5SNKU1\" data-secret=\"vEiC5SNKU1\" width=\"600\" height=\"338\" frameborder=\"0\" marginwidth=\"0\" marginheight=\"0\" scrolling=\"no\"><\/iframe><\/p>\n","protected":false},"excerpt":{"rendered":"<p>La provincia dio inicio formal a la segunda etapa de los trabajos viales en el acceso a la localidad del departamento Diamante. Es el tramo comprendido entre calle Corrientes hacia el cementerio de la localidad.<\/p>\n","protected":false},"author":2,"featured_media":60753,"comment_status":"open","ping_status":"open","sticky":false,"template":"","format":"standard","meta":{"fifu_image_url":"","fifu_image_alt":"","footnotes":""},"categories":[5],"tags":[199,728,107,108],"class_list":{"0":"post-60752","1":"post","2":"type-post","3":"status-publish","4":"format-standard","5":"has-post-thumbnail","7":"category-zonales","8":"tag-aldea-brasilera","9":"tag-dpv","10":"tag-obras-viales","11":"tag-vialidad"},"yoast_head":"<title>Comenz\u00f3 la segunda etapa de la obra en el acceso a Aldea Brasilera - Informe Litoral<\/title>\n<meta name=\"robots\" content=\"index, follow, max-snippet:-1, max-image-preview:large, max-video-preview:-1\" \/>\n<link rel=\"canonical\" href=\"https:\/\/informelitoral.com.ar\/comenzo-la-segunda-etapa-de-la-obra-en-el-acceso-a-aldea-brasilera\/\" \/>\n<meta property=\"og:locale\" content=\"es_ES\" \/>\n<meta property=\"og:type\" content=\"article\" \/>\n<meta property=\"og:title\" content=\"Comenz\u00f3 la segunda etapa de la obra en el acceso a Aldea Brasilera - Informe Litoral\" \/>\n<meta property=\"og:description\" content=\"La provincia dio inicio formal a la segunda etapa de los trabajos viales en el acceso a la localidad del departamento Diamante. Es el tramo comprendido entre calle Corrientes hacia el cementerio de la localidad.\" \/>\n<meta property=\"og:url\" content=\"https:\/\/informelitoral.com.ar\/comenzo-la-segunda-etapa-de-la-obra-en-el-acceso-a-aldea-brasilera\/\" \/>\n<meta property=\"og:site_name\" content=\"Informe Litoral\" \/>\n<meta property=\"article:publisher\" content=\"https:\/\/www.facebook.com\/informelitoral\/\" \/>\n<meta property=\"article:published_time\" content=\"2021-06-04T11:31:07+00:00\" \/>\n<meta property=\"og:image\" content=\"https:\/\/informelitoral.com.ar\/%77%70%2d%63%6f%6e%74%65%6e%74\/uploads\/2021\/06\/1622804250jpg.jpg\" \/>\n\t<meta property=\"og:image:width\" content=\"1920\" \/>\n\t<meta property=\"og:image:height\" content=\"1280\" \/>\n\t<meta property=\"og:image:type\" content=\"image\/jpeg\" \/>\n<meta name=\"author\" content=\"Gonzalo Schmidt\" \/>\n<meta name=\"twitter:card\" content=\"summary_large_image\" \/>\n<meta name=\"twitter:creator\" content=\"@InformeLitoral\" \/>\n<meta name=\"twitter:site\" content=\"@InformeLitoral\" \/>\n<meta name=\"twitter:label1\" content=\"Escrito por\" \/>\n\t<meta name=\"twitter:data1\" content=\"Gonzalo Schmidt\" \/>\n\t<meta name=\"twitter:label2\" content=\"Tiempo de lectura\" \/>\n\t<meta name=\"twitter:data2\" content=\"2 minutos\" \/>\n<script type=\"application\/ld+json\" class=\"yoast-schema-graph\">{\"@context\":\"https:\\\/\\\/schema.org\",\"@graph\":[{\"@type\":\"Article\",\"@id\":\"https:\\\/\\\/informelitoral.com.ar\\\/comenzo-la-segunda-etapa-de-la-obra-en-el-acceso-a-aldea-brasilera\\\/#article\",\"isPartOf\":{\"@id\":\"https:\\\/\\\/informelitoral.com.ar\\\/comenzo-la-segunda-etapa-de-la-obra-en-el-acceso-a-aldea-brasilera\\\/\"},\"author\":{\"name\":\"Gonzalo Schmidt\",\"@id\":\"https:\\\/\\\/informelitoral.com.ar\\\/#\\\/schema\\\/person\\\/b9d00407c836482871ef1d57bf8e3180\"},\"headline\":\"Comenz\u00f3 la segunda etapa de la obra en el acceso a Aldea Brasilera\",\"datePublished\":\"2021-06-04T11:31:07+00:00\",\"mainEntityOfPage\":{\"@id\":\"https:\\\/\\\/informelitoral.com.ar\\\/comenzo-la-segunda-etapa-de-la-obra-en-el-acceso-a-aldea-brasilera\\\/\"},\"wordCount\":360,\"commentCount\":0,\"publisher\":{\"@id\":\"https:\\\/\\\/informelitoral.com.ar\\\/#organization\"},\"image\":{\"@id\":\"https:\\\/\\\/informelitoral.com.ar\\\/comenzo-la-segunda-etapa-de-la-obra-en-el-acceso-a-aldea-brasilera\\\/#primaryimage\"},\"thumbnailUrl\":\"https:\\\/\\\/informelitoral.com.ar\\\/%77%70%2d%63%6f%6e%74%65%6e%74\\\/uploads\\\/2021\\\/06\\\/1622804250jpg.jpg\",\"keywords\":[\"Aldea Brasilera\",\"DPV\",\"Obras viales\",\"Vialidad\"],\"articleSection\":[\"Departamento Diamante\"],\"inLanguage\":\"es\",\"potentialAction\":[{\"@type\":\"CommentAction\",\"name\":\"Comment\",\"target\":[\"https:\\\/\\\/informelitoral.com.ar\\\/comenzo-la-segunda-etapa-de-la-obra-en-el-acceso-a-aldea-brasilera\\\/#respond\"]}]},{\"@type\":\"WebPage\",\"@id\":\"https:\\\/\\\/informelitoral.com.ar\\\/comenzo-la-segunda-etapa-de-la-obra-en-el-acceso-a-aldea-brasilera\\\/\",\"url\":\"https:\\\/\\\/informelitoral.com.ar\\\/comenzo-la-segunda-etapa-de-la-obra-en-el-acceso-a-aldea-brasilera\\\/\",\"name\":\"Comenz\u00f3 la segunda etapa de la obra en el acceso a Aldea Brasilera - Informe Litoral\",\"isPartOf\":{\"@id\":\"https:\\\/\\\/informelitoral.com.ar\\\/#website\"},\"primaryImageOfPage\":{\"@id\":\"https:\\\/\\\/informelitoral.com.ar\\\/comenzo-la-segunda-etapa-de-la-obra-en-el-acceso-a-aldea-brasilera\\\/#primaryimage\"},\"image\":{\"@id\":\"https:\\\/\\\/informelitoral.com.ar\\\/comenzo-la-segunda-etapa-de-la-obra-en-el-acceso-a-aldea-brasilera\\\/#primaryimage\"},\"thumbnailUrl\":\"https:\\\/\\\/informelitoral.com.ar\\\/%77%70%2d%63%6f%6e%74%65%6e%74\\\/uploads\\\/2021\\\/06\\\/1622804250jpg.jpg\",\"datePublished\":\"2021-06-04T11:31:07+00:00\",\"breadcrumb\":{\"@id\":\"https:\\\/\\\/informelitoral.com.ar\\\/comenzo-la-segunda-etapa-de-la-obra-en-el-acceso-a-aldea-brasilera\\\/#breadcrumb\"},\"inLanguage\":\"es\",\"potentialAction\":[{\"@type\":\"ReadAction\",\"target\":[\"https:\\\/\\\/informelitoral.com.ar\\\/comenzo-la-segunda-etapa-de-la-obra-en-el-acceso-a-aldea-brasilera\\\/\"]}]},{\"@type\":\"ImageObject\",\"inLanguage\":\"es\",\"@id\":\"https:\\\/\\\/informelitoral.com.ar\\\/comenzo-la-segunda-etapa-de-la-obra-en-el-acceso-a-aldea-brasilera\\\/#primaryimage\",\"url\":\"https:\\\/\\\/informelitoral.com.ar\\\/%77%70%2d%63%6f%6e%74%65%6e%74\\\/uploads\\\/2021\\\/06\\\/1622804250jpg.jpg\",\"contentUrl\":\"https:\\\/\\\/informelitoral.com.ar\\\/%77%70%2d%63%6f%6e%74%65%6e%74\\\/uploads\\\/2021\\\/06\\\/1622804250jpg.jpg\",\"width\":1920,\"height\":1280},{\"@type\":\"BreadcrumbList\",\"@id\":\"https:\\\/\\\/informelitoral.com.ar\\\/comenzo-la-segunda-etapa-de-la-obra-en-el-acceso-a-aldea-brasilera\\\/#breadcrumb\",\"itemListElement\":[{\"@type\":\"ListItem\",\"position\":1,\"name\":\"Portada\",\"item\":\"https:\\\/\\\/informelitoral.com.ar\\\/\"},{\"@type\":\"ListItem\",\"position\":2,\"name\":\"Comenz\u00f3 la segunda etapa de la obra en el acceso a Aldea Brasilera\"}]},{\"@type\":\"WebSite\",\"@id\":\"https:\\\/\\\/informelitoral.com.ar\\\/#website\",\"url\":\"https:\\\/\\\/informelitoral.com.ar\\\/\",\"name\":\"Informe Litoral\",\"description\":\"&quot;Nos informamos&quot; \",\"publisher\":{\"@id\":\"https:\\\/\\\/informelitoral.com.ar\\\/#organization\"},\"potentialAction\":[{\"@type\":\"SearchAction\",\"target\":{\"@type\":\"EntryPoint\",\"urlTemplate\":\"https:\\\/\\\/informelitoral.com.ar\\\/?s={search_term_string}\"},\"query-input\":{\"@type\":\"PropertyValueSpecification\",\"valueRequired\":true,\"valueName\":\"search_term_string\"}}],\"inLanguage\":\"es\"},{\"@type\":\"Organization\",\"@id\":\"https:\\\/\\\/informelitoral.com.ar\\\/#organization\",\"name\":\"Informe Litoral\",\"url\":\"https:\\\/\\\/informelitoral.com.ar\\\/\",\"logo\":{\"@type\":\"ImageObject\",\"inLanguage\":\"es\",\"@id\":\"https:\\\/\\\/informelitoral.com.ar\\\/#\\\/schema\\\/logo\\\/image\\\/\",\"url\":\"https:\\\/\\\/informelitoral.com.ar\\\/%77%70%2d%63%6f%6e%74%65%6e%74\\\/uploads\\\/2021\\\/01\\\/circulo.png\",\"contentUrl\":\"https:\\\/\\\/informelitoral.com.ar\\\/%77%70%2d%63%6f%6e%74%65%6e%74\\\/uploads\\\/2021\\\/01\\\/circulo.png\",\"width\":723,\"height\":731,\"caption\":\"Informe Litoral\"},\"image\":{\"@id\":\"https:\\\/\\\/informelitoral.com.ar\\\/#\\\/schema\\\/logo\\\/image\\\/\"},\"sameAs\":[\"https:\\\/\\\/www.facebook.com\\\/informelitoral\\\/\",\"https:\\\/\\\/x.com\\\/InformeLitoral\",\"https:\\\/\\\/www.instagram.com\\\/informelitoral\\\/\",\"https:\\\/\\\/www.youtube.com\\\/channel\\\/UCua4Qvz8Icb6MYqhoq9xLXw\"]},{\"@type\":\"Person\",\"@id\":\"https:\\\/\\\/informelitoral.com.ar\\\/#\\\/schema\\\/person\\\/b9d00407c836482871ef1d57bf8e3180\",\"name\":\"Gonzalo Schmidt\",\"image\":{\"@type\":\"ImageObject\",\"inLanguage\":\"es\",\"@id\":\"https:\\\/\\\/secure.gravatar.com\\\/avatar\\\/31a1a7b66ff2de83bd0e9fd79d026630d2d99e55e8bfe501287647b4fd9743de?s=96&d=mm&r=g\",\"url\":\"https:\\\/\\\/secure.gravatar.com\\\/avatar\\\/31a1a7b66ff2de83bd0e9fd79d026630d2d99e55e8bfe501287647b4fd9743de?s=96&d=mm&r=g\",\"contentUrl\":\"https:\\\/\\\/secure.gravatar.com\\\/avatar\\\/31a1a7b66ff2de83bd0e9fd79d026630d2d99e55e8bfe501287647b4fd9743de?s=96&d=mm&r=g\",\"caption\":\"Gonzalo Schmidt\"},\"description\":\"Sitio web de noticias de la provincia de Entre R\u00edos, Argentina. Informaci\u00f3n y entretenimiento. Informe Litoral, nos informamos.\",\"sameAs\":[\"http:\\\/\\\/www.isletasnoticias.com.ar\"],\"url\":\"https:\\\/\\\/informelitoral.com.ar\\\/author\\\/gonzalo\\\/\"}]}<\/script>","yoast_head_json":{"title":"Comenz\u00f3 la segunda etapa de la obra en el acceso a Aldea Brasilera - Informe Litoral","robots":{"index":"index","follow":"follow","max-snippet":"max-snippet:-1","max-image-preview":"max-image-preview:large","max-video-preview":"max-video-preview:-1"},"canonical":"https:\/\/informelitoral.com.ar\/comenzo-la-segunda-etapa-de-la-obra-en-el-acceso-a-aldea-brasilera\/","og_locale":"es_ES","og_type":"article","og_title":"Comenz\u00f3 la segunda etapa de la obra en el acceso a Aldea Brasilera - Informe Litoral","og_description":"La provincia dio inicio formal a la segunda etapa de los trabajos viales en el acceso a la localidad del departamento Diamante. Es el tramo comprendido entre calle Corrientes hacia el cementerio de la localidad.","og_url":"https:\/\/informelitoral.com.ar\/comenzo-la-segunda-etapa-de-la-obra-en-el-acceso-a-aldea-brasilera\/","og_site_name":"Informe Litoral","article_publisher":"https:\/\/www.facebook.com\/informelitoral\/","article_published_time":"2021-06-04T11:31:07+00:00","og_image":[{"width":1920,"height":1280,"url":"https:\/\/informelitoral.com.ar\/%77%70%2d%63%6f%6e%74%65%6e%74\/uploads\/2021\/06\/1622804250jpg.jpg","type":"image\/jpeg"}],"author":"Gonzalo Schmidt","twitter_card":"summary_large_image","twitter_creator":"@InformeLitoral","twitter_site":"@InformeLitoral","twitter_misc":{"Escrito por":"Gonzalo Schmidt","Tiempo de lectura":"2 minutos"},"schema":{"@context":"https:\/\/schema.org","@graph":[{"@type":"Article","@id":"https:\/\/informelitoral.com.ar\/comenzo-la-segunda-etapa-de-la-obra-en-el-acceso-a-aldea-brasilera\/#article","isPartOf":{"@id":"https:\/\/informelitoral.com.ar\/comenzo-la-segunda-etapa-de-la-obra-en-el-acceso-a-aldea-brasilera\/"},"author":{"name":"Gonzalo Schmidt","@id":"https:\/\/informelitoral.com.ar\/#\/schema\/person\/b9d00407c836482871ef1d57bf8e3180"},"headline":"Comenz\u00f3 la segunda etapa de la obra en el acceso a Aldea Brasilera","datePublished":"2021-06-04T11:31:07+00:00","mainEntityOfPage":{"@id":"https:\/\/informelitoral.com.ar\/comenzo-la-segunda-etapa-de-la-obra-en-el-acceso-a-aldea-brasilera\/"},"wordCount":360,"commentCount":0,"publisher":{"@id":"https:\/\/informelitoral.com.ar\/#organization"},"image":{"@id":"https:\/\/informelitoral.com.ar\/comenzo-la-segunda-etapa-de-la-obra-en-el-acceso-a-aldea-brasilera\/#primaryimage"},"thumbnailUrl":"https:\/\/informelitoral.com.ar\/%77%70%2d%63%6f%6e%74%65%6e%74\/uploads\/2021\/06\/1622804250jpg.jpg","keywords":["Aldea Brasilera","DPV","Obras viales","Vialidad"],"articleSection":["Departamento Diamante"],"inLanguage":"es","potentialAction":[{"@type":"CommentAction","name":"Comment","target":["https:\/\/informelitoral.com.ar\/comenzo-la-segunda-etapa-de-la-obra-en-el-acceso-a-aldea-brasilera\/#respond"]}]},{"@type":"WebPage","@id":"https:\/\/informelitoral.com.ar\/comenzo-la-segunda-etapa-de-la-obra-en-el-acceso-a-aldea-brasilera\/","url":"https:\/\/informelitoral.com.ar\/comenzo-la-segunda-etapa-de-la-obra-en-el-acceso-a-aldea-brasilera\/","name":"Comenz\u00f3 la segunda etapa de la obra en el acceso a Aldea Brasilera - Informe Litoral","isPartOf":{"@id":"https:\/\/informelitoral.com.ar\/#website"},"primaryImageOfPage":{"@id":"https:\/\/informelitoral.com.ar\/comenzo-la-segunda-etapa-de-la-obra-en-el-acceso-a-aldea-brasilera\/#primaryimage"},"image":{"@id":"https:\/\/informelitoral.com.ar\/comenzo-la-segunda-etapa-de-la-obra-en-el-acceso-a-aldea-brasilera\/#primaryimage"},"thumbnailUrl":"https:\/\/informelitoral.com.ar\/%77%70%2d%63%6f%6e%74%65%6e%74\/uploads\/2021\/06\/1622804250jpg.jpg","datePublished":"2021-06-04T11:31:07+00:00","breadcrumb":{"@id":"https:\/\/informelitoral.com.ar\/comenzo-la-segunda-etapa-de-la-obra-en-el-acceso-a-aldea-brasilera\/#breadcrumb"},"inLanguage":"es","potentialAction":[{"@type":"ReadAction","target":["https:\/\/informelitoral.com.ar\/comenzo-la-segunda-etapa-de-la-obra-en-el-acceso-a-aldea-brasilera\/"]}]},{"@type":"ImageObject","inLanguage":"es","@id":"https:\/\/informelitoral.com.ar\/comenzo-la-segunda-etapa-de-la-obra-en-el-acceso-a-aldea-brasilera\/#primaryimage","url":"https:\/\/informelitoral.com.ar\/%77%70%2d%63%6f%6e%74%65%6e%74\/uploads\/2021\/06\/1622804250jpg.jpg","contentUrl":"https:\/\/informelitoral.com.ar\/%77%70%2d%63%6f%6e%74%65%6e%74\/uploads\/2021\/06\/1622804250jpg.jpg","width":1920,"height":1280},{"@type":"BreadcrumbList","@id":"https:\/\/informelitoral.com.ar\/comenzo-la-segunda-etapa-de-la-obra-en-el-acceso-a-aldea-brasilera\/#breadcrumb","itemListElement":[{"@type":"ListItem","position":1,"name":"Portada","item":"https:\/\/informelitoral.com.ar\/"},{"@type":"ListItem","position":2,"name":"Comenz\u00f3 la segunda etapa de la obra en el acceso a Aldea Brasilera"}]},{"@type":"WebSite","@id":"https:\/\/informelitoral.com.ar\/#website","url":"https:\/\/informelitoral.com.ar\/","name":"Informe Litoral","description":"&quot;Nos informamos&quot; ","publisher":{"@id":"https:\/\/informelitoral.com.ar\/#organization"},"potentialAction":[{"@type":"SearchAction","target":{"@type":"EntryPoint","urlTemplate":"https:\/\/informelitoral.com.ar\/?s={search_term_string}"},"query-input":{"@type":"PropertyValueSpecification","valueRequired":true,"valueName":"search_term_string"}}],"inLanguage":"es"},{"@type":"Organization","@id":"https:\/\/informelitoral.com.ar\/#organization","name":"Informe Litoral","url":"https:\/\/informelitoral.com.ar\/","logo":{"@type":"ImageObject","inLanguage":"es","@id":"https:\/\/informelitoral.com.ar\/#\/schema\/logo\/image\/","url":"https:\/\/informelitoral.com.ar\/%77%70%2d%63%6f%6e%74%65%6e%74\/uploads\/2021\/01\/circulo.png","contentUrl":"https:\/\/informelitoral.com.ar\/%77%70%2d%63%6f%6e%74%65%6e%74\/uploads\/2021\/01\/circulo.png","width":723,"height":731,"caption":"Informe Litoral"},"image":{"@id":"https:\/\/informelitoral.com.ar\/#\/schema\/logo\/image\/"},"sameAs":["https:\/\/www.facebook.com\/informelitoral\/","https:\/\/x.com\/InformeLitoral","https:\/\/www.instagram.com\/informelitoral\/","https:\/\/www.youtube.com\/channel\/UCua4Qvz8Icb6MYqhoq9xLXw"]},{"@type":"Person","@id":"https:\/\/informelitoral.com.ar\/#\/schema\/person\/b9d00407c836482871ef1d57bf8e3180","name":"Gonzalo Schmidt","image":{"@type":"ImageObject","inLanguage":"es","@id":"https:\/\/secure.gravatar.com\/avatar\/31a1a7b66ff2de83bd0e9fd79d026630d2d99e55e8bfe501287647b4fd9743de?s=96&d=mm&r=g","url":"https:\/\/secure.gravatar.com\/avatar\/31a1a7b66ff2de83bd0e9fd79d026630d2d99e55e8bfe501287647b4fd9743de?s=96&d=mm&r=g","contentUrl":"https:\/\/secure.gravatar.com\/avatar\/31a1a7b66ff2de83bd0e9fd79d026630d2d99e55e8bfe501287647b4fd9743de?s=96&d=mm&r=g","caption":"Gonzalo Schmidt"},"description":"Sitio web de noticias de la provincia de Entre R\u00edos, Argentina. Informaci\u00f3n y entretenimiento. Informe Litoral, nos informamos.","sameAs":["http:\/\/www.isletasnoticias.com.ar"],"url":"https:\/\/informelitoral.com.ar\/author\/gonzalo\/"}]}},"_links":{"self":[{"href":"https:\/\/informelitoral.com.ar\/%77%70%2d%6a%73%6f%6e\/wp\/v2\/posts\/60752","targetHints":{"allow":["GET"]}}],"collection":[{"href":"https:\/\/informelitoral.com.ar\/%77%70%2d%6a%73%6f%6e\/wp\/v2\/posts"}],"about":[{"href":"https:\/\/informelitoral.com.ar\/%77%70%2d%6a%73%6f%6e\/wp\/v2\/types\/post"}],"author":[{"embeddable":true,"href":"https:\/\/informelitoral.com.ar\/%77%70%2d%6a%73%6f%6e\/wp\/v2\/users\/2"}],"replies":[{"embeddable":true,"href":"https:\/\/informelitoral.com.ar\/%77%70%2d%6a%73%6f%6e\/wp\/v2\/comments?post=60752"}],"version-history":[{"count":0,"href":"https:\/\/informelitoral.com.ar\/%77%70%2d%6a%73%6f%6e\/wp\/v2\/posts\/60752\/revisions"}],"wp:featuredmedia":[{"embeddable":true,"href":"https:\/\/informelitoral.com.ar\/%77%70%2d%6a%73%6f%6e\/wp\/v2\/media\/60753"}],"wp:attachment":[{"href":"https:\/\/informelitoral.com.ar\/%77%70%2d%6a%73%6f%6e\/wp\/v2\/media?parent=60752"}],"wp:term":[{"taxonomy":"category","embeddable":true,"href":"https:\/\/informelitoral.com.ar\/%77%70%2d%6a%73%6f%6e\/wp\/v2\/categories?post=60752"},{"taxonomy":"post_tag","embeddable":true,"href":"https:\/\/informelitoral.com.ar\/%77%70%2d%6a%73%6f%6e\/wp\/v2\/tags?post=60752"}],"curies":[{"name":"wp","href":"https:\/\/api.w.org\/{rel}","templated":true}]}}