{"id":60749,"date":"2021-06-04T06:47:31","date_gmt":"2021-06-04T09:47:31","guid":{"rendered":"https:\/\/www.informelitoral.com.ar\/?p=60749"},"modified":"2021-06-04T07:47:55","modified_gmt":"2021-06-04T10:47:55","slug":"santa-fe-instalaron-un-contenedor-en-la-morgue-ante-un-posible-colapso-sanitario","status":"publish","type":"post","link":"https:\/\/informelitoral.com.ar\/santa-fe-instalaron-un-contenedor-en-la-morgue-ante-un-posible-colapso-sanitario\/","title":{"rendered":"Santa Fe: instalaron un contenedor en la morgue ante un posible colapso sanitario"},"content":{"rendered":"<p>Ante el recrudecimiento de la segunda ola de<strong>\u00a0Covid-19\u00a0<\/strong>en Argentina, el\u00a0Hospital Cullen, uno de los dos que tienen morgue\u00a0en la ciudad de Santa Fe<strong>, instal\u00f3 un contenedor t\u00e9rmico ante un posible colapso sanitario de las dos morgues<\/strong>\u00a0que hay en la capital provincial.<\/p>\n<p><strong>\u00abEs una medida mas\u00a0para anticiparnos ante el alto estr\u00e9s que tienen los efectores, y para seguir d\u00e1ndole a todos los pacientes la atenci\u00f3n y el respeto que merecen\u00bb<\/strong>, dijo a<em> Perfil<\/em> el vocero del Ministerio de Salud de la provincia, confirmando la existencia del contenedor en las inmediaciones de la morgue del hospital. Seg\u00fan informaron los medios locales, la morgue \u00abde emergencia\u00bb todav\u00eda no est\u00e1 en funcionamiento.<\/p>\n<p>EL mi\u00e9rcoles el Ministerio de Salud provincial desminti\u00f3 el rumor que circul\u00f3 sobre todo a trav\u00e9s de las redes sociales que indicaba que las morgues de los dos hospitales de la capital santafesina estaban colapsadas ante la escalada de muertes por Covid-19.<\/p>\n<h2><strong>Los n\u00fameros del Covid-19 de la provincia de Santa Fe<\/strong><\/h2>\n<p><strong>\u201cEstamos pr\u00e1cticamente las 24 horas con un 100% de ocupaci\u00f3n pero con un cambio de un paciente a otro muy vertiginoso<\/strong>\u00a0para poder brindar la atenci\u00f3n necesaria a cada persona que requiera una cama cr\u00edtica\u201d, dijo\u00a0el director del hospital Cullen, Juan Pablo Poletti. Precisamente en la morgue de ese nosocomio fue donde se\u00a0instal\u00f3 el contenedor t\u00e9rmico.<\/p>\n<p>A trav\u00e9s del sitio web del gobierno provincial, el m\u00e9dico explic\u00f3 que durante el d\u00eda se liberan dos o tres camas pero que inmediatamente son ocupadas por otros pacientes graves, mientras que indic\u00f3 que\u00a0el pico de internaciones se prev\u00e9 para mediados\u00a0de junio.<\/p>\n<p>Seg\u00fan el \u00faltimo parte provincial,\u00a0<strong>son 347.939 los casos confirmados de Covid-19 en la provincia,\u00a0315.597 los recuperados, 5.504 fallecidos y 1.014 Internados<\/strong>.\u00a0En total hay 1.200 camas en las unidades de terapia intensiva en toda la provincia.<\/p>\n","protected":false},"excerpt":{"rendered":"<p>Desde la provincia aseguraron que se trata de una medida preventiva, aunque la situaci\u00f3n sanitaria de la provincia es cr\u00edtica.<\/p>\n","protected":false},"author":2,"featured_media":60750,"comment_status":"open","ping_status":"open","sticky":false,"template":"","format":"standard","meta":{"fifu_image_url":"","fifu_image_alt":"","footnotes":""},"categories":[7],"tags":[1426,134],"class_list":{"0":"post-60749","1":"post","2":"type-post","3":"status-publish","4":"format-standard","5":"has-post-thumbnail","7":"category-nacionales","8":"tag-coronavirus","9":"tag-santa-fe"},"yoast_head":"<title>Santa Fe: instalaron un contenedor en la morgue ante un posible colapso sanitario - Informe Litoral<\/title>\n<meta name=\"robots\" content=\"index, follow, max-snippet:-1, max-image-preview:large, max-video-preview:-1\" \/>\n<link rel=\"canonical\" href=\"https:\/\/informelitoral.com.ar\/santa-fe-instalaron-un-contenedor-en-la-morgue-ante-un-posible-colapso-sanitario\/\" \/>\n<meta property=\"og:locale\" content=\"es_ES\" \/>\n<meta property=\"og:type\" content=\"article\" \/>\n<meta property=\"og:title\" content=\"Santa Fe: instalaron un contenedor en la morgue ante un posible colapso sanitario - Informe Litoral\" \/>\n<meta property=\"og:description\" content=\"Desde la provincia aseguraron que se trata de una medida preventiva, aunque la situaci\u00f3n sanitaria de la provincia es cr\u00edtica.\" \/>\n<meta property=\"og:url\" content=\"https:\/\/informelitoral.com.ar\/santa-fe-instalaron-un-contenedor-en-la-morgue-ante-un-posible-colapso-sanitario\/\" \/>\n<meta property=\"og:site_name\" content=\"Informe Litoral\" \/>\n<meta property=\"article:publisher\" content=\"https:\/\/www.facebook.com\/informelitoral\/\" \/>\n<meta property=\"article:published_time\" content=\"2021-06-04T09:47:31+00:00\" \/>\n<meta property=\"article:modified_time\" content=\"2021-06-04T10:47:55+00:00\" \/>\n<meta property=\"og:image\" content=\"https:\/\/informelitoral.com.ar\/%77%70%2d%63%6f%6e%74%65%6e%74\/uploads\/2021\/06\/Scontenedor-cullen.jpeg\" \/>\n\t<meta property=\"og:image:width\" content=\"741\" \/>\n\t<meta property=\"og:image:height\" content=\"486\" \/>\n\t<meta property=\"og:image:type\" content=\"image\/jpeg\" \/>\n<meta name=\"author\" content=\"Gonzalo Schmidt\" \/>\n<meta name=\"twitter:card\" content=\"summary_large_image\" \/>\n<meta name=\"twitter:creator\" content=\"@InformeLitoral\" \/>\n<meta name=\"twitter:site\" content=\"@InformeLitoral\" \/>\n<meta name=\"twitter:label1\" content=\"Escrito por\" \/>\n\t<meta name=\"twitter:data1\" content=\"Gonzalo Schmidt\" \/>\n\t<meta name=\"twitter:label2\" content=\"Tiempo de lectura\" \/>\n\t<meta name=\"twitter:data2\" content=\"2 minutos\" \/>\n<script type=\"application\/ld+json\" class=\"yoast-schema-graph\">{\"@context\":\"https:\\\/\\\/schema.org\",\"@graph\":[{\"@type\":\"Article\",\"@id\":\"https:\\\/\\\/informelitoral.com.ar\\\/santa-fe-instalaron-un-contenedor-en-la-morgue-ante-un-posible-colapso-sanitario\\\/#article\",\"isPartOf\":{\"@id\":\"https:\\\/\\\/informelitoral.com.ar\\\/santa-fe-instalaron-un-contenedor-en-la-morgue-ante-un-posible-colapso-sanitario\\\/\"},\"author\":{\"name\":\"Gonzalo Schmidt\",\"@id\":\"https:\\\/\\\/informelitoral.com.ar\\\/#\\\/schema\\\/person\\\/b9d00407c836482871ef1d57bf8e3180\"},\"headline\":\"Santa Fe: instalaron un contenedor en la morgue ante un posible colapso sanitario\",\"datePublished\":\"2021-06-04T09:47:31+00:00\",\"dateModified\":\"2021-06-04T10:47:55+00:00\",\"mainEntityOfPage\":{\"@id\":\"https:\\\/\\\/informelitoral.com.ar\\\/santa-fe-instalaron-un-contenedor-en-la-morgue-ante-un-posible-colapso-sanitario\\\/\"},\"wordCount\":330,\"commentCount\":0,\"publisher\":{\"@id\":\"https:\\\/\\\/informelitoral.com.ar\\\/#organization\"},\"image\":{\"@id\":\"https:\\\/\\\/informelitoral.com.ar\\\/santa-fe-instalaron-un-contenedor-en-la-morgue-ante-un-posible-colapso-sanitario\\\/#primaryimage\"},\"thumbnailUrl\":\"https:\\\/\\\/informelitoral.com.ar\\\/%77%70%2d%63%6f%6e%74%65%6e%74\\\/uploads\\\/2021\\\/06\\\/Scontenedor-cullen.jpeg\",\"keywords\":[\"Coronavirus\",\"Santa Fe\"],\"articleSection\":[\"Nacionales\"],\"inLanguage\":\"es\",\"potentialAction\":[{\"@type\":\"CommentAction\",\"name\":\"Comment\",\"target\":[\"https:\\\/\\\/informelitoral.com.ar\\\/santa-fe-instalaron-un-contenedor-en-la-morgue-ante-un-posible-colapso-sanitario\\\/#respond\"]}]},{\"@type\":\"WebPage\",\"@id\":\"https:\\\/\\\/informelitoral.com.ar\\\/santa-fe-instalaron-un-contenedor-en-la-morgue-ante-un-posible-colapso-sanitario\\\/\",\"url\":\"https:\\\/\\\/informelitoral.com.ar\\\/santa-fe-instalaron-un-contenedor-en-la-morgue-ante-un-posible-colapso-sanitario\\\/\",\"name\":\"Santa Fe: instalaron un contenedor en la morgue ante un posible colapso sanitario - Informe Litoral\",\"isPartOf\":{\"@id\":\"https:\\\/\\\/informelitoral.com.ar\\\/#website\"},\"primaryImageOfPage\":{\"@id\":\"https:\\\/\\\/informelitoral.com.ar\\\/santa-fe-instalaron-un-contenedor-en-la-morgue-ante-un-posible-colapso-sanitario\\\/#primaryimage\"},\"image\":{\"@id\":\"https:\\\/\\\/informelitoral.com.ar\\\/santa-fe-instalaron-un-contenedor-en-la-morgue-ante-un-posible-colapso-sanitario\\\/#primaryimage\"},\"thumbnailUrl\":\"https:\\\/\\\/informelitoral.com.ar\\\/%77%70%2d%63%6f%6e%74%65%6e%74\\\/uploads\\\/2021\\\/06\\\/Scontenedor-cullen.jpeg\",\"datePublished\":\"2021-06-04T09:47:31+00:00\",\"dateModified\":\"2021-06-04T10:47:55+00:00\",\"breadcrumb\":{\"@id\":\"https:\\\/\\\/informelitoral.com.ar\\\/santa-fe-instalaron-un-contenedor-en-la-morgue-ante-un-posible-colapso-sanitario\\\/#breadcrumb\"},\"inLanguage\":\"es\",\"potentialAction\":[{\"@type\":\"ReadAction\",\"target\":[\"https:\\\/\\\/informelitoral.com.ar\\\/santa-fe-instalaron-un-contenedor-en-la-morgue-ante-un-posible-colapso-sanitario\\\/\"]}]},{\"@type\":\"ImageObject\",\"inLanguage\":\"es\",\"@id\":\"https:\\\/\\\/informelitoral.com.ar\\\/santa-fe-instalaron-un-contenedor-en-la-morgue-ante-un-posible-colapso-sanitario\\\/#primaryimage\",\"url\":\"https:\\\/\\\/informelitoral.com.ar\\\/%77%70%2d%63%6f%6e%74%65%6e%74\\\/uploads\\\/2021\\\/06\\\/Scontenedor-cullen.jpeg\",\"contentUrl\":\"https:\\\/\\\/informelitoral.com.ar\\\/%77%70%2d%63%6f%6e%74%65%6e%74\\\/uploads\\\/2021\\\/06\\\/Scontenedor-cullen.jpeg\",\"width\":741,\"height\":486},{\"@type\":\"BreadcrumbList\",\"@id\":\"https:\\\/\\\/informelitoral.com.ar\\\/santa-fe-instalaron-un-contenedor-en-la-morgue-ante-un-posible-colapso-sanitario\\\/#breadcrumb\",\"itemListElement\":[{\"@type\":\"ListItem\",\"position\":1,\"name\":\"Portada\",\"item\":\"https:\\\/\\\/informelitoral.com.ar\\\/\"},{\"@type\":\"ListItem\",\"position\":2,\"name\":\"Santa Fe: instalaron un contenedor en la morgue ante un posible colapso sanitario\"}]},{\"@type\":\"WebSite\",\"@id\":\"https:\\\/\\\/informelitoral.com.ar\\\/#website\",\"url\":\"https:\\\/\\\/informelitoral.com.ar\\\/\",\"name\":\"Informe Litoral\",\"description\":\"&quot;Nos informamos&quot; \",\"publisher\":{\"@id\":\"https:\\\/\\\/informelitoral.com.ar\\\/#organization\"},\"potentialAction\":[{\"@type\":\"SearchAction\",\"target\":{\"@type\":\"EntryPoint\",\"urlTemplate\":\"https:\\\/\\\/informelitoral.com.ar\\\/?s={search_term_string}\"},\"query-input\":{\"@type\":\"PropertyValueSpecification\",\"valueRequired\":true,\"valueName\":\"search_term_string\"}}],\"inLanguage\":\"es\"},{\"@type\":\"Organization\",\"@id\":\"https:\\\/\\\/informelitoral.com.ar\\\/#organization\",\"name\":\"Informe Litoral\",\"url\":\"https:\\\/\\\/informelitoral.com.ar\\\/\",\"logo\":{\"@type\":\"ImageObject\",\"inLanguage\":\"es\",\"@id\":\"https:\\\/\\\/informelitoral.com.ar\\\/#\\\/schema\\\/logo\\\/image\\\/\",\"url\":\"https:\\\/\\\/informelitoral.com.ar\\\/%77%70%2d%63%6f%6e%74%65%6e%74\\\/uploads\\\/2021\\\/01\\\/circulo.png\",\"contentUrl\":\"https:\\\/\\\/informelitoral.com.ar\\\/%77%70%2d%63%6f%6e%74%65%6e%74\\\/uploads\\\/2021\\\/01\\\/circulo.png\",\"width\":723,\"height\":731,\"caption\":\"Informe Litoral\"},\"image\":{\"@id\":\"https:\\\/\\\/informelitoral.com.ar\\\/#\\\/schema\\\/logo\\\/image\\\/\"},\"sameAs\":[\"https:\\\/\\\/www.facebook.com\\\/informelitoral\\\/\",\"https:\\\/\\\/x.com\\\/InformeLitoral\",\"https:\\\/\\\/www.instagram.com\\\/informelitoral\\\/\",\"https:\\\/\\\/www.youtube.com\\\/channel\\\/UCua4Qvz8Icb6MYqhoq9xLXw\"]},{\"@type\":\"Person\",\"@id\":\"https:\\\/\\\/informelitoral.com.ar\\\/#\\\/schema\\\/person\\\/b9d00407c836482871ef1d57bf8e3180\",\"name\":\"Gonzalo Schmidt\",\"image\":{\"@type\":\"ImageObject\",\"inLanguage\":\"es\",\"@id\":\"https:\\\/\\\/secure.gravatar.com\\\/avatar\\\/31a1a7b66ff2de83bd0e9fd79d026630d2d99e55e8bfe501287647b4fd9743de?s=96&d=mm&r=g\",\"url\":\"https:\\\/\\\/secure.gravatar.com\\\/avatar\\\/31a1a7b66ff2de83bd0e9fd79d026630d2d99e55e8bfe501287647b4fd9743de?s=96&d=mm&r=g\",\"contentUrl\":\"https:\\\/\\\/secure.gravatar.com\\\/avatar\\\/31a1a7b66ff2de83bd0e9fd79d026630d2d99e55e8bfe501287647b4fd9743de?s=96&d=mm&r=g\",\"caption\":\"Gonzalo Schmidt\"},\"description\":\"Sitio web de noticias de la provincia de Entre R\u00edos, Argentina. Informaci\u00f3n y entretenimiento. Informe Litoral, nos informamos.\",\"sameAs\":[\"http:\\\/\\\/www.isletasnoticias.com.ar\"],\"url\":\"https:\\\/\\\/informelitoral.com.ar\\\/author\\\/gonzalo\\\/\"}]}<\/script>","yoast_head_json":{"title":"Santa Fe: instalaron un contenedor en la morgue ante un posible colapso sanitario - Informe Litoral","robots":{"index":"index","follow":"follow","max-snippet":"max-snippet:-1","max-image-preview":"max-image-preview:large","max-video-preview":"max-video-preview:-1"},"canonical":"https:\/\/informelitoral.com.ar\/santa-fe-instalaron-un-contenedor-en-la-morgue-ante-un-posible-colapso-sanitario\/","og_locale":"es_ES","og_type":"article","og_title":"Santa Fe: instalaron un contenedor en la morgue ante un posible colapso sanitario - Informe Litoral","og_description":"Desde la provincia aseguraron que se trata de una medida preventiva, aunque la situaci\u00f3n sanitaria de la provincia es cr\u00edtica.","og_url":"https:\/\/informelitoral.com.ar\/santa-fe-instalaron-un-contenedor-en-la-morgue-ante-un-posible-colapso-sanitario\/","og_site_name":"Informe Litoral","article_publisher":"https:\/\/www.facebook.com\/informelitoral\/","article_published_time":"2021-06-04T09:47:31+00:00","article_modified_time":"2021-06-04T10:47:55+00:00","og_image":[{"width":741,"height":486,"url":"https:\/\/informelitoral.com.ar\/%77%70%2d%63%6f%6e%74%65%6e%74\/uploads\/2021\/06\/Scontenedor-cullen.jpeg","type":"image\/jpeg"}],"author":"Gonzalo Schmidt","twitter_card":"summary_large_image","twitter_creator":"@InformeLitoral","twitter_site":"@InformeLitoral","twitter_misc":{"Escrito por":"Gonzalo Schmidt","Tiempo de lectura":"2 minutos"},"schema":{"@context":"https:\/\/schema.org","@graph":[{"@type":"Article","@id":"https:\/\/informelitoral.com.ar\/santa-fe-instalaron-un-contenedor-en-la-morgue-ante-un-posible-colapso-sanitario\/#article","isPartOf":{"@id":"https:\/\/informelitoral.com.ar\/santa-fe-instalaron-un-contenedor-en-la-morgue-ante-un-posible-colapso-sanitario\/"},"author":{"name":"Gonzalo Schmidt","@id":"https:\/\/informelitoral.com.ar\/#\/schema\/person\/b9d00407c836482871ef1d57bf8e3180"},"headline":"Santa Fe: instalaron un contenedor en la morgue ante un posible colapso sanitario","datePublished":"2021-06-04T09:47:31+00:00","dateModified":"2021-06-04T10:47:55+00:00","mainEntityOfPage":{"@id":"https:\/\/informelitoral.com.ar\/santa-fe-instalaron-un-contenedor-en-la-morgue-ante-un-posible-colapso-sanitario\/"},"wordCount":330,"commentCount":0,"publisher":{"@id":"https:\/\/informelitoral.com.ar\/#organization"},"image":{"@id":"https:\/\/informelitoral.com.ar\/santa-fe-instalaron-un-contenedor-en-la-morgue-ante-un-posible-colapso-sanitario\/#primaryimage"},"thumbnailUrl":"https:\/\/informelitoral.com.ar\/%77%70%2d%63%6f%6e%74%65%6e%74\/uploads\/2021\/06\/Scontenedor-cullen.jpeg","keywords":["Coronavirus","Santa Fe"],"articleSection":["Nacionales"],"inLanguage":"es","potentialAction":[{"@type":"CommentAction","name":"Comment","target":["https:\/\/informelitoral.com.ar\/santa-fe-instalaron-un-contenedor-en-la-morgue-ante-un-posible-colapso-sanitario\/#respond"]}]},{"@type":"WebPage","@id":"https:\/\/informelitoral.com.ar\/santa-fe-instalaron-un-contenedor-en-la-morgue-ante-un-posible-colapso-sanitario\/","url":"https:\/\/informelitoral.com.ar\/santa-fe-instalaron-un-contenedor-en-la-morgue-ante-un-posible-colapso-sanitario\/","name":"Santa Fe: instalaron un contenedor en la morgue ante un posible colapso sanitario - Informe Litoral","isPartOf":{"@id":"https:\/\/informelitoral.com.ar\/#website"},"primaryImageOfPage":{"@id":"https:\/\/informelitoral.com.ar\/santa-fe-instalaron-un-contenedor-en-la-morgue-ante-un-posible-colapso-sanitario\/#primaryimage"},"image":{"@id":"https:\/\/informelitoral.com.ar\/santa-fe-instalaron-un-contenedor-en-la-morgue-ante-un-posible-colapso-sanitario\/#primaryimage"},"thumbnailUrl":"https:\/\/informelitoral.com.ar\/%77%70%2d%63%6f%6e%74%65%6e%74\/uploads\/2021\/06\/Scontenedor-cullen.jpeg","datePublished":"2021-06-04T09:47:31+00:00","dateModified":"2021-06-04T10:47:55+00:00","breadcrumb":{"@id":"https:\/\/informelitoral.com.ar\/santa-fe-instalaron-un-contenedor-en-la-morgue-ante-un-posible-colapso-sanitario\/#breadcrumb"},"inLanguage":"es","potentialAction":[{"@type":"ReadAction","target":["https:\/\/informelitoral.com.ar\/santa-fe-instalaron-un-contenedor-en-la-morgue-ante-un-posible-colapso-sanitario\/"]}]},{"@type":"ImageObject","inLanguage":"es","@id":"https:\/\/informelitoral.com.ar\/santa-fe-instalaron-un-contenedor-en-la-morgue-ante-un-posible-colapso-sanitario\/#primaryimage","url":"https:\/\/informelitoral.com.ar\/%77%70%2d%63%6f%6e%74%65%6e%74\/uploads\/2021\/06\/Scontenedor-cullen.jpeg","contentUrl":"https:\/\/informelitoral.com.ar\/%77%70%2d%63%6f%6e%74%65%6e%74\/uploads\/2021\/06\/Scontenedor-cullen.jpeg","width":741,"height":486},{"@type":"BreadcrumbList","@id":"https:\/\/informelitoral.com.ar\/santa-fe-instalaron-un-contenedor-en-la-morgue-ante-un-posible-colapso-sanitario\/#breadcrumb","itemListElement":[{"@type":"ListItem","position":1,"name":"Portada","item":"https:\/\/informelitoral.com.ar\/"},{"@type":"ListItem","position":2,"name":"Santa Fe: instalaron un contenedor en la morgue ante un posible colapso sanitario"}]},{"@type":"WebSite","@id":"https:\/\/informelitoral.com.ar\/#website","url":"https:\/\/informelitoral.com.ar\/","name":"Informe Litoral","description":"&quot;Nos informamos&quot; ","publisher":{"@id":"https:\/\/informelitoral.com.ar\/#organization"},"potentialAction":[{"@type":"SearchAction","target":{"@type":"EntryPoint","urlTemplate":"https:\/\/informelitoral.com.ar\/?s={search_term_string}"},"query-input":{"@type":"PropertyValueSpecification","valueRequired":true,"valueName":"search_term_string"}}],"inLanguage":"es"},{"@type":"Organization","@id":"https:\/\/informelitoral.com.ar\/#organization","name":"Informe Litoral","url":"https:\/\/informelitoral.com.ar\/","logo":{"@type":"ImageObject","inLanguage":"es","@id":"https:\/\/informelitoral.com.ar\/#\/schema\/logo\/image\/","url":"https:\/\/informelitoral.com.ar\/%77%70%2d%63%6f%6e%74%65%6e%74\/uploads\/2021\/01\/circulo.png","contentUrl":"https:\/\/informelitoral.com.ar\/%77%70%2d%63%6f%6e%74%65%6e%74\/uploads\/2021\/01\/circulo.png","width":723,"height":731,"caption":"Informe Litoral"},"image":{"@id":"https:\/\/informelitoral.com.ar\/#\/schema\/logo\/image\/"},"sameAs":["https:\/\/www.facebook.com\/informelitoral\/","https:\/\/x.com\/InformeLitoral","https:\/\/www.instagram.com\/informelitoral\/","https:\/\/www.youtube.com\/channel\/UCua4Qvz8Icb6MYqhoq9xLXw"]},{"@type":"Person","@id":"https:\/\/informelitoral.com.ar\/#\/schema\/person\/b9d00407c836482871ef1d57bf8e3180","name":"Gonzalo Schmidt","image":{"@type":"ImageObject","inLanguage":"es","@id":"https:\/\/secure.gravatar.com\/avatar\/31a1a7b66ff2de83bd0e9fd79d026630d2d99e55e8bfe501287647b4fd9743de?s=96&d=mm&r=g","url":"https:\/\/secure.gravatar.com\/avatar\/31a1a7b66ff2de83bd0e9fd79d026630d2d99e55e8bfe501287647b4fd9743de?s=96&d=mm&r=g","contentUrl":"https:\/\/secure.gravatar.com\/avatar\/31a1a7b66ff2de83bd0e9fd79d026630d2d99e55e8bfe501287647b4fd9743de?s=96&d=mm&r=g","caption":"Gonzalo Schmidt"},"description":"Sitio web de noticias de la provincia de Entre R\u00edos, Argentina. Informaci\u00f3n y entretenimiento. Informe Litoral, nos informamos.","sameAs":["http:\/\/www.isletasnoticias.com.ar"],"url":"https:\/\/informelitoral.com.ar\/author\/gonzalo\/"}]}},"_links":{"self":[{"href":"https:\/\/informelitoral.com.ar\/%77%70%2d%6a%73%6f%6e\/wp\/v2\/posts\/60749","targetHints":{"allow":["GET"]}}],"collection":[{"href":"https:\/\/informelitoral.com.ar\/%77%70%2d%6a%73%6f%6e\/wp\/v2\/posts"}],"about":[{"href":"https:\/\/informelitoral.com.ar\/%77%70%2d%6a%73%6f%6e\/wp\/v2\/types\/post"}],"author":[{"embeddable":true,"href":"https:\/\/informelitoral.com.ar\/%77%70%2d%6a%73%6f%6e\/wp\/v2\/users\/2"}],"replies":[{"embeddable":true,"href":"https:\/\/informelitoral.com.ar\/%77%70%2d%6a%73%6f%6e\/wp\/v2\/comments?post=60749"}],"version-history":[{"count":0,"href":"https:\/\/informelitoral.com.ar\/%77%70%2d%6a%73%6f%6e\/wp\/v2\/posts\/60749\/revisions"}],"wp:featuredmedia":[{"embeddable":true,"href":"https:\/\/informelitoral.com.ar\/%77%70%2d%6a%73%6f%6e\/wp\/v2\/media\/60750"}],"wp:attachment":[{"href":"https:\/\/informelitoral.com.ar\/%77%70%2d%6a%73%6f%6e\/wp\/v2\/media?parent=60749"}],"wp:term":[{"taxonomy":"category","embeddable":true,"href":"https:\/\/informelitoral.com.ar\/%77%70%2d%6a%73%6f%6e\/wp\/v2\/categories?post=60749"},{"taxonomy":"post_tag","embeddable":true,"href":"https:\/\/informelitoral.com.ar\/%77%70%2d%6a%73%6f%6e\/wp\/v2\/tags?post=60749"}],"curies":[{"name":"wp","href":"https:\/\/api.w.org\/{rel}","templated":true}]}}