{"id":60745,"date":"2021-06-04T07:36:39","date_gmt":"2021-06-04T10:36:39","guid":{"rendered":"https:\/\/www.informelitoral.com.ar\/?p=60745"},"modified":"2021-06-04T07:36:39","modified_gmt":"2021-06-04T10:36:39","slug":"vacunacion-habilitaron-la-inscripcion-de-entrerrianos-de-entre-50-y-59-anos-sin-factores-de-riesgo","status":"publish","type":"post","link":"https:\/\/informelitoral.com.ar\/vacunacion-habilitaron-la-inscripcion-de-entrerrianos-de-entre-50-y-59-anos-sin-factores-de-riesgo\/","title":{"rendered":"Vacunaci\u00f3n: habilitaron la inscripci\u00f3n de entrerrianos de entre 50 y 59 a\u00f1os sin factores de riesgo"},"content":{"rendered":"<article id=\"article-post\" class=\"first\">\n<div class=\"cuerpo\" data-twitter-link=\"https:\/\/twitter.com\/intent\/tweet?url=https:\/\/ahora.com.ar\/c4237029&amp;via=PlataformaAhora&amp;related=Ahora&amp;text=\">\n<p><strong>Marcos Bachetti<\/strong>, subsecretario de Redes Integradas del Ministerio de\u00a0Salud de Entre R\u00edos, anunci\u00f3 que a partir del jueves <span id=\"saysCMSEmphasis6pvviesg19v\" class=\"saysCMSEmphasis\">habilitaron la inscripci\u00f3n para la vacunaci\u00f3n aquellas personas que tengan entre 50 y 59 a\u00f1os y no presenten factores de riesgo o comorbilidades.<\/span><\/p>\n<p>Seg\u00fan inform\u00f3 el funcionario, la idea es avanzar esta semana y la siguiente en la inmunizaci\u00f3n de grupos estrat\u00e9gicos y personas con factores de riesgo que a\u00fan no recibieron sus vacunas.<\/p>\n<\/div>\n<\/article>\n<article id=\"article-post\">\n<div class=\"cuerpo\" data-twitter-link=\"https:\/\/twitter.com\/intent\/tweet?url=https:\/\/ahora.com.ar\/c4237029&amp;via=PlataformaAhora&amp;related=Ahora&amp;text=\">\n<p>\u00ab<strong>Para mediados de junio tenemos la intenci\u00f3n de ir iniciando la vacunaci\u00f3n de personas inscritas pero sin riesgo<\/strong>\u00a0o comorbilidad. Lo haremos por rango etario. Iremos bajando desde 59 a\u00f1os\u00bb, explic\u00f3.<\/p>\n<p>Si bien Bachetti inform\u00f3 que se volvi\u00f3 a abrir la inscripci\u00f3n para este rango etario, aclar\u00f3 que aquellas personas que ya se inscribieron con anterioridad no deben volver a hacerlo, ya que esa informaci\u00f3n est\u00e1 cargada en la base de datos.<\/p>\n<h2><strong>\u00bfC\u00f3mo inscribirse?<\/strong><\/h2>\n<p>Ingresar a\u00a0<a href=\"https:\/\/vacunacion.argentina.gob.ar\/vacunacion\/inscripcion\/AR-E\" target=\"_blank\" rel=\"noopener\">https:\/\/vacunacion.argentina.gob.ar\/vacunacion\/inscripcion\/AR-E<\/a><\/p>\n<\/div>\n<\/article>\n","protected":false},"excerpt":{"rendered":"<p>La inmunizaci\u00f3n a este grupo comenzar\u00eda a mediados de mes. Quienes ya se inscribieron no lo deben volver a hacer.<\/p>\n","protected":false},"author":2,"featured_media":47526,"comment_status":"open","ping_status":"open","sticky":false,"template":"","format":"standard","meta":{"fifu_image_url":"","fifu_image_alt":"","footnotes":""},"categories":[6],"tags":[81,2256],"class_list":{"0":"post-60745","1":"post","2":"type-post","3":"status-publish","4":"format-standard","5":"has-post-thumbnail","7":"category-entre-rios","8":"tag-entre-rios","9":"tag-vacunacion-coronavirus"},"yoast_head":"<title>Vacunaci\u00f3n: habilitaron la inscripci\u00f3n de entrerrianos de entre 50 y 59 a\u00f1os sin factores de riesgo - Informe Litoral<\/title>\n<meta name=\"robots\" content=\"index, follow, max-snippet:-1, max-image-preview:large, max-video-preview:-1\" \/>\n<link rel=\"canonical\" href=\"https:\/\/informelitoral.com.ar\/vacunacion-habilitaron-la-inscripcion-de-entrerrianos-de-entre-50-y-59-anos-sin-factores-de-riesgo\/\" \/>\n<meta property=\"og:locale\" content=\"es_ES\" \/>\n<meta property=\"og:type\" content=\"article\" \/>\n<meta property=\"og:title\" content=\"Vacunaci\u00f3n: habilitaron la inscripci\u00f3n de entrerrianos de entre 50 y 59 a\u00f1os sin factores de riesgo - Informe Litoral\" \/>\n<meta property=\"og:description\" content=\"La inmunizaci\u00f3n a este grupo comenzar\u00eda a mediados de mes. Quienes ya se inscribieron no lo deben volver a hacer.\" \/>\n<meta property=\"og:url\" content=\"https:\/\/informelitoral.com.ar\/vacunacion-habilitaron-la-inscripcion-de-entrerrianos-de-entre-50-y-59-anos-sin-factores-de-riesgo\/\" \/>\n<meta property=\"og:site_name\" content=\"Informe Litoral\" \/>\n<meta property=\"article:publisher\" content=\"https:\/\/www.facebook.com\/informelitoral\/\" \/>\n<meta property=\"article:published_time\" content=\"2021-06-04T10:36:39+00:00\" \/>\n<meta property=\"og:image\" content=\"https:\/\/informelitoral.com.ar\/%77%70%2d%63%6f%6e%74%65%6e%74\/uploads\/2020\/08\/vacuna-covid-19-coronavirus.jpg\" \/>\n\t<meta property=\"og:image:width\" content=\"1200\" \/>\n\t<meta property=\"og:image:height\" content=\"740\" \/>\n\t<meta property=\"og:image:type\" content=\"image\/jpeg\" \/>\n<meta name=\"author\" content=\"Gonzalo Schmidt\" \/>\n<meta name=\"twitter:card\" content=\"summary_large_image\" \/>\n<meta name=\"twitter:creator\" content=\"@InformeLitoral\" \/>\n<meta name=\"twitter:site\" content=\"@InformeLitoral\" \/>\n<meta name=\"twitter:label1\" content=\"Escrito por\" \/>\n\t<meta name=\"twitter:data1\" content=\"Gonzalo Schmidt\" \/>\n\t<meta name=\"twitter:label2\" content=\"Tiempo de lectura\" \/>\n\t<meta name=\"twitter:data2\" content=\"1 minuto\" \/>\n<script type=\"application\/ld+json\" class=\"yoast-schema-graph\">{\"@context\":\"https:\\\/\\\/schema.org\",\"@graph\":[{\"@type\":\"Article\",\"@id\":\"https:\\\/\\\/informelitoral.com.ar\\\/vacunacion-habilitaron-la-inscripcion-de-entrerrianos-de-entre-50-y-59-anos-sin-factores-de-riesgo\\\/#article\",\"isPartOf\":{\"@id\":\"https:\\\/\\\/informelitoral.com.ar\\\/vacunacion-habilitaron-la-inscripcion-de-entrerrianos-de-entre-50-y-59-anos-sin-factores-de-riesgo\\\/\"},\"author\":{\"name\":\"Gonzalo Schmidt\",\"@id\":\"https:\\\/\\\/informelitoral.com.ar\\\/#\\\/schema\\\/person\\\/b9d00407c836482871ef1d57bf8e3180\"},\"headline\":\"Vacunaci\u00f3n: habilitaron la inscripci\u00f3n de entrerrianos de entre 50 y 59 a\u00f1os sin factores de riesgo\",\"datePublished\":\"2021-06-04T10:36:39+00:00\",\"mainEntityOfPage\":{\"@id\":\"https:\\\/\\\/informelitoral.com.ar\\\/vacunacion-habilitaron-la-inscripcion-de-entrerrianos-de-entre-50-y-59-anos-sin-factores-de-riesgo\\\/\"},\"wordCount\":185,\"commentCount\":0,\"publisher\":{\"@id\":\"https:\\\/\\\/informelitoral.com.ar\\\/#organization\"},\"image\":{\"@id\":\"https:\\\/\\\/informelitoral.com.ar\\\/vacunacion-habilitaron-la-inscripcion-de-entrerrianos-de-entre-50-y-59-anos-sin-factores-de-riesgo\\\/#primaryimage\"},\"thumbnailUrl\":\"https:\\\/\\\/informelitoral.com.ar\\\/%77%70%2d%63%6f%6e%74%65%6e%74\\\/uploads\\\/2020\\\/08\\\/vacuna-covid-19-coronavirus.jpg\",\"keywords\":[\"Entre R\u00edos\",\"Vacunaci\u00f3n coronavirus\"],\"articleSection\":[\"Entre R\u00edos\"],\"inLanguage\":\"es\",\"potentialAction\":[{\"@type\":\"CommentAction\",\"name\":\"Comment\",\"target\":[\"https:\\\/\\\/informelitoral.com.ar\\\/vacunacion-habilitaron-la-inscripcion-de-entrerrianos-de-entre-50-y-59-anos-sin-factores-de-riesgo\\\/#respond\"]}]},{\"@type\":\"WebPage\",\"@id\":\"https:\\\/\\\/informelitoral.com.ar\\\/vacunacion-habilitaron-la-inscripcion-de-entrerrianos-de-entre-50-y-59-anos-sin-factores-de-riesgo\\\/\",\"url\":\"https:\\\/\\\/informelitoral.com.ar\\\/vacunacion-habilitaron-la-inscripcion-de-entrerrianos-de-entre-50-y-59-anos-sin-factores-de-riesgo\\\/\",\"name\":\"Vacunaci\u00f3n: habilitaron la inscripci\u00f3n de entrerrianos de entre 50 y 59 a\u00f1os sin factores de riesgo - Informe Litoral\",\"isPartOf\":{\"@id\":\"https:\\\/\\\/informelitoral.com.ar\\\/#website\"},\"primaryImageOfPage\":{\"@id\":\"https:\\\/\\\/informelitoral.com.ar\\\/vacunacion-habilitaron-la-inscripcion-de-entrerrianos-de-entre-50-y-59-anos-sin-factores-de-riesgo\\\/#primaryimage\"},\"image\":{\"@id\":\"https:\\\/\\\/informelitoral.com.ar\\\/vacunacion-habilitaron-la-inscripcion-de-entrerrianos-de-entre-50-y-59-anos-sin-factores-de-riesgo\\\/#primaryimage\"},\"thumbnailUrl\":\"https:\\\/\\\/informelitoral.com.ar\\\/%77%70%2d%63%6f%6e%74%65%6e%74\\\/uploads\\\/2020\\\/08\\\/vacuna-covid-19-coronavirus.jpg\",\"datePublished\":\"2021-06-04T10:36:39+00:00\",\"breadcrumb\":{\"@id\":\"https:\\\/\\\/informelitoral.com.ar\\\/vacunacion-habilitaron-la-inscripcion-de-entrerrianos-de-entre-50-y-59-anos-sin-factores-de-riesgo\\\/#breadcrumb\"},\"inLanguage\":\"es\",\"potentialAction\":[{\"@type\":\"ReadAction\",\"target\":[\"https:\\\/\\\/informelitoral.com.ar\\\/vacunacion-habilitaron-la-inscripcion-de-entrerrianos-de-entre-50-y-59-anos-sin-factores-de-riesgo\\\/\"]}]},{\"@type\":\"ImageObject\",\"inLanguage\":\"es\",\"@id\":\"https:\\\/\\\/informelitoral.com.ar\\\/vacunacion-habilitaron-la-inscripcion-de-entrerrianos-de-entre-50-y-59-anos-sin-factores-de-riesgo\\\/#primaryimage\",\"url\":\"https:\\\/\\\/informelitoral.com.ar\\\/%77%70%2d%63%6f%6e%74%65%6e%74\\\/uploads\\\/2020\\\/08\\\/vacuna-covid-19-coronavirus.jpg\",\"contentUrl\":\"https:\\\/\\\/informelitoral.com.ar\\\/%77%70%2d%63%6f%6e%74%65%6e%74\\\/uploads\\\/2020\\\/08\\\/vacuna-covid-19-coronavirus.jpg\",\"width\":1200,\"height\":740},{\"@type\":\"BreadcrumbList\",\"@id\":\"https:\\\/\\\/informelitoral.com.ar\\\/vacunacion-habilitaron-la-inscripcion-de-entrerrianos-de-entre-50-y-59-anos-sin-factores-de-riesgo\\\/#breadcrumb\",\"itemListElement\":[{\"@type\":\"ListItem\",\"position\":1,\"name\":\"Portada\",\"item\":\"https:\\\/\\\/informelitoral.com.ar\\\/\"},{\"@type\":\"ListItem\",\"position\":2,\"name\":\"Vacunaci\u00f3n: habilitaron la inscripci\u00f3n de entrerrianos de entre 50 y 59 a\u00f1os sin factores de riesgo\"}]},{\"@type\":\"WebSite\",\"@id\":\"https:\\\/\\\/informelitoral.com.ar\\\/#website\",\"url\":\"https:\\\/\\\/informelitoral.com.ar\\\/\",\"name\":\"Informe Litoral\",\"description\":\"&quot;Nos informamos&quot; \",\"publisher\":{\"@id\":\"https:\\\/\\\/informelitoral.com.ar\\\/#organization\"},\"potentialAction\":[{\"@type\":\"SearchAction\",\"target\":{\"@type\":\"EntryPoint\",\"urlTemplate\":\"https:\\\/\\\/informelitoral.com.ar\\\/?s={search_term_string}\"},\"query-input\":{\"@type\":\"PropertyValueSpecification\",\"valueRequired\":true,\"valueName\":\"search_term_string\"}}],\"inLanguage\":\"es\"},{\"@type\":\"Organization\",\"@id\":\"https:\\\/\\\/informelitoral.com.ar\\\/#organization\",\"name\":\"Informe Litoral\",\"url\":\"https:\\\/\\\/informelitoral.com.ar\\\/\",\"logo\":{\"@type\":\"ImageObject\",\"inLanguage\":\"es\",\"@id\":\"https:\\\/\\\/informelitoral.com.ar\\\/#\\\/schema\\\/logo\\\/image\\\/\",\"url\":\"https:\\\/\\\/informelitoral.com.ar\\\/%77%70%2d%63%6f%6e%74%65%6e%74\\\/uploads\\\/2021\\\/01\\\/circulo.png\",\"contentUrl\":\"https:\\\/\\\/informelitoral.com.ar\\\/%77%70%2d%63%6f%6e%74%65%6e%74\\\/uploads\\\/2021\\\/01\\\/circulo.png\",\"width\":723,\"height\":731,\"caption\":\"Informe Litoral\"},\"image\":{\"@id\":\"https:\\\/\\\/informelitoral.com.ar\\\/#\\\/schema\\\/logo\\\/image\\\/\"},\"sameAs\":[\"https:\\\/\\\/www.facebook.com\\\/informelitoral\\\/\",\"https:\\\/\\\/x.com\\\/InformeLitoral\",\"https:\\\/\\\/www.instagram.com\\\/informelitoral\\\/\",\"https:\\\/\\\/www.youtube.com\\\/channel\\\/UCua4Qvz8Icb6MYqhoq9xLXw\"]},{\"@type\":\"Person\",\"@id\":\"https:\\\/\\\/informelitoral.com.ar\\\/#\\\/schema\\\/person\\\/b9d00407c836482871ef1d57bf8e3180\",\"name\":\"Gonzalo Schmidt\",\"image\":{\"@type\":\"ImageObject\",\"inLanguage\":\"es\",\"@id\":\"https:\\\/\\\/secure.gravatar.com\\\/avatar\\\/31a1a7b66ff2de83bd0e9fd79d026630d2d99e55e8bfe501287647b4fd9743de?s=96&d=mm&r=g\",\"url\":\"https:\\\/\\\/secure.gravatar.com\\\/avatar\\\/31a1a7b66ff2de83bd0e9fd79d026630d2d99e55e8bfe501287647b4fd9743de?s=96&d=mm&r=g\",\"contentUrl\":\"https:\\\/\\\/secure.gravatar.com\\\/avatar\\\/31a1a7b66ff2de83bd0e9fd79d026630d2d99e55e8bfe501287647b4fd9743de?s=96&d=mm&r=g\",\"caption\":\"Gonzalo Schmidt\"},\"description\":\"Sitio web de noticias de la provincia de Entre R\u00edos, Argentina. Informaci\u00f3n y entretenimiento. Informe Litoral, nos informamos.\",\"sameAs\":[\"http:\\\/\\\/www.isletasnoticias.com.ar\"],\"url\":\"https:\\\/\\\/informelitoral.com.ar\\\/author\\\/gonzalo\\\/\"}]}<\/script>","yoast_head_json":{"title":"Vacunaci\u00f3n: habilitaron la inscripci\u00f3n de entrerrianos de entre 50 y 59 a\u00f1os sin factores de riesgo - Informe Litoral","robots":{"index":"index","follow":"follow","max-snippet":"max-snippet:-1","max-image-preview":"max-image-preview:large","max-video-preview":"max-video-preview:-1"},"canonical":"https:\/\/informelitoral.com.ar\/vacunacion-habilitaron-la-inscripcion-de-entrerrianos-de-entre-50-y-59-anos-sin-factores-de-riesgo\/","og_locale":"es_ES","og_type":"article","og_title":"Vacunaci\u00f3n: habilitaron la inscripci\u00f3n de entrerrianos de entre 50 y 59 a\u00f1os sin factores de riesgo - Informe Litoral","og_description":"La inmunizaci\u00f3n a este grupo comenzar\u00eda a mediados de mes. Quienes ya se inscribieron no lo deben volver a hacer.","og_url":"https:\/\/informelitoral.com.ar\/vacunacion-habilitaron-la-inscripcion-de-entrerrianos-de-entre-50-y-59-anos-sin-factores-de-riesgo\/","og_site_name":"Informe Litoral","article_publisher":"https:\/\/www.facebook.com\/informelitoral\/","article_published_time":"2021-06-04T10:36:39+00:00","og_image":[{"width":1200,"height":740,"url":"https:\/\/informelitoral.com.ar\/%77%70%2d%63%6f%6e%74%65%6e%74\/uploads\/2020\/08\/vacuna-covid-19-coronavirus.jpg","type":"image\/jpeg"}],"author":"Gonzalo Schmidt","twitter_card":"summary_large_image","twitter_creator":"@InformeLitoral","twitter_site":"@InformeLitoral","twitter_misc":{"Escrito por":"Gonzalo Schmidt","Tiempo de lectura":"1 minuto"},"schema":{"@context":"https:\/\/schema.org","@graph":[{"@type":"Article","@id":"https:\/\/informelitoral.com.ar\/vacunacion-habilitaron-la-inscripcion-de-entrerrianos-de-entre-50-y-59-anos-sin-factores-de-riesgo\/#article","isPartOf":{"@id":"https:\/\/informelitoral.com.ar\/vacunacion-habilitaron-la-inscripcion-de-entrerrianos-de-entre-50-y-59-anos-sin-factores-de-riesgo\/"},"author":{"name":"Gonzalo Schmidt","@id":"https:\/\/informelitoral.com.ar\/#\/schema\/person\/b9d00407c836482871ef1d57bf8e3180"},"headline":"Vacunaci\u00f3n: habilitaron la inscripci\u00f3n de entrerrianos de entre 50 y 59 a\u00f1os sin factores de riesgo","datePublished":"2021-06-04T10:36:39+00:00","mainEntityOfPage":{"@id":"https:\/\/informelitoral.com.ar\/vacunacion-habilitaron-la-inscripcion-de-entrerrianos-de-entre-50-y-59-anos-sin-factores-de-riesgo\/"},"wordCount":185,"commentCount":0,"publisher":{"@id":"https:\/\/informelitoral.com.ar\/#organization"},"image":{"@id":"https:\/\/informelitoral.com.ar\/vacunacion-habilitaron-la-inscripcion-de-entrerrianos-de-entre-50-y-59-anos-sin-factores-de-riesgo\/#primaryimage"},"thumbnailUrl":"https:\/\/informelitoral.com.ar\/%77%70%2d%63%6f%6e%74%65%6e%74\/uploads\/2020\/08\/vacuna-covid-19-coronavirus.jpg","keywords":["Entre R\u00edos","Vacunaci\u00f3n coronavirus"],"articleSection":["Entre R\u00edos"],"inLanguage":"es","potentialAction":[{"@type":"CommentAction","name":"Comment","target":["https:\/\/informelitoral.com.ar\/vacunacion-habilitaron-la-inscripcion-de-entrerrianos-de-entre-50-y-59-anos-sin-factores-de-riesgo\/#respond"]}]},{"@type":"WebPage","@id":"https:\/\/informelitoral.com.ar\/vacunacion-habilitaron-la-inscripcion-de-entrerrianos-de-entre-50-y-59-anos-sin-factores-de-riesgo\/","url":"https:\/\/informelitoral.com.ar\/vacunacion-habilitaron-la-inscripcion-de-entrerrianos-de-entre-50-y-59-anos-sin-factores-de-riesgo\/","name":"Vacunaci\u00f3n: habilitaron la inscripci\u00f3n de entrerrianos de entre 50 y 59 a\u00f1os sin factores de riesgo - Informe Litoral","isPartOf":{"@id":"https:\/\/informelitoral.com.ar\/#website"},"primaryImageOfPage":{"@id":"https:\/\/informelitoral.com.ar\/vacunacion-habilitaron-la-inscripcion-de-entrerrianos-de-entre-50-y-59-anos-sin-factores-de-riesgo\/#primaryimage"},"image":{"@id":"https:\/\/informelitoral.com.ar\/vacunacion-habilitaron-la-inscripcion-de-entrerrianos-de-entre-50-y-59-anos-sin-factores-de-riesgo\/#primaryimage"},"thumbnailUrl":"https:\/\/informelitoral.com.ar\/%77%70%2d%63%6f%6e%74%65%6e%74\/uploads\/2020\/08\/vacuna-covid-19-coronavirus.jpg","datePublished":"2021-06-04T10:36:39+00:00","breadcrumb":{"@id":"https:\/\/informelitoral.com.ar\/vacunacion-habilitaron-la-inscripcion-de-entrerrianos-de-entre-50-y-59-anos-sin-factores-de-riesgo\/#breadcrumb"},"inLanguage":"es","potentialAction":[{"@type":"ReadAction","target":["https:\/\/informelitoral.com.ar\/vacunacion-habilitaron-la-inscripcion-de-entrerrianos-de-entre-50-y-59-anos-sin-factores-de-riesgo\/"]}]},{"@type":"ImageObject","inLanguage":"es","@id":"https:\/\/informelitoral.com.ar\/vacunacion-habilitaron-la-inscripcion-de-entrerrianos-de-entre-50-y-59-anos-sin-factores-de-riesgo\/#primaryimage","url":"https:\/\/informelitoral.com.ar\/%77%70%2d%63%6f%6e%74%65%6e%74\/uploads\/2020\/08\/vacuna-covid-19-coronavirus.jpg","contentUrl":"https:\/\/informelitoral.com.ar\/%77%70%2d%63%6f%6e%74%65%6e%74\/uploads\/2020\/08\/vacuna-covid-19-coronavirus.jpg","width":1200,"height":740},{"@type":"BreadcrumbList","@id":"https:\/\/informelitoral.com.ar\/vacunacion-habilitaron-la-inscripcion-de-entrerrianos-de-entre-50-y-59-anos-sin-factores-de-riesgo\/#breadcrumb","itemListElement":[{"@type":"ListItem","position":1,"name":"Portada","item":"https:\/\/informelitoral.com.ar\/"},{"@type":"ListItem","position":2,"name":"Vacunaci\u00f3n: habilitaron la inscripci\u00f3n de entrerrianos de entre 50 y 59 a\u00f1os sin factores de riesgo"}]},{"@type":"WebSite","@id":"https:\/\/informelitoral.com.ar\/#website","url":"https:\/\/informelitoral.com.ar\/","name":"Informe Litoral","description":"&quot;Nos informamos&quot; ","publisher":{"@id":"https:\/\/informelitoral.com.ar\/#organization"},"potentialAction":[{"@type":"SearchAction","target":{"@type":"EntryPoint","urlTemplate":"https:\/\/informelitoral.com.ar\/?s={search_term_string}"},"query-input":{"@type":"PropertyValueSpecification","valueRequired":true,"valueName":"search_term_string"}}],"inLanguage":"es"},{"@type":"Organization","@id":"https:\/\/informelitoral.com.ar\/#organization","name":"Informe Litoral","url":"https:\/\/informelitoral.com.ar\/","logo":{"@type":"ImageObject","inLanguage":"es","@id":"https:\/\/informelitoral.com.ar\/#\/schema\/logo\/image\/","url":"https:\/\/informelitoral.com.ar\/%77%70%2d%63%6f%6e%74%65%6e%74\/uploads\/2021\/01\/circulo.png","contentUrl":"https:\/\/informelitoral.com.ar\/%77%70%2d%63%6f%6e%74%65%6e%74\/uploads\/2021\/01\/circulo.png","width":723,"height":731,"caption":"Informe Litoral"},"image":{"@id":"https:\/\/informelitoral.com.ar\/#\/schema\/logo\/image\/"},"sameAs":["https:\/\/www.facebook.com\/informelitoral\/","https:\/\/x.com\/InformeLitoral","https:\/\/www.instagram.com\/informelitoral\/","https:\/\/www.youtube.com\/channel\/UCua4Qvz8Icb6MYqhoq9xLXw"]},{"@type":"Person","@id":"https:\/\/informelitoral.com.ar\/#\/schema\/person\/b9d00407c836482871ef1d57bf8e3180","name":"Gonzalo Schmidt","image":{"@type":"ImageObject","inLanguage":"es","@id":"https:\/\/secure.gravatar.com\/avatar\/31a1a7b66ff2de83bd0e9fd79d026630d2d99e55e8bfe501287647b4fd9743de?s=96&d=mm&r=g","url":"https:\/\/secure.gravatar.com\/avatar\/31a1a7b66ff2de83bd0e9fd79d026630d2d99e55e8bfe501287647b4fd9743de?s=96&d=mm&r=g","contentUrl":"https:\/\/secure.gravatar.com\/avatar\/31a1a7b66ff2de83bd0e9fd79d026630d2d99e55e8bfe501287647b4fd9743de?s=96&d=mm&r=g","caption":"Gonzalo Schmidt"},"description":"Sitio web de noticias de la provincia de Entre R\u00edos, Argentina. Informaci\u00f3n y entretenimiento. Informe Litoral, nos informamos.","sameAs":["http:\/\/www.isletasnoticias.com.ar"],"url":"https:\/\/informelitoral.com.ar\/author\/gonzalo\/"}]}},"_links":{"self":[{"href":"https:\/\/informelitoral.com.ar\/%77%70%2d%6a%73%6f%6e\/wp\/v2\/posts\/60745","targetHints":{"allow":["GET"]}}],"collection":[{"href":"https:\/\/informelitoral.com.ar\/%77%70%2d%6a%73%6f%6e\/wp\/v2\/posts"}],"about":[{"href":"https:\/\/informelitoral.com.ar\/%77%70%2d%6a%73%6f%6e\/wp\/v2\/types\/post"}],"author":[{"embeddable":true,"href":"https:\/\/informelitoral.com.ar\/%77%70%2d%6a%73%6f%6e\/wp\/v2\/users\/2"}],"replies":[{"embeddable":true,"href":"https:\/\/informelitoral.com.ar\/%77%70%2d%6a%73%6f%6e\/wp\/v2\/comments?post=60745"}],"version-history":[{"count":0,"href":"https:\/\/informelitoral.com.ar\/%77%70%2d%6a%73%6f%6e\/wp\/v2\/posts\/60745\/revisions"}],"wp:featuredmedia":[{"embeddable":true,"href":"https:\/\/informelitoral.com.ar\/%77%70%2d%6a%73%6f%6e\/wp\/v2\/media\/47526"}],"wp:attachment":[{"href":"https:\/\/informelitoral.com.ar\/%77%70%2d%6a%73%6f%6e\/wp\/v2\/media?parent=60745"}],"wp:term":[{"taxonomy":"category","embeddable":true,"href":"https:\/\/informelitoral.com.ar\/%77%70%2d%6a%73%6f%6e\/wp\/v2\/categories?post=60745"},{"taxonomy":"post_tag","embeddable":true,"href":"https:\/\/informelitoral.com.ar\/%77%70%2d%6a%73%6f%6e\/wp\/v2\/tags?post=60745"}],"curies":[{"name":"wp","href":"https:\/\/api.w.org\/{rel}","templated":true}]}}