{"id":60730,"date":"2021-06-03T14:16:50","date_gmt":"2021-06-03T17:16:50","guid":{"rendered":"https:\/\/www.informelitoral.com.ar\/?p=60730"},"modified":"2021-06-03T14:16:50","modified_gmt":"2021-06-03T17:16:50","slug":"este-jueves-se-registraron-1214-nuevos-casos-de-coronavirus-en-entre-rios","status":"publish","type":"post","link":"https:\/\/informelitoral.com.ar\/este-jueves-se-registraron-1214-nuevos-casos-de-coronavirus-en-entre-rios\/","title":{"rendered":"Este jueves se registraron 1214 nuevos casos de coronavirus en Entre R\u00edos"},"content":{"rendered":"<p>El \u00e1rea de Vigilancia Epidemiol\u00f3gica del Ministerio de Salud, confirm\u00f3 que <strong>en Entre R\u00edos este jueves se registraron 1214 nuevos casos de coronavirus.<\/strong><\/p>\n<h3>Los casos se distribuyen de la siguiente manera:<\/h3>\n<p><strong>\u2705 Departamento Paran\u00e1 313, distribuidos en:<\/strong><br \/>\nCERRITO 10<br \/>\nCOLONIA AVELLANEDA 10<br \/>\nCRESPO 20<br \/>\nEL PALENQUE 1<br \/>\nEL PINGO 1<br \/>\nHASENKAMP 10<br \/>\nHERNANDARIAS 2<br \/>\nMARIA GRANDE 9<br \/>\nORO VERDE 3<br \/>\nPARANA 213<br \/>\nSAN BENITO 9<br \/>\nSOSA 1<br \/>\nTABOSSI 4<br \/>\nVIALE 20<\/p>\n<p><strong>\u2705Departamento Col\u00f3n 57, distribuidos en:<\/strong><br \/>\nCOLON 8<br \/>\nLA CLARITA 1<br \/>\nPUEBLO LIEBIG 5<br \/>\nSAN JOSE 27<br \/>\nVILLA ELISA 16<\/p>\n<p><strong>\u2705 Departamento Concordia 204, distribuidos en:<\/strong><br \/>\nCOLONIA AYUI 5<br \/>\nCONCORDIA 193<br \/>\nLA CRIOLLA 1<br \/>\nLOS CHARRUAS 2<br \/>\nPUERTO YERUA 3<\/p>\n<p><span style=\"background-color: #ffff00;\"><strong>\u2705 Departamento Diamante 39, distribuidos en:<\/strong> <\/span><br \/>\n<span style=\"background-color: #ffff00;\">ALDEA VALLE MARIA 1<\/span><br \/>\n<span style=\"background-color: #ffff00;\">COLONIA ENSAYO 1<\/span><br \/>\n<span style=\"background-color: #ffff00;\">DIAMANTE 25<\/span><br \/>\n<span style=\"background-color: #ffff00;\">GENERAL RAMIREZ 6<\/span><br \/>\n<span style=\"background-color: #ffff00;\">ISLETAS 1<\/span><br \/>\n<span style=\"background-color: #ffff00;\">VILLA LIBERTADOR SAN MARTIN 5<\/span><\/p>\n<p><strong>\u2705 Departamento Federaci\u00f3n 41, distribuidos en:<\/strong><br \/>\nCHAJARI 29<br \/>\nCOLONIA SANTA JUANA 1<br \/>\nFEDERACION 1<br \/>\nLOS CONQUISTADORES 2<br \/>\nSAN PEDRO 1<br \/>\nSANTA ANA 5<br \/>\nVILLA DEL ROSARIO 2<\/p>\n<p><strong>\u2705Departamento Federal 13, distribuidos en:<\/strong><br \/>\nFEDERAL 6<br \/>\nSAUCE DE LUNA 7<\/p>\n<p><strong>\u2705 Departamento Feliciano 1, distribuidos en:<\/strong><br \/>\nSAN JOSE DE FELICIANO 1<\/p>\n<p><strong>\u2705 Departamento Gualeguay 52, distribuidos en:<\/strong><br \/>\nGENERAL GALARZA 6<br \/>\nGUALEGUAY 46<\/p>\n<p><strong>\u2705 Departamento Gualeguaych\u00fa 206, distribuidos en:<\/strong><br \/>\nALDEA SAN ANTONIO 1<br \/>\nDISTRITO COSTA URUGUAY SUR 1<br \/>\nGUALEGUAYCHU 149<br \/>\nIRAZUSTA 2<br \/>\nLARROQUE 33<br \/>\nPUEBLO GENERAL BELGRANO 4<br \/>\nURDINARRAIN 16<\/p>\n<p><strong>\u2705 Departamento Islas 16, distribuidos en:<\/strong><br \/>\nCEIBAS 2<br \/>\nIBICUY 8<br \/>\nMEDANOS 1<br \/>\nVILLA PARANACITO 5<\/p>\n<p><strong>\u2705 Departamento La Paz 44, distribuidos en:<\/strong><br \/>\nALCARAZ 4<br \/>\nBOVRIL 3<br \/>\nEL SOLAR 1<br \/>\nLA PAZ 19<br \/>\nSANTA ELENA 17<\/p>\n<p><strong>\u2705 Departamento Nogoy\u00e1 28, distribuidos en:<\/strong><br \/>\nARANGUREN 6<br \/>\nHERNANDEZ 7<br \/>\nLUCAS GONZALEZ 3<br \/>\nNOGOYA 12<\/p>\n<p><strong>\u2705 Departamento San Salvador 25, distribuidos en:<\/strong><br \/>\nGENERAL CAMPOS 1<br \/>\nSAN SALVADOR 24<\/p>\n<p><strong>\u2705 Departamento Tala 18, distribuidos en:<\/strong><br \/>\nARROYO CLE 1<br \/>\nDURAZNO 1<br \/>\nGOBERNADOR MANSILLA 2<br \/>\nMACIA 4<br \/>\nROSARIO DEL TALA 10<\/p>\n<p><strong>\u2705 Departamento Uruguay 73, distribuidos en:<\/strong><br \/>\nBASAVILBASO 1<br \/>\nCONCEPCION DEL URUGUAY 69<br \/>\nSANTA ANITA 1<br \/>\nVILLA MANTERO 2<\/p>\n<p><strong>\u2705 Departamento Victoria 36, distribuidos en:<\/strong><br \/>\nRINC\u00d3N DEL DOLL 3<br \/>\nVICTORIA 33<\/p>\n<p><strong>\u2705Departamento Villaguay 48, distribuidos en:<\/strong><br \/>\nJUBILEO 1<br \/>\nLUCAS SUD 1<br \/>\nPASO DE LA LAGUNA 1<br \/>\nVILLA CLARA 1<br \/>\nVILLA DOMINGUEZ 1<br \/>\nVILLAGUAY 43<\/p>\n<p>De ese modo,<strong> en la provincia son 89.288 los casos confirmados.<\/strong><\/p>\n<p><a href=\"https:\/\/www.informelitoral.com.ar\/%77%70%2d%63%6f%6e%74%65%6e%74\/uploads\/2021\/06\/102f7924-74fb-4d87-9626-aeb8c2f94d10.jpg\"><img loading=\"lazy\" decoding=\"async\" class=\"aligncenter wp-image-60731 size-large\" src=\"https:\/\/www.informelitoral.com.ar\/%77%70%2d%63%6f%6e%74%65%6e%74\/uploads\/2021\/06\/102f7924-74fb-4d87-9626-aeb8c2f94d10-975x1024.jpg\" alt=\"\" width=\"696\" height=\"731\" srcset=\"https:\/\/informelitoral.com.ar\/%77%70%2d%63%6f%6e%74%65%6e%74\/uploads\/2021\/06\/102f7924-74fb-4d87-9626-aeb8c2f94d10-975x1024.jpg 975w, https:\/\/informelitoral.com.ar\/%77%70%2d%63%6f%6e%74%65%6e%74\/uploads\/2021\/06\/102f7924-74fb-4d87-9626-aeb8c2f94d10-286x300.jpg 286w, https:\/\/informelitoral.com.ar\/%77%70%2d%63%6f%6e%74%65%6e%74\/uploads\/2021\/06\/102f7924-74fb-4d87-9626-aeb8c2f94d10-768x806.jpg 768w, https:\/\/informelitoral.com.ar\/%77%70%2d%63%6f%6e%74%65%6e%74\/uploads\/2021\/06\/102f7924-74fb-4d87-9626-aeb8c2f94d10-696x731.jpg 696w, https:\/\/informelitoral.com.ar\/%77%70%2d%63%6f%6e%74%65%6e%74\/uploads\/2021\/06\/102f7924-74fb-4d87-9626-aeb8c2f94d10-1068x1121.jpg 1068w, https:\/\/informelitoral.com.ar\/%77%70%2d%63%6f%6e%74%65%6e%74\/uploads\/2021\/06\/102f7924-74fb-4d87-9626-aeb8c2f94d10-400x420.jpg 400w, https:\/\/informelitoral.com.ar\/%77%70%2d%63%6f%6e%74%65%6e%74\/uploads\/2021\/06\/102f7924-74fb-4d87-9626-aeb8c2f94d10.jpg 1219w\" sizes=\"auto, (max-width: 696px) 100vw, 696px\" \/><\/a><\/p>\n","protected":false},"excerpt":{"rendered":"<p>La mayor\u00eda de los contagios se concentran en Paran\u00e1, Concordia y Gualeguaych\u00fa. En la provincia son 89.288 los casos confirmados desde el inicio de la pandemia. Los detalles. <\/p>\n","protected":false},"author":2,"featured_media":45906,"comment_status":"open","ping_status":"open","sticky":false,"template":"","format":"standard","meta":{"fifu_image_url":"","fifu_image_alt":"","footnotes":""},"categories":[6],"tags":[1426,1481,81],"class_list":{"0":"post-60730","1":"post","2":"type-post","3":"status-publish","4":"format-standard","5":"has-post-thumbnail","7":"category-entre-rios","8":"tag-coronavirus","9":"tag-covid-19","10":"tag-entre-rios"},"yoast_head":"<title>Este jueves se registraron 1214 nuevos casos de coronavirus en Entre R\u00edos - Informe Litoral<\/title>\n<meta name=\"robots\" content=\"index, follow, max-snippet:-1, max-image-preview:large, max-video-preview:-1\" \/>\n<link rel=\"canonical\" href=\"https:\/\/informelitoral.com.ar\/este-jueves-se-registraron-1214-nuevos-casos-de-coronavirus-en-entre-rios\/\" \/>\n<meta property=\"og:locale\" content=\"es_ES\" \/>\n<meta property=\"og:type\" content=\"article\" \/>\n<meta property=\"og:title\" content=\"Este jueves se registraron 1214 nuevos casos de coronavirus en Entre R\u00edos - Informe Litoral\" \/>\n<meta property=\"og:description\" content=\"La mayor\u00eda de los contagios se concentran en Paran\u00e1, Concordia y Gualeguaych\u00fa. En la provincia son 89.288 los casos confirmados desde el inicio de la pandemia. Los detalles.\" \/>\n<meta property=\"og:url\" content=\"https:\/\/informelitoral.com.ar\/este-jueves-se-registraron-1214-nuevos-casos-de-coronavirus-en-entre-rios\/\" \/>\n<meta property=\"og:site_name\" content=\"Informe Litoral\" \/>\n<meta property=\"article:publisher\" content=\"https:\/\/www.facebook.com\/informelitoral\/\" \/>\n<meta property=\"article:published_time\" content=\"2021-06-03T17:16:50+00:00\" \/>\n<meta property=\"og:image\" content=\"https:\/\/informelitoral.com.ar\/%77%70%2d%63%6f%6e%74%65%6e%74\/uploads\/2020\/07\/coronavirus-1.jpg\" \/>\n\t<meta property=\"og:image:width\" content=\"1920\" \/>\n\t<meta property=\"og:image:height\" content=\"950\" \/>\n\t<meta property=\"og:image:type\" content=\"image\/jpeg\" \/>\n<meta name=\"author\" content=\"Gonzalo Schmidt\" \/>\n<meta name=\"twitter:card\" content=\"summary_large_image\" \/>\n<meta name=\"twitter:creator\" content=\"@InformeLitoral\" \/>\n<meta name=\"twitter:site\" content=\"@InformeLitoral\" \/>\n<meta name=\"twitter:label1\" content=\"Escrito por\" \/>\n\t<meta name=\"twitter:data1\" content=\"Gonzalo Schmidt\" \/>\n\t<meta name=\"twitter:label2\" content=\"Tiempo de lectura\" \/>\n\t<meta name=\"twitter:data2\" content=\"1 minuto\" \/>\n<script type=\"application\/ld+json\" class=\"yoast-schema-graph\">{\"@context\":\"https:\\\/\\\/schema.org\",\"@graph\":[{\"@type\":\"Article\",\"@id\":\"https:\\\/\\\/informelitoral.com.ar\\\/este-jueves-se-registraron-1214-nuevos-casos-de-coronavirus-en-entre-rios\\\/#article\",\"isPartOf\":{\"@id\":\"https:\\\/\\\/informelitoral.com.ar\\\/este-jueves-se-registraron-1214-nuevos-casos-de-coronavirus-en-entre-rios\\\/\"},\"author\":{\"name\":\"Gonzalo Schmidt\",\"@id\":\"https:\\\/\\\/informelitoral.com.ar\\\/#\\\/schema\\\/person\\\/b9d00407c836482871ef1d57bf8e3180\"},\"headline\":\"Este jueves se registraron 1214 nuevos casos de coronavirus en Entre R\u00edos\",\"datePublished\":\"2021-06-03T17:16:50+00:00\",\"mainEntityOfPage\":{\"@id\":\"https:\\\/\\\/informelitoral.com.ar\\\/este-jueves-se-registraron-1214-nuevos-casos-de-coronavirus-en-entre-rios\\\/\"},\"wordCount\":272,\"commentCount\":0,\"publisher\":{\"@id\":\"https:\\\/\\\/informelitoral.com.ar\\\/#organization\"},\"image\":{\"@id\":\"https:\\\/\\\/informelitoral.com.ar\\\/este-jueves-se-registraron-1214-nuevos-casos-de-coronavirus-en-entre-rios\\\/#primaryimage\"},\"thumbnailUrl\":\"https:\\\/\\\/informelitoral.com.ar\\\/%77%70%2d%63%6f%6e%74%65%6e%74\\\/uploads\\\/2020\\\/07\\\/coronavirus-1.jpg\",\"keywords\":[\"Coronavirus\",\"COVID-19\",\"Entre R\u00edos\"],\"articleSection\":[\"Entre R\u00edos\"],\"inLanguage\":\"es\",\"potentialAction\":[{\"@type\":\"CommentAction\",\"name\":\"Comment\",\"target\":[\"https:\\\/\\\/informelitoral.com.ar\\\/este-jueves-se-registraron-1214-nuevos-casos-de-coronavirus-en-entre-rios\\\/#respond\"]}]},{\"@type\":\"WebPage\",\"@id\":\"https:\\\/\\\/informelitoral.com.ar\\\/este-jueves-se-registraron-1214-nuevos-casos-de-coronavirus-en-entre-rios\\\/\",\"url\":\"https:\\\/\\\/informelitoral.com.ar\\\/este-jueves-se-registraron-1214-nuevos-casos-de-coronavirus-en-entre-rios\\\/\",\"name\":\"Este jueves se registraron 1214 nuevos casos de coronavirus en Entre R\u00edos - Informe Litoral\",\"isPartOf\":{\"@id\":\"https:\\\/\\\/informelitoral.com.ar\\\/#website\"},\"primaryImageOfPage\":{\"@id\":\"https:\\\/\\\/informelitoral.com.ar\\\/este-jueves-se-registraron-1214-nuevos-casos-de-coronavirus-en-entre-rios\\\/#primaryimage\"},\"image\":{\"@id\":\"https:\\\/\\\/informelitoral.com.ar\\\/este-jueves-se-registraron-1214-nuevos-casos-de-coronavirus-en-entre-rios\\\/#primaryimage\"},\"thumbnailUrl\":\"https:\\\/\\\/informelitoral.com.ar\\\/%77%70%2d%63%6f%6e%74%65%6e%74\\\/uploads\\\/2020\\\/07\\\/coronavirus-1.jpg\",\"datePublished\":\"2021-06-03T17:16:50+00:00\",\"breadcrumb\":{\"@id\":\"https:\\\/\\\/informelitoral.com.ar\\\/este-jueves-se-registraron-1214-nuevos-casos-de-coronavirus-en-entre-rios\\\/#breadcrumb\"},\"inLanguage\":\"es\",\"potentialAction\":[{\"@type\":\"ReadAction\",\"target\":[\"https:\\\/\\\/informelitoral.com.ar\\\/este-jueves-se-registraron-1214-nuevos-casos-de-coronavirus-en-entre-rios\\\/\"]}]},{\"@type\":\"ImageObject\",\"inLanguage\":\"es\",\"@id\":\"https:\\\/\\\/informelitoral.com.ar\\\/este-jueves-se-registraron-1214-nuevos-casos-de-coronavirus-en-entre-rios\\\/#primaryimage\",\"url\":\"https:\\\/\\\/informelitoral.com.ar\\\/%77%70%2d%63%6f%6e%74%65%6e%74\\\/uploads\\\/2020\\\/07\\\/coronavirus-1.jpg\",\"contentUrl\":\"https:\\\/\\\/informelitoral.com.ar\\\/%77%70%2d%63%6f%6e%74%65%6e%74\\\/uploads\\\/2020\\\/07\\\/coronavirus-1.jpg\",\"width\":1920,\"height\":950},{\"@type\":\"BreadcrumbList\",\"@id\":\"https:\\\/\\\/informelitoral.com.ar\\\/este-jueves-se-registraron-1214-nuevos-casos-de-coronavirus-en-entre-rios\\\/#breadcrumb\",\"itemListElement\":[{\"@type\":\"ListItem\",\"position\":1,\"name\":\"Portada\",\"item\":\"https:\\\/\\\/informelitoral.com.ar\\\/\"},{\"@type\":\"ListItem\",\"position\":2,\"name\":\"Este jueves se registraron 1214 nuevos casos de coronavirus en Entre R\u00edos\"}]},{\"@type\":\"WebSite\",\"@id\":\"https:\\\/\\\/informelitoral.com.ar\\\/#website\",\"url\":\"https:\\\/\\\/informelitoral.com.ar\\\/\",\"name\":\"Informe Litoral\",\"description\":\"&quot;Nos informamos&quot; \",\"publisher\":{\"@id\":\"https:\\\/\\\/informelitoral.com.ar\\\/#organization\"},\"potentialAction\":[{\"@type\":\"SearchAction\",\"target\":{\"@type\":\"EntryPoint\",\"urlTemplate\":\"https:\\\/\\\/informelitoral.com.ar\\\/?s={search_term_string}\"},\"query-input\":{\"@type\":\"PropertyValueSpecification\",\"valueRequired\":true,\"valueName\":\"search_term_string\"}}],\"inLanguage\":\"es\"},{\"@type\":\"Organization\",\"@id\":\"https:\\\/\\\/informelitoral.com.ar\\\/#organization\",\"name\":\"Informe Litoral\",\"url\":\"https:\\\/\\\/informelitoral.com.ar\\\/\",\"logo\":{\"@type\":\"ImageObject\",\"inLanguage\":\"es\",\"@id\":\"https:\\\/\\\/informelitoral.com.ar\\\/#\\\/schema\\\/logo\\\/image\\\/\",\"url\":\"https:\\\/\\\/informelitoral.com.ar\\\/%77%70%2d%63%6f%6e%74%65%6e%74\\\/uploads\\\/2021\\\/01\\\/circulo.png\",\"contentUrl\":\"https:\\\/\\\/informelitoral.com.ar\\\/%77%70%2d%63%6f%6e%74%65%6e%74\\\/uploads\\\/2021\\\/01\\\/circulo.png\",\"width\":723,\"height\":731,\"caption\":\"Informe Litoral\"},\"image\":{\"@id\":\"https:\\\/\\\/informelitoral.com.ar\\\/#\\\/schema\\\/logo\\\/image\\\/\"},\"sameAs\":[\"https:\\\/\\\/www.facebook.com\\\/informelitoral\\\/\",\"https:\\\/\\\/x.com\\\/InformeLitoral\",\"https:\\\/\\\/www.instagram.com\\\/informelitoral\\\/\",\"https:\\\/\\\/www.youtube.com\\\/channel\\\/UCua4Qvz8Icb6MYqhoq9xLXw\"]},{\"@type\":\"Person\",\"@id\":\"https:\\\/\\\/informelitoral.com.ar\\\/#\\\/schema\\\/person\\\/b9d00407c836482871ef1d57bf8e3180\",\"name\":\"Gonzalo Schmidt\",\"image\":{\"@type\":\"ImageObject\",\"inLanguage\":\"es\",\"@id\":\"https:\\\/\\\/secure.gravatar.com\\\/avatar\\\/31a1a7b66ff2de83bd0e9fd79d026630d2d99e55e8bfe501287647b4fd9743de?s=96&d=mm&r=g\",\"url\":\"https:\\\/\\\/secure.gravatar.com\\\/avatar\\\/31a1a7b66ff2de83bd0e9fd79d026630d2d99e55e8bfe501287647b4fd9743de?s=96&d=mm&r=g\",\"contentUrl\":\"https:\\\/\\\/secure.gravatar.com\\\/avatar\\\/31a1a7b66ff2de83bd0e9fd79d026630d2d99e55e8bfe501287647b4fd9743de?s=96&d=mm&r=g\",\"caption\":\"Gonzalo Schmidt\"},\"description\":\"Sitio web de noticias de la provincia de Entre R\u00edos, Argentina. Informaci\u00f3n y entretenimiento. Informe Litoral, nos informamos.\",\"sameAs\":[\"http:\\\/\\\/www.isletasnoticias.com.ar\"],\"url\":\"https:\\\/\\\/informelitoral.com.ar\\\/author\\\/gonzalo\\\/\"}]}<\/script>","yoast_head_json":{"title":"Este jueves se registraron 1214 nuevos casos de coronavirus en Entre R\u00edos - Informe Litoral","robots":{"index":"index","follow":"follow","max-snippet":"max-snippet:-1","max-image-preview":"max-image-preview:large","max-video-preview":"max-video-preview:-1"},"canonical":"https:\/\/informelitoral.com.ar\/este-jueves-se-registraron-1214-nuevos-casos-de-coronavirus-en-entre-rios\/","og_locale":"es_ES","og_type":"article","og_title":"Este jueves se registraron 1214 nuevos casos de coronavirus en Entre R\u00edos - Informe Litoral","og_description":"La mayor\u00eda de los contagios se concentran en Paran\u00e1, Concordia y Gualeguaych\u00fa. En la provincia son 89.288 los casos confirmados desde el inicio de la pandemia. Los detalles.","og_url":"https:\/\/informelitoral.com.ar\/este-jueves-se-registraron-1214-nuevos-casos-de-coronavirus-en-entre-rios\/","og_site_name":"Informe Litoral","article_publisher":"https:\/\/www.facebook.com\/informelitoral\/","article_published_time":"2021-06-03T17:16:50+00:00","og_image":[{"width":1920,"height":950,"url":"https:\/\/informelitoral.com.ar\/%77%70%2d%63%6f%6e%74%65%6e%74\/uploads\/2020\/07\/coronavirus-1.jpg","type":"image\/jpeg"}],"author":"Gonzalo Schmidt","twitter_card":"summary_large_image","twitter_creator":"@InformeLitoral","twitter_site":"@InformeLitoral","twitter_misc":{"Escrito por":"Gonzalo Schmidt","Tiempo de lectura":"1 minuto"},"schema":{"@context":"https:\/\/schema.org","@graph":[{"@type":"Article","@id":"https:\/\/informelitoral.com.ar\/este-jueves-se-registraron-1214-nuevos-casos-de-coronavirus-en-entre-rios\/#article","isPartOf":{"@id":"https:\/\/informelitoral.com.ar\/este-jueves-se-registraron-1214-nuevos-casos-de-coronavirus-en-entre-rios\/"},"author":{"name":"Gonzalo Schmidt","@id":"https:\/\/informelitoral.com.ar\/#\/schema\/person\/b9d00407c836482871ef1d57bf8e3180"},"headline":"Este jueves se registraron 1214 nuevos casos de coronavirus en Entre R\u00edos","datePublished":"2021-06-03T17:16:50+00:00","mainEntityOfPage":{"@id":"https:\/\/informelitoral.com.ar\/este-jueves-se-registraron-1214-nuevos-casos-de-coronavirus-en-entre-rios\/"},"wordCount":272,"commentCount":0,"publisher":{"@id":"https:\/\/informelitoral.com.ar\/#organization"},"image":{"@id":"https:\/\/informelitoral.com.ar\/este-jueves-se-registraron-1214-nuevos-casos-de-coronavirus-en-entre-rios\/#primaryimage"},"thumbnailUrl":"https:\/\/informelitoral.com.ar\/%77%70%2d%63%6f%6e%74%65%6e%74\/uploads\/2020\/07\/coronavirus-1.jpg","keywords":["Coronavirus","COVID-19","Entre R\u00edos"],"articleSection":["Entre R\u00edos"],"inLanguage":"es","potentialAction":[{"@type":"CommentAction","name":"Comment","target":["https:\/\/informelitoral.com.ar\/este-jueves-se-registraron-1214-nuevos-casos-de-coronavirus-en-entre-rios\/#respond"]}]},{"@type":"WebPage","@id":"https:\/\/informelitoral.com.ar\/este-jueves-se-registraron-1214-nuevos-casos-de-coronavirus-en-entre-rios\/","url":"https:\/\/informelitoral.com.ar\/este-jueves-se-registraron-1214-nuevos-casos-de-coronavirus-en-entre-rios\/","name":"Este jueves se registraron 1214 nuevos casos de coronavirus en Entre R\u00edos - Informe Litoral","isPartOf":{"@id":"https:\/\/informelitoral.com.ar\/#website"},"primaryImageOfPage":{"@id":"https:\/\/informelitoral.com.ar\/este-jueves-se-registraron-1214-nuevos-casos-de-coronavirus-en-entre-rios\/#primaryimage"},"image":{"@id":"https:\/\/informelitoral.com.ar\/este-jueves-se-registraron-1214-nuevos-casos-de-coronavirus-en-entre-rios\/#primaryimage"},"thumbnailUrl":"https:\/\/informelitoral.com.ar\/%77%70%2d%63%6f%6e%74%65%6e%74\/uploads\/2020\/07\/coronavirus-1.jpg","datePublished":"2021-06-03T17:16:50+00:00","breadcrumb":{"@id":"https:\/\/informelitoral.com.ar\/este-jueves-se-registraron-1214-nuevos-casos-de-coronavirus-en-entre-rios\/#breadcrumb"},"inLanguage":"es","potentialAction":[{"@type":"ReadAction","target":["https:\/\/informelitoral.com.ar\/este-jueves-se-registraron-1214-nuevos-casos-de-coronavirus-en-entre-rios\/"]}]},{"@type":"ImageObject","inLanguage":"es","@id":"https:\/\/informelitoral.com.ar\/este-jueves-se-registraron-1214-nuevos-casos-de-coronavirus-en-entre-rios\/#primaryimage","url":"https:\/\/informelitoral.com.ar\/%77%70%2d%63%6f%6e%74%65%6e%74\/uploads\/2020\/07\/coronavirus-1.jpg","contentUrl":"https:\/\/informelitoral.com.ar\/%77%70%2d%63%6f%6e%74%65%6e%74\/uploads\/2020\/07\/coronavirus-1.jpg","width":1920,"height":950},{"@type":"BreadcrumbList","@id":"https:\/\/informelitoral.com.ar\/este-jueves-se-registraron-1214-nuevos-casos-de-coronavirus-en-entre-rios\/#breadcrumb","itemListElement":[{"@type":"ListItem","position":1,"name":"Portada","item":"https:\/\/informelitoral.com.ar\/"},{"@type":"ListItem","position":2,"name":"Este jueves se registraron 1214 nuevos casos de coronavirus en Entre R\u00edos"}]},{"@type":"WebSite","@id":"https:\/\/informelitoral.com.ar\/#website","url":"https:\/\/informelitoral.com.ar\/","name":"Informe Litoral","description":"&quot;Nos informamos&quot; ","publisher":{"@id":"https:\/\/informelitoral.com.ar\/#organization"},"potentialAction":[{"@type":"SearchAction","target":{"@type":"EntryPoint","urlTemplate":"https:\/\/informelitoral.com.ar\/?s={search_term_string}"},"query-input":{"@type":"PropertyValueSpecification","valueRequired":true,"valueName":"search_term_string"}}],"inLanguage":"es"},{"@type":"Organization","@id":"https:\/\/informelitoral.com.ar\/#organization","name":"Informe Litoral","url":"https:\/\/informelitoral.com.ar\/","logo":{"@type":"ImageObject","inLanguage":"es","@id":"https:\/\/informelitoral.com.ar\/#\/schema\/logo\/image\/","url":"https:\/\/informelitoral.com.ar\/%77%70%2d%63%6f%6e%74%65%6e%74\/uploads\/2021\/01\/circulo.png","contentUrl":"https:\/\/informelitoral.com.ar\/%77%70%2d%63%6f%6e%74%65%6e%74\/uploads\/2021\/01\/circulo.png","width":723,"height":731,"caption":"Informe Litoral"},"image":{"@id":"https:\/\/informelitoral.com.ar\/#\/schema\/logo\/image\/"},"sameAs":["https:\/\/www.facebook.com\/informelitoral\/","https:\/\/x.com\/InformeLitoral","https:\/\/www.instagram.com\/informelitoral\/","https:\/\/www.youtube.com\/channel\/UCua4Qvz8Icb6MYqhoq9xLXw"]},{"@type":"Person","@id":"https:\/\/informelitoral.com.ar\/#\/schema\/person\/b9d00407c836482871ef1d57bf8e3180","name":"Gonzalo Schmidt","image":{"@type":"ImageObject","inLanguage":"es","@id":"https:\/\/secure.gravatar.com\/avatar\/31a1a7b66ff2de83bd0e9fd79d026630d2d99e55e8bfe501287647b4fd9743de?s=96&d=mm&r=g","url":"https:\/\/secure.gravatar.com\/avatar\/31a1a7b66ff2de83bd0e9fd79d026630d2d99e55e8bfe501287647b4fd9743de?s=96&d=mm&r=g","contentUrl":"https:\/\/secure.gravatar.com\/avatar\/31a1a7b66ff2de83bd0e9fd79d026630d2d99e55e8bfe501287647b4fd9743de?s=96&d=mm&r=g","caption":"Gonzalo Schmidt"},"description":"Sitio web de noticias de la provincia de Entre R\u00edos, Argentina. Informaci\u00f3n y entretenimiento. Informe Litoral, nos informamos.","sameAs":["http:\/\/www.isletasnoticias.com.ar"],"url":"https:\/\/informelitoral.com.ar\/author\/gonzalo\/"}]}},"_links":{"self":[{"href":"https:\/\/informelitoral.com.ar\/%77%70%2d%6a%73%6f%6e\/wp\/v2\/posts\/60730","targetHints":{"allow":["GET"]}}],"collection":[{"href":"https:\/\/informelitoral.com.ar\/%77%70%2d%6a%73%6f%6e\/wp\/v2\/posts"}],"about":[{"href":"https:\/\/informelitoral.com.ar\/%77%70%2d%6a%73%6f%6e\/wp\/v2\/types\/post"}],"author":[{"embeddable":true,"href":"https:\/\/informelitoral.com.ar\/%77%70%2d%6a%73%6f%6e\/wp\/v2\/users\/2"}],"replies":[{"embeddable":true,"href":"https:\/\/informelitoral.com.ar\/%77%70%2d%6a%73%6f%6e\/wp\/v2\/comments?post=60730"}],"version-history":[{"count":0,"href":"https:\/\/informelitoral.com.ar\/%77%70%2d%6a%73%6f%6e\/wp\/v2\/posts\/60730\/revisions"}],"wp:featuredmedia":[{"embeddable":true,"href":"https:\/\/informelitoral.com.ar\/%77%70%2d%6a%73%6f%6e\/wp\/v2\/media\/45906"}],"wp:attachment":[{"href":"https:\/\/informelitoral.com.ar\/%77%70%2d%6a%73%6f%6e\/wp\/v2\/media?parent=60730"}],"wp:term":[{"taxonomy":"category","embeddable":true,"href":"https:\/\/informelitoral.com.ar\/%77%70%2d%6a%73%6f%6e\/wp\/v2\/categories?post=60730"},{"taxonomy":"post_tag","embeddable":true,"href":"https:\/\/informelitoral.com.ar\/%77%70%2d%6a%73%6f%6e\/wp\/v2\/tags?post=60730"}],"curies":[{"name":"wp","href":"https:\/\/api.w.org\/{rel}","templated":true}]}}