{"id":60427,"date":"2021-05-27T22:42:52","date_gmt":"2021-05-28T01:42:52","guid":{"rendered":"https:\/\/www.informelitoral.com.ar\/?p=60427"},"modified":"2021-05-27T22:42:52","modified_gmt":"2021-05-28T01:42:52","slug":"cuales-son-los-lacteos-que-se-suman-a-precios-cuidados","status":"publish","type":"post","link":"https:\/\/informelitoral.com.ar\/cuales-son-los-lacteos-que-se-suman-a-precios-cuidados\/","title":{"rendered":"Cu\u00e1les son los l\u00e1cteos que se suman a Precios Cuidados"},"content":{"rendered":"<section class=\"detail-body first-paragraph\">\n<section id=\"note-body\" class=\"body-content note-body content-protected-false\" data-twitter-link=\"https:\/\/twitter.com\/intent\/tweet?url=https:\/\/www.minutouno.com\/c5196060&amp;v\u00eda=Ambitocom&amp;related=MinutoUno&amp;text=\">El Gobierno nacional acord\u00f3 este jueves con la industria l\u00e1ctea la ampliaci\u00f3n de los vol\u00famenes de producci\u00f3n y abastecimiento en el mercado interno, lo que permitir\u00e1\u00a0<strong><span id=\"saysCMSEmphasisjveh68of3zf\">sumar nuevos art\u00edculos del sector al programa Precios Cuidados y al monitoreo de sus valores en g\u00f3ndola<\/span>.<\/strong><\/p>\n<\/section>\n<\/section>\n<section class=\"detail-body second-paragraph\">\n<section class=\"body-content note-body content-protected-false\">El acuerdo fue alcanzado por las secretar\u00edas de Comercio Interior y de Agricultura, Ganader\u00eda y Pesca, con el Centro de la Industria Lechera Argentina (CIL), la Asociaci\u00f3n de Peque\u00f1as y Medianas Empresas L\u00e1cteas (Apymel) y la Junta Intercooperativa de Productores de Leche (JIPL).<\/p>\n<p>\u00abQueremos potenciar la capacidad productiva que ya tiene el sector y atender las necesidades que tenemos de cuidar el mercado interno para garantizar la mesa de las argentinas y los argentinos\u201d, explic\u00f3 la secretaria de Comercio Interior,\u00a0<strong>Paula Espa\u00f1ol.<\/strong><\/p>\n<p>Seg\u00fan Espa\u00f1ol,\u00a0<span id=\"saysCMSEmphasisw91sp69zrkl\" class=\"saysCMSEmphasis\">el objetivo es \u00abrecuperar el consumo de l\u00e1cteos principalmente en los sectores m\u00e1s vulnerables<\/span>, por eso a partir de hoy y de la puesta en pr\u00e1ctica de la\u00a0Ley de G\u00f3ndolas, queremos lograr que cada vez haya m\u00e1s producci\u00f3n y abastecimiento de productos l\u00e1cteos con presencia en los supermercados\u201d.<\/p>\n<h4><strong>Estos son los nuevos productos l\u00e1cteos que formar\u00e1n parte de Precios Cuidados:<\/strong><\/h4>\n<ul>\n<li>Crema de leche 180g: 80 pesos<\/li>\n<li>Dulce de leche 400g: 90 pesos<\/li>\n<li>Leche en polvo entera 400g: 243 pesos<\/li>\n<li>Leche larga vida deslactosada: 80 pesos<\/li>\n<li>Leche Larga vida descremada, entera y 0%: 70,20 pesos<\/li>\n<li>Manteca 200g: 120 pesos<\/li>\n<li>Muzzarella 250g: 185 pesos<\/li>\n<li>Postre 100g: 35 pesos<\/li>\n<li>Queso cremoso 1kg: 500 pesos<\/li>\n<li>Queso cremoso Horma 1kg: 450 pesos<\/li>\n<li>Queso cremoso 1kg: 550 pesos<\/li>\n<li>Queso cremoso 450g: 230 pesos<\/li>\n<li>Queso rallado 135g: 167 pesos<\/li>\n<li>Yogur descremado (frutilla y vainilla) 125g: 25,95 pesos<\/li>\n<li>Yogurt bebile entero y descremado (frutilla y vainilla) 1L: 90 pesos.<\/li>\n<\/ul>\n<\/section>\n<\/section>\n","protected":false},"excerpt":{"rendered":"<p>El gobierno ampli\u00f3 el surtido de productos que integran el programa Precios Cuidados con el objetivo de \u00abrecuperar el consumo de l\u00e1cteos en los sectores m\u00e1s vulnerables\u00bb.<\/p>\n","protected":false},"author":2,"featured_media":60428,"comment_status":"open","ping_status":"open","sticky":false,"template":"","format":"standard","meta":{"fifu_image_url":"","fifu_image_alt":"","footnotes":""},"categories":[1594,7],"tags":[1024],"class_list":{"0":"post-60427","1":"post","2":"type-post","3":"status-publish","4":"format-standard","5":"has-post-thumbnail","7":"category-economia","8":"category-nacionales","9":"tag-precios-cuidados"},"yoast_head":"<title>Cu\u00e1les son los l\u00e1cteos que se suman a Precios Cuidados - Informe Litoral<\/title>\n<meta name=\"robots\" content=\"index, follow, max-snippet:-1, max-image-preview:large, max-video-preview:-1\" \/>\n<link rel=\"canonical\" href=\"https:\/\/informelitoral.com.ar\/cuales-son-los-lacteos-que-se-suman-a-precios-cuidados\/\" \/>\n<meta property=\"og:locale\" content=\"es_ES\" \/>\n<meta property=\"og:type\" content=\"article\" \/>\n<meta property=\"og:title\" content=\"Cu\u00e1les son los l\u00e1cteos que se suman a Precios Cuidados - Informe Litoral\" \/>\n<meta property=\"og:description\" content=\"El gobierno ampli\u00f3 el surtido de productos que integran el programa Precios Cuidados con el objetivo de &quot;recuperar el consumo de l\u00e1cteos en los sectores m\u00e1s vulnerables&quot;.\" \/>\n<meta property=\"og:url\" content=\"https:\/\/informelitoral.com.ar\/cuales-son-los-lacteos-que-se-suman-a-precios-cuidados\/\" \/>\n<meta property=\"og:site_name\" content=\"Informe Litoral\" \/>\n<meta property=\"article:publisher\" content=\"https:\/\/www.facebook.com\/informelitoral\/\" \/>\n<meta property=\"article:published_time\" content=\"2021-05-28T01:42:52+00:00\" \/>\n<meta property=\"og:image\" content=\"https:\/\/informelitoral.com.ar\/%77%70%2d%63%6f%6e%74%65%6e%74\/uploads\/2021\/05\/149659_1622148395_623.jpg\" \/>\n\t<meta property=\"og:image:width\" content=\"700\" \/>\n\t<meta property=\"og:image:height\" content=\"420\" \/>\n\t<meta property=\"og:image:type\" content=\"image\/jpeg\" \/>\n<meta name=\"author\" content=\"Gonzalo Schmidt\" \/>\n<meta name=\"twitter:card\" content=\"summary_large_image\" \/>\n<meta name=\"twitter:creator\" content=\"@InformeLitoral\" \/>\n<meta name=\"twitter:site\" content=\"@InformeLitoral\" \/>\n<meta name=\"twitter:label1\" content=\"Escrito por\" \/>\n\t<meta name=\"twitter:data1\" content=\"Gonzalo Schmidt\" \/>\n\t<meta name=\"twitter:label2\" content=\"Tiempo de lectura\" \/>\n\t<meta name=\"twitter:data2\" content=\"1 minuto\" \/>\n<script type=\"application\/ld+json\" class=\"yoast-schema-graph\">{\"@context\":\"https:\\\/\\\/schema.org\",\"@graph\":[{\"@type\":\"Article\",\"@id\":\"https:\\\/\\\/informelitoral.com.ar\\\/cuales-son-los-lacteos-que-se-suman-a-precios-cuidados\\\/#article\",\"isPartOf\":{\"@id\":\"https:\\\/\\\/informelitoral.com.ar\\\/cuales-son-los-lacteos-que-se-suman-a-precios-cuidados\\\/\"},\"author\":{\"name\":\"Gonzalo Schmidt\",\"@id\":\"https:\\\/\\\/informelitoral.com.ar\\\/#\\\/schema\\\/person\\\/b9d00407c836482871ef1d57bf8e3180\"},\"headline\":\"Cu\u00e1les son los l\u00e1cteos que se suman a Precios Cuidados\",\"datePublished\":\"2021-05-28T01:42:52+00:00\",\"mainEntityOfPage\":{\"@id\":\"https:\\\/\\\/informelitoral.com.ar\\\/cuales-son-los-lacteos-que-se-suman-a-precios-cuidados\\\/\"},\"wordCount\":298,\"commentCount\":0,\"publisher\":{\"@id\":\"https:\\\/\\\/informelitoral.com.ar\\\/#organization\"},\"image\":{\"@id\":\"https:\\\/\\\/informelitoral.com.ar\\\/cuales-son-los-lacteos-que-se-suman-a-precios-cuidados\\\/#primaryimage\"},\"thumbnailUrl\":\"https:\\\/\\\/informelitoral.com.ar\\\/%77%70%2d%63%6f%6e%74%65%6e%74\\\/uploads\\\/2021\\\/05\\\/149659_1622148395_623.jpg\",\"keywords\":[\"Precios Cuidados\"],\"articleSection\":[\"Econom\u00eda\",\"Nacionales\"],\"inLanguage\":\"es\",\"potentialAction\":[{\"@type\":\"CommentAction\",\"name\":\"Comment\",\"target\":[\"https:\\\/\\\/informelitoral.com.ar\\\/cuales-son-los-lacteos-que-se-suman-a-precios-cuidados\\\/#respond\"]}]},{\"@type\":\"WebPage\",\"@id\":\"https:\\\/\\\/informelitoral.com.ar\\\/cuales-son-los-lacteos-que-se-suman-a-precios-cuidados\\\/\",\"url\":\"https:\\\/\\\/informelitoral.com.ar\\\/cuales-son-los-lacteos-que-se-suman-a-precios-cuidados\\\/\",\"name\":\"Cu\u00e1les son los l\u00e1cteos que se suman a Precios Cuidados - Informe Litoral\",\"isPartOf\":{\"@id\":\"https:\\\/\\\/informelitoral.com.ar\\\/#website\"},\"primaryImageOfPage\":{\"@id\":\"https:\\\/\\\/informelitoral.com.ar\\\/cuales-son-los-lacteos-que-se-suman-a-precios-cuidados\\\/#primaryimage\"},\"image\":{\"@id\":\"https:\\\/\\\/informelitoral.com.ar\\\/cuales-son-los-lacteos-que-se-suman-a-precios-cuidados\\\/#primaryimage\"},\"thumbnailUrl\":\"https:\\\/\\\/informelitoral.com.ar\\\/%77%70%2d%63%6f%6e%74%65%6e%74\\\/uploads\\\/2021\\\/05\\\/149659_1622148395_623.jpg\",\"datePublished\":\"2021-05-28T01:42:52+00:00\",\"breadcrumb\":{\"@id\":\"https:\\\/\\\/informelitoral.com.ar\\\/cuales-son-los-lacteos-que-se-suman-a-precios-cuidados\\\/#breadcrumb\"},\"inLanguage\":\"es\",\"potentialAction\":[{\"@type\":\"ReadAction\",\"target\":[\"https:\\\/\\\/informelitoral.com.ar\\\/cuales-son-los-lacteos-que-se-suman-a-precios-cuidados\\\/\"]}]},{\"@type\":\"ImageObject\",\"inLanguage\":\"es\",\"@id\":\"https:\\\/\\\/informelitoral.com.ar\\\/cuales-son-los-lacteos-que-se-suman-a-precios-cuidados\\\/#primaryimage\",\"url\":\"https:\\\/\\\/informelitoral.com.ar\\\/%77%70%2d%63%6f%6e%74%65%6e%74\\\/uploads\\\/2021\\\/05\\\/149659_1622148395_623.jpg\",\"contentUrl\":\"https:\\\/\\\/informelitoral.com.ar\\\/%77%70%2d%63%6f%6e%74%65%6e%74\\\/uploads\\\/2021\\\/05\\\/149659_1622148395_623.jpg\",\"width\":700,\"height\":420},{\"@type\":\"BreadcrumbList\",\"@id\":\"https:\\\/\\\/informelitoral.com.ar\\\/cuales-son-los-lacteos-que-se-suman-a-precios-cuidados\\\/#breadcrumb\",\"itemListElement\":[{\"@type\":\"ListItem\",\"position\":1,\"name\":\"Portada\",\"item\":\"https:\\\/\\\/informelitoral.com.ar\\\/\"},{\"@type\":\"ListItem\",\"position\":2,\"name\":\"Cu\u00e1les son los l\u00e1cteos que se suman a Precios Cuidados\"}]},{\"@type\":\"WebSite\",\"@id\":\"https:\\\/\\\/informelitoral.com.ar\\\/#website\",\"url\":\"https:\\\/\\\/informelitoral.com.ar\\\/\",\"name\":\"Informe Litoral\",\"description\":\"&quot;Nos informamos&quot; \",\"publisher\":{\"@id\":\"https:\\\/\\\/informelitoral.com.ar\\\/#organization\"},\"potentialAction\":[{\"@type\":\"SearchAction\",\"target\":{\"@type\":\"EntryPoint\",\"urlTemplate\":\"https:\\\/\\\/informelitoral.com.ar\\\/?s={search_term_string}\"},\"query-input\":{\"@type\":\"PropertyValueSpecification\",\"valueRequired\":true,\"valueName\":\"search_term_string\"}}],\"inLanguage\":\"es\"},{\"@type\":\"Organization\",\"@id\":\"https:\\\/\\\/informelitoral.com.ar\\\/#organization\",\"name\":\"Informe Litoral\",\"url\":\"https:\\\/\\\/informelitoral.com.ar\\\/\",\"logo\":{\"@type\":\"ImageObject\",\"inLanguage\":\"es\",\"@id\":\"https:\\\/\\\/informelitoral.com.ar\\\/#\\\/schema\\\/logo\\\/image\\\/\",\"url\":\"https:\\\/\\\/informelitoral.com.ar\\\/%77%70%2d%63%6f%6e%74%65%6e%74\\\/uploads\\\/2021\\\/01\\\/circulo.png\",\"contentUrl\":\"https:\\\/\\\/informelitoral.com.ar\\\/%77%70%2d%63%6f%6e%74%65%6e%74\\\/uploads\\\/2021\\\/01\\\/circulo.png\",\"width\":723,\"height\":731,\"caption\":\"Informe Litoral\"},\"image\":{\"@id\":\"https:\\\/\\\/informelitoral.com.ar\\\/#\\\/schema\\\/logo\\\/image\\\/\"},\"sameAs\":[\"https:\\\/\\\/www.facebook.com\\\/informelitoral\\\/\",\"https:\\\/\\\/x.com\\\/InformeLitoral\",\"https:\\\/\\\/www.instagram.com\\\/informelitoral\\\/\",\"https:\\\/\\\/www.youtube.com\\\/channel\\\/UCua4Qvz8Icb6MYqhoq9xLXw\"]},{\"@type\":\"Person\",\"@id\":\"https:\\\/\\\/informelitoral.com.ar\\\/#\\\/schema\\\/person\\\/b9d00407c836482871ef1d57bf8e3180\",\"name\":\"Gonzalo Schmidt\",\"image\":{\"@type\":\"ImageObject\",\"inLanguage\":\"es\",\"@id\":\"https:\\\/\\\/secure.gravatar.com\\\/avatar\\\/31a1a7b66ff2de83bd0e9fd79d026630d2d99e55e8bfe501287647b4fd9743de?s=96&d=mm&r=g\",\"url\":\"https:\\\/\\\/secure.gravatar.com\\\/avatar\\\/31a1a7b66ff2de83bd0e9fd79d026630d2d99e55e8bfe501287647b4fd9743de?s=96&d=mm&r=g\",\"contentUrl\":\"https:\\\/\\\/secure.gravatar.com\\\/avatar\\\/31a1a7b66ff2de83bd0e9fd79d026630d2d99e55e8bfe501287647b4fd9743de?s=96&d=mm&r=g\",\"caption\":\"Gonzalo Schmidt\"},\"description\":\"Sitio web de noticias de la provincia de Entre R\u00edos, Argentina. Informaci\u00f3n y entretenimiento. Informe Litoral, nos informamos.\",\"sameAs\":[\"http:\\\/\\\/www.isletasnoticias.com.ar\"],\"url\":\"https:\\\/\\\/informelitoral.com.ar\\\/author\\\/gonzalo\\\/\"}]}<\/script>","yoast_head_json":{"title":"Cu\u00e1les son los l\u00e1cteos que se suman a Precios Cuidados - Informe Litoral","robots":{"index":"index","follow":"follow","max-snippet":"max-snippet:-1","max-image-preview":"max-image-preview:large","max-video-preview":"max-video-preview:-1"},"canonical":"https:\/\/informelitoral.com.ar\/cuales-son-los-lacteos-que-se-suman-a-precios-cuidados\/","og_locale":"es_ES","og_type":"article","og_title":"Cu\u00e1les son los l\u00e1cteos que se suman a Precios Cuidados - Informe Litoral","og_description":"El gobierno ampli\u00f3 el surtido de productos que integran el programa Precios Cuidados con el objetivo de \"recuperar el consumo de l\u00e1cteos en los sectores m\u00e1s vulnerables\".","og_url":"https:\/\/informelitoral.com.ar\/cuales-son-los-lacteos-que-se-suman-a-precios-cuidados\/","og_site_name":"Informe Litoral","article_publisher":"https:\/\/www.facebook.com\/informelitoral\/","article_published_time":"2021-05-28T01:42:52+00:00","og_image":[{"width":700,"height":420,"url":"https:\/\/informelitoral.com.ar\/%77%70%2d%63%6f%6e%74%65%6e%74\/uploads\/2021\/05\/149659_1622148395_623.jpg","type":"image\/jpeg"}],"author":"Gonzalo Schmidt","twitter_card":"summary_large_image","twitter_creator":"@InformeLitoral","twitter_site":"@InformeLitoral","twitter_misc":{"Escrito por":"Gonzalo Schmidt","Tiempo de lectura":"1 minuto"},"schema":{"@context":"https:\/\/schema.org","@graph":[{"@type":"Article","@id":"https:\/\/informelitoral.com.ar\/cuales-son-los-lacteos-que-se-suman-a-precios-cuidados\/#article","isPartOf":{"@id":"https:\/\/informelitoral.com.ar\/cuales-son-los-lacteos-que-se-suman-a-precios-cuidados\/"},"author":{"name":"Gonzalo Schmidt","@id":"https:\/\/informelitoral.com.ar\/#\/schema\/person\/b9d00407c836482871ef1d57bf8e3180"},"headline":"Cu\u00e1les son los l\u00e1cteos que se suman a Precios Cuidados","datePublished":"2021-05-28T01:42:52+00:00","mainEntityOfPage":{"@id":"https:\/\/informelitoral.com.ar\/cuales-son-los-lacteos-que-se-suman-a-precios-cuidados\/"},"wordCount":298,"commentCount":0,"publisher":{"@id":"https:\/\/informelitoral.com.ar\/#organization"},"image":{"@id":"https:\/\/informelitoral.com.ar\/cuales-son-los-lacteos-que-se-suman-a-precios-cuidados\/#primaryimage"},"thumbnailUrl":"https:\/\/informelitoral.com.ar\/%77%70%2d%63%6f%6e%74%65%6e%74\/uploads\/2021\/05\/149659_1622148395_623.jpg","keywords":["Precios Cuidados"],"articleSection":["Econom\u00eda","Nacionales"],"inLanguage":"es","potentialAction":[{"@type":"CommentAction","name":"Comment","target":["https:\/\/informelitoral.com.ar\/cuales-son-los-lacteos-que-se-suman-a-precios-cuidados\/#respond"]}]},{"@type":"WebPage","@id":"https:\/\/informelitoral.com.ar\/cuales-son-los-lacteos-que-se-suman-a-precios-cuidados\/","url":"https:\/\/informelitoral.com.ar\/cuales-son-los-lacteos-que-se-suman-a-precios-cuidados\/","name":"Cu\u00e1les son los l\u00e1cteos que se suman a Precios Cuidados - Informe Litoral","isPartOf":{"@id":"https:\/\/informelitoral.com.ar\/#website"},"primaryImageOfPage":{"@id":"https:\/\/informelitoral.com.ar\/cuales-son-los-lacteos-que-se-suman-a-precios-cuidados\/#primaryimage"},"image":{"@id":"https:\/\/informelitoral.com.ar\/cuales-son-los-lacteos-que-se-suman-a-precios-cuidados\/#primaryimage"},"thumbnailUrl":"https:\/\/informelitoral.com.ar\/%77%70%2d%63%6f%6e%74%65%6e%74\/uploads\/2021\/05\/149659_1622148395_623.jpg","datePublished":"2021-05-28T01:42:52+00:00","breadcrumb":{"@id":"https:\/\/informelitoral.com.ar\/cuales-son-los-lacteos-que-se-suman-a-precios-cuidados\/#breadcrumb"},"inLanguage":"es","potentialAction":[{"@type":"ReadAction","target":["https:\/\/informelitoral.com.ar\/cuales-son-los-lacteos-que-se-suman-a-precios-cuidados\/"]}]},{"@type":"ImageObject","inLanguage":"es","@id":"https:\/\/informelitoral.com.ar\/cuales-son-los-lacteos-que-se-suman-a-precios-cuidados\/#primaryimage","url":"https:\/\/informelitoral.com.ar\/%77%70%2d%63%6f%6e%74%65%6e%74\/uploads\/2021\/05\/149659_1622148395_623.jpg","contentUrl":"https:\/\/informelitoral.com.ar\/%77%70%2d%63%6f%6e%74%65%6e%74\/uploads\/2021\/05\/149659_1622148395_623.jpg","width":700,"height":420},{"@type":"BreadcrumbList","@id":"https:\/\/informelitoral.com.ar\/cuales-son-los-lacteos-que-se-suman-a-precios-cuidados\/#breadcrumb","itemListElement":[{"@type":"ListItem","position":1,"name":"Portada","item":"https:\/\/informelitoral.com.ar\/"},{"@type":"ListItem","position":2,"name":"Cu\u00e1les son los l\u00e1cteos que se suman a Precios Cuidados"}]},{"@type":"WebSite","@id":"https:\/\/informelitoral.com.ar\/#website","url":"https:\/\/informelitoral.com.ar\/","name":"Informe Litoral","description":"&quot;Nos informamos&quot; ","publisher":{"@id":"https:\/\/informelitoral.com.ar\/#organization"},"potentialAction":[{"@type":"SearchAction","target":{"@type":"EntryPoint","urlTemplate":"https:\/\/informelitoral.com.ar\/?s={search_term_string}"},"query-input":{"@type":"PropertyValueSpecification","valueRequired":true,"valueName":"search_term_string"}}],"inLanguage":"es"},{"@type":"Organization","@id":"https:\/\/informelitoral.com.ar\/#organization","name":"Informe Litoral","url":"https:\/\/informelitoral.com.ar\/","logo":{"@type":"ImageObject","inLanguage":"es","@id":"https:\/\/informelitoral.com.ar\/#\/schema\/logo\/image\/","url":"https:\/\/informelitoral.com.ar\/%77%70%2d%63%6f%6e%74%65%6e%74\/uploads\/2021\/01\/circulo.png","contentUrl":"https:\/\/informelitoral.com.ar\/%77%70%2d%63%6f%6e%74%65%6e%74\/uploads\/2021\/01\/circulo.png","width":723,"height":731,"caption":"Informe Litoral"},"image":{"@id":"https:\/\/informelitoral.com.ar\/#\/schema\/logo\/image\/"},"sameAs":["https:\/\/www.facebook.com\/informelitoral\/","https:\/\/x.com\/InformeLitoral","https:\/\/www.instagram.com\/informelitoral\/","https:\/\/www.youtube.com\/channel\/UCua4Qvz8Icb6MYqhoq9xLXw"]},{"@type":"Person","@id":"https:\/\/informelitoral.com.ar\/#\/schema\/person\/b9d00407c836482871ef1d57bf8e3180","name":"Gonzalo Schmidt","image":{"@type":"ImageObject","inLanguage":"es","@id":"https:\/\/secure.gravatar.com\/avatar\/31a1a7b66ff2de83bd0e9fd79d026630d2d99e55e8bfe501287647b4fd9743de?s=96&d=mm&r=g","url":"https:\/\/secure.gravatar.com\/avatar\/31a1a7b66ff2de83bd0e9fd79d026630d2d99e55e8bfe501287647b4fd9743de?s=96&d=mm&r=g","contentUrl":"https:\/\/secure.gravatar.com\/avatar\/31a1a7b66ff2de83bd0e9fd79d026630d2d99e55e8bfe501287647b4fd9743de?s=96&d=mm&r=g","caption":"Gonzalo Schmidt"},"description":"Sitio web de noticias de la provincia de Entre R\u00edos, Argentina. Informaci\u00f3n y entretenimiento. Informe Litoral, nos informamos.","sameAs":["http:\/\/www.isletasnoticias.com.ar"],"url":"https:\/\/informelitoral.com.ar\/author\/gonzalo\/"}]}},"_links":{"self":[{"href":"https:\/\/informelitoral.com.ar\/%77%70%2d%6a%73%6f%6e\/wp\/v2\/posts\/60427","targetHints":{"allow":["GET"]}}],"collection":[{"href":"https:\/\/informelitoral.com.ar\/%77%70%2d%6a%73%6f%6e\/wp\/v2\/posts"}],"about":[{"href":"https:\/\/informelitoral.com.ar\/%77%70%2d%6a%73%6f%6e\/wp\/v2\/types\/post"}],"author":[{"embeddable":true,"href":"https:\/\/informelitoral.com.ar\/%77%70%2d%6a%73%6f%6e\/wp\/v2\/users\/2"}],"replies":[{"embeddable":true,"href":"https:\/\/informelitoral.com.ar\/%77%70%2d%6a%73%6f%6e\/wp\/v2\/comments?post=60427"}],"version-history":[{"count":0,"href":"https:\/\/informelitoral.com.ar\/%77%70%2d%6a%73%6f%6e\/wp\/v2\/posts\/60427\/revisions"}],"wp:featuredmedia":[{"embeddable":true,"href":"https:\/\/informelitoral.com.ar\/%77%70%2d%6a%73%6f%6e\/wp\/v2\/media\/60428"}],"wp:attachment":[{"href":"https:\/\/informelitoral.com.ar\/%77%70%2d%6a%73%6f%6e\/wp\/v2\/media?parent=60427"}],"wp:term":[{"taxonomy":"category","embeddable":true,"href":"https:\/\/informelitoral.com.ar\/%77%70%2d%6a%73%6f%6e\/wp\/v2\/categories?post=60427"},{"taxonomy":"post_tag","embeddable":true,"href":"https:\/\/informelitoral.com.ar\/%77%70%2d%6a%73%6f%6e\/wp\/v2\/tags?post=60427"}],"curies":[{"name":"wp","href":"https:\/\/api.w.org\/{rel}","templated":true}]}}