{"id":60325,"date":"2021-05-24T21:50:24","date_gmt":"2021-05-25T00:50:24","guid":{"rendered":"https:\/\/www.informelitoral.com.ar\/?p=60325"},"modified":"2021-05-24T22:08:54","modified_gmt":"2021-05-25T01:08:54","slug":"convocan-a-una-marcha-contra-el-cierre-de-las-exportaciones-de-carne-y-por-la-apertura-de-comercios","status":"publish","type":"post","link":"https:\/\/informelitoral.com.ar\/convocan-a-una-marcha-contra-el-cierre-de-las-exportaciones-de-carne-y-por-la-apertura-de-comercios\/","title":{"rendered":"Convocan a una marcha contra el cierre de las exportaciones de carne y por la apertura de comercios"},"content":{"rendered":"<p>El\u00a0<a href=\"https:\/\/www.informelitoral.com.ar\/el-gobierno-suspendio-las-exportaciones-de-carne-por-30-dias\/\">cierre de las exportaciones de carne<\/a>\u00a0gener\u00f3 malestar en el agro y como medida de protesta <a href=\"https:\/\/www.informelitoral.com.ar\/la-mesa-de-enlace-confirmo-un-cese-de-comercializacion-por-el-cierre-de-exportaciones-de-carne\/\">la Mesa de Enlace lanz\u00f3 un cese de comercializaci\u00f3n.<\/a> Sin embargo, diversos productores organizaron manifestaciones para este martes 25 de mayo.<\/p>\n<p><em>\u00abCaravana por la justicia y la libertad\u00bb<\/em> es la consigna de la protesta contra el cierre de las exportaciones, convocada por la<strong> filial de Federaci\u00f3n Agraria de Crespo.<\/strong>\u00a0La misma ser\u00e1 a las 15 y comenzar\u00e1 en la rotonda de la localidad.<\/p>\n<p>La manifestaci\u00f3n no solo apunta a las <strong>exportaciones de carne,<\/strong> si no que suma otros reclamos como la<strong> apertura de todos los comercios<\/strong>, por lo que tambi\u00e9n contar\u00e1 con el apoyo del Centro Comercial, Industrial y Agropecuario.<\/p>\n<p>Los manifestantes llegaron a un acuerdo con la Polic\u00eda crespense y no ingresar\u00e1n a la ciudad. Adem\u00e1s se comprometieron a mantener la distancia y en lo posible no descender de los veh\u00edculos, supo<em><strong> Informe Litoral.<\/strong><\/em><\/p>\n<p><a href=\"https:\/\/www.informelitoral.com.ar\/%77%70%2d%63%6f%6e%74%65%6e%74\/uploads\/2021\/05\/b9f6c0f0-36ff-45be-a215-aa7af95e2c40.jpg\"><img loading=\"lazy\" decoding=\"async\" class=\"wp-image-60326 size-full alignnone\" src=\"https:\/\/www.informelitoral.com.ar\/%77%70%2d%63%6f%6e%74%65%6e%74\/uploads\/2021\/05\/b9f6c0f0-36ff-45be-a215-aa7af95e2c40.jpg\" alt=\"\" width=\"600\" height=\"397\" srcset=\"https:\/\/informelitoral.com.ar\/%77%70%2d%63%6f%6e%74%65%6e%74\/uploads\/2021\/05\/b9f6c0f0-36ff-45be-a215-aa7af95e2c40.jpg 600w, https:\/\/informelitoral.com.ar\/%77%70%2d%63%6f%6e%74%65%6e%74\/uploads\/2021\/05\/b9f6c0f0-36ff-45be-a215-aa7af95e2c40-300x199.jpg 300w\" sizes=\"auto, (max-width: 600px) 100vw, 600px\" \/><\/a><\/p>\n<h3><strong>NOTA RELACIONADA:<\/strong><\/h3>\n<blockquote class=\"wp-embedded-content\" data-secret=\"Ncu2jYIqPY\"><p><a href=\"https:\/\/www.informelitoral.com.ar\/el-ministro-de-produccion-de-bordet-tambien-se-opone-al-cierre-de-exportaciones-de-carne\/\">El ministro de Producci\u00f3n de Bordet tambi\u00e9n se opone al cierre de exportaciones de carne<\/a><\/p><\/blockquote>\n<p><iframe loading=\"lazy\" class=\"wp-embedded-content\" sandbox=\"allow-scripts\" security=\"restricted\" style=\"position: absolute; clip: rect(1px, 1px, 1px, 1px);\" title=\"\u00abEl ministro de Producci\u00f3n de Bordet tambi\u00e9n se opone al cierre de exportaciones de carne\u00bb \u2014 Informe Litoral\" src=\"https:\/\/www.informelitoral.com.ar\/el-ministro-de-produccion-de-bordet-tambien-se-opone-al-cierre-de-exportaciones-de-carne\/embed\/#?secret=Ncu2jYIqPY\" data-secret=\"Ncu2jYIqPY\" width=\"600\" height=\"338\" frameborder=\"0\" marginwidth=\"0\" marginheight=\"0\" scrolling=\"no\"><\/iframe><\/p>\n","protected":false},"excerpt":{"rendered":"<p>Ser\u00e1 este martes 25 de mayo, a las 15, en la rotonda de Crespo. Bajo la consigna \u00abCaravana por la justicia y la libertad\u00bb, los manifestantes se comprometieron a no ingresar a la ciudad y cumplir con las medidas de prevenci\u00f3n contra el coronavirus. <\/p>\n","protected":false},"author":2,"featured_media":60327,"comment_status":"open","ping_status":"open","sticky":false,"template":"","format":"standard","meta":{"fifu_image_url":"","fifu_image_alt":"","footnotes":""},"categories":[10,16],"tags":[71,389,208,83,271,502],"class_list":{"0":"post-60325","1":"post","2":"type-post","3":"status-publish","4":"format-standard","5":"has-post-thumbnail","7":"category-campo","8":"category-politi","9":"tag-campo","10":"tag-carne","11":"tag-crespo","12":"tag-exportaciones","13":"tag-federacion-agraria","14":"tag-protesta"},"yoast_head":"<title>Convocan a una marcha contra el cierre de las exportaciones de carne y por la apertura de comercios - Informe Litoral<\/title>\n<meta name=\"robots\" content=\"index, follow, max-snippet:-1, max-image-preview:large, max-video-preview:-1\" \/>\n<link rel=\"canonical\" href=\"https:\/\/informelitoral.com.ar\/convocan-a-una-marcha-contra-el-cierre-de-las-exportaciones-de-carne-y-por-la-apertura-de-comercios\/\" \/>\n<meta property=\"og:locale\" content=\"es_ES\" \/>\n<meta property=\"og:type\" content=\"article\" \/>\n<meta property=\"og:title\" content=\"Convocan a una marcha contra el cierre de las exportaciones de carne y por la apertura de comercios - Informe Litoral\" \/>\n<meta property=\"og:description\" content=\"Ser\u00e1 este martes 25 de mayo, a las 15, en la rotonda de Crespo. Bajo la consigna &quot;Caravana por la justicia y la libertad&quot;, los manifestantes se comprometieron a no ingresar a la ciudad y cumplir con las medidas de prevenci\u00f3n contra el coronavirus.\" \/>\n<meta property=\"og:url\" content=\"https:\/\/informelitoral.com.ar\/convocan-a-una-marcha-contra-el-cierre-de-las-exportaciones-de-carne-y-por-la-apertura-de-comercios\/\" \/>\n<meta property=\"og:site_name\" content=\"Informe Litoral\" \/>\n<meta property=\"article:publisher\" content=\"https:\/\/www.facebook.com\/informelitoral\/\" \/>\n<meta property=\"article:published_time\" content=\"2021-05-25T00:50:24+00:00\" \/>\n<meta property=\"article:modified_time\" content=\"2021-05-25T01:08:54+00:00\" \/>\n<meta property=\"og:image\" content=\"https:\/\/informelitoral.com.ar\/%77%70%2d%63%6f%6e%74%65%6e%74\/uploads\/2021\/05\/Banderazo-5-1024x768-1.jpg\" \/>\n\t<meta property=\"og:image:width\" content=\"1024\" \/>\n\t<meta property=\"og:image:height\" content=\"768\" \/>\n\t<meta property=\"og:image:type\" content=\"image\/jpeg\" \/>\n<meta name=\"author\" content=\"Gonzalo Schmidt\" \/>\n<meta name=\"twitter:card\" content=\"summary_large_image\" \/>\n<meta name=\"twitter:creator\" content=\"@InformeLitoral\" \/>\n<meta name=\"twitter:site\" content=\"@InformeLitoral\" \/>\n<meta name=\"twitter:label1\" content=\"Escrito por\" \/>\n\t<meta name=\"twitter:data1\" content=\"Gonzalo Schmidt\" \/>\n\t<meta name=\"twitter:label2\" content=\"Tiempo de lectura\" \/>\n\t<meta name=\"twitter:data2\" content=\"1 minuto\" \/>\n<script type=\"application\/ld+json\" class=\"yoast-schema-graph\">{\"@context\":\"https:\\\/\\\/schema.org\",\"@graph\":[{\"@type\":\"Article\",\"@id\":\"https:\\\/\\\/informelitoral.com.ar\\\/convocan-a-una-marcha-contra-el-cierre-de-las-exportaciones-de-carne-y-por-la-apertura-de-comercios\\\/#article\",\"isPartOf\":{\"@id\":\"https:\\\/\\\/informelitoral.com.ar\\\/convocan-a-una-marcha-contra-el-cierre-de-las-exportaciones-de-carne-y-por-la-apertura-de-comercios\\\/\"},\"author\":{\"name\":\"Gonzalo Schmidt\",\"@id\":\"https:\\\/\\\/informelitoral.com.ar\\\/#\\\/schema\\\/person\\\/b9d00407c836482871ef1d57bf8e3180\"},\"headline\":\"Convocan a una marcha contra el cierre de las exportaciones de carne y por la apertura de comercios\",\"datePublished\":\"2021-05-25T00:50:24+00:00\",\"dateModified\":\"2021-05-25T01:08:54+00:00\",\"mainEntityOfPage\":{\"@id\":\"https:\\\/\\\/informelitoral.com.ar\\\/convocan-a-una-marcha-contra-el-cierre-de-las-exportaciones-de-carne-y-por-la-apertura-de-comercios\\\/\"},\"wordCount\":184,\"commentCount\":0,\"publisher\":{\"@id\":\"https:\\\/\\\/informelitoral.com.ar\\\/#organization\"},\"image\":{\"@id\":\"https:\\\/\\\/informelitoral.com.ar\\\/convocan-a-una-marcha-contra-el-cierre-de-las-exportaciones-de-carne-y-por-la-apertura-de-comercios\\\/#primaryimage\"},\"thumbnailUrl\":\"https:\\\/\\\/informelitoral.com.ar\\\/%77%70%2d%63%6f%6e%74%65%6e%74\\\/uploads\\\/2021\\\/05\\\/Banderazo-5-1024x768-1.jpg\",\"keywords\":[\"Campo\",\"Carne\",\"Crespo\",\"Exportaciones\",\"Federaci\u00f3n Agraria\",\"Protesta\"],\"articleSection\":[\"Campo\",\"Politica\"],\"inLanguage\":\"es\",\"potentialAction\":[{\"@type\":\"CommentAction\",\"name\":\"Comment\",\"target\":[\"https:\\\/\\\/informelitoral.com.ar\\\/convocan-a-una-marcha-contra-el-cierre-de-las-exportaciones-de-carne-y-por-la-apertura-de-comercios\\\/#respond\"]}]},{\"@type\":\"WebPage\",\"@id\":\"https:\\\/\\\/informelitoral.com.ar\\\/convocan-a-una-marcha-contra-el-cierre-de-las-exportaciones-de-carne-y-por-la-apertura-de-comercios\\\/\",\"url\":\"https:\\\/\\\/informelitoral.com.ar\\\/convocan-a-una-marcha-contra-el-cierre-de-las-exportaciones-de-carne-y-por-la-apertura-de-comercios\\\/\",\"name\":\"Convocan a una marcha contra el cierre de las exportaciones de carne y por la apertura de comercios - Informe Litoral\",\"isPartOf\":{\"@id\":\"https:\\\/\\\/informelitoral.com.ar\\\/#website\"},\"primaryImageOfPage\":{\"@id\":\"https:\\\/\\\/informelitoral.com.ar\\\/convocan-a-una-marcha-contra-el-cierre-de-las-exportaciones-de-carne-y-por-la-apertura-de-comercios\\\/#primaryimage\"},\"image\":{\"@id\":\"https:\\\/\\\/informelitoral.com.ar\\\/convocan-a-una-marcha-contra-el-cierre-de-las-exportaciones-de-carne-y-por-la-apertura-de-comercios\\\/#primaryimage\"},\"thumbnailUrl\":\"https:\\\/\\\/informelitoral.com.ar\\\/%77%70%2d%63%6f%6e%74%65%6e%74\\\/uploads\\\/2021\\\/05\\\/Banderazo-5-1024x768-1.jpg\",\"datePublished\":\"2021-05-25T00:50:24+00:00\",\"dateModified\":\"2021-05-25T01:08:54+00:00\",\"breadcrumb\":{\"@id\":\"https:\\\/\\\/informelitoral.com.ar\\\/convocan-a-una-marcha-contra-el-cierre-de-las-exportaciones-de-carne-y-por-la-apertura-de-comercios\\\/#breadcrumb\"},\"inLanguage\":\"es\",\"potentialAction\":[{\"@type\":\"ReadAction\",\"target\":[\"https:\\\/\\\/informelitoral.com.ar\\\/convocan-a-una-marcha-contra-el-cierre-de-las-exportaciones-de-carne-y-por-la-apertura-de-comercios\\\/\"]}]},{\"@type\":\"ImageObject\",\"inLanguage\":\"es\",\"@id\":\"https:\\\/\\\/informelitoral.com.ar\\\/convocan-a-una-marcha-contra-el-cierre-de-las-exportaciones-de-carne-y-por-la-apertura-de-comercios\\\/#primaryimage\",\"url\":\"https:\\\/\\\/informelitoral.com.ar\\\/%77%70%2d%63%6f%6e%74%65%6e%74\\\/uploads\\\/2021\\\/05\\\/Banderazo-5-1024x768-1.jpg\",\"contentUrl\":\"https:\\\/\\\/informelitoral.com.ar\\\/%77%70%2d%63%6f%6e%74%65%6e%74\\\/uploads\\\/2021\\\/05\\\/Banderazo-5-1024x768-1.jpg\",\"width\":1024,\"height\":768},{\"@type\":\"BreadcrumbList\",\"@id\":\"https:\\\/\\\/informelitoral.com.ar\\\/convocan-a-una-marcha-contra-el-cierre-de-las-exportaciones-de-carne-y-por-la-apertura-de-comercios\\\/#breadcrumb\",\"itemListElement\":[{\"@type\":\"ListItem\",\"position\":1,\"name\":\"Portada\",\"item\":\"https:\\\/\\\/informelitoral.com.ar\\\/\"},{\"@type\":\"ListItem\",\"position\":2,\"name\":\"Convocan a una marcha contra el cierre de las exportaciones de carne y por la apertura de comercios\"}]},{\"@type\":\"WebSite\",\"@id\":\"https:\\\/\\\/informelitoral.com.ar\\\/#website\",\"url\":\"https:\\\/\\\/informelitoral.com.ar\\\/\",\"name\":\"Informe Litoral\",\"description\":\"&quot;Nos informamos&quot; \",\"publisher\":{\"@id\":\"https:\\\/\\\/informelitoral.com.ar\\\/#organization\"},\"potentialAction\":[{\"@type\":\"SearchAction\",\"target\":{\"@type\":\"EntryPoint\",\"urlTemplate\":\"https:\\\/\\\/informelitoral.com.ar\\\/?s={search_term_string}\"},\"query-input\":{\"@type\":\"PropertyValueSpecification\",\"valueRequired\":true,\"valueName\":\"search_term_string\"}}],\"inLanguage\":\"es\"},{\"@type\":\"Organization\",\"@id\":\"https:\\\/\\\/informelitoral.com.ar\\\/#organization\",\"name\":\"Informe Litoral\",\"url\":\"https:\\\/\\\/informelitoral.com.ar\\\/\",\"logo\":{\"@type\":\"ImageObject\",\"inLanguage\":\"es\",\"@id\":\"https:\\\/\\\/informelitoral.com.ar\\\/#\\\/schema\\\/logo\\\/image\\\/\",\"url\":\"https:\\\/\\\/informelitoral.com.ar\\\/%77%70%2d%63%6f%6e%74%65%6e%74\\\/uploads\\\/2021\\\/01\\\/circulo.png\",\"contentUrl\":\"https:\\\/\\\/informelitoral.com.ar\\\/%77%70%2d%63%6f%6e%74%65%6e%74\\\/uploads\\\/2021\\\/01\\\/circulo.png\",\"width\":723,\"height\":731,\"caption\":\"Informe Litoral\"},\"image\":{\"@id\":\"https:\\\/\\\/informelitoral.com.ar\\\/#\\\/schema\\\/logo\\\/image\\\/\"},\"sameAs\":[\"https:\\\/\\\/www.facebook.com\\\/informelitoral\\\/\",\"https:\\\/\\\/x.com\\\/InformeLitoral\",\"https:\\\/\\\/www.instagram.com\\\/informelitoral\\\/\",\"https:\\\/\\\/www.youtube.com\\\/channel\\\/UCua4Qvz8Icb6MYqhoq9xLXw\"]},{\"@type\":\"Person\",\"@id\":\"https:\\\/\\\/informelitoral.com.ar\\\/#\\\/schema\\\/person\\\/b9d00407c836482871ef1d57bf8e3180\",\"name\":\"Gonzalo Schmidt\",\"image\":{\"@type\":\"ImageObject\",\"inLanguage\":\"es\",\"@id\":\"https:\\\/\\\/secure.gravatar.com\\\/avatar\\\/31a1a7b66ff2de83bd0e9fd79d026630d2d99e55e8bfe501287647b4fd9743de?s=96&d=mm&r=g\",\"url\":\"https:\\\/\\\/secure.gravatar.com\\\/avatar\\\/31a1a7b66ff2de83bd0e9fd79d026630d2d99e55e8bfe501287647b4fd9743de?s=96&d=mm&r=g\",\"contentUrl\":\"https:\\\/\\\/secure.gravatar.com\\\/avatar\\\/31a1a7b66ff2de83bd0e9fd79d026630d2d99e55e8bfe501287647b4fd9743de?s=96&d=mm&r=g\",\"caption\":\"Gonzalo Schmidt\"},\"description\":\"Sitio web de noticias de la provincia de Entre R\u00edos, Argentina. Informaci\u00f3n y entretenimiento. Informe Litoral, nos informamos.\",\"sameAs\":[\"http:\\\/\\\/www.isletasnoticias.com.ar\"],\"url\":\"https:\\\/\\\/informelitoral.com.ar\\\/author\\\/gonzalo\\\/\"}]}<\/script>","yoast_head_json":{"title":"Convocan a una marcha contra el cierre de las exportaciones de carne y por la apertura de comercios - Informe Litoral","robots":{"index":"index","follow":"follow","max-snippet":"max-snippet:-1","max-image-preview":"max-image-preview:large","max-video-preview":"max-video-preview:-1"},"canonical":"https:\/\/informelitoral.com.ar\/convocan-a-una-marcha-contra-el-cierre-de-las-exportaciones-de-carne-y-por-la-apertura-de-comercios\/","og_locale":"es_ES","og_type":"article","og_title":"Convocan a una marcha contra el cierre de las exportaciones de carne y por la apertura de comercios - Informe Litoral","og_description":"Ser\u00e1 este martes 25 de mayo, a las 15, en la rotonda de Crespo. Bajo la consigna \"Caravana por la justicia y la libertad\", los manifestantes se comprometieron a no ingresar a la ciudad y cumplir con las medidas de prevenci\u00f3n contra el coronavirus.","og_url":"https:\/\/informelitoral.com.ar\/convocan-a-una-marcha-contra-el-cierre-de-las-exportaciones-de-carne-y-por-la-apertura-de-comercios\/","og_site_name":"Informe Litoral","article_publisher":"https:\/\/www.facebook.com\/informelitoral\/","article_published_time":"2021-05-25T00:50:24+00:00","article_modified_time":"2021-05-25T01:08:54+00:00","og_image":[{"width":1024,"height":768,"url":"https:\/\/informelitoral.com.ar\/%77%70%2d%63%6f%6e%74%65%6e%74\/uploads\/2021\/05\/Banderazo-5-1024x768-1.jpg","type":"image\/jpeg"}],"author":"Gonzalo Schmidt","twitter_card":"summary_large_image","twitter_creator":"@InformeLitoral","twitter_site":"@InformeLitoral","twitter_misc":{"Escrito por":"Gonzalo Schmidt","Tiempo de lectura":"1 minuto"},"schema":{"@context":"https:\/\/schema.org","@graph":[{"@type":"Article","@id":"https:\/\/informelitoral.com.ar\/convocan-a-una-marcha-contra-el-cierre-de-las-exportaciones-de-carne-y-por-la-apertura-de-comercios\/#article","isPartOf":{"@id":"https:\/\/informelitoral.com.ar\/convocan-a-una-marcha-contra-el-cierre-de-las-exportaciones-de-carne-y-por-la-apertura-de-comercios\/"},"author":{"name":"Gonzalo Schmidt","@id":"https:\/\/informelitoral.com.ar\/#\/schema\/person\/b9d00407c836482871ef1d57bf8e3180"},"headline":"Convocan a una marcha contra el cierre de las exportaciones de carne y por la apertura de comercios","datePublished":"2021-05-25T00:50:24+00:00","dateModified":"2021-05-25T01:08:54+00:00","mainEntityOfPage":{"@id":"https:\/\/informelitoral.com.ar\/convocan-a-una-marcha-contra-el-cierre-de-las-exportaciones-de-carne-y-por-la-apertura-de-comercios\/"},"wordCount":184,"commentCount":0,"publisher":{"@id":"https:\/\/informelitoral.com.ar\/#organization"},"image":{"@id":"https:\/\/informelitoral.com.ar\/convocan-a-una-marcha-contra-el-cierre-de-las-exportaciones-de-carne-y-por-la-apertura-de-comercios\/#primaryimage"},"thumbnailUrl":"https:\/\/informelitoral.com.ar\/%77%70%2d%63%6f%6e%74%65%6e%74\/uploads\/2021\/05\/Banderazo-5-1024x768-1.jpg","keywords":["Campo","Carne","Crespo","Exportaciones","Federaci\u00f3n Agraria","Protesta"],"articleSection":["Campo","Politica"],"inLanguage":"es","potentialAction":[{"@type":"CommentAction","name":"Comment","target":["https:\/\/informelitoral.com.ar\/convocan-a-una-marcha-contra-el-cierre-de-las-exportaciones-de-carne-y-por-la-apertura-de-comercios\/#respond"]}]},{"@type":"WebPage","@id":"https:\/\/informelitoral.com.ar\/convocan-a-una-marcha-contra-el-cierre-de-las-exportaciones-de-carne-y-por-la-apertura-de-comercios\/","url":"https:\/\/informelitoral.com.ar\/convocan-a-una-marcha-contra-el-cierre-de-las-exportaciones-de-carne-y-por-la-apertura-de-comercios\/","name":"Convocan a una marcha contra el cierre de las exportaciones de carne y por la apertura de comercios - Informe Litoral","isPartOf":{"@id":"https:\/\/informelitoral.com.ar\/#website"},"primaryImageOfPage":{"@id":"https:\/\/informelitoral.com.ar\/convocan-a-una-marcha-contra-el-cierre-de-las-exportaciones-de-carne-y-por-la-apertura-de-comercios\/#primaryimage"},"image":{"@id":"https:\/\/informelitoral.com.ar\/convocan-a-una-marcha-contra-el-cierre-de-las-exportaciones-de-carne-y-por-la-apertura-de-comercios\/#primaryimage"},"thumbnailUrl":"https:\/\/informelitoral.com.ar\/%77%70%2d%63%6f%6e%74%65%6e%74\/uploads\/2021\/05\/Banderazo-5-1024x768-1.jpg","datePublished":"2021-05-25T00:50:24+00:00","dateModified":"2021-05-25T01:08:54+00:00","breadcrumb":{"@id":"https:\/\/informelitoral.com.ar\/convocan-a-una-marcha-contra-el-cierre-de-las-exportaciones-de-carne-y-por-la-apertura-de-comercios\/#breadcrumb"},"inLanguage":"es","potentialAction":[{"@type":"ReadAction","target":["https:\/\/informelitoral.com.ar\/convocan-a-una-marcha-contra-el-cierre-de-las-exportaciones-de-carne-y-por-la-apertura-de-comercios\/"]}]},{"@type":"ImageObject","inLanguage":"es","@id":"https:\/\/informelitoral.com.ar\/convocan-a-una-marcha-contra-el-cierre-de-las-exportaciones-de-carne-y-por-la-apertura-de-comercios\/#primaryimage","url":"https:\/\/informelitoral.com.ar\/%77%70%2d%63%6f%6e%74%65%6e%74\/uploads\/2021\/05\/Banderazo-5-1024x768-1.jpg","contentUrl":"https:\/\/informelitoral.com.ar\/%77%70%2d%63%6f%6e%74%65%6e%74\/uploads\/2021\/05\/Banderazo-5-1024x768-1.jpg","width":1024,"height":768},{"@type":"BreadcrumbList","@id":"https:\/\/informelitoral.com.ar\/convocan-a-una-marcha-contra-el-cierre-de-las-exportaciones-de-carne-y-por-la-apertura-de-comercios\/#breadcrumb","itemListElement":[{"@type":"ListItem","position":1,"name":"Portada","item":"https:\/\/informelitoral.com.ar\/"},{"@type":"ListItem","position":2,"name":"Convocan a una marcha contra el cierre de las exportaciones de carne y por la apertura de comercios"}]},{"@type":"WebSite","@id":"https:\/\/informelitoral.com.ar\/#website","url":"https:\/\/informelitoral.com.ar\/","name":"Informe Litoral","description":"&quot;Nos informamos&quot; ","publisher":{"@id":"https:\/\/informelitoral.com.ar\/#organization"},"potentialAction":[{"@type":"SearchAction","target":{"@type":"EntryPoint","urlTemplate":"https:\/\/informelitoral.com.ar\/?s={search_term_string}"},"query-input":{"@type":"PropertyValueSpecification","valueRequired":true,"valueName":"search_term_string"}}],"inLanguage":"es"},{"@type":"Organization","@id":"https:\/\/informelitoral.com.ar\/#organization","name":"Informe Litoral","url":"https:\/\/informelitoral.com.ar\/","logo":{"@type":"ImageObject","inLanguage":"es","@id":"https:\/\/informelitoral.com.ar\/#\/schema\/logo\/image\/","url":"https:\/\/informelitoral.com.ar\/%77%70%2d%63%6f%6e%74%65%6e%74\/uploads\/2021\/01\/circulo.png","contentUrl":"https:\/\/informelitoral.com.ar\/%77%70%2d%63%6f%6e%74%65%6e%74\/uploads\/2021\/01\/circulo.png","width":723,"height":731,"caption":"Informe Litoral"},"image":{"@id":"https:\/\/informelitoral.com.ar\/#\/schema\/logo\/image\/"},"sameAs":["https:\/\/www.facebook.com\/informelitoral\/","https:\/\/x.com\/InformeLitoral","https:\/\/www.instagram.com\/informelitoral\/","https:\/\/www.youtube.com\/channel\/UCua4Qvz8Icb6MYqhoq9xLXw"]},{"@type":"Person","@id":"https:\/\/informelitoral.com.ar\/#\/schema\/person\/b9d00407c836482871ef1d57bf8e3180","name":"Gonzalo Schmidt","image":{"@type":"ImageObject","inLanguage":"es","@id":"https:\/\/secure.gravatar.com\/avatar\/31a1a7b66ff2de83bd0e9fd79d026630d2d99e55e8bfe501287647b4fd9743de?s=96&d=mm&r=g","url":"https:\/\/secure.gravatar.com\/avatar\/31a1a7b66ff2de83bd0e9fd79d026630d2d99e55e8bfe501287647b4fd9743de?s=96&d=mm&r=g","contentUrl":"https:\/\/secure.gravatar.com\/avatar\/31a1a7b66ff2de83bd0e9fd79d026630d2d99e55e8bfe501287647b4fd9743de?s=96&d=mm&r=g","caption":"Gonzalo Schmidt"},"description":"Sitio web de noticias de la provincia de Entre R\u00edos, Argentina. Informaci\u00f3n y entretenimiento. Informe Litoral, nos informamos.","sameAs":["http:\/\/www.isletasnoticias.com.ar"],"url":"https:\/\/informelitoral.com.ar\/author\/gonzalo\/"}]}},"_links":{"self":[{"href":"https:\/\/informelitoral.com.ar\/%77%70%2d%6a%73%6f%6e\/wp\/v2\/posts\/60325","targetHints":{"allow":["GET"]}}],"collection":[{"href":"https:\/\/informelitoral.com.ar\/%77%70%2d%6a%73%6f%6e\/wp\/v2\/posts"}],"about":[{"href":"https:\/\/informelitoral.com.ar\/%77%70%2d%6a%73%6f%6e\/wp\/v2\/types\/post"}],"author":[{"embeddable":true,"href":"https:\/\/informelitoral.com.ar\/%77%70%2d%6a%73%6f%6e\/wp\/v2\/users\/2"}],"replies":[{"embeddable":true,"href":"https:\/\/informelitoral.com.ar\/%77%70%2d%6a%73%6f%6e\/wp\/v2\/comments?post=60325"}],"version-history":[{"count":0,"href":"https:\/\/informelitoral.com.ar\/%77%70%2d%6a%73%6f%6e\/wp\/v2\/posts\/60325\/revisions"}],"wp:featuredmedia":[{"embeddable":true,"href":"https:\/\/informelitoral.com.ar\/%77%70%2d%6a%73%6f%6e\/wp\/v2\/media\/60327"}],"wp:attachment":[{"href":"https:\/\/informelitoral.com.ar\/%77%70%2d%6a%73%6f%6e\/wp\/v2\/media?parent=60325"}],"wp:term":[{"taxonomy":"category","embeddable":true,"href":"https:\/\/informelitoral.com.ar\/%77%70%2d%6a%73%6f%6e\/wp\/v2\/categories?post=60325"},{"taxonomy":"post_tag","embeddable":true,"href":"https:\/\/informelitoral.com.ar\/%77%70%2d%6a%73%6f%6e\/wp\/v2\/tags?post=60325"}],"curies":[{"name":"wp","href":"https:\/\/api.w.org\/{rel}","templated":true}]}}