{"id":60310,"date":"2021-05-24T19:56:27","date_gmt":"2021-05-24T22:56:27","guid":{"rendered":"https:\/\/www.informelitoral.com.ar\/?p=60310"},"modified":"2021-05-24T20:02:22","modified_gmt":"2021-05-24T23:02:22","slug":"isletas-desde-el-coes-vuelven-a-pedir-que-se-cumpla-con-las-medidas-de-prevencion-del-coronavirus","status":"publish","type":"post","link":"https:\/\/informelitoral.com.ar\/isletas-desde-el-coes-vuelven-a-pedir-que-se-cumpla-con-las-medidas-de-prevencion-del-coronavirus\/","title":{"rendered":"Isletas: desde el COES vuelven a pedir que se cumpla con las medidas de prevenci\u00f3n del coronavirus"},"content":{"rendered":"<div dir=\"auto\">\n<p>En las \u00faltimas semanas hubo un <strong>notable aumento de casos de coronavirus en la localidad,<\/strong> algunos de los cuales fueron testeados y otros no, por ende no aparecen en los registros oficiales, seg\u00fan supo <strong><em>Informe Litoral.<\/em><\/strong><\/p>\n<p>Ante ello creci\u00f3 la preocupaci\u00f3n desde el Comit\u00e9 de Organizaci\u00f3n de la Emergencia &#8211;<strong>COES<\/strong>&#8211; local, integrado por el Centro de Salud, San Lorenzo; Comisar\u00eda Isletas, Destacamento Policial Cuatro Bocas y la Junta de Gobierno.<\/p>\n<p>Una vez m\u00e1s pidieron que los vecinos cumplan con las medidas de prevenci\u00f3n b\u00e1sicas, que fueron difundidas desde el inicio de la pandemia, en marzo de 2020.<\/p>\n<\/div>\n<h3 dir=\"auto\"><strong>Medidas de prevenci\u00f3n<\/strong><\/h3>\n<h3 dir=\"auto\"><strong><a href=\"https:\/\/www.informelitoral.com.ar\/%77%70%2d%63%6f%6e%74%65%6e%74\/uploads\/2021\/05\/mate.jpg\"><img loading=\"lazy\" decoding=\"async\" class=\"aligncenter wp-image-60319 size-full\" src=\"https:\/\/www.informelitoral.com.ar\/%77%70%2d%63%6f%6e%74%65%6e%74\/uploads\/2021\/05\/mate.jpg\" alt=\"\" width=\"1000\" height=\"562\" srcset=\"https:\/\/informelitoral.com.ar\/%77%70%2d%63%6f%6e%74%65%6e%74\/uploads\/2021\/05\/mate.jpg 1000w, https:\/\/informelitoral.com.ar\/%77%70%2d%63%6f%6e%74%65%6e%74\/uploads\/2021\/05\/mate-300x169.jpg 300w, https:\/\/informelitoral.com.ar\/%77%70%2d%63%6f%6e%74%65%6e%74\/uploads\/2021\/05\/mate-768x432.jpg 768w, https:\/\/informelitoral.com.ar\/%77%70%2d%63%6f%6e%74%65%6e%74\/uploads\/2021\/05\/mate-696x391.jpg 696w, https:\/\/informelitoral.com.ar\/%77%70%2d%63%6f%6e%74%65%6e%74\/uploads\/2021\/05\/mate-747x420.jpg 747w\" sizes=\"auto, (max-width: 1000px) 100vw, 1000px\" \/><\/a><\/strong><\/h3>\n<div dir=\"auto\"><\/div>\n<ul>\n<li dir=\"auto\"><strong><span style=\"background-color: #ffff00;\">Utilizar el barbijo siempre est\u00e9n con personas ajenas al grupo conviviente \u00aba\u00fan cuando estemos trabajando en actividades rurales aisladas, llevemos uno en nuestro bolsillo, veh\u00edculo por si nos encontramos con nuestro vecino o cualquier otra persona eventualmente\u00bb, aclararon.<\/span><\/strong><\/li>\n<li dir=\"auto\"><strong><span style=\"background-color: #ffff00;\">Mantener distanciamiento social de m\u00e1s de 1,5 metros<\/span><\/strong><\/li>\n<li dir=\"auto\"><strong><span style=\"background-color: #ffff00;\">Lavar las manos con frecuencia<\/span><\/strong><\/li>\n<li dir=\"auto\"><strong><span style=\"background-color: #ffff00;\">Ventilar regularmente los ambientes de la casa y el trabajo<\/span><\/strong><\/li>\n<li dir=\"auto\"><strong><span style=\"background-color: #ffff00;\">Utilizar cristal acr\u00edlico en locales comerciales como barrera entre personas<\/span><\/strong><\/li>\n<li dir=\"auto\"><strong><span style=\"background-color: #ffff00;\">No compartir mate ni objetos personales fuera del grupo conviviente<\/span><\/strong><\/li>\n<li dir=\"auto\"><strong><span style=\"background-color: #ffff00;\">No realizar reuniones sociales.<\/span><\/strong><\/li>\n<\/ul>\n<div class=\"o9v6fnle cxmmr5t8 oygrvhab hcukyx3x c1et5uql ii04i59q\">\n<h3 dir=\"auto\"><strong>Qu\u00e9 hacer ante la aparici\u00f3n de s\u00edntomas<\/strong><\/h3>\n<div dir=\"auto\">Ante la aparici\u00f3n de s\u00edntomas es importante que se tome contacto con el<strong> Centro de Salud,<\/strong> al siguiente n\u00famero telef\u00f3nico:<strong> 343-4296135.<\/strong><\/div>\n<\/div>\n<div dir=\"auto\"><\/div>\n<div dir=\"auto\">Tambi\u00e9n se pueden hacer consultas relacionadas a la pandemia a la <strong>Junta de Gobierno:<\/strong> <strong>343-4500807<\/strong>; el <strong>Destacamento Policial 4 Bocas: 343-6101296<\/strong> y la <strong>Comisar\u00eda Isletas: 343-6222246.<\/strong><\/div>\n","protected":false},"excerpt":{"rendered":"<p>Ante el aumento de contagios en la localidad y zona, reiteran las medidas b\u00e1sicas de autocuidado. Adem\u00e1s, brindaron n\u00fameros telef\u00f3nicos para realizar consultas sobre el Covid-19.<\/p>\n","protected":false},"author":2,"featured_media":60312,"comment_status":"open","ping_status":"open","sticky":false,"template":"","format":"standard","meta":{"fifu_image_url":"","fifu_image_alt":"","footnotes":""},"categories":[4],"tags":[1616,69],"class_list":{"0":"post-60310","1":"post","2":"type-post","3":"status-publish","4":"format-standard","5":"has-post-thumbnail","7":"category-locales","8":"tag-coes","9":"tag-isletas"},"yoast_head":"<title>Isletas: desde el COES vuelven a pedir que se cumpla con las medidas de prevenci\u00f3n del coronavirus - Informe Litoral<\/title>\n<meta name=\"robots\" content=\"index, follow, max-snippet:-1, max-image-preview:large, max-video-preview:-1\" \/>\n<link rel=\"canonical\" href=\"https:\/\/informelitoral.com.ar\/isletas-desde-el-coes-vuelven-a-pedir-que-se-cumpla-con-las-medidas-de-prevencion-del-coronavirus\/\" \/>\n<meta property=\"og:locale\" content=\"es_ES\" \/>\n<meta property=\"og:type\" content=\"article\" \/>\n<meta property=\"og:title\" content=\"Isletas: desde el COES vuelven a pedir que se cumpla con las medidas de prevenci\u00f3n del coronavirus - Informe Litoral\" \/>\n<meta property=\"og:description\" content=\"Ante el aumento de contagios en la localidad y zona, reiteran las medidas b\u00e1sicas de autocuidado. Adem\u00e1s, brindaron n\u00fameros telef\u00f3nicos para realizar consultas sobre el Covid-19.\" \/>\n<meta property=\"og:url\" content=\"https:\/\/informelitoral.com.ar\/isletas-desde-el-coes-vuelven-a-pedir-que-se-cumpla-con-las-medidas-de-prevencion-del-coronavirus\/\" \/>\n<meta property=\"og:site_name\" content=\"Informe Litoral\" \/>\n<meta property=\"article:publisher\" content=\"https:\/\/www.facebook.com\/informelitoral\/\" \/>\n<meta property=\"article:published_time\" content=\"2021-05-24T22:56:27+00:00\" \/>\n<meta property=\"article:modified_time\" content=\"2021-05-24T23:02:22+00:00\" \/>\n<meta property=\"og:image\" content=\"https:\/\/informelitoral.com.ar\/%77%70%2d%63%6f%6e%74%65%6e%74\/uploads\/2021\/05\/231232w770h1200.jpg\" \/>\n\t<meta property=\"og:image:width\" content=\"770\" \/>\n\t<meta property=\"og:image:height\" content=\"562\" \/>\n\t<meta property=\"og:image:type\" content=\"image\/jpeg\" \/>\n<meta name=\"author\" content=\"Gonzalo Schmidt\" \/>\n<meta name=\"twitter:card\" content=\"summary_large_image\" \/>\n<meta name=\"twitter:creator\" content=\"@InformeLitoral\" \/>\n<meta name=\"twitter:site\" content=\"@InformeLitoral\" \/>\n<meta name=\"twitter:label1\" content=\"Escrito por\" \/>\n\t<meta name=\"twitter:data1\" content=\"Gonzalo Schmidt\" \/>\n\t<meta name=\"twitter:label2\" content=\"Tiempo de lectura\" \/>\n\t<meta name=\"twitter:data2\" content=\"1 minuto\" \/>\n<script type=\"application\/ld+json\" class=\"yoast-schema-graph\">{\"@context\":\"https:\\\/\\\/schema.org\",\"@graph\":[{\"@type\":\"Article\",\"@id\":\"https:\\\/\\\/informelitoral.com.ar\\\/isletas-desde-el-coes-vuelven-a-pedir-que-se-cumpla-con-las-medidas-de-prevencion-del-coronavirus\\\/#article\",\"isPartOf\":{\"@id\":\"https:\\\/\\\/informelitoral.com.ar\\\/isletas-desde-el-coes-vuelven-a-pedir-que-se-cumpla-con-las-medidas-de-prevencion-del-coronavirus\\\/\"},\"author\":{\"name\":\"Gonzalo Schmidt\",\"@id\":\"https:\\\/\\\/informelitoral.com.ar\\\/#\\\/schema\\\/person\\\/b9d00407c836482871ef1d57bf8e3180\"},\"headline\":\"Isletas: desde el COES vuelven a pedir que se cumpla con las medidas de prevenci\u00f3n del coronavirus\",\"datePublished\":\"2021-05-24T22:56:27+00:00\",\"dateModified\":\"2021-05-24T23:02:22+00:00\",\"mainEntityOfPage\":{\"@id\":\"https:\\\/\\\/informelitoral.com.ar\\\/isletas-desde-el-coes-vuelven-a-pedir-que-se-cumpla-con-las-medidas-de-prevencion-del-coronavirus\\\/\"},\"wordCount\":275,\"commentCount\":0,\"publisher\":{\"@id\":\"https:\\\/\\\/informelitoral.com.ar\\\/#organization\"},\"image\":{\"@id\":\"https:\\\/\\\/informelitoral.com.ar\\\/isletas-desde-el-coes-vuelven-a-pedir-que-se-cumpla-con-las-medidas-de-prevencion-del-coronavirus\\\/#primaryimage\"},\"thumbnailUrl\":\"https:\\\/\\\/informelitoral.com.ar\\\/%77%70%2d%63%6f%6e%74%65%6e%74\\\/uploads\\\/2021\\\/05\\\/231232w770h1200.jpg\",\"keywords\":[\"COES\",\"Isletas\"],\"articleSection\":[\"Isletas\"],\"inLanguage\":\"es\",\"potentialAction\":[{\"@type\":\"CommentAction\",\"name\":\"Comment\",\"target\":[\"https:\\\/\\\/informelitoral.com.ar\\\/isletas-desde-el-coes-vuelven-a-pedir-que-se-cumpla-con-las-medidas-de-prevencion-del-coronavirus\\\/#respond\"]}]},{\"@type\":\"WebPage\",\"@id\":\"https:\\\/\\\/informelitoral.com.ar\\\/isletas-desde-el-coes-vuelven-a-pedir-que-se-cumpla-con-las-medidas-de-prevencion-del-coronavirus\\\/\",\"url\":\"https:\\\/\\\/informelitoral.com.ar\\\/isletas-desde-el-coes-vuelven-a-pedir-que-se-cumpla-con-las-medidas-de-prevencion-del-coronavirus\\\/\",\"name\":\"Isletas: desde el COES vuelven a pedir que se cumpla con las medidas de prevenci\u00f3n del coronavirus - Informe Litoral\",\"isPartOf\":{\"@id\":\"https:\\\/\\\/informelitoral.com.ar\\\/#website\"},\"primaryImageOfPage\":{\"@id\":\"https:\\\/\\\/informelitoral.com.ar\\\/isletas-desde-el-coes-vuelven-a-pedir-que-se-cumpla-con-las-medidas-de-prevencion-del-coronavirus\\\/#primaryimage\"},\"image\":{\"@id\":\"https:\\\/\\\/informelitoral.com.ar\\\/isletas-desde-el-coes-vuelven-a-pedir-que-se-cumpla-con-las-medidas-de-prevencion-del-coronavirus\\\/#primaryimage\"},\"thumbnailUrl\":\"https:\\\/\\\/informelitoral.com.ar\\\/%77%70%2d%63%6f%6e%74%65%6e%74\\\/uploads\\\/2021\\\/05\\\/231232w770h1200.jpg\",\"datePublished\":\"2021-05-24T22:56:27+00:00\",\"dateModified\":\"2021-05-24T23:02:22+00:00\",\"breadcrumb\":{\"@id\":\"https:\\\/\\\/informelitoral.com.ar\\\/isletas-desde-el-coes-vuelven-a-pedir-que-se-cumpla-con-las-medidas-de-prevencion-del-coronavirus\\\/#breadcrumb\"},\"inLanguage\":\"es\",\"potentialAction\":[{\"@type\":\"ReadAction\",\"target\":[\"https:\\\/\\\/informelitoral.com.ar\\\/isletas-desde-el-coes-vuelven-a-pedir-que-se-cumpla-con-las-medidas-de-prevencion-del-coronavirus\\\/\"]}]},{\"@type\":\"ImageObject\",\"inLanguage\":\"es\",\"@id\":\"https:\\\/\\\/informelitoral.com.ar\\\/isletas-desde-el-coes-vuelven-a-pedir-que-se-cumpla-con-las-medidas-de-prevencion-del-coronavirus\\\/#primaryimage\",\"url\":\"https:\\\/\\\/informelitoral.com.ar\\\/%77%70%2d%63%6f%6e%74%65%6e%74\\\/uploads\\\/2021\\\/05\\\/231232w770h1200.jpg\",\"contentUrl\":\"https:\\\/\\\/informelitoral.com.ar\\\/%77%70%2d%63%6f%6e%74%65%6e%74\\\/uploads\\\/2021\\\/05\\\/231232w770h1200.jpg\",\"width\":770,\"height\":562},{\"@type\":\"BreadcrumbList\",\"@id\":\"https:\\\/\\\/informelitoral.com.ar\\\/isletas-desde-el-coes-vuelven-a-pedir-que-se-cumpla-con-las-medidas-de-prevencion-del-coronavirus\\\/#breadcrumb\",\"itemListElement\":[{\"@type\":\"ListItem\",\"position\":1,\"name\":\"Portada\",\"item\":\"https:\\\/\\\/informelitoral.com.ar\\\/\"},{\"@type\":\"ListItem\",\"position\":2,\"name\":\"Isletas: desde el COES vuelven a pedir que se cumpla con las medidas de prevenci\u00f3n del coronavirus\"}]},{\"@type\":\"WebSite\",\"@id\":\"https:\\\/\\\/informelitoral.com.ar\\\/#website\",\"url\":\"https:\\\/\\\/informelitoral.com.ar\\\/\",\"name\":\"Informe Litoral\",\"description\":\"&quot;Nos informamos&quot; \",\"publisher\":{\"@id\":\"https:\\\/\\\/informelitoral.com.ar\\\/#organization\"},\"potentialAction\":[{\"@type\":\"SearchAction\",\"target\":{\"@type\":\"EntryPoint\",\"urlTemplate\":\"https:\\\/\\\/informelitoral.com.ar\\\/?s={search_term_string}\"},\"query-input\":{\"@type\":\"PropertyValueSpecification\",\"valueRequired\":true,\"valueName\":\"search_term_string\"}}],\"inLanguage\":\"es\"},{\"@type\":\"Organization\",\"@id\":\"https:\\\/\\\/informelitoral.com.ar\\\/#organization\",\"name\":\"Informe Litoral\",\"url\":\"https:\\\/\\\/informelitoral.com.ar\\\/\",\"logo\":{\"@type\":\"ImageObject\",\"inLanguage\":\"es\",\"@id\":\"https:\\\/\\\/informelitoral.com.ar\\\/#\\\/schema\\\/logo\\\/image\\\/\",\"url\":\"https:\\\/\\\/informelitoral.com.ar\\\/%77%70%2d%63%6f%6e%74%65%6e%74\\\/uploads\\\/2021\\\/01\\\/circulo.png\",\"contentUrl\":\"https:\\\/\\\/informelitoral.com.ar\\\/%77%70%2d%63%6f%6e%74%65%6e%74\\\/uploads\\\/2021\\\/01\\\/circulo.png\",\"width\":723,\"height\":731,\"caption\":\"Informe Litoral\"},\"image\":{\"@id\":\"https:\\\/\\\/informelitoral.com.ar\\\/#\\\/schema\\\/logo\\\/image\\\/\"},\"sameAs\":[\"https:\\\/\\\/www.facebook.com\\\/informelitoral\\\/\",\"https:\\\/\\\/x.com\\\/InformeLitoral\",\"https:\\\/\\\/www.instagram.com\\\/informelitoral\\\/\",\"https:\\\/\\\/www.youtube.com\\\/channel\\\/UCua4Qvz8Icb6MYqhoq9xLXw\"]},{\"@type\":\"Person\",\"@id\":\"https:\\\/\\\/informelitoral.com.ar\\\/#\\\/schema\\\/person\\\/b9d00407c836482871ef1d57bf8e3180\",\"name\":\"Gonzalo Schmidt\",\"image\":{\"@type\":\"ImageObject\",\"inLanguage\":\"es\",\"@id\":\"https:\\\/\\\/secure.gravatar.com\\\/avatar\\\/31a1a7b66ff2de83bd0e9fd79d026630d2d99e55e8bfe501287647b4fd9743de?s=96&d=mm&r=g\",\"url\":\"https:\\\/\\\/secure.gravatar.com\\\/avatar\\\/31a1a7b66ff2de83bd0e9fd79d026630d2d99e55e8bfe501287647b4fd9743de?s=96&d=mm&r=g\",\"contentUrl\":\"https:\\\/\\\/secure.gravatar.com\\\/avatar\\\/31a1a7b66ff2de83bd0e9fd79d026630d2d99e55e8bfe501287647b4fd9743de?s=96&d=mm&r=g\",\"caption\":\"Gonzalo Schmidt\"},\"description\":\"Sitio web de noticias de la provincia de Entre R\u00edos, Argentina. Informaci\u00f3n y entretenimiento. Informe Litoral, nos informamos.\",\"sameAs\":[\"http:\\\/\\\/www.isletasnoticias.com.ar\"],\"url\":\"https:\\\/\\\/informelitoral.com.ar\\\/author\\\/gonzalo\\\/\"}]}<\/script>","yoast_head_json":{"title":"Isletas: desde el COES vuelven a pedir que se cumpla con las medidas de prevenci\u00f3n del coronavirus - Informe Litoral","robots":{"index":"index","follow":"follow","max-snippet":"max-snippet:-1","max-image-preview":"max-image-preview:large","max-video-preview":"max-video-preview:-1"},"canonical":"https:\/\/informelitoral.com.ar\/isletas-desde-el-coes-vuelven-a-pedir-que-se-cumpla-con-las-medidas-de-prevencion-del-coronavirus\/","og_locale":"es_ES","og_type":"article","og_title":"Isletas: desde el COES vuelven a pedir que se cumpla con las medidas de prevenci\u00f3n del coronavirus - Informe Litoral","og_description":"Ante el aumento de contagios en la localidad y zona, reiteran las medidas b\u00e1sicas de autocuidado. Adem\u00e1s, brindaron n\u00fameros telef\u00f3nicos para realizar consultas sobre el Covid-19.","og_url":"https:\/\/informelitoral.com.ar\/isletas-desde-el-coes-vuelven-a-pedir-que-se-cumpla-con-las-medidas-de-prevencion-del-coronavirus\/","og_site_name":"Informe Litoral","article_publisher":"https:\/\/www.facebook.com\/informelitoral\/","article_published_time":"2021-05-24T22:56:27+00:00","article_modified_time":"2021-05-24T23:02:22+00:00","og_image":[{"width":770,"height":562,"url":"https:\/\/informelitoral.com.ar\/%77%70%2d%63%6f%6e%74%65%6e%74\/uploads\/2021\/05\/231232w770h1200.jpg","type":"image\/jpeg"}],"author":"Gonzalo Schmidt","twitter_card":"summary_large_image","twitter_creator":"@InformeLitoral","twitter_site":"@InformeLitoral","twitter_misc":{"Escrito por":"Gonzalo Schmidt","Tiempo de lectura":"1 minuto"},"schema":{"@context":"https:\/\/schema.org","@graph":[{"@type":"Article","@id":"https:\/\/informelitoral.com.ar\/isletas-desde-el-coes-vuelven-a-pedir-que-se-cumpla-con-las-medidas-de-prevencion-del-coronavirus\/#article","isPartOf":{"@id":"https:\/\/informelitoral.com.ar\/isletas-desde-el-coes-vuelven-a-pedir-que-se-cumpla-con-las-medidas-de-prevencion-del-coronavirus\/"},"author":{"name":"Gonzalo Schmidt","@id":"https:\/\/informelitoral.com.ar\/#\/schema\/person\/b9d00407c836482871ef1d57bf8e3180"},"headline":"Isletas: desde el COES vuelven a pedir que se cumpla con las medidas de prevenci\u00f3n del coronavirus","datePublished":"2021-05-24T22:56:27+00:00","dateModified":"2021-05-24T23:02:22+00:00","mainEntityOfPage":{"@id":"https:\/\/informelitoral.com.ar\/isletas-desde-el-coes-vuelven-a-pedir-que-se-cumpla-con-las-medidas-de-prevencion-del-coronavirus\/"},"wordCount":275,"commentCount":0,"publisher":{"@id":"https:\/\/informelitoral.com.ar\/#organization"},"image":{"@id":"https:\/\/informelitoral.com.ar\/isletas-desde-el-coes-vuelven-a-pedir-que-se-cumpla-con-las-medidas-de-prevencion-del-coronavirus\/#primaryimage"},"thumbnailUrl":"https:\/\/informelitoral.com.ar\/%77%70%2d%63%6f%6e%74%65%6e%74\/uploads\/2021\/05\/231232w770h1200.jpg","keywords":["COES","Isletas"],"articleSection":["Isletas"],"inLanguage":"es","potentialAction":[{"@type":"CommentAction","name":"Comment","target":["https:\/\/informelitoral.com.ar\/isletas-desde-el-coes-vuelven-a-pedir-que-se-cumpla-con-las-medidas-de-prevencion-del-coronavirus\/#respond"]}]},{"@type":"WebPage","@id":"https:\/\/informelitoral.com.ar\/isletas-desde-el-coes-vuelven-a-pedir-que-se-cumpla-con-las-medidas-de-prevencion-del-coronavirus\/","url":"https:\/\/informelitoral.com.ar\/isletas-desde-el-coes-vuelven-a-pedir-que-se-cumpla-con-las-medidas-de-prevencion-del-coronavirus\/","name":"Isletas: desde el COES vuelven a pedir que se cumpla con las medidas de prevenci\u00f3n del coronavirus - Informe Litoral","isPartOf":{"@id":"https:\/\/informelitoral.com.ar\/#website"},"primaryImageOfPage":{"@id":"https:\/\/informelitoral.com.ar\/isletas-desde-el-coes-vuelven-a-pedir-que-se-cumpla-con-las-medidas-de-prevencion-del-coronavirus\/#primaryimage"},"image":{"@id":"https:\/\/informelitoral.com.ar\/isletas-desde-el-coes-vuelven-a-pedir-que-se-cumpla-con-las-medidas-de-prevencion-del-coronavirus\/#primaryimage"},"thumbnailUrl":"https:\/\/informelitoral.com.ar\/%77%70%2d%63%6f%6e%74%65%6e%74\/uploads\/2021\/05\/231232w770h1200.jpg","datePublished":"2021-05-24T22:56:27+00:00","dateModified":"2021-05-24T23:02:22+00:00","breadcrumb":{"@id":"https:\/\/informelitoral.com.ar\/isletas-desde-el-coes-vuelven-a-pedir-que-se-cumpla-con-las-medidas-de-prevencion-del-coronavirus\/#breadcrumb"},"inLanguage":"es","potentialAction":[{"@type":"ReadAction","target":["https:\/\/informelitoral.com.ar\/isletas-desde-el-coes-vuelven-a-pedir-que-se-cumpla-con-las-medidas-de-prevencion-del-coronavirus\/"]}]},{"@type":"ImageObject","inLanguage":"es","@id":"https:\/\/informelitoral.com.ar\/isletas-desde-el-coes-vuelven-a-pedir-que-se-cumpla-con-las-medidas-de-prevencion-del-coronavirus\/#primaryimage","url":"https:\/\/informelitoral.com.ar\/%77%70%2d%63%6f%6e%74%65%6e%74\/uploads\/2021\/05\/231232w770h1200.jpg","contentUrl":"https:\/\/informelitoral.com.ar\/%77%70%2d%63%6f%6e%74%65%6e%74\/uploads\/2021\/05\/231232w770h1200.jpg","width":770,"height":562},{"@type":"BreadcrumbList","@id":"https:\/\/informelitoral.com.ar\/isletas-desde-el-coes-vuelven-a-pedir-que-se-cumpla-con-las-medidas-de-prevencion-del-coronavirus\/#breadcrumb","itemListElement":[{"@type":"ListItem","position":1,"name":"Portada","item":"https:\/\/informelitoral.com.ar\/"},{"@type":"ListItem","position":2,"name":"Isletas: desde el COES vuelven a pedir que se cumpla con las medidas de prevenci\u00f3n del coronavirus"}]},{"@type":"WebSite","@id":"https:\/\/informelitoral.com.ar\/#website","url":"https:\/\/informelitoral.com.ar\/","name":"Informe Litoral","description":"&quot;Nos informamos&quot; ","publisher":{"@id":"https:\/\/informelitoral.com.ar\/#organization"},"potentialAction":[{"@type":"SearchAction","target":{"@type":"EntryPoint","urlTemplate":"https:\/\/informelitoral.com.ar\/?s={search_term_string}"},"query-input":{"@type":"PropertyValueSpecification","valueRequired":true,"valueName":"search_term_string"}}],"inLanguage":"es"},{"@type":"Organization","@id":"https:\/\/informelitoral.com.ar\/#organization","name":"Informe Litoral","url":"https:\/\/informelitoral.com.ar\/","logo":{"@type":"ImageObject","inLanguage":"es","@id":"https:\/\/informelitoral.com.ar\/#\/schema\/logo\/image\/","url":"https:\/\/informelitoral.com.ar\/%77%70%2d%63%6f%6e%74%65%6e%74\/uploads\/2021\/01\/circulo.png","contentUrl":"https:\/\/informelitoral.com.ar\/%77%70%2d%63%6f%6e%74%65%6e%74\/uploads\/2021\/01\/circulo.png","width":723,"height":731,"caption":"Informe Litoral"},"image":{"@id":"https:\/\/informelitoral.com.ar\/#\/schema\/logo\/image\/"},"sameAs":["https:\/\/www.facebook.com\/informelitoral\/","https:\/\/x.com\/InformeLitoral","https:\/\/www.instagram.com\/informelitoral\/","https:\/\/www.youtube.com\/channel\/UCua4Qvz8Icb6MYqhoq9xLXw"]},{"@type":"Person","@id":"https:\/\/informelitoral.com.ar\/#\/schema\/person\/b9d00407c836482871ef1d57bf8e3180","name":"Gonzalo Schmidt","image":{"@type":"ImageObject","inLanguage":"es","@id":"https:\/\/secure.gravatar.com\/avatar\/31a1a7b66ff2de83bd0e9fd79d026630d2d99e55e8bfe501287647b4fd9743de?s=96&d=mm&r=g","url":"https:\/\/secure.gravatar.com\/avatar\/31a1a7b66ff2de83bd0e9fd79d026630d2d99e55e8bfe501287647b4fd9743de?s=96&d=mm&r=g","contentUrl":"https:\/\/secure.gravatar.com\/avatar\/31a1a7b66ff2de83bd0e9fd79d026630d2d99e55e8bfe501287647b4fd9743de?s=96&d=mm&r=g","caption":"Gonzalo Schmidt"},"description":"Sitio web de noticias de la provincia de Entre R\u00edos, Argentina. Informaci\u00f3n y entretenimiento. Informe Litoral, nos informamos.","sameAs":["http:\/\/www.isletasnoticias.com.ar"],"url":"https:\/\/informelitoral.com.ar\/author\/gonzalo\/"}]}},"_links":{"self":[{"href":"https:\/\/informelitoral.com.ar\/%77%70%2d%6a%73%6f%6e\/wp\/v2\/posts\/60310","targetHints":{"allow":["GET"]}}],"collection":[{"href":"https:\/\/informelitoral.com.ar\/%77%70%2d%6a%73%6f%6e\/wp\/v2\/posts"}],"about":[{"href":"https:\/\/informelitoral.com.ar\/%77%70%2d%6a%73%6f%6e\/wp\/v2\/types\/post"}],"author":[{"embeddable":true,"href":"https:\/\/informelitoral.com.ar\/%77%70%2d%6a%73%6f%6e\/wp\/v2\/users\/2"}],"replies":[{"embeddable":true,"href":"https:\/\/informelitoral.com.ar\/%77%70%2d%6a%73%6f%6e\/wp\/v2\/comments?post=60310"}],"version-history":[{"count":0,"href":"https:\/\/informelitoral.com.ar\/%77%70%2d%6a%73%6f%6e\/wp\/v2\/posts\/60310\/revisions"}],"wp:featuredmedia":[{"embeddable":true,"href":"https:\/\/informelitoral.com.ar\/%77%70%2d%6a%73%6f%6e\/wp\/v2\/media\/60312"}],"wp:attachment":[{"href":"https:\/\/informelitoral.com.ar\/%77%70%2d%6a%73%6f%6e\/wp\/v2\/media?parent=60310"}],"wp:term":[{"taxonomy":"category","embeddable":true,"href":"https:\/\/informelitoral.com.ar\/%77%70%2d%6a%73%6f%6e\/wp\/v2\/categories?post=60310"},{"taxonomy":"post_tag","embeddable":true,"href":"https:\/\/informelitoral.com.ar\/%77%70%2d%6a%73%6f%6e\/wp\/v2\/tags?post=60310"}],"curies":[{"name":"wp","href":"https:\/\/api.w.org\/{rel}","templated":true}]}}