{"id":60038,"date":"2021-05-17T08:14:26","date_gmt":"2021-05-17T11:14:26","guid":{"rendered":"https:\/\/www.informelitoral.com.ar\/?p=60038"},"modified":"2021-05-17T08:14:26","modified_gmt":"2021-05-17T11:14:26","slug":"parana-identificaron-a-un-joven-que-se-masturba-frente-a-ninos-pero-quedo-libre","status":"publish","type":"post","link":"https:\/\/informelitoral.com.ar\/parana-identificaron-a-un-joven-que-se-masturba-frente-a-ninos-pero-quedo-libre\/","title":{"rendered":"Paran\u00e1: identificaron a un joven que se masturba frente a ni\u00f1os pero qued\u00f3 libre"},"content":{"rendered":"<article id=\"article-post\" class=\"first\">\n<div class=\"cuerpo\" data-twitter-link=\"https:\/\/twitter.com\/intent\/tweet?url=https:\/\/ahora.com.ar\/c4235555&amp;via=PlataformaAhora&amp;related=Ahora&amp;text=\">\n<p><strong>Se radic\u00f3 una denuncia por \u00abexhibiciones obscenas\u00bb en la sede de Comisar\u00eda 13 de Paran\u00e1<\/strong>. Un\u00a0<strong>joven mostr\u00f3 sus genitales a una ni\u00f1a de 9 a\u00f1os<\/strong>\u00a0y luego se dio a la fuga en una motocicleta tipo chopera.<\/p>\n<\/div>\n<\/article>\n<article id=\"article-post\">\n<div class=\"cuerpo\" data-twitter-link=\"https:\/\/twitter.com\/intent\/tweet?url=https:\/\/ahora.com.ar\/c4235555&amp;via=PlataformaAhora&amp;related=Ahora&amp;text=\">\n<p>A ra\u00edz de esta situaci\u00f3n,\u00a0<strong>se desarroll\u00f3 una investigaci\u00f3n para lograr la identificaci\u00f3n del perverso<\/strong>, debido a que se han dado iguales situaciones en distintos puntos de la ciudad. Las v\u00edctimas coinciden en las descripciones del autor y el rodado en el que se conduce.<\/p>\n<p>Desde la Polic\u00eda advirtieron que\u00a0<strong>estas exhibiciones ocurrieron en salidas de escuelas, donde se lo ha observado masturb\u00e1ndose frente a los ni\u00f1os.<\/strong><\/p>\n<p>Ante esta nueva denuncia, el personal de la Divisi\u00f3n 911, a requerimiento de la Divisi\u00f3n Robos y Hurtos,\u00a0<strong>procedi\u00f3 a la identificaci\u00f3n de un motoveh\u00edculo tipo chopera negra, la cual era conducida por un joven con un casco color negro y verde fl\u00faor<\/strong>, plenamente coincidente con caracter\u00edsticas denunciadas en sede de Comisar\u00eda 13.<\/p>\n<p>Seguidamente, se constat\u00f3 que el rodado tiene colocada una chapa patente que no corresponde a la misma, por lo que procedi\u00f3 al formal secuestro.<\/p>\n<p>En tanto, se puso en conocimiento a fiscal Erik Zenklusen, quien dispuso que para comprobaci\u00f3n de los hechos investigados se procedi\u00f3 al secuestro del casco y la mochila, como as\u00ed tambi\u00e9n a\u00a0<strong>constatar vestimentas y efectuar la correcta identificaci\u00f3n del joven de 22 a\u00f1os, quien luego qued\u00f3 libre<\/strong>. <em>(Fuente: Ahora)<\/em><\/p>\n<\/div>\n<\/article>\n","protected":false},"excerpt":{"rendered":"<p>Tiene 22 a\u00f1os y fue visto varias veces a la salida de las escuelas. Circula en una moto tipo chopera negra con un casco verde fl\u00faor. La Polic\u00eda lo identific\u00f3 pero por el momento tuvieron que dejarlo libre. <\/p>\n","protected":false},"author":2,"featured_media":60039,"comment_status":"open","ping_status":"open","sticky":false,"template":"","format":"standard","meta":{"fifu_image_url":"","fifu_image_alt":"","footnotes":""},"categories":[14],"tags":[45],"class_list":{"0":"post-60038","1":"post","2":"type-post","3":"status-publish","4":"format-standard","5":"has-post-thumbnail","7":"category-policiales","8":"tag-parana"},"yoast_head":"<title>Paran\u00e1: identificaron a un joven que se masturba frente a ni\u00f1os pero qued\u00f3 libre - Informe Litoral<\/title>\n<meta name=\"robots\" content=\"index, follow, max-snippet:-1, max-image-preview:large, max-video-preview:-1\" \/>\n<link rel=\"canonical\" href=\"https:\/\/informelitoral.com.ar\/parana-identificaron-a-un-joven-que-se-masturba-frente-a-ninos-pero-quedo-libre\/\" \/>\n<meta property=\"og:locale\" content=\"es_ES\" \/>\n<meta property=\"og:type\" content=\"article\" \/>\n<meta property=\"og:title\" content=\"Paran\u00e1: identificaron a un joven que se masturba frente a ni\u00f1os pero qued\u00f3 libre - Informe Litoral\" \/>\n<meta property=\"og:description\" content=\"Tiene 22 a\u00f1os y fue visto varias veces a la salida de las escuelas. Circula en una moto tipo chopera negra con un casco verde fl\u00faor. La Polic\u00eda lo identific\u00f3 pero por el momento tuvieron que dejarlo libre.\" \/>\n<meta property=\"og:url\" content=\"https:\/\/informelitoral.com.ar\/parana-identificaron-a-un-joven-que-se-masturba-frente-a-ninos-pero-quedo-libre\/\" \/>\n<meta property=\"og:site_name\" content=\"Informe Litoral\" \/>\n<meta property=\"article:publisher\" content=\"https:\/\/www.facebook.com\/informelitoral\/\" \/>\n<meta property=\"article:published_time\" content=\"2021-05-17T11:14:26+00:00\" \/>\n<meta property=\"og:image\" content=\"https:\/\/informelitoral.com.ar\/%77%70%2d%63%6f%6e%74%65%6e%74\/uploads\/2021\/05\/0003308613.jpeg\" \/>\n\t<meta property=\"og:image:width\" content=\"770\" \/>\n\t<meta property=\"og:image:height\" content=\"747\" \/>\n\t<meta property=\"og:image:type\" content=\"image\/jpeg\" \/>\n<meta name=\"author\" content=\"Gonzalo Schmidt\" \/>\n<meta name=\"twitter:card\" content=\"summary_large_image\" \/>\n<meta name=\"twitter:creator\" content=\"@InformeLitoral\" \/>\n<meta name=\"twitter:site\" content=\"@InformeLitoral\" \/>\n<meta name=\"twitter:label1\" content=\"Escrito por\" \/>\n\t<meta name=\"twitter:data1\" content=\"Gonzalo Schmidt\" \/>\n\t<meta name=\"twitter:label2\" content=\"Tiempo de lectura\" \/>\n\t<meta name=\"twitter:data2\" content=\"1 minuto\" \/>\n<script type=\"application\/ld+json\" class=\"yoast-schema-graph\">{\"@context\":\"https:\\\/\\\/schema.org\",\"@graph\":[{\"@type\":\"Article\",\"@id\":\"https:\\\/\\\/informelitoral.com.ar\\\/parana-identificaron-a-un-joven-que-se-masturba-frente-a-ninos-pero-quedo-libre\\\/#article\",\"isPartOf\":{\"@id\":\"https:\\\/\\\/informelitoral.com.ar\\\/parana-identificaron-a-un-joven-que-se-masturba-frente-a-ninos-pero-quedo-libre\\\/\"},\"author\":{\"name\":\"Gonzalo Schmidt\",\"@id\":\"https:\\\/\\\/informelitoral.com.ar\\\/#\\\/schema\\\/person\\\/b9d00407c836482871ef1d57bf8e3180\"},\"headline\":\"Paran\u00e1: identificaron a un joven que se masturba frente a ni\u00f1os pero qued\u00f3 libre\",\"datePublished\":\"2021-05-17T11:14:26+00:00\",\"mainEntityOfPage\":{\"@id\":\"https:\\\/\\\/informelitoral.com.ar\\\/parana-identificaron-a-un-joven-que-se-masturba-frente-a-ninos-pero-quedo-libre\\\/\"},\"wordCount\":264,\"commentCount\":0,\"publisher\":{\"@id\":\"https:\\\/\\\/informelitoral.com.ar\\\/#organization\"},\"image\":{\"@id\":\"https:\\\/\\\/informelitoral.com.ar\\\/parana-identificaron-a-un-joven-que-se-masturba-frente-a-ninos-pero-quedo-libre\\\/#primaryimage\"},\"thumbnailUrl\":\"https:\\\/\\\/informelitoral.com.ar\\\/%77%70%2d%63%6f%6e%74%65%6e%74\\\/uploads\\\/2021\\\/05\\\/0003308613.jpeg\",\"keywords\":[\"Paran\u00e1\"],\"articleSection\":[\"Policiales\"],\"inLanguage\":\"es\",\"potentialAction\":[{\"@type\":\"CommentAction\",\"name\":\"Comment\",\"target\":[\"https:\\\/\\\/informelitoral.com.ar\\\/parana-identificaron-a-un-joven-que-se-masturba-frente-a-ninos-pero-quedo-libre\\\/#respond\"]}]},{\"@type\":\"WebPage\",\"@id\":\"https:\\\/\\\/informelitoral.com.ar\\\/parana-identificaron-a-un-joven-que-se-masturba-frente-a-ninos-pero-quedo-libre\\\/\",\"url\":\"https:\\\/\\\/informelitoral.com.ar\\\/parana-identificaron-a-un-joven-que-se-masturba-frente-a-ninos-pero-quedo-libre\\\/\",\"name\":\"Paran\u00e1: identificaron a un joven que se masturba frente a ni\u00f1os pero qued\u00f3 libre - Informe Litoral\",\"isPartOf\":{\"@id\":\"https:\\\/\\\/informelitoral.com.ar\\\/#website\"},\"primaryImageOfPage\":{\"@id\":\"https:\\\/\\\/informelitoral.com.ar\\\/parana-identificaron-a-un-joven-que-se-masturba-frente-a-ninos-pero-quedo-libre\\\/#primaryimage\"},\"image\":{\"@id\":\"https:\\\/\\\/informelitoral.com.ar\\\/parana-identificaron-a-un-joven-que-se-masturba-frente-a-ninos-pero-quedo-libre\\\/#primaryimage\"},\"thumbnailUrl\":\"https:\\\/\\\/informelitoral.com.ar\\\/%77%70%2d%63%6f%6e%74%65%6e%74\\\/uploads\\\/2021\\\/05\\\/0003308613.jpeg\",\"datePublished\":\"2021-05-17T11:14:26+00:00\",\"breadcrumb\":{\"@id\":\"https:\\\/\\\/informelitoral.com.ar\\\/parana-identificaron-a-un-joven-que-se-masturba-frente-a-ninos-pero-quedo-libre\\\/#breadcrumb\"},\"inLanguage\":\"es\",\"potentialAction\":[{\"@type\":\"ReadAction\",\"target\":[\"https:\\\/\\\/informelitoral.com.ar\\\/parana-identificaron-a-un-joven-que-se-masturba-frente-a-ninos-pero-quedo-libre\\\/\"]}]},{\"@type\":\"ImageObject\",\"inLanguage\":\"es\",\"@id\":\"https:\\\/\\\/informelitoral.com.ar\\\/parana-identificaron-a-un-joven-que-se-masturba-frente-a-ninos-pero-quedo-libre\\\/#primaryimage\",\"url\":\"https:\\\/\\\/informelitoral.com.ar\\\/%77%70%2d%63%6f%6e%74%65%6e%74\\\/uploads\\\/2021\\\/05\\\/0003308613.jpeg\",\"contentUrl\":\"https:\\\/\\\/informelitoral.com.ar\\\/%77%70%2d%63%6f%6e%74%65%6e%74\\\/uploads\\\/2021\\\/05\\\/0003308613.jpeg\",\"width\":770,\"height\":747},{\"@type\":\"BreadcrumbList\",\"@id\":\"https:\\\/\\\/informelitoral.com.ar\\\/parana-identificaron-a-un-joven-que-se-masturba-frente-a-ninos-pero-quedo-libre\\\/#breadcrumb\",\"itemListElement\":[{\"@type\":\"ListItem\",\"position\":1,\"name\":\"Portada\",\"item\":\"https:\\\/\\\/informelitoral.com.ar\\\/\"},{\"@type\":\"ListItem\",\"position\":2,\"name\":\"Paran\u00e1: identificaron a un joven que se masturba frente a ni\u00f1os pero qued\u00f3 libre\"}]},{\"@type\":\"WebSite\",\"@id\":\"https:\\\/\\\/informelitoral.com.ar\\\/#website\",\"url\":\"https:\\\/\\\/informelitoral.com.ar\\\/\",\"name\":\"Informe Litoral\",\"description\":\"&quot;Nos informamos&quot; \",\"publisher\":{\"@id\":\"https:\\\/\\\/informelitoral.com.ar\\\/#organization\"},\"potentialAction\":[{\"@type\":\"SearchAction\",\"target\":{\"@type\":\"EntryPoint\",\"urlTemplate\":\"https:\\\/\\\/informelitoral.com.ar\\\/?s={search_term_string}\"},\"query-input\":{\"@type\":\"PropertyValueSpecification\",\"valueRequired\":true,\"valueName\":\"search_term_string\"}}],\"inLanguage\":\"es\"},{\"@type\":\"Organization\",\"@id\":\"https:\\\/\\\/informelitoral.com.ar\\\/#organization\",\"name\":\"Informe Litoral\",\"url\":\"https:\\\/\\\/informelitoral.com.ar\\\/\",\"logo\":{\"@type\":\"ImageObject\",\"inLanguage\":\"es\",\"@id\":\"https:\\\/\\\/informelitoral.com.ar\\\/#\\\/schema\\\/logo\\\/image\\\/\",\"url\":\"https:\\\/\\\/informelitoral.com.ar\\\/%77%70%2d%63%6f%6e%74%65%6e%74\\\/uploads\\\/2021\\\/01\\\/circulo.png\",\"contentUrl\":\"https:\\\/\\\/informelitoral.com.ar\\\/%77%70%2d%63%6f%6e%74%65%6e%74\\\/uploads\\\/2021\\\/01\\\/circulo.png\",\"width\":723,\"height\":731,\"caption\":\"Informe Litoral\"},\"image\":{\"@id\":\"https:\\\/\\\/informelitoral.com.ar\\\/#\\\/schema\\\/logo\\\/image\\\/\"},\"sameAs\":[\"https:\\\/\\\/www.facebook.com\\\/informelitoral\\\/\",\"https:\\\/\\\/x.com\\\/InformeLitoral\",\"https:\\\/\\\/www.instagram.com\\\/informelitoral\\\/\",\"https:\\\/\\\/www.youtube.com\\\/channel\\\/UCua4Qvz8Icb6MYqhoq9xLXw\"]},{\"@type\":\"Person\",\"@id\":\"https:\\\/\\\/informelitoral.com.ar\\\/#\\\/schema\\\/person\\\/b9d00407c836482871ef1d57bf8e3180\",\"name\":\"Gonzalo Schmidt\",\"image\":{\"@type\":\"ImageObject\",\"inLanguage\":\"es\",\"@id\":\"https:\\\/\\\/secure.gravatar.com\\\/avatar\\\/31a1a7b66ff2de83bd0e9fd79d026630d2d99e55e8bfe501287647b4fd9743de?s=96&d=mm&r=g\",\"url\":\"https:\\\/\\\/secure.gravatar.com\\\/avatar\\\/31a1a7b66ff2de83bd0e9fd79d026630d2d99e55e8bfe501287647b4fd9743de?s=96&d=mm&r=g\",\"contentUrl\":\"https:\\\/\\\/secure.gravatar.com\\\/avatar\\\/31a1a7b66ff2de83bd0e9fd79d026630d2d99e55e8bfe501287647b4fd9743de?s=96&d=mm&r=g\",\"caption\":\"Gonzalo Schmidt\"},\"description\":\"Sitio web de noticias de la provincia de Entre R\u00edos, Argentina. Informaci\u00f3n y entretenimiento. Informe Litoral, nos informamos.\",\"sameAs\":[\"http:\\\/\\\/www.isletasnoticias.com.ar\"],\"url\":\"https:\\\/\\\/informelitoral.com.ar\\\/author\\\/gonzalo\\\/\"}]}<\/script>","yoast_head_json":{"title":"Paran\u00e1: identificaron a un joven que se masturba frente a ni\u00f1os pero qued\u00f3 libre - Informe Litoral","robots":{"index":"index","follow":"follow","max-snippet":"max-snippet:-1","max-image-preview":"max-image-preview:large","max-video-preview":"max-video-preview:-1"},"canonical":"https:\/\/informelitoral.com.ar\/parana-identificaron-a-un-joven-que-se-masturba-frente-a-ninos-pero-quedo-libre\/","og_locale":"es_ES","og_type":"article","og_title":"Paran\u00e1: identificaron a un joven que se masturba frente a ni\u00f1os pero qued\u00f3 libre - Informe Litoral","og_description":"Tiene 22 a\u00f1os y fue visto varias veces a la salida de las escuelas. Circula en una moto tipo chopera negra con un casco verde fl\u00faor. La Polic\u00eda lo identific\u00f3 pero por el momento tuvieron que dejarlo libre.","og_url":"https:\/\/informelitoral.com.ar\/parana-identificaron-a-un-joven-que-se-masturba-frente-a-ninos-pero-quedo-libre\/","og_site_name":"Informe Litoral","article_publisher":"https:\/\/www.facebook.com\/informelitoral\/","article_published_time":"2021-05-17T11:14:26+00:00","og_image":[{"width":770,"height":747,"url":"https:\/\/informelitoral.com.ar\/%77%70%2d%63%6f%6e%74%65%6e%74\/uploads\/2021\/05\/0003308613.jpeg","type":"image\/jpeg"}],"author":"Gonzalo Schmidt","twitter_card":"summary_large_image","twitter_creator":"@InformeLitoral","twitter_site":"@InformeLitoral","twitter_misc":{"Escrito por":"Gonzalo Schmidt","Tiempo de lectura":"1 minuto"},"schema":{"@context":"https:\/\/schema.org","@graph":[{"@type":"Article","@id":"https:\/\/informelitoral.com.ar\/parana-identificaron-a-un-joven-que-se-masturba-frente-a-ninos-pero-quedo-libre\/#article","isPartOf":{"@id":"https:\/\/informelitoral.com.ar\/parana-identificaron-a-un-joven-que-se-masturba-frente-a-ninos-pero-quedo-libre\/"},"author":{"name":"Gonzalo Schmidt","@id":"https:\/\/informelitoral.com.ar\/#\/schema\/person\/b9d00407c836482871ef1d57bf8e3180"},"headline":"Paran\u00e1: identificaron a un joven que se masturba frente a ni\u00f1os pero qued\u00f3 libre","datePublished":"2021-05-17T11:14:26+00:00","mainEntityOfPage":{"@id":"https:\/\/informelitoral.com.ar\/parana-identificaron-a-un-joven-que-se-masturba-frente-a-ninos-pero-quedo-libre\/"},"wordCount":264,"commentCount":0,"publisher":{"@id":"https:\/\/informelitoral.com.ar\/#organization"},"image":{"@id":"https:\/\/informelitoral.com.ar\/parana-identificaron-a-un-joven-que-se-masturba-frente-a-ninos-pero-quedo-libre\/#primaryimage"},"thumbnailUrl":"https:\/\/informelitoral.com.ar\/%77%70%2d%63%6f%6e%74%65%6e%74\/uploads\/2021\/05\/0003308613.jpeg","keywords":["Paran\u00e1"],"articleSection":["Policiales"],"inLanguage":"es","potentialAction":[{"@type":"CommentAction","name":"Comment","target":["https:\/\/informelitoral.com.ar\/parana-identificaron-a-un-joven-que-se-masturba-frente-a-ninos-pero-quedo-libre\/#respond"]}]},{"@type":"WebPage","@id":"https:\/\/informelitoral.com.ar\/parana-identificaron-a-un-joven-que-se-masturba-frente-a-ninos-pero-quedo-libre\/","url":"https:\/\/informelitoral.com.ar\/parana-identificaron-a-un-joven-que-se-masturba-frente-a-ninos-pero-quedo-libre\/","name":"Paran\u00e1: identificaron a un joven que se masturba frente a ni\u00f1os pero qued\u00f3 libre - Informe Litoral","isPartOf":{"@id":"https:\/\/informelitoral.com.ar\/#website"},"primaryImageOfPage":{"@id":"https:\/\/informelitoral.com.ar\/parana-identificaron-a-un-joven-que-se-masturba-frente-a-ninos-pero-quedo-libre\/#primaryimage"},"image":{"@id":"https:\/\/informelitoral.com.ar\/parana-identificaron-a-un-joven-que-se-masturba-frente-a-ninos-pero-quedo-libre\/#primaryimage"},"thumbnailUrl":"https:\/\/informelitoral.com.ar\/%77%70%2d%63%6f%6e%74%65%6e%74\/uploads\/2021\/05\/0003308613.jpeg","datePublished":"2021-05-17T11:14:26+00:00","breadcrumb":{"@id":"https:\/\/informelitoral.com.ar\/parana-identificaron-a-un-joven-que-se-masturba-frente-a-ninos-pero-quedo-libre\/#breadcrumb"},"inLanguage":"es","potentialAction":[{"@type":"ReadAction","target":["https:\/\/informelitoral.com.ar\/parana-identificaron-a-un-joven-que-se-masturba-frente-a-ninos-pero-quedo-libre\/"]}]},{"@type":"ImageObject","inLanguage":"es","@id":"https:\/\/informelitoral.com.ar\/parana-identificaron-a-un-joven-que-se-masturba-frente-a-ninos-pero-quedo-libre\/#primaryimage","url":"https:\/\/informelitoral.com.ar\/%77%70%2d%63%6f%6e%74%65%6e%74\/uploads\/2021\/05\/0003308613.jpeg","contentUrl":"https:\/\/informelitoral.com.ar\/%77%70%2d%63%6f%6e%74%65%6e%74\/uploads\/2021\/05\/0003308613.jpeg","width":770,"height":747},{"@type":"BreadcrumbList","@id":"https:\/\/informelitoral.com.ar\/parana-identificaron-a-un-joven-que-se-masturba-frente-a-ninos-pero-quedo-libre\/#breadcrumb","itemListElement":[{"@type":"ListItem","position":1,"name":"Portada","item":"https:\/\/informelitoral.com.ar\/"},{"@type":"ListItem","position":2,"name":"Paran\u00e1: identificaron a un joven que se masturba frente a ni\u00f1os pero qued\u00f3 libre"}]},{"@type":"WebSite","@id":"https:\/\/informelitoral.com.ar\/#website","url":"https:\/\/informelitoral.com.ar\/","name":"Informe Litoral","description":"&quot;Nos informamos&quot; ","publisher":{"@id":"https:\/\/informelitoral.com.ar\/#organization"},"potentialAction":[{"@type":"SearchAction","target":{"@type":"EntryPoint","urlTemplate":"https:\/\/informelitoral.com.ar\/?s={search_term_string}"},"query-input":{"@type":"PropertyValueSpecification","valueRequired":true,"valueName":"search_term_string"}}],"inLanguage":"es"},{"@type":"Organization","@id":"https:\/\/informelitoral.com.ar\/#organization","name":"Informe Litoral","url":"https:\/\/informelitoral.com.ar\/","logo":{"@type":"ImageObject","inLanguage":"es","@id":"https:\/\/informelitoral.com.ar\/#\/schema\/logo\/image\/","url":"https:\/\/informelitoral.com.ar\/%77%70%2d%63%6f%6e%74%65%6e%74\/uploads\/2021\/01\/circulo.png","contentUrl":"https:\/\/informelitoral.com.ar\/%77%70%2d%63%6f%6e%74%65%6e%74\/uploads\/2021\/01\/circulo.png","width":723,"height":731,"caption":"Informe Litoral"},"image":{"@id":"https:\/\/informelitoral.com.ar\/#\/schema\/logo\/image\/"},"sameAs":["https:\/\/www.facebook.com\/informelitoral\/","https:\/\/x.com\/InformeLitoral","https:\/\/www.instagram.com\/informelitoral\/","https:\/\/www.youtube.com\/channel\/UCua4Qvz8Icb6MYqhoq9xLXw"]},{"@type":"Person","@id":"https:\/\/informelitoral.com.ar\/#\/schema\/person\/b9d00407c836482871ef1d57bf8e3180","name":"Gonzalo Schmidt","image":{"@type":"ImageObject","inLanguage":"es","@id":"https:\/\/secure.gravatar.com\/avatar\/31a1a7b66ff2de83bd0e9fd79d026630d2d99e55e8bfe501287647b4fd9743de?s=96&d=mm&r=g","url":"https:\/\/secure.gravatar.com\/avatar\/31a1a7b66ff2de83bd0e9fd79d026630d2d99e55e8bfe501287647b4fd9743de?s=96&d=mm&r=g","contentUrl":"https:\/\/secure.gravatar.com\/avatar\/31a1a7b66ff2de83bd0e9fd79d026630d2d99e55e8bfe501287647b4fd9743de?s=96&d=mm&r=g","caption":"Gonzalo Schmidt"},"description":"Sitio web de noticias de la provincia de Entre R\u00edos, Argentina. Informaci\u00f3n y entretenimiento. Informe Litoral, nos informamos.","sameAs":["http:\/\/www.isletasnoticias.com.ar"],"url":"https:\/\/informelitoral.com.ar\/author\/gonzalo\/"}]}},"_links":{"self":[{"href":"https:\/\/informelitoral.com.ar\/%77%70%2d%6a%73%6f%6e\/wp\/v2\/posts\/60038","targetHints":{"allow":["GET"]}}],"collection":[{"href":"https:\/\/informelitoral.com.ar\/%77%70%2d%6a%73%6f%6e\/wp\/v2\/posts"}],"about":[{"href":"https:\/\/informelitoral.com.ar\/%77%70%2d%6a%73%6f%6e\/wp\/v2\/types\/post"}],"author":[{"embeddable":true,"href":"https:\/\/informelitoral.com.ar\/%77%70%2d%6a%73%6f%6e\/wp\/v2\/users\/2"}],"replies":[{"embeddable":true,"href":"https:\/\/informelitoral.com.ar\/%77%70%2d%6a%73%6f%6e\/wp\/v2\/comments?post=60038"}],"version-history":[{"count":0,"href":"https:\/\/informelitoral.com.ar\/%77%70%2d%6a%73%6f%6e\/wp\/v2\/posts\/60038\/revisions"}],"wp:featuredmedia":[{"embeddable":true,"href":"https:\/\/informelitoral.com.ar\/%77%70%2d%6a%73%6f%6e\/wp\/v2\/media\/60039"}],"wp:attachment":[{"href":"https:\/\/informelitoral.com.ar\/%77%70%2d%6a%73%6f%6e\/wp\/v2\/media?parent=60038"}],"wp:term":[{"taxonomy":"category","embeddable":true,"href":"https:\/\/informelitoral.com.ar\/%77%70%2d%6a%73%6f%6e\/wp\/v2\/categories?post=60038"},{"taxonomy":"post_tag","embeddable":true,"href":"https:\/\/informelitoral.com.ar\/%77%70%2d%6a%73%6f%6e\/wp\/v2\/tags?post=60038"}],"curies":[{"name":"wp","href":"https:\/\/api.w.org\/{rel}","templated":true}]}}