{"id":60029,"date":"2021-05-17T08:01:41","date_gmt":"2021-05-17T11:01:41","guid":{"rendered":"https:\/\/www.informelitoral.com.ar\/?p=60029"},"modified":"2021-05-17T08:06:58","modified_gmt":"2021-05-17T11:06:58","slug":"mejoraran-el-camino-que-une-aranguren-con-pajonal","status":"publish","type":"post","link":"https:\/\/informelitoral.com.ar\/mejoraran-el-camino-que-une-aranguren-con-pajonal\/","title":{"rendered":"Mejorar\u00e1n el camino que une Aranguren con Pajonal"},"content":{"rendered":"<p>Desde hace tiempo desde la Municipalidad de Aranguren, en conjunto con juntas de gobierno de la zona y entidades privadas vinculadas a la producci\u00f3n, gestionan la pavimentaci\u00f3n de un importante camino. Se trata de un <strong>tramo de 32 kil\u00f3metros que une Aranguren con Pajonal (Ruta 11)<\/strong> y por ende con las ciudades de Victoria, Rosario y hasta Buenos Aires.<\/p>\n<p><a href=\"https:\/\/www.informelitoral.com.ar\/%77%70%2d%63%6f%6e%74%65%6e%74\/uploads\/2021\/05\/186240793_1055334618325114_4312651009140165554_n.jpg\"><img loading=\"lazy\" decoding=\"async\" class=\"aligncenter wp-image-60032 size-large\" src=\"https:\/\/www.informelitoral.com.ar\/%77%70%2d%63%6f%6e%74%65%6e%74\/uploads\/2021\/05\/186240793_1055334618325114_4312651009140165554_n-1024x768.jpg\" alt=\"\" width=\"696\" height=\"522\" srcset=\"https:\/\/informelitoral.com.ar\/%77%70%2d%63%6f%6e%74%65%6e%74\/uploads\/2021\/05\/186240793_1055334618325114_4312651009140165554_n-1024x768.jpg 1024w, https:\/\/informelitoral.com.ar\/%77%70%2d%63%6f%6e%74%65%6e%74\/uploads\/2021\/05\/186240793_1055334618325114_4312651009140165554_n-300x225.jpg 300w, https:\/\/informelitoral.com.ar\/%77%70%2d%63%6f%6e%74%65%6e%74\/uploads\/2021\/05\/186240793_1055334618325114_4312651009140165554_n-768x576.jpg 768w, https:\/\/informelitoral.com.ar\/%77%70%2d%63%6f%6e%74%65%6e%74\/uploads\/2021\/05\/186240793_1055334618325114_4312651009140165554_n-696x522.jpg 696w, https:\/\/informelitoral.com.ar\/%77%70%2d%63%6f%6e%74%65%6e%74\/uploads\/2021\/05\/186240793_1055334618325114_4312651009140165554_n-1068x801.jpg 1068w, https:\/\/informelitoral.com.ar\/%77%70%2d%63%6f%6e%74%65%6e%74\/uploads\/2021\/05\/186240793_1055334618325114_4312651009140165554_n-560x420.jpg 560w, https:\/\/informelitoral.com.ar\/%77%70%2d%63%6f%6e%74%65%6e%74\/uploads\/2021\/05\/186240793_1055334618325114_4312651009140165554_n-80x60.jpg 80w, https:\/\/informelitoral.com.ar\/%77%70%2d%63%6f%6e%74%65%6e%74\/uploads\/2021\/05\/186240793_1055334618325114_4312651009140165554_n-265x198.jpg 265w, https:\/\/informelitoral.com.ar\/%77%70%2d%63%6f%6e%74%65%6e%74\/uploads\/2021\/05\/186240793_1055334618325114_4312651009140165554_n.jpg 1080w\" sizes=\"auto, (max-width: 696px) 100vw, 696px\" \/><\/a><\/p>\n<p>En ese marco, en los \u00faltimos d\u00edas <strong>se realizaron reuniones con el objetivo de mejorar la mencionada arteria y conservar la transitabilidad, hasta tanto avance el proyecto principal que ser\u00eda el asfaltado.<\/strong><\/p>\n<p><a href=\"https:\/\/www.informelitoral.com.ar\/%77%70%2d%63%6f%6e%74%65%6e%74\/uploads\/2021\/05\/184696454_1055334751658434_8655222596681794289_n.jpg\"><img loading=\"lazy\" decoding=\"async\" class=\"aligncenter wp-image-60030 size-large\" src=\"https:\/\/www.informelitoral.com.ar\/%77%70%2d%63%6f%6e%74%65%6e%74\/uploads\/2021\/05\/184696454_1055334751658434_8655222596681794289_n-1024x768.jpg\" alt=\"\" width=\"696\" height=\"522\" srcset=\"https:\/\/informelitoral.com.ar\/%77%70%2d%63%6f%6e%74%65%6e%74\/uploads\/2021\/05\/184696454_1055334751658434_8655222596681794289_n-1024x768.jpg 1024w, https:\/\/informelitoral.com.ar\/%77%70%2d%63%6f%6e%74%65%6e%74\/uploads\/2021\/05\/184696454_1055334751658434_8655222596681794289_n-300x225.jpg 300w, https:\/\/informelitoral.com.ar\/%77%70%2d%63%6f%6e%74%65%6e%74\/uploads\/2021\/05\/184696454_1055334751658434_8655222596681794289_n-768x576.jpg 768w, https:\/\/informelitoral.com.ar\/%77%70%2d%63%6f%6e%74%65%6e%74\/uploads\/2021\/05\/184696454_1055334751658434_8655222596681794289_n-696x522.jpg 696w, https:\/\/informelitoral.com.ar\/%77%70%2d%63%6f%6e%74%65%6e%74\/uploads\/2021\/05\/184696454_1055334751658434_8655222596681794289_n-560x420.jpg 560w, https:\/\/informelitoral.com.ar\/%77%70%2d%63%6f%6e%74%65%6e%74\/uploads\/2021\/05\/184696454_1055334751658434_8655222596681794289_n-80x60.jpg 80w, https:\/\/informelitoral.com.ar\/%77%70%2d%63%6f%6e%74%65%6e%74\/uploads\/2021\/05\/184696454_1055334751658434_8655222596681794289_n-265x198.jpg 265w, https:\/\/informelitoral.com.ar\/%77%70%2d%63%6f%6e%74%65%6e%74\/uploads\/2021\/05\/184696454_1055334751658434_8655222596681794289_n.jpg 1040w\" sizes=\"auto, (max-width: 696px) 100vw, 696px\" \/><\/a><\/p>\n<p>De los encuentros y recorrida por el camino participaron por parte de Vialidad Provincial; <strong>Miguel Feltes<\/strong>, secretario Coordinador T\u00e9cnico;<strong> Eduardo Urrutia,<\/strong> director de Conservaci\u00f3n; <strong>Oscar Gonzalez<\/strong>, jefe Zonal Nogoy\u00e1; <strong>Fernando Mart\u00ednez<\/strong>, jefe Zonal Victoria. Por parte de Chilcas estuvo el presidente de la Junta de Gobierno, <strong>Rogelio Fuchs<\/strong> y como representantes de Aranguren el intendente,<strong> Luis Horacio Siebenlist<\/strong> y el encargado de Obras P\u00fablicas, <strong>Jorge Cardenal.<\/strong><\/p>\n<h4><strong>M\u00c1S SOBRE EL TEMA:\u00a0<\/strong><\/h4>\n<blockquote class=\"wp-embedded-content\" data-secret=\"VNT5GBHYvT\"><p><a href=\"https:\/\/www.informelitoral.com.ar\/aranguren-municipio-y-coopar-gestionan-juntos-por-una-ruta-de-la-produccion\/\">Aranguren: Municipio y Coopar gestionan juntos por una ruta de la producci\u00f3n<\/a><\/p><\/blockquote>\n<p><iframe loading=\"lazy\" class=\"wp-embedded-content\" sandbox=\"allow-scripts\" security=\"restricted\" style=\"position: absolute; clip: rect(1px, 1px, 1px, 1px);\" title=\"\u00abAranguren: Municipio y Coopar gestionan juntos por una ruta de la producci\u00f3n\u00bb \u2014 Informe Litoral\" src=\"https:\/\/www.informelitoral.com.ar\/aranguren-municipio-y-coopar-gestionan-juntos-por-una-ruta-de-la-produccion\/embed\/#?secret=VNT5GBHYvT\" data-secret=\"VNT5GBHYvT\" width=\"600\" height=\"338\" frameborder=\"0\" marginwidth=\"0\" marginheight=\"0\" scrolling=\"no\"><\/iframe><\/p>\n","protected":false},"excerpt":{"rendered":"<p>Mientras tanto avanzan las gestiones para pavimentar esta v\u00eda de tr\u00e1nsito y de vital importancia para la producci\u00f3n. El intendente y autoridades de Vialidad visitaron la arteria que acerca distancias con Victoria, el Puerto de Rosario y hasta Buenos Aires.<\/p>\n","protected":false},"author":2,"featured_media":60031,"comment_status":"open","ping_status":"open","sticky":false,"template":"","format":"standard","meta":{"fifu_image_url":"","fifu_image_alt":"","footnotes":""},"categories":[6],"tags":[143,2109,111,1580,201,107],"class_list":{"0":"post-60029","1":"post","2":"type-post","3":"status-publish","4":"format-standard","5":"has-post-thumbnail","7":"category-entre-rios","8":"tag-aranguren","9":"tag-gestion","10":"tag-municipales","11":"tag-municipalidad-de-aranguren","12":"tag-municipios","13":"tag-obras-viales"},"yoast_head":"<title>Mejorar\u00e1n el camino que une Aranguren con Pajonal - Informe Litoral<\/title>\n<meta name=\"robots\" content=\"index, follow, max-snippet:-1, max-image-preview:large, max-video-preview:-1\" \/>\n<link rel=\"canonical\" href=\"https:\/\/informelitoral.com.ar\/mejoraran-el-camino-que-une-aranguren-con-pajonal\/\" \/>\n<meta property=\"og:locale\" content=\"es_ES\" \/>\n<meta property=\"og:type\" content=\"article\" \/>\n<meta property=\"og:title\" content=\"Mejorar\u00e1n el camino que une Aranguren con Pajonal - Informe Litoral\" \/>\n<meta property=\"og:description\" content=\"Mientras tanto avanzan las gestiones para pavimentar esta v\u00eda de tr\u00e1nsito y de vital importancia para la producci\u00f3n. El intendente y autoridades de Vialidad visitaron la arteria que acerca distancias con Victoria, el Puerto de Rosario y hasta Buenos Aires.\" \/>\n<meta property=\"og:url\" content=\"https:\/\/informelitoral.com.ar\/mejoraran-el-camino-que-une-aranguren-con-pajonal\/\" \/>\n<meta property=\"og:site_name\" content=\"Informe Litoral\" \/>\n<meta property=\"article:publisher\" content=\"https:\/\/www.facebook.com\/informelitoral\/\" \/>\n<meta property=\"article:published_time\" content=\"2021-05-17T11:01:41+00:00\" \/>\n<meta property=\"article:modified_time\" content=\"2021-05-17T11:06:58+00:00\" \/>\n<meta property=\"og:image\" content=\"https:\/\/informelitoral.com.ar\/%77%70%2d%63%6f%6e%74%65%6e%74\/uploads\/2021\/05\/185631210_1055334694991773_1231760850627092532_n.jpg\" \/>\n\t<meta property=\"og:image:width\" content=\"1040\" \/>\n\t<meta property=\"og:image:height\" content=\"780\" \/>\n\t<meta property=\"og:image:type\" content=\"image\/jpeg\" \/>\n<meta name=\"author\" content=\"Gonzalo Schmidt\" \/>\n<meta name=\"twitter:card\" content=\"summary_large_image\" \/>\n<meta name=\"twitter:creator\" content=\"@InformeLitoral\" \/>\n<meta name=\"twitter:site\" content=\"@InformeLitoral\" \/>\n<meta name=\"twitter:label1\" content=\"Escrito por\" \/>\n\t<meta name=\"twitter:data1\" content=\"Gonzalo Schmidt\" \/>\n\t<meta name=\"twitter:label2\" content=\"Tiempo de lectura\" \/>\n\t<meta name=\"twitter:data2\" content=\"1 minuto\" \/>\n<script type=\"application\/ld+json\" class=\"yoast-schema-graph\">{\"@context\":\"https:\\\/\\\/schema.org\",\"@graph\":[{\"@type\":\"Article\",\"@id\":\"https:\\\/\\\/informelitoral.com.ar\\\/mejoraran-el-camino-que-une-aranguren-con-pajonal\\\/#article\",\"isPartOf\":{\"@id\":\"https:\\\/\\\/informelitoral.com.ar\\\/mejoraran-el-camino-que-une-aranguren-con-pajonal\\\/\"},\"author\":{\"name\":\"Gonzalo Schmidt\",\"@id\":\"https:\\\/\\\/informelitoral.com.ar\\\/#\\\/schema\\\/person\\\/b9d00407c836482871ef1d57bf8e3180\"},\"headline\":\"Mejorar\u00e1n el camino que une Aranguren con Pajonal\",\"datePublished\":\"2021-05-17T11:01:41+00:00\",\"dateModified\":\"2021-05-17T11:06:58+00:00\",\"mainEntityOfPage\":{\"@id\":\"https:\\\/\\\/informelitoral.com.ar\\\/mejoraran-el-camino-que-une-aranguren-con-pajonal\\\/\"},\"wordCount\":184,\"commentCount\":0,\"publisher\":{\"@id\":\"https:\\\/\\\/informelitoral.com.ar\\\/#organization\"},\"image\":{\"@id\":\"https:\\\/\\\/informelitoral.com.ar\\\/mejoraran-el-camino-que-une-aranguren-con-pajonal\\\/#primaryimage\"},\"thumbnailUrl\":\"https:\\\/\\\/informelitoral.com.ar\\\/%77%70%2d%63%6f%6e%74%65%6e%74\\\/uploads\\\/2021\\\/05\\\/185631210_1055334694991773_1231760850627092532_n.jpg\",\"keywords\":[\"Aranguren\",\"Gesti\u00f3n\",\"Municipales\",\"Municipalidad de Aranguren\",\"Municipios\",\"Obras viales\"],\"articleSection\":[\"Entre R\u00edos\"],\"inLanguage\":\"es\",\"potentialAction\":[{\"@type\":\"CommentAction\",\"name\":\"Comment\",\"target\":[\"https:\\\/\\\/informelitoral.com.ar\\\/mejoraran-el-camino-que-une-aranguren-con-pajonal\\\/#respond\"]}]},{\"@type\":\"WebPage\",\"@id\":\"https:\\\/\\\/informelitoral.com.ar\\\/mejoraran-el-camino-que-une-aranguren-con-pajonal\\\/\",\"url\":\"https:\\\/\\\/informelitoral.com.ar\\\/mejoraran-el-camino-que-une-aranguren-con-pajonal\\\/\",\"name\":\"Mejorar\u00e1n el camino que une Aranguren con Pajonal - Informe Litoral\",\"isPartOf\":{\"@id\":\"https:\\\/\\\/informelitoral.com.ar\\\/#website\"},\"primaryImageOfPage\":{\"@id\":\"https:\\\/\\\/informelitoral.com.ar\\\/mejoraran-el-camino-que-une-aranguren-con-pajonal\\\/#primaryimage\"},\"image\":{\"@id\":\"https:\\\/\\\/informelitoral.com.ar\\\/mejoraran-el-camino-que-une-aranguren-con-pajonal\\\/#primaryimage\"},\"thumbnailUrl\":\"https:\\\/\\\/informelitoral.com.ar\\\/%77%70%2d%63%6f%6e%74%65%6e%74\\\/uploads\\\/2021\\\/05\\\/185631210_1055334694991773_1231760850627092532_n.jpg\",\"datePublished\":\"2021-05-17T11:01:41+00:00\",\"dateModified\":\"2021-05-17T11:06:58+00:00\",\"breadcrumb\":{\"@id\":\"https:\\\/\\\/informelitoral.com.ar\\\/mejoraran-el-camino-que-une-aranguren-con-pajonal\\\/#breadcrumb\"},\"inLanguage\":\"es\",\"potentialAction\":[{\"@type\":\"ReadAction\",\"target\":[\"https:\\\/\\\/informelitoral.com.ar\\\/mejoraran-el-camino-que-une-aranguren-con-pajonal\\\/\"]}]},{\"@type\":\"ImageObject\",\"inLanguage\":\"es\",\"@id\":\"https:\\\/\\\/informelitoral.com.ar\\\/mejoraran-el-camino-que-une-aranguren-con-pajonal\\\/#primaryimage\",\"url\":\"https:\\\/\\\/informelitoral.com.ar\\\/%77%70%2d%63%6f%6e%74%65%6e%74\\\/uploads\\\/2021\\\/05\\\/185631210_1055334694991773_1231760850627092532_n.jpg\",\"contentUrl\":\"https:\\\/\\\/informelitoral.com.ar\\\/%77%70%2d%63%6f%6e%74%65%6e%74\\\/uploads\\\/2021\\\/05\\\/185631210_1055334694991773_1231760850627092532_n.jpg\",\"width\":1040,\"height\":780},{\"@type\":\"BreadcrumbList\",\"@id\":\"https:\\\/\\\/informelitoral.com.ar\\\/mejoraran-el-camino-que-une-aranguren-con-pajonal\\\/#breadcrumb\",\"itemListElement\":[{\"@type\":\"ListItem\",\"position\":1,\"name\":\"Portada\",\"item\":\"https:\\\/\\\/informelitoral.com.ar\\\/\"},{\"@type\":\"ListItem\",\"position\":2,\"name\":\"Mejorar\u00e1n el camino que une Aranguren con Pajonal\"}]},{\"@type\":\"WebSite\",\"@id\":\"https:\\\/\\\/informelitoral.com.ar\\\/#website\",\"url\":\"https:\\\/\\\/informelitoral.com.ar\\\/\",\"name\":\"Informe Litoral\",\"description\":\"&quot;Nos informamos&quot; \",\"publisher\":{\"@id\":\"https:\\\/\\\/informelitoral.com.ar\\\/#organization\"},\"potentialAction\":[{\"@type\":\"SearchAction\",\"target\":{\"@type\":\"EntryPoint\",\"urlTemplate\":\"https:\\\/\\\/informelitoral.com.ar\\\/?s={search_term_string}\"},\"query-input\":{\"@type\":\"PropertyValueSpecification\",\"valueRequired\":true,\"valueName\":\"search_term_string\"}}],\"inLanguage\":\"es\"},{\"@type\":\"Organization\",\"@id\":\"https:\\\/\\\/informelitoral.com.ar\\\/#organization\",\"name\":\"Informe Litoral\",\"url\":\"https:\\\/\\\/informelitoral.com.ar\\\/\",\"logo\":{\"@type\":\"ImageObject\",\"inLanguage\":\"es\",\"@id\":\"https:\\\/\\\/informelitoral.com.ar\\\/#\\\/schema\\\/logo\\\/image\\\/\",\"url\":\"https:\\\/\\\/informelitoral.com.ar\\\/%77%70%2d%63%6f%6e%74%65%6e%74\\\/uploads\\\/2021\\\/01\\\/circulo.png\",\"contentUrl\":\"https:\\\/\\\/informelitoral.com.ar\\\/%77%70%2d%63%6f%6e%74%65%6e%74\\\/uploads\\\/2021\\\/01\\\/circulo.png\",\"width\":723,\"height\":731,\"caption\":\"Informe Litoral\"},\"image\":{\"@id\":\"https:\\\/\\\/informelitoral.com.ar\\\/#\\\/schema\\\/logo\\\/image\\\/\"},\"sameAs\":[\"https:\\\/\\\/www.facebook.com\\\/informelitoral\\\/\",\"https:\\\/\\\/x.com\\\/InformeLitoral\",\"https:\\\/\\\/www.instagram.com\\\/informelitoral\\\/\",\"https:\\\/\\\/www.youtube.com\\\/channel\\\/UCua4Qvz8Icb6MYqhoq9xLXw\"]},{\"@type\":\"Person\",\"@id\":\"https:\\\/\\\/informelitoral.com.ar\\\/#\\\/schema\\\/person\\\/b9d00407c836482871ef1d57bf8e3180\",\"name\":\"Gonzalo Schmidt\",\"image\":{\"@type\":\"ImageObject\",\"inLanguage\":\"es\",\"@id\":\"https:\\\/\\\/secure.gravatar.com\\\/avatar\\\/31a1a7b66ff2de83bd0e9fd79d026630d2d99e55e8bfe501287647b4fd9743de?s=96&d=mm&r=g\",\"url\":\"https:\\\/\\\/secure.gravatar.com\\\/avatar\\\/31a1a7b66ff2de83bd0e9fd79d026630d2d99e55e8bfe501287647b4fd9743de?s=96&d=mm&r=g\",\"contentUrl\":\"https:\\\/\\\/secure.gravatar.com\\\/avatar\\\/31a1a7b66ff2de83bd0e9fd79d026630d2d99e55e8bfe501287647b4fd9743de?s=96&d=mm&r=g\",\"caption\":\"Gonzalo Schmidt\"},\"description\":\"Sitio web de noticias de la provincia de Entre R\u00edos, Argentina. Informaci\u00f3n y entretenimiento. Informe Litoral, nos informamos.\",\"sameAs\":[\"http:\\\/\\\/www.isletasnoticias.com.ar\"],\"url\":\"https:\\\/\\\/informelitoral.com.ar\\\/author\\\/gonzalo\\\/\"}]}<\/script>","yoast_head_json":{"title":"Mejorar\u00e1n el camino que une Aranguren con Pajonal - Informe Litoral","robots":{"index":"index","follow":"follow","max-snippet":"max-snippet:-1","max-image-preview":"max-image-preview:large","max-video-preview":"max-video-preview:-1"},"canonical":"https:\/\/informelitoral.com.ar\/mejoraran-el-camino-que-une-aranguren-con-pajonal\/","og_locale":"es_ES","og_type":"article","og_title":"Mejorar\u00e1n el camino que une Aranguren con Pajonal - Informe Litoral","og_description":"Mientras tanto avanzan las gestiones para pavimentar esta v\u00eda de tr\u00e1nsito y de vital importancia para la producci\u00f3n. El intendente y autoridades de Vialidad visitaron la arteria que acerca distancias con Victoria, el Puerto de Rosario y hasta Buenos Aires.","og_url":"https:\/\/informelitoral.com.ar\/mejoraran-el-camino-que-une-aranguren-con-pajonal\/","og_site_name":"Informe Litoral","article_publisher":"https:\/\/www.facebook.com\/informelitoral\/","article_published_time":"2021-05-17T11:01:41+00:00","article_modified_time":"2021-05-17T11:06:58+00:00","og_image":[{"width":1040,"height":780,"url":"https:\/\/informelitoral.com.ar\/%77%70%2d%63%6f%6e%74%65%6e%74\/uploads\/2021\/05\/185631210_1055334694991773_1231760850627092532_n.jpg","type":"image\/jpeg"}],"author":"Gonzalo Schmidt","twitter_card":"summary_large_image","twitter_creator":"@InformeLitoral","twitter_site":"@InformeLitoral","twitter_misc":{"Escrito por":"Gonzalo Schmidt","Tiempo de lectura":"1 minuto"},"schema":{"@context":"https:\/\/schema.org","@graph":[{"@type":"Article","@id":"https:\/\/informelitoral.com.ar\/mejoraran-el-camino-que-une-aranguren-con-pajonal\/#article","isPartOf":{"@id":"https:\/\/informelitoral.com.ar\/mejoraran-el-camino-que-une-aranguren-con-pajonal\/"},"author":{"name":"Gonzalo Schmidt","@id":"https:\/\/informelitoral.com.ar\/#\/schema\/person\/b9d00407c836482871ef1d57bf8e3180"},"headline":"Mejorar\u00e1n el camino que une Aranguren con Pajonal","datePublished":"2021-05-17T11:01:41+00:00","dateModified":"2021-05-17T11:06:58+00:00","mainEntityOfPage":{"@id":"https:\/\/informelitoral.com.ar\/mejoraran-el-camino-que-une-aranguren-con-pajonal\/"},"wordCount":184,"commentCount":0,"publisher":{"@id":"https:\/\/informelitoral.com.ar\/#organization"},"image":{"@id":"https:\/\/informelitoral.com.ar\/mejoraran-el-camino-que-une-aranguren-con-pajonal\/#primaryimage"},"thumbnailUrl":"https:\/\/informelitoral.com.ar\/%77%70%2d%63%6f%6e%74%65%6e%74\/uploads\/2021\/05\/185631210_1055334694991773_1231760850627092532_n.jpg","keywords":["Aranguren","Gesti\u00f3n","Municipales","Municipalidad de Aranguren","Municipios","Obras viales"],"articleSection":["Entre R\u00edos"],"inLanguage":"es","potentialAction":[{"@type":"CommentAction","name":"Comment","target":["https:\/\/informelitoral.com.ar\/mejoraran-el-camino-que-une-aranguren-con-pajonal\/#respond"]}]},{"@type":"WebPage","@id":"https:\/\/informelitoral.com.ar\/mejoraran-el-camino-que-une-aranguren-con-pajonal\/","url":"https:\/\/informelitoral.com.ar\/mejoraran-el-camino-que-une-aranguren-con-pajonal\/","name":"Mejorar\u00e1n el camino que une Aranguren con Pajonal - Informe Litoral","isPartOf":{"@id":"https:\/\/informelitoral.com.ar\/#website"},"primaryImageOfPage":{"@id":"https:\/\/informelitoral.com.ar\/mejoraran-el-camino-que-une-aranguren-con-pajonal\/#primaryimage"},"image":{"@id":"https:\/\/informelitoral.com.ar\/mejoraran-el-camino-que-une-aranguren-con-pajonal\/#primaryimage"},"thumbnailUrl":"https:\/\/informelitoral.com.ar\/%77%70%2d%63%6f%6e%74%65%6e%74\/uploads\/2021\/05\/185631210_1055334694991773_1231760850627092532_n.jpg","datePublished":"2021-05-17T11:01:41+00:00","dateModified":"2021-05-17T11:06:58+00:00","breadcrumb":{"@id":"https:\/\/informelitoral.com.ar\/mejoraran-el-camino-que-une-aranguren-con-pajonal\/#breadcrumb"},"inLanguage":"es","potentialAction":[{"@type":"ReadAction","target":["https:\/\/informelitoral.com.ar\/mejoraran-el-camino-que-une-aranguren-con-pajonal\/"]}]},{"@type":"ImageObject","inLanguage":"es","@id":"https:\/\/informelitoral.com.ar\/mejoraran-el-camino-que-une-aranguren-con-pajonal\/#primaryimage","url":"https:\/\/informelitoral.com.ar\/%77%70%2d%63%6f%6e%74%65%6e%74\/uploads\/2021\/05\/185631210_1055334694991773_1231760850627092532_n.jpg","contentUrl":"https:\/\/informelitoral.com.ar\/%77%70%2d%63%6f%6e%74%65%6e%74\/uploads\/2021\/05\/185631210_1055334694991773_1231760850627092532_n.jpg","width":1040,"height":780},{"@type":"BreadcrumbList","@id":"https:\/\/informelitoral.com.ar\/mejoraran-el-camino-que-une-aranguren-con-pajonal\/#breadcrumb","itemListElement":[{"@type":"ListItem","position":1,"name":"Portada","item":"https:\/\/informelitoral.com.ar\/"},{"@type":"ListItem","position":2,"name":"Mejorar\u00e1n el camino que une Aranguren con Pajonal"}]},{"@type":"WebSite","@id":"https:\/\/informelitoral.com.ar\/#website","url":"https:\/\/informelitoral.com.ar\/","name":"Informe Litoral","description":"&quot;Nos informamos&quot; ","publisher":{"@id":"https:\/\/informelitoral.com.ar\/#organization"},"potentialAction":[{"@type":"SearchAction","target":{"@type":"EntryPoint","urlTemplate":"https:\/\/informelitoral.com.ar\/?s={search_term_string}"},"query-input":{"@type":"PropertyValueSpecification","valueRequired":true,"valueName":"search_term_string"}}],"inLanguage":"es"},{"@type":"Organization","@id":"https:\/\/informelitoral.com.ar\/#organization","name":"Informe Litoral","url":"https:\/\/informelitoral.com.ar\/","logo":{"@type":"ImageObject","inLanguage":"es","@id":"https:\/\/informelitoral.com.ar\/#\/schema\/logo\/image\/","url":"https:\/\/informelitoral.com.ar\/%77%70%2d%63%6f%6e%74%65%6e%74\/uploads\/2021\/01\/circulo.png","contentUrl":"https:\/\/informelitoral.com.ar\/%77%70%2d%63%6f%6e%74%65%6e%74\/uploads\/2021\/01\/circulo.png","width":723,"height":731,"caption":"Informe Litoral"},"image":{"@id":"https:\/\/informelitoral.com.ar\/#\/schema\/logo\/image\/"},"sameAs":["https:\/\/www.facebook.com\/informelitoral\/","https:\/\/x.com\/InformeLitoral","https:\/\/www.instagram.com\/informelitoral\/","https:\/\/www.youtube.com\/channel\/UCua4Qvz8Icb6MYqhoq9xLXw"]},{"@type":"Person","@id":"https:\/\/informelitoral.com.ar\/#\/schema\/person\/b9d00407c836482871ef1d57bf8e3180","name":"Gonzalo Schmidt","image":{"@type":"ImageObject","inLanguage":"es","@id":"https:\/\/secure.gravatar.com\/avatar\/31a1a7b66ff2de83bd0e9fd79d026630d2d99e55e8bfe501287647b4fd9743de?s=96&d=mm&r=g","url":"https:\/\/secure.gravatar.com\/avatar\/31a1a7b66ff2de83bd0e9fd79d026630d2d99e55e8bfe501287647b4fd9743de?s=96&d=mm&r=g","contentUrl":"https:\/\/secure.gravatar.com\/avatar\/31a1a7b66ff2de83bd0e9fd79d026630d2d99e55e8bfe501287647b4fd9743de?s=96&d=mm&r=g","caption":"Gonzalo Schmidt"},"description":"Sitio web de noticias de la provincia de Entre R\u00edos, Argentina. Informaci\u00f3n y entretenimiento. Informe Litoral, nos informamos.","sameAs":["http:\/\/www.isletasnoticias.com.ar"],"url":"https:\/\/informelitoral.com.ar\/author\/gonzalo\/"}]}},"_links":{"self":[{"href":"https:\/\/informelitoral.com.ar\/%77%70%2d%6a%73%6f%6e\/wp\/v2\/posts\/60029","targetHints":{"allow":["GET"]}}],"collection":[{"href":"https:\/\/informelitoral.com.ar\/%77%70%2d%6a%73%6f%6e\/wp\/v2\/posts"}],"about":[{"href":"https:\/\/informelitoral.com.ar\/%77%70%2d%6a%73%6f%6e\/wp\/v2\/types\/post"}],"author":[{"embeddable":true,"href":"https:\/\/informelitoral.com.ar\/%77%70%2d%6a%73%6f%6e\/wp\/v2\/users\/2"}],"replies":[{"embeddable":true,"href":"https:\/\/informelitoral.com.ar\/%77%70%2d%6a%73%6f%6e\/wp\/v2\/comments?post=60029"}],"version-history":[{"count":0,"href":"https:\/\/informelitoral.com.ar\/%77%70%2d%6a%73%6f%6e\/wp\/v2\/posts\/60029\/revisions"}],"wp:featuredmedia":[{"embeddable":true,"href":"https:\/\/informelitoral.com.ar\/%77%70%2d%6a%73%6f%6e\/wp\/v2\/media\/60031"}],"wp:attachment":[{"href":"https:\/\/informelitoral.com.ar\/%77%70%2d%6a%73%6f%6e\/wp\/v2\/media?parent=60029"}],"wp:term":[{"taxonomy":"category","embeddable":true,"href":"https:\/\/informelitoral.com.ar\/%77%70%2d%6a%73%6f%6e\/wp\/v2\/categories?post=60029"},{"taxonomy":"post_tag","embeddable":true,"href":"https:\/\/informelitoral.com.ar\/%77%70%2d%6a%73%6f%6e\/wp\/v2\/tags?post=60029"}],"curies":[{"name":"wp","href":"https:\/\/api.w.org\/{rel}","templated":true}]}}