{"id":59989,"date":"2021-05-14T21:42:20","date_gmt":"2021-05-15T00:42:20","guid":{"rendered":"https:\/\/www.informelitoral.com.ar\/?p=59989"},"modified":"2021-05-14T21:42:20","modified_gmt":"2021-05-15T00:42:20","slug":"bordet-en-aldea-brasilera-comenzara-la-obra-de-acceso-a-la-localidad","status":"publish","type":"post","link":"https:\/\/informelitoral.com.ar\/bordet-en-aldea-brasilera-comenzara-la-obra-de-acceso-a-la-localidad\/","title":{"rendered":"Bordet en Aldea Brasilera: comenzar\u00e1 la obra de acceso a la localidad"},"content":{"rendered":"<p>\u00abPodemos hacer obras como \u00e9sta porque el presidente Alberto Fern\u00e1ndez nos est\u00e1 financiando otras que hace que se liberen fondos para destinarlos a municipios como Aldea Brasilera y otras aldeas de la zona\u201d, expres\u00f3 hoy el gobernador Gustavo Bordet al firmar el acta de inicio de obra del acceso a esta localidad del departamento Diamante.<\/p>\n<p>El mandatario, junto a la vicegobernadora Laura Stratta, visit\u00f3 este viernes Aldea Brasilera, donde rubric\u00f3 el contrato que permite el inicio de la obra de acceso a esa localidad por avenida Nicol\u00e1s Avellaneda. El proyecto comprende las obras b\u00e1sicas y pavimento en un tramo de un poco m\u00e1s de 800 metros.<\/p>\n<p>\u00abEstar nuevamente en Aldea Brasilera, comenzando esta obra cuyo contrato firmamos hoy, es realmente importante porque al asumir la gesti\u00f3n la hab\u00edamos comprometido y la estamos haciendo\u00bb, dijo el gobernador, junto al intendente de Brasilera, Hugo Ram\u00edrez.<\/p>\n<p>Por otro lado, en referencia a otras obras en Brasilera, destac\u00f3: \u00abRealmente nos alegra mucho el hecho de poder tener definido y terminado el proyecto para licitar en la escuela las aulas y el sal\u00f3n de usos m\u00faltiples, que tambi\u00e9n hab\u00edamos comprometido en la visita anterior; y de poder ir planificando con el intendente distintas obras en este municipio que cambi\u00f3 recientemente de categor\u00eda\u201d.<\/p>\n<p><span style=\"text-align: center;\">Y agreg\u00f3: \u00abEsto nos obliga a seguir trabajando en conjunto, a poder tener otras obras viales como las que tenemos comprometidas sobre la ruta 11, con muchos accesos\u201d, se\u00f1al\u00f3 y mencion\u00f3 entre ellos el acceso a licitar en Aldea Protestante y el de Aldea Spatzenkuter que se est\u00e1 terminando. Afirm\u00f3 que a esto \u00ablo venimos haciendo con fondos que forman parte del Tesoro provincial y se repite en otros lugares de la provincia\u201d.<\/span><\/p>\n<p><span style=\"text-align: center;\">Por otro lado, inform\u00f3 que dialog\u00f3 con el intendente sobre la posibilidad de adquirir un terreno a trav\u00e9s de la provincia para construir viviendas. \u201cEs un pedido que se hab\u00eda hecho porque nunca se pudo lograr realizar un plan de viviendas en Aldea Brasilera, as\u00ed que vamos a disponer de los fondos para comprarlo. Ese es tambi\u00e9n un emprendimiento que vamos a hacer y tiene mucho que ver con el desarrollo integral de la provincia. Hay muchos municipios que hemos creado, Aldea Brasilera es uno de ellos, y esto le da m\u00e1s recursos propios asignados en su presupuesto, como tambi\u00e9n sucede con la creaci\u00f3n de m\u00e1s de 50 comunas en toda la provincia que, adem\u00e1s de presupuesto, les otorga autonom\u00eda para poder generar convenios y recursos propios. Forma parte de ir institucionalizando la provincia en municipios, en comunas y en juntas de gobierno\u201d, dijo Bordet.<\/span><\/p>\n<p>Por \u00faltimo, destac\u00f3 el acuerdo alcanzado el jueves en Buenos Aires con el ministro Katopodis para la construcci\u00f3n de un hospital modular en la ciudad de Santa Elena para atender la pandemia y reforzar el sistema sanitario, el que se suma a los de Col\u00f3n y de Gualeguaych\u00fa.<\/p>\n<p>La obra de acceso, adjudicada a la empresa Paulina Castro Demart\u00edn e Hijos SRL, por un monto de 36.892.765 pesos, se ejecuta a trav\u00e9s de la Direcci\u00f3n Provincial de Vialidad.<\/p>\n<p><span style=\"text-align: center;\">En la actividad, donde estuvieron el ministro de Planeamiento, Marcelo Richard; la titular de la Direcci\u00f3n Provincial de Vialidad, Alicia Ben\u00edtez; y el diputado provincial, Jorge C\u00e1ceres, tambi\u00e9n se entreg\u00f3 la resoluci\u00f3n que autoriza el llamado a licitaci\u00f3n de la obra de desag\u00fces pluviales en calle Alfonsina Storni, y el anteproyecto para las obras de ampliaci\u00f3n de la escuela N\u00ba 9, Justo Jos\u00e9 de Urquiza.<\/span><\/p>\n<figure class=\"wp-block-image size-large\"><img loading=\"lazy\" decoding=\"async\" class=\"wp-image-94673 jetpack-lazy-image jetpack-lazy-image--handled aligncenter\" src=\"https:\/\/i0.wp.com\/www.entremediosweb.com\/v2\/%77%70%2d%63%6f%6e%74%65%6e%74\/uploads\/2021\/05\/1621017520jpg.jpg?resize=708%2C472&amp;ssl=1\" sizes=\"auto, (max-width: 708px) 100vw, 708px\" srcset=\"https:\/\/i0.wp.com\/www.entremediosweb.com\/v2\/%77%70%2d%63%6f%6e%74%65%6e%74\/uploads\/2021\/05\/1621017520jpg.jpg?resize=1024%2C683&amp;ssl=1 1024w, https:\/\/i0.wp.com\/www.entremediosweb.com\/v2\/%77%70%2d%63%6f%6e%74%65%6e%74\/uploads\/2021\/05\/1621017520jpg.jpg?resize=300%2C200&amp;ssl=1 300w, https:\/\/i0.wp.com\/www.entremediosweb.com\/v2\/%77%70%2d%63%6f%6e%74%65%6e%74\/uploads\/2021\/05\/1621017520jpg.jpg?resize=768%2C512&amp;ssl=1 768w, https:\/\/i0.wp.com\/www.entremediosweb.com\/v2\/%77%70%2d%63%6f%6e%74%65%6e%74\/uploads\/2021\/05\/1621017520jpg.jpg?resize=1536%2C1024&amp;ssl=1 1536w, https:\/\/i0.wp.com\/www.entremediosweb.com\/v2\/%77%70%2d%63%6f%6e%74%65%6e%74\/uploads\/2021\/05\/1621017520jpg.jpg?w=1920&amp;ssl=1 1920w, https:\/\/i0.wp.com\/www.entremediosweb.com\/v2\/%77%70%2d%63%6f%6e%74%65%6e%74\/uploads\/2021\/05\/1621017520jpg.jpg?w=1416&amp;ssl=1 1416w\" alt=\"\" width=\"708\" height=\"472\" data-attachment-id=\"94673\" data-permalink=\"https:\/\/www.entremediosweb.com\/v2\/bordet-en-aldea-brasilera-comenzara-la-obra-de-acceso-a-la-localidad\/1621017520jpg\/\" data-orig-file=\"https:\/\/i0.wp.com\/www.entremediosweb.com\/v2\/%77%70%2d%63%6f%6e%74%65%6e%74\/uploads\/2021\/05\/1621017520jpg.jpg?fit=1920%2C1280&amp;ssl=1\" data-orig-size=\"1920,1280\" data-comments-opened=\"0\" data-image-meta=\"{&quot;aperture&quot;:&quot;5.6&quot;,&quot;credit&quot;:&quot;&quot;,&quot;camera&quot;:&quot;NIKON D810&quot;,&quot;caption&quot;:&quot;&quot;,&quot;created_timestamp&quot;:&quot;1620999509&quot;,&quot;copyright&quot;:&quot;&quot;,&quot;focal_length&quot;:&quot;16&quot;,&quot;iso&quot;:&quot;100&quot;,&quot;shutter_speed&quot;:&quot;0.004&quot;,&quot;title&quot;:&quot;&quot;,&quot;orientation&quot;:&quot;1&quot;}\" data-image-title=\"1621017520jpg\" data-image-description=\"\" data-medium-file=\"https:\/\/i0.wp.com\/www.entremediosweb.com\/v2\/%77%70%2d%63%6f%6e%74%65%6e%74\/uploads\/2021\/05\/1621017520jpg.jpg?fit=300%2C200&amp;ssl=1\" data-large-file=\"https:\/\/i0.wp.com\/www.entremediosweb.com\/v2\/%77%70%2d%63%6f%6e%74%65%6e%74\/uploads\/2021\/05\/1621017520jpg.jpg?fit=708%2C472&amp;ssl=1\" data-recalc-dims=\"1\" data-lazy-loaded=\"1\" \/><\/figure>\n<h4><strong>Agradecimiento<\/strong><\/h4>\n<p>Por su parte, el intendente de Aldea Brasilera, Hugo Ram\u00edrez, le agradeci\u00f3 al gobernador Gustavo Bordet, a la vicegobernadora Laura Stratta y a los funcionarios presentes por visitar esa localidad. \u00abEs un orgullo que en poco m\u00e1s de tres meses nos haya visitado dos veces: una para la licitaci\u00f3n de la obra y ahora para firmar el contrato, adem\u00e1s de traernos la resoluci\u00f3n del llamado a otra licitaci\u00f3n y un anteproyecto para la escuela\u00bb, expres\u00f3 el jefe comunal, y reiter\u00f3 el agradecimiento a las autoridades del gobierno provincial \u201cpor todo lo que aportan y ayudan a Aldea Brasilera\u00bb.<\/p>\n<p>En el acto, el gobernador hizo entrega del proyecto ejecutivo para la construcci\u00f3n de dos aulas, n\u00facleo sanitario y biblioteca en la escuela N\u00ba 9 Brigadier General Justo Jos\u00e9 de Urquiza, por un monto estimativo de 32.492.090 pesos. En esa instituci\u00f3n se encuentran en ejecuci\u00f3n las nuevas \u00e1reas de cocina, despensa, comedor y galer\u00eda, que cuenta con un monto de inversi\u00f3n de m\u00e1s de 10.400.000 pesos.<\/p>\n<h4><strong>Detalles de la obra<\/strong><\/h4>\n<p>El proyecto para el acceso a Aldea Brasilera contempla la construcci\u00f3n de la calzada pavimentada sobre Avenida Nicol\u00e1s Avellaneda, en el tramo comprendido entre calle Corrientes hasta la zona del cementerio, en una longitud total de de 833 metros.<\/p>\n<p>El trazado es recto y coincide con el camino existente que est\u00e1 conformado, en un tramo, por una calzada pavimentada con cordones cuneta, sobre ambos lados, mientras que otro tramo est\u00e1 conformado por una calzada de suelo calc\u00e1reo sin cordones cuneta.<\/p>\n<p>En el tramo inicial la cota de rasante se ver\u00e1 definida seg\u00fan la posici\u00f3n del cord\u00f3n cuneta existente. All\u00ed se ejecutar\u00e1n trabajos de fresado y compactaci\u00f3n de la base existente, y posteriormente se prev\u00e9 la ejecuci\u00f3n de la base y la carpeta de material asf\u00e1ltico.<\/p>\n<figure class=\"wp-block-image size-large\"><img loading=\"lazy\" decoding=\"async\" class=\"wp-image-94675 jetpack-lazy-image jetpack-lazy-image--handled aligncenter\" src=\"https:\/\/i0.wp.com\/www.entremediosweb.com\/v2\/%77%70%2d%63%6f%6e%74%65%6e%74\/uploads\/2021\/05\/1621017493jpg-copia-1.jpg?resize=708%2C472&amp;ssl=1\" sizes=\"auto, (max-width: 708px) 100vw, 708px\" srcset=\"https:\/\/i0.wp.com\/www.entremediosweb.com\/v2\/%77%70%2d%63%6f%6e%74%65%6e%74\/uploads\/2021\/05\/1621017493jpg-copia-1.jpg?resize=1024%2C683&amp;ssl=1 1024w, https:\/\/i0.wp.com\/www.entremediosweb.com\/v2\/%77%70%2d%63%6f%6e%74%65%6e%74\/uploads\/2021\/05\/1621017493jpg-copia-1.jpg?resize=300%2C200&amp;ssl=1 300w, https:\/\/i0.wp.com\/www.entremediosweb.com\/v2\/%77%70%2d%63%6f%6e%74%65%6e%74\/uploads\/2021\/05\/1621017493jpg-copia-1.jpg?resize=768%2C512&amp;ssl=1 768w, https:\/\/i0.wp.com\/www.entremediosweb.com\/v2\/%77%70%2d%63%6f%6e%74%65%6e%74\/uploads\/2021\/05\/1621017493jpg-copia-1.jpg?resize=1536%2C1024&amp;ssl=1 1536w, https:\/\/i0.wp.com\/www.entremediosweb.com\/v2\/%77%70%2d%63%6f%6e%74%65%6e%74\/uploads\/2021\/05\/1621017493jpg-copia-1.jpg?w=1920&amp;ssl=1 1920w, https:\/\/i0.wp.com\/www.entremediosweb.com\/v2\/%77%70%2d%63%6f%6e%74%65%6e%74\/uploads\/2021\/05\/1621017493jpg-copia-1.jpg?w=1416&amp;ssl=1 1416w\" alt=\"\" width=\"708\" height=\"472\" data-attachment-id=\"94675\" data-permalink=\"https:\/\/www.entremediosweb.com\/v2\/bordet-en-aldea-brasilera-comenzara-la-obra-de-acceso-a-la-localidad\/1621017493jpg-copia-1\/\" data-orig-file=\"https:\/\/i0.wp.com\/www.entremediosweb.com\/v2\/%77%70%2d%63%6f%6e%74%65%6e%74\/uploads\/2021\/05\/1621017493jpg-copia-1.jpg?fit=1920%2C1280&amp;ssl=1\" data-orig-size=\"1920,1280\" data-comments-opened=\"0\" data-image-meta=\"{&quot;aperture&quot;:&quot;9.5&quot;,&quot;credit&quot;:&quot;&quot;,&quot;camera&quot;:&quot;NIKON D810&quot;,&quot;caption&quot;:&quot;&quot;,&quot;created_timestamp&quot;:&quot;1621001575&quot;,&quot;copyright&quot;:&quot;&quot;,&quot;focal_length&quot;:&quot;15&quot;,&quot;iso&quot;:&quot;100&quot;,&quot;shutter_speed&quot;:&quot;0.004&quot;,&quot;title&quot;:&quot;&quot;,&quot;orientation&quot;:&quot;1&quot;}\" data-image-title=\"1621017493jpg-copia-1\" data-image-description=\"\" data-medium-file=\"https:\/\/i0.wp.com\/www.entremediosweb.com\/v2\/%77%70%2d%63%6f%6e%74%65%6e%74\/uploads\/2021\/05\/1621017493jpg-copia-1.jpg?fit=300%2C200&amp;ssl=1\" data-large-file=\"https:\/\/i0.wp.com\/www.entremediosweb.com\/v2\/%77%70%2d%63%6f%6e%74%65%6e%74\/uploads\/2021\/05\/1621017493jpg-copia-1.jpg?fit=708%2C472&amp;ssl=1\" data-recalc-dims=\"1\" data-lazy-loaded=\"1\" \/><\/figure>\n<p>Para el segundo tramo la cota actual de la rasante var\u00eda seg\u00fan las condiciones del proyecto. El paquete estructural a construir est\u00e1 constituido por carpeta y base de material asf\u00e1ltico sobre una base de suelo calc\u00e1reo, una sub base conformada por una capa de suelo calc\u00e1reo existente y la ejecuci\u00f3n de cordones cuneta a ambos lados. Esta estructura ser\u00e1 apoyada sobre una subrasante de suelo existente mejorada con un porcentaje de cal.<\/p>\n<p>Adem\u00e1s, se prev\u00e9 mejorar las condiciones de escurrimiento superficial mediante la reconstrucci\u00f3n de los badenes existentes que se encuentran en mal estado, la reparaci\u00f3n de cordones cunetas deteriorados y la construcci\u00f3n de desag\u00fces de hormig\u00f3n.<br \/>\nTambi\u00e9n se incluye la se\u00f1alizaci\u00f3n horizontal correspondiente para brindar una adecuada seguridad en la circulaci\u00f3n vehicular.<\/p>\n<p>Finalmente, el gobernador y funcionarios recorrieron obras en esa localidad.<\/p>\n","protected":false},"excerpt":{"rendered":"<p>El gobernador valor\u00f3 el apoyo del Gobierno Nacional para poder concretar trabajos en ciudades de la provincia.<\/p>\n","protected":false},"author":2,"featured_media":59990,"comment_status":"open","ping_status":"open","sticky":false,"template":"","format":"standard","meta":{"fifu_image_url":"","fifu_image_alt":"","footnotes":""},"categories":[5,16],"tags":[199,167,283,316,107],"class_list":{"0":"post-59989","1":"post","2":"type-post","3":"status-publish","4":"format-standard","5":"has-post-thumbnail","7":"category-zonales","8":"category-politi","9":"tag-aldea-brasilera","10":"tag-gustavo-bordet","11":"tag-obras","12":"tag-obras-publicas","13":"tag-obras-viales"},"yoast_head":"<title>Bordet en Aldea Brasilera: comenzar\u00e1 la obra de acceso a la localidad - Informe Litoral<\/title>\n<meta name=\"robots\" content=\"index, follow, max-snippet:-1, max-image-preview:large, max-video-preview:-1\" \/>\n<link rel=\"canonical\" href=\"https:\/\/informelitoral.com.ar\/bordet-en-aldea-brasilera-comenzara-la-obra-de-acceso-a-la-localidad\/\" \/>\n<meta property=\"og:locale\" content=\"es_ES\" \/>\n<meta property=\"og:type\" content=\"article\" \/>\n<meta property=\"og:title\" content=\"Bordet en Aldea Brasilera: comenzar\u00e1 la obra de acceso a la localidad - Informe Litoral\" \/>\n<meta property=\"og:description\" content=\"El gobernador valor\u00f3 el apoyo del Gobierno Nacional para poder concretar trabajos en ciudades de la provincia.\" \/>\n<meta property=\"og:url\" content=\"https:\/\/informelitoral.com.ar\/bordet-en-aldea-brasilera-comenzara-la-obra-de-acceso-a-la-localidad\/\" \/>\n<meta property=\"og:site_name\" content=\"Informe Litoral\" \/>\n<meta property=\"article:publisher\" content=\"https:\/\/www.facebook.com\/informelitoral\/\" \/>\n<meta property=\"article:published_time\" content=\"2021-05-15T00:42:20+00:00\" \/>\n<meta property=\"og:image\" content=\"https:\/\/informelitoral.com.ar\/%77%70%2d%63%6f%6e%74%65%6e%74\/uploads\/2021\/05\/1621017718jpg.jpg\" \/>\n\t<meta property=\"og:image:width\" content=\"780\" \/>\n\t<meta property=\"og:image:height\" content=\"470\" \/>\n\t<meta property=\"og:image:type\" content=\"image\/jpeg\" \/>\n<meta name=\"author\" content=\"Gonzalo Schmidt\" \/>\n<meta name=\"twitter:card\" content=\"summary_large_image\" \/>\n<meta name=\"twitter:creator\" content=\"@InformeLitoral\" \/>\n<meta name=\"twitter:site\" content=\"@InformeLitoral\" \/>\n<meta name=\"twitter:label1\" content=\"Escrito por\" \/>\n\t<meta name=\"twitter:data1\" content=\"Gonzalo Schmidt\" \/>\n\t<meta name=\"twitter:label2\" content=\"Tiempo de lectura\" \/>\n\t<meta name=\"twitter:data2\" content=\"5 minutos\" \/>\n<script type=\"application\/ld+json\" class=\"yoast-schema-graph\">{\"@context\":\"https:\\\/\\\/schema.org\",\"@graph\":[{\"@type\":\"Article\",\"@id\":\"https:\\\/\\\/informelitoral.com.ar\\\/bordet-en-aldea-brasilera-comenzara-la-obra-de-acceso-a-la-localidad\\\/#article\",\"isPartOf\":{\"@id\":\"https:\\\/\\\/informelitoral.com.ar\\\/bordet-en-aldea-brasilera-comenzara-la-obra-de-acceso-a-la-localidad\\\/\"},\"author\":{\"name\":\"Gonzalo Schmidt\",\"@id\":\"https:\\\/\\\/informelitoral.com.ar\\\/#\\\/schema\\\/person\\\/b9d00407c836482871ef1d57bf8e3180\"},\"headline\":\"Bordet en Aldea Brasilera: comenzar\u00e1 la obra de acceso a la localidad\",\"datePublished\":\"2021-05-15T00:42:20+00:00\",\"mainEntityOfPage\":{\"@id\":\"https:\\\/\\\/informelitoral.com.ar\\\/bordet-en-aldea-brasilera-comenzara-la-obra-de-acceso-a-la-localidad\\\/\"},\"wordCount\":1072,\"commentCount\":0,\"publisher\":{\"@id\":\"https:\\\/\\\/informelitoral.com.ar\\\/#organization\"},\"image\":{\"@id\":\"https:\\\/\\\/informelitoral.com.ar\\\/bordet-en-aldea-brasilera-comenzara-la-obra-de-acceso-a-la-localidad\\\/#primaryimage\"},\"thumbnailUrl\":\"https:\\\/\\\/informelitoral.com.ar\\\/%77%70%2d%63%6f%6e%74%65%6e%74\\\/uploads\\\/2021\\\/05\\\/1621017718jpg.jpg\",\"keywords\":[\"Aldea Brasilera\",\"Gustavo Bordet\",\"Obras\",\"Obras p\u00fablicas\",\"Obras viales\"],\"articleSection\":[\"Departamento Diamante\",\"Politica\"],\"inLanguage\":\"es\",\"potentialAction\":[{\"@type\":\"CommentAction\",\"name\":\"Comment\",\"target\":[\"https:\\\/\\\/informelitoral.com.ar\\\/bordet-en-aldea-brasilera-comenzara-la-obra-de-acceso-a-la-localidad\\\/#respond\"]}]},{\"@type\":\"WebPage\",\"@id\":\"https:\\\/\\\/informelitoral.com.ar\\\/bordet-en-aldea-brasilera-comenzara-la-obra-de-acceso-a-la-localidad\\\/\",\"url\":\"https:\\\/\\\/informelitoral.com.ar\\\/bordet-en-aldea-brasilera-comenzara-la-obra-de-acceso-a-la-localidad\\\/\",\"name\":\"Bordet en Aldea Brasilera: comenzar\u00e1 la obra de acceso a la localidad - Informe Litoral\",\"isPartOf\":{\"@id\":\"https:\\\/\\\/informelitoral.com.ar\\\/#website\"},\"primaryImageOfPage\":{\"@id\":\"https:\\\/\\\/informelitoral.com.ar\\\/bordet-en-aldea-brasilera-comenzara-la-obra-de-acceso-a-la-localidad\\\/#primaryimage\"},\"image\":{\"@id\":\"https:\\\/\\\/informelitoral.com.ar\\\/bordet-en-aldea-brasilera-comenzara-la-obra-de-acceso-a-la-localidad\\\/#primaryimage\"},\"thumbnailUrl\":\"https:\\\/\\\/informelitoral.com.ar\\\/%77%70%2d%63%6f%6e%74%65%6e%74\\\/uploads\\\/2021\\\/05\\\/1621017718jpg.jpg\",\"datePublished\":\"2021-05-15T00:42:20+00:00\",\"breadcrumb\":{\"@id\":\"https:\\\/\\\/informelitoral.com.ar\\\/bordet-en-aldea-brasilera-comenzara-la-obra-de-acceso-a-la-localidad\\\/#breadcrumb\"},\"inLanguage\":\"es\",\"potentialAction\":[{\"@type\":\"ReadAction\",\"target\":[\"https:\\\/\\\/informelitoral.com.ar\\\/bordet-en-aldea-brasilera-comenzara-la-obra-de-acceso-a-la-localidad\\\/\"]}]},{\"@type\":\"ImageObject\",\"inLanguage\":\"es\",\"@id\":\"https:\\\/\\\/informelitoral.com.ar\\\/bordet-en-aldea-brasilera-comenzara-la-obra-de-acceso-a-la-localidad\\\/#primaryimage\",\"url\":\"https:\\\/\\\/informelitoral.com.ar\\\/%77%70%2d%63%6f%6e%74%65%6e%74\\\/uploads\\\/2021\\\/05\\\/1621017718jpg.jpg\",\"contentUrl\":\"https:\\\/\\\/informelitoral.com.ar\\\/%77%70%2d%63%6f%6e%74%65%6e%74\\\/uploads\\\/2021\\\/05\\\/1621017718jpg.jpg\",\"width\":780,\"height\":470},{\"@type\":\"BreadcrumbList\",\"@id\":\"https:\\\/\\\/informelitoral.com.ar\\\/bordet-en-aldea-brasilera-comenzara-la-obra-de-acceso-a-la-localidad\\\/#breadcrumb\",\"itemListElement\":[{\"@type\":\"ListItem\",\"position\":1,\"name\":\"Portada\",\"item\":\"https:\\\/\\\/informelitoral.com.ar\\\/\"},{\"@type\":\"ListItem\",\"position\":2,\"name\":\"Bordet en Aldea Brasilera: comenzar\u00e1 la obra de acceso a la localidad\"}]},{\"@type\":\"WebSite\",\"@id\":\"https:\\\/\\\/informelitoral.com.ar\\\/#website\",\"url\":\"https:\\\/\\\/informelitoral.com.ar\\\/\",\"name\":\"Informe Litoral\",\"description\":\"&quot;Nos informamos&quot; \",\"publisher\":{\"@id\":\"https:\\\/\\\/informelitoral.com.ar\\\/#organization\"},\"potentialAction\":[{\"@type\":\"SearchAction\",\"target\":{\"@type\":\"EntryPoint\",\"urlTemplate\":\"https:\\\/\\\/informelitoral.com.ar\\\/?s={search_term_string}\"},\"query-input\":{\"@type\":\"PropertyValueSpecification\",\"valueRequired\":true,\"valueName\":\"search_term_string\"}}],\"inLanguage\":\"es\"},{\"@type\":\"Organization\",\"@id\":\"https:\\\/\\\/informelitoral.com.ar\\\/#organization\",\"name\":\"Informe Litoral\",\"url\":\"https:\\\/\\\/informelitoral.com.ar\\\/\",\"logo\":{\"@type\":\"ImageObject\",\"inLanguage\":\"es\",\"@id\":\"https:\\\/\\\/informelitoral.com.ar\\\/#\\\/schema\\\/logo\\\/image\\\/\",\"url\":\"https:\\\/\\\/informelitoral.com.ar\\\/%77%70%2d%63%6f%6e%74%65%6e%74\\\/uploads\\\/2021\\\/01\\\/circulo.png\",\"contentUrl\":\"https:\\\/\\\/informelitoral.com.ar\\\/%77%70%2d%63%6f%6e%74%65%6e%74\\\/uploads\\\/2021\\\/01\\\/circulo.png\",\"width\":723,\"height\":731,\"caption\":\"Informe Litoral\"},\"image\":{\"@id\":\"https:\\\/\\\/informelitoral.com.ar\\\/#\\\/schema\\\/logo\\\/image\\\/\"},\"sameAs\":[\"https:\\\/\\\/www.facebook.com\\\/informelitoral\\\/\",\"https:\\\/\\\/x.com\\\/InformeLitoral\",\"https:\\\/\\\/www.instagram.com\\\/informelitoral\\\/\",\"https:\\\/\\\/www.youtube.com\\\/channel\\\/UCua4Qvz8Icb6MYqhoq9xLXw\"]},{\"@type\":\"Person\",\"@id\":\"https:\\\/\\\/informelitoral.com.ar\\\/#\\\/schema\\\/person\\\/b9d00407c836482871ef1d57bf8e3180\",\"name\":\"Gonzalo Schmidt\",\"image\":{\"@type\":\"ImageObject\",\"inLanguage\":\"es\",\"@id\":\"https:\\\/\\\/secure.gravatar.com\\\/avatar\\\/31a1a7b66ff2de83bd0e9fd79d026630d2d99e55e8bfe501287647b4fd9743de?s=96&d=mm&r=g\",\"url\":\"https:\\\/\\\/secure.gravatar.com\\\/avatar\\\/31a1a7b66ff2de83bd0e9fd79d026630d2d99e55e8bfe501287647b4fd9743de?s=96&d=mm&r=g\",\"contentUrl\":\"https:\\\/\\\/secure.gravatar.com\\\/avatar\\\/31a1a7b66ff2de83bd0e9fd79d026630d2d99e55e8bfe501287647b4fd9743de?s=96&d=mm&r=g\",\"caption\":\"Gonzalo Schmidt\"},\"description\":\"Sitio web de noticias de la provincia de Entre R\u00edos, Argentina. Informaci\u00f3n y entretenimiento. Informe Litoral, nos informamos.\",\"sameAs\":[\"http:\\\/\\\/www.isletasnoticias.com.ar\"],\"url\":\"https:\\\/\\\/informelitoral.com.ar\\\/author\\\/gonzalo\\\/\"}]}<\/script>","yoast_head_json":{"title":"Bordet en Aldea Brasilera: comenzar\u00e1 la obra de acceso a la localidad - Informe Litoral","robots":{"index":"index","follow":"follow","max-snippet":"max-snippet:-1","max-image-preview":"max-image-preview:large","max-video-preview":"max-video-preview:-1"},"canonical":"https:\/\/informelitoral.com.ar\/bordet-en-aldea-brasilera-comenzara-la-obra-de-acceso-a-la-localidad\/","og_locale":"es_ES","og_type":"article","og_title":"Bordet en Aldea Brasilera: comenzar\u00e1 la obra de acceso a la localidad - Informe Litoral","og_description":"El gobernador valor\u00f3 el apoyo del Gobierno Nacional para poder concretar trabajos en ciudades de la provincia.","og_url":"https:\/\/informelitoral.com.ar\/bordet-en-aldea-brasilera-comenzara-la-obra-de-acceso-a-la-localidad\/","og_site_name":"Informe Litoral","article_publisher":"https:\/\/www.facebook.com\/informelitoral\/","article_published_time":"2021-05-15T00:42:20+00:00","og_image":[{"width":780,"height":470,"url":"https:\/\/informelitoral.com.ar\/%77%70%2d%63%6f%6e%74%65%6e%74\/uploads\/2021\/05\/1621017718jpg.jpg","type":"image\/jpeg"}],"author":"Gonzalo Schmidt","twitter_card":"summary_large_image","twitter_creator":"@InformeLitoral","twitter_site":"@InformeLitoral","twitter_misc":{"Escrito por":"Gonzalo Schmidt","Tiempo de lectura":"5 minutos"},"schema":{"@context":"https:\/\/schema.org","@graph":[{"@type":"Article","@id":"https:\/\/informelitoral.com.ar\/bordet-en-aldea-brasilera-comenzara-la-obra-de-acceso-a-la-localidad\/#article","isPartOf":{"@id":"https:\/\/informelitoral.com.ar\/bordet-en-aldea-brasilera-comenzara-la-obra-de-acceso-a-la-localidad\/"},"author":{"name":"Gonzalo Schmidt","@id":"https:\/\/informelitoral.com.ar\/#\/schema\/person\/b9d00407c836482871ef1d57bf8e3180"},"headline":"Bordet en Aldea Brasilera: comenzar\u00e1 la obra de acceso a la localidad","datePublished":"2021-05-15T00:42:20+00:00","mainEntityOfPage":{"@id":"https:\/\/informelitoral.com.ar\/bordet-en-aldea-brasilera-comenzara-la-obra-de-acceso-a-la-localidad\/"},"wordCount":1072,"commentCount":0,"publisher":{"@id":"https:\/\/informelitoral.com.ar\/#organization"},"image":{"@id":"https:\/\/informelitoral.com.ar\/bordet-en-aldea-brasilera-comenzara-la-obra-de-acceso-a-la-localidad\/#primaryimage"},"thumbnailUrl":"https:\/\/informelitoral.com.ar\/%77%70%2d%63%6f%6e%74%65%6e%74\/uploads\/2021\/05\/1621017718jpg.jpg","keywords":["Aldea Brasilera","Gustavo Bordet","Obras","Obras p\u00fablicas","Obras viales"],"articleSection":["Departamento Diamante","Politica"],"inLanguage":"es","potentialAction":[{"@type":"CommentAction","name":"Comment","target":["https:\/\/informelitoral.com.ar\/bordet-en-aldea-brasilera-comenzara-la-obra-de-acceso-a-la-localidad\/#respond"]}]},{"@type":"WebPage","@id":"https:\/\/informelitoral.com.ar\/bordet-en-aldea-brasilera-comenzara-la-obra-de-acceso-a-la-localidad\/","url":"https:\/\/informelitoral.com.ar\/bordet-en-aldea-brasilera-comenzara-la-obra-de-acceso-a-la-localidad\/","name":"Bordet en Aldea Brasilera: comenzar\u00e1 la obra de acceso a la localidad - Informe Litoral","isPartOf":{"@id":"https:\/\/informelitoral.com.ar\/#website"},"primaryImageOfPage":{"@id":"https:\/\/informelitoral.com.ar\/bordet-en-aldea-brasilera-comenzara-la-obra-de-acceso-a-la-localidad\/#primaryimage"},"image":{"@id":"https:\/\/informelitoral.com.ar\/bordet-en-aldea-brasilera-comenzara-la-obra-de-acceso-a-la-localidad\/#primaryimage"},"thumbnailUrl":"https:\/\/informelitoral.com.ar\/%77%70%2d%63%6f%6e%74%65%6e%74\/uploads\/2021\/05\/1621017718jpg.jpg","datePublished":"2021-05-15T00:42:20+00:00","breadcrumb":{"@id":"https:\/\/informelitoral.com.ar\/bordet-en-aldea-brasilera-comenzara-la-obra-de-acceso-a-la-localidad\/#breadcrumb"},"inLanguage":"es","potentialAction":[{"@type":"ReadAction","target":["https:\/\/informelitoral.com.ar\/bordet-en-aldea-brasilera-comenzara-la-obra-de-acceso-a-la-localidad\/"]}]},{"@type":"ImageObject","inLanguage":"es","@id":"https:\/\/informelitoral.com.ar\/bordet-en-aldea-brasilera-comenzara-la-obra-de-acceso-a-la-localidad\/#primaryimage","url":"https:\/\/informelitoral.com.ar\/%77%70%2d%63%6f%6e%74%65%6e%74\/uploads\/2021\/05\/1621017718jpg.jpg","contentUrl":"https:\/\/informelitoral.com.ar\/%77%70%2d%63%6f%6e%74%65%6e%74\/uploads\/2021\/05\/1621017718jpg.jpg","width":780,"height":470},{"@type":"BreadcrumbList","@id":"https:\/\/informelitoral.com.ar\/bordet-en-aldea-brasilera-comenzara-la-obra-de-acceso-a-la-localidad\/#breadcrumb","itemListElement":[{"@type":"ListItem","position":1,"name":"Portada","item":"https:\/\/informelitoral.com.ar\/"},{"@type":"ListItem","position":2,"name":"Bordet en Aldea Brasilera: comenzar\u00e1 la obra de acceso a la localidad"}]},{"@type":"WebSite","@id":"https:\/\/informelitoral.com.ar\/#website","url":"https:\/\/informelitoral.com.ar\/","name":"Informe Litoral","description":"&quot;Nos informamos&quot; ","publisher":{"@id":"https:\/\/informelitoral.com.ar\/#organization"},"potentialAction":[{"@type":"SearchAction","target":{"@type":"EntryPoint","urlTemplate":"https:\/\/informelitoral.com.ar\/?s={search_term_string}"},"query-input":{"@type":"PropertyValueSpecification","valueRequired":true,"valueName":"search_term_string"}}],"inLanguage":"es"},{"@type":"Organization","@id":"https:\/\/informelitoral.com.ar\/#organization","name":"Informe Litoral","url":"https:\/\/informelitoral.com.ar\/","logo":{"@type":"ImageObject","inLanguage":"es","@id":"https:\/\/informelitoral.com.ar\/#\/schema\/logo\/image\/","url":"https:\/\/informelitoral.com.ar\/%77%70%2d%63%6f%6e%74%65%6e%74\/uploads\/2021\/01\/circulo.png","contentUrl":"https:\/\/informelitoral.com.ar\/%77%70%2d%63%6f%6e%74%65%6e%74\/uploads\/2021\/01\/circulo.png","width":723,"height":731,"caption":"Informe Litoral"},"image":{"@id":"https:\/\/informelitoral.com.ar\/#\/schema\/logo\/image\/"},"sameAs":["https:\/\/www.facebook.com\/informelitoral\/","https:\/\/x.com\/InformeLitoral","https:\/\/www.instagram.com\/informelitoral\/","https:\/\/www.youtube.com\/channel\/UCua4Qvz8Icb6MYqhoq9xLXw"]},{"@type":"Person","@id":"https:\/\/informelitoral.com.ar\/#\/schema\/person\/b9d00407c836482871ef1d57bf8e3180","name":"Gonzalo Schmidt","image":{"@type":"ImageObject","inLanguage":"es","@id":"https:\/\/secure.gravatar.com\/avatar\/31a1a7b66ff2de83bd0e9fd79d026630d2d99e55e8bfe501287647b4fd9743de?s=96&d=mm&r=g","url":"https:\/\/secure.gravatar.com\/avatar\/31a1a7b66ff2de83bd0e9fd79d026630d2d99e55e8bfe501287647b4fd9743de?s=96&d=mm&r=g","contentUrl":"https:\/\/secure.gravatar.com\/avatar\/31a1a7b66ff2de83bd0e9fd79d026630d2d99e55e8bfe501287647b4fd9743de?s=96&d=mm&r=g","caption":"Gonzalo Schmidt"},"description":"Sitio web de noticias de la provincia de Entre R\u00edos, Argentina. Informaci\u00f3n y entretenimiento. Informe Litoral, nos informamos.","sameAs":["http:\/\/www.isletasnoticias.com.ar"],"url":"https:\/\/informelitoral.com.ar\/author\/gonzalo\/"}]}},"_links":{"self":[{"href":"https:\/\/informelitoral.com.ar\/%77%70%2d%6a%73%6f%6e\/wp\/v2\/posts\/59989","targetHints":{"allow":["GET"]}}],"collection":[{"href":"https:\/\/informelitoral.com.ar\/%77%70%2d%6a%73%6f%6e\/wp\/v2\/posts"}],"about":[{"href":"https:\/\/informelitoral.com.ar\/%77%70%2d%6a%73%6f%6e\/wp\/v2\/types\/post"}],"author":[{"embeddable":true,"href":"https:\/\/informelitoral.com.ar\/%77%70%2d%6a%73%6f%6e\/wp\/v2\/users\/2"}],"replies":[{"embeddable":true,"href":"https:\/\/informelitoral.com.ar\/%77%70%2d%6a%73%6f%6e\/wp\/v2\/comments?post=59989"}],"version-history":[{"count":0,"href":"https:\/\/informelitoral.com.ar\/%77%70%2d%6a%73%6f%6e\/wp\/v2\/posts\/59989\/revisions"}],"wp:featuredmedia":[{"embeddable":true,"href":"https:\/\/informelitoral.com.ar\/%77%70%2d%6a%73%6f%6e\/wp\/v2\/media\/59990"}],"wp:attachment":[{"href":"https:\/\/informelitoral.com.ar\/%77%70%2d%6a%73%6f%6e\/wp\/v2\/media?parent=59989"}],"wp:term":[{"taxonomy":"category","embeddable":true,"href":"https:\/\/informelitoral.com.ar\/%77%70%2d%6a%73%6f%6e\/wp\/v2\/categories?post=59989"},{"taxonomy":"post_tag","embeddable":true,"href":"https:\/\/informelitoral.com.ar\/%77%70%2d%6a%73%6f%6e\/wp\/v2\/tags?post=59989"}],"curies":[{"name":"wp","href":"https:\/\/api.w.org\/{rel}","templated":true}]}}