{"id":59986,"date":"2021-05-14T21:29:53","date_gmt":"2021-05-15T00:29:53","guid":{"rendered":"https:\/\/www.informelitoral.com.ar\/?p=59986"},"modified":"2021-05-14T21:29:53","modified_gmt":"2021-05-15T00:29:53","slug":"se-compro-un-128-y-la-foto-se-hizo-viral","status":"publish","type":"post","link":"https:\/\/informelitoral.com.ar\/se-compro-un-128-y-la-foto-se-hizo-viral\/","title":{"rendered":"Se compr\u00f3 un 128 y la foto se hizo viral"},"content":{"rendered":"<section class=\"detail-body first-paragraph\">\n<section id=\"note-body\" class=\"body-content note-body content-protected-false\" data-twitter-link=\"https:\/\/twitter.com\/intent\/tweet?url=https:\/\/www.minutouno.com\/c5192655&amp;v\u00eda=Ambitocom&amp;related=MinutoUno&amp;text=\">Unos meses antes de cumplir 22 a\u00f1os Luly Basile cumpli\u00f3 su sue\u00f1o de adquirir un\u00a0Fiat\u00a0128 Super Europa. No fue f\u00e1cil, pero\u00a0<strong>cuando lo logr\u00f3 la joven comparti\u00f3 en Twitter una foto de su nuevo auto desde su casa en Ituzaing\u00f3, provincia de Buenos Aires<\/strong>.<\/p>\n<\/section>\n<\/section>\n<section class=\"detail-body second-paragraph\">\n<section class=\"body-content note-body content-protected-false\">\u00abCon esfuerzo y dedicaci\u00f3n todo llega. Bienvenido\u00bb, escribi\u00f3 Luly en Twitter el 8 de mayo pasado. La foto no tard\u00f3 en volverse\u00a0<strong>viral<\/strong>\u00a0y le llegaron desde felicitaciones hasta cr\u00edticas sobre su supuesta \u00abpobreza\u00bb por el auto que hab\u00eda elegido, que es del a\u00f1o 1989.<\/p>\n<blockquote class=\"twitter-tweet\" data-width=\"550\" data-dnt=\"true\">\n<p lang=\"es\" dir=\"ltr\">Con esfuerzo y dedicaci\u00f3n todo llega. Bienvenido \u2764\ufe0f <a href=\"https:\/\/t.co\/YHURirhxwb\">pic.twitter.com\/YHURirhxwb<\/a><\/p>\n<p>&mdash; \u269c\ufe0f???? \u269c\ufe0f (@luly_basile) <a href=\"https:\/\/twitter.com\/luly_basile\/status\/1391185060792082432?ref_src=twsrc%5Etfw\">May 9, 2021<\/a><\/p><\/blockquote>\n<p><script async src=\"https:\/\/platform.twitter.com\/widgets.js\" charset=\"utf-8\"><\/script><\/p>\n<p>\u00abTrabajando doble, con dos laburos a la par por home office, la facultad, cursando tres materias, preparando dos finales, estando a mil hasta los fines de semana. Que nadie me venga a hablar de esfuerzo y sacrificio si no sabe lo que es romperse el o&#8230; por poder llegar a cumplir un sue\u00f1o\u00bb, coment\u00f3 la joven, que estudia Nutrici\u00f3n.<\/p>\n<p>Luly cont\u00f3 al sitio <em>Rosario3<\/em> que \u00abel proceso de elecci\u00f3n fue s\u00faper complicado\u00bb y que eligi\u00f3 el ejemplar que se llev\u00f3 a Ituzaing\u00f3 porque la convenci\u00f3 \u00abal 100 por 100\u00bb.<\/p>\n<p>\u00abLa elecci\u00f3n fue por una cuesti\u00f3n sentimental, desde siempre me encantan los Fiat y me sacaban una sonrisa de chica cuando los ve\u00eda por la calle. Adem\u00e1s tienen mec\u00e1nica muy sencilla y al estar aprendiendo son mucho mas llevaderos\u00bb, explic\u00f3 la joven.<\/p>\n<blockquote class=\"twitter-tweet\" data-width=\"550\" data-dnt=\"true\">\n<p lang=\"es\" dir=\"ltr\">Yo: me compro un 128 para armar para correr y subo una foto a twitter.<br \/>La gente que me responde: SOS POBRE, VICTIMA DEL CAPITALISMO, SI VIVIERAS EN EEUU TENDR\u00cdAS UN MUSTANG. <br \/>Manga de zapallos, no pueden aceptar que uno se compra lo que le gusta. Vayan a cargar la sube<\/p>\n<p>&mdash; \u269c\ufe0f???? \u269c\ufe0f (@luly_basile) <a href=\"https:\/\/twitter.com\/luly_basile\/status\/1391921991314202628?ref_src=twsrc%5Etfw\">May 11, 2021<\/a><\/p><\/blockquote>\n<p><script async src=\"https:\/\/platform.twitter.com\/widgets.js\" charset=\"utf-8\"><\/script><\/p>\n<p>Es que adem\u00e1s de ocuparse de la facultad Luly est\u00e1 abocada a arreglar su Fiat 128 Super Europa para correr en la categor\u00eda Cuarto de Milla, que es una prueba corta de aceleraci\u00f3n entre autos, motos o camiones de cualquier tama\u00f1o y potencia.<\/p>\n<p>\u00abLo que menos me imagin\u00e9 es que se iba a viralizar as\u00ed, de hecho yo ten\u00eda muy pocos seguidores y de golpe explot\u00f3 todo\u00bb, coment\u00f3 acerca de la popularidad de su mensaje en Twitter.<\/p>\n<p>\u00abTom\u00e9 con buena onda los mensajes, los malos comentarios decid\u00ed no leerlos porque recib\u00ed hermosas experiencias y hacen que cualquier comentario malo qued\u00e9 por debajo de eso\u00bb, agreg\u00f3.<\/p>\n<p>En alg\u00fan momento del remolino viral hasta la contact\u00f3 quien fuera el segundo due\u00f1o del auto para contarle que la reparaci\u00f3n de ese Fiat hab\u00eda sido un proyecto en com\u00fan con su padre.<\/p>\n<blockquote class=\"twitter-tweet\" data-width=\"550\" data-dnt=\"true\">\n<p lang=\"es\" dir=\"ltr\">Me contact\u00f3 el 2do due\u00f1o de mi auto y me cont\u00f3 que fue un proyecto con su pap\u00e1,me mando fotos de todo lo que le hicieron juntos.Despu\u00e9s hay gente que no es capaz de ver que un auto viejo es mas que un objeto,que tiene historia y mil sentimientos de muchas personas detr\u00e1s de \u00e9l \u2764\ufe0f<\/p>\n<p>&mdash; \u269c\ufe0f???? \u269c\ufe0f (@luly_basile) <a href=\"https:\/\/twitter.com\/luly_basile\/status\/1392958249809371137?ref_src=twsrc%5Etfw\">May 13, 2021<\/a><\/p><\/blockquote>\n<p><script async src=\"https:\/\/platform.twitter.com\/widgets.js\" charset=\"utf-8\"><\/script><\/p>\n<section class=\"detail-body\">\n<section class=\"body-content note-body content-protected-false\">\u00abLo que en alg\u00fan momento fue el proyecto de un padre y un hijo, hoy es tambi\u00e9n mi proyecto. Feliz de que me haya compartido estas fotos y de estar transitando el mismo camino que ellos hace unos a\u00f1os\u00bb, expres\u00f3 la joven.<\/p>\n<\/section>\n<\/section>\n<div class=\"detail-themes content-protected-false\"><\/div>\n<\/section>\n<\/section>\n","protected":false},"excerpt":{"rendered":"<p>Una estudiante de Nutrici\u00f3n decidi\u00f3 lanzarse a una aventura fierrera y caus\u00f3 sensaci\u00f3n en las redes con su nuevo compa\u00f1ero de ruta, un Fiat 128 Super Europa.<\/p>\n","protected":false},"author":2,"featured_media":59987,"comment_status":"open","ping_status":"open","sticky":false,"template":"","format":"standard","meta":{"fifu_image_url":"","fifu_image_alt":"","footnotes":""},"categories":[9],"tags":[],"class_list":{"0":"post-59986","1":"post","2":"type-post","3":"status-publish","4":"format-standard","5":"has-post-thumbnail","7":"category-sociedad"},"yoast_head":"<title>Se compr\u00f3 un 128 y la foto se hizo viral - Informe Litoral<\/title>\n<meta name=\"robots\" content=\"index, follow, max-snippet:-1, max-image-preview:large, max-video-preview:-1\" \/>\n<link rel=\"canonical\" href=\"https:\/\/informelitoral.com.ar\/se-compro-un-128-y-la-foto-se-hizo-viral\/\" \/>\n<meta property=\"og:locale\" content=\"es_ES\" \/>\n<meta property=\"og:type\" content=\"article\" \/>\n<meta property=\"og:title\" content=\"Se compr\u00f3 un 128 y la foto se hizo viral - Informe Litoral\" \/>\n<meta property=\"og:description\" content=\"Una estudiante de Nutrici\u00f3n decidi\u00f3 lanzarse a una aventura fierrera y caus\u00f3 sensaci\u00f3n en las redes con su nuevo compa\u00f1ero de ruta, un Fiat 128 Super Europa.\" \/>\n<meta property=\"og:url\" content=\"https:\/\/informelitoral.com.ar\/se-compro-un-128-y-la-foto-se-hizo-viral\/\" \/>\n<meta property=\"og:site_name\" content=\"Informe Litoral\" \/>\n<meta property=\"article:publisher\" content=\"https:\/\/www.facebook.com\/informelitoral\/\" \/>\n<meta property=\"article:published_time\" content=\"2021-05-15T00:29:53+00:00\" \/>\n<meta property=\"og:image\" content=\"https:\/\/informelitoral.com.ar\/%77%70%2d%63%6f%6e%74%65%6e%74\/uploads\/2021\/05\/foto-viral-mostro-su-fiat-128-y-exploto-twitter.jpg\" \/>\n\t<meta property=\"og:image:width\" content=\"730\" \/>\n\t<meta property=\"og:image:height\" content=\"425\" \/>\n\t<meta property=\"og:image:type\" content=\"image\/jpeg\" \/>\n<meta name=\"author\" content=\"Gonzalo Schmidt\" \/>\n<meta name=\"twitter:card\" content=\"summary_large_image\" \/>\n<meta name=\"twitter:creator\" content=\"@InformeLitoral\" \/>\n<meta name=\"twitter:site\" content=\"@InformeLitoral\" \/>\n<meta name=\"twitter:label1\" content=\"Escrito por\" \/>\n\t<meta name=\"twitter:data1\" content=\"Gonzalo Schmidt\" \/>\n\t<meta name=\"twitter:label2\" content=\"Tiempo de lectura\" \/>\n\t<meta name=\"twitter:data2\" content=\"3 minutos\" \/>\n<script type=\"application\/ld+json\" class=\"yoast-schema-graph\">{\"@context\":\"https:\\\/\\\/schema.org\",\"@graph\":[{\"@type\":\"Article\",\"@id\":\"https:\\\/\\\/informelitoral.com.ar\\\/se-compro-un-128-y-la-foto-se-hizo-viral\\\/#article\",\"isPartOf\":{\"@id\":\"https:\\\/\\\/informelitoral.com.ar\\\/se-compro-un-128-y-la-foto-se-hizo-viral\\\/\"},\"author\":{\"name\":\"Gonzalo Schmidt\",\"@id\":\"https:\\\/\\\/informelitoral.com.ar\\\/#\\\/schema\\\/person\\\/b9d00407c836482871ef1d57bf8e3180\"},\"headline\":\"Se compr\u00f3 un 128 y la foto se hizo viral\",\"datePublished\":\"2021-05-15T00:29:53+00:00\",\"mainEntityOfPage\":{\"@id\":\"https:\\\/\\\/informelitoral.com.ar\\\/se-compro-un-128-y-la-foto-se-hizo-viral\\\/\"},\"wordCount\":526,\"commentCount\":0,\"publisher\":{\"@id\":\"https:\\\/\\\/informelitoral.com.ar\\\/#organization\"},\"image\":{\"@id\":\"https:\\\/\\\/informelitoral.com.ar\\\/se-compro-un-128-y-la-foto-se-hizo-viral\\\/#primaryimage\"},\"thumbnailUrl\":\"https:\\\/\\\/informelitoral.com.ar\\\/%77%70%2d%63%6f%6e%74%65%6e%74\\\/uploads\\\/2021\\\/05\\\/foto-viral-mostro-su-fiat-128-y-exploto-twitter.jpg\",\"articleSection\":[\"Sociedad\"],\"inLanguage\":\"es\",\"potentialAction\":[{\"@type\":\"CommentAction\",\"name\":\"Comment\",\"target\":[\"https:\\\/\\\/informelitoral.com.ar\\\/se-compro-un-128-y-la-foto-se-hizo-viral\\\/#respond\"]}]},{\"@type\":\"WebPage\",\"@id\":\"https:\\\/\\\/informelitoral.com.ar\\\/se-compro-un-128-y-la-foto-se-hizo-viral\\\/\",\"url\":\"https:\\\/\\\/informelitoral.com.ar\\\/se-compro-un-128-y-la-foto-se-hizo-viral\\\/\",\"name\":\"Se compr\u00f3 un 128 y la foto se hizo viral - Informe Litoral\",\"isPartOf\":{\"@id\":\"https:\\\/\\\/informelitoral.com.ar\\\/#website\"},\"primaryImageOfPage\":{\"@id\":\"https:\\\/\\\/informelitoral.com.ar\\\/se-compro-un-128-y-la-foto-se-hizo-viral\\\/#primaryimage\"},\"image\":{\"@id\":\"https:\\\/\\\/informelitoral.com.ar\\\/se-compro-un-128-y-la-foto-se-hizo-viral\\\/#primaryimage\"},\"thumbnailUrl\":\"https:\\\/\\\/informelitoral.com.ar\\\/%77%70%2d%63%6f%6e%74%65%6e%74\\\/uploads\\\/2021\\\/05\\\/foto-viral-mostro-su-fiat-128-y-exploto-twitter.jpg\",\"datePublished\":\"2021-05-15T00:29:53+00:00\",\"breadcrumb\":{\"@id\":\"https:\\\/\\\/informelitoral.com.ar\\\/se-compro-un-128-y-la-foto-se-hizo-viral\\\/#breadcrumb\"},\"inLanguage\":\"es\",\"potentialAction\":[{\"@type\":\"ReadAction\",\"target\":[\"https:\\\/\\\/informelitoral.com.ar\\\/se-compro-un-128-y-la-foto-se-hizo-viral\\\/\"]}]},{\"@type\":\"ImageObject\",\"inLanguage\":\"es\",\"@id\":\"https:\\\/\\\/informelitoral.com.ar\\\/se-compro-un-128-y-la-foto-se-hizo-viral\\\/#primaryimage\",\"url\":\"https:\\\/\\\/informelitoral.com.ar\\\/%77%70%2d%63%6f%6e%74%65%6e%74\\\/uploads\\\/2021\\\/05\\\/foto-viral-mostro-su-fiat-128-y-exploto-twitter.jpg\",\"contentUrl\":\"https:\\\/\\\/informelitoral.com.ar\\\/%77%70%2d%63%6f%6e%74%65%6e%74\\\/uploads\\\/2021\\\/05\\\/foto-viral-mostro-su-fiat-128-y-exploto-twitter.jpg\",\"width\":730,\"height\":425},{\"@type\":\"BreadcrumbList\",\"@id\":\"https:\\\/\\\/informelitoral.com.ar\\\/se-compro-un-128-y-la-foto-se-hizo-viral\\\/#breadcrumb\",\"itemListElement\":[{\"@type\":\"ListItem\",\"position\":1,\"name\":\"Portada\",\"item\":\"https:\\\/\\\/informelitoral.com.ar\\\/\"},{\"@type\":\"ListItem\",\"position\":2,\"name\":\"Se compr\u00f3 un 128 y la foto se hizo viral\"}]},{\"@type\":\"WebSite\",\"@id\":\"https:\\\/\\\/informelitoral.com.ar\\\/#website\",\"url\":\"https:\\\/\\\/informelitoral.com.ar\\\/\",\"name\":\"Informe Litoral\",\"description\":\"&quot;Nos informamos&quot; \",\"publisher\":{\"@id\":\"https:\\\/\\\/informelitoral.com.ar\\\/#organization\"},\"potentialAction\":[{\"@type\":\"SearchAction\",\"target\":{\"@type\":\"EntryPoint\",\"urlTemplate\":\"https:\\\/\\\/informelitoral.com.ar\\\/?s={search_term_string}\"},\"query-input\":{\"@type\":\"PropertyValueSpecification\",\"valueRequired\":true,\"valueName\":\"search_term_string\"}}],\"inLanguage\":\"es\"},{\"@type\":\"Organization\",\"@id\":\"https:\\\/\\\/informelitoral.com.ar\\\/#organization\",\"name\":\"Informe Litoral\",\"url\":\"https:\\\/\\\/informelitoral.com.ar\\\/\",\"logo\":{\"@type\":\"ImageObject\",\"inLanguage\":\"es\",\"@id\":\"https:\\\/\\\/informelitoral.com.ar\\\/#\\\/schema\\\/logo\\\/image\\\/\",\"url\":\"https:\\\/\\\/informelitoral.com.ar\\\/%77%70%2d%63%6f%6e%74%65%6e%74\\\/uploads\\\/2021\\\/01\\\/circulo.png\",\"contentUrl\":\"https:\\\/\\\/informelitoral.com.ar\\\/%77%70%2d%63%6f%6e%74%65%6e%74\\\/uploads\\\/2021\\\/01\\\/circulo.png\",\"width\":723,\"height\":731,\"caption\":\"Informe Litoral\"},\"image\":{\"@id\":\"https:\\\/\\\/informelitoral.com.ar\\\/#\\\/schema\\\/logo\\\/image\\\/\"},\"sameAs\":[\"https:\\\/\\\/www.facebook.com\\\/informelitoral\\\/\",\"https:\\\/\\\/x.com\\\/InformeLitoral\",\"https:\\\/\\\/www.instagram.com\\\/informelitoral\\\/\",\"https:\\\/\\\/www.youtube.com\\\/channel\\\/UCua4Qvz8Icb6MYqhoq9xLXw\"]},{\"@type\":\"Person\",\"@id\":\"https:\\\/\\\/informelitoral.com.ar\\\/#\\\/schema\\\/person\\\/b9d00407c836482871ef1d57bf8e3180\",\"name\":\"Gonzalo Schmidt\",\"image\":{\"@type\":\"ImageObject\",\"inLanguage\":\"es\",\"@id\":\"https:\\\/\\\/secure.gravatar.com\\\/avatar\\\/31a1a7b66ff2de83bd0e9fd79d026630d2d99e55e8bfe501287647b4fd9743de?s=96&d=mm&r=g\",\"url\":\"https:\\\/\\\/secure.gravatar.com\\\/avatar\\\/31a1a7b66ff2de83bd0e9fd79d026630d2d99e55e8bfe501287647b4fd9743de?s=96&d=mm&r=g\",\"contentUrl\":\"https:\\\/\\\/secure.gravatar.com\\\/avatar\\\/31a1a7b66ff2de83bd0e9fd79d026630d2d99e55e8bfe501287647b4fd9743de?s=96&d=mm&r=g\",\"caption\":\"Gonzalo Schmidt\"},\"description\":\"Sitio web de noticias de la provincia de Entre R\u00edos, Argentina. Informaci\u00f3n y entretenimiento. Informe Litoral, nos informamos.\",\"sameAs\":[\"http:\\\/\\\/www.isletasnoticias.com.ar\"],\"url\":\"https:\\\/\\\/informelitoral.com.ar\\\/author\\\/gonzalo\\\/\"}]}<\/script>","yoast_head_json":{"title":"Se compr\u00f3 un 128 y la foto se hizo viral - Informe Litoral","robots":{"index":"index","follow":"follow","max-snippet":"max-snippet:-1","max-image-preview":"max-image-preview:large","max-video-preview":"max-video-preview:-1"},"canonical":"https:\/\/informelitoral.com.ar\/se-compro-un-128-y-la-foto-se-hizo-viral\/","og_locale":"es_ES","og_type":"article","og_title":"Se compr\u00f3 un 128 y la foto se hizo viral - Informe Litoral","og_description":"Una estudiante de Nutrici\u00f3n decidi\u00f3 lanzarse a una aventura fierrera y caus\u00f3 sensaci\u00f3n en las redes con su nuevo compa\u00f1ero de ruta, un Fiat 128 Super Europa.","og_url":"https:\/\/informelitoral.com.ar\/se-compro-un-128-y-la-foto-se-hizo-viral\/","og_site_name":"Informe Litoral","article_publisher":"https:\/\/www.facebook.com\/informelitoral\/","article_published_time":"2021-05-15T00:29:53+00:00","og_image":[{"width":730,"height":425,"url":"https:\/\/informelitoral.com.ar\/%77%70%2d%63%6f%6e%74%65%6e%74\/uploads\/2021\/05\/foto-viral-mostro-su-fiat-128-y-exploto-twitter.jpg","type":"image\/jpeg"}],"author":"Gonzalo Schmidt","twitter_card":"summary_large_image","twitter_creator":"@InformeLitoral","twitter_site":"@InformeLitoral","twitter_misc":{"Escrito por":"Gonzalo Schmidt","Tiempo de lectura":"3 minutos"},"schema":{"@context":"https:\/\/schema.org","@graph":[{"@type":"Article","@id":"https:\/\/informelitoral.com.ar\/se-compro-un-128-y-la-foto-se-hizo-viral\/#article","isPartOf":{"@id":"https:\/\/informelitoral.com.ar\/se-compro-un-128-y-la-foto-se-hizo-viral\/"},"author":{"name":"Gonzalo Schmidt","@id":"https:\/\/informelitoral.com.ar\/#\/schema\/person\/b9d00407c836482871ef1d57bf8e3180"},"headline":"Se compr\u00f3 un 128 y la foto se hizo viral","datePublished":"2021-05-15T00:29:53+00:00","mainEntityOfPage":{"@id":"https:\/\/informelitoral.com.ar\/se-compro-un-128-y-la-foto-se-hizo-viral\/"},"wordCount":526,"commentCount":0,"publisher":{"@id":"https:\/\/informelitoral.com.ar\/#organization"},"image":{"@id":"https:\/\/informelitoral.com.ar\/se-compro-un-128-y-la-foto-se-hizo-viral\/#primaryimage"},"thumbnailUrl":"https:\/\/informelitoral.com.ar\/%77%70%2d%63%6f%6e%74%65%6e%74\/uploads\/2021\/05\/foto-viral-mostro-su-fiat-128-y-exploto-twitter.jpg","articleSection":["Sociedad"],"inLanguage":"es","potentialAction":[{"@type":"CommentAction","name":"Comment","target":["https:\/\/informelitoral.com.ar\/se-compro-un-128-y-la-foto-se-hizo-viral\/#respond"]}]},{"@type":"WebPage","@id":"https:\/\/informelitoral.com.ar\/se-compro-un-128-y-la-foto-se-hizo-viral\/","url":"https:\/\/informelitoral.com.ar\/se-compro-un-128-y-la-foto-se-hizo-viral\/","name":"Se compr\u00f3 un 128 y la foto se hizo viral - Informe Litoral","isPartOf":{"@id":"https:\/\/informelitoral.com.ar\/#website"},"primaryImageOfPage":{"@id":"https:\/\/informelitoral.com.ar\/se-compro-un-128-y-la-foto-se-hizo-viral\/#primaryimage"},"image":{"@id":"https:\/\/informelitoral.com.ar\/se-compro-un-128-y-la-foto-se-hizo-viral\/#primaryimage"},"thumbnailUrl":"https:\/\/informelitoral.com.ar\/%77%70%2d%63%6f%6e%74%65%6e%74\/uploads\/2021\/05\/foto-viral-mostro-su-fiat-128-y-exploto-twitter.jpg","datePublished":"2021-05-15T00:29:53+00:00","breadcrumb":{"@id":"https:\/\/informelitoral.com.ar\/se-compro-un-128-y-la-foto-se-hizo-viral\/#breadcrumb"},"inLanguage":"es","potentialAction":[{"@type":"ReadAction","target":["https:\/\/informelitoral.com.ar\/se-compro-un-128-y-la-foto-se-hizo-viral\/"]}]},{"@type":"ImageObject","inLanguage":"es","@id":"https:\/\/informelitoral.com.ar\/se-compro-un-128-y-la-foto-se-hizo-viral\/#primaryimage","url":"https:\/\/informelitoral.com.ar\/%77%70%2d%63%6f%6e%74%65%6e%74\/uploads\/2021\/05\/foto-viral-mostro-su-fiat-128-y-exploto-twitter.jpg","contentUrl":"https:\/\/informelitoral.com.ar\/%77%70%2d%63%6f%6e%74%65%6e%74\/uploads\/2021\/05\/foto-viral-mostro-su-fiat-128-y-exploto-twitter.jpg","width":730,"height":425},{"@type":"BreadcrumbList","@id":"https:\/\/informelitoral.com.ar\/se-compro-un-128-y-la-foto-se-hizo-viral\/#breadcrumb","itemListElement":[{"@type":"ListItem","position":1,"name":"Portada","item":"https:\/\/informelitoral.com.ar\/"},{"@type":"ListItem","position":2,"name":"Se compr\u00f3 un 128 y la foto se hizo viral"}]},{"@type":"WebSite","@id":"https:\/\/informelitoral.com.ar\/#website","url":"https:\/\/informelitoral.com.ar\/","name":"Informe Litoral","description":"&quot;Nos informamos&quot; ","publisher":{"@id":"https:\/\/informelitoral.com.ar\/#organization"},"potentialAction":[{"@type":"SearchAction","target":{"@type":"EntryPoint","urlTemplate":"https:\/\/informelitoral.com.ar\/?s={search_term_string}"},"query-input":{"@type":"PropertyValueSpecification","valueRequired":true,"valueName":"search_term_string"}}],"inLanguage":"es"},{"@type":"Organization","@id":"https:\/\/informelitoral.com.ar\/#organization","name":"Informe Litoral","url":"https:\/\/informelitoral.com.ar\/","logo":{"@type":"ImageObject","inLanguage":"es","@id":"https:\/\/informelitoral.com.ar\/#\/schema\/logo\/image\/","url":"https:\/\/informelitoral.com.ar\/%77%70%2d%63%6f%6e%74%65%6e%74\/uploads\/2021\/01\/circulo.png","contentUrl":"https:\/\/informelitoral.com.ar\/%77%70%2d%63%6f%6e%74%65%6e%74\/uploads\/2021\/01\/circulo.png","width":723,"height":731,"caption":"Informe Litoral"},"image":{"@id":"https:\/\/informelitoral.com.ar\/#\/schema\/logo\/image\/"},"sameAs":["https:\/\/www.facebook.com\/informelitoral\/","https:\/\/x.com\/InformeLitoral","https:\/\/www.instagram.com\/informelitoral\/","https:\/\/www.youtube.com\/channel\/UCua4Qvz8Icb6MYqhoq9xLXw"]},{"@type":"Person","@id":"https:\/\/informelitoral.com.ar\/#\/schema\/person\/b9d00407c836482871ef1d57bf8e3180","name":"Gonzalo Schmidt","image":{"@type":"ImageObject","inLanguage":"es","@id":"https:\/\/secure.gravatar.com\/avatar\/31a1a7b66ff2de83bd0e9fd79d026630d2d99e55e8bfe501287647b4fd9743de?s=96&d=mm&r=g","url":"https:\/\/secure.gravatar.com\/avatar\/31a1a7b66ff2de83bd0e9fd79d026630d2d99e55e8bfe501287647b4fd9743de?s=96&d=mm&r=g","contentUrl":"https:\/\/secure.gravatar.com\/avatar\/31a1a7b66ff2de83bd0e9fd79d026630d2d99e55e8bfe501287647b4fd9743de?s=96&d=mm&r=g","caption":"Gonzalo Schmidt"},"description":"Sitio web de noticias de la provincia de Entre R\u00edos, Argentina. Informaci\u00f3n y entretenimiento. Informe Litoral, nos informamos.","sameAs":["http:\/\/www.isletasnoticias.com.ar"],"url":"https:\/\/informelitoral.com.ar\/author\/gonzalo\/"}]}},"_links":{"self":[{"href":"https:\/\/informelitoral.com.ar\/%77%70%2d%6a%73%6f%6e\/wp\/v2\/posts\/59986","targetHints":{"allow":["GET"]}}],"collection":[{"href":"https:\/\/informelitoral.com.ar\/%77%70%2d%6a%73%6f%6e\/wp\/v2\/posts"}],"about":[{"href":"https:\/\/informelitoral.com.ar\/%77%70%2d%6a%73%6f%6e\/wp\/v2\/types\/post"}],"author":[{"embeddable":true,"href":"https:\/\/informelitoral.com.ar\/%77%70%2d%6a%73%6f%6e\/wp\/v2\/users\/2"}],"replies":[{"embeddable":true,"href":"https:\/\/informelitoral.com.ar\/%77%70%2d%6a%73%6f%6e\/wp\/v2\/comments?post=59986"}],"version-history":[{"count":0,"href":"https:\/\/informelitoral.com.ar\/%77%70%2d%6a%73%6f%6e\/wp\/v2\/posts\/59986\/revisions"}],"wp:featuredmedia":[{"embeddable":true,"href":"https:\/\/informelitoral.com.ar\/%77%70%2d%6a%73%6f%6e\/wp\/v2\/media\/59987"}],"wp:attachment":[{"href":"https:\/\/informelitoral.com.ar\/%77%70%2d%6a%73%6f%6e\/wp\/v2\/media?parent=59986"}],"wp:term":[{"taxonomy":"category","embeddable":true,"href":"https:\/\/informelitoral.com.ar\/%77%70%2d%6a%73%6f%6e\/wp\/v2\/categories?post=59986"},{"taxonomy":"post_tag","embeddable":true,"href":"https:\/\/informelitoral.com.ar\/%77%70%2d%6a%73%6f%6e\/wp\/v2\/tags?post=59986"}],"curies":[{"name":"wp","href":"https:\/\/api.w.org\/{rel}","templated":true}]}}