{"id":59834,"date":"2021-05-11T13:50:23","date_gmt":"2021-05-11T16:50:23","guid":{"rendered":"https:\/\/www.informelitoral.com.ar\/?p=59834"},"modified":"2021-05-11T13:50:23","modified_gmt":"2021-05-11T16:50:23","slug":"este-martes-se-registraron-419-nuevos-casos-de-coronavirus-en-entre-rios","status":"publish","type":"post","link":"https:\/\/informelitoral.com.ar\/este-martes-se-registraron-419-nuevos-casos-de-coronavirus-en-entre-rios\/","title":{"rendered":"Este martes se registraron 419 nuevos casos de coronavirus en Entre R\u00edos"},"content":{"rendered":"<p>El \u00e1rea de Vigilancias Epidemiol\u00f3gica del Ministerio de Salud, confirm\u00f3 que<strong> en Entre R\u00edos entre este martes se registraron 419 nuevos casos de coronavirus.<\/strong><\/p>\n<h3>Los casos se distribuyen de la siguiente manera:<\/h3>\n<p><strong>\u2705Departamento Paran\u00e1 52, distribuidos en:<\/strong><br \/>\nCERRITO 2<br \/>\nCOLONIA AVELLANEDA 7<br \/>\nEL PINGO 1<br \/>\nHASENKAMP 2<br \/>\nHERNANDARIAS 3<br \/>\nMARIA GRANDE 5<br \/>\nORO VERDE 6<br \/>\nPARANA 24<br \/>\nSAN BENITO 2<\/p>\n<p><strong>\u2705Departamento Col\u00f3n 64, distribuidos en:<\/strong><br \/>\nCOLON 47<br \/>\nSAN JOSE 13<br \/>\nVILLA ELISA 4<\/p>\n<p><strong>\u2705Departamento Concordia 41, distribuidos en:<\/strong><br \/>\nCONCORDIA 40<br \/>\nLA CRIOLLA 1<\/p>\n<p><span style=\"background-color: #ffff00;\"><strong>\u2705 Departamento Diamante 9, distribuidos en:<\/strong> <\/span><br \/>\n<span style=\"background-color: #ffff00;\">DIAMANTE 7<\/span><br \/>\n<span style=\"background-color: #ffff00;\">VILLA LIBERTADOR SAN MARTIN 2<\/span><\/p>\n<p><strong>\u2705 Departamento Federaci\u00f3n 10 distribuidos en:<\/strong><br \/>\nCHAJARI 6<br \/>\nFEDERACION 3<br \/>\nSAN JAIME DE LA FRONTERA 1<\/p>\n<p><strong>\u2705Departamento Federal 2, distribuidos en:<\/strong><br \/>\nFEDERAL 2<\/p>\n<p><strong>\u2705Departamento Feliciano 12, distribuidos en:<\/strong><br \/>\nSAN JOSE DE FELICIANO 12<\/p>\n<p><strong>\u2705Departamento Gualeguay 10, distribuidos en:<\/strong><br \/>\nGUALEGUAY 10<\/p>\n<p><strong>\u2705Departamento Gualeguaych\u00fa 98, distribuidos en:<\/strong><br \/>\nESTACION PALAVECINO 3<br \/>\nGUALEGUAYCHU 75<br \/>\nLARROQUE 8<br \/>\nPUEBLO GENERAL BELGRANO 5<br \/>\nURDINARRAIN 7<\/p>\n<p><strong>\u2705 Departamento Islas 12, distribuidos en:<\/strong><br \/>\nCEIBAS 5<br \/>\nIBICUY 3<br \/>\nMEDANOS 1<br \/>\nVILLA PARANACITO 3<\/p>\n<p><strong>\u2705 Departamento La Paz 10, distribuidos en:<\/strong><br \/>\nEL SOLAR 1<br \/>\nLA PAZ 8<br \/>\nSANTA ELENA 1<\/p>\n<p><strong>\u2705Departamento Nogoy\u00e1 6, distribuidos en:<\/strong><br \/>\nARANGUREN 1<br \/>\nBETBEDER 1<br \/>\nNOGOYA 4<\/p>\n<p><strong>\u2705Departamento San Salvador 1, distribuidos en:<\/strong><br \/>\nSAN SALVADOR 1<\/p>\n<p><strong>\u2705 Departamento Tala 10, distribuidos en:<\/strong><br \/>\nGOBERNADOR ECHAGUE 1<br \/>\nROSARIO DEL TALA 9<\/p>\n<p><strong>\u2705Departamento Uruguay 38, distribuidos en:<\/strong><br \/>\nBASAVILBASO 7<br \/>\nCASEROS 2<br \/>\nCONCEPCION DEL URUGUAY 29<\/p>\n<p><strong>\u2705Departamento Victoria 4, distribuidos en:<\/strong><br \/>\nVICTORIA 4<\/p>\n<p><strong>\u2705Departamento Villaguay 38, distribuidos en:<\/strong><br \/>\nJUBILEO 1<br \/>\nVILLA CLARA 1<br \/>\nVILLA DOMINGUEZ 1<br \/>\nVILLAGUAY 35<\/p>\n<p>Cabe citar que en el d\u00eda de la fecha, se reclasifica a la ciudad de Paran\u00e1 un caso que hab\u00eda sido asignado ayer al departamento Col\u00f3n.<\/p>\n<p>De ese modo,<strong> en la provincia son 68.872 los casos confirmados.<\/strong><\/p>\n<p><a href=\"https:\/\/www.informelitoral.com.ar\/%77%70%2d%63%6f%6e%74%65%6e%74\/uploads\/2021\/05\/f38bfe00-8425-41a0-8ae5-45dded1807c1.jpg\"><img loading=\"lazy\" decoding=\"async\" class=\"wp-image-59835 size-large alignnone\" src=\"https:\/\/www.informelitoral.com.ar\/%77%70%2d%63%6f%6e%74%65%6e%74\/uploads\/2021\/05\/f38bfe00-8425-41a0-8ae5-45dded1807c1-1024x826.jpg\" alt=\"\" width=\"696\" height=\"561\" srcset=\"https:\/\/informelitoral.com.ar\/%77%70%2d%63%6f%6e%74%65%6e%74\/uploads\/2021\/05\/f38bfe00-8425-41a0-8ae5-45dded1807c1-1024x826.jpg 1024w, https:\/\/informelitoral.com.ar\/%77%70%2d%63%6f%6e%74%65%6e%74\/uploads\/2021\/05\/f38bfe00-8425-41a0-8ae5-45dded1807c1-300x242.jpg 300w, https:\/\/informelitoral.com.ar\/%77%70%2d%63%6f%6e%74%65%6e%74\/uploads\/2021\/05\/f38bfe00-8425-41a0-8ae5-45dded1807c1-768x619.jpg 768w, https:\/\/informelitoral.com.ar\/%77%70%2d%63%6f%6e%74%65%6e%74\/uploads\/2021\/05\/f38bfe00-8425-41a0-8ae5-45dded1807c1-696x561.jpg 696w, https:\/\/informelitoral.com.ar\/%77%70%2d%63%6f%6e%74%65%6e%74\/uploads\/2021\/05\/f38bfe00-8425-41a0-8ae5-45dded1807c1-1068x861.jpg 1068w, https:\/\/informelitoral.com.ar\/%77%70%2d%63%6f%6e%74%65%6e%74\/uploads\/2021\/05\/f38bfe00-8425-41a0-8ae5-45dded1807c1-521x420.jpg 521w, https:\/\/informelitoral.com.ar\/%77%70%2d%63%6f%6e%74%65%6e%74\/uploads\/2021\/05\/f38bfe00-8425-41a0-8ae5-45dded1807c1.jpg 1280w\" sizes=\"auto, (max-width: 696px) 100vw, 696px\" \/><\/a><\/p>\n","protected":false},"excerpt":{"rendered":"<p>Seg\u00fan el registro oficial, hay una baja en los contagios en la provincia, especialmente en el departamento Paran\u00e1. Desde el inicio de la pandemia son 68.872 los casos confirmados. El detalle por departamento. <\/p>\n","protected":false},"author":2,"featured_media":40842,"comment_status":"open","ping_status":"open","sticky":false,"template":"","format":"standard","meta":{"fifu_image_url":"","fifu_image_alt":"","footnotes":""},"categories":[6],"tags":[1426,1481,81],"class_list":{"0":"post-59834","1":"post","2":"type-post","3":"status-publish","4":"format-standard","5":"has-post-thumbnail","7":"category-entre-rios","8":"tag-coronavirus","9":"tag-covid-19","10":"tag-entre-rios"},"yoast_head":"<title>Este martes se registraron 419 nuevos casos de coronavirus en Entre R\u00edos - Informe Litoral<\/title>\n<meta name=\"robots\" content=\"index, follow, max-snippet:-1, max-image-preview:large, max-video-preview:-1\" \/>\n<link rel=\"canonical\" href=\"https:\/\/informelitoral.com.ar\/este-martes-se-registraron-419-nuevos-casos-de-coronavirus-en-entre-rios\/\" \/>\n<meta property=\"og:locale\" content=\"es_ES\" \/>\n<meta property=\"og:type\" content=\"article\" \/>\n<meta property=\"og:title\" content=\"Este martes se registraron 419 nuevos casos de coronavirus en Entre R\u00edos - Informe Litoral\" \/>\n<meta property=\"og:description\" content=\"Seg\u00fan el registro oficial, hay una baja en los contagios en la provincia, especialmente en el departamento Paran\u00e1. Desde el inicio de la pandemia son 68.872 los casos confirmados. El detalle por departamento.\" \/>\n<meta property=\"og:url\" content=\"https:\/\/informelitoral.com.ar\/este-martes-se-registraron-419-nuevos-casos-de-coronavirus-en-entre-rios\/\" \/>\n<meta property=\"og:site_name\" content=\"Informe Litoral\" \/>\n<meta property=\"article:publisher\" content=\"https:\/\/www.facebook.com\/informelitoral\/\" \/>\n<meta property=\"article:published_time\" content=\"2021-05-11T16:50:23+00:00\" \/>\n<meta property=\"og:image\" content=\"https:\/\/informelitoral.com.ar\/%77%70%2d%63%6f%6e%74%65%6e%74\/uploads\/2020\/03\/CORONAVIRUS-PANDEMIA.jpg\" \/>\n\t<meta property=\"og:image:width\" content=\"660\" \/>\n\t<meta property=\"og:image:height\" content=\"371\" \/>\n\t<meta property=\"og:image:type\" content=\"image\/jpeg\" \/>\n<meta name=\"author\" content=\"Gonzalo Schmidt\" \/>\n<meta name=\"twitter:card\" content=\"summary_large_image\" \/>\n<meta name=\"twitter:creator\" content=\"@InformeLitoral\" \/>\n<meta name=\"twitter:site\" content=\"@InformeLitoral\" \/>\n<meta name=\"twitter:label1\" content=\"Escrito por\" \/>\n\t<meta name=\"twitter:data1\" content=\"Gonzalo Schmidt\" \/>\n\t<meta name=\"twitter:label2\" content=\"Tiempo de lectura\" \/>\n\t<meta name=\"twitter:data2\" content=\"1 minuto\" \/>\n<script type=\"application\/ld+json\" class=\"yoast-schema-graph\">{\"@context\":\"https:\\\/\\\/schema.org\",\"@graph\":[{\"@type\":\"Article\",\"@id\":\"https:\\\/\\\/informelitoral.com.ar\\\/este-martes-se-registraron-419-nuevos-casos-de-coronavirus-en-entre-rios\\\/#article\",\"isPartOf\":{\"@id\":\"https:\\\/\\\/informelitoral.com.ar\\\/este-martes-se-registraron-419-nuevos-casos-de-coronavirus-en-entre-rios\\\/\"},\"author\":{\"name\":\"Gonzalo Schmidt\",\"@id\":\"https:\\\/\\\/informelitoral.com.ar\\\/#\\\/schema\\\/person\\\/b9d00407c836482871ef1d57bf8e3180\"},\"headline\":\"Este martes se registraron 419 nuevos casos de coronavirus en Entre R\u00edos\",\"datePublished\":\"2021-05-11T16:50:23+00:00\",\"mainEntityOfPage\":{\"@id\":\"https:\\\/\\\/informelitoral.com.ar\\\/este-martes-se-registraron-419-nuevos-casos-de-coronavirus-en-entre-rios\\\/\"},\"wordCount\":237,\"commentCount\":0,\"publisher\":{\"@id\":\"https:\\\/\\\/informelitoral.com.ar\\\/#organization\"},\"image\":{\"@id\":\"https:\\\/\\\/informelitoral.com.ar\\\/este-martes-se-registraron-419-nuevos-casos-de-coronavirus-en-entre-rios\\\/#primaryimage\"},\"thumbnailUrl\":\"https:\\\/\\\/informelitoral.com.ar\\\/%77%70%2d%63%6f%6e%74%65%6e%74\\\/uploads\\\/2020\\\/03\\\/CORONAVIRUS-PANDEMIA.jpg\",\"keywords\":[\"Coronavirus\",\"COVID-19\",\"Entre R\u00edos\"],\"articleSection\":[\"Entre R\u00edos\"],\"inLanguage\":\"es\",\"potentialAction\":[{\"@type\":\"CommentAction\",\"name\":\"Comment\",\"target\":[\"https:\\\/\\\/informelitoral.com.ar\\\/este-martes-se-registraron-419-nuevos-casos-de-coronavirus-en-entre-rios\\\/#respond\"]}]},{\"@type\":\"WebPage\",\"@id\":\"https:\\\/\\\/informelitoral.com.ar\\\/este-martes-se-registraron-419-nuevos-casos-de-coronavirus-en-entre-rios\\\/\",\"url\":\"https:\\\/\\\/informelitoral.com.ar\\\/este-martes-se-registraron-419-nuevos-casos-de-coronavirus-en-entre-rios\\\/\",\"name\":\"Este martes se registraron 419 nuevos casos de coronavirus en Entre R\u00edos - Informe Litoral\",\"isPartOf\":{\"@id\":\"https:\\\/\\\/informelitoral.com.ar\\\/#website\"},\"primaryImageOfPage\":{\"@id\":\"https:\\\/\\\/informelitoral.com.ar\\\/este-martes-se-registraron-419-nuevos-casos-de-coronavirus-en-entre-rios\\\/#primaryimage\"},\"image\":{\"@id\":\"https:\\\/\\\/informelitoral.com.ar\\\/este-martes-se-registraron-419-nuevos-casos-de-coronavirus-en-entre-rios\\\/#primaryimage\"},\"thumbnailUrl\":\"https:\\\/\\\/informelitoral.com.ar\\\/%77%70%2d%63%6f%6e%74%65%6e%74\\\/uploads\\\/2020\\\/03\\\/CORONAVIRUS-PANDEMIA.jpg\",\"datePublished\":\"2021-05-11T16:50:23+00:00\",\"breadcrumb\":{\"@id\":\"https:\\\/\\\/informelitoral.com.ar\\\/este-martes-se-registraron-419-nuevos-casos-de-coronavirus-en-entre-rios\\\/#breadcrumb\"},\"inLanguage\":\"es\",\"potentialAction\":[{\"@type\":\"ReadAction\",\"target\":[\"https:\\\/\\\/informelitoral.com.ar\\\/este-martes-se-registraron-419-nuevos-casos-de-coronavirus-en-entre-rios\\\/\"]}]},{\"@type\":\"ImageObject\",\"inLanguage\":\"es\",\"@id\":\"https:\\\/\\\/informelitoral.com.ar\\\/este-martes-se-registraron-419-nuevos-casos-de-coronavirus-en-entre-rios\\\/#primaryimage\",\"url\":\"https:\\\/\\\/informelitoral.com.ar\\\/%77%70%2d%63%6f%6e%74%65%6e%74\\\/uploads\\\/2020\\\/03\\\/CORONAVIRUS-PANDEMIA.jpg\",\"contentUrl\":\"https:\\\/\\\/informelitoral.com.ar\\\/%77%70%2d%63%6f%6e%74%65%6e%74\\\/uploads\\\/2020\\\/03\\\/CORONAVIRUS-PANDEMIA.jpg\",\"width\":660,\"height\":371},{\"@type\":\"BreadcrumbList\",\"@id\":\"https:\\\/\\\/informelitoral.com.ar\\\/este-martes-se-registraron-419-nuevos-casos-de-coronavirus-en-entre-rios\\\/#breadcrumb\",\"itemListElement\":[{\"@type\":\"ListItem\",\"position\":1,\"name\":\"Portada\",\"item\":\"https:\\\/\\\/informelitoral.com.ar\\\/\"},{\"@type\":\"ListItem\",\"position\":2,\"name\":\"Este martes se registraron 419 nuevos casos de coronavirus en Entre R\u00edos\"}]},{\"@type\":\"WebSite\",\"@id\":\"https:\\\/\\\/informelitoral.com.ar\\\/#website\",\"url\":\"https:\\\/\\\/informelitoral.com.ar\\\/\",\"name\":\"Informe Litoral\",\"description\":\"&quot;Nos informamos&quot; \",\"publisher\":{\"@id\":\"https:\\\/\\\/informelitoral.com.ar\\\/#organization\"},\"potentialAction\":[{\"@type\":\"SearchAction\",\"target\":{\"@type\":\"EntryPoint\",\"urlTemplate\":\"https:\\\/\\\/informelitoral.com.ar\\\/?s={search_term_string}\"},\"query-input\":{\"@type\":\"PropertyValueSpecification\",\"valueRequired\":true,\"valueName\":\"search_term_string\"}}],\"inLanguage\":\"es\"},{\"@type\":\"Organization\",\"@id\":\"https:\\\/\\\/informelitoral.com.ar\\\/#organization\",\"name\":\"Informe Litoral\",\"url\":\"https:\\\/\\\/informelitoral.com.ar\\\/\",\"logo\":{\"@type\":\"ImageObject\",\"inLanguage\":\"es\",\"@id\":\"https:\\\/\\\/informelitoral.com.ar\\\/#\\\/schema\\\/logo\\\/image\\\/\",\"url\":\"https:\\\/\\\/informelitoral.com.ar\\\/%77%70%2d%63%6f%6e%74%65%6e%74\\\/uploads\\\/2021\\\/01\\\/circulo.png\",\"contentUrl\":\"https:\\\/\\\/informelitoral.com.ar\\\/%77%70%2d%63%6f%6e%74%65%6e%74\\\/uploads\\\/2021\\\/01\\\/circulo.png\",\"width\":723,\"height\":731,\"caption\":\"Informe Litoral\"},\"image\":{\"@id\":\"https:\\\/\\\/informelitoral.com.ar\\\/#\\\/schema\\\/logo\\\/image\\\/\"},\"sameAs\":[\"https:\\\/\\\/www.facebook.com\\\/informelitoral\\\/\",\"https:\\\/\\\/x.com\\\/InformeLitoral\",\"https:\\\/\\\/www.instagram.com\\\/informelitoral\\\/\",\"https:\\\/\\\/www.youtube.com\\\/channel\\\/UCua4Qvz8Icb6MYqhoq9xLXw\"]},{\"@type\":\"Person\",\"@id\":\"https:\\\/\\\/informelitoral.com.ar\\\/#\\\/schema\\\/person\\\/b9d00407c836482871ef1d57bf8e3180\",\"name\":\"Gonzalo Schmidt\",\"image\":{\"@type\":\"ImageObject\",\"inLanguage\":\"es\",\"@id\":\"https:\\\/\\\/secure.gravatar.com\\\/avatar\\\/31a1a7b66ff2de83bd0e9fd79d026630d2d99e55e8bfe501287647b4fd9743de?s=96&d=mm&r=g\",\"url\":\"https:\\\/\\\/secure.gravatar.com\\\/avatar\\\/31a1a7b66ff2de83bd0e9fd79d026630d2d99e55e8bfe501287647b4fd9743de?s=96&d=mm&r=g\",\"contentUrl\":\"https:\\\/\\\/secure.gravatar.com\\\/avatar\\\/31a1a7b66ff2de83bd0e9fd79d026630d2d99e55e8bfe501287647b4fd9743de?s=96&d=mm&r=g\",\"caption\":\"Gonzalo Schmidt\"},\"description\":\"Sitio web de noticias de la provincia de Entre R\u00edos, Argentina. Informaci\u00f3n y entretenimiento. Informe Litoral, nos informamos.\",\"sameAs\":[\"http:\\\/\\\/www.isletasnoticias.com.ar\"],\"url\":\"https:\\\/\\\/informelitoral.com.ar\\\/author\\\/gonzalo\\\/\"}]}<\/script>","yoast_head_json":{"title":"Este martes se registraron 419 nuevos casos de coronavirus en Entre R\u00edos - Informe Litoral","robots":{"index":"index","follow":"follow","max-snippet":"max-snippet:-1","max-image-preview":"max-image-preview:large","max-video-preview":"max-video-preview:-1"},"canonical":"https:\/\/informelitoral.com.ar\/este-martes-se-registraron-419-nuevos-casos-de-coronavirus-en-entre-rios\/","og_locale":"es_ES","og_type":"article","og_title":"Este martes se registraron 419 nuevos casos de coronavirus en Entre R\u00edos - Informe Litoral","og_description":"Seg\u00fan el registro oficial, hay una baja en los contagios en la provincia, especialmente en el departamento Paran\u00e1. Desde el inicio de la pandemia son 68.872 los casos confirmados. El detalle por departamento.","og_url":"https:\/\/informelitoral.com.ar\/este-martes-se-registraron-419-nuevos-casos-de-coronavirus-en-entre-rios\/","og_site_name":"Informe Litoral","article_publisher":"https:\/\/www.facebook.com\/informelitoral\/","article_published_time":"2021-05-11T16:50:23+00:00","og_image":[{"width":660,"height":371,"url":"https:\/\/informelitoral.com.ar\/%77%70%2d%63%6f%6e%74%65%6e%74\/uploads\/2020\/03\/CORONAVIRUS-PANDEMIA.jpg","type":"image\/jpeg"}],"author":"Gonzalo Schmidt","twitter_card":"summary_large_image","twitter_creator":"@InformeLitoral","twitter_site":"@InformeLitoral","twitter_misc":{"Escrito por":"Gonzalo Schmidt","Tiempo de lectura":"1 minuto"},"schema":{"@context":"https:\/\/schema.org","@graph":[{"@type":"Article","@id":"https:\/\/informelitoral.com.ar\/este-martes-se-registraron-419-nuevos-casos-de-coronavirus-en-entre-rios\/#article","isPartOf":{"@id":"https:\/\/informelitoral.com.ar\/este-martes-se-registraron-419-nuevos-casos-de-coronavirus-en-entre-rios\/"},"author":{"name":"Gonzalo Schmidt","@id":"https:\/\/informelitoral.com.ar\/#\/schema\/person\/b9d00407c836482871ef1d57bf8e3180"},"headline":"Este martes se registraron 419 nuevos casos de coronavirus en Entre R\u00edos","datePublished":"2021-05-11T16:50:23+00:00","mainEntityOfPage":{"@id":"https:\/\/informelitoral.com.ar\/este-martes-se-registraron-419-nuevos-casos-de-coronavirus-en-entre-rios\/"},"wordCount":237,"commentCount":0,"publisher":{"@id":"https:\/\/informelitoral.com.ar\/#organization"},"image":{"@id":"https:\/\/informelitoral.com.ar\/este-martes-se-registraron-419-nuevos-casos-de-coronavirus-en-entre-rios\/#primaryimage"},"thumbnailUrl":"https:\/\/informelitoral.com.ar\/%77%70%2d%63%6f%6e%74%65%6e%74\/uploads\/2020\/03\/CORONAVIRUS-PANDEMIA.jpg","keywords":["Coronavirus","COVID-19","Entre R\u00edos"],"articleSection":["Entre R\u00edos"],"inLanguage":"es","potentialAction":[{"@type":"CommentAction","name":"Comment","target":["https:\/\/informelitoral.com.ar\/este-martes-se-registraron-419-nuevos-casos-de-coronavirus-en-entre-rios\/#respond"]}]},{"@type":"WebPage","@id":"https:\/\/informelitoral.com.ar\/este-martes-se-registraron-419-nuevos-casos-de-coronavirus-en-entre-rios\/","url":"https:\/\/informelitoral.com.ar\/este-martes-se-registraron-419-nuevos-casos-de-coronavirus-en-entre-rios\/","name":"Este martes se registraron 419 nuevos casos de coronavirus en Entre R\u00edos - Informe Litoral","isPartOf":{"@id":"https:\/\/informelitoral.com.ar\/#website"},"primaryImageOfPage":{"@id":"https:\/\/informelitoral.com.ar\/este-martes-se-registraron-419-nuevos-casos-de-coronavirus-en-entre-rios\/#primaryimage"},"image":{"@id":"https:\/\/informelitoral.com.ar\/este-martes-se-registraron-419-nuevos-casos-de-coronavirus-en-entre-rios\/#primaryimage"},"thumbnailUrl":"https:\/\/informelitoral.com.ar\/%77%70%2d%63%6f%6e%74%65%6e%74\/uploads\/2020\/03\/CORONAVIRUS-PANDEMIA.jpg","datePublished":"2021-05-11T16:50:23+00:00","breadcrumb":{"@id":"https:\/\/informelitoral.com.ar\/este-martes-se-registraron-419-nuevos-casos-de-coronavirus-en-entre-rios\/#breadcrumb"},"inLanguage":"es","potentialAction":[{"@type":"ReadAction","target":["https:\/\/informelitoral.com.ar\/este-martes-se-registraron-419-nuevos-casos-de-coronavirus-en-entre-rios\/"]}]},{"@type":"ImageObject","inLanguage":"es","@id":"https:\/\/informelitoral.com.ar\/este-martes-se-registraron-419-nuevos-casos-de-coronavirus-en-entre-rios\/#primaryimage","url":"https:\/\/informelitoral.com.ar\/%77%70%2d%63%6f%6e%74%65%6e%74\/uploads\/2020\/03\/CORONAVIRUS-PANDEMIA.jpg","contentUrl":"https:\/\/informelitoral.com.ar\/%77%70%2d%63%6f%6e%74%65%6e%74\/uploads\/2020\/03\/CORONAVIRUS-PANDEMIA.jpg","width":660,"height":371},{"@type":"BreadcrumbList","@id":"https:\/\/informelitoral.com.ar\/este-martes-se-registraron-419-nuevos-casos-de-coronavirus-en-entre-rios\/#breadcrumb","itemListElement":[{"@type":"ListItem","position":1,"name":"Portada","item":"https:\/\/informelitoral.com.ar\/"},{"@type":"ListItem","position":2,"name":"Este martes se registraron 419 nuevos casos de coronavirus en Entre R\u00edos"}]},{"@type":"WebSite","@id":"https:\/\/informelitoral.com.ar\/#website","url":"https:\/\/informelitoral.com.ar\/","name":"Informe Litoral","description":"&quot;Nos informamos&quot; ","publisher":{"@id":"https:\/\/informelitoral.com.ar\/#organization"},"potentialAction":[{"@type":"SearchAction","target":{"@type":"EntryPoint","urlTemplate":"https:\/\/informelitoral.com.ar\/?s={search_term_string}"},"query-input":{"@type":"PropertyValueSpecification","valueRequired":true,"valueName":"search_term_string"}}],"inLanguage":"es"},{"@type":"Organization","@id":"https:\/\/informelitoral.com.ar\/#organization","name":"Informe Litoral","url":"https:\/\/informelitoral.com.ar\/","logo":{"@type":"ImageObject","inLanguage":"es","@id":"https:\/\/informelitoral.com.ar\/#\/schema\/logo\/image\/","url":"https:\/\/informelitoral.com.ar\/%77%70%2d%63%6f%6e%74%65%6e%74\/uploads\/2021\/01\/circulo.png","contentUrl":"https:\/\/informelitoral.com.ar\/%77%70%2d%63%6f%6e%74%65%6e%74\/uploads\/2021\/01\/circulo.png","width":723,"height":731,"caption":"Informe Litoral"},"image":{"@id":"https:\/\/informelitoral.com.ar\/#\/schema\/logo\/image\/"},"sameAs":["https:\/\/www.facebook.com\/informelitoral\/","https:\/\/x.com\/InformeLitoral","https:\/\/www.instagram.com\/informelitoral\/","https:\/\/www.youtube.com\/channel\/UCua4Qvz8Icb6MYqhoq9xLXw"]},{"@type":"Person","@id":"https:\/\/informelitoral.com.ar\/#\/schema\/person\/b9d00407c836482871ef1d57bf8e3180","name":"Gonzalo Schmidt","image":{"@type":"ImageObject","inLanguage":"es","@id":"https:\/\/secure.gravatar.com\/avatar\/31a1a7b66ff2de83bd0e9fd79d026630d2d99e55e8bfe501287647b4fd9743de?s=96&d=mm&r=g","url":"https:\/\/secure.gravatar.com\/avatar\/31a1a7b66ff2de83bd0e9fd79d026630d2d99e55e8bfe501287647b4fd9743de?s=96&d=mm&r=g","contentUrl":"https:\/\/secure.gravatar.com\/avatar\/31a1a7b66ff2de83bd0e9fd79d026630d2d99e55e8bfe501287647b4fd9743de?s=96&d=mm&r=g","caption":"Gonzalo Schmidt"},"description":"Sitio web de noticias de la provincia de Entre R\u00edos, Argentina. Informaci\u00f3n y entretenimiento. Informe Litoral, nos informamos.","sameAs":["http:\/\/www.isletasnoticias.com.ar"],"url":"https:\/\/informelitoral.com.ar\/author\/gonzalo\/"}]}},"_links":{"self":[{"href":"https:\/\/informelitoral.com.ar\/%77%70%2d%6a%73%6f%6e\/wp\/v2\/posts\/59834","targetHints":{"allow":["GET"]}}],"collection":[{"href":"https:\/\/informelitoral.com.ar\/%77%70%2d%6a%73%6f%6e\/wp\/v2\/posts"}],"about":[{"href":"https:\/\/informelitoral.com.ar\/%77%70%2d%6a%73%6f%6e\/wp\/v2\/types\/post"}],"author":[{"embeddable":true,"href":"https:\/\/informelitoral.com.ar\/%77%70%2d%6a%73%6f%6e\/wp\/v2\/users\/2"}],"replies":[{"embeddable":true,"href":"https:\/\/informelitoral.com.ar\/%77%70%2d%6a%73%6f%6e\/wp\/v2\/comments?post=59834"}],"version-history":[{"count":0,"href":"https:\/\/informelitoral.com.ar\/%77%70%2d%6a%73%6f%6e\/wp\/v2\/posts\/59834\/revisions"}],"wp:featuredmedia":[{"embeddable":true,"href":"https:\/\/informelitoral.com.ar\/%77%70%2d%6a%73%6f%6e\/wp\/v2\/media\/40842"}],"wp:attachment":[{"href":"https:\/\/informelitoral.com.ar\/%77%70%2d%6a%73%6f%6e\/wp\/v2\/media?parent=59834"}],"wp:term":[{"taxonomy":"category","embeddable":true,"href":"https:\/\/informelitoral.com.ar\/%77%70%2d%6a%73%6f%6e\/wp\/v2\/categories?post=59834"},{"taxonomy":"post_tag","embeddable":true,"href":"https:\/\/informelitoral.com.ar\/%77%70%2d%6a%73%6f%6e\/wp\/v2\/tags?post=59834"}],"curies":[{"name":"wp","href":"https:\/\/api.w.org\/{rel}","templated":true}]}}