{"id":59715,"date":"2021-05-08T14:34:19","date_gmt":"2021-05-08T17:34:19","guid":{"rendered":"https:\/\/www.informelitoral.com.ar\/?p=59715"},"modified":"2021-05-08T14:34:19","modified_gmt":"2021-05-08T17:34:19","slug":"la-ucr-entrerriana-tendra-candidatos-propios-para-las-elecciones-paso","status":"publish","type":"post","link":"https:\/\/informelitoral.com.ar\/la-ucr-entrerriana-tendra-candidatos-propios-para-las-elecciones-paso\/","title":{"rendered":"La UCR entrerriana tendr\u00e1 candidatos propios para las Elecciones PASO"},"content":{"rendered":"<p><strong>Pedro Galimberti (Chajar\u00ed) y Dar\u00edo Schneider (Crespo) son los nombres que este espacio del radicalismo entrerriano propone como alternativa para las Primarias.<\/strong>\u00a0Consideran que \u00abse debe protagonizar el proceso de cambio que tendr\u00e1 su primer hito en 2021, pero que es clave para la elecci\u00f3n general de 2023\u00bb.<\/p>\n<p>Con la participaci\u00f3n de m\u00e1s de un centenar de militantes y dirigentes de todos los departamentos de Entre R\u00edos,\u00a0<strong>este s\u00e1bado se realiz\u00f3 un Encuentro Provincial de \u00abConstruir\u00bb\u00a0<\/strong>por videoconferencia, atento a las condiciones restrictivas que impiden la realizaci\u00f3n de reuniones presenciales en la Provincia.<\/p>\n<div class=\"stream-item stream-item-in-post stream-item-inline-post aligncenter\"><a href=\"https:\/\/www.informelitoral.com.ar\/%77%70%2d%63%6f%6e%74%65%6e%74\/uploads\/2021\/05\/1.jpg\"><img loading=\"lazy\" decoding=\"async\" class=\"alignnone size-medium wp-image-59716\" src=\"https:\/\/www.informelitoral.com.ar\/%77%70%2d%63%6f%6e%74%65%6e%74\/uploads\/2021\/05\/1-300x169.jpg\" alt=\"\" width=\"300\" height=\"169\" srcset=\"https:\/\/informelitoral.com.ar\/%77%70%2d%63%6f%6e%74%65%6e%74\/uploads\/2021\/05\/1-300x169.jpg 300w, https:\/\/informelitoral.com.ar\/%77%70%2d%63%6f%6e%74%65%6e%74\/uploads\/2021\/05\/1-1024x575.jpg 1024w, https:\/\/informelitoral.com.ar\/%77%70%2d%63%6f%6e%74%65%6e%74\/uploads\/2021\/05\/1-768x431.jpg 768w, https:\/\/informelitoral.com.ar\/%77%70%2d%63%6f%6e%74%65%6e%74\/uploads\/2021\/05\/1-696x391.jpg 696w, https:\/\/informelitoral.com.ar\/%77%70%2d%63%6f%6e%74%65%6e%74\/uploads\/2021\/05\/1-1068x600.jpg 1068w, https:\/\/informelitoral.com.ar\/%77%70%2d%63%6f%6e%74%65%6e%74\/uploads\/2021\/05\/1-748x420.jpg 748w, https:\/\/informelitoral.com.ar\/%77%70%2d%63%6f%6e%74%65%6e%74\/uploads\/2021\/05\/1.jpg 1280w\" sizes=\"auto, (max-width: 300px) 100vw, 300px\" \/><\/a><\/div>\n<div>\n<p><strong>La principal novedad del encuentro fue la decisi\u00f3n un\u00e1nime de conformar una lista que aspire a representar a los entrerrianos en el Congreso Nacional, con impronta radical en el contexto del espacio m\u00e1s amplio de Juntos por el Cambio.<\/strong><\/p>\n<p>La apuesta fuerte de \u00abConstruir\u00bb estar\u00eda representada por dos de los dirigentes de mayor proyecci\u00f3n:\u00a0<strong>Pedro Galimberti (Chajar\u00ed)\u00a0<\/strong>y<strong>\u00a0Dar\u00edo Schneider (Crespo),<\/strong>\u00a0quienes ya expresaron su voluntad de protagonizar el proceso de cambio que les permita recuperar el Gobierno Provincial en 2023.<\/p>\n<p>\u00abConsideramos que las elecciones de este a\u00f1o son decisivas y por eso resolvimos proponer a nuestros mejores hombres a consideraci\u00f3n de los entrerrianos, porque queremos fortalecer el rol parlamentario de Juntos por el Cambio y, desde all\u00ed, empezar a fraguar el cambio que se visualiza cada vez m\u00e1s necesario en la provincia, luego de 20 a\u00f1os de distintas variantes de gobiernos peronistas\u00bb, se\u00f1alaron en el comunicado.<\/p>\n<p>En esta asamblea tambi\u00e9n por acuerdo un\u00e1nime se sum\u00f3 a la mesa de conducci\u00f3n a\u00a0<strong>Julieta Carraza (Gualeguaych\u00fa)<\/strong> recientemente electa presidenta provincial de la Juventud de la UCR.<\/p>\n<p><a href=\"https:\/\/www.informelitoral.com.ar\/%77%70%2d%63%6f%6e%74%65%6e%74\/uploads\/2021\/05\/3.jpg\"><img loading=\"lazy\" decoding=\"async\" class=\"aligncenter wp-image-59717 size-large\" src=\"https:\/\/www.informelitoral.com.ar\/%77%70%2d%63%6f%6e%74%65%6e%74\/uploads\/2021\/05\/3-1024x575.jpg\" alt=\"\" width=\"696\" height=\"391\" srcset=\"https:\/\/informelitoral.com.ar\/%77%70%2d%63%6f%6e%74%65%6e%74\/uploads\/2021\/05\/3-1024x575.jpg 1024w, https:\/\/informelitoral.com.ar\/%77%70%2d%63%6f%6e%74%65%6e%74\/uploads\/2021\/05\/3-300x169.jpg 300w, https:\/\/informelitoral.com.ar\/%77%70%2d%63%6f%6e%74%65%6e%74\/uploads\/2021\/05\/3-768x431.jpg 768w, https:\/\/informelitoral.com.ar\/%77%70%2d%63%6f%6e%74%65%6e%74\/uploads\/2021\/05\/3-696x391.jpg 696w, https:\/\/informelitoral.com.ar\/%77%70%2d%63%6f%6e%74%65%6e%74\/uploads\/2021\/05\/3-1068x600.jpg 1068w, https:\/\/informelitoral.com.ar\/%77%70%2d%63%6f%6e%74%65%6e%74\/uploads\/2021\/05\/3-748x420.jpg 748w, https:\/\/informelitoral.com.ar\/%77%70%2d%63%6f%6e%74%65%6e%74\/uploads\/2021\/05\/3.jpg 1280w\" sizes=\"auto, (max-width: 696px) 100vw, 696px\" \/><\/a><\/p>\n<p>Asimismo\u00a0<strong>el espacio acord\u00f3 intensificar el trabajo territorial,\u00a0<\/strong>donde \u00abConstruir\u00bb tiene un valor agregado, y\u00a0<strong>se defini\u00f3 la diagramaci\u00f3n de una serie de recorridas por diferentes localidades.<\/strong>\u00a0Las mismas comenzar\u00e1n esta semana entrante y tendr\u00e1n epicentro en<strong>\u00a0Paran\u00e1 y Concordia<\/strong>, en la jornada del martes, y\u00a0<strong>Concepci\u00f3n del Uruguay y Gualeguaych\u00fa<\/strong>\u00a0durante el mi\u00e9rcoles. En cada una de estas visitas estar\u00e1n Galimberti y Schneider, acompa\u00f1ados por algunos integrantes de la Mesa de Coordinaci\u00f3n del espacio.<\/p>\n<p>Respecto a las caracter\u00edsticas de esta recorrida se supo que en cada localidad se mantendr\u00e1n visitas a dirigentes y militantes y, adem\u00e1s, se tomar\u00e1 contacto con los medios de comunicaci\u00f3n para, por intermedio de ellos, llegar a los vecinos de los cuatro principales distritos electorales de Entre R\u00edos.<\/p>\n<p>\u00ab<strong>Aqu\u00ed hay un equipo de entrerrianos con vocaci\u00f3n de gobernar para transformar. Somos un espacio amplio y plural que hace del di\u00e1logo una pr\u00e1ctica pol\u00edtica cotidiana\u00bb<\/strong>, se\u00f1alaron, para luego indicar que \u00abConstruir\u00bb tiene vocaci\u00f3n y convicciones firmes. Con esa impronta, pretenden ampliar el espacio con otros sectores del radicalismo, con los dem\u00e1s partidos que son parte de Juntos por el Cambio y con otros actores sociales y pol\u00edticos que trabajan para el proceso de cambio en Entre R\u00edos.<\/p>\n<h4><strong>TE PUEDE INTERESAR:<\/strong><\/h4>\n<\/div>\n<blockquote class=\"wp-embedded-content\" data-secret=\"tpt2hmxN82\"><p><a href=\"https:\/\/www.informelitoral.com.ar\/hay-acuerdo-para-postegar-las-elecciones-2021\/\">Hay acuerdo para postegar las elecciones 2021<\/a><\/p><\/blockquote>\n<p><iframe loading=\"lazy\" class=\"wp-embedded-content\" sandbox=\"allow-scripts\" security=\"restricted\" style=\"position: absolute; clip: rect(1px, 1px, 1px, 1px);\" title=\"\u00abHay acuerdo para postegar las elecciones 2021\u00bb \u2014 Informe Litoral\" src=\"https:\/\/www.informelitoral.com.ar\/hay-acuerdo-para-postegar-las-elecciones-2021\/embed\/#?secret=tpt2hmxN82\" data-secret=\"tpt2hmxN82\" width=\"600\" height=\"338\" frameborder=\"0\" marginwidth=\"0\" marginheight=\"0\" scrolling=\"no\"><\/iframe><\/p>\n<blockquote class=\"wp-embedded-content\" data-secret=\"L5s43tUMWo\"><p><a href=\"https:\/\/www.informelitoral.com.ar\/elecciones-2021-ya-se-puede-consultar-el-padron-a-traves-de-internet\/\">Elecciones 2021: ya se puede consultar el padr\u00f3n a trav\u00e9s de internet<\/a><\/p><\/blockquote>\n<p><iframe loading=\"lazy\" class=\"wp-embedded-content\" sandbox=\"allow-scripts\" security=\"restricted\" style=\"position: absolute; clip: rect(1px, 1px, 1px, 1px);\" title=\"\u00abElecciones 2021: ya se puede consultar el padr\u00f3n a trav\u00e9s de internet\u00bb \u2014 Informe Litoral\" src=\"https:\/\/www.informelitoral.com.ar\/elecciones-2021-ya-se-puede-consultar-el-padron-a-traves-de-internet\/embed\/#?secret=L5s43tUMWo\" data-secret=\"L5s43tUMWo\" width=\"600\" height=\"338\" frameborder=\"0\" marginwidth=\"0\" marginheight=\"0\" scrolling=\"no\"><\/iframe><\/p>\n<p>&nbsp;<\/p>\n<p>&nbsp;<\/p>\n<p>&nbsp;<\/p>\n<div><\/div>\n","protected":false},"excerpt":{"rendered":"<p>La lista estar\u00e1 encabezada por los intendentes de Crespo y Chajar\u00ed. Ambos forman parte de \u00abConstruir\u00bb, un espacio interno dentro del radicalismo. Empezar\u00e1n las recorridas provinciales.<\/p>\n","protected":false},"author":2,"featured_media":59718,"comment_status":"open","ping_status":"open","sticky":false,"template":"","format":"standard","meta":{"fifu_image_url":"","fifu_image_alt":"","footnotes":""},"categories":[16],"tags":[2287,2254,81,2293,1147,169],"class_list":{"0":"post-59715","1":"post","2":"type-post","3":"status-publish","4":"format-standard","5":"has-post-thumbnail","7":"category-politi","8":"tag-construir-ucr","9":"tag-elecciones-2021","10":"tag-entre-rios","11":"tag-paso","12":"tag-radicalismo","13":"tag-ucr"},"yoast_head":"<title>La UCR entrerriana tendr\u00e1 candidatos propios para las Elecciones PASO - Informe Litoral<\/title>\n<meta name=\"robots\" content=\"index, follow, max-snippet:-1, max-image-preview:large, max-video-preview:-1\" \/>\n<link rel=\"canonical\" href=\"https:\/\/informelitoral.com.ar\/la-ucr-entrerriana-tendra-candidatos-propios-para-las-elecciones-paso\/\" \/>\n<meta property=\"og:locale\" content=\"es_ES\" \/>\n<meta property=\"og:type\" content=\"article\" \/>\n<meta property=\"og:title\" content=\"La UCR entrerriana tendr\u00e1 candidatos propios para las Elecciones PASO - Informe Litoral\" \/>\n<meta property=\"og:description\" content=\"La lista estar\u00e1 encabezada por los intendentes de Crespo y Chajar\u00ed. Ambos forman parte de &quot;Construir&quot;, un espacio interno dentro del radicalismo. Empezar\u00e1n las recorridas provinciales.\" \/>\n<meta property=\"og:url\" content=\"https:\/\/informelitoral.com.ar\/la-ucr-entrerriana-tendra-candidatos-propios-para-las-elecciones-paso\/\" \/>\n<meta property=\"og:site_name\" content=\"Informe Litoral\" \/>\n<meta property=\"article:publisher\" content=\"https:\/\/www.facebook.com\/informelitoral\/\" \/>\n<meta property=\"article:published_time\" content=\"2021-05-08T17:34:19+00:00\" \/>\n<meta property=\"og:image\" content=\"https:\/\/informelitoral.com.ar\/%77%70%2d%63%6f%6e%74%65%6e%74\/uploads\/2021\/05\/galimberti-schneider.jpg\" \/>\n\t<meta property=\"og:image:width\" content=\"760\" \/>\n\t<meta property=\"og:image:height\" content=\"331\" \/>\n\t<meta property=\"og:image:type\" content=\"image\/jpeg\" \/>\n<meta name=\"author\" content=\"Gonzalo Schmidt\" \/>\n<meta name=\"twitter:card\" content=\"summary_large_image\" \/>\n<meta name=\"twitter:creator\" content=\"@InformeLitoral\" \/>\n<meta name=\"twitter:site\" content=\"@InformeLitoral\" \/>\n<meta name=\"twitter:label1\" content=\"Escrito por\" \/>\n\t<meta name=\"twitter:data1\" content=\"Gonzalo Schmidt\" \/>\n\t<meta name=\"twitter:label2\" content=\"Tiempo de lectura\" \/>\n\t<meta name=\"twitter:data2\" content=\"3 minutos\" \/>\n<script type=\"application\/ld+json\" class=\"yoast-schema-graph\">{\"@context\":\"https:\\\/\\\/schema.org\",\"@graph\":[{\"@type\":\"Article\",\"@id\":\"https:\\\/\\\/informelitoral.com.ar\\\/la-ucr-entrerriana-tendra-candidatos-propios-para-las-elecciones-paso\\\/#article\",\"isPartOf\":{\"@id\":\"https:\\\/\\\/informelitoral.com.ar\\\/la-ucr-entrerriana-tendra-candidatos-propios-para-las-elecciones-paso\\\/\"},\"author\":{\"name\":\"Gonzalo Schmidt\",\"@id\":\"https:\\\/\\\/informelitoral.com.ar\\\/#\\\/schema\\\/person\\\/b9d00407c836482871ef1d57bf8e3180\"},\"headline\":\"La UCR entrerriana tendr\u00e1 candidatos propios para las Elecciones PASO\",\"datePublished\":\"2021-05-08T17:34:19+00:00\",\"mainEntityOfPage\":{\"@id\":\"https:\\\/\\\/informelitoral.com.ar\\\/la-ucr-entrerriana-tendra-candidatos-propios-para-las-elecciones-paso\\\/\"},\"wordCount\":537,\"commentCount\":0,\"publisher\":{\"@id\":\"https:\\\/\\\/informelitoral.com.ar\\\/#organization\"},\"image\":{\"@id\":\"https:\\\/\\\/informelitoral.com.ar\\\/la-ucr-entrerriana-tendra-candidatos-propios-para-las-elecciones-paso\\\/#primaryimage\"},\"thumbnailUrl\":\"https:\\\/\\\/informelitoral.com.ar\\\/%77%70%2d%63%6f%6e%74%65%6e%74\\\/uploads\\\/2021\\\/05\\\/galimberti-schneider.jpg\",\"keywords\":[\"Construir UCR\",\"Elecciones 2021\",\"Entre R\u00edos\",\"PASO\",\"Radicalismo\",\"UCR\"],\"articleSection\":[\"Politica\"],\"inLanguage\":\"es\",\"potentialAction\":[{\"@type\":\"CommentAction\",\"name\":\"Comment\",\"target\":[\"https:\\\/\\\/informelitoral.com.ar\\\/la-ucr-entrerriana-tendra-candidatos-propios-para-las-elecciones-paso\\\/#respond\"]}]},{\"@type\":\"WebPage\",\"@id\":\"https:\\\/\\\/informelitoral.com.ar\\\/la-ucr-entrerriana-tendra-candidatos-propios-para-las-elecciones-paso\\\/\",\"url\":\"https:\\\/\\\/informelitoral.com.ar\\\/la-ucr-entrerriana-tendra-candidatos-propios-para-las-elecciones-paso\\\/\",\"name\":\"La UCR entrerriana tendr\u00e1 candidatos propios para las Elecciones PASO - Informe Litoral\",\"isPartOf\":{\"@id\":\"https:\\\/\\\/informelitoral.com.ar\\\/#website\"},\"primaryImageOfPage\":{\"@id\":\"https:\\\/\\\/informelitoral.com.ar\\\/la-ucr-entrerriana-tendra-candidatos-propios-para-las-elecciones-paso\\\/#primaryimage\"},\"image\":{\"@id\":\"https:\\\/\\\/informelitoral.com.ar\\\/la-ucr-entrerriana-tendra-candidatos-propios-para-las-elecciones-paso\\\/#primaryimage\"},\"thumbnailUrl\":\"https:\\\/\\\/informelitoral.com.ar\\\/%77%70%2d%63%6f%6e%74%65%6e%74\\\/uploads\\\/2021\\\/05\\\/galimberti-schneider.jpg\",\"datePublished\":\"2021-05-08T17:34:19+00:00\",\"breadcrumb\":{\"@id\":\"https:\\\/\\\/informelitoral.com.ar\\\/la-ucr-entrerriana-tendra-candidatos-propios-para-las-elecciones-paso\\\/#breadcrumb\"},\"inLanguage\":\"es\",\"potentialAction\":[{\"@type\":\"ReadAction\",\"target\":[\"https:\\\/\\\/informelitoral.com.ar\\\/la-ucr-entrerriana-tendra-candidatos-propios-para-las-elecciones-paso\\\/\"]}]},{\"@type\":\"ImageObject\",\"inLanguage\":\"es\",\"@id\":\"https:\\\/\\\/informelitoral.com.ar\\\/la-ucr-entrerriana-tendra-candidatos-propios-para-las-elecciones-paso\\\/#primaryimage\",\"url\":\"https:\\\/\\\/informelitoral.com.ar\\\/%77%70%2d%63%6f%6e%74%65%6e%74\\\/uploads\\\/2021\\\/05\\\/galimberti-schneider.jpg\",\"contentUrl\":\"https:\\\/\\\/informelitoral.com.ar\\\/%77%70%2d%63%6f%6e%74%65%6e%74\\\/uploads\\\/2021\\\/05\\\/galimberti-schneider.jpg\",\"width\":760,\"height\":331},{\"@type\":\"BreadcrumbList\",\"@id\":\"https:\\\/\\\/informelitoral.com.ar\\\/la-ucr-entrerriana-tendra-candidatos-propios-para-las-elecciones-paso\\\/#breadcrumb\",\"itemListElement\":[{\"@type\":\"ListItem\",\"position\":1,\"name\":\"Portada\",\"item\":\"https:\\\/\\\/informelitoral.com.ar\\\/\"},{\"@type\":\"ListItem\",\"position\":2,\"name\":\"La UCR entrerriana tendr\u00e1 candidatos propios para las Elecciones PASO\"}]},{\"@type\":\"WebSite\",\"@id\":\"https:\\\/\\\/informelitoral.com.ar\\\/#website\",\"url\":\"https:\\\/\\\/informelitoral.com.ar\\\/\",\"name\":\"Informe Litoral\",\"description\":\"&quot;Nos informamos&quot; \",\"publisher\":{\"@id\":\"https:\\\/\\\/informelitoral.com.ar\\\/#organization\"},\"potentialAction\":[{\"@type\":\"SearchAction\",\"target\":{\"@type\":\"EntryPoint\",\"urlTemplate\":\"https:\\\/\\\/informelitoral.com.ar\\\/?s={search_term_string}\"},\"query-input\":{\"@type\":\"PropertyValueSpecification\",\"valueRequired\":true,\"valueName\":\"search_term_string\"}}],\"inLanguage\":\"es\"},{\"@type\":\"Organization\",\"@id\":\"https:\\\/\\\/informelitoral.com.ar\\\/#organization\",\"name\":\"Informe Litoral\",\"url\":\"https:\\\/\\\/informelitoral.com.ar\\\/\",\"logo\":{\"@type\":\"ImageObject\",\"inLanguage\":\"es\",\"@id\":\"https:\\\/\\\/informelitoral.com.ar\\\/#\\\/schema\\\/logo\\\/image\\\/\",\"url\":\"https:\\\/\\\/informelitoral.com.ar\\\/%77%70%2d%63%6f%6e%74%65%6e%74\\\/uploads\\\/2021\\\/01\\\/circulo.png\",\"contentUrl\":\"https:\\\/\\\/informelitoral.com.ar\\\/%77%70%2d%63%6f%6e%74%65%6e%74\\\/uploads\\\/2021\\\/01\\\/circulo.png\",\"width\":723,\"height\":731,\"caption\":\"Informe Litoral\"},\"image\":{\"@id\":\"https:\\\/\\\/informelitoral.com.ar\\\/#\\\/schema\\\/logo\\\/image\\\/\"},\"sameAs\":[\"https:\\\/\\\/www.facebook.com\\\/informelitoral\\\/\",\"https:\\\/\\\/x.com\\\/InformeLitoral\",\"https:\\\/\\\/www.instagram.com\\\/informelitoral\\\/\",\"https:\\\/\\\/www.youtube.com\\\/channel\\\/UCua4Qvz8Icb6MYqhoq9xLXw\"]},{\"@type\":\"Person\",\"@id\":\"https:\\\/\\\/informelitoral.com.ar\\\/#\\\/schema\\\/person\\\/b9d00407c836482871ef1d57bf8e3180\",\"name\":\"Gonzalo Schmidt\",\"image\":{\"@type\":\"ImageObject\",\"inLanguage\":\"es\",\"@id\":\"https:\\\/\\\/secure.gravatar.com\\\/avatar\\\/31a1a7b66ff2de83bd0e9fd79d026630d2d99e55e8bfe501287647b4fd9743de?s=96&d=mm&r=g\",\"url\":\"https:\\\/\\\/secure.gravatar.com\\\/avatar\\\/31a1a7b66ff2de83bd0e9fd79d026630d2d99e55e8bfe501287647b4fd9743de?s=96&d=mm&r=g\",\"contentUrl\":\"https:\\\/\\\/secure.gravatar.com\\\/avatar\\\/31a1a7b66ff2de83bd0e9fd79d026630d2d99e55e8bfe501287647b4fd9743de?s=96&d=mm&r=g\",\"caption\":\"Gonzalo Schmidt\"},\"description\":\"Sitio web de noticias de la provincia de Entre R\u00edos, Argentina. Informaci\u00f3n y entretenimiento. Informe Litoral, nos informamos.\",\"sameAs\":[\"http:\\\/\\\/www.isletasnoticias.com.ar\"],\"url\":\"https:\\\/\\\/informelitoral.com.ar\\\/author\\\/gonzalo\\\/\"}]}<\/script>","yoast_head_json":{"title":"La UCR entrerriana tendr\u00e1 candidatos propios para las Elecciones PASO - Informe Litoral","robots":{"index":"index","follow":"follow","max-snippet":"max-snippet:-1","max-image-preview":"max-image-preview:large","max-video-preview":"max-video-preview:-1"},"canonical":"https:\/\/informelitoral.com.ar\/la-ucr-entrerriana-tendra-candidatos-propios-para-las-elecciones-paso\/","og_locale":"es_ES","og_type":"article","og_title":"La UCR entrerriana tendr\u00e1 candidatos propios para las Elecciones PASO - Informe Litoral","og_description":"La lista estar\u00e1 encabezada por los intendentes de Crespo y Chajar\u00ed. Ambos forman parte de \"Construir\", un espacio interno dentro del radicalismo. Empezar\u00e1n las recorridas provinciales.","og_url":"https:\/\/informelitoral.com.ar\/la-ucr-entrerriana-tendra-candidatos-propios-para-las-elecciones-paso\/","og_site_name":"Informe Litoral","article_publisher":"https:\/\/www.facebook.com\/informelitoral\/","article_published_time":"2021-05-08T17:34:19+00:00","og_image":[{"width":760,"height":331,"url":"https:\/\/informelitoral.com.ar\/%77%70%2d%63%6f%6e%74%65%6e%74\/uploads\/2021\/05\/galimberti-schneider.jpg","type":"image\/jpeg"}],"author":"Gonzalo Schmidt","twitter_card":"summary_large_image","twitter_creator":"@InformeLitoral","twitter_site":"@InformeLitoral","twitter_misc":{"Escrito por":"Gonzalo Schmidt","Tiempo de lectura":"3 minutos"},"schema":{"@context":"https:\/\/schema.org","@graph":[{"@type":"Article","@id":"https:\/\/informelitoral.com.ar\/la-ucr-entrerriana-tendra-candidatos-propios-para-las-elecciones-paso\/#article","isPartOf":{"@id":"https:\/\/informelitoral.com.ar\/la-ucr-entrerriana-tendra-candidatos-propios-para-las-elecciones-paso\/"},"author":{"name":"Gonzalo Schmidt","@id":"https:\/\/informelitoral.com.ar\/#\/schema\/person\/b9d00407c836482871ef1d57bf8e3180"},"headline":"La UCR entrerriana tendr\u00e1 candidatos propios para las Elecciones PASO","datePublished":"2021-05-08T17:34:19+00:00","mainEntityOfPage":{"@id":"https:\/\/informelitoral.com.ar\/la-ucr-entrerriana-tendra-candidatos-propios-para-las-elecciones-paso\/"},"wordCount":537,"commentCount":0,"publisher":{"@id":"https:\/\/informelitoral.com.ar\/#organization"},"image":{"@id":"https:\/\/informelitoral.com.ar\/la-ucr-entrerriana-tendra-candidatos-propios-para-las-elecciones-paso\/#primaryimage"},"thumbnailUrl":"https:\/\/informelitoral.com.ar\/%77%70%2d%63%6f%6e%74%65%6e%74\/uploads\/2021\/05\/galimberti-schneider.jpg","keywords":["Construir UCR","Elecciones 2021","Entre R\u00edos","PASO","Radicalismo","UCR"],"articleSection":["Politica"],"inLanguage":"es","potentialAction":[{"@type":"CommentAction","name":"Comment","target":["https:\/\/informelitoral.com.ar\/la-ucr-entrerriana-tendra-candidatos-propios-para-las-elecciones-paso\/#respond"]}]},{"@type":"WebPage","@id":"https:\/\/informelitoral.com.ar\/la-ucr-entrerriana-tendra-candidatos-propios-para-las-elecciones-paso\/","url":"https:\/\/informelitoral.com.ar\/la-ucr-entrerriana-tendra-candidatos-propios-para-las-elecciones-paso\/","name":"La UCR entrerriana tendr\u00e1 candidatos propios para las Elecciones PASO - Informe Litoral","isPartOf":{"@id":"https:\/\/informelitoral.com.ar\/#website"},"primaryImageOfPage":{"@id":"https:\/\/informelitoral.com.ar\/la-ucr-entrerriana-tendra-candidatos-propios-para-las-elecciones-paso\/#primaryimage"},"image":{"@id":"https:\/\/informelitoral.com.ar\/la-ucr-entrerriana-tendra-candidatos-propios-para-las-elecciones-paso\/#primaryimage"},"thumbnailUrl":"https:\/\/informelitoral.com.ar\/%77%70%2d%63%6f%6e%74%65%6e%74\/uploads\/2021\/05\/galimberti-schneider.jpg","datePublished":"2021-05-08T17:34:19+00:00","breadcrumb":{"@id":"https:\/\/informelitoral.com.ar\/la-ucr-entrerriana-tendra-candidatos-propios-para-las-elecciones-paso\/#breadcrumb"},"inLanguage":"es","potentialAction":[{"@type":"ReadAction","target":["https:\/\/informelitoral.com.ar\/la-ucr-entrerriana-tendra-candidatos-propios-para-las-elecciones-paso\/"]}]},{"@type":"ImageObject","inLanguage":"es","@id":"https:\/\/informelitoral.com.ar\/la-ucr-entrerriana-tendra-candidatos-propios-para-las-elecciones-paso\/#primaryimage","url":"https:\/\/informelitoral.com.ar\/%77%70%2d%63%6f%6e%74%65%6e%74\/uploads\/2021\/05\/galimberti-schneider.jpg","contentUrl":"https:\/\/informelitoral.com.ar\/%77%70%2d%63%6f%6e%74%65%6e%74\/uploads\/2021\/05\/galimberti-schneider.jpg","width":760,"height":331},{"@type":"BreadcrumbList","@id":"https:\/\/informelitoral.com.ar\/la-ucr-entrerriana-tendra-candidatos-propios-para-las-elecciones-paso\/#breadcrumb","itemListElement":[{"@type":"ListItem","position":1,"name":"Portada","item":"https:\/\/informelitoral.com.ar\/"},{"@type":"ListItem","position":2,"name":"La UCR entrerriana tendr\u00e1 candidatos propios para las Elecciones PASO"}]},{"@type":"WebSite","@id":"https:\/\/informelitoral.com.ar\/#website","url":"https:\/\/informelitoral.com.ar\/","name":"Informe Litoral","description":"&quot;Nos informamos&quot; ","publisher":{"@id":"https:\/\/informelitoral.com.ar\/#organization"},"potentialAction":[{"@type":"SearchAction","target":{"@type":"EntryPoint","urlTemplate":"https:\/\/informelitoral.com.ar\/?s={search_term_string}"},"query-input":{"@type":"PropertyValueSpecification","valueRequired":true,"valueName":"search_term_string"}}],"inLanguage":"es"},{"@type":"Organization","@id":"https:\/\/informelitoral.com.ar\/#organization","name":"Informe Litoral","url":"https:\/\/informelitoral.com.ar\/","logo":{"@type":"ImageObject","inLanguage":"es","@id":"https:\/\/informelitoral.com.ar\/#\/schema\/logo\/image\/","url":"https:\/\/informelitoral.com.ar\/%77%70%2d%63%6f%6e%74%65%6e%74\/uploads\/2021\/01\/circulo.png","contentUrl":"https:\/\/informelitoral.com.ar\/%77%70%2d%63%6f%6e%74%65%6e%74\/uploads\/2021\/01\/circulo.png","width":723,"height":731,"caption":"Informe Litoral"},"image":{"@id":"https:\/\/informelitoral.com.ar\/#\/schema\/logo\/image\/"},"sameAs":["https:\/\/www.facebook.com\/informelitoral\/","https:\/\/x.com\/InformeLitoral","https:\/\/www.instagram.com\/informelitoral\/","https:\/\/www.youtube.com\/channel\/UCua4Qvz8Icb6MYqhoq9xLXw"]},{"@type":"Person","@id":"https:\/\/informelitoral.com.ar\/#\/schema\/person\/b9d00407c836482871ef1d57bf8e3180","name":"Gonzalo Schmidt","image":{"@type":"ImageObject","inLanguage":"es","@id":"https:\/\/secure.gravatar.com\/avatar\/31a1a7b66ff2de83bd0e9fd79d026630d2d99e55e8bfe501287647b4fd9743de?s=96&d=mm&r=g","url":"https:\/\/secure.gravatar.com\/avatar\/31a1a7b66ff2de83bd0e9fd79d026630d2d99e55e8bfe501287647b4fd9743de?s=96&d=mm&r=g","contentUrl":"https:\/\/secure.gravatar.com\/avatar\/31a1a7b66ff2de83bd0e9fd79d026630d2d99e55e8bfe501287647b4fd9743de?s=96&d=mm&r=g","caption":"Gonzalo Schmidt"},"description":"Sitio web de noticias de la provincia de Entre R\u00edos, Argentina. Informaci\u00f3n y entretenimiento. Informe Litoral, nos informamos.","sameAs":["http:\/\/www.isletasnoticias.com.ar"],"url":"https:\/\/informelitoral.com.ar\/author\/gonzalo\/"}]}},"_links":{"self":[{"href":"https:\/\/informelitoral.com.ar\/%77%70%2d%6a%73%6f%6e\/wp\/v2\/posts\/59715","targetHints":{"allow":["GET"]}}],"collection":[{"href":"https:\/\/informelitoral.com.ar\/%77%70%2d%6a%73%6f%6e\/wp\/v2\/posts"}],"about":[{"href":"https:\/\/informelitoral.com.ar\/%77%70%2d%6a%73%6f%6e\/wp\/v2\/types\/post"}],"author":[{"embeddable":true,"href":"https:\/\/informelitoral.com.ar\/%77%70%2d%6a%73%6f%6e\/wp\/v2\/users\/2"}],"replies":[{"embeddable":true,"href":"https:\/\/informelitoral.com.ar\/%77%70%2d%6a%73%6f%6e\/wp\/v2\/comments?post=59715"}],"version-history":[{"count":0,"href":"https:\/\/informelitoral.com.ar\/%77%70%2d%6a%73%6f%6e\/wp\/v2\/posts\/59715\/revisions"}],"wp:featuredmedia":[{"embeddable":true,"href":"https:\/\/informelitoral.com.ar\/%77%70%2d%6a%73%6f%6e\/wp\/v2\/media\/59718"}],"wp:attachment":[{"href":"https:\/\/informelitoral.com.ar\/%77%70%2d%6a%73%6f%6e\/wp\/v2\/media?parent=59715"}],"wp:term":[{"taxonomy":"category","embeddable":true,"href":"https:\/\/informelitoral.com.ar\/%77%70%2d%6a%73%6f%6e\/wp\/v2\/categories?post=59715"},{"taxonomy":"post_tag","embeddable":true,"href":"https:\/\/informelitoral.com.ar\/%77%70%2d%6a%73%6f%6e\/wp\/v2\/tags?post=59715"}],"curies":[{"name":"wp","href":"https:\/\/api.w.org\/{rel}","templated":true}]}}