{"id":59670,"date":"2021-05-07T10:34:20","date_gmt":"2021-05-07T13:34:20","guid":{"rendered":"https:\/\/www.informelitoral.com.ar\/?p=59670"},"modified":"2021-05-07T10:34:20","modified_gmt":"2021-05-07T13:34:20","slug":"parana-avanza-la-obra-de-avenida-circunvalacion-entre-almafuerte-y-ruta-12","status":"publish","type":"post","link":"https:\/\/informelitoral.com.ar\/parana-avanza-la-obra-de-avenida-circunvalacion-entre-almafuerte-y-ruta-12\/","title":{"rendered":"Paran\u00e1: avanza la obra de Avenida Circunvalaci\u00f3n entre Almafuerte y Ruta 12"},"content":{"rendered":"<p>El intendente de Paran\u00e1, Ad\u00e1n Bahl recorri\u00f3 los trabajos junto a Daniel Koch, jefe del Distrito Entre R\u00edos de Vialidad Nacional. \u00abEst\u00e1 pensada de manera integral, para jerarquizarnos como ciudad y ponernos al mismo nivel de otras capitales\u00bb, destac\u00f3.<\/p>\n<p>\u00abLa obra de Circunvalaci\u00f3n es una reparaci\u00f3n hist\u00f3rica para la ciudad y la regi\u00f3n que avanza tras d\u00e9cadas de postergaci\u00f3n\u00bb, expres\u00f3 Bahl y agreg\u00f3:\u00a0\u00abEs el resultado de muchos meses de gesti\u00f3n y del trabajo conjunto con Provincia y con Naci\u00f3n. Estamos muy agradecidos al Presidente Alberto Fern\u00e1ndez, al Ministro Katopodis, al titular de Vialidad Gustavo Arrieta y al Gobernador Bordet por haber entendido la importancia que la Circunvalaci\u00f3n tiene para Paran\u00e1\u00bb.<\/p>\n<p>Adem\u00e1s de beneficiar a Paran\u00e1 y el \u00c1rea Metropolitana, el proyecto mejora la integraci\u00f3n regional y la conectividad con el T\u00fanel Subfluvial, la Ruta 18 y el Parque Industrial. Se trata de un desarrollo estrat\u00e9gico fundamental en la radicaci\u00f3n de empresas que generen empleo.<\/p>\n<p>\u00abVa a tener un gran impacto en la ciudad y responde a nuestro objetivo de mejorar y dinamizar los principales accesos a Paran\u00e1. Est\u00e1 pensada de manera integral, para jerarquizarnos como ciudad y ponernos al mismo nivel de otras capitales de Provincia\u00bb, destac\u00f3 Bahl.<\/p>\n<p>Luego, el intendente destac\u00f3 que el proyecto se plantea como doble v\u00eda, cuenta con varios ingresos a distinto nivel e incluye calles colectoras. En ese sentido, \u00abes un gran aporte a la seguridad vial y un enorme beneficio para los vecinos que hace tiempo reclaman por mejores condiciones en la zona\u00bb, expres\u00f3.<\/p>\n<div class=\"wp-block-image\">\n<figure class=\"aligncenter size-large\"><img loading=\"lazy\" decoding=\"async\" class=\"wp-image-17269 aligncenter\" src=\"https:\/\/paranahaciaelmundo.com\/%77%70%2d%63%6f%6e%74%65%6e%74\/uploads\/2021\/05\/c62a5288-4780-49a1-8bf2-427ccde2acef-1024x768.jpg\" sizes=\"auto, (max-width: 1024px) 100vw, 1024px\" srcset=\"https:\/\/paranahaciaelmundo.com\/%77%70%2d%63%6f%6e%74%65%6e%74\/uploads\/2021\/05\/c62a5288-4780-49a1-8bf2-427ccde2acef-1024x768.jpg 1024w, https:\/\/paranahaciaelmundo.com\/%77%70%2d%63%6f%6e%74%65%6e%74\/uploads\/2021\/05\/c62a5288-4780-49a1-8bf2-427ccde2acef-300x225.jpg 300w, https:\/\/paranahaciaelmundo.com\/%77%70%2d%63%6f%6e%74%65%6e%74\/uploads\/2021\/05\/c62a5288-4780-49a1-8bf2-427ccde2acef-768x576.jpg 768w, https:\/\/paranahaciaelmundo.com\/%77%70%2d%63%6f%6e%74%65%6e%74\/uploads\/2021\/05\/c62a5288-4780-49a1-8bf2-427ccde2acef.jpg 1280w\" alt=\"\" width=\"1024\" height=\"768\" \/><\/figure>\n<\/div>\n<p>&nbsp;<\/p>\n<p>Otra de las ventajas, remarc\u00f3, es el desv\u00edo del tr\u00e1nsito pesado. Gracias a la obra, muchos camiones no van a necesitar ingresar a Paran\u00e1 y eso va a contribuir al mantenimiento y recuperaci\u00f3n de las calles.<\/p>\n<p>Por su parte, Daniel Koch, inform\u00f3 que el trabajo se viene desarrollando\u00a0\u00aben tiempo y en forma\u00bb\u00a0y valor\u00f3 la colaboraci\u00f3n entre el Municipio, Provincia y Naci\u00f3n para concretarla,\u00a0\u201cen el marco de la firme decisi\u00f3n del presidente de Naci\u00f3n, Alberto Fern\u00e1ndez, para que la obra p\u00fablica sea la herramienta pospandemia que active la econom\u00eda\u201d.<\/p>\n<p>En ese marco, resalt\u00f3 que se plantearon 24 meses de ejecuci\u00f3n y que podr\u00eda estar finalizada en diciembre del 2022 o enero del 2023.<\/p>\n<p>\u00abEsta obra beneficia a los paranaenses y tambi\u00e9n a los entrerrianos. Paran\u00e1 es una de las pocas capitales de provincia en el pa\u00eds que no tienen circunvalaci\u00f3n y esta obra la jerarquiza en ese sentido\u00bb, concluy\u00f3 Koch.<\/p>\n<p>Participaron tambi\u00e9n el secretario de Obras P\u00fablicas, Maximiliano Argento; el coordinador de Asuntos Municipales en la Regi\u00f3n Centro del Ministerio del Interior, Tom\u00e1s Ledesma; y el ingeniero de Vialidad, Andr\u00e9s Marchetta.<\/p>\n","protected":false},"excerpt":{"rendered":"<p>La nueva Circunvalaci\u00f3n se proyect\u00f3 como autopista a lo largo de m\u00e1s de tres kil\u00f3metros. En esta extensi\u00f3n se incluyen tres puentes entre avenida Almafuerte y el acceso a San Benito.<\/p>\n","protected":false},"author":2,"featured_media":59671,"comment_status":"open","ping_status":"open","sticky":false,"template":"","format":"standard","meta":{"fifu_image_url":"","fifu_image_alt":"","footnotes":""},"categories":[6],"tags":[316,45],"class_list":{"0":"post-59670","1":"post","2":"type-post","3":"status-publish","4":"format-standard","5":"has-post-thumbnail","7":"category-entre-rios","8":"tag-obras-publicas","9":"tag-parana"},"yoast_head":"<title>Paran\u00e1: avanza la obra de Avenida Circunvalaci\u00f3n entre Almafuerte y Ruta 12 - Informe Litoral<\/title>\n<meta name=\"robots\" content=\"index, follow, max-snippet:-1, max-image-preview:large, max-video-preview:-1\" \/>\n<link rel=\"canonical\" href=\"https:\/\/informelitoral.com.ar\/parana-avanza-la-obra-de-avenida-circunvalacion-entre-almafuerte-y-ruta-12\/\" \/>\n<meta property=\"og:locale\" content=\"es_ES\" \/>\n<meta property=\"og:type\" content=\"article\" \/>\n<meta property=\"og:title\" content=\"Paran\u00e1: avanza la obra de Avenida Circunvalaci\u00f3n entre Almafuerte y Ruta 12 - Informe Litoral\" \/>\n<meta property=\"og:description\" content=\"La nueva Circunvalaci\u00f3n se proyect\u00f3 como autopista a lo largo de m\u00e1s de tres kil\u00f3metros. En esta extensi\u00f3n se incluyen tres puentes entre avenida Almafuerte y el acceso a San Benito.\" \/>\n<meta property=\"og:url\" content=\"https:\/\/informelitoral.com.ar\/parana-avanza-la-obra-de-avenida-circunvalacion-entre-almafuerte-y-ruta-12\/\" \/>\n<meta property=\"og:site_name\" content=\"Informe Litoral\" \/>\n<meta property=\"article:publisher\" content=\"https:\/\/www.facebook.com\/informelitoral\/\" \/>\n<meta property=\"article:published_time\" content=\"2021-05-07T13:34:20+00:00\" \/>\n<meta property=\"og:image\" content=\"https:\/\/informelitoral.com.ar\/%77%70%2d%63%6f%6e%74%65%6e%74\/uploads\/2021\/05\/74d8a97c-afe3-4336-bd0d-1e348228f645-1024x768-1.jpg\" \/>\n\t<meta property=\"og:image:width\" content=\"1024\" \/>\n\t<meta property=\"og:image:height\" content=\"768\" \/>\n\t<meta property=\"og:image:type\" content=\"image\/jpeg\" \/>\n<meta name=\"author\" content=\"Gonzalo Schmidt\" \/>\n<meta name=\"twitter:card\" content=\"summary_large_image\" \/>\n<meta name=\"twitter:creator\" content=\"@InformeLitoral\" \/>\n<meta name=\"twitter:site\" content=\"@InformeLitoral\" \/>\n<meta name=\"twitter:label1\" content=\"Escrito por\" \/>\n\t<meta name=\"twitter:data1\" content=\"Gonzalo Schmidt\" \/>\n\t<meta name=\"twitter:label2\" content=\"Tiempo de lectura\" \/>\n\t<meta name=\"twitter:data2\" content=\"2 minutos\" \/>\n<script type=\"application\/ld+json\" class=\"yoast-schema-graph\">{\"@context\":\"https:\\\/\\\/schema.org\",\"@graph\":[{\"@type\":\"Article\",\"@id\":\"https:\\\/\\\/informelitoral.com.ar\\\/parana-avanza-la-obra-de-avenida-circunvalacion-entre-almafuerte-y-ruta-12\\\/#article\",\"isPartOf\":{\"@id\":\"https:\\\/\\\/informelitoral.com.ar\\\/parana-avanza-la-obra-de-avenida-circunvalacion-entre-almafuerte-y-ruta-12\\\/\"},\"author\":{\"name\":\"Gonzalo Schmidt\",\"@id\":\"https:\\\/\\\/informelitoral.com.ar\\\/#\\\/schema\\\/person\\\/b9d00407c836482871ef1d57bf8e3180\"},\"headline\":\"Paran\u00e1: avanza la obra de Avenida Circunvalaci\u00f3n entre Almafuerte y Ruta 12\",\"datePublished\":\"2021-05-07T13:34:20+00:00\",\"mainEntityOfPage\":{\"@id\":\"https:\\\/\\\/informelitoral.com.ar\\\/parana-avanza-la-obra-de-avenida-circunvalacion-entre-almafuerte-y-ruta-12\\\/\"},\"wordCount\":481,\"commentCount\":0,\"publisher\":{\"@id\":\"https:\\\/\\\/informelitoral.com.ar\\\/#organization\"},\"image\":{\"@id\":\"https:\\\/\\\/informelitoral.com.ar\\\/parana-avanza-la-obra-de-avenida-circunvalacion-entre-almafuerte-y-ruta-12\\\/#primaryimage\"},\"thumbnailUrl\":\"https:\\\/\\\/informelitoral.com.ar\\\/%77%70%2d%63%6f%6e%74%65%6e%74\\\/uploads\\\/2021\\\/05\\\/74d8a97c-afe3-4336-bd0d-1e348228f645-1024x768-1.jpg\",\"keywords\":[\"Obras p\u00fablicas\",\"Paran\u00e1\"],\"articleSection\":[\"Entre R\u00edos\"],\"inLanguage\":\"es\",\"potentialAction\":[{\"@type\":\"CommentAction\",\"name\":\"Comment\",\"target\":[\"https:\\\/\\\/informelitoral.com.ar\\\/parana-avanza-la-obra-de-avenida-circunvalacion-entre-almafuerte-y-ruta-12\\\/#respond\"]}]},{\"@type\":\"WebPage\",\"@id\":\"https:\\\/\\\/informelitoral.com.ar\\\/parana-avanza-la-obra-de-avenida-circunvalacion-entre-almafuerte-y-ruta-12\\\/\",\"url\":\"https:\\\/\\\/informelitoral.com.ar\\\/parana-avanza-la-obra-de-avenida-circunvalacion-entre-almafuerte-y-ruta-12\\\/\",\"name\":\"Paran\u00e1: avanza la obra de Avenida Circunvalaci\u00f3n entre Almafuerte y Ruta 12 - Informe Litoral\",\"isPartOf\":{\"@id\":\"https:\\\/\\\/informelitoral.com.ar\\\/#website\"},\"primaryImageOfPage\":{\"@id\":\"https:\\\/\\\/informelitoral.com.ar\\\/parana-avanza-la-obra-de-avenida-circunvalacion-entre-almafuerte-y-ruta-12\\\/#primaryimage\"},\"image\":{\"@id\":\"https:\\\/\\\/informelitoral.com.ar\\\/parana-avanza-la-obra-de-avenida-circunvalacion-entre-almafuerte-y-ruta-12\\\/#primaryimage\"},\"thumbnailUrl\":\"https:\\\/\\\/informelitoral.com.ar\\\/%77%70%2d%63%6f%6e%74%65%6e%74\\\/uploads\\\/2021\\\/05\\\/74d8a97c-afe3-4336-bd0d-1e348228f645-1024x768-1.jpg\",\"datePublished\":\"2021-05-07T13:34:20+00:00\",\"breadcrumb\":{\"@id\":\"https:\\\/\\\/informelitoral.com.ar\\\/parana-avanza-la-obra-de-avenida-circunvalacion-entre-almafuerte-y-ruta-12\\\/#breadcrumb\"},\"inLanguage\":\"es\",\"potentialAction\":[{\"@type\":\"ReadAction\",\"target\":[\"https:\\\/\\\/informelitoral.com.ar\\\/parana-avanza-la-obra-de-avenida-circunvalacion-entre-almafuerte-y-ruta-12\\\/\"]}]},{\"@type\":\"ImageObject\",\"inLanguage\":\"es\",\"@id\":\"https:\\\/\\\/informelitoral.com.ar\\\/parana-avanza-la-obra-de-avenida-circunvalacion-entre-almafuerte-y-ruta-12\\\/#primaryimage\",\"url\":\"https:\\\/\\\/informelitoral.com.ar\\\/%77%70%2d%63%6f%6e%74%65%6e%74\\\/uploads\\\/2021\\\/05\\\/74d8a97c-afe3-4336-bd0d-1e348228f645-1024x768-1.jpg\",\"contentUrl\":\"https:\\\/\\\/informelitoral.com.ar\\\/%77%70%2d%63%6f%6e%74%65%6e%74\\\/uploads\\\/2021\\\/05\\\/74d8a97c-afe3-4336-bd0d-1e348228f645-1024x768-1.jpg\",\"width\":1024,\"height\":768},{\"@type\":\"BreadcrumbList\",\"@id\":\"https:\\\/\\\/informelitoral.com.ar\\\/parana-avanza-la-obra-de-avenida-circunvalacion-entre-almafuerte-y-ruta-12\\\/#breadcrumb\",\"itemListElement\":[{\"@type\":\"ListItem\",\"position\":1,\"name\":\"Portada\",\"item\":\"https:\\\/\\\/informelitoral.com.ar\\\/\"},{\"@type\":\"ListItem\",\"position\":2,\"name\":\"Paran\u00e1: avanza la obra de Avenida Circunvalaci\u00f3n entre Almafuerte y Ruta 12\"}]},{\"@type\":\"WebSite\",\"@id\":\"https:\\\/\\\/informelitoral.com.ar\\\/#website\",\"url\":\"https:\\\/\\\/informelitoral.com.ar\\\/\",\"name\":\"Informe Litoral\",\"description\":\"&quot;Nos informamos&quot; \",\"publisher\":{\"@id\":\"https:\\\/\\\/informelitoral.com.ar\\\/#organization\"},\"potentialAction\":[{\"@type\":\"SearchAction\",\"target\":{\"@type\":\"EntryPoint\",\"urlTemplate\":\"https:\\\/\\\/informelitoral.com.ar\\\/?s={search_term_string}\"},\"query-input\":{\"@type\":\"PropertyValueSpecification\",\"valueRequired\":true,\"valueName\":\"search_term_string\"}}],\"inLanguage\":\"es\"},{\"@type\":\"Organization\",\"@id\":\"https:\\\/\\\/informelitoral.com.ar\\\/#organization\",\"name\":\"Informe Litoral\",\"url\":\"https:\\\/\\\/informelitoral.com.ar\\\/\",\"logo\":{\"@type\":\"ImageObject\",\"inLanguage\":\"es\",\"@id\":\"https:\\\/\\\/informelitoral.com.ar\\\/#\\\/schema\\\/logo\\\/image\\\/\",\"url\":\"https:\\\/\\\/informelitoral.com.ar\\\/%77%70%2d%63%6f%6e%74%65%6e%74\\\/uploads\\\/2021\\\/01\\\/circulo.png\",\"contentUrl\":\"https:\\\/\\\/informelitoral.com.ar\\\/%77%70%2d%63%6f%6e%74%65%6e%74\\\/uploads\\\/2021\\\/01\\\/circulo.png\",\"width\":723,\"height\":731,\"caption\":\"Informe Litoral\"},\"image\":{\"@id\":\"https:\\\/\\\/informelitoral.com.ar\\\/#\\\/schema\\\/logo\\\/image\\\/\"},\"sameAs\":[\"https:\\\/\\\/www.facebook.com\\\/informelitoral\\\/\",\"https:\\\/\\\/x.com\\\/InformeLitoral\",\"https:\\\/\\\/www.instagram.com\\\/informelitoral\\\/\",\"https:\\\/\\\/www.youtube.com\\\/channel\\\/UCua4Qvz8Icb6MYqhoq9xLXw\"]},{\"@type\":\"Person\",\"@id\":\"https:\\\/\\\/informelitoral.com.ar\\\/#\\\/schema\\\/person\\\/b9d00407c836482871ef1d57bf8e3180\",\"name\":\"Gonzalo Schmidt\",\"image\":{\"@type\":\"ImageObject\",\"inLanguage\":\"es\",\"@id\":\"https:\\\/\\\/secure.gravatar.com\\\/avatar\\\/31a1a7b66ff2de83bd0e9fd79d026630d2d99e55e8bfe501287647b4fd9743de?s=96&d=mm&r=g\",\"url\":\"https:\\\/\\\/secure.gravatar.com\\\/avatar\\\/31a1a7b66ff2de83bd0e9fd79d026630d2d99e55e8bfe501287647b4fd9743de?s=96&d=mm&r=g\",\"contentUrl\":\"https:\\\/\\\/secure.gravatar.com\\\/avatar\\\/31a1a7b66ff2de83bd0e9fd79d026630d2d99e55e8bfe501287647b4fd9743de?s=96&d=mm&r=g\",\"caption\":\"Gonzalo Schmidt\"},\"description\":\"Sitio web de noticias de la provincia de Entre R\u00edos, Argentina. Informaci\u00f3n y entretenimiento. Informe Litoral, nos informamos.\",\"sameAs\":[\"http:\\\/\\\/www.isletasnoticias.com.ar\"],\"url\":\"https:\\\/\\\/informelitoral.com.ar\\\/author\\\/gonzalo\\\/\"}]}<\/script>","yoast_head_json":{"title":"Paran\u00e1: avanza la obra de Avenida Circunvalaci\u00f3n entre Almafuerte y Ruta 12 - Informe Litoral","robots":{"index":"index","follow":"follow","max-snippet":"max-snippet:-1","max-image-preview":"max-image-preview:large","max-video-preview":"max-video-preview:-1"},"canonical":"https:\/\/informelitoral.com.ar\/parana-avanza-la-obra-de-avenida-circunvalacion-entre-almafuerte-y-ruta-12\/","og_locale":"es_ES","og_type":"article","og_title":"Paran\u00e1: avanza la obra de Avenida Circunvalaci\u00f3n entre Almafuerte y Ruta 12 - Informe Litoral","og_description":"La nueva Circunvalaci\u00f3n se proyect\u00f3 como autopista a lo largo de m\u00e1s de tres kil\u00f3metros. En esta extensi\u00f3n se incluyen tres puentes entre avenida Almafuerte y el acceso a San Benito.","og_url":"https:\/\/informelitoral.com.ar\/parana-avanza-la-obra-de-avenida-circunvalacion-entre-almafuerte-y-ruta-12\/","og_site_name":"Informe Litoral","article_publisher":"https:\/\/www.facebook.com\/informelitoral\/","article_published_time":"2021-05-07T13:34:20+00:00","og_image":[{"width":1024,"height":768,"url":"https:\/\/informelitoral.com.ar\/%77%70%2d%63%6f%6e%74%65%6e%74\/uploads\/2021\/05\/74d8a97c-afe3-4336-bd0d-1e348228f645-1024x768-1.jpg","type":"image\/jpeg"}],"author":"Gonzalo Schmidt","twitter_card":"summary_large_image","twitter_creator":"@InformeLitoral","twitter_site":"@InformeLitoral","twitter_misc":{"Escrito por":"Gonzalo Schmidt","Tiempo de lectura":"2 minutos"},"schema":{"@context":"https:\/\/schema.org","@graph":[{"@type":"Article","@id":"https:\/\/informelitoral.com.ar\/parana-avanza-la-obra-de-avenida-circunvalacion-entre-almafuerte-y-ruta-12\/#article","isPartOf":{"@id":"https:\/\/informelitoral.com.ar\/parana-avanza-la-obra-de-avenida-circunvalacion-entre-almafuerte-y-ruta-12\/"},"author":{"name":"Gonzalo Schmidt","@id":"https:\/\/informelitoral.com.ar\/#\/schema\/person\/b9d00407c836482871ef1d57bf8e3180"},"headline":"Paran\u00e1: avanza la obra de Avenida Circunvalaci\u00f3n entre Almafuerte y Ruta 12","datePublished":"2021-05-07T13:34:20+00:00","mainEntityOfPage":{"@id":"https:\/\/informelitoral.com.ar\/parana-avanza-la-obra-de-avenida-circunvalacion-entre-almafuerte-y-ruta-12\/"},"wordCount":481,"commentCount":0,"publisher":{"@id":"https:\/\/informelitoral.com.ar\/#organization"},"image":{"@id":"https:\/\/informelitoral.com.ar\/parana-avanza-la-obra-de-avenida-circunvalacion-entre-almafuerte-y-ruta-12\/#primaryimage"},"thumbnailUrl":"https:\/\/informelitoral.com.ar\/%77%70%2d%63%6f%6e%74%65%6e%74\/uploads\/2021\/05\/74d8a97c-afe3-4336-bd0d-1e348228f645-1024x768-1.jpg","keywords":["Obras p\u00fablicas","Paran\u00e1"],"articleSection":["Entre R\u00edos"],"inLanguage":"es","potentialAction":[{"@type":"CommentAction","name":"Comment","target":["https:\/\/informelitoral.com.ar\/parana-avanza-la-obra-de-avenida-circunvalacion-entre-almafuerte-y-ruta-12\/#respond"]}]},{"@type":"WebPage","@id":"https:\/\/informelitoral.com.ar\/parana-avanza-la-obra-de-avenida-circunvalacion-entre-almafuerte-y-ruta-12\/","url":"https:\/\/informelitoral.com.ar\/parana-avanza-la-obra-de-avenida-circunvalacion-entre-almafuerte-y-ruta-12\/","name":"Paran\u00e1: avanza la obra de Avenida Circunvalaci\u00f3n entre Almafuerte y Ruta 12 - Informe Litoral","isPartOf":{"@id":"https:\/\/informelitoral.com.ar\/#website"},"primaryImageOfPage":{"@id":"https:\/\/informelitoral.com.ar\/parana-avanza-la-obra-de-avenida-circunvalacion-entre-almafuerte-y-ruta-12\/#primaryimage"},"image":{"@id":"https:\/\/informelitoral.com.ar\/parana-avanza-la-obra-de-avenida-circunvalacion-entre-almafuerte-y-ruta-12\/#primaryimage"},"thumbnailUrl":"https:\/\/informelitoral.com.ar\/%77%70%2d%63%6f%6e%74%65%6e%74\/uploads\/2021\/05\/74d8a97c-afe3-4336-bd0d-1e348228f645-1024x768-1.jpg","datePublished":"2021-05-07T13:34:20+00:00","breadcrumb":{"@id":"https:\/\/informelitoral.com.ar\/parana-avanza-la-obra-de-avenida-circunvalacion-entre-almafuerte-y-ruta-12\/#breadcrumb"},"inLanguage":"es","potentialAction":[{"@type":"ReadAction","target":["https:\/\/informelitoral.com.ar\/parana-avanza-la-obra-de-avenida-circunvalacion-entre-almafuerte-y-ruta-12\/"]}]},{"@type":"ImageObject","inLanguage":"es","@id":"https:\/\/informelitoral.com.ar\/parana-avanza-la-obra-de-avenida-circunvalacion-entre-almafuerte-y-ruta-12\/#primaryimage","url":"https:\/\/informelitoral.com.ar\/%77%70%2d%63%6f%6e%74%65%6e%74\/uploads\/2021\/05\/74d8a97c-afe3-4336-bd0d-1e348228f645-1024x768-1.jpg","contentUrl":"https:\/\/informelitoral.com.ar\/%77%70%2d%63%6f%6e%74%65%6e%74\/uploads\/2021\/05\/74d8a97c-afe3-4336-bd0d-1e348228f645-1024x768-1.jpg","width":1024,"height":768},{"@type":"BreadcrumbList","@id":"https:\/\/informelitoral.com.ar\/parana-avanza-la-obra-de-avenida-circunvalacion-entre-almafuerte-y-ruta-12\/#breadcrumb","itemListElement":[{"@type":"ListItem","position":1,"name":"Portada","item":"https:\/\/informelitoral.com.ar\/"},{"@type":"ListItem","position":2,"name":"Paran\u00e1: avanza la obra de Avenida Circunvalaci\u00f3n entre Almafuerte y Ruta 12"}]},{"@type":"WebSite","@id":"https:\/\/informelitoral.com.ar\/#website","url":"https:\/\/informelitoral.com.ar\/","name":"Informe Litoral","description":"&quot;Nos informamos&quot; ","publisher":{"@id":"https:\/\/informelitoral.com.ar\/#organization"},"potentialAction":[{"@type":"SearchAction","target":{"@type":"EntryPoint","urlTemplate":"https:\/\/informelitoral.com.ar\/?s={search_term_string}"},"query-input":{"@type":"PropertyValueSpecification","valueRequired":true,"valueName":"search_term_string"}}],"inLanguage":"es"},{"@type":"Organization","@id":"https:\/\/informelitoral.com.ar\/#organization","name":"Informe Litoral","url":"https:\/\/informelitoral.com.ar\/","logo":{"@type":"ImageObject","inLanguage":"es","@id":"https:\/\/informelitoral.com.ar\/#\/schema\/logo\/image\/","url":"https:\/\/informelitoral.com.ar\/%77%70%2d%63%6f%6e%74%65%6e%74\/uploads\/2021\/01\/circulo.png","contentUrl":"https:\/\/informelitoral.com.ar\/%77%70%2d%63%6f%6e%74%65%6e%74\/uploads\/2021\/01\/circulo.png","width":723,"height":731,"caption":"Informe Litoral"},"image":{"@id":"https:\/\/informelitoral.com.ar\/#\/schema\/logo\/image\/"},"sameAs":["https:\/\/www.facebook.com\/informelitoral\/","https:\/\/x.com\/InformeLitoral","https:\/\/www.instagram.com\/informelitoral\/","https:\/\/www.youtube.com\/channel\/UCua4Qvz8Icb6MYqhoq9xLXw"]},{"@type":"Person","@id":"https:\/\/informelitoral.com.ar\/#\/schema\/person\/b9d00407c836482871ef1d57bf8e3180","name":"Gonzalo Schmidt","image":{"@type":"ImageObject","inLanguage":"es","@id":"https:\/\/secure.gravatar.com\/avatar\/31a1a7b66ff2de83bd0e9fd79d026630d2d99e55e8bfe501287647b4fd9743de?s=96&d=mm&r=g","url":"https:\/\/secure.gravatar.com\/avatar\/31a1a7b66ff2de83bd0e9fd79d026630d2d99e55e8bfe501287647b4fd9743de?s=96&d=mm&r=g","contentUrl":"https:\/\/secure.gravatar.com\/avatar\/31a1a7b66ff2de83bd0e9fd79d026630d2d99e55e8bfe501287647b4fd9743de?s=96&d=mm&r=g","caption":"Gonzalo Schmidt"},"description":"Sitio web de noticias de la provincia de Entre R\u00edos, Argentina. Informaci\u00f3n y entretenimiento. Informe Litoral, nos informamos.","sameAs":["http:\/\/www.isletasnoticias.com.ar"],"url":"https:\/\/informelitoral.com.ar\/author\/gonzalo\/"}]}},"_links":{"self":[{"href":"https:\/\/informelitoral.com.ar\/%77%70%2d%6a%73%6f%6e\/wp\/v2\/posts\/59670","targetHints":{"allow":["GET"]}}],"collection":[{"href":"https:\/\/informelitoral.com.ar\/%77%70%2d%6a%73%6f%6e\/wp\/v2\/posts"}],"about":[{"href":"https:\/\/informelitoral.com.ar\/%77%70%2d%6a%73%6f%6e\/wp\/v2\/types\/post"}],"author":[{"embeddable":true,"href":"https:\/\/informelitoral.com.ar\/%77%70%2d%6a%73%6f%6e\/wp\/v2\/users\/2"}],"replies":[{"embeddable":true,"href":"https:\/\/informelitoral.com.ar\/%77%70%2d%6a%73%6f%6e\/wp\/v2\/comments?post=59670"}],"version-history":[{"count":0,"href":"https:\/\/informelitoral.com.ar\/%77%70%2d%6a%73%6f%6e\/wp\/v2\/posts\/59670\/revisions"}],"wp:featuredmedia":[{"embeddable":true,"href":"https:\/\/informelitoral.com.ar\/%77%70%2d%6a%73%6f%6e\/wp\/v2\/media\/59671"}],"wp:attachment":[{"href":"https:\/\/informelitoral.com.ar\/%77%70%2d%6a%73%6f%6e\/wp\/v2\/media?parent=59670"}],"wp:term":[{"taxonomy":"category","embeddable":true,"href":"https:\/\/informelitoral.com.ar\/%77%70%2d%6a%73%6f%6e\/wp\/v2\/categories?post=59670"},{"taxonomy":"post_tag","embeddable":true,"href":"https:\/\/informelitoral.com.ar\/%77%70%2d%6a%73%6f%6e\/wp\/v2\/tags?post=59670"}],"curies":[{"name":"wp","href":"https:\/\/api.w.org\/{rel}","templated":true}]}}