{"id":59658,"date":"2021-05-07T09:01:00","date_gmt":"2021-05-07T12:01:00","guid":{"rendered":"https:\/\/www.informelitoral.com.ar\/?p=59658"},"modified":"2021-05-07T09:01:00","modified_gmt":"2021-05-07T12:01:00","slug":"agmer-pide-no-volver-a-la-clases-presenciales-por-otros-15-dias","status":"publish","type":"post","link":"https:\/\/informelitoral.com.ar\/agmer-pide-no-volver-a-la-clases-presenciales-por-otros-15-dias\/","title":{"rendered":"Agmer pide no volver a la clases presenciales por otros 15 d\u00edas"},"content":{"rendered":"<p>El plenario de secretarios generales de la Asociaci\u00f3n Gremial del Magisterio de Entre R\u00edos\u00a0-Agmer-\u00a0concluy\u00f3 este jueves en la necesidad de\u00a0que se sostenga la no presencialidad en las escuelas de las ciudades entrerrianas con transmisi\u00f3n comunitaria del virus.<\/p>\n<p>\u201cSostenemos la necesidad\u00a0 de suspender de manera preventiva el trabajo presencial en los departamentos donde se registran circulaci\u00f3n comunitaria, por 15 d\u00edas, sosteniendo la educaci\u00f3n a distancia durante ese per\u00edodo\u201d, dice el comunicado. Y agrega que esa instancia deber\u00eda cumplirse \u201ccon la evaluaci\u00f3n permanente del proceso. En acuerdo con los protocolos aprobados en el Consejo Federal de Ministros de Educaci\u00f3n. Del mismo modo reclamamos al COES provincial y departamentales que actualicen y den a conocer informaci\u00f3n certera sobre los \u00edndices de transmisi\u00f3n, ausentes desde hace semanas\u201d.<\/p>\n<figure class=\"wp-block-image size-large\"><img loading=\"lazy\" decoding=\"async\" class=\"wp-image-93646 aligncenter\" src=\"https:\/\/i0.wp.com\/www.entremediosweb.com\/v2\/%77%70%2d%63%6f%6e%74%65%6e%74\/uploads\/2021\/05\/clases-virtuales.jpeg?resize=708%2C398&amp;ssl=1\" sizes=\"auto, (max-width: 708px) 100vw, 708px\" srcset=\"https:\/\/i0.wp.com\/www.entremediosweb.com\/v2\/%77%70%2d%63%6f%6e%74%65%6e%74\/uploads\/2021\/05\/clases-virtuales.jpeg?resize=1024%2C576&amp;ssl=1 1024w, https:\/\/i0.wp.com\/www.entremediosweb.com\/v2\/%77%70%2d%63%6f%6e%74%65%6e%74\/uploads\/2021\/05\/clases-virtuales.jpeg?resize=300%2C169&amp;ssl=1 300w, https:\/\/i0.wp.com\/www.entremediosweb.com\/v2\/%77%70%2d%63%6f%6e%74%65%6e%74\/uploads\/2021\/05\/clases-virtuales.jpeg?resize=768%2C432&amp;ssl=1 768w, https:\/\/i0.wp.com\/www.entremediosweb.com\/v2\/%77%70%2d%63%6f%6e%74%65%6e%74\/uploads\/2021\/05\/clases-virtuales.jpeg?resize=1536%2C864&amp;ssl=1 1536w, https:\/\/i0.wp.com\/www.entremediosweb.com\/v2\/%77%70%2d%63%6f%6e%74%65%6e%74\/uploads\/2021\/05\/clases-virtuales.jpeg?resize=390%2C220&amp;ssl=1 390w, https:\/\/i0.wp.com\/www.entremediosweb.com\/v2\/%77%70%2d%63%6f%6e%74%65%6e%74\/uploads\/2021\/05\/clases-virtuales.jpeg?w=1920&amp;ssl=1 1920w, https:\/\/i0.wp.com\/www.entremediosweb.com\/v2\/%77%70%2d%63%6f%6e%74%65%6e%74\/uploads\/2021\/05\/clases-virtuales.jpeg?w=1416&amp;ssl=1 1416w\" alt=\"\" width=\"708\" height=\"398\" data-attachment-id=\"93646\" data-permalink=\"https:\/\/www.entremediosweb.com\/v2\/agmer-pide-no-volver-a-la-clases-presenciales-por-otros-15-dias\/clases-virtuales-4\/\" data-orig-file=\"https:\/\/i0.wp.com\/www.entremediosweb.com\/v2\/%77%70%2d%63%6f%6e%74%65%6e%74\/uploads\/2021\/05\/clases-virtuales.jpeg?fit=1920%2C1080&amp;ssl=1\" data-orig-size=\"1920,1080\" data-comments-opened=\"0\" data-image-meta=\"{&quot;aperture&quot;:&quot;0&quot;,&quot;credit&quot;:&quot;&quot;,&quot;camera&quot;:&quot;&quot;,&quot;caption&quot;:&quot;&quot;,&quot;created_timestamp&quot;:&quot;0&quot;,&quot;copyright&quot;:&quot;&quot;,&quot;focal_length&quot;:&quot;0&quot;,&quot;iso&quot;:&quot;0&quot;,&quot;shutter_speed&quot;:&quot;0&quot;,&quot;title&quot;:&quot;&quot;,&quot;orientation&quot;:&quot;0&quot;}\" data-image-title=\"clases-virtuales\" data-image-description=\"\" data-medium-file=\"https:\/\/i0.wp.com\/www.entremediosweb.com\/v2\/%77%70%2d%63%6f%6e%74%65%6e%74\/uploads\/2021\/05\/clases-virtuales.jpeg?fit=300%2C169&amp;ssl=1\" data-large-file=\"https:\/\/i0.wp.com\/www.entremediosweb.com\/v2\/%77%70%2d%63%6f%6e%74%65%6e%74\/uploads\/2021\/05\/clases-virtuales.jpeg?fit=708%2C398&amp;ssl=1\" \/><\/figure>\n<h4><strong>La vacunaci\u00f3n<\/strong><\/h4>\n<p>La declaraci\u00f3n tiene lugar el mismo d\u00eda que el gobernador\u00a0Gustavo Bordet\u00a0ratific\u00f3 que el pr\u00f3ximo lunes\u00a0se retornar\u00e1 a las aulas en las ciudades donde se suspendi\u00f3 por esta semana el dictado presencial\u00a0de contenidos, pese a que este jueves hubo r\u00e9cord diario de casos en lo que va de la pandemia: 844.<\/p>\n<p>El plenario del gremio docente solicit\u00f3 tambi\u00e9n\u00a0que se contin\u00fae de manera \u00aburgente\u00bb con el plan de vacunaci\u00f3n de maestros\u00a0contra el coronavirus, el \u00abestricto cumplimiento de los protocolos sanitarios en las escuelas\u00bb y que el Estado garantice \u00abla conectividad y los insumos necesarios para el trabajo no presencial\u00bb.<\/p>\n","protected":false},"excerpt":{"rendered":"<p>El gremio solicit\u00f3 tambi\u00e9n que se contin\u00fae de manera \u00aburgente\u00bb con el plan de vacunaci\u00f3n de maestros.<\/p>\n","protected":false},"author":2,"featured_media":48266,"comment_status":"open","ping_status":"open","sticky":false,"template":"","format":"standard","meta":{"fifu_image_url":"","fifu_image_alt":"","footnotes":""},"categories":[6],"tags":[64,1545,1426,49],"class_list":{"0":"post-59658","1":"post","2":"type-post","3":"status-publish","4":"format-standard","5":"has-post-thumbnail","7":"category-entre-rios","8":"tag-agmer","9":"tag-clases","10":"tag-coronavirus","11":"tag-docentes"},"yoast_head":"<title>Agmer pide no volver a la clases presenciales por otros 15 d\u00edas - Informe Litoral<\/title>\n<meta name=\"robots\" content=\"index, follow, max-snippet:-1, max-image-preview:large, max-video-preview:-1\" \/>\n<link rel=\"canonical\" href=\"https:\/\/informelitoral.com.ar\/agmer-pide-no-volver-a-la-clases-presenciales-por-otros-15-dias\/\" \/>\n<meta property=\"og:locale\" content=\"es_ES\" \/>\n<meta property=\"og:type\" content=\"article\" \/>\n<meta property=\"og:title\" content=\"Agmer pide no volver a la clases presenciales por otros 15 d\u00edas - Informe Litoral\" \/>\n<meta property=\"og:description\" content=\"El gremio solicit\u00f3 tambi\u00e9n que se contin\u00fae de manera &quot;urgente&quot; con el plan de vacunaci\u00f3n de maestros.\" \/>\n<meta property=\"og:url\" content=\"https:\/\/informelitoral.com.ar\/agmer-pide-no-volver-a-la-clases-presenciales-por-otros-15-dias\/\" \/>\n<meta property=\"og:site_name\" content=\"Informe Litoral\" \/>\n<meta property=\"article:publisher\" content=\"https:\/\/www.facebook.com\/informelitoral\/\" \/>\n<meta property=\"article:published_time\" content=\"2021-05-07T12:01:00+00:00\" \/>\n<meta property=\"og:image\" content=\"https:\/\/informelitoral.com.ar\/%77%70%2d%63%6f%6e%74%65%6e%74\/uploads\/2020\/08\/clases-a-distancia.jpg\" \/>\n\t<meta property=\"og:image:width\" content=\"900\" \/>\n\t<meta property=\"og:image:height\" content=\"600\" \/>\n\t<meta property=\"og:image:type\" content=\"image\/jpeg\" \/>\n<meta name=\"author\" content=\"Gonzalo Schmidt\" \/>\n<meta name=\"twitter:card\" content=\"summary_large_image\" \/>\n<meta name=\"twitter:creator\" content=\"@InformeLitoral\" \/>\n<meta name=\"twitter:site\" content=\"@InformeLitoral\" \/>\n<meta name=\"twitter:label1\" content=\"Escrito por\" \/>\n\t<meta name=\"twitter:data1\" content=\"Gonzalo Schmidt\" \/>\n\t<meta name=\"twitter:label2\" content=\"Tiempo de lectura\" \/>\n\t<meta name=\"twitter:data2\" content=\"1 minuto\" \/>\n<script type=\"application\/ld+json\" class=\"yoast-schema-graph\">{\"@context\":\"https:\\\/\\\/schema.org\",\"@graph\":[{\"@type\":\"Article\",\"@id\":\"https:\\\/\\\/informelitoral.com.ar\\\/agmer-pide-no-volver-a-la-clases-presenciales-por-otros-15-dias\\\/#article\",\"isPartOf\":{\"@id\":\"https:\\\/\\\/informelitoral.com.ar\\\/agmer-pide-no-volver-a-la-clases-presenciales-por-otros-15-dias\\\/\"},\"author\":{\"name\":\"Gonzalo Schmidt\",\"@id\":\"https:\\\/\\\/informelitoral.com.ar\\\/#\\\/schema\\\/person\\\/b9d00407c836482871ef1d57bf8e3180\"},\"headline\":\"Agmer pide no volver a la clases presenciales por otros 15 d\u00edas\",\"datePublished\":\"2021-05-07T12:01:00+00:00\",\"mainEntityOfPage\":{\"@id\":\"https:\\\/\\\/informelitoral.com.ar\\\/agmer-pide-no-volver-a-la-clases-presenciales-por-otros-15-dias\\\/\"},\"wordCount\":261,\"commentCount\":0,\"publisher\":{\"@id\":\"https:\\\/\\\/informelitoral.com.ar\\\/#organization\"},\"image\":{\"@id\":\"https:\\\/\\\/informelitoral.com.ar\\\/agmer-pide-no-volver-a-la-clases-presenciales-por-otros-15-dias\\\/#primaryimage\"},\"thumbnailUrl\":\"https:\\\/\\\/informelitoral.com.ar\\\/%77%70%2d%63%6f%6e%74%65%6e%74\\\/uploads\\\/2020\\\/08\\\/clases-a-distancia.jpg\",\"keywords\":[\"Agmer\",\"Clases\",\"Coronavirus\",\"Docentes\"],\"articleSection\":[\"Entre R\u00edos\"],\"inLanguage\":\"es\",\"potentialAction\":[{\"@type\":\"CommentAction\",\"name\":\"Comment\",\"target\":[\"https:\\\/\\\/informelitoral.com.ar\\\/agmer-pide-no-volver-a-la-clases-presenciales-por-otros-15-dias\\\/#respond\"]}]},{\"@type\":\"WebPage\",\"@id\":\"https:\\\/\\\/informelitoral.com.ar\\\/agmer-pide-no-volver-a-la-clases-presenciales-por-otros-15-dias\\\/\",\"url\":\"https:\\\/\\\/informelitoral.com.ar\\\/agmer-pide-no-volver-a-la-clases-presenciales-por-otros-15-dias\\\/\",\"name\":\"Agmer pide no volver a la clases presenciales por otros 15 d\u00edas - Informe Litoral\",\"isPartOf\":{\"@id\":\"https:\\\/\\\/informelitoral.com.ar\\\/#website\"},\"primaryImageOfPage\":{\"@id\":\"https:\\\/\\\/informelitoral.com.ar\\\/agmer-pide-no-volver-a-la-clases-presenciales-por-otros-15-dias\\\/#primaryimage\"},\"image\":{\"@id\":\"https:\\\/\\\/informelitoral.com.ar\\\/agmer-pide-no-volver-a-la-clases-presenciales-por-otros-15-dias\\\/#primaryimage\"},\"thumbnailUrl\":\"https:\\\/\\\/informelitoral.com.ar\\\/%77%70%2d%63%6f%6e%74%65%6e%74\\\/uploads\\\/2020\\\/08\\\/clases-a-distancia.jpg\",\"datePublished\":\"2021-05-07T12:01:00+00:00\",\"breadcrumb\":{\"@id\":\"https:\\\/\\\/informelitoral.com.ar\\\/agmer-pide-no-volver-a-la-clases-presenciales-por-otros-15-dias\\\/#breadcrumb\"},\"inLanguage\":\"es\",\"potentialAction\":[{\"@type\":\"ReadAction\",\"target\":[\"https:\\\/\\\/informelitoral.com.ar\\\/agmer-pide-no-volver-a-la-clases-presenciales-por-otros-15-dias\\\/\"]}]},{\"@type\":\"ImageObject\",\"inLanguage\":\"es\",\"@id\":\"https:\\\/\\\/informelitoral.com.ar\\\/agmer-pide-no-volver-a-la-clases-presenciales-por-otros-15-dias\\\/#primaryimage\",\"url\":\"https:\\\/\\\/informelitoral.com.ar\\\/%77%70%2d%63%6f%6e%74%65%6e%74\\\/uploads\\\/2020\\\/08\\\/clases-a-distancia.jpg\",\"contentUrl\":\"https:\\\/\\\/informelitoral.com.ar\\\/%77%70%2d%63%6f%6e%74%65%6e%74\\\/uploads\\\/2020\\\/08\\\/clases-a-distancia.jpg\",\"width\":900,\"height\":600},{\"@type\":\"BreadcrumbList\",\"@id\":\"https:\\\/\\\/informelitoral.com.ar\\\/agmer-pide-no-volver-a-la-clases-presenciales-por-otros-15-dias\\\/#breadcrumb\",\"itemListElement\":[{\"@type\":\"ListItem\",\"position\":1,\"name\":\"Portada\",\"item\":\"https:\\\/\\\/informelitoral.com.ar\\\/\"},{\"@type\":\"ListItem\",\"position\":2,\"name\":\"Agmer pide no volver a la clases presenciales por otros 15 d\u00edas\"}]},{\"@type\":\"WebSite\",\"@id\":\"https:\\\/\\\/informelitoral.com.ar\\\/#website\",\"url\":\"https:\\\/\\\/informelitoral.com.ar\\\/\",\"name\":\"Informe Litoral\",\"description\":\"&quot;Nos informamos&quot; \",\"publisher\":{\"@id\":\"https:\\\/\\\/informelitoral.com.ar\\\/#organization\"},\"potentialAction\":[{\"@type\":\"SearchAction\",\"target\":{\"@type\":\"EntryPoint\",\"urlTemplate\":\"https:\\\/\\\/informelitoral.com.ar\\\/?s={search_term_string}\"},\"query-input\":{\"@type\":\"PropertyValueSpecification\",\"valueRequired\":true,\"valueName\":\"search_term_string\"}}],\"inLanguage\":\"es\"},{\"@type\":\"Organization\",\"@id\":\"https:\\\/\\\/informelitoral.com.ar\\\/#organization\",\"name\":\"Informe Litoral\",\"url\":\"https:\\\/\\\/informelitoral.com.ar\\\/\",\"logo\":{\"@type\":\"ImageObject\",\"inLanguage\":\"es\",\"@id\":\"https:\\\/\\\/informelitoral.com.ar\\\/#\\\/schema\\\/logo\\\/image\\\/\",\"url\":\"https:\\\/\\\/informelitoral.com.ar\\\/%77%70%2d%63%6f%6e%74%65%6e%74\\\/uploads\\\/2021\\\/01\\\/circulo.png\",\"contentUrl\":\"https:\\\/\\\/informelitoral.com.ar\\\/%77%70%2d%63%6f%6e%74%65%6e%74\\\/uploads\\\/2021\\\/01\\\/circulo.png\",\"width\":723,\"height\":731,\"caption\":\"Informe Litoral\"},\"image\":{\"@id\":\"https:\\\/\\\/informelitoral.com.ar\\\/#\\\/schema\\\/logo\\\/image\\\/\"},\"sameAs\":[\"https:\\\/\\\/www.facebook.com\\\/informelitoral\\\/\",\"https:\\\/\\\/x.com\\\/InformeLitoral\",\"https:\\\/\\\/www.instagram.com\\\/informelitoral\\\/\",\"https:\\\/\\\/www.youtube.com\\\/channel\\\/UCua4Qvz8Icb6MYqhoq9xLXw\"]},{\"@type\":\"Person\",\"@id\":\"https:\\\/\\\/informelitoral.com.ar\\\/#\\\/schema\\\/person\\\/b9d00407c836482871ef1d57bf8e3180\",\"name\":\"Gonzalo Schmidt\",\"image\":{\"@type\":\"ImageObject\",\"inLanguage\":\"es\",\"@id\":\"https:\\\/\\\/secure.gravatar.com\\\/avatar\\\/31a1a7b66ff2de83bd0e9fd79d026630d2d99e55e8bfe501287647b4fd9743de?s=96&d=mm&r=g\",\"url\":\"https:\\\/\\\/secure.gravatar.com\\\/avatar\\\/31a1a7b66ff2de83bd0e9fd79d026630d2d99e55e8bfe501287647b4fd9743de?s=96&d=mm&r=g\",\"contentUrl\":\"https:\\\/\\\/secure.gravatar.com\\\/avatar\\\/31a1a7b66ff2de83bd0e9fd79d026630d2d99e55e8bfe501287647b4fd9743de?s=96&d=mm&r=g\",\"caption\":\"Gonzalo Schmidt\"},\"description\":\"Sitio web de noticias de la provincia de Entre R\u00edos, Argentina. Informaci\u00f3n y entretenimiento. Informe Litoral, nos informamos.\",\"sameAs\":[\"http:\\\/\\\/www.isletasnoticias.com.ar\"],\"url\":\"https:\\\/\\\/informelitoral.com.ar\\\/author\\\/gonzalo\\\/\"}]}<\/script>","yoast_head_json":{"title":"Agmer pide no volver a la clases presenciales por otros 15 d\u00edas - Informe Litoral","robots":{"index":"index","follow":"follow","max-snippet":"max-snippet:-1","max-image-preview":"max-image-preview:large","max-video-preview":"max-video-preview:-1"},"canonical":"https:\/\/informelitoral.com.ar\/agmer-pide-no-volver-a-la-clases-presenciales-por-otros-15-dias\/","og_locale":"es_ES","og_type":"article","og_title":"Agmer pide no volver a la clases presenciales por otros 15 d\u00edas - Informe Litoral","og_description":"El gremio solicit\u00f3 tambi\u00e9n que se contin\u00fae de manera \"urgente\" con el plan de vacunaci\u00f3n de maestros.","og_url":"https:\/\/informelitoral.com.ar\/agmer-pide-no-volver-a-la-clases-presenciales-por-otros-15-dias\/","og_site_name":"Informe Litoral","article_publisher":"https:\/\/www.facebook.com\/informelitoral\/","article_published_time":"2021-05-07T12:01:00+00:00","og_image":[{"width":900,"height":600,"url":"https:\/\/informelitoral.com.ar\/%77%70%2d%63%6f%6e%74%65%6e%74\/uploads\/2020\/08\/clases-a-distancia.jpg","type":"image\/jpeg"}],"author":"Gonzalo Schmidt","twitter_card":"summary_large_image","twitter_creator":"@InformeLitoral","twitter_site":"@InformeLitoral","twitter_misc":{"Escrito por":"Gonzalo Schmidt","Tiempo de lectura":"1 minuto"},"schema":{"@context":"https:\/\/schema.org","@graph":[{"@type":"Article","@id":"https:\/\/informelitoral.com.ar\/agmer-pide-no-volver-a-la-clases-presenciales-por-otros-15-dias\/#article","isPartOf":{"@id":"https:\/\/informelitoral.com.ar\/agmer-pide-no-volver-a-la-clases-presenciales-por-otros-15-dias\/"},"author":{"name":"Gonzalo Schmidt","@id":"https:\/\/informelitoral.com.ar\/#\/schema\/person\/b9d00407c836482871ef1d57bf8e3180"},"headline":"Agmer pide no volver a la clases presenciales por otros 15 d\u00edas","datePublished":"2021-05-07T12:01:00+00:00","mainEntityOfPage":{"@id":"https:\/\/informelitoral.com.ar\/agmer-pide-no-volver-a-la-clases-presenciales-por-otros-15-dias\/"},"wordCount":261,"commentCount":0,"publisher":{"@id":"https:\/\/informelitoral.com.ar\/#organization"},"image":{"@id":"https:\/\/informelitoral.com.ar\/agmer-pide-no-volver-a-la-clases-presenciales-por-otros-15-dias\/#primaryimage"},"thumbnailUrl":"https:\/\/informelitoral.com.ar\/%77%70%2d%63%6f%6e%74%65%6e%74\/uploads\/2020\/08\/clases-a-distancia.jpg","keywords":["Agmer","Clases","Coronavirus","Docentes"],"articleSection":["Entre R\u00edos"],"inLanguage":"es","potentialAction":[{"@type":"CommentAction","name":"Comment","target":["https:\/\/informelitoral.com.ar\/agmer-pide-no-volver-a-la-clases-presenciales-por-otros-15-dias\/#respond"]}]},{"@type":"WebPage","@id":"https:\/\/informelitoral.com.ar\/agmer-pide-no-volver-a-la-clases-presenciales-por-otros-15-dias\/","url":"https:\/\/informelitoral.com.ar\/agmer-pide-no-volver-a-la-clases-presenciales-por-otros-15-dias\/","name":"Agmer pide no volver a la clases presenciales por otros 15 d\u00edas - Informe Litoral","isPartOf":{"@id":"https:\/\/informelitoral.com.ar\/#website"},"primaryImageOfPage":{"@id":"https:\/\/informelitoral.com.ar\/agmer-pide-no-volver-a-la-clases-presenciales-por-otros-15-dias\/#primaryimage"},"image":{"@id":"https:\/\/informelitoral.com.ar\/agmer-pide-no-volver-a-la-clases-presenciales-por-otros-15-dias\/#primaryimage"},"thumbnailUrl":"https:\/\/informelitoral.com.ar\/%77%70%2d%63%6f%6e%74%65%6e%74\/uploads\/2020\/08\/clases-a-distancia.jpg","datePublished":"2021-05-07T12:01:00+00:00","breadcrumb":{"@id":"https:\/\/informelitoral.com.ar\/agmer-pide-no-volver-a-la-clases-presenciales-por-otros-15-dias\/#breadcrumb"},"inLanguage":"es","potentialAction":[{"@type":"ReadAction","target":["https:\/\/informelitoral.com.ar\/agmer-pide-no-volver-a-la-clases-presenciales-por-otros-15-dias\/"]}]},{"@type":"ImageObject","inLanguage":"es","@id":"https:\/\/informelitoral.com.ar\/agmer-pide-no-volver-a-la-clases-presenciales-por-otros-15-dias\/#primaryimage","url":"https:\/\/informelitoral.com.ar\/%77%70%2d%63%6f%6e%74%65%6e%74\/uploads\/2020\/08\/clases-a-distancia.jpg","contentUrl":"https:\/\/informelitoral.com.ar\/%77%70%2d%63%6f%6e%74%65%6e%74\/uploads\/2020\/08\/clases-a-distancia.jpg","width":900,"height":600},{"@type":"BreadcrumbList","@id":"https:\/\/informelitoral.com.ar\/agmer-pide-no-volver-a-la-clases-presenciales-por-otros-15-dias\/#breadcrumb","itemListElement":[{"@type":"ListItem","position":1,"name":"Portada","item":"https:\/\/informelitoral.com.ar\/"},{"@type":"ListItem","position":2,"name":"Agmer pide no volver a la clases presenciales por otros 15 d\u00edas"}]},{"@type":"WebSite","@id":"https:\/\/informelitoral.com.ar\/#website","url":"https:\/\/informelitoral.com.ar\/","name":"Informe Litoral","description":"&quot;Nos informamos&quot; ","publisher":{"@id":"https:\/\/informelitoral.com.ar\/#organization"},"potentialAction":[{"@type":"SearchAction","target":{"@type":"EntryPoint","urlTemplate":"https:\/\/informelitoral.com.ar\/?s={search_term_string}"},"query-input":{"@type":"PropertyValueSpecification","valueRequired":true,"valueName":"search_term_string"}}],"inLanguage":"es"},{"@type":"Organization","@id":"https:\/\/informelitoral.com.ar\/#organization","name":"Informe Litoral","url":"https:\/\/informelitoral.com.ar\/","logo":{"@type":"ImageObject","inLanguage":"es","@id":"https:\/\/informelitoral.com.ar\/#\/schema\/logo\/image\/","url":"https:\/\/informelitoral.com.ar\/%77%70%2d%63%6f%6e%74%65%6e%74\/uploads\/2021\/01\/circulo.png","contentUrl":"https:\/\/informelitoral.com.ar\/%77%70%2d%63%6f%6e%74%65%6e%74\/uploads\/2021\/01\/circulo.png","width":723,"height":731,"caption":"Informe Litoral"},"image":{"@id":"https:\/\/informelitoral.com.ar\/#\/schema\/logo\/image\/"},"sameAs":["https:\/\/www.facebook.com\/informelitoral\/","https:\/\/x.com\/InformeLitoral","https:\/\/www.instagram.com\/informelitoral\/","https:\/\/www.youtube.com\/channel\/UCua4Qvz8Icb6MYqhoq9xLXw"]},{"@type":"Person","@id":"https:\/\/informelitoral.com.ar\/#\/schema\/person\/b9d00407c836482871ef1d57bf8e3180","name":"Gonzalo Schmidt","image":{"@type":"ImageObject","inLanguage":"es","@id":"https:\/\/secure.gravatar.com\/avatar\/31a1a7b66ff2de83bd0e9fd79d026630d2d99e55e8bfe501287647b4fd9743de?s=96&d=mm&r=g","url":"https:\/\/secure.gravatar.com\/avatar\/31a1a7b66ff2de83bd0e9fd79d026630d2d99e55e8bfe501287647b4fd9743de?s=96&d=mm&r=g","contentUrl":"https:\/\/secure.gravatar.com\/avatar\/31a1a7b66ff2de83bd0e9fd79d026630d2d99e55e8bfe501287647b4fd9743de?s=96&d=mm&r=g","caption":"Gonzalo Schmidt"},"description":"Sitio web de noticias de la provincia de Entre R\u00edos, Argentina. Informaci\u00f3n y entretenimiento. Informe Litoral, nos informamos.","sameAs":["http:\/\/www.isletasnoticias.com.ar"],"url":"https:\/\/informelitoral.com.ar\/author\/gonzalo\/"}]}},"_links":{"self":[{"href":"https:\/\/informelitoral.com.ar\/%77%70%2d%6a%73%6f%6e\/wp\/v2\/posts\/59658","targetHints":{"allow":["GET"]}}],"collection":[{"href":"https:\/\/informelitoral.com.ar\/%77%70%2d%6a%73%6f%6e\/wp\/v2\/posts"}],"about":[{"href":"https:\/\/informelitoral.com.ar\/%77%70%2d%6a%73%6f%6e\/wp\/v2\/types\/post"}],"author":[{"embeddable":true,"href":"https:\/\/informelitoral.com.ar\/%77%70%2d%6a%73%6f%6e\/wp\/v2\/users\/2"}],"replies":[{"embeddable":true,"href":"https:\/\/informelitoral.com.ar\/%77%70%2d%6a%73%6f%6e\/wp\/v2\/comments?post=59658"}],"version-history":[{"count":0,"href":"https:\/\/informelitoral.com.ar\/%77%70%2d%6a%73%6f%6e\/wp\/v2\/posts\/59658\/revisions"}],"wp:featuredmedia":[{"embeddable":true,"href":"https:\/\/informelitoral.com.ar\/%77%70%2d%6a%73%6f%6e\/wp\/v2\/media\/48266"}],"wp:attachment":[{"href":"https:\/\/informelitoral.com.ar\/%77%70%2d%6a%73%6f%6e\/wp\/v2\/media?parent=59658"}],"wp:term":[{"taxonomy":"category","embeddable":true,"href":"https:\/\/informelitoral.com.ar\/%77%70%2d%6a%73%6f%6e\/wp\/v2\/categories?post=59658"},{"taxonomy":"post_tag","embeddable":true,"href":"https:\/\/informelitoral.com.ar\/%77%70%2d%6a%73%6f%6e\/wp\/v2\/tags?post=59658"}],"curies":[{"name":"wp","href":"https:\/\/api.w.org\/{rel}","templated":true}]}}