{"id":59619,"date":"2021-05-06T04:22:02","date_gmt":"2021-05-06T07:22:02","guid":{"rendered":"https:\/\/www.informelitoral.com.ar\/?p=59619"},"modified":"2021-05-06T04:33:32","modified_gmt":"2021-05-06T07:33:32","slug":"inician-una-campana-para-que-soda-stereo-ingrese-al-salon-de-la-fama-del-rock-and-roll","status":"publish","type":"post","link":"https:\/\/informelitoral.com.ar\/inician-una-campana-para-que-soda-stereo-ingrese-al-salon-de-la-fama-del-rock-and-roll\/","title":{"rendered":"Inician una campa\u00f1a para que Soda Stereo ingrese al Sal\u00f3n de la Fama del Rock and Roll"},"content":{"rendered":"<p>Una campa\u00f1a en redes sociales que ya cuenta con m\u00e1s de nueve mil adhesiones impulsa que Soda Stereo se convierta en la primera banda hispanoparlante en ingresar al prestigioso Sal\u00f3n de la Fama del Rock and Roll.<\/p>\n<p>La iniciativa surgi\u00f3 de Miguel G\u00e1lvez, un periodista mexicano radicado en Estados Unidos, y entre los firmantes aparecen artistas ligados a la historia del grupo, como el caso de Carlos Alomar, Fabi\u00e1n \u00abEl Zorrito\u00bb Quintiero, Andrea \u00c1lvarez, Leo Garc\u00eda, Adri\u00e1n Taverna y Tweety Gonz\u00e1lez; adem\u00e1s de otras figuras como el l\u00edder de la banda mexicana El Tri, Alex Lora, y el vocalista de Rata Blanca, Adri\u00e1n Barilari.<\/p>\n<p><a href=\"https:\/\/www.informelitoral.com.ar\/%77%70%2d%63%6f%6e%74%65%6e%74\/uploads\/2021\/05\/soda_stereo.jpg\"><img loading=\"lazy\" decoding=\"async\" class=\" wp-image-59621 aligncenter\" src=\"https:\/\/www.informelitoral.com.ar\/%77%70%2d%63%6f%6e%74%65%6e%74\/uploads\/2021\/05\/soda_stereo-300x170.jpg\" alt=\"\" width=\"715\" height=\"405\" srcset=\"https:\/\/informelitoral.com.ar\/%77%70%2d%63%6f%6e%74%65%6e%74\/uploads\/2021\/05\/soda_stereo-300x170.jpg 300w, https:\/\/informelitoral.com.ar\/%77%70%2d%63%6f%6e%74%65%6e%74\/uploads\/2021\/05\/soda_stereo-696x393.jpg 696w, https:\/\/informelitoral.com.ar\/%77%70%2d%63%6f%6e%74%65%6e%74\/uploads\/2021\/05\/soda_stereo-743x420.jpg 743w, https:\/\/informelitoral.com.ar\/%77%70%2d%63%6f%6e%74%65%6e%74\/uploads\/2021\/05\/soda_stereo.jpg 750w\" sizes=\"auto, (max-width: 715px) 100vw, 715px\" \/><\/a><\/p>\n<h5><strong>La movida en las redes<\/strong><\/h5>\n<p>La campa\u00f1a puesta en marcha con el hashtag #sodastereorockhall tambi\u00e9n fue acompa\u00f1ada por una carta de su mentor a las autoridades del famoso museo musical para explicar los motivos por los cuales considera que el tr\u00edo liderado por Gustavo Cerati merece un lugar entre las 300 leyendas que forman parte del selecto grupo.<\/p>\n<p>El requisito para ingresar al Sal\u00f3n de la Fama del Rock and Roll es que se hayan cumplido al menos 25 a\u00f1os desde la edici\u00f3n del primer disco del respectivo artista o grupo.<\/p>\n<p><strong>Fuente:<\/strong>\u00a0T\u00e9lam.<\/p>\n","protected":false},"excerpt":{"rendered":"<p>Una campa&ntilde;a en redes sociales que ya cuenta con m&aacute;s de nueve mil adhesiones impulsa que Soda Stereo se convierta en la primera banda hispanoparlante en ingresar al prestigioso Sal&oacute;n de la Fama del Rock and Roll. La iniciativa surgi&oacute; de Miguel G&aacute;lvez, un periodista mexicano radicado en Estados Unidos, y entre los firmantes aparecen [&hellip;]<\/p>\n","protected":false},"author":8,"featured_media":59620,"comment_status":"open","ping_status":"open","sticky":false,"template":"","format":"standard","meta":{"fifu_image_url":"","fifu_image_alt":"","footnotes":""},"categories":[9],"tags":[2291,2289,2290,2288],"class_list":{"0":"post-59619","1":"post","2":"type-post","3":"status-publish","4":"format-standard","5":"has-post-thumbnail","7":"category-sociedad","8":"tag-gustavo-cerati","9":"tag-rock-and-roll","10":"tag-salon-de-la-fama","11":"tag-soda-stereo"},"yoast_head":"<title>Inician una campa\u00f1a para que Soda Stereo ingrese al Sal\u00f3n de la Fama del Rock and Roll - Informe Litoral<\/title>\n<meta name=\"robots\" content=\"index, follow, max-snippet:-1, max-image-preview:large, max-video-preview:-1\" \/>\n<link rel=\"canonical\" href=\"https:\/\/informelitoral.com.ar\/inician-una-campana-para-que-soda-stereo-ingrese-al-salon-de-la-fama-del-rock-and-roll\/\" \/>\n<meta property=\"og:locale\" content=\"es_ES\" \/>\n<meta property=\"og:type\" content=\"article\" \/>\n<meta property=\"og:title\" content=\"Inician una campa\u00f1a para que Soda Stereo ingrese al Sal\u00f3n de la Fama del Rock and Roll - Informe Litoral\" \/>\n<meta property=\"og:description\" content=\"Una campa&ntilde;a en redes sociales que ya cuenta con m&aacute;s de nueve mil adhesiones impulsa que Soda Stereo se convierta en la primera banda hispanoparlante en ingresar al prestigioso Sal&oacute;n de la Fama del Rock and Roll. La iniciativa surgi&oacute; de Miguel G&aacute;lvez, un periodista mexicano radicado en Estados Unidos, y entre los firmantes aparecen [&hellip;]\" \/>\n<meta property=\"og:url\" content=\"https:\/\/informelitoral.com.ar\/inician-una-campana-para-que-soda-stereo-ingrese-al-salon-de-la-fama-del-rock-and-roll\/\" \/>\n<meta property=\"og:site_name\" content=\"Informe Litoral\" \/>\n<meta property=\"article:publisher\" content=\"https:\/\/www.facebook.com\/informelitoral\/\" \/>\n<meta property=\"article:published_time\" content=\"2021-05-06T07:22:02+00:00\" \/>\n<meta property=\"article:modified_time\" content=\"2021-05-06T07:33:32+00:00\" \/>\n<meta property=\"og:image\" content=\"https:\/\/informelitoral.com.ar\/%77%70%2d%63%6f%6e%74%65%6e%74\/uploads\/2021\/05\/SodaStereo-CancionAnimal-AlfredoLois-2000.jpg\" \/>\n\t<meta property=\"og:image:width\" content=\"1999\" \/>\n\t<meta property=\"og:image:height\" content=\"1333\" \/>\n\t<meta property=\"og:image:type\" content=\"image\/jpeg\" \/>\n<meta name=\"author\" content=\"Sebastian\" \/>\n<meta name=\"twitter:card\" content=\"summary_large_image\" \/>\n<meta name=\"twitter:creator\" content=\"@InformeLitoral\" \/>\n<meta name=\"twitter:site\" content=\"@InformeLitoral\" \/>\n<meta name=\"twitter:label1\" content=\"Escrito por\" \/>\n\t<meta name=\"twitter:data1\" content=\"Sebastian\" \/>\n\t<meta name=\"twitter:label2\" content=\"Tiempo de lectura\" \/>\n\t<meta name=\"twitter:data2\" content=\"1 minuto\" \/>\n<script type=\"application\/ld+json\" class=\"yoast-schema-graph\">{\"@context\":\"https:\\\/\\\/schema.org\",\"@graph\":[{\"@type\":\"Article\",\"@id\":\"https:\\\/\\\/informelitoral.com.ar\\\/inician-una-campana-para-que-soda-stereo-ingrese-al-salon-de-la-fama-del-rock-and-roll\\\/#article\",\"isPartOf\":{\"@id\":\"https:\\\/\\\/informelitoral.com.ar\\\/inician-una-campana-para-que-soda-stereo-ingrese-al-salon-de-la-fama-del-rock-and-roll\\\/\"},\"author\":{\"name\":\"Sebastian\",\"@id\":\"https:\\\/\\\/informelitoral.com.ar\\\/#\\\/schema\\\/person\\\/f05f9f461677119578717524b127d6d5\"},\"headline\":\"Inician una campa\u00f1a para que Soda Stereo ingrese al Sal\u00f3n de la Fama del Rock and Roll\",\"datePublished\":\"2021-05-06T07:22:02+00:00\",\"dateModified\":\"2021-05-06T07:33:32+00:00\",\"mainEntityOfPage\":{\"@id\":\"https:\\\/\\\/informelitoral.com.ar\\\/inician-una-campana-para-que-soda-stereo-ingrese-al-salon-de-la-fama-del-rock-and-roll\\\/\"},\"wordCount\":233,\"commentCount\":0,\"publisher\":{\"@id\":\"https:\\\/\\\/informelitoral.com.ar\\\/#organization\"},\"image\":{\"@id\":\"https:\\\/\\\/informelitoral.com.ar\\\/inician-una-campana-para-que-soda-stereo-ingrese-al-salon-de-la-fama-del-rock-and-roll\\\/#primaryimage\"},\"thumbnailUrl\":\"https:\\\/\\\/informelitoral.com.ar\\\/%77%70%2d%63%6f%6e%74%65%6e%74\\\/uploads\\\/2021\\\/05\\\/SodaStereo-CancionAnimal-AlfredoLois-2000.jpg\",\"keywords\":[\"Gustavo Cerati\",\"Rock and Roll\",\"Sal\u00f3n de la Fama\",\"Soda Stereo\"],\"articleSection\":[\"Sociedad\"],\"inLanguage\":\"es\",\"potentialAction\":[{\"@type\":\"CommentAction\",\"name\":\"Comment\",\"target\":[\"https:\\\/\\\/informelitoral.com.ar\\\/inician-una-campana-para-que-soda-stereo-ingrese-al-salon-de-la-fama-del-rock-and-roll\\\/#respond\"]}]},{\"@type\":\"WebPage\",\"@id\":\"https:\\\/\\\/informelitoral.com.ar\\\/inician-una-campana-para-que-soda-stereo-ingrese-al-salon-de-la-fama-del-rock-and-roll\\\/\",\"url\":\"https:\\\/\\\/informelitoral.com.ar\\\/inician-una-campana-para-que-soda-stereo-ingrese-al-salon-de-la-fama-del-rock-and-roll\\\/\",\"name\":\"Inician una campa\u00f1a para que Soda Stereo ingrese al Sal\u00f3n de la Fama del Rock and Roll - Informe Litoral\",\"isPartOf\":{\"@id\":\"https:\\\/\\\/informelitoral.com.ar\\\/#website\"},\"primaryImageOfPage\":{\"@id\":\"https:\\\/\\\/informelitoral.com.ar\\\/inician-una-campana-para-que-soda-stereo-ingrese-al-salon-de-la-fama-del-rock-and-roll\\\/#primaryimage\"},\"image\":{\"@id\":\"https:\\\/\\\/informelitoral.com.ar\\\/inician-una-campana-para-que-soda-stereo-ingrese-al-salon-de-la-fama-del-rock-and-roll\\\/#primaryimage\"},\"thumbnailUrl\":\"https:\\\/\\\/informelitoral.com.ar\\\/%77%70%2d%63%6f%6e%74%65%6e%74\\\/uploads\\\/2021\\\/05\\\/SodaStereo-CancionAnimal-AlfredoLois-2000.jpg\",\"datePublished\":\"2021-05-06T07:22:02+00:00\",\"dateModified\":\"2021-05-06T07:33:32+00:00\",\"breadcrumb\":{\"@id\":\"https:\\\/\\\/informelitoral.com.ar\\\/inician-una-campana-para-que-soda-stereo-ingrese-al-salon-de-la-fama-del-rock-and-roll\\\/#breadcrumb\"},\"inLanguage\":\"es\",\"potentialAction\":[{\"@type\":\"ReadAction\",\"target\":[\"https:\\\/\\\/informelitoral.com.ar\\\/inician-una-campana-para-que-soda-stereo-ingrese-al-salon-de-la-fama-del-rock-and-roll\\\/\"]}]},{\"@type\":\"ImageObject\",\"inLanguage\":\"es\",\"@id\":\"https:\\\/\\\/informelitoral.com.ar\\\/inician-una-campana-para-que-soda-stereo-ingrese-al-salon-de-la-fama-del-rock-and-roll\\\/#primaryimage\",\"url\":\"https:\\\/\\\/informelitoral.com.ar\\\/%77%70%2d%63%6f%6e%74%65%6e%74\\\/uploads\\\/2021\\\/05\\\/SodaStereo-CancionAnimal-AlfredoLois-2000.jpg\",\"contentUrl\":\"https:\\\/\\\/informelitoral.com.ar\\\/%77%70%2d%63%6f%6e%74%65%6e%74\\\/uploads\\\/2021\\\/05\\\/SodaStereo-CancionAnimal-AlfredoLois-2000.jpg\",\"width\":1999,\"height\":1333},{\"@type\":\"BreadcrumbList\",\"@id\":\"https:\\\/\\\/informelitoral.com.ar\\\/inician-una-campana-para-que-soda-stereo-ingrese-al-salon-de-la-fama-del-rock-and-roll\\\/#breadcrumb\",\"itemListElement\":[{\"@type\":\"ListItem\",\"position\":1,\"name\":\"Portada\",\"item\":\"https:\\\/\\\/informelitoral.com.ar\\\/\"},{\"@type\":\"ListItem\",\"position\":2,\"name\":\"Inician una campa\u00f1a para que Soda Stereo ingrese al Sal\u00f3n de la Fama del Rock and Roll\"}]},{\"@type\":\"WebSite\",\"@id\":\"https:\\\/\\\/informelitoral.com.ar\\\/#website\",\"url\":\"https:\\\/\\\/informelitoral.com.ar\\\/\",\"name\":\"Informe Litoral\",\"description\":\"&quot;Nos informamos&quot; \",\"publisher\":{\"@id\":\"https:\\\/\\\/informelitoral.com.ar\\\/#organization\"},\"potentialAction\":[{\"@type\":\"SearchAction\",\"target\":{\"@type\":\"EntryPoint\",\"urlTemplate\":\"https:\\\/\\\/informelitoral.com.ar\\\/?s={search_term_string}\"},\"query-input\":{\"@type\":\"PropertyValueSpecification\",\"valueRequired\":true,\"valueName\":\"search_term_string\"}}],\"inLanguage\":\"es\"},{\"@type\":\"Organization\",\"@id\":\"https:\\\/\\\/informelitoral.com.ar\\\/#organization\",\"name\":\"Informe Litoral\",\"url\":\"https:\\\/\\\/informelitoral.com.ar\\\/\",\"logo\":{\"@type\":\"ImageObject\",\"inLanguage\":\"es\",\"@id\":\"https:\\\/\\\/informelitoral.com.ar\\\/#\\\/schema\\\/logo\\\/image\\\/\",\"url\":\"https:\\\/\\\/informelitoral.com.ar\\\/%77%70%2d%63%6f%6e%74%65%6e%74\\\/uploads\\\/2021\\\/01\\\/circulo.png\",\"contentUrl\":\"https:\\\/\\\/informelitoral.com.ar\\\/%77%70%2d%63%6f%6e%74%65%6e%74\\\/uploads\\\/2021\\\/01\\\/circulo.png\",\"width\":723,\"height\":731,\"caption\":\"Informe Litoral\"},\"image\":{\"@id\":\"https:\\\/\\\/informelitoral.com.ar\\\/#\\\/schema\\\/logo\\\/image\\\/\"},\"sameAs\":[\"https:\\\/\\\/www.facebook.com\\\/informelitoral\\\/\",\"https:\\\/\\\/x.com\\\/InformeLitoral\",\"https:\\\/\\\/www.instagram.com\\\/informelitoral\\\/\",\"https:\\\/\\\/www.youtube.com\\\/channel\\\/UCua4Qvz8Icb6MYqhoq9xLXw\"]},{\"@type\":\"Person\",\"@id\":\"https:\\\/\\\/informelitoral.com.ar\\\/#\\\/schema\\\/person\\\/f05f9f461677119578717524b127d6d5\",\"name\":\"Sebastian\",\"image\":{\"@type\":\"ImageObject\",\"inLanguage\":\"es\",\"@id\":\"https:\\\/\\\/secure.gravatar.com\\\/avatar\\\/b71bf7481d447dfb9583c7f2798e7cc64de6efb9067b74633ed8c31059a3bd82?s=96&d=mm&r=g\",\"url\":\"https:\\\/\\\/secure.gravatar.com\\\/avatar\\\/b71bf7481d447dfb9583c7f2798e7cc64de6efb9067b74633ed8c31059a3bd82?s=96&d=mm&r=g\",\"contentUrl\":\"https:\\\/\\\/secure.gravatar.com\\\/avatar\\\/b71bf7481d447dfb9583c7f2798e7cc64de6efb9067b74633ed8c31059a3bd82?s=96&d=mm&r=g\",\"caption\":\"Sebastian\"},\"url\":\"https:\\\/\\\/informelitoral.com.ar\\\/author\\\/sebastian\\\/\"}]}<\/script>","yoast_head_json":{"title":"Inician una campa\u00f1a para que Soda Stereo ingrese al Sal\u00f3n de la Fama del Rock and Roll - Informe Litoral","robots":{"index":"index","follow":"follow","max-snippet":"max-snippet:-1","max-image-preview":"max-image-preview:large","max-video-preview":"max-video-preview:-1"},"canonical":"https:\/\/informelitoral.com.ar\/inician-una-campana-para-que-soda-stereo-ingrese-al-salon-de-la-fama-del-rock-and-roll\/","og_locale":"es_ES","og_type":"article","og_title":"Inician una campa\u00f1a para que Soda Stereo ingrese al Sal\u00f3n de la Fama del Rock and Roll - Informe Litoral","og_description":"Una campa&ntilde;a en redes sociales que ya cuenta con m&aacute;s de nueve mil adhesiones impulsa que Soda Stereo se convierta en la primera banda hispanoparlante en ingresar al prestigioso Sal&oacute;n de la Fama del Rock and Roll. La iniciativa surgi&oacute; de Miguel G&aacute;lvez, un periodista mexicano radicado en Estados Unidos, y entre los firmantes aparecen [&hellip;]","og_url":"https:\/\/informelitoral.com.ar\/inician-una-campana-para-que-soda-stereo-ingrese-al-salon-de-la-fama-del-rock-and-roll\/","og_site_name":"Informe Litoral","article_publisher":"https:\/\/www.facebook.com\/informelitoral\/","article_published_time":"2021-05-06T07:22:02+00:00","article_modified_time":"2021-05-06T07:33:32+00:00","og_image":[{"width":1999,"height":1333,"url":"https:\/\/informelitoral.com.ar\/%77%70%2d%63%6f%6e%74%65%6e%74\/uploads\/2021\/05\/SodaStereo-CancionAnimal-AlfredoLois-2000.jpg","type":"image\/jpeg"}],"author":"Sebastian","twitter_card":"summary_large_image","twitter_creator":"@InformeLitoral","twitter_site":"@InformeLitoral","twitter_misc":{"Escrito por":"Sebastian","Tiempo de lectura":"1 minuto"},"schema":{"@context":"https:\/\/schema.org","@graph":[{"@type":"Article","@id":"https:\/\/informelitoral.com.ar\/inician-una-campana-para-que-soda-stereo-ingrese-al-salon-de-la-fama-del-rock-and-roll\/#article","isPartOf":{"@id":"https:\/\/informelitoral.com.ar\/inician-una-campana-para-que-soda-stereo-ingrese-al-salon-de-la-fama-del-rock-and-roll\/"},"author":{"name":"Sebastian","@id":"https:\/\/informelitoral.com.ar\/#\/schema\/person\/f05f9f461677119578717524b127d6d5"},"headline":"Inician una campa\u00f1a para que Soda Stereo ingrese al Sal\u00f3n de la Fama del Rock and Roll","datePublished":"2021-05-06T07:22:02+00:00","dateModified":"2021-05-06T07:33:32+00:00","mainEntityOfPage":{"@id":"https:\/\/informelitoral.com.ar\/inician-una-campana-para-que-soda-stereo-ingrese-al-salon-de-la-fama-del-rock-and-roll\/"},"wordCount":233,"commentCount":0,"publisher":{"@id":"https:\/\/informelitoral.com.ar\/#organization"},"image":{"@id":"https:\/\/informelitoral.com.ar\/inician-una-campana-para-que-soda-stereo-ingrese-al-salon-de-la-fama-del-rock-and-roll\/#primaryimage"},"thumbnailUrl":"https:\/\/informelitoral.com.ar\/%77%70%2d%63%6f%6e%74%65%6e%74\/uploads\/2021\/05\/SodaStereo-CancionAnimal-AlfredoLois-2000.jpg","keywords":["Gustavo Cerati","Rock and Roll","Sal\u00f3n de la Fama","Soda Stereo"],"articleSection":["Sociedad"],"inLanguage":"es","potentialAction":[{"@type":"CommentAction","name":"Comment","target":["https:\/\/informelitoral.com.ar\/inician-una-campana-para-que-soda-stereo-ingrese-al-salon-de-la-fama-del-rock-and-roll\/#respond"]}]},{"@type":"WebPage","@id":"https:\/\/informelitoral.com.ar\/inician-una-campana-para-que-soda-stereo-ingrese-al-salon-de-la-fama-del-rock-and-roll\/","url":"https:\/\/informelitoral.com.ar\/inician-una-campana-para-que-soda-stereo-ingrese-al-salon-de-la-fama-del-rock-and-roll\/","name":"Inician una campa\u00f1a para que Soda Stereo ingrese al Sal\u00f3n de la Fama del Rock and Roll - Informe Litoral","isPartOf":{"@id":"https:\/\/informelitoral.com.ar\/#website"},"primaryImageOfPage":{"@id":"https:\/\/informelitoral.com.ar\/inician-una-campana-para-que-soda-stereo-ingrese-al-salon-de-la-fama-del-rock-and-roll\/#primaryimage"},"image":{"@id":"https:\/\/informelitoral.com.ar\/inician-una-campana-para-que-soda-stereo-ingrese-al-salon-de-la-fama-del-rock-and-roll\/#primaryimage"},"thumbnailUrl":"https:\/\/informelitoral.com.ar\/%77%70%2d%63%6f%6e%74%65%6e%74\/uploads\/2021\/05\/SodaStereo-CancionAnimal-AlfredoLois-2000.jpg","datePublished":"2021-05-06T07:22:02+00:00","dateModified":"2021-05-06T07:33:32+00:00","breadcrumb":{"@id":"https:\/\/informelitoral.com.ar\/inician-una-campana-para-que-soda-stereo-ingrese-al-salon-de-la-fama-del-rock-and-roll\/#breadcrumb"},"inLanguage":"es","potentialAction":[{"@type":"ReadAction","target":["https:\/\/informelitoral.com.ar\/inician-una-campana-para-que-soda-stereo-ingrese-al-salon-de-la-fama-del-rock-and-roll\/"]}]},{"@type":"ImageObject","inLanguage":"es","@id":"https:\/\/informelitoral.com.ar\/inician-una-campana-para-que-soda-stereo-ingrese-al-salon-de-la-fama-del-rock-and-roll\/#primaryimage","url":"https:\/\/informelitoral.com.ar\/%77%70%2d%63%6f%6e%74%65%6e%74\/uploads\/2021\/05\/SodaStereo-CancionAnimal-AlfredoLois-2000.jpg","contentUrl":"https:\/\/informelitoral.com.ar\/%77%70%2d%63%6f%6e%74%65%6e%74\/uploads\/2021\/05\/SodaStereo-CancionAnimal-AlfredoLois-2000.jpg","width":1999,"height":1333},{"@type":"BreadcrumbList","@id":"https:\/\/informelitoral.com.ar\/inician-una-campana-para-que-soda-stereo-ingrese-al-salon-de-la-fama-del-rock-and-roll\/#breadcrumb","itemListElement":[{"@type":"ListItem","position":1,"name":"Portada","item":"https:\/\/informelitoral.com.ar\/"},{"@type":"ListItem","position":2,"name":"Inician una campa\u00f1a para que Soda Stereo ingrese al Sal\u00f3n de la Fama del Rock and Roll"}]},{"@type":"WebSite","@id":"https:\/\/informelitoral.com.ar\/#website","url":"https:\/\/informelitoral.com.ar\/","name":"Informe Litoral","description":"&quot;Nos informamos&quot; ","publisher":{"@id":"https:\/\/informelitoral.com.ar\/#organization"},"potentialAction":[{"@type":"SearchAction","target":{"@type":"EntryPoint","urlTemplate":"https:\/\/informelitoral.com.ar\/?s={search_term_string}"},"query-input":{"@type":"PropertyValueSpecification","valueRequired":true,"valueName":"search_term_string"}}],"inLanguage":"es"},{"@type":"Organization","@id":"https:\/\/informelitoral.com.ar\/#organization","name":"Informe Litoral","url":"https:\/\/informelitoral.com.ar\/","logo":{"@type":"ImageObject","inLanguage":"es","@id":"https:\/\/informelitoral.com.ar\/#\/schema\/logo\/image\/","url":"https:\/\/informelitoral.com.ar\/%77%70%2d%63%6f%6e%74%65%6e%74\/uploads\/2021\/01\/circulo.png","contentUrl":"https:\/\/informelitoral.com.ar\/%77%70%2d%63%6f%6e%74%65%6e%74\/uploads\/2021\/01\/circulo.png","width":723,"height":731,"caption":"Informe Litoral"},"image":{"@id":"https:\/\/informelitoral.com.ar\/#\/schema\/logo\/image\/"},"sameAs":["https:\/\/www.facebook.com\/informelitoral\/","https:\/\/x.com\/InformeLitoral","https:\/\/www.instagram.com\/informelitoral\/","https:\/\/www.youtube.com\/channel\/UCua4Qvz8Icb6MYqhoq9xLXw"]},{"@type":"Person","@id":"https:\/\/informelitoral.com.ar\/#\/schema\/person\/f05f9f461677119578717524b127d6d5","name":"Sebastian","image":{"@type":"ImageObject","inLanguage":"es","@id":"https:\/\/secure.gravatar.com\/avatar\/b71bf7481d447dfb9583c7f2798e7cc64de6efb9067b74633ed8c31059a3bd82?s=96&d=mm&r=g","url":"https:\/\/secure.gravatar.com\/avatar\/b71bf7481d447dfb9583c7f2798e7cc64de6efb9067b74633ed8c31059a3bd82?s=96&d=mm&r=g","contentUrl":"https:\/\/secure.gravatar.com\/avatar\/b71bf7481d447dfb9583c7f2798e7cc64de6efb9067b74633ed8c31059a3bd82?s=96&d=mm&r=g","caption":"Sebastian"},"url":"https:\/\/informelitoral.com.ar\/author\/sebastian\/"}]}},"_links":{"self":[{"href":"https:\/\/informelitoral.com.ar\/%77%70%2d%6a%73%6f%6e\/wp\/v2\/posts\/59619","targetHints":{"allow":["GET"]}}],"collection":[{"href":"https:\/\/informelitoral.com.ar\/%77%70%2d%6a%73%6f%6e\/wp\/v2\/posts"}],"about":[{"href":"https:\/\/informelitoral.com.ar\/%77%70%2d%6a%73%6f%6e\/wp\/v2\/types\/post"}],"author":[{"embeddable":true,"href":"https:\/\/informelitoral.com.ar\/%77%70%2d%6a%73%6f%6e\/wp\/v2\/users\/8"}],"replies":[{"embeddable":true,"href":"https:\/\/informelitoral.com.ar\/%77%70%2d%6a%73%6f%6e\/wp\/v2\/comments?post=59619"}],"version-history":[{"count":0,"href":"https:\/\/informelitoral.com.ar\/%77%70%2d%6a%73%6f%6e\/wp\/v2\/posts\/59619\/revisions"}],"wp:featuredmedia":[{"embeddable":true,"href":"https:\/\/informelitoral.com.ar\/%77%70%2d%6a%73%6f%6e\/wp\/v2\/media\/59620"}],"wp:attachment":[{"href":"https:\/\/informelitoral.com.ar\/%77%70%2d%6a%73%6f%6e\/wp\/v2\/media?parent=59619"}],"wp:term":[{"taxonomy":"category","embeddable":true,"href":"https:\/\/informelitoral.com.ar\/%77%70%2d%6a%73%6f%6e\/wp\/v2\/categories?post=59619"},{"taxonomy":"post_tag","embeddable":true,"href":"https:\/\/informelitoral.com.ar\/%77%70%2d%6a%73%6f%6e\/wp\/v2\/tags?post=59619"}],"curies":[{"name":"wp","href":"https:\/\/api.w.org\/{rel}","templated":true}]}}