{"id":59558,"date":"2021-05-04T15:39:00","date_gmt":"2021-05-04T18:39:00","guid":{"rendered":"https:\/\/www.informelitoral.com.ar\/?p=59558"},"modified":"2021-05-04T15:52:15","modified_gmt":"2021-05-04T18:52:15","slug":"ayudanos-el-emotivo-video-del-personal-del-hospital-de-general-ramirez","status":"publish","type":"post","link":"https:\/\/informelitoral.com.ar\/ayudanos-el-emotivo-video-del-personal-del-hospital-de-general-ramirez\/","title":{"rendered":"\u00abAyudanos\u00bb: el emotivo video del personal del Hospital de General Ram\u00edrez"},"content":{"rendered":"<p><a href=\"https:\/\/www.informelitoral.com.ar\/el-desesperado-pedido-del-personal-de-la-salud-de-general-ramirez\/\">Luego de alertar sobre la grave situaci\u00f3n sanitaria que atraviesa General Ram\u00edrez,<\/a> que no es ajena al contexto provincial y nacional, ahora desde el <strong>Hospital, Nuestra Se\u00f1ora del Luj\u00e1n<\/strong> difundieron un video, que por su emotividad desde las palabras, im\u00e1genes y sonido cal\u00f3 hondo en la sociedad ramirense.<\/p>\n<p>El objetivo del material audiovisual compartido a trav\u00e9s de las redes sociales y al que accedi\u00f3<em><strong> Informe Litoral<\/strong><\/em>, es por un lado, <strong>alertar sobre el panorama que viven a diario dentro del nosocomio<\/strong> y por el otro, <strong>concientizar a la poblaci\u00f3n sobre la necesidad de respetar las medidas preventivas de la Covid-19.<\/strong><\/p>\n<h3><strong>Qu\u00e9 se dice en el video:<\/strong><\/h3>\n<p><em>\u00abDesde el hospital te pedimos hoy m\u00e1s que nunca que te cuides y que cuides al que tenes al lado. La situaci\u00f3n en Ram\u00edrez es cada vez m\u00e1s delicada y cada vez tenemos m\u00e1s contagios.<\/em><\/p>\n<p><em>\u00a0Acordate que nos puede tocar a todos. A tu pap\u00e1, a tu mam\u00e1, a tus hijos, a tu vecino, a la gente que m\u00e1s queres. Es una situaci\u00f3n muy desagradable, tuvimos pacientes j\u00f3venes muy graves&#8230;<\/em><\/p>\n<p><em>Todo el personal de salud de todos los sectores estamos trabajando incondicionalmente para cuidarte y cuidarnos, pero claro, como cualquier persona tambi\u00e9n nos agotamos, por eso te pido que vos tambi\u00e9n te\u00a0cuides, haciendo tu parte.\u00a0<\/em><\/p>\n<p><em>Lavate frecuentemente las manos, usa correctamente el barbijo, y sobre todo, evitemos contactos innecesarios con otras personas y si tenes s\u00edntomas no vayas a la escuela, no vayas a trabajar, quedate en tu casa y comunicate con el hospital\u00a0que ac\u00e1 te vamos a ayudar.\u00a0<\/em><\/p>\n<p><em>A la pandemia la frenamos entre todos. \u00a1Ayudanos!\u00bb<\/em><\/p>\n<h3><strong>Mir\u00e1 el video:<\/strong><\/h3>\n<div style=\"width: 426px;\" class=\"wp-video\"><video class=\"wp-video-shortcode\" id=\"video-59558-1\" width=\"426\" height=\"234\" preload=\"metadata\" controls=\"controls\"><source type=\"video\/mp4\" src=\"https:\/\/www.informelitoral.com.ar\/%77%70%2d%63%6f%6e%74%65%6e%74\/uploads\/2021\/05\/179930199_267271781788567_5618581064896336524_n.mp4?_=1\" \/><a href=\"https:\/\/www.informelitoral.com.ar\/%77%70%2d%63%6f%6e%74%65%6e%74\/uploads\/2021\/05\/179930199_267271781788567_5618581064896336524_n.mp4\">https:\/\/www.informelitoral.com.ar\/%77%70%2d%63%6f%6e%74%65%6e%74\/uploads\/2021\/05\/179930199_267271781788567_5618581064896336524_n.mp4<\/a><\/video><\/div>\n<blockquote class=\"wp-embedded-content\" data-secret=\"8NqGQve0Jh\"><p><a href=\"https:\/\/www.informelitoral.com.ar\/el-desesperado-pedido-del-personal-de-la-salud-de-general-ramirez\/\">El desesperado pedido del personal de la salud de General Ram\u00edrez<\/a><\/p><\/blockquote>\n<p><iframe loading=\"lazy\" class=\"wp-embedded-content\" sandbox=\"allow-scripts\" security=\"restricted\" style=\"position: absolute; clip: rect(1px, 1px, 1px, 1px);\" title=\"\u00abEl desesperado pedido del personal de la salud de General Ram\u00edrez\u00bb \u2014 Informe Litoral\" src=\"https:\/\/www.informelitoral.com.ar\/el-desesperado-pedido-del-personal-de-la-salud-de-general-ramirez\/embed\/#?secret=8NqGQve0Jh\" data-secret=\"8NqGQve0Jh\" width=\"600\" height=\"338\" frameborder=\"0\" marginwidth=\"0\" marginheight=\"0\" scrolling=\"no\"><\/iframe><\/p>\n","protected":false},"excerpt":{"rendered":"<p>Con el objetivo de concientizar a la poblaci\u00f3n sobre las medidas preventivas y la compleja situaci\u00f3n sanitaria, desde el nosocomio difundieron el material que tuvo gran impacto en la ciudad. \u00abA la pandemia la frenamos entre todos. \u00a1Ayudanos!\u00bb, concluyen los profesionales. <\/p>\n","protected":false},"author":2,"featured_media":59560,"comment_status":"open","ping_status":"open","sticky":false,"template":"","format":"standard","meta":{"fifu_image_url":"","fifu_image_alt":"","footnotes":""},"categories":[5,9],"tags":[1426,1481,556,1293,27,82],"class_list":{"0":"post-59558","1":"post","2":"type-post","3":"status-publish","4":"format-standard","5":"has-post-thumbnail","7":"category-zonales","8":"category-sociedad","9":"tag-coronavirus","10":"tag-covid-19","11":"tag-general-ramirez","12":"tag-hospital-nuestra-senora-del-lujan","13":"tag-ramirez","14":"tag-salud"},"yoast_head":"<title>&quot;Ayudanos&quot;: el emotivo video del personal del Hospital de General Ram\u00edrez - Informe Litoral<\/title>\n<meta name=\"robots\" content=\"index, follow, max-snippet:-1, max-image-preview:large, max-video-preview:-1\" \/>\n<link rel=\"canonical\" href=\"https:\/\/informelitoral.com.ar\/ayudanos-el-emotivo-video-del-personal-del-hospital-de-general-ramirez\/\" \/>\n<meta property=\"og:locale\" content=\"es_ES\" \/>\n<meta property=\"og:type\" content=\"article\" \/>\n<meta property=\"og:title\" content=\"&quot;Ayudanos&quot;: el emotivo video del personal del Hospital de General Ram\u00edrez - Informe Litoral\" \/>\n<meta property=\"og:description\" content=\"Con el objetivo de concientizar a la poblaci\u00f3n sobre las medidas preventivas y la compleja situaci\u00f3n sanitaria, desde el nosocomio difundieron el material que tuvo gran impacto en la ciudad. &quot;A la pandemia la frenamos entre todos. \u00a1Ayudanos!&quot;, concluyen los profesionales.\" \/>\n<meta property=\"og:url\" content=\"https:\/\/informelitoral.com.ar\/ayudanos-el-emotivo-video-del-personal-del-hospital-de-general-ramirez\/\" \/>\n<meta property=\"og:site_name\" content=\"Informe Litoral\" \/>\n<meta property=\"article:publisher\" content=\"https:\/\/www.facebook.com\/informelitoral\/\" \/>\n<meta property=\"article:published_time\" content=\"2021-05-04T18:39:00+00:00\" \/>\n<meta property=\"article:modified_time\" content=\"2021-05-04T18:52:15+00:00\" \/>\n<meta property=\"og:image\" content=\"https:\/\/informelitoral.com.ar\/%77%70%2d%63%6f%6e%74%65%6e%74\/uploads\/2021\/05\/mensaje-personal-del-hospital.jpg\" \/>\n\t<meta property=\"og:image:width\" content=\"1890\" \/>\n\t<meta property=\"og:image:height\" content=\"1417\" \/>\n\t<meta property=\"og:image:type\" content=\"image\/jpeg\" \/>\n<meta name=\"author\" content=\"Gonzalo Schmidt\" \/>\n<meta name=\"twitter:card\" content=\"summary_large_image\" \/>\n<meta name=\"twitter:creator\" content=\"@InformeLitoral\" \/>\n<meta name=\"twitter:site\" content=\"@InformeLitoral\" \/>\n<meta name=\"twitter:label1\" content=\"Escrito por\" \/>\n\t<meta name=\"twitter:data1\" content=\"Gonzalo Schmidt\" \/>\n\t<meta name=\"twitter:label2\" content=\"Tiempo de lectura\" \/>\n\t<meta name=\"twitter:data2\" content=\"2 minutos\" \/>\n<script type=\"application\/ld+json\" class=\"yoast-schema-graph\">{\"@context\":\"https:\\\/\\\/schema.org\",\"@graph\":[{\"@type\":\"Article\",\"@id\":\"https:\\\/\\\/informelitoral.com.ar\\\/ayudanos-el-emotivo-video-del-personal-del-hospital-de-general-ramirez\\\/#article\",\"isPartOf\":{\"@id\":\"https:\\\/\\\/informelitoral.com.ar\\\/ayudanos-el-emotivo-video-del-personal-del-hospital-de-general-ramirez\\\/\"},\"author\":{\"name\":\"Gonzalo Schmidt\",\"@id\":\"https:\\\/\\\/informelitoral.com.ar\\\/#\\\/schema\\\/person\\\/b9d00407c836482871ef1d57bf8e3180\"},\"headline\":\"\u00abAyudanos\u00bb: el emotivo video del personal del Hospital de General Ram\u00edrez\",\"datePublished\":\"2021-05-04T18:39:00+00:00\",\"dateModified\":\"2021-05-04T18:52:15+00:00\",\"mainEntityOfPage\":{\"@id\":\"https:\\\/\\\/informelitoral.com.ar\\\/ayudanos-el-emotivo-video-del-personal-del-hospital-de-general-ramirez\\\/\"},\"wordCount\":318,\"commentCount\":0,\"publisher\":{\"@id\":\"https:\\\/\\\/informelitoral.com.ar\\\/#organization\"},\"image\":{\"@id\":\"https:\\\/\\\/informelitoral.com.ar\\\/ayudanos-el-emotivo-video-del-personal-del-hospital-de-general-ramirez\\\/#primaryimage\"},\"thumbnailUrl\":\"https:\\\/\\\/informelitoral.com.ar\\\/%77%70%2d%63%6f%6e%74%65%6e%74\\\/uploads\\\/2021\\\/05\\\/mensaje-personal-del-hospital.jpg\",\"keywords\":[\"Coronavirus\",\"COVID-19\",\"General Ram\u00edrez\",\"Hospital Nuestra Se\u00f1ora del Luj\u00e1n\",\"Ram\u00edrez\",\"Salud\"],\"articleSection\":[\"Departamento Diamante\",\"Sociedad\"],\"inLanguage\":\"es\",\"potentialAction\":[{\"@type\":\"CommentAction\",\"name\":\"Comment\",\"target\":[\"https:\\\/\\\/informelitoral.com.ar\\\/ayudanos-el-emotivo-video-del-personal-del-hospital-de-general-ramirez\\\/#respond\"]}]},{\"@type\":\"WebPage\",\"@id\":\"https:\\\/\\\/informelitoral.com.ar\\\/ayudanos-el-emotivo-video-del-personal-del-hospital-de-general-ramirez\\\/\",\"url\":\"https:\\\/\\\/informelitoral.com.ar\\\/ayudanos-el-emotivo-video-del-personal-del-hospital-de-general-ramirez\\\/\",\"name\":\"\\\"Ayudanos\\\": el emotivo video del personal del Hospital de General Ram\u00edrez - Informe Litoral\",\"isPartOf\":{\"@id\":\"https:\\\/\\\/informelitoral.com.ar\\\/#website\"},\"primaryImageOfPage\":{\"@id\":\"https:\\\/\\\/informelitoral.com.ar\\\/ayudanos-el-emotivo-video-del-personal-del-hospital-de-general-ramirez\\\/#primaryimage\"},\"image\":{\"@id\":\"https:\\\/\\\/informelitoral.com.ar\\\/ayudanos-el-emotivo-video-del-personal-del-hospital-de-general-ramirez\\\/#primaryimage\"},\"thumbnailUrl\":\"https:\\\/\\\/informelitoral.com.ar\\\/%77%70%2d%63%6f%6e%74%65%6e%74\\\/uploads\\\/2021\\\/05\\\/mensaje-personal-del-hospital.jpg\",\"datePublished\":\"2021-05-04T18:39:00+00:00\",\"dateModified\":\"2021-05-04T18:52:15+00:00\",\"breadcrumb\":{\"@id\":\"https:\\\/\\\/informelitoral.com.ar\\\/ayudanos-el-emotivo-video-del-personal-del-hospital-de-general-ramirez\\\/#breadcrumb\"},\"inLanguage\":\"es\",\"potentialAction\":[{\"@type\":\"ReadAction\",\"target\":[\"https:\\\/\\\/informelitoral.com.ar\\\/ayudanos-el-emotivo-video-del-personal-del-hospital-de-general-ramirez\\\/\"]}]},{\"@type\":\"ImageObject\",\"inLanguage\":\"es\",\"@id\":\"https:\\\/\\\/informelitoral.com.ar\\\/ayudanos-el-emotivo-video-del-personal-del-hospital-de-general-ramirez\\\/#primaryimage\",\"url\":\"https:\\\/\\\/informelitoral.com.ar\\\/%77%70%2d%63%6f%6e%74%65%6e%74\\\/uploads\\\/2021\\\/05\\\/mensaje-personal-del-hospital.jpg\",\"contentUrl\":\"https:\\\/\\\/informelitoral.com.ar\\\/%77%70%2d%63%6f%6e%74%65%6e%74\\\/uploads\\\/2021\\\/05\\\/mensaje-personal-del-hospital.jpg\",\"width\":1890,\"height\":1417},{\"@type\":\"BreadcrumbList\",\"@id\":\"https:\\\/\\\/informelitoral.com.ar\\\/ayudanos-el-emotivo-video-del-personal-del-hospital-de-general-ramirez\\\/#breadcrumb\",\"itemListElement\":[{\"@type\":\"ListItem\",\"position\":1,\"name\":\"Portada\",\"item\":\"https:\\\/\\\/informelitoral.com.ar\\\/\"},{\"@type\":\"ListItem\",\"position\":2,\"name\":\"\u00abAyudanos\u00bb: el emotivo video del personal del Hospital de General Ram\u00edrez\"}]},{\"@type\":\"WebSite\",\"@id\":\"https:\\\/\\\/informelitoral.com.ar\\\/#website\",\"url\":\"https:\\\/\\\/informelitoral.com.ar\\\/\",\"name\":\"Informe Litoral\",\"description\":\"&quot;Nos informamos&quot; \",\"publisher\":{\"@id\":\"https:\\\/\\\/informelitoral.com.ar\\\/#organization\"},\"potentialAction\":[{\"@type\":\"SearchAction\",\"target\":{\"@type\":\"EntryPoint\",\"urlTemplate\":\"https:\\\/\\\/informelitoral.com.ar\\\/?s={search_term_string}\"},\"query-input\":{\"@type\":\"PropertyValueSpecification\",\"valueRequired\":true,\"valueName\":\"search_term_string\"}}],\"inLanguage\":\"es\"},{\"@type\":\"Organization\",\"@id\":\"https:\\\/\\\/informelitoral.com.ar\\\/#organization\",\"name\":\"Informe Litoral\",\"url\":\"https:\\\/\\\/informelitoral.com.ar\\\/\",\"logo\":{\"@type\":\"ImageObject\",\"inLanguage\":\"es\",\"@id\":\"https:\\\/\\\/informelitoral.com.ar\\\/#\\\/schema\\\/logo\\\/image\\\/\",\"url\":\"https:\\\/\\\/informelitoral.com.ar\\\/%77%70%2d%63%6f%6e%74%65%6e%74\\\/uploads\\\/2021\\\/01\\\/circulo.png\",\"contentUrl\":\"https:\\\/\\\/informelitoral.com.ar\\\/%77%70%2d%63%6f%6e%74%65%6e%74\\\/uploads\\\/2021\\\/01\\\/circulo.png\",\"width\":723,\"height\":731,\"caption\":\"Informe Litoral\"},\"image\":{\"@id\":\"https:\\\/\\\/informelitoral.com.ar\\\/#\\\/schema\\\/logo\\\/image\\\/\"},\"sameAs\":[\"https:\\\/\\\/www.facebook.com\\\/informelitoral\\\/\",\"https:\\\/\\\/x.com\\\/InformeLitoral\",\"https:\\\/\\\/www.instagram.com\\\/informelitoral\\\/\",\"https:\\\/\\\/www.youtube.com\\\/channel\\\/UCua4Qvz8Icb6MYqhoq9xLXw\"]},{\"@type\":\"Person\",\"@id\":\"https:\\\/\\\/informelitoral.com.ar\\\/#\\\/schema\\\/person\\\/b9d00407c836482871ef1d57bf8e3180\",\"name\":\"Gonzalo Schmidt\",\"image\":{\"@type\":\"ImageObject\",\"inLanguage\":\"es\",\"@id\":\"https:\\\/\\\/secure.gravatar.com\\\/avatar\\\/31a1a7b66ff2de83bd0e9fd79d026630d2d99e55e8bfe501287647b4fd9743de?s=96&d=mm&r=g\",\"url\":\"https:\\\/\\\/secure.gravatar.com\\\/avatar\\\/31a1a7b66ff2de83bd0e9fd79d026630d2d99e55e8bfe501287647b4fd9743de?s=96&d=mm&r=g\",\"contentUrl\":\"https:\\\/\\\/secure.gravatar.com\\\/avatar\\\/31a1a7b66ff2de83bd0e9fd79d026630d2d99e55e8bfe501287647b4fd9743de?s=96&d=mm&r=g\",\"caption\":\"Gonzalo Schmidt\"},\"description\":\"Sitio web de noticias de la provincia de Entre R\u00edos, Argentina. Informaci\u00f3n y entretenimiento. Informe Litoral, nos informamos.\",\"sameAs\":[\"http:\\\/\\\/www.isletasnoticias.com.ar\"],\"url\":\"https:\\\/\\\/informelitoral.com.ar\\\/author\\\/gonzalo\\\/\"}]}<\/script>","yoast_head_json":{"title":"\"Ayudanos\": el emotivo video del personal del Hospital de General Ram\u00edrez - Informe Litoral","robots":{"index":"index","follow":"follow","max-snippet":"max-snippet:-1","max-image-preview":"max-image-preview:large","max-video-preview":"max-video-preview:-1"},"canonical":"https:\/\/informelitoral.com.ar\/ayudanos-el-emotivo-video-del-personal-del-hospital-de-general-ramirez\/","og_locale":"es_ES","og_type":"article","og_title":"\"Ayudanos\": el emotivo video del personal del Hospital de General Ram\u00edrez - Informe Litoral","og_description":"Con el objetivo de concientizar a la poblaci\u00f3n sobre las medidas preventivas y la compleja situaci\u00f3n sanitaria, desde el nosocomio difundieron el material que tuvo gran impacto en la ciudad. \"A la pandemia la frenamos entre todos. \u00a1Ayudanos!\", concluyen los profesionales.","og_url":"https:\/\/informelitoral.com.ar\/ayudanos-el-emotivo-video-del-personal-del-hospital-de-general-ramirez\/","og_site_name":"Informe Litoral","article_publisher":"https:\/\/www.facebook.com\/informelitoral\/","article_published_time":"2021-05-04T18:39:00+00:00","article_modified_time":"2021-05-04T18:52:15+00:00","og_image":[{"width":1890,"height":1417,"url":"https:\/\/informelitoral.com.ar\/%77%70%2d%63%6f%6e%74%65%6e%74\/uploads\/2021\/05\/mensaje-personal-del-hospital.jpg","type":"image\/jpeg"}],"author":"Gonzalo Schmidt","twitter_card":"summary_large_image","twitter_creator":"@InformeLitoral","twitter_site":"@InformeLitoral","twitter_misc":{"Escrito por":"Gonzalo Schmidt","Tiempo de lectura":"2 minutos"},"schema":{"@context":"https:\/\/schema.org","@graph":[{"@type":"Article","@id":"https:\/\/informelitoral.com.ar\/ayudanos-el-emotivo-video-del-personal-del-hospital-de-general-ramirez\/#article","isPartOf":{"@id":"https:\/\/informelitoral.com.ar\/ayudanos-el-emotivo-video-del-personal-del-hospital-de-general-ramirez\/"},"author":{"name":"Gonzalo Schmidt","@id":"https:\/\/informelitoral.com.ar\/#\/schema\/person\/b9d00407c836482871ef1d57bf8e3180"},"headline":"\u00abAyudanos\u00bb: el emotivo video del personal del Hospital de General Ram\u00edrez","datePublished":"2021-05-04T18:39:00+00:00","dateModified":"2021-05-04T18:52:15+00:00","mainEntityOfPage":{"@id":"https:\/\/informelitoral.com.ar\/ayudanos-el-emotivo-video-del-personal-del-hospital-de-general-ramirez\/"},"wordCount":318,"commentCount":0,"publisher":{"@id":"https:\/\/informelitoral.com.ar\/#organization"},"image":{"@id":"https:\/\/informelitoral.com.ar\/ayudanos-el-emotivo-video-del-personal-del-hospital-de-general-ramirez\/#primaryimage"},"thumbnailUrl":"https:\/\/informelitoral.com.ar\/%77%70%2d%63%6f%6e%74%65%6e%74\/uploads\/2021\/05\/mensaje-personal-del-hospital.jpg","keywords":["Coronavirus","COVID-19","General Ram\u00edrez","Hospital Nuestra Se\u00f1ora del Luj\u00e1n","Ram\u00edrez","Salud"],"articleSection":["Departamento Diamante","Sociedad"],"inLanguage":"es","potentialAction":[{"@type":"CommentAction","name":"Comment","target":["https:\/\/informelitoral.com.ar\/ayudanos-el-emotivo-video-del-personal-del-hospital-de-general-ramirez\/#respond"]}]},{"@type":"WebPage","@id":"https:\/\/informelitoral.com.ar\/ayudanos-el-emotivo-video-del-personal-del-hospital-de-general-ramirez\/","url":"https:\/\/informelitoral.com.ar\/ayudanos-el-emotivo-video-del-personal-del-hospital-de-general-ramirez\/","name":"\"Ayudanos\": el emotivo video del personal del Hospital de General Ram\u00edrez - Informe Litoral","isPartOf":{"@id":"https:\/\/informelitoral.com.ar\/#website"},"primaryImageOfPage":{"@id":"https:\/\/informelitoral.com.ar\/ayudanos-el-emotivo-video-del-personal-del-hospital-de-general-ramirez\/#primaryimage"},"image":{"@id":"https:\/\/informelitoral.com.ar\/ayudanos-el-emotivo-video-del-personal-del-hospital-de-general-ramirez\/#primaryimage"},"thumbnailUrl":"https:\/\/informelitoral.com.ar\/%77%70%2d%63%6f%6e%74%65%6e%74\/uploads\/2021\/05\/mensaje-personal-del-hospital.jpg","datePublished":"2021-05-04T18:39:00+00:00","dateModified":"2021-05-04T18:52:15+00:00","breadcrumb":{"@id":"https:\/\/informelitoral.com.ar\/ayudanos-el-emotivo-video-del-personal-del-hospital-de-general-ramirez\/#breadcrumb"},"inLanguage":"es","potentialAction":[{"@type":"ReadAction","target":["https:\/\/informelitoral.com.ar\/ayudanos-el-emotivo-video-del-personal-del-hospital-de-general-ramirez\/"]}]},{"@type":"ImageObject","inLanguage":"es","@id":"https:\/\/informelitoral.com.ar\/ayudanos-el-emotivo-video-del-personal-del-hospital-de-general-ramirez\/#primaryimage","url":"https:\/\/informelitoral.com.ar\/%77%70%2d%63%6f%6e%74%65%6e%74\/uploads\/2021\/05\/mensaje-personal-del-hospital.jpg","contentUrl":"https:\/\/informelitoral.com.ar\/%77%70%2d%63%6f%6e%74%65%6e%74\/uploads\/2021\/05\/mensaje-personal-del-hospital.jpg","width":1890,"height":1417},{"@type":"BreadcrumbList","@id":"https:\/\/informelitoral.com.ar\/ayudanos-el-emotivo-video-del-personal-del-hospital-de-general-ramirez\/#breadcrumb","itemListElement":[{"@type":"ListItem","position":1,"name":"Portada","item":"https:\/\/informelitoral.com.ar\/"},{"@type":"ListItem","position":2,"name":"\u00abAyudanos\u00bb: el emotivo video del personal del Hospital de General Ram\u00edrez"}]},{"@type":"WebSite","@id":"https:\/\/informelitoral.com.ar\/#website","url":"https:\/\/informelitoral.com.ar\/","name":"Informe Litoral","description":"&quot;Nos informamos&quot; ","publisher":{"@id":"https:\/\/informelitoral.com.ar\/#organization"},"potentialAction":[{"@type":"SearchAction","target":{"@type":"EntryPoint","urlTemplate":"https:\/\/informelitoral.com.ar\/?s={search_term_string}"},"query-input":{"@type":"PropertyValueSpecification","valueRequired":true,"valueName":"search_term_string"}}],"inLanguage":"es"},{"@type":"Organization","@id":"https:\/\/informelitoral.com.ar\/#organization","name":"Informe Litoral","url":"https:\/\/informelitoral.com.ar\/","logo":{"@type":"ImageObject","inLanguage":"es","@id":"https:\/\/informelitoral.com.ar\/#\/schema\/logo\/image\/","url":"https:\/\/informelitoral.com.ar\/%77%70%2d%63%6f%6e%74%65%6e%74\/uploads\/2021\/01\/circulo.png","contentUrl":"https:\/\/informelitoral.com.ar\/%77%70%2d%63%6f%6e%74%65%6e%74\/uploads\/2021\/01\/circulo.png","width":723,"height":731,"caption":"Informe Litoral"},"image":{"@id":"https:\/\/informelitoral.com.ar\/#\/schema\/logo\/image\/"},"sameAs":["https:\/\/www.facebook.com\/informelitoral\/","https:\/\/x.com\/InformeLitoral","https:\/\/www.instagram.com\/informelitoral\/","https:\/\/www.youtube.com\/channel\/UCua4Qvz8Icb6MYqhoq9xLXw"]},{"@type":"Person","@id":"https:\/\/informelitoral.com.ar\/#\/schema\/person\/b9d00407c836482871ef1d57bf8e3180","name":"Gonzalo Schmidt","image":{"@type":"ImageObject","inLanguage":"es","@id":"https:\/\/secure.gravatar.com\/avatar\/31a1a7b66ff2de83bd0e9fd79d026630d2d99e55e8bfe501287647b4fd9743de?s=96&d=mm&r=g","url":"https:\/\/secure.gravatar.com\/avatar\/31a1a7b66ff2de83bd0e9fd79d026630d2d99e55e8bfe501287647b4fd9743de?s=96&d=mm&r=g","contentUrl":"https:\/\/secure.gravatar.com\/avatar\/31a1a7b66ff2de83bd0e9fd79d026630d2d99e55e8bfe501287647b4fd9743de?s=96&d=mm&r=g","caption":"Gonzalo Schmidt"},"description":"Sitio web de noticias de la provincia de Entre R\u00edos, Argentina. Informaci\u00f3n y entretenimiento. Informe Litoral, nos informamos.","sameAs":["http:\/\/www.isletasnoticias.com.ar"],"url":"https:\/\/informelitoral.com.ar\/author\/gonzalo\/"}]}},"_links":{"self":[{"href":"https:\/\/informelitoral.com.ar\/%77%70%2d%6a%73%6f%6e\/wp\/v2\/posts\/59558","targetHints":{"allow":["GET"]}}],"collection":[{"href":"https:\/\/informelitoral.com.ar\/%77%70%2d%6a%73%6f%6e\/wp\/v2\/posts"}],"about":[{"href":"https:\/\/informelitoral.com.ar\/%77%70%2d%6a%73%6f%6e\/wp\/v2\/types\/post"}],"author":[{"embeddable":true,"href":"https:\/\/informelitoral.com.ar\/%77%70%2d%6a%73%6f%6e\/wp\/v2\/users\/2"}],"replies":[{"embeddable":true,"href":"https:\/\/informelitoral.com.ar\/%77%70%2d%6a%73%6f%6e\/wp\/v2\/comments?post=59558"}],"version-history":[{"count":0,"href":"https:\/\/informelitoral.com.ar\/%77%70%2d%6a%73%6f%6e\/wp\/v2\/posts\/59558\/revisions"}],"wp:featuredmedia":[{"embeddable":true,"href":"https:\/\/informelitoral.com.ar\/%77%70%2d%6a%73%6f%6e\/wp\/v2\/media\/59560"}],"wp:attachment":[{"href":"https:\/\/informelitoral.com.ar\/%77%70%2d%6a%73%6f%6e\/wp\/v2\/media?parent=59558"}],"wp:term":[{"taxonomy":"category","embeddable":true,"href":"https:\/\/informelitoral.com.ar\/%77%70%2d%6a%73%6f%6e\/wp\/v2\/categories?post=59558"},{"taxonomy":"post_tag","embeddable":true,"href":"https:\/\/informelitoral.com.ar\/%77%70%2d%6a%73%6f%6e\/wp\/v2\/tags?post=59558"}],"curies":[{"name":"wp","href":"https:\/\/api.w.org\/{rel}","templated":true}]}}