{"id":59553,"date":"2021-05-04T14:39:11","date_gmt":"2021-05-04T17:39:11","guid":{"rendered":"https:\/\/www.informelitoral.com.ar\/?p=59553"},"modified":"2021-05-04T14:44:45","modified_gmt":"2021-05-04T17:44:45","slug":"aranguren-adhirio-a-medidas-provinciales-y-nacionales-contra-el-coronavirus","status":"publish","type":"post","link":"https:\/\/informelitoral.com.ar\/aranguren-adhirio-a-medidas-provinciales-y-nacionales-contra-el-coronavirus\/","title":{"rendered":"Aranguren adhiri\u00f3 a medidas provinciales y nacionales contra el coronavirus"},"content":{"rendered":"<p>Aranguren adhiri\u00f3 a las medidas provinciales y nacionales para contrarrestar la segunda ola de contagios de coronavirus.<\/p>\n<p>En el marco del decreto de necesidad y urgencia N\u00ba 287\/21 del Gobierno nacional, y al que adhiri\u00f3 el Gobierno de Entre R\u00edos con el N\u00b0 895\/21, <strong>quedan suspendidas hasta el 21 de mayo del 2021,<\/strong> en los departamentos y partidos de Alto Riesgo Epidemiol\u00f3gico y Sanitario las siguientes actividades:<\/p>\n<ul>\n<li>Contin\u00faa la restricci\u00f3n de circulaci\u00f3n de 0:00 a 6:00, todos los d\u00edas de la semana.<\/li>\n<li>Son suspendidas las actividades de los cines, teatros, clubes, gimnasios, centros culturales, otros establecimientos afines, salvo que funcionen al aire libre.<\/li>\n<li>Los locales gastron\u00f3micos podr\u00e1n funcionar (restaurantes, bares, rotiser\u00edas) hasta las 23:00, salvo en la modalidad de reparto a domicilio y retiro en el local hasta las 00:00.<\/li>\n<li>Se suspenden las reuniones sociales en domicilios particulares, salvo para la asistencia de personas que requieran especiales cuidados.<\/li>\n<li>Se podr\u00e1n realizar reuniones sociales en espacios p\u00fablicos al aire libre, hasta 10 personas, en el horario comprendido entre las 6:00 y las 20:00<\/li>\n<li>El horario para todo el sector comercial es de 6:00hs a 20:00hs EXEPTO LOS ESCENCIALES que tienen permitido hasta las 00:00hs<\/li>\n<\/ul>\n<p>Seg\u00fan el Decreto Nacional N\u00b0 125\/21 los comercios de proximidad de venta de alimentos SON CONSIDERADOS ESENCIALES, lo que comprende:<\/p>\n<p>\u2022 SUPERMERCADOS MAYORISTAS Y MINORISTAS<br \/>\n\u2022 DESPENSAS<br \/>\n\u2022 KIOSCOS<br \/>\n\u2022 FIAMBRER\u00cdAS<br \/>\n\u2022 VERDULER\u00cdAS<br \/>\n\u2022 DRUGSTORE<br \/>\n\u2022 ROTISER\u00cdAS<br \/>\n\u2022 HIGIENE PERSONAL Y LIMPIEZA<br \/>\n\u2022 ESTACIONES EXPENDEDORAS DE COMBUSTIBLES<br \/>\n\u2022 FARMACIAS<br \/>\n\u2022 FERRETER\u00cdAS<br \/>\n\u2022 VETERINARIAS<br \/>\n\u2022 PROVISI\u00d3N DE GARRAFAS<br \/>\nPODR\u00c1N FUNCIONAR EN EL HORARIO ENTRE 6:00 Y 00:00.<\/p>\n<p><strong>Quedan exceptuadas de la medida de restricci\u00f3n a la circulaci\u00f3n nocturna:<\/strong><br \/>\na. Las personas afectadas a las situaciones, actividades y servicios esenciales, establecidos en el art\u00edculo 11 del Decreto N\u00b0 125\/21 y su modificatorio, en las condiciones all\u00ed establecidas, quienes podr\u00e1n utilizar a esos fines el servicio p\u00fablico de transporte de pasajeros.<br \/>\nb. Las personas afectadas a las actividades industriales que se encuentren trabajando en horario nocturno, de conformidad con sus respectivos protocolos de funcionamiento.<br \/>\nc. Las personas que deban retornar a su domicilio habitual desde su lugar de trabajo o concurrir al mismo. Dicha circunstancia deber\u00e1 ser debidamente acreditada.<br \/>\nTodas las personas exceptuadas deber\u00e1n portar el \u201cCertificado \u00danico Habilitante para Circulaci\u00f3n &#8211; Emergencia COVID-19\u201d que las habilite a tal fin.<br \/>\nLos desplazamientos de las personas exceptuadas en el horario establecido, deber\u00e1n limitarse al estricto cumplimiento de la actividad autorizada.<\/p>\n<p><strong>Sobre los Talleres municipales:<\/strong><br \/>\nPor esta semana ser\u00e1n suspendidas las actividades, a la espera de nuevas resoluciones.<\/p>\n<p><strong>Clases:<\/strong><br \/>\nContin\u00faan las clases presenciales, con el cumplimento de los protocolos vigentes.<\/p>\n","protected":false},"excerpt":{"rendered":"<p>Excepto los esenciales, los comercios pueden abrir entre las 6 y las 20, mientras que cines, teatros, clubes, gimnasios, centros culturales, otros establecimientos afines, salvo que funcionen al aire libre, tienen las actividades suspendidas. La mayor\u00eda de las disposiciones tienen vigencia hasta el 21 de mayo.<\/p>\n","protected":false},"author":2,"featured_media":49892,"comment_status":"open","ping_status":"open","sticky":false,"template":"","format":"standard","meta":{"fifu_image_url":"","fifu_image_alt":"","footnotes":""},"categories":[6,9],"tags":[143,1426,111,201],"class_list":{"0":"post-59553","1":"post","2":"type-post","3":"status-publish","4":"format-standard","5":"has-post-thumbnail","7":"category-entre-rios","8":"category-sociedad","9":"tag-aranguren","10":"tag-coronavirus","11":"tag-municipales","12":"tag-municipios"},"yoast_head":"<title>Aranguren adhiri\u00f3 a medidas provinciales y nacionales contra el coronavirus - Informe Litoral<\/title>\n<meta name=\"robots\" content=\"index, follow, max-snippet:-1, max-image-preview:large, max-video-preview:-1\" \/>\n<link rel=\"canonical\" href=\"https:\/\/informelitoral.com.ar\/aranguren-adhirio-a-medidas-provinciales-y-nacionales-contra-el-coronavirus\/\" \/>\n<meta property=\"og:locale\" content=\"es_ES\" \/>\n<meta property=\"og:type\" content=\"article\" \/>\n<meta property=\"og:title\" content=\"Aranguren adhiri\u00f3 a medidas provinciales y nacionales contra el coronavirus - Informe Litoral\" \/>\n<meta property=\"og:description\" content=\"Excepto los esenciales, los comercios pueden abrir entre las 6 y las 20, mientras que cines, teatros, clubes, gimnasios, centros culturales, otros establecimientos afines, salvo que funcionen al aire libre, tienen las actividades suspendidas. La mayor\u00eda de las disposiciones tienen vigencia hasta el 21 de mayo.\" \/>\n<meta property=\"og:url\" content=\"https:\/\/informelitoral.com.ar\/aranguren-adhirio-a-medidas-provinciales-y-nacionales-contra-el-coronavirus\/\" \/>\n<meta property=\"og:site_name\" content=\"Informe Litoral\" \/>\n<meta property=\"article:publisher\" content=\"https:\/\/www.facebook.com\/informelitoral\/\" \/>\n<meta property=\"article:published_time\" content=\"2021-05-04T17:39:11+00:00\" \/>\n<meta property=\"article:modified_time\" content=\"2021-05-04T17:44:45+00:00\" \/>\n<meta property=\"og:image\" content=\"https:\/\/informelitoral.com.ar\/%77%70%2d%63%6f%6e%74%65%6e%74\/uploads\/2020\/09\/aranguren-entre-rios.jpg\" \/>\n\t<meta property=\"og:image:width\" content=\"678\" \/>\n\t<meta property=\"og:image:height\" content=\"381\" \/>\n\t<meta property=\"og:image:type\" content=\"image\/jpeg\" \/>\n<meta name=\"author\" content=\"Gonzalo Schmidt\" \/>\n<meta name=\"twitter:card\" content=\"summary_large_image\" \/>\n<meta name=\"twitter:creator\" content=\"@InformeLitoral\" \/>\n<meta name=\"twitter:site\" content=\"@InformeLitoral\" \/>\n<meta name=\"twitter:label1\" content=\"Escrito por\" \/>\n\t<meta name=\"twitter:data1\" content=\"Gonzalo Schmidt\" \/>\n\t<meta name=\"twitter:label2\" content=\"Tiempo de lectura\" \/>\n\t<meta name=\"twitter:data2\" content=\"2 minutos\" \/>\n<script type=\"application\/ld+json\" class=\"yoast-schema-graph\">{\"@context\":\"https:\\\/\\\/schema.org\",\"@graph\":[{\"@type\":\"Article\",\"@id\":\"https:\\\/\\\/informelitoral.com.ar\\\/aranguren-adhirio-a-medidas-provinciales-y-nacionales-contra-el-coronavirus\\\/#article\",\"isPartOf\":{\"@id\":\"https:\\\/\\\/informelitoral.com.ar\\\/aranguren-adhirio-a-medidas-provinciales-y-nacionales-contra-el-coronavirus\\\/\"},\"author\":{\"name\":\"Gonzalo Schmidt\",\"@id\":\"https:\\\/\\\/informelitoral.com.ar\\\/#\\\/schema\\\/person\\\/b9d00407c836482871ef1d57bf8e3180\"},\"headline\":\"Aranguren adhiri\u00f3 a medidas provinciales y nacionales contra el coronavirus\",\"datePublished\":\"2021-05-04T17:39:11+00:00\",\"dateModified\":\"2021-05-04T17:44:45+00:00\",\"mainEntityOfPage\":{\"@id\":\"https:\\\/\\\/informelitoral.com.ar\\\/aranguren-adhirio-a-medidas-provinciales-y-nacionales-contra-el-coronavirus\\\/\"},\"wordCount\":437,\"commentCount\":0,\"publisher\":{\"@id\":\"https:\\\/\\\/informelitoral.com.ar\\\/#organization\"},\"image\":{\"@id\":\"https:\\\/\\\/informelitoral.com.ar\\\/aranguren-adhirio-a-medidas-provinciales-y-nacionales-contra-el-coronavirus\\\/#primaryimage\"},\"thumbnailUrl\":\"https:\\\/\\\/informelitoral.com.ar\\\/%77%70%2d%63%6f%6e%74%65%6e%74\\\/uploads\\\/2020\\\/09\\\/aranguren-entre-rios.jpg\",\"keywords\":[\"Aranguren\",\"Coronavirus\",\"Municipales\",\"Municipios\"],\"articleSection\":[\"Entre R\u00edos\",\"Sociedad\"],\"inLanguage\":\"es\",\"potentialAction\":[{\"@type\":\"CommentAction\",\"name\":\"Comment\",\"target\":[\"https:\\\/\\\/informelitoral.com.ar\\\/aranguren-adhirio-a-medidas-provinciales-y-nacionales-contra-el-coronavirus\\\/#respond\"]}]},{\"@type\":\"WebPage\",\"@id\":\"https:\\\/\\\/informelitoral.com.ar\\\/aranguren-adhirio-a-medidas-provinciales-y-nacionales-contra-el-coronavirus\\\/\",\"url\":\"https:\\\/\\\/informelitoral.com.ar\\\/aranguren-adhirio-a-medidas-provinciales-y-nacionales-contra-el-coronavirus\\\/\",\"name\":\"Aranguren adhiri\u00f3 a medidas provinciales y nacionales contra el coronavirus - Informe Litoral\",\"isPartOf\":{\"@id\":\"https:\\\/\\\/informelitoral.com.ar\\\/#website\"},\"primaryImageOfPage\":{\"@id\":\"https:\\\/\\\/informelitoral.com.ar\\\/aranguren-adhirio-a-medidas-provinciales-y-nacionales-contra-el-coronavirus\\\/#primaryimage\"},\"image\":{\"@id\":\"https:\\\/\\\/informelitoral.com.ar\\\/aranguren-adhirio-a-medidas-provinciales-y-nacionales-contra-el-coronavirus\\\/#primaryimage\"},\"thumbnailUrl\":\"https:\\\/\\\/informelitoral.com.ar\\\/%77%70%2d%63%6f%6e%74%65%6e%74\\\/uploads\\\/2020\\\/09\\\/aranguren-entre-rios.jpg\",\"datePublished\":\"2021-05-04T17:39:11+00:00\",\"dateModified\":\"2021-05-04T17:44:45+00:00\",\"breadcrumb\":{\"@id\":\"https:\\\/\\\/informelitoral.com.ar\\\/aranguren-adhirio-a-medidas-provinciales-y-nacionales-contra-el-coronavirus\\\/#breadcrumb\"},\"inLanguage\":\"es\",\"potentialAction\":[{\"@type\":\"ReadAction\",\"target\":[\"https:\\\/\\\/informelitoral.com.ar\\\/aranguren-adhirio-a-medidas-provinciales-y-nacionales-contra-el-coronavirus\\\/\"]}]},{\"@type\":\"ImageObject\",\"inLanguage\":\"es\",\"@id\":\"https:\\\/\\\/informelitoral.com.ar\\\/aranguren-adhirio-a-medidas-provinciales-y-nacionales-contra-el-coronavirus\\\/#primaryimage\",\"url\":\"https:\\\/\\\/informelitoral.com.ar\\\/%77%70%2d%63%6f%6e%74%65%6e%74\\\/uploads\\\/2020\\\/09\\\/aranguren-entre-rios.jpg\",\"contentUrl\":\"https:\\\/\\\/informelitoral.com.ar\\\/%77%70%2d%63%6f%6e%74%65%6e%74\\\/uploads\\\/2020\\\/09\\\/aranguren-entre-rios.jpg\",\"width\":678,\"height\":381,\"caption\":\"Imagen de archivo.\"},{\"@type\":\"BreadcrumbList\",\"@id\":\"https:\\\/\\\/informelitoral.com.ar\\\/aranguren-adhirio-a-medidas-provinciales-y-nacionales-contra-el-coronavirus\\\/#breadcrumb\",\"itemListElement\":[{\"@type\":\"ListItem\",\"position\":1,\"name\":\"Portada\",\"item\":\"https:\\\/\\\/informelitoral.com.ar\\\/\"},{\"@type\":\"ListItem\",\"position\":2,\"name\":\"Aranguren adhiri\u00f3 a medidas provinciales y nacionales contra el coronavirus\"}]},{\"@type\":\"WebSite\",\"@id\":\"https:\\\/\\\/informelitoral.com.ar\\\/#website\",\"url\":\"https:\\\/\\\/informelitoral.com.ar\\\/\",\"name\":\"Informe Litoral\",\"description\":\"&quot;Nos informamos&quot; \",\"publisher\":{\"@id\":\"https:\\\/\\\/informelitoral.com.ar\\\/#organization\"},\"potentialAction\":[{\"@type\":\"SearchAction\",\"target\":{\"@type\":\"EntryPoint\",\"urlTemplate\":\"https:\\\/\\\/informelitoral.com.ar\\\/?s={search_term_string}\"},\"query-input\":{\"@type\":\"PropertyValueSpecification\",\"valueRequired\":true,\"valueName\":\"search_term_string\"}}],\"inLanguage\":\"es\"},{\"@type\":\"Organization\",\"@id\":\"https:\\\/\\\/informelitoral.com.ar\\\/#organization\",\"name\":\"Informe Litoral\",\"url\":\"https:\\\/\\\/informelitoral.com.ar\\\/\",\"logo\":{\"@type\":\"ImageObject\",\"inLanguage\":\"es\",\"@id\":\"https:\\\/\\\/informelitoral.com.ar\\\/#\\\/schema\\\/logo\\\/image\\\/\",\"url\":\"https:\\\/\\\/informelitoral.com.ar\\\/%77%70%2d%63%6f%6e%74%65%6e%74\\\/uploads\\\/2021\\\/01\\\/circulo.png\",\"contentUrl\":\"https:\\\/\\\/informelitoral.com.ar\\\/%77%70%2d%63%6f%6e%74%65%6e%74\\\/uploads\\\/2021\\\/01\\\/circulo.png\",\"width\":723,\"height\":731,\"caption\":\"Informe Litoral\"},\"image\":{\"@id\":\"https:\\\/\\\/informelitoral.com.ar\\\/#\\\/schema\\\/logo\\\/image\\\/\"},\"sameAs\":[\"https:\\\/\\\/www.facebook.com\\\/informelitoral\\\/\",\"https:\\\/\\\/x.com\\\/InformeLitoral\",\"https:\\\/\\\/www.instagram.com\\\/informelitoral\\\/\",\"https:\\\/\\\/www.youtube.com\\\/channel\\\/UCua4Qvz8Icb6MYqhoq9xLXw\"]},{\"@type\":\"Person\",\"@id\":\"https:\\\/\\\/informelitoral.com.ar\\\/#\\\/schema\\\/person\\\/b9d00407c836482871ef1d57bf8e3180\",\"name\":\"Gonzalo Schmidt\",\"image\":{\"@type\":\"ImageObject\",\"inLanguage\":\"es\",\"@id\":\"https:\\\/\\\/secure.gravatar.com\\\/avatar\\\/31a1a7b66ff2de83bd0e9fd79d026630d2d99e55e8bfe501287647b4fd9743de?s=96&d=mm&r=g\",\"url\":\"https:\\\/\\\/secure.gravatar.com\\\/avatar\\\/31a1a7b66ff2de83bd0e9fd79d026630d2d99e55e8bfe501287647b4fd9743de?s=96&d=mm&r=g\",\"contentUrl\":\"https:\\\/\\\/secure.gravatar.com\\\/avatar\\\/31a1a7b66ff2de83bd0e9fd79d026630d2d99e55e8bfe501287647b4fd9743de?s=96&d=mm&r=g\",\"caption\":\"Gonzalo Schmidt\"},\"description\":\"Sitio web de noticias de la provincia de Entre R\u00edos, Argentina. Informaci\u00f3n y entretenimiento. Informe Litoral, nos informamos.\",\"sameAs\":[\"http:\\\/\\\/www.isletasnoticias.com.ar\"],\"url\":\"https:\\\/\\\/informelitoral.com.ar\\\/author\\\/gonzalo\\\/\"}]}<\/script>","yoast_head_json":{"title":"Aranguren adhiri\u00f3 a medidas provinciales y nacionales contra el coronavirus - Informe Litoral","robots":{"index":"index","follow":"follow","max-snippet":"max-snippet:-1","max-image-preview":"max-image-preview:large","max-video-preview":"max-video-preview:-1"},"canonical":"https:\/\/informelitoral.com.ar\/aranguren-adhirio-a-medidas-provinciales-y-nacionales-contra-el-coronavirus\/","og_locale":"es_ES","og_type":"article","og_title":"Aranguren adhiri\u00f3 a medidas provinciales y nacionales contra el coronavirus - Informe Litoral","og_description":"Excepto los esenciales, los comercios pueden abrir entre las 6 y las 20, mientras que cines, teatros, clubes, gimnasios, centros culturales, otros establecimientos afines, salvo que funcionen al aire libre, tienen las actividades suspendidas. La mayor\u00eda de las disposiciones tienen vigencia hasta el 21 de mayo.","og_url":"https:\/\/informelitoral.com.ar\/aranguren-adhirio-a-medidas-provinciales-y-nacionales-contra-el-coronavirus\/","og_site_name":"Informe Litoral","article_publisher":"https:\/\/www.facebook.com\/informelitoral\/","article_published_time":"2021-05-04T17:39:11+00:00","article_modified_time":"2021-05-04T17:44:45+00:00","og_image":[{"width":678,"height":381,"url":"https:\/\/informelitoral.com.ar\/%77%70%2d%63%6f%6e%74%65%6e%74\/uploads\/2020\/09\/aranguren-entre-rios.jpg","type":"image\/jpeg"}],"author":"Gonzalo Schmidt","twitter_card":"summary_large_image","twitter_creator":"@InformeLitoral","twitter_site":"@InformeLitoral","twitter_misc":{"Escrito por":"Gonzalo Schmidt","Tiempo de lectura":"2 minutos"},"schema":{"@context":"https:\/\/schema.org","@graph":[{"@type":"Article","@id":"https:\/\/informelitoral.com.ar\/aranguren-adhirio-a-medidas-provinciales-y-nacionales-contra-el-coronavirus\/#article","isPartOf":{"@id":"https:\/\/informelitoral.com.ar\/aranguren-adhirio-a-medidas-provinciales-y-nacionales-contra-el-coronavirus\/"},"author":{"name":"Gonzalo Schmidt","@id":"https:\/\/informelitoral.com.ar\/#\/schema\/person\/b9d00407c836482871ef1d57bf8e3180"},"headline":"Aranguren adhiri\u00f3 a medidas provinciales y nacionales contra el coronavirus","datePublished":"2021-05-04T17:39:11+00:00","dateModified":"2021-05-04T17:44:45+00:00","mainEntityOfPage":{"@id":"https:\/\/informelitoral.com.ar\/aranguren-adhirio-a-medidas-provinciales-y-nacionales-contra-el-coronavirus\/"},"wordCount":437,"commentCount":0,"publisher":{"@id":"https:\/\/informelitoral.com.ar\/#organization"},"image":{"@id":"https:\/\/informelitoral.com.ar\/aranguren-adhirio-a-medidas-provinciales-y-nacionales-contra-el-coronavirus\/#primaryimage"},"thumbnailUrl":"https:\/\/informelitoral.com.ar\/%77%70%2d%63%6f%6e%74%65%6e%74\/uploads\/2020\/09\/aranguren-entre-rios.jpg","keywords":["Aranguren","Coronavirus","Municipales","Municipios"],"articleSection":["Entre R\u00edos","Sociedad"],"inLanguage":"es","potentialAction":[{"@type":"CommentAction","name":"Comment","target":["https:\/\/informelitoral.com.ar\/aranguren-adhirio-a-medidas-provinciales-y-nacionales-contra-el-coronavirus\/#respond"]}]},{"@type":"WebPage","@id":"https:\/\/informelitoral.com.ar\/aranguren-adhirio-a-medidas-provinciales-y-nacionales-contra-el-coronavirus\/","url":"https:\/\/informelitoral.com.ar\/aranguren-adhirio-a-medidas-provinciales-y-nacionales-contra-el-coronavirus\/","name":"Aranguren adhiri\u00f3 a medidas provinciales y nacionales contra el coronavirus - Informe Litoral","isPartOf":{"@id":"https:\/\/informelitoral.com.ar\/#website"},"primaryImageOfPage":{"@id":"https:\/\/informelitoral.com.ar\/aranguren-adhirio-a-medidas-provinciales-y-nacionales-contra-el-coronavirus\/#primaryimage"},"image":{"@id":"https:\/\/informelitoral.com.ar\/aranguren-adhirio-a-medidas-provinciales-y-nacionales-contra-el-coronavirus\/#primaryimage"},"thumbnailUrl":"https:\/\/informelitoral.com.ar\/%77%70%2d%63%6f%6e%74%65%6e%74\/uploads\/2020\/09\/aranguren-entre-rios.jpg","datePublished":"2021-05-04T17:39:11+00:00","dateModified":"2021-05-04T17:44:45+00:00","breadcrumb":{"@id":"https:\/\/informelitoral.com.ar\/aranguren-adhirio-a-medidas-provinciales-y-nacionales-contra-el-coronavirus\/#breadcrumb"},"inLanguage":"es","potentialAction":[{"@type":"ReadAction","target":["https:\/\/informelitoral.com.ar\/aranguren-adhirio-a-medidas-provinciales-y-nacionales-contra-el-coronavirus\/"]}]},{"@type":"ImageObject","inLanguage":"es","@id":"https:\/\/informelitoral.com.ar\/aranguren-adhirio-a-medidas-provinciales-y-nacionales-contra-el-coronavirus\/#primaryimage","url":"https:\/\/informelitoral.com.ar\/%77%70%2d%63%6f%6e%74%65%6e%74\/uploads\/2020\/09\/aranguren-entre-rios.jpg","contentUrl":"https:\/\/informelitoral.com.ar\/%77%70%2d%63%6f%6e%74%65%6e%74\/uploads\/2020\/09\/aranguren-entre-rios.jpg","width":678,"height":381,"caption":"Imagen de archivo."},{"@type":"BreadcrumbList","@id":"https:\/\/informelitoral.com.ar\/aranguren-adhirio-a-medidas-provinciales-y-nacionales-contra-el-coronavirus\/#breadcrumb","itemListElement":[{"@type":"ListItem","position":1,"name":"Portada","item":"https:\/\/informelitoral.com.ar\/"},{"@type":"ListItem","position":2,"name":"Aranguren adhiri\u00f3 a medidas provinciales y nacionales contra el coronavirus"}]},{"@type":"WebSite","@id":"https:\/\/informelitoral.com.ar\/#website","url":"https:\/\/informelitoral.com.ar\/","name":"Informe Litoral","description":"&quot;Nos informamos&quot; ","publisher":{"@id":"https:\/\/informelitoral.com.ar\/#organization"},"potentialAction":[{"@type":"SearchAction","target":{"@type":"EntryPoint","urlTemplate":"https:\/\/informelitoral.com.ar\/?s={search_term_string}"},"query-input":{"@type":"PropertyValueSpecification","valueRequired":true,"valueName":"search_term_string"}}],"inLanguage":"es"},{"@type":"Organization","@id":"https:\/\/informelitoral.com.ar\/#organization","name":"Informe Litoral","url":"https:\/\/informelitoral.com.ar\/","logo":{"@type":"ImageObject","inLanguage":"es","@id":"https:\/\/informelitoral.com.ar\/#\/schema\/logo\/image\/","url":"https:\/\/informelitoral.com.ar\/%77%70%2d%63%6f%6e%74%65%6e%74\/uploads\/2021\/01\/circulo.png","contentUrl":"https:\/\/informelitoral.com.ar\/%77%70%2d%63%6f%6e%74%65%6e%74\/uploads\/2021\/01\/circulo.png","width":723,"height":731,"caption":"Informe Litoral"},"image":{"@id":"https:\/\/informelitoral.com.ar\/#\/schema\/logo\/image\/"},"sameAs":["https:\/\/www.facebook.com\/informelitoral\/","https:\/\/x.com\/InformeLitoral","https:\/\/www.instagram.com\/informelitoral\/","https:\/\/www.youtube.com\/channel\/UCua4Qvz8Icb6MYqhoq9xLXw"]},{"@type":"Person","@id":"https:\/\/informelitoral.com.ar\/#\/schema\/person\/b9d00407c836482871ef1d57bf8e3180","name":"Gonzalo Schmidt","image":{"@type":"ImageObject","inLanguage":"es","@id":"https:\/\/secure.gravatar.com\/avatar\/31a1a7b66ff2de83bd0e9fd79d026630d2d99e55e8bfe501287647b4fd9743de?s=96&d=mm&r=g","url":"https:\/\/secure.gravatar.com\/avatar\/31a1a7b66ff2de83bd0e9fd79d026630d2d99e55e8bfe501287647b4fd9743de?s=96&d=mm&r=g","contentUrl":"https:\/\/secure.gravatar.com\/avatar\/31a1a7b66ff2de83bd0e9fd79d026630d2d99e55e8bfe501287647b4fd9743de?s=96&d=mm&r=g","caption":"Gonzalo Schmidt"},"description":"Sitio web de noticias de la provincia de Entre R\u00edos, Argentina. Informaci\u00f3n y entretenimiento. Informe Litoral, nos informamos.","sameAs":["http:\/\/www.isletasnoticias.com.ar"],"url":"https:\/\/informelitoral.com.ar\/author\/gonzalo\/"}]}},"_links":{"self":[{"href":"https:\/\/informelitoral.com.ar\/%77%70%2d%6a%73%6f%6e\/wp\/v2\/posts\/59553","targetHints":{"allow":["GET"]}}],"collection":[{"href":"https:\/\/informelitoral.com.ar\/%77%70%2d%6a%73%6f%6e\/wp\/v2\/posts"}],"about":[{"href":"https:\/\/informelitoral.com.ar\/%77%70%2d%6a%73%6f%6e\/wp\/v2\/types\/post"}],"author":[{"embeddable":true,"href":"https:\/\/informelitoral.com.ar\/%77%70%2d%6a%73%6f%6e\/wp\/v2\/users\/2"}],"replies":[{"embeddable":true,"href":"https:\/\/informelitoral.com.ar\/%77%70%2d%6a%73%6f%6e\/wp\/v2\/comments?post=59553"}],"version-history":[{"count":0,"href":"https:\/\/informelitoral.com.ar\/%77%70%2d%6a%73%6f%6e\/wp\/v2\/posts\/59553\/revisions"}],"wp:featuredmedia":[{"embeddable":true,"href":"https:\/\/informelitoral.com.ar\/%77%70%2d%6a%73%6f%6e\/wp\/v2\/media\/49892"}],"wp:attachment":[{"href":"https:\/\/informelitoral.com.ar\/%77%70%2d%6a%73%6f%6e\/wp\/v2\/media?parent=59553"}],"wp:term":[{"taxonomy":"category","embeddable":true,"href":"https:\/\/informelitoral.com.ar\/%77%70%2d%6a%73%6f%6e\/wp\/v2\/categories?post=59553"},{"taxonomy":"post_tag","embeddable":true,"href":"https:\/\/informelitoral.com.ar\/%77%70%2d%6a%73%6f%6e\/wp\/v2\/tags?post=59553"}],"curies":[{"name":"wp","href":"https:\/\/api.w.org\/{rel}","templated":true}]}}