{"id":59493,"date":"2021-05-03T07:08:23","date_gmt":"2021-05-03T10:08:23","guid":{"rendered":"https:\/\/www.informelitoral.com.ar\/?p=59493"},"modified":"2021-05-03T09:10:06","modified_gmt":"2021-05-03T12:10:06","slug":"fallecio-la-sociologa-y-exdiputada-nacional-alcira-argumedo","status":"publish","type":"post","link":"https:\/\/informelitoral.com.ar\/fallecio-la-sociologa-y-exdiputada-nacional-alcira-argumedo\/","title":{"rendered":"Falleci\u00f3 la soci\u00f3loga y exdiputada nacional Alcira Argumedo"},"content":{"rendered":"<p>\u00abAmigos y amigas, queremos comunicar la triste y dolorosa noticia de que nuestra querida Alcira Argumedo acaba de fallecer, en paz y rodeada de afecto\u00bb, publicaron los familiares de la exdiputada en su cuenta de Twitter.<\/p>\n<p>En esa misma l\u00ednea, agregaron: \u00abAbrazamos su ser y damos gracias por su hermoso legado. Sus familiares agradecemos profundamente las muestras de solidaridad y cari\u00f1o\u00bb.<\/p>\n<blockquote class=\"twitter-tweet\" data-width=\"550\" data-dnt=\"true\">\n<p lang=\"es\" dir=\"ltr\">Amigos y amigas queremos comunicar la triste y dolorosa noticia que nuestra querida Alcira Argumedo acaba de fallecer, en paz y rodeada de afecto. Abrazamos su ser y damos gracias por su hermoso legado. Sus familiares agradecemos profundamente las muestras de solidaridad y cari\u00f1o<\/p>\n<p>&mdash; Alcira Argumedo (@AlciraArgumedo) <a href=\"https:\/\/twitter.com\/AlciraArgumedo\/status\/1388973359686369289?ref_src=twsrc%5Etfw\">May 2, 2021<\/a><\/p><\/blockquote>\n<p><script async src=\"https:\/\/platform.twitter.com\/widgets.js\" charset=\"utf-8\"><\/script><\/p>\n<p>Nacida en Rosario, y autora de la obra \u00abLos silencios y las voces en Am\u00e9rica Latina\u00bb (1993), de referencia en el \u00e1mbito universitario, Argumedo fue elegida como diputada nacional en 2009 por Proyecto Sur, el espacio de Pino Solanas, y reelecta para el mismo cargo en 2013.<\/p>\n<p>La vicepresidenta Cristina Fern\u00e1ndez de Kirchner lament\u00f3 la muerte de la intelectual y exdiputada Alcira Argumedo, a quien defini\u00f3 como una \u00abmujer valiosa, militante de siempre e incansable luchadora de ideas\u00bb.<\/p>\n<blockquote class=\"twitter-tweet\" data-width=\"550\" data-dnt=\"true\">\n<p lang=\"es\" dir=\"ltr\">Me acabo de enterar que falleci\u00f3 Alcira Argumedo, mujer valiosa, militante de siempre e incansable luchadora de ideas. Se hicieron buenos compa\u00f1eros con M\u00e1ximo en la C\u00e1mara de Diputados. Mis condolencias a sus familiares y amigos. <a href=\"https:\/\/t.co\/OY1PVFrezl\">pic.twitter.com\/OY1PVFrezl<\/a><\/p>\n<p>&mdash; Cristina Kirchner (@CFKArgentina) <a href=\"https:\/\/twitter.com\/CFKArgentina\/status\/1388985939100377091?ref_src=twsrc%5Etfw\">May 2, 2021<\/a><\/p><\/blockquote>\n<p><script async src=\"https:\/\/platform.twitter.com\/widgets.js\" charset=\"utf-8\"><\/script><\/p>\n<p>\u00abMe acabo de enterar que falleci\u00f3 Alcira Argumedo, mujer valiosa, militante de siempre e incansable luchadora de ideas. Se hicieron buenos compa\u00f1eros con M\u00e1ximo (Kirchner) en la C\u00e1mara de Diputados\u00bb, expres\u00f3 la exjefa de Estado en sus redes sociales, donde acompa\u00f1\u00f3 la publicaci\u00f3n con una foto de Argumedo junto a su hijo, jefe del bloque de diputados del Frente de Todos.<\/p>\n<p>La expresidenta expres\u00f3 de ese modo sus \u00abcondolencias a familiares y amigos\u00bb de la exdiputada.<\/p>\n<p><strong>Ministros, funcionarios del Gobierno nacional y<\/strong>\u00a0<strong>dirigentes de Derechos Humanos<\/strong><strong>\u00a0expresaron este domingo su pesar por la muerte de la soci\u00f3loga y exdiputada Alcira Argumedo<\/strong>, de quien reconocieron el \u00ablegado\u00bb que deja en materia de \u00abdefensa de los intereses nacionales y el pensamiento latinoamericano\u00bb.<\/p>\n<p>\u00abCompart\u00ed con Alcira Argumedo muchos a\u00f1os de trabajo en Diputados. Fue un lujo para el Congreso. Inteligente, l\u00facida, noble. Siempre del lado del pueblo. Actualmente integraba el Consejo Nacional de Asuntos Relativos a Malvinas. La vamos a extra\u00f1ar. Un abrazo a sus afectos\u00bb, public\u00f3 en sus redes sociales el canciller Felipe Sol\u00e1.<\/p>\n<blockquote class=\"twitter-tweet\" data-width=\"550\" data-dnt=\"true\">\n<p lang=\"es\" dir=\"ltr\">Compart\u00ed con Alcira Argumedo muchos a\u00f1os de trabajo en Diputados. Fue un lujo para el Congreso. Inteligente, l\u00facida, noble. Siempre del lado del pueblo. Actualmente integraba el Consejo Nacional de Asuntos Relativos a Malvinas. La vamos a extra\u00f1ar. <br \/>Un abrazo a sus afectos. <a href=\"https:\/\/t.co\/RfZZFQAPRC\">pic.twitter.com\/RfZZFQAPRC<\/a><\/p>\n<p>&mdash; Felipe Sol\u00e1 (@felipe_sola) <a href=\"https:\/\/twitter.com\/felipe_sola\/status\/1388987089631461382?ref_src=twsrc%5Etfw\">May 2, 2021<\/a><\/p><\/blockquote>\n<p><script async src=\"https:\/\/platform.twitter.com\/widgets.js\" charset=\"utf-8\"><\/script><\/p>\n<p>Por su parte, el ministro de Desarrollo Social, Daniel Arroyo, se\u00f1al\u00f3 que la muerte de Argumedo ocasiona una \u00abgran tristeza\u00bb.<\/p>\n<p>\u00abLa admir\u00e9 por su inteligencia y compromiso. Nos deja un legado muy importante en la defensa de los intereses nacionales y el pensamiento latinoamericano. Mis condolencias a sus familiares y amigos\u00bb, a\u00f1adi\u00f3.<\/p>\n<p>En tanto el secretario de Malvinas, Daniel Filmus, defini\u00f3 a Argumedo como una \u00abmilitante de toda la vida\u00bb y \u00abenorme intelectual del pensamiento nacional\u00bb.<\/p>\n<p>La ministra de Seguridad, Sabina Frederic, consider\u00f3 que \u00absu sabidur\u00eda y claridad tan necesarias dejar\u00e1n huella en la historia del pensamiento cr\u00edtico. Mis condolencias a sus familiares y seres queridos\u00bb.<\/p>\n<p>El secretario de Relaciones Parlamentarias, Fernando \u00abChino\u00bb Navarro, se refiri\u00f3 a Argumedo como \u00abuna de las grandes intelectuales del pensamiento nacional. Una mujer con un talento enorme y con un gran compromiso con el pa\u00eds y su soberan\u00eda\u00bb, subray\u00f3.<\/p>\n<p>Por su parte, el ministro de Defensa, Agust\u00edn Rossi, evoc\u00f3: \u00abLa conoc\u00ed hace muchos a\u00f1os cuando la invitamos a dar una charla en Rosario, ciudad donde naci\u00f3. Abrazo a sus familiares\u00bb.<\/p>\n<blockquote class=\"twitter-tweet\" data-width=\"550\" data-dnt=\"true\">\n<p lang=\"es\" dir=\"ltr\">Lamento much\u00edsimo el fallecimiento de <a href=\"https:\/\/twitter.com\/AlciraArgumedo?ref_src=twsrc%5Etfw\">@AlciraArgumedo<\/a>. La conoc\u00ed hace muchos a\u00f1os cuando la invitamos a dar una charla en Rosario, ciudad donde naci\u00f3. Abrazo a sus familiares.<\/p>\n<p>&mdash; Agust\u00edn Rossi (@RossiAgustinOk) <a href=\"https:\/\/twitter.com\/RossiAgustinOk\/status\/1388977569677053952?ref_src=twsrc%5Etfw\">May 2, 2021<\/a><\/p><\/blockquote>\n<p><script async src=\"https:\/\/platform.twitter.com\/widgets.js\" charset=\"utf-8\"><\/script><\/p>\n<p>\u00abDesde el campo de las ideas, Argumedo siempre aport\u00f3 a construir un proyecto nacional y popular. La defensa de la soberan\u00eda, su mirada regional y la lucidez de sus palabras fueron insumos claves para el debate de generaciones. Mis condolencias a sus familiares y amigos\u00bb, expres\u00f3 el ministro de Desarrollo Territorial y H\u00e1bitat, Jorge Ferraresi.<\/p>\n<p>En tanto, el ministro de Ambiente, Juan Cabandi\u00e9, defini\u00f3 a Argumedo como una \u00abmujer inigualable que se destac\u00f3 siempre por su inteligencia y sensibilidad. Fue un ejemplo de lucha y compromiso con un pa\u00eds m\u00e1s justo\u00bb.<\/p>\n<blockquote class=\"twitter-tweet\" data-width=\"550\" data-dnt=\"true\">\n<p lang=\"es\" dir=\"ltr\">Con profunda tristeza despido a Alcira Argumedo, una mujer inigualable que se destac\u00f3 siempre  por su inteligencia y sensibilidad. Fue un ejemplo de lucha y compromiso con un pa\u00eds m\u00e1s justo. Un abrazo fuerte a su familia y a sus seres queridos. <a href=\"https:\/\/t.co\/UdJcIU0I58\">pic.twitter.com\/UdJcIU0I58<\/a><\/p>\n<p>&mdash; Juan Cabandi\u00e9 (@juancabandie) <a href=\"https:\/\/twitter.com\/juancabandie\/status\/1388995337919029251?ref_src=twsrc%5Etfw\">May 2, 2021<\/a><\/p><\/blockquote>\n<p><script async src=\"https:\/\/platform.twitter.com\/widgets.js\" charset=\"utf-8\"><\/script><\/p>\n<p>El secretario de Derechos Humanos, Horacio Pietragalla, afirm\u00f3 que \u00abse nos fue una gran dirigente e intelectual del campo popular.Acompa\u00f1o a sus familiares y seres queridos en este duro momento\u00bb.<\/p>\n<p>Por su parte, el ministro del Interior, Eduardo \u00abWado\u00bb De Pedro, defini\u00f3 a la intelectual como \u00abdirigente de larga trayectoria y militante popular que siempre prioriz\u00f3 los intereses de la naci\u00f3n por sobre cualquier otra cosa\u00bb.<\/p>\n<p>El ministro de Educaci\u00f3n, Nicol\u00e1s Trotta, public\u00f3: \u00abHasta siempre Alcira, te recordaremos por tu militancia y honestidad. Se fue una intelectual comprometida con las causas latinoamericanas y populares, te vamos a extra\u00f1ar. Profundo abrazo a familiares, amigas y amigos en este dif\u00edcil momento\u00bb.<\/p>\n<p>Argumedo falleci\u00f3 a los 80 a\u00f1os, seg\u00fan inform\u00f3 la familia desde las redes sociales de la exlegisladora.<\/p>\n","protected":false},"excerpt":{"rendered":"<p>El deceso se produjo el domingo, seg\u00fan dieron a conocer sus propios familiares a trav\u00e9s de las redes sociales. Ten\u00eda 80 a\u00f1os y entre otras cosas, era autora de \u00abLos silencios y las voces en Am\u00e9rica Latina\u00bb, un material de referencia en las universidades. <\/p>\n","protected":false},"author":2,"featured_media":59494,"comment_status":"open","ping_status":"open","sticky":false,"template":"","format":"standard","meta":{"fifu_image_url":"","fifu_image_alt":"","footnotes":""},"categories":[9],"tags":[],"class_list":{"0":"post-59493","1":"post","2":"type-post","3":"status-publish","4":"format-standard","5":"has-post-thumbnail","7":"category-sociedad"},"yoast_head":"<title>Falleci\u00f3 la soci\u00f3loga y exdiputada nacional Alcira Argumedo - Informe Litoral<\/title>\n<meta name=\"robots\" content=\"index, follow, max-snippet:-1, max-image-preview:large, max-video-preview:-1\" \/>\n<link rel=\"canonical\" href=\"https:\/\/informelitoral.com.ar\/fallecio-la-sociologa-y-exdiputada-nacional-alcira-argumedo\/\" \/>\n<meta property=\"og:locale\" content=\"es_ES\" \/>\n<meta property=\"og:type\" content=\"article\" \/>\n<meta property=\"og:title\" content=\"Falleci\u00f3 la soci\u00f3loga y exdiputada nacional Alcira Argumedo - Informe Litoral\" \/>\n<meta property=\"og:description\" content=\"El deceso se produjo el domingo, seg\u00fan dieron a conocer sus propios familiares a trav\u00e9s de las redes sociales. Ten\u00eda 80 a\u00f1os y entre otras cosas, era autora de &quot;Los silencios y las voces en Am\u00e9rica Latina&quot;, un material de referencia en las universidades.\" \/>\n<meta property=\"og:url\" content=\"https:\/\/informelitoral.com.ar\/fallecio-la-sociologa-y-exdiputada-nacional-alcira-argumedo\/\" \/>\n<meta property=\"og:site_name\" content=\"Informe Litoral\" \/>\n<meta property=\"article:publisher\" content=\"https:\/\/www.facebook.com\/informelitoral\/\" \/>\n<meta property=\"article:published_time\" content=\"2021-05-03T10:08:23+00:00\" \/>\n<meta property=\"article:modified_time\" content=\"2021-05-03T12:10:06+00:00\" \/>\n<meta property=\"og:image\" content=\"https:\/\/informelitoral.com.ar\/%77%70%2d%63%6f%6e%74%65%6e%74\/uploads\/2021\/05\/alcira-argumedo.jpg\" \/>\n\t<meta property=\"og:image:width\" content=\"1004\" \/>\n\t<meta property=\"og:image:height\" content=\"564\" \/>\n\t<meta property=\"og:image:type\" content=\"image\/jpeg\" \/>\n<meta name=\"author\" content=\"Gonzalo Schmidt\" \/>\n<meta name=\"twitter:card\" content=\"summary_large_image\" \/>\n<meta name=\"twitter:creator\" content=\"@InformeLitoral\" \/>\n<meta name=\"twitter:site\" content=\"@InformeLitoral\" \/>\n<meta name=\"twitter:label1\" content=\"Escrito por\" \/>\n\t<meta name=\"twitter:data1\" content=\"Gonzalo Schmidt\" \/>\n\t<meta name=\"twitter:label2\" content=\"Tiempo de lectura\" \/>\n\t<meta name=\"twitter:data2\" content=\"4 minutos\" \/>\n<script type=\"application\/ld+json\" class=\"yoast-schema-graph\">{\"@context\":\"https:\\\/\\\/schema.org\",\"@graph\":[{\"@type\":\"Article\",\"@id\":\"https:\\\/\\\/informelitoral.com.ar\\\/fallecio-la-sociologa-y-exdiputada-nacional-alcira-argumedo\\\/#article\",\"isPartOf\":{\"@id\":\"https:\\\/\\\/informelitoral.com.ar\\\/fallecio-la-sociologa-y-exdiputada-nacional-alcira-argumedo\\\/\"},\"author\":{\"name\":\"Gonzalo Schmidt\",\"@id\":\"https:\\\/\\\/informelitoral.com.ar\\\/#\\\/schema\\\/person\\\/b9d00407c836482871ef1d57bf8e3180\"},\"headline\":\"Falleci\u00f3 la soci\u00f3loga y exdiputada nacional Alcira Argumedo\",\"datePublished\":\"2021-05-03T10:08:23+00:00\",\"dateModified\":\"2021-05-03T12:10:06+00:00\",\"mainEntityOfPage\":{\"@id\":\"https:\\\/\\\/informelitoral.com.ar\\\/fallecio-la-sociologa-y-exdiputada-nacional-alcira-argumedo\\\/\"},\"wordCount\":904,\"commentCount\":0,\"publisher\":{\"@id\":\"https:\\\/\\\/informelitoral.com.ar\\\/#organization\"},\"image\":{\"@id\":\"https:\\\/\\\/informelitoral.com.ar\\\/fallecio-la-sociologa-y-exdiputada-nacional-alcira-argumedo\\\/#primaryimage\"},\"thumbnailUrl\":\"https:\\\/\\\/informelitoral.com.ar\\\/%77%70%2d%63%6f%6e%74%65%6e%74\\\/uploads\\\/2021\\\/05\\\/alcira-argumedo.jpg\",\"articleSection\":[\"Sociedad\"],\"inLanguage\":\"es\",\"potentialAction\":[{\"@type\":\"CommentAction\",\"name\":\"Comment\",\"target\":[\"https:\\\/\\\/informelitoral.com.ar\\\/fallecio-la-sociologa-y-exdiputada-nacional-alcira-argumedo\\\/#respond\"]}]},{\"@type\":\"WebPage\",\"@id\":\"https:\\\/\\\/informelitoral.com.ar\\\/fallecio-la-sociologa-y-exdiputada-nacional-alcira-argumedo\\\/\",\"url\":\"https:\\\/\\\/informelitoral.com.ar\\\/fallecio-la-sociologa-y-exdiputada-nacional-alcira-argumedo\\\/\",\"name\":\"Falleci\u00f3 la soci\u00f3loga y exdiputada nacional Alcira Argumedo - Informe Litoral\",\"isPartOf\":{\"@id\":\"https:\\\/\\\/informelitoral.com.ar\\\/#website\"},\"primaryImageOfPage\":{\"@id\":\"https:\\\/\\\/informelitoral.com.ar\\\/fallecio-la-sociologa-y-exdiputada-nacional-alcira-argumedo\\\/#primaryimage\"},\"image\":{\"@id\":\"https:\\\/\\\/informelitoral.com.ar\\\/fallecio-la-sociologa-y-exdiputada-nacional-alcira-argumedo\\\/#primaryimage\"},\"thumbnailUrl\":\"https:\\\/\\\/informelitoral.com.ar\\\/%77%70%2d%63%6f%6e%74%65%6e%74\\\/uploads\\\/2021\\\/05\\\/alcira-argumedo.jpg\",\"datePublished\":\"2021-05-03T10:08:23+00:00\",\"dateModified\":\"2021-05-03T12:10:06+00:00\",\"breadcrumb\":{\"@id\":\"https:\\\/\\\/informelitoral.com.ar\\\/fallecio-la-sociologa-y-exdiputada-nacional-alcira-argumedo\\\/#breadcrumb\"},\"inLanguage\":\"es\",\"potentialAction\":[{\"@type\":\"ReadAction\",\"target\":[\"https:\\\/\\\/informelitoral.com.ar\\\/fallecio-la-sociologa-y-exdiputada-nacional-alcira-argumedo\\\/\"]}]},{\"@type\":\"ImageObject\",\"inLanguage\":\"es\",\"@id\":\"https:\\\/\\\/informelitoral.com.ar\\\/fallecio-la-sociologa-y-exdiputada-nacional-alcira-argumedo\\\/#primaryimage\",\"url\":\"https:\\\/\\\/informelitoral.com.ar\\\/%77%70%2d%63%6f%6e%74%65%6e%74\\\/uploads\\\/2021\\\/05\\\/alcira-argumedo.jpg\",\"contentUrl\":\"https:\\\/\\\/informelitoral.com.ar\\\/%77%70%2d%63%6f%6e%74%65%6e%74\\\/uploads\\\/2021\\\/05\\\/alcira-argumedo.jpg\",\"width\":1004,\"height\":564},{\"@type\":\"BreadcrumbList\",\"@id\":\"https:\\\/\\\/informelitoral.com.ar\\\/fallecio-la-sociologa-y-exdiputada-nacional-alcira-argumedo\\\/#breadcrumb\",\"itemListElement\":[{\"@type\":\"ListItem\",\"position\":1,\"name\":\"Portada\",\"item\":\"https:\\\/\\\/informelitoral.com.ar\\\/\"},{\"@type\":\"ListItem\",\"position\":2,\"name\":\"Falleci\u00f3 la soci\u00f3loga y exdiputada nacional Alcira Argumedo\"}]},{\"@type\":\"WebSite\",\"@id\":\"https:\\\/\\\/informelitoral.com.ar\\\/#website\",\"url\":\"https:\\\/\\\/informelitoral.com.ar\\\/\",\"name\":\"Informe Litoral\",\"description\":\"&quot;Nos informamos&quot; \",\"publisher\":{\"@id\":\"https:\\\/\\\/informelitoral.com.ar\\\/#organization\"},\"potentialAction\":[{\"@type\":\"SearchAction\",\"target\":{\"@type\":\"EntryPoint\",\"urlTemplate\":\"https:\\\/\\\/informelitoral.com.ar\\\/?s={search_term_string}\"},\"query-input\":{\"@type\":\"PropertyValueSpecification\",\"valueRequired\":true,\"valueName\":\"search_term_string\"}}],\"inLanguage\":\"es\"},{\"@type\":\"Organization\",\"@id\":\"https:\\\/\\\/informelitoral.com.ar\\\/#organization\",\"name\":\"Informe Litoral\",\"url\":\"https:\\\/\\\/informelitoral.com.ar\\\/\",\"logo\":{\"@type\":\"ImageObject\",\"inLanguage\":\"es\",\"@id\":\"https:\\\/\\\/informelitoral.com.ar\\\/#\\\/schema\\\/logo\\\/image\\\/\",\"url\":\"https:\\\/\\\/informelitoral.com.ar\\\/%77%70%2d%63%6f%6e%74%65%6e%74\\\/uploads\\\/2021\\\/01\\\/circulo.png\",\"contentUrl\":\"https:\\\/\\\/informelitoral.com.ar\\\/%77%70%2d%63%6f%6e%74%65%6e%74\\\/uploads\\\/2021\\\/01\\\/circulo.png\",\"width\":723,\"height\":731,\"caption\":\"Informe Litoral\"},\"image\":{\"@id\":\"https:\\\/\\\/informelitoral.com.ar\\\/#\\\/schema\\\/logo\\\/image\\\/\"},\"sameAs\":[\"https:\\\/\\\/www.facebook.com\\\/informelitoral\\\/\",\"https:\\\/\\\/x.com\\\/InformeLitoral\",\"https:\\\/\\\/www.instagram.com\\\/informelitoral\\\/\",\"https:\\\/\\\/www.youtube.com\\\/channel\\\/UCua4Qvz8Icb6MYqhoq9xLXw\"]},{\"@type\":\"Person\",\"@id\":\"https:\\\/\\\/informelitoral.com.ar\\\/#\\\/schema\\\/person\\\/b9d00407c836482871ef1d57bf8e3180\",\"name\":\"Gonzalo Schmidt\",\"image\":{\"@type\":\"ImageObject\",\"inLanguage\":\"es\",\"@id\":\"https:\\\/\\\/secure.gravatar.com\\\/avatar\\\/31a1a7b66ff2de83bd0e9fd79d026630d2d99e55e8bfe501287647b4fd9743de?s=96&d=mm&r=g\",\"url\":\"https:\\\/\\\/secure.gravatar.com\\\/avatar\\\/31a1a7b66ff2de83bd0e9fd79d026630d2d99e55e8bfe501287647b4fd9743de?s=96&d=mm&r=g\",\"contentUrl\":\"https:\\\/\\\/secure.gravatar.com\\\/avatar\\\/31a1a7b66ff2de83bd0e9fd79d026630d2d99e55e8bfe501287647b4fd9743de?s=96&d=mm&r=g\",\"caption\":\"Gonzalo Schmidt\"},\"description\":\"Sitio web de noticias de la provincia de Entre R\u00edos, Argentina. Informaci\u00f3n y entretenimiento. Informe Litoral, nos informamos.\",\"sameAs\":[\"http:\\\/\\\/www.isletasnoticias.com.ar\"],\"url\":\"https:\\\/\\\/informelitoral.com.ar\\\/author\\\/gonzalo\\\/\"}]}<\/script>","yoast_head_json":{"title":"Falleci\u00f3 la soci\u00f3loga y exdiputada nacional Alcira Argumedo - Informe Litoral","robots":{"index":"index","follow":"follow","max-snippet":"max-snippet:-1","max-image-preview":"max-image-preview:large","max-video-preview":"max-video-preview:-1"},"canonical":"https:\/\/informelitoral.com.ar\/fallecio-la-sociologa-y-exdiputada-nacional-alcira-argumedo\/","og_locale":"es_ES","og_type":"article","og_title":"Falleci\u00f3 la soci\u00f3loga y exdiputada nacional Alcira Argumedo - Informe Litoral","og_description":"El deceso se produjo el domingo, seg\u00fan dieron a conocer sus propios familiares a trav\u00e9s de las redes sociales. Ten\u00eda 80 a\u00f1os y entre otras cosas, era autora de \"Los silencios y las voces en Am\u00e9rica Latina\", un material de referencia en las universidades.","og_url":"https:\/\/informelitoral.com.ar\/fallecio-la-sociologa-y-exdiputada-nacional-alcira-argumedo\/","og_site_name":"Informe Litoral","article_publisher":"https:\/\/www.facebook.com\/informelitoral\/","article_published_time":"2021-05-03T10:08:23+00:00","article_modified_time":"2021-05-03T12:10:06+00:00","og_image":[{"width":1004,"height":564,"url":"https:\/\/informelitoral.com.ar\/%77%70%2d%63%6f%6e%74%65%6e%74\/uploads\/2021\/05\/alcira-argumedo.jpg","type":"image\/jpeg"}],"author":"Gonzalo Schmidt","twitter_card":"summary_large_image","twitter_creator":"@InformeLitoral","twitter_site":"@InformeLitoral","twitter_misc":{"Escrito por":"Gonzalo Schmidt","Tiempo de lectura":"4 minutos"},"schema":{"@context":"https:\/\/schema.org","@graph":[{"@type":"Article","@id":"https:\/\/informelitoral.com.ar\/fallecio-la-sociologa-y-exdiputada-nacional-alcira-argumedo\/#article","isPartOf":{"@id":"https:\/\/informelitoral.com.ar\/fallecio-la-sociologa-y-exdiputada-nacional-alcira-argumedo\/"},"author":{"name":"Gonzalo Schmidt","@id":"https:\/\/informelitoral.com.ar\/#\/schema\/person\/b9d00407c836482871ef1d57bf8e3180"},"headline":"Falleci\u00f3 la soci\u00f3loga y exdiputada nacional Alcira Argumedo","datePublished":"2021-05-03T10:08:23+00:00","dateModified":"2021-05-03T12:10:06+00:00","mainEntityOfPage":{"@id":"https:\/\/informelitoral.com.ar\/fallecio-la-sociologa-y-exdiputada-nacional-alcira-argumedo\/"},"wordCount":904,"commentCount":0,"publisher":{"@id":"https:\/\/informelitoral.com.ar\/#organization"},"image":{"@id":"https:\/\/informelitoral.com.ar\/fallecio-la-sociologa-y-exdiputada-nacional-alcira-argumedo\/#primaryimage"},"thumbnailUrl":"https:\/\/informelitoral.com.ar\/%77%70%2d%63%6f%6e%74%65%6e%74\/uploads\/2021\/05\/alcira-argumedo.jpg","articleSection":["Sociedad"],"inLanguage":"es","potentialAction":[{"@type":"CommentAction","name":"Comment","target":["https:\/\/informelitoral.com.ar\/fallecio-la-sociologa-y-exdiputada-nacional-alcira-argumedo\/#respond"]}]},{"@type":"WebPage","@id":"https:\/\/informelitoral.com.ar\/fallecio-la-sociologa-y-exdiputada-nacional-alcira-argumedo\/","url":"https:\/\/informelitoral.com.ar\/fallecio-la-sociologa-y-exdiputada-nacional-alcira-argumedo\/","name":"Falleci\u00f3 la soci\u00f3loga y exdiputada nacional Alcira Argumedo - Informe Litoral","isPartOf":{"@id":"https:\/\/informelitoral.com.ar\/#website"},"primaryImageOfPage":{"@id":"https:\/\/informelitoral.com.ar\/fallecio-la-sociologa-y-exdiputada-nacional-alcira-argumedo\/#primaryimage"},"image":{"@id":"https:\/\/informelitoral.com.ar\/fallecio-la-sociologa-y-exdiputada-nacional-alcira-argumedo\/#primaryimage"},"thumbnailUrl":"https:\/\/informelitoral.com.ar\/%77%70%2d%63%6f%6e%74%65%6e%74\/uploads\/2021\/05\/alcira-argumedo.jpg","datePublished":"2021-05-03T10:08:23+00:00","dateModified":"2021-05-03T12:10:06+00:00","breadcrumb":{"@id":"https:\/\/informelitoral.com.ar\/fallecio-la-sociologa-y-exdiputada-nacional-alcira-argumedo\/#breadcrumb"},"inLanguage":"es","potentialAction":[{"@type":"ReadAction","target":["https:\/\/informelitoral.com.ar\/fallecio-la-sociologa-y-exdiputada-nacional-alcira-argumedo\/"]}]},{"@type":"ImageObject","inLanguage":"es","@id":"https:\/\/informelitoral.com.ar\/fallecio-la-sociologa-y-exdiputada-nacional-alcira-argumedo\/#primaryimage","url":"https:\/\/informelitoral.com.ar\/%77%70%2d%63%6f%6e%74%65%6e%74\/uploads\/2021\/05\/alcira-argumedo.jpg","contentUrl":"https:\/\/informelitoral.com.ar\/%77%70%2d%63%6f%6e%74%65%6e%74\/uploads\/2021\/05\/alcira-argumedo.jpg","width":1004,"height":564},{"@type":"BreadcrumbList","@id":"https:\/\/informelitoral.com.ar\/fallecio-la-sociologa-y-exdiputada-nacional-alcira-argumedo\/#breadcrumb","itemListElement":[{"@type":"ListItem","position":1,"name":"Portada","item":"https:\/\/informelitoral.com.ar\/"},{"@type":"ListItem","position":2,"name":"Falleci\u00f3 la soci\u00f3loga y exdiputada nacional Alcira Argumedo"}]},{"@type":"WebSite","@id":"https:\/\/informelitoral.com.ar\/#website","url":"https:\/\/informelitoral.com.ar\/","name":"Informe Litoral","description":"&quot;Nos informamos&quot; ","publisher":{"@id":"https:\/\/informelitoral.com.ar\/#organization"},"potentialAction":[{"@type":"SearchAction","target":{"@type":"EntryPoint","urlTemplate":"https:\/\/informelitoral.com.ar\/?s={search_term_string}"},"query-input":{"@type":"PropertyValueSpecification","valueRequired":true,"valueName":"search_term_string"}}],"inLanguage":"es"},{"@type":"Organization","@id":"https:\/\/informelitoral.com.ar\/#organization","name":"Informe Litoral","url":"https:\/\/informelitoral.com.ar\/","logo":{"@type":"ImageObject","inLanguage":"es","@id":"https:\/\/informelitoral.com.ar\/#\/schema\/logo\/image\/","url":"https:\/\/informelitoral.com.ar\/%77%70%2d%63%6f%6e%74%65%6e%74\/uploads\/2021\/01\/circulo.png","contentUrl":"https:\/\/informelitoral.com.ar\/%77%70%2d%63%6f%6e%74%65%6e%74\/uploads\/2021\/01\/circulo.png","width":723,"height":731,"caption":"Informe Litoral"},"image":{"@id":"https:\/\/informelitoral.com.ar\/#\/schema\/logo\/image\/"},"sameAs":["https:\/\/www.facebook.com\/informelitoral\/","https:\/\/x.com\/InformeLitoral","https:\/\/www.instagram.com\/informelitoral\/","https:\/\/www.youtube.com\/channel\/UCua4Qvz8Icb6MYqhoq9xLXw"]},{"@type":"Person","@id":"https:\/\/informelitoral.com.ar\/#\/schema\/person\/b9d00407c836482871ef1d57bf8e3180","name":"Gonzalo Schmidt","image":{"@type":"ImageObject","inLanguage":"es","@id":"https:\/\/secure.gravatar.com\/avatar\/31a1a7b66ff2de83bd0e9fd79d026630d2d99e55e8bfe501287647b4fd9743de?s=96&d=mm&r=g","url":"https:\/\/secure.gravatar.com\/avatar\/31a1a7b66ff2de83bd0e9fd79d026630d2d99e55e8bfe501287647b4fd9743de?s=96&d=mm&r=g","contentUrl":"https:\/\/secure.gravatar.com\/avatar\/31a1a7b66ff2de83bd0e9fd79d026630d2d99e55e8bfe501287647b4fd9743de?s=96&d=mm&r=g","caption":"Gonzalo Schmidt"},"description":"Sitio web de noticias de la provincia de Entre R\u00edos, Argentina. Informaci\u00f3n y entretenimiento. Informe Litoral, nos informamos.","sameAs":["http:\/\/www.isletasnoticias.com.ar"],"url":"https:\/\/informelitoral.com.ar\/author\/gonzalo\/"}]}},"_links":{"self":[{"href":"https:\/\/informelitoral.com.ar\/%77%70%2d%6a%73%6f%6e\/wp\/v2\/posts\/59493","targetHints":{"allow":["GET"]}}],"collection":[{"href":"https:\/\/informelitoral.com.ar\/%77%70%2d%6a%73%6f%6e\/wp\/v2\/posts"}],"about":[{"href":"https:\/\/informelitoral.com.ar\/%77%70%2d%6a%73%6f%6e\/wp\/v2\/types\/post"}],"author":[{"embeddable":true,"href":"https:\/\/informelitoral.com.ar\/%77%70%2d%6a%73%6f%6e\/wp\/v2\/users\/2"}],"replies":[{"embeddable":true,"href":"https:\/\/informelitoral.com.ar\/%77%70%2d%6a%73%6f%6e\/wp\/v2\/comments?post=59493"}],"version-history":[{"count":0,"href":"https:\/\/informelitoral.com.ar\/%77%70%2d%6a%73%6f%6e\/wp\/v2\/posts\/59493\/revisions"}],"wp:featuredmedia":[{"embeddable":true,"href":"https:\/\/informelitoral.com.ar\/%77%70%2d%6a%73%6f%6e\/wp\/v2\/media\/59494"}],"wp:attachment":[{"href":"https:\/\/informelitoral.com.ar\/%77%70%2d%6a%73%6f%6e\/wp\/v2\/media?parent=59493"}],"wp:term":[{"taxonomy":"category","embeddable":true,"href":"https:\/\/informelitoral.com.ar\/%77%70%2d%6a%73%6f%6e\/wp\/v2\/categories?post=59493"},{"taxonomy":"post_tag","embeddable":true,"href":"https:\/\/informelitoral.com.ar\/%77%70%2d%6a%73%6f%6e\/wp\/v2\/tags?post=59493"}],"curies":[{"name":"wp","href":"https:\/\/api.w.org\/{rel}","templated":true}]}}