{"id":59490,"date":"2021-05-03T08:58:11","date_gmt":"2021-05-03T11:58:11","guid":{"rendered":"https:\/\/www.informelitoral.com.ar\/?p=59490"},"modified":"2021-05-03T08:59:27","modified_gmt":"2021-05-03T11:59:27","slug":"clases-virtuales-en-algunas-ciudades-y-otras-medidas-anunciadas-en-entre-rios","status":"publish","type":"post","link":"https:\/\/informelitoral.com.ar\/clases-virtuales-en-algunas-ciudades-y-otras-medidas-anunciadas-en-entre-rios\/","title":{"rendered":"Clases virtuales en algunas ciudades y otras medidas anunciadas en Entre R\u00edos"},"content":{"rendered":"<p>En el marco del decreto de necesidad y urgencia N\u00ba 287\/21 del gobierno nacional, y al que adhiri\u00f3 el gobierno de Entre R\u00edos, se implementan desde hoy medidas complementarias, focalizadas y temporarias en las ciudades de mayor densidad poblacional que se encuentran en situaci\u00f3n de riesgo epidemiol\u00f3gico.<\/p>\n<h3><b>Sin clases presenciales en algunas ciudades<\/b><\/h3>\n<p>El gobierno de la provincia suspendi\u00f3 la presencialidad en escuelas del \u00e1rea metropolitana de Paran\u00e1 (la capital provincial, San Benito, Colonia Avellaneda y Oro Verde), de Concordia, Concepci\u00f3n del Uruguay, de Gualeguaych\u00fa, de Col\u00f3n y San Jos\u00e9, desde este lunes 3 hasta el viernes 7 de mayo.<\/p>\n<figure class=\"embed\"><img decoding=\"async\" class=\"aligncenter\" title=\"\" src=\"https:\/\/elonce-media2.elonce.com.ar\/fotos-nuevo\/2021\/05\/03\/o_1620028395.jpg\" alt=\"\" width=\"640\" \/><\/figure>\n<p>El resto de la provincia continuar\u00e1 con la modalidad presencial con el sistema de burbujas que se ven\u00eda implementando hasta ahora.<\/p>\n<p>Se aclar\u00f3 que la definici\u00f3n en estas ciudades se toma en funci\u00f3n de la necesidad de reducir la circulaci\u00f3n de personas vinculadas al movimiento que genera el ingreso y egreso de las escuelas, y no dentro de los establecimientos, ya que los protocolos se cumplen con rigurosidad y buenos resultados.<\/p>\n<h3><b>Comercio en Paran\u00e1<\/b><\/h3>\n<p>En Paran\u00e1, tambi\u00e9n por una semana, se establecer\u00e1 horario de corrido para el comercio, de 9 a 18, dejando en poder de la autoridad municipal la reglamentaci\u00f3n, aplicaci\u00f3n y control de dicha medida, a los efectos de disminuir la utilizaci\u00f3n del transporte p\u00fablico de pasajeros. Desde el municipio ya adelantaron que los negocios de cercan\u00eda vinculados a actividades esenciales podr\u00edan mantener abiertas sus puertas al menos hasta las 21.<\/p>\n<h3><b>Refuerzo de controles<\/b><\/h3>\n<p>Por otra parte, se reforzar\u00e1n los controles conjuntos entre la provincia y los municipios para garantizar el cumplimento efectivo de las medidas establecidas por el DNU.<\/p>\n<figure class=\"embed\"><img decoding=\"async\" class=\"aligncenter\" title=\"\" src=\"https:\/\/elonce-media2.elonce.com.ar\/fotos-nuevo\/2021\/05\/03\/o_1620028396.jpg\" alt=\"\" width=\"640\" \/><\/figure>\n<h3><b>Red sanitaria<\/b><\/h3>\n<p>Se reforzar\u00e1 la doble estrategia ampliar la red sanitaria de m\u00e1s camas de internaci\u00f3n<br \/>\nSe intensificar\u00e1 la campa\u00f1a de vacunaci\u00f3n que ya lleg\u00f3 al 40 por ciento de la poblaci\u00f3n objetivo.<\/p>\n","protected":false},"excerpt":{"rendered":"<p>La provincia suspende desde hoy y por una semana la presencialidad en escuelas de ciudades de riesgo sanitario. El gobernador anunci\u00f3 otras medidas complementarias vinculadas al comercio en Paran\u00e1, m\u00e1s controles y estrategias sanitarias.<\/p>\n","protected":false},"author":2,"featured_media":42135,"comment_status":"open","ping_status":"open","sticky":false,"template":"","format":"standard","meta":{"fifu_image_url":"","fifu_image_alt":"","footnotes":""},"categories":[6,16],"tags":[1639,81,167,2267,2257],"class_list":{"0":"post-59490","1":"post","2":"type-post","3":"status-publish","4":"format-standard","5":"has-post-thumbnail","7":"category-entre-rios","8":"category-politi","9":"tag-clases-presenciales","10":"tag-entre-rios","11":"tag-gustavo-bordet","12":"tag-restricciones","13":"tag-restricciones-nocturnas"},"yoast_head":"<title>Clases virtuales en algunas ciudades y otras medidas anunciadas en Entre R\u00edos - Informe Litoral<\/title>\n<meta name=\"robots\" content=\"index, follow, max-snippet:-1, max-image-preview:large, max-video-preview:-1\" \/>\n<link rel=\"canonical\" href=\"https:\/\/informelitoral.com.ar\/clases-virtuales-en-algunas-ciudades-y-otras-medidas-anunciadas-en-entre-rios\/\" \/>\n<meta property=\"og:locale\" content=\"es_ES\" \/>\n<meta property=\"og:type\" content=\"article\" \/>\n<meta property=\"og:title\" content=\"Clases virtuales en algunas ciudades y otras medidas anunciadas en Entre R\u00edos - Informe Litoral\" \/>\n<meta property=\"og:description\" content=\"La provincia suspende desde hoy y por una semana la presencialidad en escuelas de ciudades de riesgo sanitario. El gobernador anunci\u00f3 otras medidas complementarias vinculadas al comercio en Paran\u00e1, m\u00e1s controles y estrategias sanitarias.\" \/>\n<meta property=\"og:url\" content=\"https:\/\/informelitoral.com.ar\/clases-virtuales-en-algunas-ciudades-y-otras-medidas-anunciadas-en-entre-rios\/\" \/>\n<meta property=\"og:site_name\" content=\"Informe Litoral\" \/>\n<meta property=\"article:publisher\" content=\"https:\/\/www.facebook.com\/informelitoral\/\" \/>\n<meta property=\"article:published_time\" content=\"2021-05-03T11:58:11+00:00\" \/>\n<meta property=\"article:modified_time\" content=\"2021-05-03T11:59:27+00:00\" \/>\n<meta property=\"og:image\" content=\"https:\/\/informelitoral.com.ar\/%77%70%2d%63%6f%6e%74%65%6e%74\/uploads\/2020\/04\/gustavo-bordet.jpeg\" \/>\n\t<meta property=\"og:image:width\" content=\"770\" \/>\n\t<meta property=\"og:image:height\" content=\"433\" \/>\n\t<meta property=\"og:image:type\" content=\"image\/jpeg\" \/>\n<meta name=\"author\" content=\"Gonzalo Schmidt\" \/>\n<meta name=\"twitter:card\" content=\"summary_large_image\" \/>\n<meta name=\"twitter:creator\" content=\"@InformeLitoral\" \/>\n<meta name=\"twitter:site\" content=\"@InformeLitoral\" \/>\n<meta name=\"twitter:label1\" content=\"Escrito por\" \/>\n\t<meta name=\"twitter:data1\" content=\"Gonzalo Schmidt\" \/>\n\t<meta name=\"twitter:label2\" content=\"Tiempo de lectura\" \/>\n\t<meta name=\"twitter:data2\" content=\"2 minutos\" \/>\n<script type=\"application\/ld+json\" class=\"yoast-schema-graph\">{\"@context\":\"https:\\\/\\\/schema.org\",\"@graph\":[{\"@type\":\"Article\",\"@id\":\"https:\\\/\\\/informelitoral.com.ar\\\/clases-virtuales-en-algunas-ciudades-y-otras-medidas-anunciadas-en-entre-rios\\\/#article\",\"isPartOf\":{\"@id\":\"https:\\\/\\\/informelitoral.com.ar\\\/clases-virtuales-en-algunas-ciudades-y-otras-medidas-anunciadas-en-entre-rios\\\/\"},\"author\":{\"name\":\"Gonzalo Schmidt\",\"@id\":\"https:\\\/\\\/informelitoral.com.ar\\\/#\\\/schema\\\/person\\\/b9d00407c836482871ef1d57bf8e3180\"},\"headline\":\"Clases virtuales en algunas ciudades y otras medidas anunciadas en Entre R\u00edos\",\"datePublished\":\"2021-05-03T11:58:11+00:00\",\"dateModified\":\"2021-05-03T11:59:27+00:00\",\"mainEntityOfPage\":{\"@id\":\"https:\\\/\\\/informelitoral.com.ar\\\/clases-virtuales-en-algunas-ciudades-y-otras-medidas-anunciadas-en-entre-rios\\\/\"},\"wordCount\":333,\"commentCount\":0,\"publisher\":{\"@id\":\"https:\\\/\\\/informelitoral.com.ar\\\/#organization\"},\"image\":{\"@id\":\"https:\\\/\\\/informelitoral.com.ar\\\/clases-virtuales-en-algunas-ciudades-y-otras-medidas-anunciadas-en-entre-rios\\\/#primaryimage\"},\"thumbnailUrl\":\"https:\\\/\\\/informelitoral.com.ar\\\/%77%70%2d%63%6f%6e%74%65%6e%74\\\/uploads\\\/2020\\\/04\\\/gustavo-bordet.jpeg\",\"keywords\":[\"Clases presenciales\",\"Entre R\u00edos\",\"Gustavo Bordet\",\"Restricciones\",\"Restricciones nocturnas\"],\"articleSection\":[\"Entre R\u00edos\",\"Politica\"],\"inLanguage\":\"es\",\"potentialAction\":[{\"@type\":\"CommentAction\",\"name\":\"Comment\",\"target\":[\"https:\\\/\\\/informelitoral.com.ar\\\/clases-virtuales-en-algunas-ciudades-y-otras-medidas-anunciadas-en-entre-rios\\\/#respond\"]}]},{\"@type\":\"WebPage\",\"@id\":\"https:\\\/\\\/informelitoral.com.ar\\\/clases-virtuales-en-algunas-ciudades-y-otras-medidas-anunciadas-en-entre-rios\\\/\",\"url\":\"https:\\\/\\\/informelitoral.com.ar\\\/clases-virtuales-en-algunas-ciudades-y-otras-medidas-anunciadas-en-entre-rios\\\/\",\"name\":\"Clases virtuales en algunas ciudades y otras medidas anunciadas en Entre R\u00edos - Informe Litoral\",\"isPartOf\":{\"@id\":\"https:\\\/\\\/informelitoral.com.ar\\\/#website\"},\"primaryImageOfPage\":{\"@id\":\"https:\\\/\\\/informelitoral.com.ar\\\/clases-virtuales-en-algunas-ciudades-y-otras-medidas-anunciadas-en-entre-rios\\\/#primaryimage\"},\"image\":{\"@id\":\"https:\\\/\\\/informelitoral.com.ar\\\/clases-virtuales-en-algunas-ciudades-y-otras-medidas-anunciadas-en-entre-rios\\\/#primaryimage\"},\"thumbnailUrl\":\"https:\\\/\\\/informelitoral.com.ar\\\/%77%70%2d%63%6f%6e%74%65%6e%74\\\/uploads\\\/2020\\\/04\\\/gustavo-bordet.jpeg\",\"datePublished\":\"2021-05-03T11:58:11+00:00\",\"dateModified\":\"2021-05-03T11:59:27+00:00\",\"breadcrumb\":{\"@id\":\"https:\\\/\\\/informelitoral.com.ar\\\/clases-virtuales-en-algunas-ciudades-y-otras-medidas-anunciadas-en-entre-rios\\\/#breadcrumb\"},\"inLanguage\":\"es\",\"potentialAction\":[{\"@type\":\"ReadAction\",\"target\":[\"https:\\\/\\\/informelitoral.com.ar\\\/clases-virtuales-en-algunas-ciudades-y-otras-medidas-anunciadas-en-entre-rios\\\/\"]}]},{\"@type\":\"ImageObject\",\"inLanguage\":\"es\",\"@id\":\"https:\\\/\\\/informelitoral.com.ar\\\/clases-virtuales-en-algunas-ciudades-y-otras-medidas-anunciadas-en-entre-rios\\\/#primaryimage\",\"url\":\"https:\\\/\\\/informelitoral.com.ar\\\/%77%70%2d%63%6f%6e%74%65%6e%74\\\/uploads\\\/2020\\\/04\\\/gustavo-bordet.jpeg\",\"contentUrl\":\"https:\\\/\\\/informelitoral.com.ar\\\/%77%70%2d%63%6f%6e%74%65%6e%74\\\/uploads\\\/2020\\\/04\\\/gustavo-bordet.jpeg\",\"width\":770,\"height\":433},{\"@type\":\"BreadcrumbList\",\"@id\":\"https:\\\/\\\/informelitoral.com.ar\\\/clases-virtuales-en-algunas-ciudades-y-otras-medidas-anunciadas-en-entre-rios\\\/#breadcrumb\",\"itemListElement\":[{\"@type\":\"ListItem\",\"position\":1,\"name\":\"Portada\",\"item\":\"https:\\\/\\\/informelitoral.com.ar\\\/\"},{\"@type\":\"ListItem\",\"position\":2,\"name\":\"Clases virtuales en algunas ciudades y otras medidas anunciadas en Entre R\u00edos\"}]},{\"@type\":\"WebSite\",\"@id\":\"https:\\\/\\\/informelitoral.com.ar\\\/#website\",\"url\":\"https:\\\/\\\/informelitoral.com.ar\\\/\",\"name\":\"Informe Litoral\",\"description\":\"&quot;Nos informamos&quot; \",\"publisher\":{\"@id\":\"https:\\\/\\\/informelitoral.com.ar\\\/#organization\"},\"potentialAction\":[{\"@type\":\"SearchAction\",\"target\":{\"@type\":\"EntryPoint\",\"urlTemplate\":\"https:\\\/\\\/informelitoral.com.ar\\\/?s={search_term_string}\"},\"query-input\":{\"@type\":\"PropertyValueSpecification\",\"valueRequired\":true,\"valueName\":\"search_term_string\"}}],\"inLanguage\":\"es\"},{\"@type\":\"Organization\",\"@id\":\"https:\\\/\\\/informelitoral.com.ar\\\/#organization\",\"name\":\"Informe Litoral\",\"url\":\"https:\\\/\\\/informelitoral.com.ar\\\/\",\"logo\":{\"@type\":\"ImageObject\",\"inLanguage\":\"es\",\"@id\":\"https:\\\/\\\/informelitoral.com.ar\\\/#\\\/schema\\\/logo\\\/image\\\/\",\"url\":\"https:\\\/\\\/informelitoral.com.ar\\\/%77%70%2d%63%6f%6e%74%65%6e%74\\\/uploads\\\/2021\\\/01\\\/circulo.png\",\"contentUrl\":\"https:\\\/\\\/informelitoral.com.ar\\\/%77%70%2d%63%6f%6e%74%65%6e%74\\\/uploads\\\/2021\\\/01\\\/circulo.png\",\"width\":723,\"height\":731,\"caption\":\"Informe Litoral\"},\"image\":{\"@id\":\"https:\\\/\\\/informelitoral.com.ar\\\/#\\\/schema\\\/logo\\\/image\\\/\"},\"sameAs\":[\"https:\\\/\\\/www.facebook.com\\\/informelitoral\\\/\",\"https:\\\/\\\/x.com\\\/InformeLitoral\",\"https:\\\/\\\/www.instagram.com\\\/informelitoral\\\/\",\"https:\\\/\\\/www.youtube.com\\\/channel\\\/UCua4Qvz8Icb6MYqhoq9xLXw\"]},{\"@type\":\"Person\",\"@id\":\"https:\\\/\\\/informelitoral.com.ar\\\/#\\\/schema\\\/person\\\/b9d00407c836482871ef1d57bf8e3180\",\"name\":\"Gonzalo Schmidt\",\"image\":{\"@type\":\"ImageObject\",\"inLanguage\":\"es\",\"@id\":\"https:\\\/\\\/secure.gravatar.com\\\/avatar\\\/31a1a7b66ff2de83bd0e9fd79d026630d2d99e55e8bfe501287647b4fd9743de?s=96&d=mm&r=g\",\"url\":\"https:\\\/\\\/secure.gravatar.com\\\/avatar\\\/31a1a7b66ff2de83bd0e9fd79d026630d2d99e55e8bfe501287647b4fd9743de?s=96&d=mm&r=g\",\"contentUrl\":\"https:\\\/\\\/secure.gravatar.com\\\/avatar\\\/31a1a7b66ff2de83bd0e9fd79d026630d2d99e55e8bfe501287647b4fd9743de?s=96&d=mm&r=g\",\"caption\":\"Gonzalo Schmidt\"},\"description\":\"Sitio web de noticias de la provincia de Entre R\u00edos, Argentina. Informaci\u00f3n y entretenimiento. Informe Litoral, nos informamos.\",\"sameAs\":[\"http:\\\/\\\/www.isletasnoticias.com.ar\"],\"url\":\"https:\\\/\\\/informelitoral.com.ar\\\/author\\\/gonzalo\\\/\"}]}<\/script>","yoast_head_json":{"title":"Clases virtuales en algunas ciudades y otras medidas anunciadas en Entre R\u00edos - Informe Litoral","robots":{"index":"index","follow":"follow","max-snippet":"max-snippet:-1","max-image-preview":"max-image-preview:large","max-video-preview":"max-video-preview:-1"},"canonical":"https:\/\/informelitoral.com.ar\/clases-virtuales-en-algunas-ciudades-y-otras-medidas-anunciadas-en-entre-rios\/","og_locale":"es_ES","og_type":"article","og_title":"Clases virtuales en algunas ciudades y otras medidas anunciadas en Entre R\u00edos - Informe Litoral","og_description":"La provincia suspende desde hoy y por una semana la presencialidad en escuelas de ciudades de riesgo sanitario. El gobernador anunci\u00f3 otras medidas complementarias vinculadas al comercio en Paran\u00e1, m\u00e1s controles y estrategias sanitarias.","og_url":"https:\/\/informelitoral.com.ar\/clases-virtuales-en-algunas-ciudades-y-otras-medidas-anunciadas-en-entre-rios\/","og_site_name":"Informe Litoral","article_publisher":"https:\/\/www.facebook.com\/informelitoral\/","article_published_time":"2021-05-03T11:58:11+00:00","article_modified_time":"2021-05-03T11:59:27+00:00","og_image":[{"width":770,"height":433,"url":"https:\/\/informelitoral.com.ar\/%77%70%2d%63%6f%6e%74%65%6e%74\/uploads\/2020\/04\/gustavo-bordet.jpeg","type":"image\/jpeg"}],"author":"Gonzalo Schmidt","twitter_card":"summary_large_image","twitter_creator":"@InformeLitoral","twitter_site":"@InformeLitoral","twitter_misc":{"Escrito por":"Gonzalo Schmidt","Tiempo de lectura":"2 minutos"},"schema":{"@context":"https:\/\/schema.org","@graph":[{"@type":"Article","@id":"https:\/\/informelitoral.com.ar\/clases-virtuales-en-algunas-ciudades-y-otras-medidas-anunciadas-en-entre-rios\/#article","isPartOf":{"@id":"https:\/\/informelitoral.com.ar\/clases-virtuales-en-algunas-ciudades-y-otras-medidas-anunciadas-en-entre-rios\/"},"author":{"name":"Gonzalo Schmidt","@id":"https:\/\/informelitoral.com.ar\/#\/schema\/person\/b9d00407c836482871ef1d57bf8e3180"},"headline":"Clases virtuales en algunas ciudades y otras medidas anunciadas en Entre R\u00edos","datePublished":"2021-05-03T11:58:11+00:00","dateModified":"2021-05-03T11:59:27+00:00","mainEntityOfPage":{"@id":"https:\/\/informelitoral.com.ar\/clases-virtuales-en-algunas-ciudades-y-otras-medidas-anunciadas-en-entre-rios\/"},"wordCount":333,"commentCount":0,"publisher":{"@id":"https:\/\/informelitoral.com.ar\/#organization"},"image":{"@id":"https:\/\/informelitoral.com.ar\/clases-virtuales-en-algunas-ciudades-y-otras-medidas-anunciadas-en-entre-rios\/#primaryimage"},"thumbnailUrl":"https:\/\/informelitoral.com.ar\/%77%70%2d%63%6f%6e%74%65%6e%74\/uploads\/2020\/04\/gustavo-bordet.jpeg","keywords":["Clases presenciales","Entre R\u00edos","Gustavo Bordet","Restricciones","Restricciones nocturnas"],"articleSection":["Entre R\u00edos","Politica"],"inLanguage":"es","potentialAction":[{"@type":"CommentAction","name":"Comment","target":["https:\/\/informelitoral.com.ar\/clases-virtuales-en-algunas-ciudades-y-otras-medidas-anunciadas-en-entre-rios\/#respond"]}]},{"@type":"WebPage","@id":"https:\/\/informelitoral.com.ar\/clases-virtuales-en-algunas-ciudades-y-otras-medidas-anunciadas-en-entre-rios\/","url":"https:\/\/informelitoral.com.ar\/clases-virtuales-en-algunas-ciudades-y-otras-medidas-anunciadas-en-entre-rios\/","name":"Clases virtuales en algunas ciudades y otras medidas anunciadas en Entre R\u00edos - Informe Litoral","isPartOf":{"@id":"https:\/\/informelitoral.com.ar\/#website"},"primaryImageOfPage":{"@id":"https:\/\/informelitoral.com.ar\/clases-virtuales-en-algunas-ciudades-y-otras-medidas-anunciadas-en-entre-rios\/#primaryimage"},"image":{"@id":"https:\/\/informelitoral.com.ar\/clases-virtuales-en-algunas-ciudades-y-otras-medidas-anunciadas-en-entre-rios\/#primaryimage"},"thumbnailUrl":"https:\/\/informelitoral.com.ar\/%77%70%2d%63%6f%6e%74%65%6e%74\/uploads\/2020\/04\/gustavo-bordet.jpeg","datePublished":"2021-05-03T11:58:11+00:00","dateModified":"2021-05-03T11:59:27+00:00","breadcrumb":{"@id":"https:\/\/informelitoral.com.ar\/clases-virtuales-en-algunas-ciudades-y-otras-medidas-anunciadas-en-entre-rios\/#breadcrumb"},"inLanguage":"es","potentialAction":[{"@type":"ReadAction","target":["https:\/\/informelitoral.com.ar\/clases-virtuales-en-algunas-ciudades-y-otras-medidas-anunciadas-en-entre-rios\/"]}]},{"@type":"ImageObject","inLanguage":"es","@id":"https:\/\/informelitoral.com.ar\/clases-virtuales-en-algunas-ciudades-y-otras-medidas-anunciadas-en-entre-rios\/#primaryimage","url":"https:\/\/informelitoral.com.ar\/%77%70%2d%63%6f%6e%74%65%6e%74\/uploads\/2020\/04\/gustavo-bordet.jpeg","contentUrl":"https:\/\/informelitoral.com.ar\/%77%70%2d%63%6f%6e%74%65%6e%74\/uploads\/2020\/04\/gustavo-bordet.jpeg","width":770,"height":433},{"@type":"BreadcrumbList","@id":"https:\/\/informelitoral.com.ar\/clases-virtuales-en-algunas-ciudades-y-otras-medidas-anunciadas-en-entre-rios\/#breadcrumb","itemListElement":[{"@type":"ListItem","position":1,"name":"Portada","item":"https:\/\/informelitoral.com.ar\/"},{"@type":"ListItem","position":2,"name":"Clases virtuales en algunas ciudades y otras medidas anunciadas en Entre R\u00edos"}]},{"@type":"WebSite","@id":"https:\/\/informelitoral.com.ar\/#website","url":"https:\/\/informelitoral.com.ar\/","name":"Informe Litoral","description":"&quot;Nos informamos&quot; ","publisher":{"@id":"https:\/\/informelitoral.com.ar\/#organization"},"potentialAction":[{"@type":"SearchAction","target":{"@type":"EntryPoint","urlTemplate":"https:\/\/informelitoral.com.ar\/?s={search_term_string}"},"query-input":{"@type":"PropertyValueSpecification","valueRequired":true,"valueName":"search_term_string"}}],"inLanguage":"es"},{"@type":"Organization","@id":"https:\/\/informelitoral.com.ar\/#organization","name":"Informe Litoral","url":"https:\/\/informelitoral.com.ar\/","logo":{"@type":"ImageObject","inLanguage":"es","@id":"https:\/\/informelitoral.com.ar\/#\/schema\/logo\/image\/","url":"https:\/\/informelitoral.com.ar\/%77%70%2d%63%6f%6e%74%65%6e%74\/uploads\/2021\/01\/circulo.png","contentUrl":"https:\/\/informelitoral.com.ar\/%77%70%2d%63%6f%6e%74%65%6e%74\/uploads\/2021\/01\/circulo.png","width":723,"height":731,"caption":"Informe Litoral"},"image":{"@id":"https:\/\/informelitoral.com.ar\/#\/schema\/logo\/image\/"},"sameAs":["https:\/\/www.facebook.com\/informelitoral\/","https:\/\/x.com\/InformeLitoral","https:\/\/www.instagram.com\/informelitoral\/","https:\/\/www.youtube.com\/channel\/UCua4Qvz8Icb6MYqhoq9xLXw"]},{"@type":"Person","@id":"https:\/\/informelitoral.com.ar\/#\/schema\/person\/b9d00407c836482871ef1d57bf8e3180","name":"Gonzalo Schmidt","image":{"@type":"ImageObject","inLanguage":"es","@id":"https:\/\/secure.gravatar.com\/avatar\/31a1a7b66ff2de83bd0e9fd79d026630d2d99e55e8bfe501287647b4fd9743de?s=96&d=mm&r=g","url":"https:\/\/secure.gravatar.com\/avatar\/31a1a7b66ff2de83bd0e9fd79d026630d2d99e55e8bfe501287647b4fd9743de?s=96&d=mm&r=g","contentUrl":"https:\/\/secure.gravatar.com\/avatar\/31a1a7b66ff2de83bd0e9fd79d026630d2d99e55e8bfe501287647b4fd9743de?s=96&d=mm&r=g","caption":"Gonzalo Schmidt"},"description":"Sitio web de noticias de la provincia de Entre R\u00edos, Argentina. Informaci\u00f3n y entretenimiento. Informe Litoral, nos informamos.","sameAs":["http:\/\/www.isletasnoticias.com.ar"],"url":"https:\/\/informelitoral.com.ar\/author\/gonzalo\/"}]}},"_links":{"self":[{"href":"https:\/\/informelitoral.com.ar\/%77%70%2d%6a%73%6f%6e\/wp\/v2\/posts\/59490","targetHints":{"allow":["GET"]}}],"collection":[{"href":"https:\/\/informelitoral.com.ar\/%77%70%2d%6a%73%6f%6e\/wp\/v2\/posts"}],"about":[{"href":"https:\/\/informelitoral.com.ar\/%77%70%2d%6a%73%6f%6e\/wp\/v2\/types\/post"}],"author":[{"embeddable":true,"href":"https:\/\/informelitoral.com.ar\/%77%70%2d%6a%73%6f%6e\/wp\/v2\/users\/2"}],"replies":[{"embeddable":true,"href":"https:\/\/informelitoral.com.ar\/%77%70%2d%6a%73%6f%6e\/wp\/v2\/comments?post=59490"}],"version-history":[{"count":0,"href":"https:\/\/informelitoral.com.ar\/%77%70%2d%6a%73%6f%6e\/wp\/v2\/posts\/59490\/revisions"}],"wp:featuredmedia":[{"embeddable":true,"href":"https:\/\/informelitoral.com.ar\/%77%70%2d%6a%73%6f%6e\/wp\/v2\/media\/42135"}],"wp:attachment":[{"href":"https:\/\/informelitoral.com.ar\/%77%70%2d%6a%73%6f%6e\/wp\/v2\/media?parent=59490"}],"wp:term":[{"taxonomy":"category","embeddable":true,"href":"https:\/\/informelitoral.com.ar\/%77%70%2d%6a%73%6f%6e\/wp\/v2\/categories?post=59490"},{"taxonomy":"post_tag","embeddable":true,"href":"https:\/\/informelitoral.com.ar\/%77%70%2d%6a%73%6f%6e\/wp\/v2\/tags?post=59490"}],"curies":[{"name":"wp","href":"https:\/\/api.w.org\/{rel}","templated":true}]}}