{"id":59434,"date":"2021-04-29T22:32:17","date_gmt":"2021-04-30T01:32:17","guid":{"rendered":"https:\/\/www.informelitoral.com.ar\/?p=59434"},"modified":"2021-04-29T23:05:51","modified_gmt":"2021-04-30T02:05:51","slug":"el-desesperado-pedido-del-personal-de-la-salud-de-general-ramirez","status":"publish","type":"post","link":"https:\/\/informelitoral.com.ar\/el-desesperado-pedido-del-personal-de-la-salud-de-general-ramirez\/","title":{"rendered":"El desesperado pedido del personal de la salud de General Ram\u00edrez"},"content":{"rendered":"<p>En General Ram\u00edrez en las \u00faltimas semanas contin\u00faan en aumento los contagios de coronavirus y en la calle se observa que es escaso el cumplimiento de las medidas sanitarias, a lo que se suma la falta de controles por parte de los organismos competentes, especialmente en los comercios.<\/p>\n<p>En ese marco, la situaci\u00f3n en el Hospital, Nuestra Se\u00f1ora del Luj\u00e1n es alarmante, por lo que el director,<strong> Sebasti\u00e1n Reichel<\/strong> y la <strong>Dra. Aracelis Garc\u00eda<\/strong> fueron al canal de cable local para describir la situaci\u00f3n y pedir la solidaridad de toda la comunidad.<\/p>\n<p>Para ejemplificar el panorama, la profesional explic\u00f3: <strong>\u00abel hospital hoy es como esa familia que sufri\u00f3 un incendio o una inundaci\u00f3n y requiere de la solidaridad de toda la comunidad.<\/strong> Por favor necesitamos colaboraci\u00f3n\u00bb, remarc\u00f3 Garc\u00eda.<\/p>\n<figure id=\"attachment_46868\" aria-describedby=\"caption-attachment-46868\" style=\"width: 696px\" class=\"wp-caption aligncenter\"><a href=\"https:\/\/www.informelitoral.com.ar\/%77%70%2d%63%6f%6e%74%65%6e%74\/uploads\/2020\/08\/hospital-nuestra-se\u00f1ora-de-lujan.jpg\"><img loading=\"lazy\" decoding=\"async\" class=\"wp-image-46868 size-large\" src=\"https:\/\/www.informelitoral.com.ar\/%77%70%2d%63%6f%6e%74%65%6e%74\/uploads\/2020\/08\/hospital-nuestra-se\u00f1ora-de-lujan-1024x768.jpg\" alt=\"\" width=\"696\" height=\"522\" srcset=\"https:\/\/informelitoral.com.ar\/%77%70%2d%63%6f%6e%74%65%6e%74\/uploads\/2020\/08\/hospital-nuestra-se\u00f1ora-de-lujan-1024x768.jpg 1024w, https:\/\/informelitoral.com.ar\/%77%70%2d%63%6f%6e%74%65%6e%74\/uploads\/2020\/08\/hospital-nuestra-se\u00f1ora-de-lujan-300x225.jpg 300w, https:\/\/informelitoral.com.ar\/%77%70%2d%63%6f%6e%74%65%6e%74\/uploads\/2020\/08\/hospital-nuestra-se\u00f1ora-de-lujan-768x576.jpg 768w, https:\/\/informelitoral.com.ar\/%77%70%2d%63%6f%6e%74%65%6e%74\/uploads\/2020\/08\/hospital-nuestra-se\u00f1ora-de-lujan-1536x1152.jpg 1536w, https:\/\/informelitoral.com.ar\/%77%70%2d%63%6f%6e%74%65%6e%74\/uploads\/2020\/08\/hospital-nuestra-se\u00f1ora-de-lujan-696x522.jpg 696w, https:\/\/informelitoral.com.ar\/%77%70%2d%63%6f%6e%74%65%6e%74\/uploads\/2020\/08\/hospital-nuestra-se\u00f1ora-de-lujan-1068x801.jpg 1068w, https:\/\/informelitoral.com.ar\/%77%70%2d%63%6f%6e%74%65%6e%74\/uploads\/2020\/08\/hospital-nuestra-se\u00f1ora-de-lujan-560x420.jpg 560w, https:\/\/informelitoral.com.ar\/%77%70%2d%63%6f%6e%74%65%6e%74\/uploads\/2020\/08\/hospital-nuestra-se\u00f1ora-de-lujan-80x60.jpg 80w, https:\/\/informelitoral.com.ar\/%77%70%2d%63%6f%6e%74%65%6e%74\/uploads\/2020\/08\/hospital-nuestra-se\u00f1ora-de-lujan-265x198.jpg 265w, https:\/\/informelitoral.com.ar\/%77%70%2d%63%6f%6e%74%65%6e%74\/uploads\/2020\/08\/hospital-nuestra-se\u00f1ora-de-lujan.jpg 2048w\" sizes=\"auto, (max-width: 696px) 100vw, 696px\" \/><\/a><figcaption id=\"caption-attachment-46868\" class=\"wp-caption-text\">Aseguran que el personal del Hospital \u00abest\u00e1 agotado\u00bb.<\/figcaption><\/figure>\n<p>Por su parte, el director del nosocomio sostuvo: \u00ab<b>No les estamos pidiendo plata, solo que se cuiden para cuidar a los dem\u00e1s. Uno va a un local con barbijo y te miran como diciendo `para qu\u00e9 te pones\u00a0el barbijo\u00b4. Esto no termin\u00f3, y todos conocemos los protocolos, pong\u00e1moslos en pr\u00e1ctica<\/b>\u00ab, solicit\u00f3 Reichel.<\/p>\n<h3><strong>\u00abEl hospital est\u00e1 lleno de gente joven\u00bb<\/strong><\/h3>\n<p>El Dr. Sebasti\u00e1n Reichel reiter\u00f3 una vez m\u00e1s que en el nosocomio local solo pueden atender a pacientes leves, ya que no cuentan con terapia intensiva. \u00ab<strong>El hospital est\u00e1 lleno de gente joven y si tenemos que derivar a alguien, en la provincia ya pr\u00e1cticamente no hay lugar,<\/strong> como sucede en todo el pa\u00eds. Estamos peor que el a\u00f1o pasado. <strong>Entra gente de 18 a 59 a\u00f1os y a algunos se les complica el cuadro sin tener factores de riesgo previo<\/strong>\u00ab, alert\u00f3.<\/p>\n<h3><strong>\u00abNos mienten en la cara\u00bb<\/strong><\/h3>\n<p>\u00abNosotros aislamos gente y vemos que no cumplen. <strong>Si se quedar\u00edan aislados no ser\u00eda tan grave, los positivos vienen y dicen que no tuvieron contacto con nadie.<\/strong> <strong>La gente nos miente en la cara y no somos tontos.<\/strong> Nadie pierde nada con quedarse diez d\u00edas en su casa, pero algunos prefieren ir al hospital cuando ya no dan m\u00e1s, mientras tanto andan por la calle y contagian\u00bb, enfatiz\u00f3 el Dr. Sebasti\u00e1n Reichel.<\/p>\n<h3><strong>\u00abEstamos incendiados\u00bb\u00a0<\/strong><\/h3>\n<p>En esos t\u00e9rminos se expres\u00f3 la Dra. Aracelis Garc\u00eda. Asegur\u00f3 que la situaci\u00f3n no es distinta a la de Buenos Aires. <strong>\u00abTuvimos que derivar casos a Paran\u00e1 y lloramos, porque hay d\u00edas que no se consiguen camas. Dentro del hospital no damos m\u00e1s, estamos agotados y todav\u00eda no empez\u00f3 el invierno<\/strong>\u00ab, alert\u00f3.<\/p>\n<p>Sin poder disimular su enojo y preocupaci\u00f3n, la profesional dijo que \u00ab<strong>nadie respeta nada, no son solo los j\u00f3venes<\/strong>. Uno lo ve todo el tiempo. Parece que nosotros somos los pesados o que vivimos en una isla (por el hopsital). Ya no sabemos c\u00f3mo hacerlo entender\u00bb, indic\u00f3.<\/p>\n<p><a href=\"https:\/\/www.informelitoral.com.ar\/coronavirus-en-ramirez-hay-57-activos-con-los-que-la-ciudad-supero-los-500-casos\/\">Al 27 de abril en esa ciudad hab\u00eda 57 casos activos,<\/a> con lo que se superaron los 500 contagios en total. A esto se suman las personas que no concurrieron al sistema de salud por diferentes cuestiones, por lo que no figuran en los registros.<\/p>\n<h3><strong>Avance de la vacunaci\u00f3n\u00a0<\/strong><\/h3>\n<p>Los profesionales explicaron que la vacunaci\u00f3n se realiza en el Centro de Jubilados por una cuesti\u00f3n de espacio. \u00abNi bien se reciben las vacunas se aplican\u00bb, aseguraron.<\/p>\n<p>\u00abLos adultos mayores en gran porcentaje ya est\u00e1n vacunados\u00bb, inform\u00f3 el director del Hospital, aunque reconoci\u00f3 que las dosis \u00abllegan a cuentagotas\u00bb.<\/p>\n<p>Adem\u00e1s, pidieron respetar el horario en que son llamados para presentarse en el lugar, porque se hace de esa forma para evitar la aglomeraci\u00f3n de personas.<\/p>\n<h3><strong>Mir\u00e1 la nota completa:<\/strong><\/h3>\n<div class=\"youtube-embed\" data-video_id=\"DJ13r40xZmw\"><iframe loading=\"lazy\" title=\"Situaci\u00f3n epidemiol\u00f3gica en General Ram\u00edrez 27\/04\/2021\" width=\"696\" height=\"392\" src=\"https:\/\/www.youtube.com\/embed\/DJ13r40xZmw?feature=oembed&#038;enablejsapi=1\" frameborder=\"0\" allow=\"accelerometer; autoplay; clipboard-write; encrypted-media; gyroscope; picture-in-picture\" allowfullscreen><\/iframe><\/div>\n<p>&nbsp;<\/p>\n","protected":false},"excerpt":{"rendered":"<p>Desde el Hospital Nuestra Se\u00f1ora del Luj\u00e1n aseguraron: \u00abNo damos m\u00e1s, estamos explotados. Necesitamos que nos ayuden y cumplan con los protocolos\u00bb. Explicaron que en el nosocomio solo pueden atender casos leves y se quejaron: \u00abLa gente nos miente en la cara\u00bb, en relaci\u00f3n al aislamiento y a los contactos estrechos.<\/p>\n","protected":false},"author":2,"featured_media":59436,"comment_status":"open","ping_status":"open","sticky":false,"template":"","format":"standard","meta":{"fifu_image_url":"","fifu_image_alt":"","footnotes":""},"categories":[5],"tags":[1426,1481,556],"class_list":{"0":"post-59434","1":"post","2":"type-post","3":"status-publish","4":"format-standard","5":"has-post-thumbnail","7":"category-zonales","8":"tag-coronavirus","9":"tag-covid-19","10":"tag-general-ramirez"},"yoast_head":"<title>El desesperado pedido del personal de la salud de General Ram\u00edrez - Informe Litoral<\/title>\n<meta name=\"robots\" content=\"index, follow, max-snippet:-1, max-image-preview:large, max-video-preview:-1\" \/>\n<link rel=\"canonical\" href=\"https:\/\/informelitoral.com.ar\/el-desesperado-pedido-del-personal-de-la-salud-de-general-ramirez\/\" \/>\n<meta property=\"og:locale\" content=\"es_ES\" \/>\n<meta property=\"og:type\" content=\"article\" \/>\n<meta property=\"og:title\" content=\"El desesperado pedido del personal de la salud de General Ram\u00edrez - Informe Litoral\" \/>\n<meta property=\"og:description\" content=\"Desde el Hospital Nuestra Se\u00f1ora del Luj\u00e1n aseguraron: &quot;No damos m\u00e1s, estamos explotados. Necesitamos que nos ayuden y cumplan con los protocolos&quot;. Explicaron que en el nosocomio solo pueden atender casos leves y se quejaron: &quot;La gente nos miente en la cara&quot;, en relaci\u00f3n al aislamiento y a los contactos estrechos.\" \/>\n<meta property=\"og:url\" content=\"https:\/\/informelitoral.com.ar\/el-desesperado-pedido-del-personal-de-la-salud-de-general-ramirez\/\" \/>\n<meta property=\"og:site_name\" content=\"Informe Litoral\" \/>\n<meta property=\"article:publisher\" content=\"https:\/\/www.facebook.com\/informelitoral\/\" \/>\n<meta property=\"article:published_time\" content=\"2021-04-30T01:32:17+00:00\" \/>\n<meta property=\"article:modified_time\" content=\"2021-04-30T02:05:51+00:00\" \/>\n<meta property=\"og:image\" content=\"https:\/\/informelitoral.com.ar\/%77%70%2d%63%6f%6e%74%65%6e%74\/uploads\/2021\/04\/de355c57-3050-4bdb-9097-1ff48e954c90.jpg\" \/>\n\t<meta property=\"og:image:width\" content=\"1280\" \/>\n\t<meta property=\"og:image:height\" content=\"720\" \/>\n\t<meta property=\"og:image:type\" content=\"image\/jpeg\" \/>\n<meta name=\"author\" content=\"Gonzalo Schmidt\" \/>\n<meta name=\"twitter:card\" content=\"summary_large_image\" \/>\n<meta name=\"twitter:creator\" content=\"@InformeLitoral\" \/>\n<meta name=\"twitter:site\" content=\"@InformeLitoral\" \/>\n<meta name=\"twitter:label1\" content=\"Escrito por\" \/>\n\t<meta name=\"twitter:data1\" content=\"Gonzalo Schmidt\" \/>\n\t<meta name=\"twitter:label2\" content=\"Tiempo de lectura\" \/>\n\t<meta name=\"twitter:data2\" content=\"3 minutos\" \/>\n<script type=\"application\/ld+json\" class=\"yoast-schema-graph\">{\"@context\":\"https:\\\/\\\/schema.org\",\"@graph\":[{\"@type\":\"Article\",\"@id\":\"https:\\\/\\\/informelitoral.com.ar\\\/el-desesperado-pedido-del-personal-de-la-salud-de-general-ramirez\\\/#article\",\"isPartOf\":{\"@id\":\"https:\\\/\\\/informelitoral.com.ar\\\/el-desesperado-pedido-del-personal-de-la-salud-de-general-ramirez\\\/\"},\"author\":{\"name\":\"Gonzalo Schmidt\",\"@id\":\"https:\\\/\\\/informelitoral.com.ar\\\/#\\\/schema\\\/person\\\/b9d00407c836482871ef1d57bf8e3180\"},\"headline\":\"El desesperado pedido del personal de la salud de General Ram\u00edrez\",\"datePublished\":\"2021-04-30T01:32:17+00:00\",\"dateModified\":\"2021-04-30T02:05:51+00:00\",\"mainEntityOfPage\":{\"@id\":\"https:\\\/\\\/informelitoral.com.ar\\\/el-desesperado-pedido-del-personal-de-la-salud-de-general-ramirez\\\/\"},\"wordCount\":649,\"commentCount\":0,\"publisher\":{\"@id\":\"https:\\\/\\\/informelitoral.com.ar\\\/#organization\"},\"image\":{\"@id\":\"https:\\\/\\\/informelitoral.com.ar\\\/el-desesperado-pedido-del-personal-de-la-salud-de-general-ramirez\\\/#primaryimage\"},\"thumbnailUrl\":\"https:\\\/\\\/informelitoral.com.ar\\\/%77%70%2d%63%6f%6e%74%65%6e%74\\\/uploads\\\/2021\\\/04\\\/de355c57-3050-4bdb-9097-1ff48e954c90.jpg\",\"keywords\":[\"Coronavirus\",\"COVID-19\",\"General Ram\u00edrez\"],\"articleSection\":[\"Departamento Diamante\"],\"inLanguage\":\"es\",\"potentialAction\":[{\"@type\":\"CommentAction\",\"name\":\"Comment\",\"target\":[\"https:\\\/\\\/informelitoral.com.ar\\\/el-desesperado-pedido-del-personal-de-la-salud-de-general-ramirez\\\/#respond\"]}]},{\"@type\":\"WebPage\",\"@id\":\"https:\\\/\\\/informelitoral.com.ar\\\/el-desesperado-pedido-del-personal-de-la-salud-de-general-ramirez\\\/\",\"url\":\"https:\\\/\\\/informelitoral.com.ar\\\/el-desesperado-pedido-del-personal-de-la-salud-de-general-ramirez\\\/\",\"name\":\"El desesperado pedido del personal de la salud de General Ram\u00edrez - Informe Litoral\",\"isPartOf\":{\"@id\":\"https:\\\/\\\/informelitoral.com.ar\\\/#website\"},\"primaryImageOfPage\":{\"@id\":\"https:\\\/\\\/informelitoral.com.ar\\\/el-desesperado-pedido-del-personal-de-la-salud-de-general-ramirez\\\/#primaryimage\"},\"image\":{\"@id\":\"https:\\\/\\\/informelitoral.com.ar\\\/el-desesperado-pedido-del-personal-de-la-salud-de-general-ramirez\\\/#primaryimage\"},\"thumbnailUrl\":\"https:\\\/\\\/informelitoral.com.ar\\\/%77%70%2d%63%6f%6e%74%65%6e%74\\\/uploads\\\/2021\\\/04\\\/de355c57-3050-4bdb-9097-1ff48e954c90.jpg\",\"datePublished\":\"2021-04-30T01:32:17+00:00\",\"dateModified\":\"2021-04-30T02:05:51+00:00\",\"breadcrumb\":{\"@id\":\"https:\\\/\\\/informelitoral.com.ar\\\/el-desesperado-pedido-del-personal-de-la-salud-de-general-ramirez\\\/#breadcrumb\"},\"inLanguage\":\"es\",\"potentialAction\":[{\"@type\":\"ReadAction\",\"target\":[\"https:\\\/\\\/informelitoral.com.ar\\\/el-desesperado-pedido-del-personal-de-la-salud-de-general-ramirez\\\/\"]}]},{\"@type\":\"ImageObject\",\"inLanguage\":\"es\",\"@id\":\"https:\\\/\\\/informelitoral.com.ar\\\/el-desesperado-pedido-del-personal-de-la-salud-de-general-ramirez\\\/#primaryimage\",\"url\":\"https:\\\/\\\/informelitoral.com.ar\\\/%77%70%2d%63%6f%6e%74%65%6e%74\\\/uploads\\\/2021\\\/04\\\/de355c57-3050-4bdb-9097-1ff48e954c90.jpg\",\"contentUrl\":\"https:\\\/\\\/informelitoral.com.ar\\\/%77%70%2d%63%6f%6e%74%65%6e%74\\\/uploads\\\/2021\\\/04\\\/de355c57-3050-4bdb-9097-1ff48e954c90.jpg\",\"width\":1280,\"height\":720},{\"@type\":\"BreadcrumbList\",\"@id\":\"https:\\\/\\\/informelitoral.com.ar\\\/el-desesperado-pedido-del-personal-de-la-salud-de-general-ramirez\\\/#breadcrumb\",\"itemListElement\":[{\"@type\":\"ListItem\",\"position\":1,\"name\":\"Portada\",\"item\":\"https:\\\/\\\/informelitoral.com.ar\\\/\"},{\"@type\":\"ListItem\",\"position\":2,\"name\":\"El desesperado pedido del personal de la salud de General Ram\u00edrez\"}]},{\"@type\":\"WebSite\",\"@id\":\"https:\\\/\\\/informelitoral.com.ar\\\/#website\",\"url\":\"https:\\\/\\\/informelitoral.com.ar\\\/\",\"name\":\"Informe Litoral\",\"description\":\"&quot;Nos informamos&quot; \",\"publisher\":{\"@id\":\"https:\\\/\\\/informelitoral.com.ar\\\/#organization\"},\"potentialAction\":[{\"@type\":\"SearchAction\",\"target\":{\"@type\":\"EntryPoint\",\"urlTemplate\":\"https:\\\/\\\/informelitoral.com.ar\\\/?s={search_term_string}\"},\"query-input\":{\"@type\":\"PropertyValueSpecification\",\"valueRequired\":true,\"valueName\":\"search_term_string\"}}],\"inLanguage\":\"es\"},{\"@type\":\"Organization\",\"@id\":\"https:\\\/\\\/informelitoral.com.ar\\\/#organization\",\"name\":\"Informe Litoral\",\"url\":\"https:\\\/\\\/informelitoral.com.ar\\\/\",\"logo\":{\"@type\":\"ImageObject\",\"inLanguage\":\"es\",\"@id\":\"https:\\\/\\\/informelitoral.com.ar\\\/#\\\/schema\\\/logo\\\/image\\\/\",\"url\":\"https:\\\/\\\/informelitoral.com.ar\\\/%77%70%2d%63%6f%6e%74%65%6e%74\\\/uploads\\\/2021\\\/01\\\/circulo.png\",\"contentUrl\":\"https:\\\/\\\/informelitoral.com.ar\\\/%77%70%2d%63%6f%6e%74%65%6e%74\\\/uploads\\\/2021\\\/01\\\/circulo.png\",\"width\":723,\"height\":731,\"caption\":\"Informe Litoral\"},\"image\":{\"@id\":\"https:\\\/\\\/informelitoral.com.ar\\\/#\\\/schema\\\/logo\\\/image\\\/\"},\"sameAs\":[\"https:\\\/\\\/www.facebook.com\\\/informelitoral\\\/\",\"https:\\\/\\\/x.com\\\/InformeLitoral\",\"https:\\\/\\\/www.instagram.com\\\/informelitoral\\\/\",\"https:\\\/\\\/www.youtube.com\\\/channel\\\/UCua4Qvz8Icb6MYqhoq9xLXw\"]},{\"@type\":\"Person\",\"@id\":\"https:\\\/\\\/informelitoral.com.ar\\\/#\\\/schema\\\/person\\\/b9d00407c836482871ef1d57bf8e3180\",\"name\":\"Gonzalo Schmidt\",\"image\":{\"@type\":\"ImageObject\",\"inLanguage\":\"es\",\"@id\":\"https:\\\/\\\/secure.gravatar.com\\\/avatar\\\/31a1a7b66ff2de83bd0e9fd79d026630d2d99e55e8bfe501287647b4fd9743de?s=96&d=mm&r=g\",\"url\":\"https:\\\/\\\/secure.gravatar.com\\\/avatar\\\/31a1a7b66ff2de83bd0e9fd79d026630d2d99e55e8bfe501287647b4fd9743de?s=96&d=mm&r=g\",\"contentUrl\":\"https:\\\/\\\/secure.gravatar.com\\\/avatar\\\/31a1a7b66ff2de83bd0e9fd79d026630d2d99e55e8bfe501287647b4fd9743de?s=96&d=mm&r=g\",\"caption\":\"Gonzalo Schmidt\"},\"description\":\"Sitio web de noticias de la provincia de Entre R\u00edos, Argentina. Informaci\u00f3n y entretenimiento. Informe Litoral, nos informamos.\",\"sameAs\":[\"http:\\\/\\\/www.isletasnoticias.com.ar\"],\"url\":\"https:\\\/\\\/informelitoral.com.ar\\\/author\\\/gonzalo\\\/\"}]}<\/script>","yoast_head_json":{"title":"El desesperado pedido del personal de la salud de General Ram\u00edrez - Informe Litoral","robots":{"index":"index","follow":"follow","max-snippet":"max-snippet:-1","max-image-preview":"max-image-preview:large","max-video-preview":"max-video-preview:-1"},"canonical":"https:\/\/informelitoral.com.ar\/el-desesperado-pedido-del-personal-de-la-salud-de-general-ramirez\/","og_locale":"es_ES","og_type":"article","og_title":"El desesperado pedido del personal de la salud de General Ram\u00edrez - Informe Litoral","og_description":"Desde el Hospital Nuestra Se\u00f1ora del Luj\u00e1n aseguraron: \"No damos m\u00e1s, estamos explotados. Necesitamos que nos ayuden y cumplan con los protocolos\". Explicaron que en el nosocomio solo pueden atender casos leves y se quejaron: \"La gente nos miente en la cara\", en relaci\u00f3n al aislamiento y a los contactos estrechos.","og_url":"https:\/\/informelitoral.com.ar\/el-desesperado-pedido-del-personal-de-la-salud-de-general-ramirez\/","og_site_name":"Informe Litoral","article_publisher":"https:\/\/www.facebook.com\/informelitoral\/","article_published_time":"2021-04-30T01:32:17+00:00","article_modified_time":"2021-04-30T02:05:51+00:00","og_image":[{"width":1280,"height":720,"url":"https:\/\/informelitoral.com.ar\/%77%70%2d%63%6f%6e%74%65%6e%74\/uploads\/2021\/04\/de355c57-3050-4bdb-9097-1ff48e954c90.jpg","type":"image\/jpeg"}],"author":"Gonzalo Schmidt","twitter_card":"summary_large_image","twitter_creator":"@InformeLitoral","twitter_site":"@InformeLitoral","twitter_misc":{"Escrito por":"Gonzalo Schmidt","Tiempo de lectura":"3 minutos"},"schema":{"@context":"https:\/\/schema.org","@graph":[{"@type":"Article","@id":"https:\/\/informelitoral.com.ar\/el-desesperado-pedido-del-personal-de-la-salud-de-general-ramirez\/#article","isPartOf":{"@id":"https:\/\/informelitoral.com.ar\/el-desesperado-pedido-del-personal-de-la-salud-de-general-ramirez\/"},"author":{"name":"Gonzalo Schmidt","@id":"https:\/\/informelitoral.com.ar\/#\/schema\/person\/b9d00407c836482871ef1d57bf8e3180"},"headline":"El desesperado pedido del personal de la salud de General Ram\u00edrez","datePublished":"2021-04-30T01:32:17+00:00","dateModified":"2021-04-30T02:05:51+00:00","mainEntityOfPage":{"@id":"https:\/\/informelitoral.com.ar\/el-desesperado-pedido-del-personal-de-la-salud-de-general-ramirez\/"},"wordCount":649,"commentCount":0,"publisher":{"@id":"https:\/\/informelitoral.com.ar\/#organization"},"image":{"@id":"https:\/\/informelitoral.com.ar\/el-desesperado-pedido-del-personal-de-la-salud-de-general-ramirez\/#primaryimage"},"thumbnailUrl":"https:\/\/informelitoral.com.ar\/%77%70%2d%63%6f%6e%74%65%6e%74\/uploads\/2021\/04\/de355c57-3050-4bdb-9097-1ff48e954c90.jpg","keywords":["Coronavirus","COVID-19","General Ram\u00edrez"],"articleSection":["Departamento Diamante"],"inLanguage":"es","potentialAction":[{"@type":"CommentAction","name":"Comment","target":["https:\/\/informelitoral.com.ar\/el-desesperado-pedido-del-personal-de-la-salud-de-general-ramirez\/#respond"]}]},{"@type":"WebPage","@id":"https:\/\/informelitoral.com.ar\/el-desesperado-pedido-del-personal-de-la-salud-de-general-ramirez\/","url":"https:\/\/informelitoral.com.ar\/el-desesperado-pedido-del-personal-de-la-salud-de-general-ramirez\/","name":"El desesperado pedido del personal de la salud de General Ram\u00edrez - Informe Litoral","isPartOf":{"@id":"https:\/\/informelitoral.com.ar\/#website"},"primaryImageOfPage":{"@id":"https:\/\/informelitoral.com.ar\/el-desesperado-pedido-del-personal-de-la-salud-de-general-ramirez\/#primaryimage"},"image":{"@id":"https:\/\/informelitoral.com.ar\/el-desesperado-pedido-del-personal-de-la-salud-de-general-ramirez\/#primaryimage"},"thumbnailUrl":"https:\/\/informelitoral.com.ar\/%77%70%2d%63%6f%6e%74%65%6e%74\/uploads\/2021\/04\/de355c57-3050-4bdb-9097-1ff48e954c90.jpg","datePublished":"2021-04-30T01:32:17+00:00","dateModified":"2021-04-30T02:05:51+00:00","breadcrumb":{"@id":"https:\/\/informelitoral.com.ar\/el-desesperado-pedido-del-personal-de-la-salud-de-general-ramirez\/#breadcrumb"},"inLanguage":"es","potentialAction":[{"@type":"ReadAction","target":["https:\/\/informelitoral.com.ar\/el-desesperado-pedido-del-personal-de-la-salud-de-general-ramirez\/"]}]},{"@type":"ImageObject","inLanguage":"es","@id":"https:\/\/informelitoral.com.ar\/el-desesperado-pedido-del-personal-de-la-salud-de-general-ramirez\/#primaryimage","url":"https:\/\/informelitoral.com.ar\/%77%70%2d%63%6f%6e%74%65%6e%74\/uploads\/2021\/04\/de355c57-3050-4bdb-9097-1ff48e954c90.jpg","contentUrl":"https:\/\/informelitoral.com.ar\/%77%70%2d%63%6f%6e%74%65%6e%74\/uploads\/2021\/04\/de355c57-3050-4bdb-9097-1ff48e954c90.jpg","width":1280,"height":720},{"@type":"BreadcrumbList","@id":"https:\/\/informelitoral.com.ar\/el-desesperado-pedido-del-personal-de-la-salud-de-general-ramirez\/#breadcrumb","itemListElement":[{"@type":"ListItem","position":1,"name":"Portada","item":"https:\/\/informelitoral.com.ar\/"},{"@type":"ListItem","position":2,"name":"El desesperado pedido del personal de la salud de General Ram\u00edrez"}]},{"@type":"WebSite","@id":"https:\/\/informelitoral.com.ar\/#website","url":"https:\/\/informelitoral.com.ar\/","name":"Informe Litoral","description":"&quot;Nos informamos&quot; ","publisher":{"@id":"https:\/\/informelitoral.com.ar\/#organization"},"potentialAction":[{"@type":"SearchAction","target":{"@type":"EntryPoint","urlTemplate":"https:\/\/informelitoral.com.ar\/?s={search_term_string}"},"query-input":{"@type":"PropertyValueSpecification","valueRequired":true,"valueName":"search_term_string"}}],"inLanguage":"es"},{"@type":"Organization","@id":"https:\/\/informelitoral.com.ar\/#organization","name":"Informe Litoral","url":"https:\/\/informelitoral.com.ar\/","logo":{"@type":"ImageObject","inLanguage":"es","@id":"https:\/\/informelitoral.com.ar\/#\/schema\/logo\/image\/","url":"https:\/\/informelitoral.com.ar\/%77%70%2d%63%6f%6e%74%65%6e%74\/uploads\/2021\/01\/circulo.png","contentUrl":"https:\/\/informelitoral.com.ar\/%77%70%2d%63%6f%6e%74%65%6e%74\/uploads\/2021\/01\/circulo.png","width":723,"height":731,"caption":"Informe Litoral"},"image":{"@id":"https:\/\/informelitoral.com.ar\/#\/schema\/logo\/image\/"},"sameAs":["https:\/\/www.facebook.com\/informelitoral\/","https:\/\/x.com\/InformeLitoral","https:\/\/www.instagram.com\/informelitoral\/","https:\/\/www.youtube.com\/channel\/UCua4Qvz8Icb6MYqhoq9xLXw"]},{"@type":"Person","@id":"https:\/\/informelitoral.com.ar\/#\/schema\/person\/b9d00407c836482871ef1d57bf8e3180","name":"Gonzalo Schmidt","image":{"@type":"ImageObject","inLanguage":"es","@id":"https:\/\/secure.gravatar.com\/avatar\/31a1a7b66ff2de83bd0e9fd79d026630d2d99e55e8bfe501287647b4fd9743de?s=96&d=mm&r=g","url":"https:\/\/secure.gravatar.com\/avatar\/31a1a7b66ff2de83bd0e9fd79d026630d2d99e55e8bfe501287647b4fd9743de?s=96&d=mm&r=g","contentUrl":"https:\/\/secure.gravatar.com\/avatar\/31a1a7b66ff2de83bd0e9fd79d026630d2d99e55e8bfe501287647b4fd9743de?s=96&d=mm&r=g","caption":"Gonzalo Schmidt"},"description":"Sitio web de noticias de la provincia de Entre R\u00edos, Argentina. Informaci\u00f3n y entretenimiento. Informe Litoral, nos informamos.","sameAs":["http:\/\/www.isletasnoticias.com.ar"],"url":"https:\/\/informelitoral.com.ar\/author\/gonzalo\/"}]}},"_links":{"self":[{"href":"https:\/\/informelitoral.com.ar\/%77%70%2d%6a%73%6f%6e\/wp\/v2\/posts\/59434","targetHints":{"allow":["GET"]}}],"collection":[{"href":"https:\/\/informelitoral.com.ar\/%77%70%2d%6a%73%6f%6e\/wp\/v2\/posts"}],"about":[{"href":"https:\/\/informelitoral.com.ar\/%77%70%2d%6a%73%6f%6e\/wp\/v2\/types\/post"}],"author":[{"embeddable":true,"href":"https:\/\/informelitoral.com.ar\/%77%70%2d%6a%73%6f%6e\/wp\/v2\/users\/2"}],"replies":[{"embeddable":true,"href":"https:\/\/informelitoral.com.ar\/%77%70%2d%6a%73%6f%6e\/wp\/v2\/comments?post=59434"}],"version-history":[{"count":0,"href":"https:\/\/informelitoral.com.ar\/%77%70%2d%6a%73%6f%6e\/wp\/v2\/posts\/59434\/revisions"}],"wp:featuredmedia":[{"embeddable":true,"href":"https:\/\/informelitoral.com.ar\/%77%70%2d%6a%73%6f%6e\/wp\/v2\/media\/59436"}],"wp:attachment":[{"href":"https:\/\/informelitoral.com.ar\/%77%70%2d%6a%73%6f%6e\/wp\/v2\/media?parent=59434"}],"wp:term":[{"taxonomy":"category","embeddable":true,"href":"https:\/\/informelitoral.com.ar\/%77%70%2d%6a%73%6f%6e\/wp\/v2\/categories?post=59434"},{"taxonomy":"post_tag","embeddable":true,"href":"https:\/\/informelitoral.com.ar\/%77%70%2d%6a%73%6f%6e\/wp\/v2\/tags?post=59434"}],"curies":[{"name":"wp","href":"https:\/\/api.w.org\/{rel}","templated":true}]}}