{"id":59323,"date":"2021-04-27T08:28:58","date_gmt":"2021-04-27T11:28:58","guid":{"rendered":"https:\/\/www.informelitoral.com.ar\/?p=59323"},"modified":"2021-04-27T08:28:58","modified_gmt":"2021-04-27T11:28:58","slug":"antes-de-las-nuevas-medidas-para-exportar-carne-en-marzo-crecio-el-volumen-despachado","status":"publish","type":"post","link":"https:\/\/informelitoral.com.ar\/antes-de-las-nuevas-medidas-para-exportar-carne-en-marzo-crecio-el-volumen-despachado\/","title":{"rendered":"Antes de las nuevas medidas para exportar carne, en marzo creci\u00f3 el volumen despachado"},"content":{"rendered":"<p>Cerr\u00f3 un buen marzo para la exportaci\u00f3n de\u00a0carne bovina\u00a0argentina. Nuevos datos confirman la tendencia de los \u00faltimos a\u00f1os y demuestran la solidez del agronegocio.<\/p>\n<p>De acuerdo a un\u00a0informe\u00a0elaborado por el \u00e1rea de estad\u00edstica y econom\u00eda del Instituto de la Promoci\u00f3n de la\u00a0Carne\u00a0Vacuna Argentina (IPCVA), las\u00a0exportaciones\u00a0de carne bovina nacionales correspondientes al\u00a0<strong>tercer mes del 2021 alcanzaron un valor de aproximadamente 225,8 millones de d\u00f3lares<\/strong>, resultando un 8,3% superiores a los 208,4 millones de d\u00f3lares obtenidos en marzo de 2020.<\/p>\n<p>El precio promedio fue un 12,2% inferior al observado a lo largo del tercer mes del a\u00f1o 2020 aunque un 4,3% superior al de febrero del corriente a\u00f1o, con lo cual este marzo el factor de compensaci\u00f3n fue el volumen despachado.<\/p>\n<p>En este sentido y seg\u00fan los datos, los embarques de cortes enfriados, congelados, y carne procesada correspondientes al mes de marzo de 2021 totalizaron\u00a0<strong>52.433 toneladas peso producto<\/strong>.<\/p>\n<p>En referencia a los destinos, la Rep\u00fablica Popular\u00a0<strong>China<\/strong>\u00a0result\u00f3 el principal puerto en volumen para la carne vacuna argentina durante los primeros tres meses del a\u00f1o 2021 con aproximadamente 109.300 toneladas, seguido por\u00a0<strong>Israel<\/strong>, 11.100 toneladas, y luego por\u00a0<strong>Chile<\/strong>, 8.300 toneladas.<\/p>\n<p>Revisando las toneladas exportados en el \u00faltimo a\u00f1o, una estad\u00edstica que sigue el IPCVA, se mantiene que un volumen despachado por encima de las 900.000 toneladas, precisamente, desde abril de 2020 a marzo de 2021, fueron 933.000 toneladas.<\/p>\n","protected":false},"excerpt":{"rendered":"<p>Con una mejora de los precios, respecto al mes de febrero, el tercer mes de a\u00f1o represent\u00f3 ingresos por despachos 225,8 millones de d\u00f3lares. China, el principal destino.<\/p>\n","protected":false},"author":2,"featured_media":59324,"comment_status":"open","ping_status":"open","sticky":false,"template":"","format":"standard","meta":{"fifu_image_url":"","fifu_image_alt":"","footnotes":""},"categories":[10],"tags":[71,389,487,83,1061],"class_list":{"0":"post-59323","1":"post","2":"type-post","3":"status-publish","4":"format-standard","5":"has-post-thumbnail","7":"category-campo","8":"tag-campo","9":"tag-carne","10":"tag-china","11":"tag-exportaciones","12":"tag-frigorificos"},"yoast_head":"<title>Antes de las nuevas medidas para exportar carne, en marzo creci\u00f3 el volumen despachado - Informe Litoral<\/title>\n<meta name=\"robots\" content=\"index, follow, max-snippet:-1, max-image-preview:large, max-video-preview:-1\" \/>\n<link rel=\"canonical\" href=\"https:\/\/informelitoral.com.ar\/antes-de-las-nuevas-medidas-para-exportar-carne-en-marzo-crecio-el-volumen-despachado\/\" \/>\n<meta property=\"og:locale\" content=\"es_ES\" \/>\n<meta property=\"og:type\" content=\"article\" \/>\n<meta property=\"og:title\" content=\"Antes de las nuevas medidas para exportar carne, en marzo creci\u00f3 el volumen despachado - Informe Litoral\" \/>\n<meta property=\"og:description\" content=\"Con una mejora de los precios, respecto al mes de febrero, el tercer mes de a\u00f1o represent\u00f3 ingresos por despachos 225,8 millones de d\u00f3lares. China, el principal destino.\" \/>\n<meta property=\"og:url\" content=\"https:\/\/informelitoral.com.ar\/antes-de-las-nuevas-medidas-para-exportar-carne-en-marzo-crecio-el-volumen-despachado\/\" \/>\n<meta property=\"og:site_name\" content=\"Informe Litoral\" \/>\n<meta property=\"article:publisher\" content=\"https:\/\/www.facebook.com\/informelitoral\/\" \/>\n<meta property=\"article:published_time\" content=\"2021-04-27T11:28:58+00:00\" \/>\n<meta property=\"og:image\" content=\"https:\/\/informelitoral.com.ar\/%77%70%2d%63%6f%6e%74%65%6e%74\/uploads\/2021\/04\/ganaderia-frigorifico.jpg\" \/>\n\t<meta property=\"og:image:width\" content=\"1000\" \/>\n\t<meta property=\"og:image:height\" content=\"570\" \/>\n\t<meta property=\"og:image:type\" content=\"image\/jpeg\" \/>\n<meta name=\"author\" content=\"Gonzalo Schmidt\" \/>\n<meta name=\"twitter:card\" content=\"summary_large_image\" \/>\n<meta name=\"twitter:creator\" content=\"@InformeLitoral\" \/>\n<meta name=\"twitter:site\" content=\"@InformeLitoral\" \/>\n<meta name=\"twitter:label1\" content=\"Escrito por\" \/>\n\t<meta name=\"twitter:data1\" content=\"Gonzalo Schmidt\" \/>\n\t<meta name=\"twitter:label2\" content=\"Tiempo de lectura\" \/>\n\t<meta name=\"twitter:data2\" content=\"1 minuto\" \/>\n<script type=\"application\/ld+json\" class=\"yoast-schema-graph\">{\"@context\":\"https:\\\/\\\/schema.org\",\"@graph\":[{\"@type\":\"Article\",\"@id\":\"https:\\\/\\\/informelitoral.com.ar\\\/antes-de-las-nuevas-medidas-para-exportar-carne-en-marzo-crecio-el-volumen-despachado\\\/#article\",\"isPartOf\":{\"@id\":\"https:\\\/\\\/informelitoral.com.ar\\\/antes-de-las-nuevas-medidas-para-exportar-carne-en-marzo-crecio-el-volumen-despachado\\\/\"},\"author\":{\"name\":\"Gonzalo Schmidt\",\"@id\":\"https:\\\/\\\/informelitoral.com.ar\\\/#\\\/schema\\\/person\\\/b9d00407c836482871ef1d57bf8e3180\"},\"headline\":\"Antes de las nuevas medidas para exportar carne, en marzo creci\u00f3 el volumen despachado\",\"datePublished\":\"2021-04-27T11:28:58+00:00\",\"mainEntityOfPage\":{\"@id\":\"https:\\\/\\\/informelitoral.com.ar\\\/antes-de-las-nuevas-medidas-para-exportar-carne-en-marzo-crecio-el-volumen-despachado\\\/\"},\"wordCount\":247,\"commentCount\":0,\"publisher\":{\"@id\":\"https:\\\/\\\/informelitoral.com.ar\\\/#organization\"},\"image\":{\"@id\":\"https:\\\/\\\/informelitoral.com.ar\\\/antes-de-las-nuevas-medidas-para-exportar-carne-en-marzo-crecio-el-volumen-despachado\\\/#primaryimage\"},\"thumbnailUrl\":\"https:\\\/\\\/informelitoral.com.ar\\\/%77%70%2d%63%6f%6e%74%65%6e%74\\\/uploads\\\/2021\\\/04\\\/ganaderia-frigorifico.jpg\",\"keywords\":[\"Campo\",\"Carne\",\"China\",\"Exportaciones\",\"Frigor\u00edficos\"],\"articleSection\":[\"Campo\"],\"inLanguage\":\"es\",\"potentialAction\":[{\"@type\":\"CommentAction\",\"name\":\"Comment\",\"target\":[\"https:\\\/\\\/informelitoral.com.ar\\\/antes-de-las-nuevas-medidas-para-exportar-carne-en-marzo-crecio-el-volumen-despachado\\\/#respond\"]}]},{\"@type\":\"WebPage\",\"@id\":\"https:\\\/\\\/informelitoral.com.ar\\\/antes-de-las-nuevas-medidas-para-exportar-carne-en-marzo-crecio-el-volumen-despachado\\\/\",\"url\":\"https:\\\/\\\/informelitoral.com.ar\\\/antes-de-las-nuevas-medidas-para-exportar-carne-en-marzo-crecio-el-volumen-despachado\\\/\",\"name\":\"Antes de las nuevas medidas para exportar carne, en marzo creci\u00f3 el volumen despachado - Informe Litoral\",\"isPartOf\":{\"@id\":\"https:\\\/\\\/informelitoral.com.ar\\\/#website\"},\"primaryImageOfPage\":{\"@id\":\"https:\\\/\\\/informelitoral.com.ar\\\/antes-de-las-nuevas-medidas-para-exportar-carne-en-marzo-crecio-el-volumen-despachado\\\/#primaryimage\"},\"image\":{\"@id\":\"https:\\\/\\\/informelitoral.com.ar\\\/antes-de-las-nuevas-medidas-para-exportar-carne-en-marzo-crecio-el-volumen-despachado\\\/#primaryimage\"},\"thumbnailUrl\":\"https:\\\/\\\/informelitoral.com.ar\\\/%77%70%2d%63%6f%6e%74%65%6e%74\\\/uploads\\\/2021\\\/04\\\/ganaderia-frigorifico.jpg\",\"datePublished\":\"2021-04-27T11:28:58+00:00\",\"breadcrumb\":{\"@id\":\"https:\\\/\\\/informelitoral.com.ar\\\/antes-de-las-nuevas-medidas-para-exportar-carne-en-marzo-crecio-el-volumen-despachado\\\/#breadcrumb\"},\"inLanguage\":\"es\",\"potentialAction\":[{\"@type\":\"ReadAction\",\"target\":[\"https:\\\/\\\/informelitoral.com.ar\\\/antes-de-las-nuevas-medidas-para-exportar-carne-en-marzo-crecio-el-volumen-despachado\\\/\"]}]},{\"@type\":\"ImageObject\",\"inLanguage\":\"es\",\"@id\":\"https:\\\/\\\/informelitoral.com.ar\\\/antes-de-las-nuevas-medidas-para-exportar-carne-en-marzo-crecio-el-volumen-despachado\\\/#primaryimage\",\"url\":\"https:\\\/\\\/informelitoral.com.ar\\\/%77%70%2d%63%6f%6e%74%65%6e%74\\\/uploads\\\/2021\\\/04\\\/ganaderia-frigorifico.jpg\",\"contentUrl\":\"https:\\\/\\\/informelitoral.com.ar\\\/%77%70%2d%63%6f%6e%74%65%6e%74\\\/uploads\\\/2021\\\/04\\\/ganaderia-frigorifico.jpg\",\"width\":1000,\"height\":570},{\"@type\":\"BreadcrumbList\",\"@id\":\"https:\\\/\\\/informelitoral.com.ar\\\/antes-de-las-nuevas-medidas-para-exportar-carne-en-marzo-crecio-el-volumen-despachado\\\/#breadcrumb\",\"itemListElement\":[{\"@type\":\"ListItem\",\"position\":1,\"name\":\"Portada\",\"item\":\"https:\\\/\\\/informelitoral.com.ar\\\/\"},{\"@type\":\"ListItem\",\"position\":2,\"name\":\"Antes de las nuevas medidas para exportar carne, en marzo creci\u00f3 el volumen despachado\"}]},{\"@type\":\"WebSite\",\"@id\":\"https:\\\/\\\/informelitoral.com.ar\\\/#website\",\"url\":\"https:\\\/\\\/informelitoral.com.ar\\\/\",\"name\":\"Informe Litoral\",\"description\":\"&quot;Nos informamos&quot; \",\"publisher\":{\"@id\":\"https:\\\/\\\/informelitoral.com.ar\\\/#organization\"},\"potentialAction\":[{\"@type\":\"SearchAction\",\"target\":{\"@type\":\"EntryPoint\",\"urlTemplate\":\"https:\\\/\\\/informelitoral.com.ar\\\/?s={search_term_string}\"},\"query-input\":{\"@type\":\"PropertyValueSpecification\",\"valueRequired\":true,\"valueName\":\"search_term_string\"}}],\"inLanguage\":\"es\"},{\"@type\":\"Organization\",\"@id\":\"https:\\\/\\\/informelitoral.com.ar\\\/#organization\",\"name\":\"Informe Litoral\",\"url\":\"https:\\\/\\\/informelitoral.com.ar\\\/\",\"logo\":{\"@type\":\"ImageObject\",\"inLanguage\":\"es\",\"@id\":\"https:\\\/\\\/informelitoral.com.ar\\\/#\\\/schema\\\/logo\\\/image\\\/\",\"url\":\"https:\\\/\\\/informelitoral.com.ar\\\/%77%70%2d%63%6f%6e%74%65%6e%74\\\/uploads\\\/2021\\\/01\\\/circulo.png\",\"contentUrl\":\"https:\\\/\\\/informelitoral.com.ar\\\/%77%70%2d%63%6f%6e%74%65%6e%74\\\/uploads\\\/2021\\\/01\\\/circulo.png\",\"width\":723,\"height\":731,\"caption\":\"Informe Litoral\"},\"image\":{\"@id\":\"https:\\\/\\\/informelitoral.com.ar\\\/#\\\/schema\\\/logo\\\/image\\\/\"},\"sameAs\":[\"https:\\\/\\\/www.facebook.com\\\/informelitoral\\\/\",\"https:\\\/\\\/x.com\\\/InformeLitoral\",\"https:\\\/\\\/www.instagram.com\\\/informelitoral\\\/\",\"https:\\\/\\\/www.youtube.com\\\/channel\\\/UCua4Qvz8Icb6MYqhoq9xLXw\"]},{\"@type\":\"Person\",\"@id\":\"https:\\\/\\\/informelitoral.com.ar\\\/#\\\/schema\\\/person\\\/b9d00407c836482871ef1d57bf8e3180\",\"name\":\"Gonzalo Schmidt\",\"image\":{\"@type\":\"ImageObject\",\"inLanguage\":\"es\",\"@id\":\"https:\\\/\\\/secure.gravatar.com\\\/avatar\\\/31a1a7b66ff2de83bd0e9fd79d026630d2d99e55e8bfe501287647b4fd9743de?s=96&d=mm&r=g\",\"url\":\"https:\\\/\\\/secure.gravatar.com\\\/avatar\\\/31a1a7b66ff2de83bd0e9fd79d026630d2d99e55e8bfe501287647b4fd9743de?s=96&d=mm&r=g\",\"contentUrl\":\"https:\\\/\\\/secure.gravatar.com\\\/avatar\\\/31a1a7b66ff2de83bd0e9fd79d026630d2d99e55e8bfe501287647b4fd9743de?s=96&d=mm&r=g\",\"caption\":\"Gonzalo Schmidt\"},\"description\":\"Sitio web de noticias de la provincia de Entre R\u00edos, Argentina. Informaci\u00f3n y entretenimiento. Informe Litoral, nos informamos.\",\"sameAs\":[\"http:\\\/\\\/www.isletasnoticias.com.ar\"],\"url\":\"https:\\\/\\\/informelitoral.com.ar\\\/author\\\/gonzalo\\\/\"}]}<\/script>","yoast_head_json":{"title":"Antes de las nuevas medidas para exportar carne, en marzo creci\u00f3 el volumen despachado - Informe Litoral","robots":{"index":"index","follow":"follow","max-snippet":"max-snippet:-1","max-image-preview":"max-image-preview:large","max-video-preview":"max-video-preview:-1"},"canonical":"https:\/\/informelitoral.com.ar\/antes-de-las-nuevas-medidas-para-exportar-carne-en-marzo-crecio-el-volumen-despachado\/","og_locale":"es_ES","og_type":"article","og_title":"Antes de las nuevas medidas para exportar carne, en marzo creci\u00f3 el volumen despachado - Informe Litoral","og_description":"Con una mejora de los precios, respecto al mes de febrero, el tercer mes de a\u00f1o represent\u00f3 ingresos por despachos 225,8 millones de d\u00f3lares. China, el principal destino.","og_url":"https:\/\/informelitoral.com.ar\/antes-de-las-nuevas-medidas-para-exportar-carne-en-marzo-crecio-el-volumen-despachado\/","og_site_name":"Informe Litoral","article_publisher":"https:\/\/www.facebook.com\/informelitoral\/","article_published_time":"2021-04-27T11:28:58+00:00","og_image":[{"width":1000,"height":570,"url":"https:\/\/informelitoral.com.ar\/%77%70%2d%63%6f%6e%74%65%6e%74\/uploads\/2021\/04\/ganaderia-frigorifico.jpg","type":"image\/jpeg"}],"author":"Gonzalo Schmidt","twitter_card":"summary_large_image","twitter_creator":"@InformeLitoral","twitter_site":"@InformeLitoral","twitter_misc":{"Escrito por":"Gonzalo Schmidt","Tiempo de lectura":"1 minuto"},"schema":{"@context":"https:\/\/schema.org","@graph":[{"@type":"Article","@id":"https:\/\/informelitoral.com.ar\/antes-de-las-nuevas-medidas-para-exportar-carne-en-marzo-crecio-el-volumen-despachado\/#article","isPartOf":{"@id":"https:\/\/informelitoral.com.ar\/antes-de-las-nuevas-medidas-para-exportar-carne-en-marzo-crecio-el-volumen-despachado\/"},"author":{"name":"Gonzalo Schmidt","@id":"https:\/\/informelitoral.com.ar\/#\/schema\/person\/b9d00407c836482871ef1d57bf8e3180"},"headline":"Antes de las nuevas medidas para exportar carne, en marzo creci\u00f3 el volumen despachado","datePublished":"2021-04-27T11:28:58+00:00","mainEntityOfPage":{"@id":"https:\/\/informelitoral.com.ar\/antes-de-las-nuevas-medidas-para-exportar-carne-en-marzo-crecio-el-volumen-despachado\/"},"wordCount":247,"commentCount":0,"publisher":{"@id":"https:\/\/informelitoral.com.ar\/#organization"},"image":{"@id":"https:\/\/informelitoral.com.ar\/antes-de-las-nuevas-medidas-para-exportar-carne-en-marzo-crecio-el-volumen-despachado\/#primaryimage"},"thumbnailUrl":"https:\/\/informelitoral.com.ar\/%77%70%2d%63%6f%6e%74%65%6e%74\/uploads\/2021\/04\/ganaderia-frigorifico.jpg","keywords":["Campo","Carne","China","Exportaciones","Frigor\u00edficos"],"articleSection":["Campo"],"inLanguage":"es","potentialAction":[{"@type":"CommentAction","name":"Comment","target":["https:\/\/informelitoral.com.ar\/antes-de-las-nuevas-medidas-para-exportar-carne-en-marzo-crecio-el-volumen-despachado\/#respond"]}]},{"@type":"WebPage","@id":"https:\/\/informelitoral.com.ar\/antes-de-las-nuevas-medidas-para-exportar-carne-en-marzo-crecio-el-volumen-despachado\/","url":"https:\/\/informelitoral.com.ar\/antes-de-las-nuevas-medidas-para-exportar-carne-en-marzo-crecio-el-volumen-despachado\/","name":"Antes de las nuevas medidas para exportar carne, en marzo creci\u00f3 el volumen despachado - Informe Litoral","isPartOf":{"@id":"https:\/\/informelitoral.com.ar\/#website"},"primaryImageOfPage":{"@id":"https:\/\/informelitoral.com.ar\/antes-de-las-nuevas-medidas-para-exportar-carne-en-marzo-crecio-el-volumen-despachado\/#primaryimage"},"image":{"@id":"https:\/\/informelitoral.com.ar\/antes-de-las-nuevas-medidas-para-exportar-carne-en-marzo-crecio-el-volumen-despachado\/#primaryimage"},"thumbnailUrl":"https:\/\/informelitoral.com.ar\/%77%70%2d%63%6f%6e%74%65%6e%74\/uploads\/2021\/04\/ganaderia-frigorifico.jpg","datePublished":"2021-04-27T11:28:58+00:00","breadcrumb":{"@id":"https:\/\/informelitoral.com.ar\/antes-de-las-nuevas-medidas-para-exportar-carne-en-marzo-crecio-el-volumen-despachado\/#breadcrumb"},"inLanguage":"es","potentialAction":[{"@type":"ReadAction","target":["https:\/\/informelitoral.com.ar\/antes-de-las-nuevas-medidas-para-exportar-carne-en-marzo-crecio-el-volumen-despachado\/"]}]},{"@type":"ImageObject","inLanguage":"es","@id":"https:\/\/informelitoral.com.ar\/antes-de-las-nuevas-medidas-para-exportar-carne-en-marzo-crecio-el-volumen-despachado\/#primaryimage","url":"https:\/\/informelitoral.com.ar\/%77%70%2d%63%6f%6e%74%65%6e%74\/uploads\/2021\/04\/ganaderia-frigorifico.jpg","contentUrl":"https:\/\/informelitoral.com.ar\/%77%70%2d%63%6f%6e%74%65%6e%74\/uploads\/2021\/04\/ganaderia-frigorifico.jpg","width":1000,"height":570},{"@type":"BreadcrumbList","@id":"https:\/\/informelitoral.com.ar\/antes-de-las-nuevas-medidas-para-exportar-carne-en-marzo-crecio-el-volumen-despachado\/#breadcrumb","itemListElement":[{"@type":"ListItem","position":1,"name":"Portada","item":"https:\/\/informelitoral.com.ar\/"},{"@type":"ListItem","position":2,"name":"Antes de las nuevas medidas para exportar carne, en marzo creci\u00f3 el volumen despachado"}]},{"@type":"WebSite","@id":"https:\/\/informelitoral.com.ar\/#website","url":"https:\/\/informelitoral.com.ar\/","name":"Informe Litoral","description":"&quot;Nos informamos&quot; ","publisher":{"@id":"https:\/\/informelitoral.com.ar\/#organization"},"potentialAction":[{"@type":"SearchAction","target":{"@type":"EntryPoint","urlTemplate":"https:\/\/informelitoral.com.ar\/?s={search_term_string}"},"query-input":{"@type":"PropertyValueSpecification","valueRequired":true,"valueName":"search_term_string"}}],"inLanguage":"es"},{"@type":"Organization","@id":"https:\/\/informelitoral.com.ar\/#organization","name":"Informe Litoral","url":"https:\/\/informelitoral.com.ar\/","logo":{"@type":"ImageObject","inLanguage":"es","@id":"https:\/\/informelitoral.com.ar\/#\/schema\/logo\/image\/","url":"https:\/\/informelitoral.com.ar\/%77%70%2d%63%6f%6e%74%65%6e%74\/uploads\/2021\/01\/circulo.png","contentUrl":"https:\/\/informelitoral.com.ar\/%77%70%2d%63%6f%6e%74%65%6e%74\/uploads\/2021\/01\/circulo.png","width":723,"height":731,"caption":"Informe Litoral"},"image":{"@id":"https:\/\/informelitoral.com.ar\/#\/schema\/logo\/image\/"},"sameAs":["https:\/\/www.facebook.com\/informelitoral\/","https:\/\/x.com\/InformeLitoral","https:\/\/www.instagram.com\/informelitoral\/","https:\/\/www.youtube.com\/channel\/UCua4Qvz8Icb6MYqhoq9xLXw"]},{"@type":"Person","@id":"https:\/\/informelitoral.com.ar\/#\/schema\/person\/b9d00407c836482871ef1d57bf8e3180","name":"Gonzalo Schmidt","image":{"@type":"ImageObject","inLanguage":"es","@id":"https:\/\/secure.gravatar.com\/avatar\/31a1a7b66ff2de83bd0e9fd79d026630d2d99e55e8bfe501287647b4fd9743de?s=96&d=mm&r=g","url":"https:\/\/secure.gravatar.com\/avatar\/31a1a7b66ff2de83bd0e9fd79d026630d2d99e55e8bfe501287647b4fd9743de?s=96&d=mm&r=g","contentUrl":"https:\/\/secure.gravatar.com\/avatar\/31a1a7b66ff2de83bd0e9fd79d026630d2d99e55e8bfe501287647b4fd9743de?s=96&d=mm&r=g","caption":"Gonzalo Schmidt"},"description":"Sitio web de noticias de la provincia de Entre R\u00edos, Argentina. Informaci\u00f3n y entretenimiento. Informe Litoral, nos informamos.","sameAs":["http:\/\/www.isletasnoticias.com.ar"],"url":"https:\/\/informelitoral.com.ar\/author\/gonzalo\/"}]}},"_links":{"self":[{"href":"https:\/\/informelitoral.com.ar\/%77%70%2d%6a%73%6f%6e\/wp\/v2\/posts\/59323","targetHints":{"allow":["GET"]}}],"collection":[{"href":"https:\/\/informelitoral.com.ar\/%77%70%2d%6a%73%6f%6e\/wp\/v2\/posts"}],"about":[{"href":"https:\/\/informelitoral.com.ar\/%77%70%2d%6a%73%6f%6e\/wp\/v2\/types\/post"}],"author":[{"embeddable":true,"href":"https:\/\/informelitoral.com.ar\/%77%70%2d%6a%73%6f%6e\/wp\/v2\/users\/2"}],"replies":[{"embeddable":true,"href":"https:\/\/informelitoral.com.ar\/%77%70%2d%6a%73%6f%6e\/wp\/v2\/comments?post=59323"}],"version-history":[{"count":0,"href":"https:\/\/informelitoral.com.ar\/%77%70%2d%6a%73%6f%6e\/wp\/v2\/posts\/59323\/revisions"}],"wp:featuredmedia":[{"embeddable":true,"href":"https:\/\/informelitoral.com.ar\/%77%70%2d%6a%73%6f%6e\/wp\/v2\/media\/59324"}],"wp:attachment":[{"href":"https:\/\/informelitoral.com.ar\/%77%70%2d%6a%73%6f%6e\/wp\/v2\/media?parent=59323"}],"wp:term":[{"taxonomy":"category","embeddable":true,"href":"https:\/\/informelitoral.com.ar\/%77%70%2d%6a%73%6f%6e\/wp\/v2\/categories?post=59323"},{"taxonomy":"post_tag","embeddable":true,"href":"https:\/\/informelitoral.com.ar\/%77%70%2d%6a%73%6f%6e\/wp\/v2\/tags?post=59323"}],"curies":[{"name":"wp","href":"https:\/\/api.w.org\/{rel}","templated":true}]}}