{"id":59280,"date":"2021-04-26T08:20:26","date_gmt":"2021-04-26T11:20:26","guid":{"rendered":"https:\/\/www.informelitoral.com.ar\/?p=59280"},"modified":"2021-04-26T08:20:26","modified_gmt":"2021-04-26T11:20:26","slug":"argentina-ya-tiene-casi-el-100-del-saldo-exportable-de-trigo-cubierto","status":"publish","type":"post","link":"https:\/\/informelitoral.com.ar\/argentina-ya-tiene-casi-el-100-del-saldo-exportable-de-trigo-cubierto\/","title":{"rendered":"Argentina ya tiene casi el 100% del saldo exportable de trigo cubierto"},"content":{"rendered":"<p>La\u00a0<strong>suba de los\u00a0precios\u00a0internacionales<\/strong>\u00a0gener\u00f3 que desde el inicio de la campa\u00f1a comercial del\u00a0trigo las compras por parte de los exportadores se aceleraran, y si bien la moliner\u00eda manten\u00eda compras relativamente bajas, en marzo repunt\u00f3 la demanda.<\/p>\n<p>Pero ese contexto que detalla la Bolsa de Comercio de Rosario no significa gran cosa, pero s\u00ed lo es saber que\u00a0<strong>casi el 100% del\u00a0saldo exportable\u00a0del cereal de nuestro pa\u00eds ya est\u00e1 cubierto.<\/strong><\/p>\n<p>Seg\u00fan el informe elaborado por los especialistas Tom\u00e1s Rodr\u00edguez Zurro, Guido D\u2019Angelo y Emilce Terr\u00e9, en lo que respecta a las Declaraciones Juradas de Venta al Exterior (DJVE) de la actual campa\u00f1a 2020\/21, al finalizar la semana pasada hab\u00eda cerca de\u00a0<strong>9,3 millones de toneladas ya declaradas,<\/strong>\u00a0pero \u201c<strong>esta semana se sumaron cerca de 0,53 Mtn al 21\/04, por lo que se estar\u00eda llegando ya a m\u00e1s del 98% del saldo exportable<\/strong>\u00a0cubierto para la campa\u00f1a actual\u201d.<\/p>\n<p>El saldo exportable de trigo de la Argentina para esta campa\u00f1a est\u00e1 estimado en\u00a0<strong>10 millones de toneladas, dejando los otros 6,8 Mtn<\/strong>\u00a0(seg\u00fan estimaciones de la Bolsa de Cereales de Buenos Aires)\u00a0<strong>para el consumo dom\u00e9stico<\/strong>, es decir, para que procese el sector de la moliner\u00eda argentina.<\/p>\n<p>Considerando que\u00a0<strong>estamos a 5 o 6 meses para que entre la nueva cosecha de trigo de la Argentina<\/strong>, dependiendo de cada planteo agr\u00edcola, nuestro pa\u00eds se quedar\u00eda por casi medio a\u00f1o sin stock disponible para exportar el cereal.<\/p>\n<p>Si a esto le sumamos el historial de principio de a\u00f1o, donde el Ministerio de Agricultura,\u00a0Ganader\u00eda\u00a0y Pesca de la Naci\u00f3n cerr\u00f3 de forma temporal las\u00a0exportaciones\u00a0de ma\u00edz de nuestro pa\u00eds por considerar que \u201cel saldo exportable era bajo\u201d,<strong>\u00a0la amenaza de una intervenci\u00f3n en el mercado de trigo no deber\u00eda ser una sorpresa.<\/strong><\/p>\n","protected":false},"excerpt":{"rendered":"<p>La suba de los precios internacionales impuls\u00f3 las ventas del cereal y la moliner\u00eda reactiv\u00f3 sus compras, pero falta medio a\u00f1o para que ingrese el nuevo trigo.<\/p>\n","protected":false},"author":2,"featured_media":53017,"comment_status":"open","ping_status":"open","sticky":false,"template":"","format":"standard","meta":{"fifu_image_url":"","fifu_image_alt":"","footnotes":""},"categories":[10],"tags":[71,83,120,339],"class_list":{"0":"post-59280","1":"post","2":"type-post","3":"status-publish","4":"format-standard","5":"has-post-thumbnail","7":"category-campo","8":"tag-campo","9":"tag-exportaciones","10":"tag-produccion","11":"tag-trigo"},"yoast_head":"<title>Argentina ya tiene casi el 100% del saldo exportable de trigo cubierto - Informe Litoral<\/title>\n<meta name=\"robots\" content=\"index, follow, max-snippet:-1, max-image-preview:large, max-video-preview:-1\" \/>\n<link rel=\"canonical\" href=\"https:\/\/informelitoral.com.ar\/argentina-ya-tiene-casi-el-100-del-saldo-exportable-de-trigo-cubierto\/\" \/>\n<meta property=\"og:locale\" content=\"es_ES\" \/>\n<meta property=\"og:type\" content=\"article\" \/>\n<meta property=\"og:title\" content=\"Argentina ya tiene casi el 100% del saldo exportable de trigo cubierto - Informe Litoral\" \/>\n<meta property=\"og:description\" content=\"La suba de los precios internacionales impuls\u00f3 las ventas del cereal y la moliner\u00eda reactiv\u00f3 sus compras, pero falta medio a\u00f1o para que ingrese el nuevo trigo.\" \/>\n<meta property=\"og:url\" content=\"https:\/\/informelitoral.com.ar\/argentina-ya-tiene-casi-el-100-del-saldo-exportable-de-trigo-cubierto\/\" \/>\n<meta property=\"og:site_name\" content=\"Informe Litoral\" \/>\n<meta property=\"article:publisher\" content=\"https:\/\/www.facebook.com\/informelitoral\/\" \/>\n<meta property=\"article:published_time\" content=\"2021-04-26T11:20:26+00:00\" \/>\n<meta property=\"og:image\" content=\"https:\/\/informelitoral.com.ar\/%77%70%2d%63%6f%6e%74%65%6e%74\/uploads\/2020\/11\/sequia-trigo.jpg\" \/>\n\t<meta property=\"og:image:width\" content=\"777\" \/>\n\t<meta property=\"og:image:height\" content=\"437\" \/>\n\t<meta property=\"og:image:type\" content=\"image\/jpeg\" \/>\n<meta name=\"author\" content=\"Gonzalo Schmidt\" \/>\n<meta name=\"twitter:card\" content=\"summary_large_image\" \/>\n<meta name=\"twitter:creator\" content=\"@InformeLitoral\" \/>\n<meta name=\"twitter:site\" content=\"@InformeLitoral\" \/>\n<meta name=\"twitter:label1\" content=\"Escrito por\" \/>\n\t<meta name=\"twitter:data1\" content=\"Gonzalo Schmidt\" \/>\n\t<meta name=\"twitter:label2\" content=\"Tiempo de lectura\" \/>\n\t<meta name=\"twitter:data2\" content=\"2 minutos\" \/>\n<script type=\"application\/ld+json\" class=\"yoast-schema-graph\">{\"@context\":\"https:\\\/\\\/schema.org\",\"@graph\":[{\"@type\":\"Article\",\"@id\":\"https:\\\/\\\/informelitoral.com.ar\\\/argentina-ya-tiene-casi-el-100-del-saldo-exportable-de-trigo-cubierto\\\/#article\",\"isPartOf\":{\"@id\":\"https:\\\/\\\/informelitoral.com.ar\\\/argentina-ya-tiene-casi-el-100-del-saldo-exportable-de-trigo-cubierto\\\/\"},\"author\":{\"name\":\"Gonzalo Schmidt\",\"@id\":\"https:\\\/\\\/informelitoral.com.ar\\\/#\\\/schema\\\/person\\\/b9d00407c836482871ef1d57bf8e3180\"},\"headline\":\"Argentina ya tiene casi el 100% del saldo exportable de trigo cubierto\",\"datePublished\":\"2021-04-26T11:20:26+00:00\",\"mainEntityOfPage\":{\"@id\":\"https:\\\/\\\/informelitoral.com.ar\\\/argentina-ya-tiene-casi-el-100-del-saldo-exportable-de-trigo-cubierto\\\/\"},\"wordCount\":324,\"commentCount\":0,\"publisher\":{\"@id\":\"https:\\\/\\\/informelitoral.com.ar\\\/#organization\"},\"image\":{\"@id\":\"https:\\\/\\\/informelitoral.com.ar\\\/argentina-ya-tiene-casi-el-100-del-saldo-exportable-de-trigo-cubierto\\\/#primaryimage\"},\"thumbnailUrl\":\"https:\\\/\\\/informelitoral.com.ar\\\/%77%70%2d%63%6f%6e%74%65%6e%74\\\/uploads\\\/2020\\\/11\\\/sequia-trigo.jpg\",\"keywords\":[\"Campo\",\"Exportaciones\",\"Producci\u00f3n\",\"Trigo\"],\"articleSection\":[\"Campo\"],\"inLanguage\":\"es\",\"potentialAction\":[{\"@type\":\"CommentAction\",\"name\":\"Comment\",\"target\":[\"https:\\\/\\\/informelitoral.com.ar\\\/argentina-ya-tiene-casi-el-100-del-saldo-exportable-de-trigo-cubierto\\\/#respond\"]}]},{\"@type\":\"WebPage\",\"@id\":\"https:\\\/\\\/informelitoral.com.ar\\\/argentina-ya-tiene-casi-el-100-del-saldo-exportable-de-trigo-cubierto\\\/\",\"url\":\"https:\\\/\\\/informelitoral.com.ar\\\/argentina-ya-tiene-casi-el-100-del-saldo-exportable-de-trigo-cubierto\\\/\",\"name\":\"Argentina ya tiene casi el 100% del saldo exportable de trigo cubierto - Informe Litoral\",\"isPartOf\":{\"@id\":\"https:\\\/\\\/informelitoral.com.ar\\\/#website\"},\"primaryImageOfPage\":{\"@id\":\"https:\\\/\\\/informelitoral.com.ar\\\/argentina-ya-tiene-casi-el-100-del-saldo-exportable-de-trigo-cubierto\\\/#primaryimage\"},\"image\":{\"@id\":\"https:\\\/\\\/informelitoral.com.ar\\\/argentina-ya-tiene-casi-el-100-del-saldo-exportable-de-trigo-cubierto\\\/#primaryimage\"},\"thumbnailUrl\":\"https:\\\/\\\/informelitoral.com.ar\\\/%77%70%2d%63%6f%6e%74%65%6e%74\\\/uploads\\\/2020\\\/11\\\/sequia-trigo.jpg\",\"datePublished\":\"2021-04-26T11:20:26+00:00\",\"breadcrumb\":{\"@id\":\"https:\\\/\\\/informelitoral.com.ar\\\/argentina-ya-tiene-casi-el-100-del-saldo-exportable-de-trigo-cubierto\\\/#breadcrumb\"},\"inLanguage\":\"es\",\"potentialAction\":[{\"@type\":\"ReadAction\",\"target\":[\"https:\\\/\\\/informelitoral.com.ar\\\/argentina-ya-tiene-casi-el-100-del-saldo-exportable-de-trigo-cubierto\\\/\"]}]},{\"@type\":\"ImageObject\",\"inLanguage\":\"es\",\"@id\":\"https:\\\/\\\/informelitoral.com.ar\\\/argentina-ya-tiene-casi-el-100-del-saldo-exportable-de-trigo-cubierto\\\/#primaryimage\",\"url\":\"https:\\\/\\\/informelitoral.com.ar\\\/%77%70%2d%63%6f%6e%74%65%6e%74\\\/uploads\\\/2020\\\/11\\\/sequia-trigo.jpg\",\"contentUrl\":\"https:\\\/\\\/informelitoral.com.ar\\\/%77%70%2d%63%6f%6e%74%65%6e%74\\\/uploads\\\/2020\\\/11\\\/sequia-trigo.jpg\",\"width\":777,\"height\":437},{\"@type\":\"BreadcrumbList\",\"@id\":\"https:\\\/\\\/informelitoral.com.ar\\\/argentina-ya-tiene-casi-el-100-del-saldo-exportable-de-trigo-cubierto\\\/#breadcrumb\",\"itemListElement\":[{\"@type\":\"ListItem\",\"position\":1,\"name\":\"Portada\",\"item\":\"https:\\\/\\\/informelitoral.com.ar\\\/\"},{\"@type\":\"ListItem\",\"position\":2,\"name\":\"Argentina ya tiene casi el 100% del saldo exportable de trigo cubierto\"}]},{\"@type\":\"WebSite\",\"@id\":\"https:\\\/\\\/informelitoral.com.ar\\\/#website\",\"url\":\"https:\\\/\\\/informelitoral.com.ar\\\/\",\"name\":\"Informe Litoral\",\"description\":\"&quot;Nos informamos&quot; \",\"publisher\":{\"@id\":\"https:\\\/\\\/informelitoral.com.ar\\\/#organization\"},\"potentialAction\":[{\"@type\":\"SearchAction\",\"target\":{\"@type\":\"EntryPoint\",\"urlTemplate\":\"https:\\\/\\\/informelitoral.com.ar\\\/?s={search_term_string}\"},\"query-input\":{\"@type\":\"PropertyValueSpecification\",\"valueRequired\":true,\"valueName\":\"search_term_string\"}}],\"inLanguage\":\"es\"},{\"@type\":\"Organization\",\"@id\":\"https:\\\/\\\/informelitoral.com.ar\\\/#organization\",\"name\":\"Informe Litoral\",\"url\":\"https:\\\/\\\/informelitoral.com.ar\\\/\",\"logo\":{\"@type\":\"ImageObject\",\"inLanguage\":\"es\",\"@id\":\"https:\\\/\\\/informelitoral.com.ar\\\/#\\\/schema\\\/logo\\\/image\\\/\",\"url\":\"https:\\\/\\\/informelitoral.com.ar\\\/%77%70%2d%63%6f%6e%74%65%6e%74\\\/uploads\\\/2021\\\/01\\\/circulo.png\",\"contentUrl\":\"https:\\\/\\\/informelitoral.com.ar\\\/%77%70%2d%63%6f%6e%74%65%6e%74\\\/uploads\\\/2021\\\/01\\\/circulo.png\",\"width\":723,\"height\":731,\"caption\":\"Informe Litoral\"},\"image\":{\"@id\":\"https:\\\/\\\/informelitoral.com.ar\\\/#\\\/schema\\\/logo\\\/image\\\/\"},\"sameAs\":[\"https:\\\/\\\/www.facebook.com\\\/informelitoral\\\/\",\"https:\\\/\\\/x.com\\\/InformeLitoral\",\"https:\\\/\\\/www.instagram.com\\\/informelitoral\\\/\",\"https:\\\/\\\/www.youtube.com\\\/channel\\\/UCua4Qvz8Icb6MYqhoq9xLXw\"]},{\"@type\":\"Person\",\"@id\":\"https:\\\/\\\/informelitoral.com.ar\\\/#\\\/schema\\\/person\\\/b9d00407c836482871ef1d57bf8e3180\",\"name\":\"Gonzalo Schmidt\",\"image\":{\"@type\":\"ImageObject\",\"inLanguage\":\"es\",\"@id\":\"https:\\\/\\\/secure.gravatar.com\\\/avatar\\\/31a1a7b66ff2de83bd0e9fd79d026630d2d99e55e8bfe501287647b4fd9743de?s=96&d=mm&r=g\",\"url\":\"https:\\\/\\\/secure.gravatar.com\\\/avatar\\\/31a1a7b66ff2de83bd0e9fd79d026630d2d99e55e8bfe501287647b4fd9743de?s=96&d=mm&r=g\",\"contentUrl\":\"https:\\\/\\\/secure.gravatar.com\\\/avatar\\\/31a1a7b66ff2de83bd0e9fd79d026630d2d99e55e8bfe501287647b4fd9743de?s=96&d=mm&r=g\",\"caption\":\"Gonzalo Schmidt\"},\"description\":\"Sitio web de noticias de la provincia de Entre R\u00edos, Argentina. Informaci\u00f3n y entretenimiento. Informe Litoral, nos informamos.\",\"sameAs\":[\"http:\\\/\\\/www.isletasnoticias.com.ar\"],\"url\":\"https:\\\/\\\/informelitoral.com.ar\\\/author\\\/gonzalo\\\/\"}]}<\/script>","yoast_head_json":{"title":"Argentina ya tiene casi el 100% del saldo exportable de trigo cubierto - Informe Litoral","robots":{"index":"index","follow":"follow","max-snippet":"max-snippet:-1","max-image-preview":"max-image-preview:large","max-video-preview":"max-video-preview:-1"},"canonical":"https:\/\/informelitoral.com.ar\/argentina-ya-tiene-casi-el-100-del-saldo-exportable-de-trigo-cubierto\/","og_locale":"es_ES","og_type":"article","og_title":"Argentina ya tiene casi el 100% del saldo exportable de trigo cubierto - Informe Litoral","og_description":"La suba de los precios internacionales impuls\u00f3 las ventas del cereal y la moliner\u00eda reactiv\u00f3 sus compras, pero falta medio a\u00f1o para que ingrese el nuevo trigo.","og_url":"https:\/\/informelitoral.com.ar\/argentina-ya-tiene-casi-el-100-del-saldo-exportable-de-trigo-cubierto\/","og_site_name":"Informe Litoral","article_publisher":"https:\/\/www.facebook.com\/informelitoral\/","article_published_time":"2021-04-26T11:20:26+00:00","og_image":[{"width":777,"height":437,"url":"https:\/\/informelitoral.com.ar\/%77%70%2d%63%6f%6e%74%65%6e%74\/uploads\/2020\/11\/sequia-trigo.jpg","type":"image\/jpeg"}],"author":"Gonzalo Schmidt","twitter_card":"summary_large_image","twitter_creator":"@InformeLitoral","twitter_site":"@InformeLitoral","twitter_misc":{"Escrito por":"Gonzalo Schmidt","Tiempo de lectura":"2 minutos"},"schema":{"@context":"https:\/\/schema.org","@graph":[{"@type":"Article","@id":"https:\/\/informelitoral.com.ar\/argentina-ya-tiene-casi-el-100-del-saldo-exportable-de-trigo-cubierto\/#article","isPartOf":{"@id":"https:\/\/informelitoral.com.ar\/argentina-ya-tiene-casi-el-100-del-saldo-exportable-de-trigo-cubierto\/"},"author":{"name":"Gonzalo Schmidt","@id":"https:\/\/informelitoral.com.ar\/#\/schema\/person\/b9d00407c836482871ef1d57bf8e3180"},"headline":"Argentina ya tiene casi el 100% del saldo exportable de trigo cubierto","datePublished":"2021-04-26T11:20:26+00:00","mainEntityOfPage":{"@id":"https:\/\/informelitoral.com.ar\/argentina-ya-tiene-casi-el-100-del-saldo-exportable-de-trigo-cubierto\/"},"wordCount":324,"commentCount":0,"publisher":{"@id":"https:\/\/informelitoral.com.ar\/#organization"},"image":{"@id":"https:\/\/informelitoral.com.ar\/argentina-ya-tiene-casi-el-100-del-saldo-exportable-de-trigo-cubierto\/#primaryimage"},"thumbnailUrl":"https:\/\/informelitoral.com.ar\/%77%70%2d%63%6f%6e%74%65%6e%74\/uploads\/2020\/11\/sequia-trigo.jpg","keywords":["Campo","Exportaciones","Producci\u00f3n","Trigo"],"articleSection":["Campo"],"inLanguage":"es","potentialAction":[{"@type":"CommentAction","name":"Comment","target":["https:\/\/informelitoral.com.ar\/argentina-ya-tiene-casi-el-100-del-saldo-exportable-de-trigo-cubierto\/#respond"]}]},{"@type":"WebPage","@id":"https:\/\/informelitoral.com.ar\/argentina-ya-tiene-casi-el-100-del-saldo-exportable-de-trigo-cubierto\/","url":"https:\/\/informelitoral.com.ar\/argentina-ya-tiene-casi-el-100-del-saldo-exportable-de-trigo-cubierto\/","name":"Argentina ya tiene casi el 100% del saldo exportable de trigo cubierto - Informe Litoral","isPartOf":{"@id":"https:\/\/informelitoral.com.ar\/#website"},"primaryImageOfPage":{"@id":"https:\/\/informelitoral.com.ar\/argentina-ya-tiene-casi-el-100-del-saldo-exportable-de-trigo-cubierto\/#primaryimage"},"image":{"@id":"https:\/\/informelitoral.com.ar\/argentina-ya-tiene-casi-el-100-del-saldo-exportable-de-trigo-cubierto\/#primaryimage"},"thumbnailUrl":"https:\/\/informelitoral.com.ar\/%77%70%2d%63%6f%6e%74%65%6e%74\/uploads\/2020\/11\/sequia-trigo.jpg","datePublished":"2021-04-26T11:20:26+00:00","breadcrumb":{"@id":"https:\/\/informelitoral.com.ar\/argentina-ya-tiene-casi-el-100-del-saldo-exportable-de-trigo-cubierto\/#breadcrumb"},"inLanguage":"es","potentialAction":[{"@type":"ReadAction","target":["https:\/\/informelitoral.com.ar\/argentina-ya-tiene-casi-el-100-del-saldo-exportable-de-trigo-cubierto\/"]}]},{"@type":"ImageObject","inLanguage":"es","@id":"https:\/\/informelitoral.com.ar\/argentina-ya-tiene-casi-el-100-del-saldo-exportable-de-trigo-cubierto\/#primaryimage","url":"https:\/\/informelitoral.com.ar\/%77%70%2d%63%6f%6e%74%65%6e%74\/uploads\/2020\/11\/sequia-trigo.jpg","contentUrl":"https:\/\/informelitoral.com.ar\/%77%70%2d%63%6f%6e%74%65%6e%74\/uploads\/2020\/11\/sequia-trigo.jpg","width":777,"height":437},{"@type":"BreadcrumbList","@id":"https:\/\/informelitoral.com.ar\/argentina-ya-tiene-casi-el-100-del-saldo-exportable-de-trigo-cubierto\/#breadcrumb","itemListElement":[{"@type":"ListItem","position":1,"name":"Portada","item":"https:\/\/informelitoral.com.ar\/"},{"@type":"ListItem","position":2,"name":"Argentina ya tiene casi el 100% del saldo exportable de trigo cubierto"}]},{"@type":"WebSite","@id":"https:\/\/informelitoral.com.ar\/#website","url":"https:\/\/informelitoral.com.ar\/","name":"Informe Litoral","description":"&quot;Nos informamos&quot; ","publisher":{"@id":"https:\/\/informelitoral.com.ar\/#organization"},"potentialAction":[{"@type":"SearchAction","target":{"@type":"EntryPoint","urlTemplate":"https:\/\/informelitoral.com.ar\/?s={search_term_string}"},"query-input":{"@type":"PropertyValueSpecification","valueRequired":true,"valueName":"search_term_string"}}],"inLanguage":"es"},{"@type":"Organization","@id":"https:\/\/informelitoral.com.ar\/#organization","name":"Informe Litoral","url":"https:\/\/informelitoral.com.ar\/","logo":{"@type":"ImageObject","inLanguage":"es","@id":"https:\/\/informelitoral.com.ar\/#\/schema\/logo\/image\/","url":"https:\/\/informelitoral.com.ar\/%77%70%2d%63%6f%6e%74%65%6e%74\/uploads\/2021\/01\/circulo.png","contentUrl":"https:\/\/informelitoral.com.ar\/%77%70%2d%63%6f%6e%74%65%6e%74\/uploads\/2021\/01\/circulo.png","width":723,"height":731,"caption":"Informe Litoral"},"image":{"@id":"https:\/\/informelitoral.com.ar\/#\/schema\/logo\/image\/"},"sameAs":["https:\/\/www.facebook.com\/informelitoral\/","https:\/\/x.com\/InformeLitoral","https:\/\/www.instagram.com\/informelitoral\/","https:\/\/www.youtube.com\/channel\/UCua4Qvz8Icb6MYqhoq9xLXw"]},{"@type":"Person","@id":"https:\/\/informelitoral.com.ar\/#\/schema\/person\/b9d00407c836482871ef1d57bf8e3180","name":"Gonzalo Schmidt","image":{"@type":"ImageObject","inLanguage":"es","@id":"https:\/\/secure.gravatar.com\/avatar\/31a1a7b66ff2de83bd0e9fd79d026630d2d99e55e8bfe501287647b4fd9743de?s=96&d=mm&r=g","url":"https:\/\/secure.gravatar.com\/avatar\/31a1a7b66ff2de83bd0e9fd79d026630d2d99e55e8bfe501287647b4fd9743de?s=96&d=mm&r=g","contentUrl":"https:\/\/secure.gravatar.com\/avatar\/31a1a7b66ff2de83bd0e9fd79d026630d2d99e55e8bfe501287647b4fd9743de?s=96&d=mm&r=g","caption":"Gonzalo Schmidt"},"description":"Sitio web de noticias de la provincia de Entre R\u00edos, Argentina. Informaci\u00f3n y entretenimiento. Informe Litoral, nos informamos.","sameAs":["http:\/\/www.isletasnoticias.com.ar"],"url":"https:\/\/informelitoral.com.ar\/author\/gonzalo\/"}]}},"_links":{"self":[{"href":"https:\/\/informelitoral.com.ar\/%77%70%2d%6a%73%6f%6e\/wp\/v2\/posts\/59280","targetHints":{"allow":["GET"]}}],"collection":[{"href":"https:\/\/informelitoral.com.ar\/%77%70%2d%6a%73%6f%6e\/wp\/v2\/posts"}],"about":[{"href":"https:\/\/informelitoral.com.ar\/%77%70%2d%6a%73%6f%6e\/wp\/v2\/types\/post"}],"author":[{"embeddable":true,"href":"https:\/\/informelitoral.com.ar\/%77%70%2d%6a%73%6f%6e\/wp\/v2\/users\/2"}],"replies":[{"embeddable":true,"href":"https:\/\/informelitoral.com.ar\/%77%70%2d%6a%73%6f%6e\/wp\/v2\/comments?post=59280"}],"version-history":[{"count":0,"href":"https:\/\/informelitoral.com.ar\/%77%70%2d%6a%73%6f%6e\/wp\/v2\/posts\/59280\/revisions"}],"wp:featuredmedia":[{"embeddable":true,"href":"https:\/\/informelitoral.com.ar\/%77%70%2d%6a%73%6f%6e\/wp\/v2\/media\/53017"}],"wp:attachment":[{"href":"https:\/\/informelitoral.com.ar\/%77%70%2d%6a%73%6f%6e\/wp\/v2\/media?parent=59280"}],"wp:term":[{"taxonomy":"category","embeddable":true,"href":"https:\/\/informelitoral.com.ar\/%77%70%2d%6a%73%6f%6e\/wp\/v2\/categories?post=59280"},{"taxonomy":"post_tag","embeddable":true,"href":"https:\/\/informelitoral.com.ar\/%77%70%2d%6a%73%6f%6e\/wp\/v2\/tags?post=59280"}],"curies":[{"name":"wp","href":"https:\/\/api.w.org\/{rel}","templated":true}]}}