{"id":59276,"date":"2021-04-26T08:04:03","date_gmt":"2021-04-26T11:04:03","guid":{"rendered":"https:\/\/www.informelitoral.com.ar\/?p=59276"},"modified":"2021-04-26T08:05:03","modified_gmt":"2021-04-26T11:05:03","slug":"aldea-brasilera-pese-a-las-restricciones-el-intendente-autorizo-fiestas-programadas","status":"publish","type":"post","link":"https:\/\/informelitoral.com.ar\/aldea-brasilera-pese-a-las-restricciones-el-intendente-autorizo-fiestas-programadas\/","title":{"rendered":"Aldea Brasilera: pese a las restricciones, el intendente autoriz\u00f3 fiestas programadas"},"content":{"rendered":"<p>En la localidad de <strong>Aldea Brasilera<\/strong>, el intendente <strong>Hugo Ram\u00edrez<\/strong> se rebel\u00f3 contra las <a href=\"https:\/\/www.informelitoral.com.ar\/desde-este-sabado-habra-nuevas-restricciones-para-circular-en-entre-rios\/\">medidas restrictivas dictadas por el gobernador Gustavo Bordet<\/a> en el marco de la pandemia por el coronavirus y <strong>autoriz\u00f3 a que se realizaran festejos el s\u00e1bado.<\/strong><\/p>\n<p><strong>Se trata de eventos que ya estaban programados y que se realizaron en salones cerrados, uno en el centro de jubilados y otro en el sal\u00f3n parroquial de la ciudad.<\/strong><\/p>\n<p>Para ambos festejos estaba prevista la concurrencia de 50 personas, por lo que el intendente resolvi\u00f3 permitir que se realizaran, ya que un importante restaurante local est\u00e1 habilitado para funcionar con ese aforo.<\/p>\n<p>A pesar del decreto firmado y anunciado por el gobernador Bordet el viernes, el presidente municipal anunci\u00f3 que \u00e9l no detendr\u00eda los festejos, que previamente hab\u00edan solicitado la autorizaci\u00f3n municipal, que hab\u00eda sido aprobada.<\/p>\n<p><strong>La postura de Ram\u00edrez de no dar marcha atr\u00e1s se basaba adem\u00e1s en el hecho de que los festejos estaban previstos de antemano, y que su cancelaci\u00f3n conllevar\u00eda grandes p\u00e9rdidas econ\u00f3micas<\/strong> tanto para las familias que los convocaban como para los emprendedores encargados de los servicios de catering, m\u00fasica y dem\u00e1s.<\/p>\n<p>Por otra parte, un importante restaurante de la localidad, que suele contar con la concurrencia de visitantes de Paran\u00e1 y ciudades aleda\u00f1as, actualmente funciona con una capacidad de hasta 50 personas, por lo que el intendente resolvi\u00f3 autorizar la realizaci\u00f3n de festejos privados con igual cantidad de concurrencia.<\/p>\n<p>Mientras este tipo de discusiones se dan en los pueblos y en las ciudades con poca cantidad de habitantes, en la que los funcionarios y las autoridades tienen contacto permanente con los vecinos, el gobernador Bordet y su gabinete contin\u00faan permitiendo que los casinos funcionen.<\/p>\n<p>All\u00ed se re\u00fanen hasta 300 personas en espacios herm\u00e9ticamente cerrados y con un baj\u00edsimo acatamiento de los protocolos de prevenci\u00f3n vigentes.<\/p>\n<p>El pasado fin de semana en Victoria hubo una multitud de personas que concurrieron al casino de la ciudad para jugar, sin seguir las medidas para evitar contagios de covid.<\/p>\n<p>Por otra parte, actualmente hay una gran<a href=\"https:\/\/www.informelitoral.com.ar\/coronavirus-en-entre-rios-si-los-casos-suben-mas-nada-va-a-alcanzar\/\"> preocupaci\u00f3n acerca de la capacidad del sistema sanitario provincial<\/a> para afrontar la segunda ola de coronavirus y se teme que tanto en el sector p\u00fablico como en el privado se sature la capacidad disponible. <em>(<span class=\"link\">Fuente: El Portal de David Ricardo)<\/span><\/em><\/p>\n","protected":false},"excerpt":{"rendered":"<p>Durante el fin de semana se realizaron al menos dos fiestas privadas en esa localidad del departamento Diamante. Los principales argumentos fueron las p\u00e9rdidas econ\u00f3micas que ocasionar\u00eda la suspensi\u00f3n y la programaci\u00f3n previa al decreto de Bordet. <\/p>\n","protected":false},"author":2,"featured_media":27478,"comment_status":"open","ping_status":"open","sticky":false,"template":"","format":"standard","meta":{"fifu_image_url":"","fifu_image_alt":"","footnotes":""},"categories":[16],"tags":[199,201,2267,2257],"class_list":{"0":"post-59276","1":"post","2":"type-post","3":"status-publish","4":"format-standard","5":"has-post-thumbnail","7":"category-politi","8":"tag-aldea-brasilera","9":"tag-municipios","10":"tag-restricciones","11":"tag-restricciones-nocturnas"},"yoast_head":"<title>Aldea Brasilera: pese a las restricciones, el intendente autoriz\u00f3 fiestas programadas - Informe Litoral<\/title>\n<meta name=\"robots\" content=\"index, follow, max-snippet:-1, max-image-preview:large, max-video-preview:-1\" \/>\n<link rel=\"canonical\" href=\"https:\/\/informelitoral.com.ar\/aldea-brasilera-pese-a-las-restricciones-el-intendente-autorizo-fiestas-programadas\/\" \/>\n<meta property=\"og:locale\" content=\"es_ES\" \/>\n<meta property=\"og:type\" content=\"article\" \/>\n<meta property=\"og:title\" content=\"Aldea Brasilera: pese a las restricciones, el intendente autoriz\u00f3 fiestas programadas - Informe Litoral\" \/>\n<meta property=\"og:description\" content=\"Durante el fin de semana se realizaron al menos dos fiestas privadas en esa localidad del departamento Diamante. Los principales argumentos fueron las p\u00e9rdidas econ\u00f3micas que ocasionar\u00eda la suspensi\u00f3n y la programaci\u00f3n previa al decreto de Bordet.\" \/>\n<meta property=\"og:url\" content=\"https:\/\/informelitoral.com.ar\/aldea-brasilera-pese-a-las-restricciones-el-intendente-autorizo-fiestas-programadas\/\" \/>\n<meta property=\"og:site_name\" content=\"Informe Litoral\" \/>\n<meta property=\"article:publisher\" content=\"https:\/\/www.facebook.com\/informelitoral\/\" \/>\n<meta property=\"article:published_time\" content=\"2021-04-26T11:04:03+00:00\" \/>\n<meta property=\"article:modified_time\" content=\"2021-04-26T11:05:03+00:00\" \/>\n<meta property=\"og:image\" content=\"https:\/\/informelitoral.com.ar\/%77%70%2d%63%6f%6e%74%65%6e%74\/uploads\/2018\/06\/Aldea-Brasilera.jpg\" \/>\n\t<meta property=\"og:image:width\" content=\"480\" \/>\n\t<meta property=\"og:image:height\" content=\"300\" \/>\n\t<meta property=\"og:image:type\" content=\"image\/jpeg\" \/>\n<meta name=\"author\" content=\"Gonzalo Schmidt\" \/>\n<meta name=\"twitter:card\" content=\"summary_large_image\" \/>\n<meta name=\"twitter:creator\" content=\"@InformeLitoral\" \/>\n<meta name=\"twitter:site\" content=\"@InformeLitoral\" \/>\n<meta name=\"twitter:label1\" content=\"Escrito por\" \/>\n\t<meta name=\"twitter:data1\" content=\"Gonzalo Schmidt\" \/>\n\t<meta name=\"twitter:label2\" content=\"Tiempo de lectura\" \/>\n\t<meta name=\"twitter:data2\" content=\"2 minutos\" \/>\n<script type=\"application\/ld+json\" class=\"yoast-schema-graph\">{\"@context\":\"https:\\\/\\\/schema.org\",\"@graph\":[{\"@type\":\"Article\",\"@id\":\"https:\\\/\\\/informelitoral.com.ar\\\/aldea-brasilera-pese-a-las-restricciones-el-intendente-autorizo-fiestas-programadas\\\/#article\",\"isPartOf\":{\"@id\":\"https:\\\/\\\/informelitoral.com.ar\\\/aldea-brasilera-pese-a-las-restricciones-el-intendente-autorizo-fiestas-programadas\\\/\"},\"author\":{\"name\":\"Gonzalo Schmidt\",\"@id\":\"https:\\\/\\\/informelitoral.com.ar\\\/#\\\/schema\\\/person\\\/b9d00407c836482871ef1d57bf8e3180\"},\"headline\":\"Aldea Brasilera: pese a las restricciones, el intendente autoriz\u00f3 fiestas programadas\",\"datePublished\":\"2021-04-26T11:04:03+00:00\",\"dateModified\":\"2021-04-26T11:05:03+00:00\",\"mainEntityOfPage\":{\"@id\":\"https:\\\/\\\/informelitoral.com.ar\\\/aldea-brasilera-pese-a-las-restricciones-el-intendente-autorizo-fiestas-programadas\\\/\"},\"wordCount\":412,\"commentCount\":0,\"publisher\":{\"@id\":\"https:\\\/\\\/informelitoral.com.ar\\\/#organization\"},\"image\":{\"@id\":\"https:\\\/\\\/informelitoral.com.ar\\\/aldea-brasilera-pese-a-las-restricciones-el-intendente-autorizo-fiestas-programadas\\\/#primaryimage\"},\"thumbnailUrl\":\"https:\\\/\\\/informelitoral.com.ar\\\/%77%70%2d%63%6f%6e%74%65%6e%74\\\/uploads\\\/2018\\\/06\\\/Aldea-Brasilera.jpg\",\"keywords\":[\"Aldea Brasilera\",\"Municipios\",\"Restricciones\",\"Restricciones nocturnas\"],\"articleSection\":[\"Politica\"],\"inLanguage\":\"es\",\"potentialAction\":[{\"@type\":\"CommentAction\",\"name\":\"Comment\",\"target\":[\"https:\\\/\\\/informelitoral.com.ar\\\/aldea-brasilera-pese-a-las-restricciones-el-intendente-autorizo-fiestas-programadas\\\/#respond\"]}]},{\"@type\":\"WebPage\",\"@id\":\"https:\\\/\\\/informelitoral.com.ar\\\/aldea-brasilera-pese-a-las-restricciones-el-intendente-autorizo-fiestas-programadas\\\/\",\"url\":\"https:\\\/\\\/informelitoral.com.ar\\\/aldea-brasilera-pese-a-las-restricciones-el-intendente-autorizo-fiestas-programadas\\\/\",\"name\":\"Aldea Brasilera: pese a las restricciones, el intendente autoriz\u00f3 fiestas programadas - Informe Litoral\",\"isPartOf\":{\"@id\":\"https:\\\/\\\/informelitoral.com.ar\\\/#website\"},\"primaryImageOfPage\":{\"@id\":\"https:\\\/\\\/informelitoral.com.ar\\\/aldea-brasilera-pese-a-las-restricciones-el-intendente-autorizo-fiestas-programadas\\\/#primaryimage\"},\"image\":{\"@id\":\"https:\\\/\\\/informelitoral.com.ar\\\/aldea-brasilera-pese-a-las-restricciones-el-intendente-autorizo-fiestas-programadas\\\/#primaryimage\"},\"thumbnailUrl\":\"https:\\\/\\\/informelitoral.com.ar\\\/%77%70%2d%63%6f%6e%74%65%6e%74\\\/uploads\\\/2018\\\/06\\\/Aldea-Brasilera.jpg\",\"datePublished\":\"2021-04-26T11:04:03+00:00\",\"dateModified\":\"2021-04-26T11:05:03+00:00\",\"breadcrumb\":{\"@id\":\"https:\\\/\\\/informelitoral.com.ar\\\/aldea-brasilera-pese-a-las-restricciones-el-intendente-autorizo-fiestas-programadas\\\/#breadcrumb\"},\"inLanguage\":\"es\",\"potentialAction\":[{\"@type\":\"ReadAction\",\"target\":[\"https:\\\/\\\/informelitoral.com.ar\\\/aldea-brasilera-pese-a-las-restricciones-el-intendente-autorizo-fiestas-programadas\\\/\"]}]},{\"@type\":\"ImageObject\",\"inLanguage\":\"es\",\"@id\":\"https:\\\/\\\/informelitoral.com.ar\\\/aldea-brasilera-pese-a-las-restricciones-el-intendente-autorizo-fiestas-programadas\\\/#primaryimage\",\"url\":\"https:\\\/\\\/informelitoral.com.ar\\\/%77%70%2d%63%6f%6e%74%65%6e%74\\\/uploads\\\/2018\\\/06\\\/Aldea-Brasilera.jpg\",\"contentUrl\":\"https:\\\/\\\/informelitoral.com.ar\\\/%77%70%2d%63%6f%6e%74%65%6e%74\\\/uploads\\\/2018\\\/06\\\/Aldea-Brasilera.jpg\",\"width\":480,\"height\":300},{\"@type\":\"BreadcrumbList\",\"@id\":\"https:\\\/\\\/informelitoral.com.ar\\\/aldea-brasilera-pese-a-las-restricciones-el-intendente-autorizo-fiestas-programadas\\\/#breadcrumb\",\"itemListElement\":[{\"@type\":\"ListItem\",\"position\":1,\"name\":\"Portada\",\"item\":\"https:\\\/\\\/informelitoral.com.ar\\\/\"},{\"@type\":\"ListItem\",\"position\":2,\"name\":\"Aldea Brasilera: pese a las restricciones, el intendente autoriz\u00f3 fiestas programadas\"}]},{\"@type\":\"WebSite\",\"@id\":\"https:\\\/\\\/informelitoral.com.ar\\\/#website\",\"url\":\"https:\\\/\\\/informelitoral.com.ar\\\/\",\"name\":\"Informe Litoral\",\"description\":\"&quot;Nos informamos&quot; \",\"publisher\":{\"@id\":\"https:\\\/\\\/informelitoral.com.ar\\\/#organization\"},\"potentialAction\":[{\"@type\":\"SearchAction\",\"target\":{\"@type\":\"EntryPoint\",\"urlTemplate\":\"https:\\\/\\\/informelitoral.com.ar\\\/?s={search_term_string}\"},\"query-input\":{\"@type\":\"PropertyValueSpecification\",\"valueRequired\":true,\"valueName\":\"search_term_string\"}}],\"inLanguage\":\"es\"},{\"@type\":\"Organization\",\"@id\":\"https:\\\/\\\/informelitoral.com.ar\\\/#organization\",\"name\":\"Informe Litoral\",\"url\":\"https:\\\/\\\/informelitoral.com.ar\\\/\",\"logo\":{\"@type\":\"ImageObject\",\"inLanguage\":\"es\",\"@id\":\"https:\\\/\\\/informelitoral.com.ar\\\/#\\\/schema\\\/logo\\\/image\\\/\",\"url\":\"https:\\\/\\\/informelitoral.com.ar\\\/%77%70%2d%63%6f%6e%74%65%6e%74\\\/uploads\\\/2021\\\/01\\\/circulo.png\",\"contentUrl\":\"https:\\\/\\\/informelitoral.com.ar\\\/%77%70%2d%63%6f%6e%74%65%6e%74\\\/uploads\\\/2021\\\/01\\\/circulo.png\",\"width\":723,\"height\":731,\"caption\":\"Informe Litoral\"},\"image\":{\"@id\":\"https:\\\/\\\/informelitoral.com.ar\\\/#\\\/schema\\\/logo\\\/image\\\/\"},\"sameAs\":[\"https:\\\/\\\/www.facebook.com\\\/informelitoral\\\/\",\"https:\\\/\\\/x.com\\\/InformeLitoral\",\"https:\\\/\\\/www.instagram.com\\\/informelitoral\\\/\",\"https:\\\/\\\/www.youtube.com\\\/channel\\\/UCua4Qvz8Icb6MYqhoq9xLXw\"]},{\"@type\":\"Person\",\"@id\":\"https:\\\/\\\/informelitoral.com.ar\\\/#\\\/schema\\\/person\\\/b9d00407c836482871ef1d57bf8e3180\",\"name\":\"Gonzalo Schmidt\",\"image\":{\"@type\":\"ImageObject\",\"inLanguage\":\"es\",\"@id\":\"https:\\\/\\\/secure.gravatar.com\\\/avatar\\\/31a1a7b66ff2de83bd0e9fd79d026630d2d99e55e8bfe501287647b4fd9743de?s=96&d=mm&r=g\",\"url\":\"https:\\\/\\\/secure.gravatar.com\\\/avatar\\\/31a1a7b66ff2de83bd0e9fd79d026630d2d99e55e8bfe501287647b4fd9743de?s=96&d=mm&r=g\",\"contentUrl\":\"https:\\\/\\\/secure.gravatar.com\\\/avatar\\\/31a1a7b66ff2de83bd0e9fd79d026630d2d99e55e8bfe501287647b4fd9743de?s=96&d=mm&r=g\",\"caption\":\"Gonzalo Schmidt\"},\"description\":\"Sitio web de noticias de la provincia de Entre R\u00edos, Argentina. Informaci\u00f3n y entretenimiento. Informe Litoral, nos informamos.\",\"sameAs\":[\"http:\\\/\\\/www.isletasnoticias.com.ar\"],\"url\":\"https:\\\/\\\/informelitoral.com.ar\\\/author\\\/gonzalo\\\/\"}]}<\/script>","yoast_head_json":{"title":"Aldea Brasilera: pese a las restricciones, el intendente autoriz\u00f3 fiestas programadas - Informe Litoral","robots":{"index":"index","follow":"follow","max-snippet":"max-snippet:-1","max-image-preview":"max-image-preview:large","max-video-preview":"max-video-preview:-1"},"canonical":"https:\/\/informelitoral.com.ar\/aldea-brasilera-pese-a-las-restricciones-el-intendente-autorizo-fiestas-programadas\/","og_locale":"es_ES","og_type":"article","og_title":"Aldea Brasilera: pese a las restricciones, el intendente autoriz\u00f3 fiestas programadas - Informe Litoral","og_description":"Durante el fin de semana se realizaron al menos dos fiestas privadas en esa localidad del departamento Diamante. Los principales argumentos fueron las p\u00e9rdidas econ\u00f3micas que ocasionar\u00eda la suspensi\u00f3n y la programaci\u00f3n previa al decreto de Bordet.","og_url":"https:\/\/informelitoral.com.ar\/aldea-brasilera-pese-a-las-restricciones-el-intendente-autorizo-fiestas-programadas\/","og_site_name":"Informe Litoral","article_publisher":"https:\/\/www.facebook.com\/informelitoral\/","article_published_time":"2021-04-26T11:04:03+00:00","article_modified_time":"2021-04-26T11:05:03+00:00","og_image":[{"width":480,"height":300,"url":"https:\/\/informelitoral.com.ar\/%77%70%2d%63%6f%6e%74%65%6e%74\/uploads\/2018\/06\/Aldea-Brasilera.jpg","type":"image\/jpeg"}],"author":"Gonzalo Schmidt","twitter_card":"summary_large_image","twitter_creator":"@InformeLitoral","twitter_site":"@InformeLitoral","twitter_misc":{"Escrito por":"Gonzalo Schmidt","Tiempo de lectura":"2 minutos"},"schema":{"@context":"https:\/\/schema.org","@graph":[{"@type":"Article","@id":"https:\/\/informelitoral.com.ar\/aldea-brasilera-pese-a-las-restricciones-el-intendente-autorizo-fiestas-programadas\/#article","isPartOf":{"@id":"https:\/\/informelitoral.com.ar\/aldea-brasilera-pese-a-las-restricciones-el-intendente-autorizo-fiestas-programadas\/"},"author":{"name":"Gonzalo Schmidt","@id":"https:\/\/informelitoral.com.ar\/#\/schema\/person\/b9d00407c836482871ef1d57bf8e3180"},"headline":"Aldea Brasilera: pese a las restricciones, el intendente autoriz\u00f3 fiestas programadas","datePublished":"2021-04-26T11:04:03+00:00","dateModified":"2021-04-26T11:05:03+00:00","mainEntityOfPage":{"@id":"https:\/\/informelitoral.com.ar\/aldea-brasilera-pese-a-las-restricciones-el-intendente-autorizo-fiestas-programadas\/"},"wordCount":412,"commentCount":0,"publisher":{"@id":"https:\/\/informelitoral.com.ar\/#organization"},"image":{"@id":"https:\/\/informelitoral.com.ar\/aldea-brasilera-pese-a-las-restricciones-el-intendente-autorizo-fiestas-programadas\/#primaryimage"},"thumbnailUrl":"https:\/\/informelitoral.com.ar\/%77%70%2d%63%6f%6e%74%65%6e%74\/uploads\/2018\/06\/Aldea-Brasilera.jpg","keywords":["Aldea Brasilera","Municipios","Restricciones","Restricciones nocturnas"],"articleSection":["Politica"],"inLanguage":"es","potentialAction":[{"@type":"CommentAction","name":"Comment","target":["https:\/\/informelitoral.com.ar\/aldea-brasilera-pese-a-las-restricciones-el-intendente-autorizo-fiestas-programadas\/#respond"]}]},{"@type":"WebPage","@id":"https:\/\/informelitoral.com.ar\/aldea-brasilera-pese-a-las-restricciones-el-intendente-autorizo-fiestas-programadas\/","url":"https:\/\/informelitoral.com.ar\/aldea-brasilera-pese-a-las-restricciones-el-intendente-autorizo-fiestas-programadas\/","name":"Aldea Brasilera: pese a las restricciones, el intendente autoriz\u00f3 fiestas programadas - Informe Litoral","isPartOf":{"@id":"https:\/\/informelitoral.com.ar\/#website"},"primaryImageOfPage":{"@id":"https:\/\/informelitoral.com.ar\/aldea-brasilera-pese-a-las-restricciones-el-intendente-autorizo-fiestas-programadas\/#primaryimage"},"image":{"@id":"https:\/\/informelitoral.com.ar\/aldea-brasilera-pese-a-las-restricciones-el-intendente-autorizo-fiestas-programadas\/#primaryimage"},"thumbnailUrl":"https:\/\/informelitoral.com.ar\/%77%70%2d%63%6f%6e%74%65%6e%74\/uploads\/2018\/06\/Aldea-Brasilera.jpg","datePublished":"2021-04-26T11:04:03+00:00","dateModified":"2021-04-26T11:05:03+00:00","breadcrumb":{"@id":"https:\/\/informelitoral.com.ar\/aldea-brasilera-pese-a-las-restricciones-el-intendente-autorizo-fiestas-programadas\/#breadcrumb"},"inLanguage":"es","potentialAction":[{"@type":"ReadAction","target":["https:\/\/informelitoral.com.ar\/aldea-brasilera-pese-a-las-restricciones-el-intendente-autorizo-fiestas-programadas\/"]}]},{"@type":"ImageObject","inLanguage":"es","@id":"https:\/\/informelitoral.com.ar\/aldea-brasilera-pese-a-las-restricciones-el-intendente-autorizo-fiestas-programadas\/#primaryimage","url":"https:\/\/informelitoral.com.ar\/%77%70%2d%63%6f%6e%74%65%6e%74\/uploads\/2018\/06\/Aldea-Brasilera.jpg","contentUrl":"https:\/\/informelitoral.com.ar\/%77%70%2d%63%6f%6e%74%65%6e%74\/uploads\/2018\/06\/Aldea-Brasilera.jpg","width":480,"height":300},{"@type":"BreadcrumbList","@id":"https:\/\/informelitoral.com.ar\/aldea-brasilera-pese-a-las-restricciones-el-intendente-autorizo-fiestas-programadas\/#breadcrumb","itemListElement":[{"@type":"ListItem","position":1,"name":"Portada","item":"https:\/\/informelitoral.com.ar\/"},{"@type":"ListItem","position":2,"name":"Aldea Brasilera: pese a las restricciones, el intendente autoriz\u00f3 fiestas programadas"}]},{"@type":"WebSite","@id":"https:\/\/informelitoral.com.ar\/#website","url":"https:\/\/informelitoral.com.ar\/","name":"Informe Litoral","description":"&quot;Nos informamos&quot; ","publisher":{"@id":"https:\/\/informelitoral.com.ar\/#organization"},"potentialAction":[{"@type":"SearchAction","target":{"@type":"EntryPoint","urlTemplate":"https:\/\/informelitoral.com.ar\/?s={search_term_string}"},"query-input":{"@type":"PropertyValueSpecification","valueRequired":true,"valueName":"search_term_string"}}],"inLanguage":"es"},{"@type":"Organization","@id":"https:\/\/informelitoral.com.ar\/#organization","name":"Informe Litoral","url":"https:\/\/informelitoral.com.ar\/","logo":{"@type":"ImageObject","inLanguage":"es","@id":"https:\/\/informelitoral.com.ar\/#\/schema\/logo\/image\/","url":"https:\/\/informelitoral.com.ar\/%77%70%2d%63%6f%6e%74%65%6e%74\/uploads\/2021\/01\/circulo.png","contentUrl":"https:\/\/informelitoral.com.ar\/%77%70%2d%63%6f%6e%74%65%6e%74\/uploads\/2021\/01\/circulo.png","width":723,"height":731,"caption":"Informe Litoral"},"image":{"@id":"https:\/\/informelitoral.com.ar\/#\/schema\/logo\/image\/"},"sameAs":["https:\/\/www.facebook.com\/informelitoral\/","https:\/\/x.com\/InformeLitoral","https:\/\/www.instagram.com\/informelitoral\/","https:\/\/www.youtube.com\/channel\/UCua4Qvz8Icb6MYqhoq9xLXw"]},{"@type":"Person","@id":"https:\/\/informelitoral.com.ar\/#\/schema\/person\/b9d00407c836482871ef1d57bf8e3180","name":"Gonzalo Schmidt","image":{"@type":"ImageObject","inLanguage":"es","@id":"https:\/\/secure.gravatar.com\/avatar\/31a1a7b66ff2de83bd0e9fd79d026630d2d99e55e8bfe501287647b4fd9743de?s=96&d=mm&r=g","url":"https:\/\/secure.gravatar.com\/avatar\/31a1a7b66ff2de83bd0e9fd79d026630d2d99e55e8bfe501287647b4fd9743de?s=96&d=mm&r=g","contentUrl":"https:\/\/secure.gravatar.com\/avatar\/31a1a7b66ff2de83bd0e9fd79d026630d2d99e55e8bfe501287647b4fd9743de?s=96&d=mm&r=g","caption":"Gonzalo Schmidt"},"description":"Sitio web de noticias de la provincia de Entre R\u00edos, Argentina. Informaci\u00f3n y entretenimiento. Informe Litoral, nos informamos.","sameAs":["http:\/\/www.isletasnoticias.com.ar"],"url":"https:\/\/informelitoral.com.ar\/author\/gonzalo\/"}]}},"_links":{"self":[{"href":"https:\/\/informelitoral.com.ar\/%77%70%2d%6a%73%6f%6e\/wp\/v2\/posts\/59276","targetHints":{"allow":["GET"]}}],"collection":[{"href":"https:\/\/informelitoral.com.ar\/%77%70%2d%6a%73%6f%6e\/wp\/v2\/posts"}],"about":[{"href":"https:\/\/informelitoral.com.ar\/%77%70%2d%6a%73%6f%6e\/wp\/v2\/types\/post"}],"author":[{"embeddable":true,"href":"https:\/\/informelitoral.com.ar\/%77%70%2d%6a%73%6f%6e\/wp\/v2\/users\/2"}],"replies":[{"embeddable":true,"href":"https:\/\/informelitoral.com.ar\/%77%70%2d%6a%73%6f%6e\/wp\/v2\/comments?post=59276"}],"version-history":[{"count":0,"href":"https:\/\/informelitoral.com.ar\/%77%70%2d%6a%73%6f%6e\/wp\/v2\/posts\/59276\/revisions"}],"wp:featuredmedia":[{"embeddable":true,"href":"https:\/\/informelitoral.com.ar\/%77%70%2d%6a%73%6f%6e\/wp\/v2\/media\/27478"}],"wp:attachment":[{"href":"https:\/\/informelitoral.com.ar\/%77%70%2d%6a%73%6f%6e\/wp\/v2\/media?parent=59276"}],"wp:term":[{"taxonomy":"category","embeddable":true,"href":"https:\/\/informelitoral.com.ar\/%77%70%2d%6a%73%6f%6e\/wp\/v2\/categories?post=59276"},{"taxonomy":"post_tag","embeddable":true,"href":"https:\/\/informelitoral.com.ar\/%77%70%2d%6a%73%6f%6e\/wp\/v2\/tags?post=59276"}],"curies":[{"name":"wp","href":"https:\/\/api.w.org\/{rel}","templated":true}]}}