{"id":59227,"date":"2021-04-24T14:48:25","date_gmt":"2021-04-24T17:48:25","guid":{"rendered":"https:\/\/www.informelitoral.com.ar\/?p=59227"},"modified":"2021-04-24T14:52:27","modified_gmt":"2021-04-24T17:52:27","slug":"integrantes-del-espacio-construir-de-la-ucr-visitaron-ramirez-y-aranguren","status":"publish","type":"post","link":"https:\/\/informelitoral.com.ar\/integrantes-del-espacio-construir-de-la-ucr-visitaron-ramirez-y-aranguren\/","title":{"rendered":"Integrantes del espacio Construir de la UCR visitaron Ram\u00edrez y Aranguren"},"content":{"rendered":"<p>Luego de mantener una reuni\u00f3n en Nogoy\u00e1, el jueves, integrantes de la Mesa de Coordinaci\u00f3n del espacio <strong>Construir<\/strong> dentro de la<strong> Uni\u00f3n C\u00edvica Radical -UCR<\/strong>&#8211; realizaron <strong>recorridas por Aranguren y General Ram\u00edrez.<\/strong><\/p>\n<p>En la primera de las ciudades, <strong>estuvieron en el Comit\u00e9 local,<\/strong> donde dialogaron con militantes y destacaron la labor de los concejales<strong> Claudia Sosa<\/strong> y<strong> Gustavo Alva.<\/strong><\/p>\n<div id='gallery-1' class='gallery galleryid-59227 gallery-columns-3 gallery-size-thumbnail'><figure class='gallery-item'>\n\t\t\t<div class='gallery-icon landscape'>\n\t\t\t\t<a href='https:\/\/informelitoral.com.ar\/integrantes-del-espacio-construir-de-la-ucr-visitaron-ramirez-y-aranguren\/178375779_819396862329539_8195289354994152513_n\/'><img loading=\"lazy\" decoding=\"async\" width=\"150\" height=\"150\" src=\"https:\/\/informelitoral.com.ar\/%77%70%2d%63%6f%6e%74%65%6e%74\/uploads\/2021\/04\/178375779_819396862329539_8195289354994152513_n-150x150.jpg\" class=\"attachment-thumbnail size-thumbnail\" alt=\"\" \/><\/a>\n\t\t\t<\/div><\/figure><figure class='gallery-item'>\n\t\t\t<div class='gallery-icon landscape'>\n\t\t\t\t<a href='https:\/\/informelitoral.com.ar\/integrantes-del-espacio-construir-de-la-ucr-visitaron-ramirez-y-aranguren\/178067861_819397018996190_610054261913101915_n\/'><img loading=\"lazy\" decoding=\"async\" width=\"150\" height=\"150\" src=\"https:\/\/informelitoral.com.ar\/%77%70%2d%63%6f%6e%74%65%6e%74\/uploads\/2021\/04\/178067861_819397018996190_610054261913101915_n-150x150.jpg\" class=\"attachment-thumbnail size-thumbnail\" alt=\"\" \/><\/a>\n\t\t\t<\/div><\/figure><figure class='gallery-item'>\n\t\t\t<div class='gallery-icon landscape'>\n\t\t\t\t<a href='https:\/\/informelitoral.com.ar\/integrantes-del-espacio-construir-de-la-ucr-visitaron-ramirez-y-aranguren\/177783132_819396982329527_3874630650254458154_n\/'><img loading=\"lazy\" decoding=\"async\" width=\"150\" height=\"150\" src=\"https:\/\/informelitoral.com.ar\/%77%70%2d%63%6f%6e%74%65%6e%74\/uploads\/2021\/04\/177783132_819396982329527_3874630650254458154_n-150x150.jpg\" class=\"attachment-thumbnail size-thumbnail\" alt=\"\" \/><\/a>\n\t\t\t<\/div><\/figure><figure class='gallery-item'>\n\t\t\t<div class='gallery-icon landscape'>\n\t\t\t\t<a href='https:\/\/informelitoral.com.ar\/integrantes-del-espacio-construir-de-la-ucr-visitaron-ramirez-y-aranguren\/177780111_819396822329543_441809849327304486_n\/'><img loading=\"lazy\" decoding=\"async\" width=\"150\" height=\"150\" src=\"https:\/\/informelitoral.com.ar\/%77%70%2d%63%6f%6e%74%65%6e%74\/uploads\/2021\/04\/177780111_819396822329543_441809849327304486_n-150x150.jpg\" class=\"attachment-thumbnail size-thumbnail\" alt=\"\" \/><\/a>\n\t\t\t<\/div><\/figure><figure class='gallery-item'>\n\t\t\t<div class='gallery-icon landscape'>\n\t\t\t\t<a href='https:\/\/informelitoral.com.ar\/integrantes-del-espacio-construir-de-la-ucr-visitaron-ramirez-y-aranguren\/177731526_819396505662908_5146472407257672158_n\/'><img loading=\"lazy\" decoding=\"async\" width=\"150\" height=\"150\" src=\"https:\/\/informelitoral.com.ar\/%77%70%2d%63%6f%6e%74%65%6e%74\/uploads\/2021\/04\/177731526_819396505662908_5146472407257672158_n-150x150.jpg\" class=\"attachment-thumbnail size-thumbnail\" alt=\"\" \/><\/a>\n\t\t\t<\/div><\/figure><figure class='gallery-item'>\n\t\t\t<div class='gallery-icon landscape'>\n\t\t\t\t<a href='https:\/\/informelitoral.com.ar\/integrantes-del-espacio-construir-de-la-ucr-visitaron-ramirez-y-aranguren\/177700264_819396765662882_2974010617832929810_n\/'><img loading=\"lazy\" decoding=\"async\" width=\"150\" height=\"150\" src=\"https:\/\/informelitoral.com.ar\/%77%70%2d%63%6f%6e%74%65%6e%74\/uploads\/2021\/04\/177700264_819396765662882_2974010617832929810_n-150x150.jpg\" class=\"attachment-thumbnail size-thumbnail\" alt=\"\" \/><\/a>\n\t\t\t<\/div><\/figure><figure class='gallery-item'>\n\t\t\t<div class='gallery-icon landscape'>\n\t\t\t\t<a href='https:\/\/informelitoral.com.ar\/integrantes-del-espacio-construir-de-la-ucr-visitaron-ramirez-y-aranguren\/177594479_819396818996210_4452801028719615969_n\/'><img loading=\"lazy\" decoding=\"async\" width=\"150\" height=\"150\" src=\"https:\/\/informelitoral.com.ar\/%77%70%2d%63%6f%6e%74%65%6e%74\/uploads\/2021\/04\/177594479_819396818996210_4452801028719615969_n-150x150.jpg\" class=\"attachment-thumbnail size-thumbnail\" alt=\"\" \/><\/a>\n\t\t\t<\/div><\/figure><figure class='gallery-item'>\n\t\t\t<div class='gallery-icon landscape'>\n\t\t\t\t<a href='https:\/\/informelitoral.com.ar\/integrantes-del-espacio-construir-de-la-ucr-visitaron-ramirez-y-aranguren\/177338598_819396948996197_4393223875443325167_n\/'><img loading=\"lazy\" decoding=\"async\" width=\"150\" height=\"150\" src=\"https:\/\/informelitoral.com.ar\/%77%70%2d%63%6f%6e%74%65%6e%74\/uploads\/2021\/04\/177338598_819396948996197_4393223875443325167_n-150x150.jpg\" class=\"attachment-thumbnail size-thumbnail\" alt=\"\" \/><\/a>\n\t\t\t<\/div><\/figure><figure class='gallery-item'>\n\t\t\t<div class='gallery-icon landscape'>\n\t\t\t\t<a href='https:\/\/informelitoral.com.ar\/integrantes-del-espacio-construir-de-la-ucr-visitaron-ramirez-y-aranguren\/177321147_819396218996270_5142987181705876939_n\/'><img loading=\"lazy\" decoding=\"async\" width=\"150\" height=\"150\" src=\"https:\/\/informelitoral.com.ar\/%77%70%2d%63%6f%6e%74%65%6e%74\/uploads\/2021\/04\/177321147_819396218996270_5142987181705876939_n-150x150.jpg\" class=\"attachment-thumbnail size-thumbnail\" alt=\"\" \/><\/a>\n\t\t\t<\/div><\/figure>\n\t\t<\/div>\n\n<p>Por otra parte, <strong>en Ram\u00edrez,<\/strong> visitaron a las empresas <strong>Alumil Aberturas<\/strong> y <strong>Ram\u00edrez Padel Club<\/strong>; mantuvieron reuniones con las comisiones de <strong>Bomberos Voluntarios<\/strong>\u00a0 y Socios del <strong>Centro Comercial.<\/strong><\/p>\n<p>Sobre el final de la jornada,<strong> dialogaron con militantes de la Alianza Ramirense<\/strong> sobre la situaci\u00f3n actual en la ciudad y la provincia.<\/p>\n<p>Entre los dirigentes, se destac\u00f3 la presencia de los intendentes y posibles precandidatos a gobernador, <strong>Dar\u00edo Schneider<\/strong> (Crespo), <strong>Pedro Galimberti<\/strong> (Chajar\u00ed) y los diputados <strong>Uriel Brupbacher<\/strong> y <strong>Julian Maneiro.<\/strong><\/p>\n<p>\u00abEn todos los encuentros hubo un punto en com\u00fan. M\u00e1s all\u00e1 de las dificultades, los ramirenses ponemos el hombro y seguimos avanzando hacia una ciudad m\u00e1s linda y con m\u00e1s oportunidades\u00bb, destac\u00f3 la viceintendenta de Ram\u00edrez e integrante del espacio,<strong> Flavia Pamberger.<\/strong><em> (Informe Litoral)<\/em><\/p>\n","protected":false},"excerpt":{"rendered":"<p>Luego de una reuni\u00f3n en Nogoy\u00e1, representantes de la Mesa de Coordinaci\u00f3n se reunieron con integrantes de empresas, instituciones y dirigentes pol\u00edticos de las dos ciudades vecinas. <\/p>\n","protected":false},"author":2,"featured_media":59228,"comment_status":"open","ping_status":"open","sticky":false,"template":"","format":"standard","meta":{"fifu_image_url":"","fifu_image_alt":"","footnotes":""},"categories":[16],"tags":[143,1521,1534,1529,74,1147,27,169],"class_list":{"0":"post-59227","1":"post","2":"type-post","3":"status-publish","4":"format-standard","5":"has-post-thumbnail","7":"category-politi","8":"tag-aranguren","9":"tag-dario-schneider","10":"tag-flavia-pamberger","11":"tag-julian-maneiro","12":"tag-nogoya","13":"tag-radicalismo","14":"tag-ramirez","15":"tag-ucr"},"yoast_head":"<title>Integrantes del espacio Construir de la UCR visitaron Ram\u00edrez y Aranguren - Informe Litoral<\/title>\n<meta name=\"robots\" content=\"index, follow, max-snippet:-1, max-image-preview:large, max-video-preview:-1\" \/>\n<link rel=\"canonical\" href=\"https:\/\/informelitoral.com.ar\/integrantes-del-espacio-construir-de-la-ucr-visitaron-ramirez-y-aranguren\/\" \/>\n<meta property=\"og:locale\" content=\"es_ES\" \/>\n<meta property=\"og:type\" content=\"article\" \/>\n<meta property=\"og:title\" content=\"Integrantes del espacio Construir de la UCR visitaron Ram\u00edrez y Aranguren - Informe Litoral\" \/>\n<meta property=\"og:description\" content=\"Luego de una reuni\u00f3n en Nogoy\u00e1, representantes de la Mesa de Coordinaci\u00f3n se reunieron con integrantes de empresas, instituciones y dirigentes pol\u00edticos de las dos ciudades vecinas.\" \/>\n<meta property=\"og:url\" content=\"https:\/\/informelitoral.com.ar\/integrantes-del-espacio-construir-de-la-ucr-visitaron-ramirez-y-aranguren\/\" \/>\n<meta property=\"og:site_name\" content=\"Informe Litoral\" \/>\n<meta property=\"article:publisher\" content=\"https:\/\/www.facebook.com\/informelitoral\/\" \/>\n<meta property=\"article:published_time\" content=\"2021-04-24T17:48:25+00:00\" \/>\n<meta property=\"article:modified_time\" content=\"2021-04-24T17:52:27+00:00\" \/>\n<meta property=\"og:image\" content=\"https:\/\/informelitoral.com.ar\/%77%70%2d%63%6f%6e%74%65%6e%74\/uploads\/2021\/04\/176255392_819396088996283_5573380558255183642_n.jpg\" \/>\n\t<meta property=\"og:image:width\" content=\"1712\" \/>\n\t<meta property=\"og:image:height\" content=\"1176\" \/>\n\t<meta property=\"og:image:type\" content=\"image\/jpeg\" \/>\n<meta name=\"author\" content=\"Gonzalo Schmidt\" \/>\n<meta name=\"twitter:card\" content=\"summary_large_image\" \/>\n<meta name=\"twitter:creator\" content=\"@InformeLitoral\" \/>\n<meta name=\"twitter:site\" content=\"@InformeLitoral\" \/>\n<meta name=\"twitter:label1\" content=\"Escrito por\" \/>\n\t<meta name=\"twitter:data1\" content=\"Gonzalo Schmidt\" \/>\n\t<meta name=\"twitter:label2\" content=\"Tiempo de lectura\" \/>\n\t<meta name=\"twitter:data2\" content=\"1 minuto\" \/>\n<script type=\"application\/ld+json\" class=\"yoast-schema-graph\">{\"@context\":\"https:\\\/\\\/schema.org\",\"@graph\":[{\"@type\":\"Article\",\"@id\":\"https:\\\/\\\/informelitoral.com.ar\\\/integrantes-del-espacio-construir-de-la-ucr-visitaron-ramirez-y-aranguren\\\/#article\",\"isPartOf\":{\"@id\":\"https:\\\/\\\/informelitoral.com.ar\\\/integrantes-del-espacio-construir-de-la-ucr-visitaron-ramirez-y-aranguren\\\/\"},\"author\":{\"name\":\"Gonzalo Schmidt\",\"@id\":\"https:\\\/\\\/informelitoral.com.ar\\\/#\\\/schema\\\/person\\\/b9d00407c836482871ef1d57bf8e3180\"},\"headline\":\"Integrantes del espacio Construir de la UCR visitaron Ram\u00edrez y Aranguren\",\"datePublished\":\"2021-04-24T17:48:25+00:00\",\"dateModified\":\"2021-04-24T17:52:27+00:00\",\"mainEntityOfPage\":{\"@id\":\"https:\\\/\\\/informelitoral.com.ar\\\/integrantes-del-espacio-construir-de-la-ucr-visitaron-ramirez-y-aranguren\\\/\"},\"wordCount\":211,\"commentCount\":0,\"publisher\":{\"@id\":\"https:\\\/\\\/informelitoral.com.ar\\\/#organization\"},\"image\":{\"@id\":\"https:\\\/\\\/informelitoral.com.ar\\\/integrantes-del-espacio-construir-de-la-ucr-visitaron-ramirez-y-aranguren\\\/#primaryimage\"},\"thumbnailUrl\":\"https:\\\/\\\/informelitoral.com.ar\\\/%77%70%2d%63%6f%6e%74%65%6e%74\\\/uploads\\\/2021\\\/04\\\/176255392_819396088996283_5573380558255183642_n.jpg\",\"keywords\":[\"Aranguren\",\"Dar\u00edo Schneider\",\"Flavia Pamberger\",\"Juli\u00e1n Maneiro\",\"Nogoy\u00e1\",\"Radicalismo\",\"Ram\u00edrez\",\"UCR\"],\"articleSection\":[\"Politica\"],\"inLanguage\":\"es\",\"potentialAction\":[{\"@type\":\"CommentAction\",\"name\":\"Comment\",\"target\":[\"https:\\\/\\\/informelitoral.com.ar\\\/integrantes-del-espacio-construir-de-la-ucr-visitaron-ramirez-y-aranguren\\\/#respond\"]}]},{\"@type\":\"WebPage\",\"@id\":\"https:\\\/\\\/informelitoral.com.ar\\\/integrantes-del-espacio-construir-de-la-ucr-visitaron-ramirez-y-aranguren\\\/\",\"url\":\"https:\\\/\\\/informelitoral.com.ar\\\/integrantes-del-espacio-construir-de-la-ucr-visitaron-ramirez-y-aranguren\\\/\",\"name\":\"Integrantes del espacio Construir de la UCR visitaron Ram\u00edrez y Aranguren - Informe Litoral\",\"isPartOf\":{\"@id\":\"https:\\\/\\\/informelitoral.com.ar\\\/#website\"},\"primaryImageOfPage\":{\"@id\":\"https:\\\/\\\/informelitoral.com.ar\\\/integrantes-del-espacio-construir-de-la-ucr-visitaron-ramirez-y-aranguren\\\/#primaryimage\"},\"image\":{\"@id\":\"https:\\\/\\\/informelitoral.com.ar\\\/integrantes-del-espacio-construir-de-la-ucr-visitaron-ramirez-y-aranguren\\\/#primaryimage\"},\"thumbnailUrl\":\"https:\\\/\\\/informelitoral.com.ar\\\/%77%70%2d%63%6f%6e%74%65%6e%74\\\/uploads\\\/2021\\\/04\\\/176255392_819396088996283_5573380558255183642_n.jpg\",\"datePublished\":\"2021-04-24T17:48:25+00:00\",\"dateModified\":\"2021-04-24T17:52:27+00:00\",\"breadcrumb\":{\"@id\":\"https:\\\/\\\/informelitoral.com.ar\\\/integrantes-del-espacio-construir-de-la-ucr-visitaron-ramirez-y-aranguren\\\/#breadcrumb\"},\"inLanguage\":\"es\",\"potentialAction\":[{\"@type\":\"ReadAction\",\"target\":[\"https:\\\/\\\/informelitoral.com.ar\\\/integrantes-del-espacio-construir-de-la-ucr-visitaron-ramirez-y-aranguren\\\/\"]}]},{\"@type\":\"ImageObject\",\"inLanguage\":\"es\",\"@id\":\"https:\\\/\\\/informelitoral.com.ar\\\/integrantes-del-espacio-construir-de-la-ucr-visitaron-ramirez-y-aranguren\\\/#primaryimage\",\"url\":\"https:\\\/\\\/informelitoral.com.ar\\\/%77%70%2d%63%6f%6e%74%65%6e%74\\\/uploads\\\/2021\\\/04\\\/176255392_819396088996283_5573380558255183642_n.jpg\",\"contentUrl\":\"https:\\\/\\\/informelitoral.com.ar\\\/%77%70%2d%63%6f%6e%74%65%6e%74\\\/uploads\\\/2021\\\/04\\\/176255392_819396088996283_5573380558255183642_n.jpg\",\"width\":1712,\"height\":1176},{\"@type\":\"BreadcrumbList\",\"@id\":\"https:\\\/\\\/informelitoral.com.ar\\\/integrantes-del-espacio-construir-de-la-ucr-visitaron-ramirez-y-aranguren\\\/#breadcrumb\",\"itemListElement\":[{\"@type\":\"ListItem\",\"position\":1,\"name\":\"Portada\",\"item\":\"https:\\\/\\\/informelitoral.com.ar\\\/\"},{\"@type\":\"ListItem\",\"position\":2,\"name\":\"Integrantes del espacio Construir de la UCR visitaron Ram\u00edrez y Aranguren\"}]},{\"@type\":\"WebSite\",\"@id\":\"https:\\\/\\\/informelitoral.com.ar\\\/#website\",\"url\":\"https:\\\/\\\/informelitoral.com.ar\\\/\",\"name\":\"Informe Litoral\",\"description\":\"&quot;Nos informamos&quot; \",\"publisher\":{\"@id\":\"https:\\\/\\\/informelitoral.com.ar\\\/#organization\"},\"potentialAction\":[{\"@type\":\"SearchAction\",\"target\":{\"@type\":\"EntryPoint\",\"urlTemplate\":\"https:\\\/\\\/informelitoral.com.ar\\\/?s={search_term_string}\"},\"query-input\":{\"@type\":\"PropertyValueSpecification\",\"valueRequired\":true,\"valueName\":\"search_term_string\"}}],\"inLanguage\":\"es\"},{\"@type\":\"Organization\",\"@id\":\"https:\\\/\\\/informelitoral.com.ar\\\/#organization\",\"name\":\"Informe Litoral\",\"url\":\"https:\\\/\\\/informelitoral.com.ar\\\/\",\"logo\":{\"@type\":\"ImageObject\",\"inLanguage\":\"es\",\"@id\":\"https:\\\/\\\/informelitoral.com.ar\\\/#\\\/schema\\\/logo\\\/image\\\/\",\"url\":\"https:\\\/\\\/informelitoral.com.ar\\\/%77%70%2d%63%6f%6e%74%65%6e%74\\\/uploads\\\/2021\\\/01\\\/circulo.png\",\"contentUrl\":\"https:\\\/\\\/informelitoral.com.ar\\\/%77%70%2d%63%6f%6e%74%65%6e%74\\\/uploads\\\/2021\\\/01\\\/circulo.png\",\"width\":723,\"height\":731,\"caption\":\"Informe Litoral\"},\"image\":{\"@id\":\"https:\\\/\\\/informelitoral.com.ar\\\/#\\\/schema\\\/logo\\\/image\\\/\"},\"sameAs\":[\"https:\\\/\\\/www.facebook.com\\\/informelitoral\\\/\",\"https:\\\/\\\/x.com\\\/InformeLitoral\",\"https:\\\/\\\/www.instagram.com\\\/informelitoral\\\/\",\"https:\\\/\\\/www.youtube.com\\\/channel\\\/UCua4Qvz8Icb6MYqhoq9xLXw\"]},{\"@type\":\"Person\",\"@id\":\"https:\\\/\\\/informelitoral.com.ar\\\/#\\\/schema\\\/person\\\/b9d00407c836482871ef1d57bf8e3180\",\"name\":\"Gonzalo Schmidt\",\"image\":{\"@type\":\"ImageObject\",\"inLanguage\":\"es\",\"@id\":\"https:\\\/\\\/secure.gravatar.com\\\/avatar\\\/31a1a7b66ff2de83bd0e9fd79d026630d2d99e55e8bfe501287647b4fd9743de?s=96&d=mm&r=g\",\"url\":\"https:\\\/\\\/secure.gravatar.com\\\/avatar\\\/31a1a7b66ff2de83bd0e9fd79d026630d2d99e55e8bfe501287647b4fd9743de?s=96&d=mm&r=g\",\"contentUrl\":\"https:\\\/\\\/secure.gravatar.com\\\/avatar\\\/31a1a7b66ff2de83bd0e9fd79d026630d2d99e55e8bfe501287647b4fd9743de?s=96&d=mm&r=g\",\"caption\":\"Gonzalo Schmidt\"},\"description\":\"Sitio web de noticias de la provincia de Entre R\u00edos, Argentina. Informaci\u00f3n y entretenimiento. Informe Litoral, nos informamos.\",\"sameAs\":[\"http:\\\/\\\/www.isletasnoticias.com.ar\"],\"url\":\"https:\\\/\\\/informelitoral.com.ar\\\/author\\\/gonzalo\\\/\"}]}<\/script>","yoast_head_json":{"title":"Integrantes del espacio Construir de la UCR visitaron Ram\u00edrez y Aranguren - Informe Litoral","robots":{"index":"index","follow":"follow","max-snippet":"max-snippet:-1","max-image-preview":"max-image-preview:large","max-video-preview":"max-video-preview:-1"},"canonical":"https:\/\/informelitoral.com.ar\/integrantes-del-espacio-construir-de-la-ucr-visitaron-ramirez-y-aranguren\/","og_locale":"es_ES","og_type":"article","og_title":"Integrantes del espacio Construir de la UCR visitaron Ram\u00edrez y Aranguren - Informe Litoral","og_description":"Luego de una reuni\u00f3n en Nogoy\u00e1, representantes de la Mesa de Coordinaci\u00f3n se reunieron con integrantes de empresas, instituciones y dirigentes pol\u00edticos de las dos ciudades vecinas.","og_url":"https:\/\/informelitoral.com.ar\/integrantes-del-espacio-construir-de-la-ucr-visitaron-ramirez-y-aranguren\/","og_site_name":"Informe Litoral","article_publisher":"https:\/\/www.facebook.com\/informelitoral\/","article_published_time":"2021-04-24T17:48:25+00:00","article_modified_time":"2021-04-24T17:52:27+00:00","og_image":[{"width":1712,"height":1176,"url":"https:\/\/informelitoral.com.ar\/%77%70%2d%63%6f%6e%74%65%6e%74\/uploads\/2021\/04\/176255392_819396088996283_5573380558255183642_n.jpg","type":"image\/jpeg"}],"author":"Gonzalo Schmidt","twitter_card":"summary_large_image","twitter_creator":"@InformeLitoral","twitter_site":"@InformeLitoral","twitter_misc":{"Escrito por":"Gonzalo Schmidt","Tiempo de lectura":"1 minuto"},"schema":{"@context":"https:\/\/schema.org","@graph":[{"@type":"Article","@id":"https:\/\/informelitoral.com.ar\/integrantes-del-espacio-construir-de-la-ucr-visitaron-ramirez-y-aranguren\/#article","isPartOf":{"@id":"https:\/\/informelitoral.com.ar\/integrantes-del-espacio-construir-de-la-ucr-visitaron-ramirez-y-aranguren\/"},"author":{"name":"Gonzalo Schmidt","@id":"https:\/\/informelitoral.com.ar\/#\/schema\/person\/b9d00407c836482871ef1d57bf8e3180"},"headline":"Integrantes del espacio Construir de la UCR visitaron Ram\u00edrez y Aranguren","datePublished":"2021-04-24T17:48:25+00:00","dateModified":"2021-04-24T17:52:27+00:00","mainEntityOfPage":{"@id":"https:\/\/informelitoral.com.ar\/integrantes-del-espacio-construir-de-la-ucr-visitaron-ramirez-y-aranguren\/"},"wordCount":211,"commentCount":0,"publisher":{"@id":"https:\/\/informelitoral.com.ar\/#organization"},"image":{"@id":"https:\/\/informelitoral.com.ar\/integrantes-del-espacio-construir-de-la-ucr-visitaron-ramirez-y-aranguren\/#primaryimage"},"thumbnailUrl":"https:\/\/informelitoral.com.ar\/%77%70%2d%63%6f%6e%74%65%6e%74\/uploads\/2021\/04\/176255392_819396088996283_5573380558255183642_n.jpg","keywords":["Aranguren","Dar\u00edo Schneider","Flavia Pamberger","Juli\u00e1n Maneiro","Nogoy\u00e1","Radicalismo","Ram\u00edrez","UCR"],"articleSection":["Politica"],"inLanguage":"es","potentialAction":[{"@type":"CommentAction","name":"Comment","target":["https:\/\/informelitoral.com.ar\/integrantes-del-espacio-construir-de-la-ucr-visitaron-ramirez-y-aranguren\/#respond"]}]},{"@type":"WebPage","@id":"https:\/\/informelitoral.com.ar\/integrantes-del-espacio-construir-de-la-ucr-visitaron-ramirez-y-aranguren\/","url":"https:\/\/informelitoral.com.ar\/integrantes-del-espacio-construir-de-la-ucr-visitaron-ramirez-y-aranguren\/","name":"Integrantes del espacio Construir de la UCR visitaron Ram\u00edrez y Aranguren - Informe Litoral","isPartOf":{"@id":"https:\/\/informelitoral.com.ar\/#website"},"primaryImageOfPage":{"@id":"https:\/\/informelitoral.com.ar\/integrantes-del-espacio-construir-de-la-ucr-visitaron-ramirez-y-aranguren\/#primaryimage"},"image":{"@id":"https:\/\/informelitoral.com.ar\/integrantes-del-espacio-construir-de-la-ucr-visitaron-ramirez-y-aranguren\/#primaryimage"},"thumbnailUrl":"https:\/\/informelitoral.com.ar\/%77%70%2d%63%6f%6e%74%65%6e%74\/uploads\/2021\/04\/176255392_819396088996283_5573380558255183642_n.jpg","datePublished":"2021-04-24T17:48:25+00:00","dateModified":"2021-04-24T17:52:27+00:00","breadcrumb":{"@id":"https:\/\/informelitoral.com.ar\/integrantes-del-espacio-construir-de-la-ucr-visitaron-ramirez-y-aranguren\/#breadcrumb"},"inLanguage":"es","potentialAction":[{"@type":"ReadAction","target":["https:\/\/informelitoral.com.ar\/integrantes-del-espacio-construir-de-la-ucr-visitaron-ramirez-y-aranguren\/"]}]},{"@type":"ImageObject","inLanguage":"es","@id":"https:\/\/informelitoral.com.ar\/integrantes-del-espacio-construir-de-la-ucr-visitaron-ramirez-y-aranguren\/#primaryimage","url":"https:\/\/informelitoral.com.ar\/%77%70%2d%63%6f%6e%74%65%6e%74\/uploads\/2021\/04\/176255392_819396088996283_5573380558255183642_n.jpg","contentUrl":"https:\/\/informelitoral.com.ar\/%77%70%2d%63%6f%6e%74%65%6e%74\/uploads\/2021\/04\/176255392_819396088996283_5573380558255183642_n.jpg","width":1712,"height":1176},{"@type":"BreadcrumbList","@id":"https:\/\/informelitoral.com.ar\/integrantes-del-espacio-construir-de-la-ucr-visitaron-ramirez-y-aranguren\/#breadcrumb","itemListElement":[{"@type":"ListItem","position":1,"name":"Portada","item":"https:\/\/informelitoral.com.ar\/"},{"@type":"ListItem","position":2,"name":"Integrantes del espacio Construir de la UCR visitaron Ram\u00edrez y Aranguren"}]},{"@type":"WebSite","@id":"https:\/\/informelitoral.com.ar\/#website","url":"https:\/\/informelitoral.com.ar\/","name":"Informe Litoral","description":"&quot;Nos informamos&quot; ","publisher":{"@id":"https:\/\/informelitoral.com.ar\/#organization"},"potentialAction":[{"@type":"SearchAction","target":{"@type":"EntryPoint","urlTemplate":"https:\/\/informelitoral.com.ar\/?s={search_term_string}"},"query-input":{"@type":"PropertyValueSpecification","valueRequired":true,"valueName":"search_term_string"}}],"inLanguage":"es"},{"@type":"Organization","@id":"https:\/\/informelitoral.com.ar\/#organization","name":"Informe Litoral","url":"https:\/\/informelitoral.com.ar\/","logo":{"@type":"ImageObject","inLanguage":"es","@id":"https:\/\/informelitoral.com.ar\/#\/schema\/logo\/image\/","url":"https:\/\/informelitoral.com.ar\/%77%70%2d%63%6f%6e%74%65%6e%74\/uploads\/2021\/01\/circulo.png","contentUrl":"https:\/\/informelitoral.com.ar\/%77%70%2d%63%6f%6e%74%65%6e%74\/uploads\/2021\/01\/circulo.png","width":723,"height":731,"caption":"Informe Litoral"},"image":{"@id":"https:\/\/informelitoral.com.ar\/#\/schema\/logo\/image\/"},"sameAs":["https:\/\/www.facebook.com\/informelitoral\/","https:\/\/x.com\/InformeLitoral","https:\/\/www.instagram.com\/informelitoral\/","https:\/\/www.youtube.com\/channel\/UCua4Qvz8Icb6MYqhoq9xLXw"]},{"@type":"Person","@id":"https:\/\/informelitoral.com.ar\/#\/schema\/person\/b9d00407c836482871ef1d57bf8e3180","name":"Gonzalo Schmidt","image":{"@type":"ImageObject","inLanguage":"es","@id":"https:\/\/secure.gravatar.com\/avatar\/31a1a7b66ff2de83bd0e9fd79d026630d2d99e55e8bfe501287647b4fd9743de?s=96&d=mm&r=g","url":"https:\/\/secure.gravatar.com\/avatar\/31a1a7b66ff2de83bd0e9fd79d026630d2d99e55e8bfe501287647b4fd9743de?s=96&d=mm&r=g","contentUrl":"https:\/\/secure.gravatar.com\/avatar\/31a1a7b66ff2de83bd0e9fd79d026630d2d99e55e8bfe501287647b4fd9743de?s=96&d=mm&r=g","caption":"Gonzalo Schmidt"},"description":"Sitio web de noticias de la provincia de Entre R\u00edos, Argentina. Informaci\u00f3n y entretenimiento. Informe Litoral, nos informamos.","sameAs":["http:\/\/www.isletasnoticias.com.ar"],"url":"https:\/\/informelitoral.com.ar\/author\/gonzalo\/"}]}},"_links":{"self":[{"href":"https:\/\/informelitoral.com.ar\/%77%70%2d%6a%73%6f%6e\/wp\/v2\/posts\/59227","targetHints":{"allow":["GET"]}}],"collection":[{"href":"https:\/\/informelitoral.com.ar\/%77%70%2d%6a%73%6f%6e\/wp\/v2\/posts"}],"about":[{"href":"https:\/\/informelitoral.com.ar\/%77%70%2d%6a%73%6f%6e\/wp\/v2\/types\/post"}],"author":[{"embeddable":true,"href":"https:\/\/informelitoral.com.ar\/%77%70%2d%6a%73%6f%6e\/wp\/v2\/users\/2"}],"replies":[{"embeddable":true,"href":"https:\/\/informelitoral.com.ar\/%77%70%2d%6a%73%6f%6e\/wp\/v2\/comments?post=59227"}],"version-history":[{"count":0,"href":"https:\/\/informelitoral.com.ar\/%77%70%2d%6a%73%6f%6e\/wp\/v2\/posts\/59227\/revisions"}],"wp:featuredmedia":[{"embeddable":true,"href":"https:\/\/informelitoral.com.ar\/%77%70%2d%6a%73%6f%6e\/wp\/v2\/media\/59228"}],"wp:attachment":[{"href":"https:\/\/informelitoral.com.ar\/%77%70%2d%6a%73%6f%6e\/wp\/v2\/media?parent=59227"}],"wp:term":[{"taxonomy":"category","embeddable":true,"href":"https:\/\/informelitoral.com.ar\/%77%70%2d%6a%73%6f%6e\/wp\/v2\/categories?post=59227"},{"taxonomy":"post_tag","embeddable":true,"href":"https:\/\/informelitoral.com.ar\/%77%70%2d%6a%73%6f%6e\/wp\/v2\/tags?post=59227"}],"curies":[{"name":"wp","href":"https:\/\/api.w.org\/{rel}","templated":true}]}}