{"id":59208,"date":"2021-04-23T16:44:05","date_gmt":"2021-04-23T19:44:05","guid":{"rendered":"https:\/\/www.informelitoral.com.ar\/?p=59208"},"modified":"2021-04-23T16:59:17","modified_gmt":"2021-04-23T19:59:17","slug":"desde-este-sabado-habra-nuevas-restricciones-para-circular-en-entre-rios","status":"publish","type":"post","link":"https:\/\/informelitoral.com.ar\/desde-este-sabado-habra-nuevas-restricciones-para-circular-en-entre-rios\/","title":{"rendered":"Desde este s\u00e1bado habr\u00e1 nuevas restricciones para circular en Entre R\u00edos"},"content":{"rendered":"<p>\u201cEstamos asistiendo en nuestro pa\u00eds, a la segunda ola de contagios, cuyos picos estamos atravesando por estos d\u00edas\u201d, dijo Gustavo Bordet y agreg\u00f3 que por tal motivo, \u201c<b>hemos decidido tomar nuevas medidas, pero que se siga priorizando las clases presenciales y la actividad econ\u00f3mica<\/b>\u201d.<\/p>\n<p>Al respecto, el gobernador sostuvo que \u201cresulta imprescindible restringir la circulaci\u00f3n de personas en distintos horarios, en especial, en la nocturnidad\u201d, para que con dicha conducta, se logre \u201cdisminuir el n\u00famero de contagios\u201d, afirm\u00f3.<\/p>\n<p><strong>Impacto de las cepas<\/strong><\/p>\n<p>\u201cDebemos preservar la salud p\u00fablica adoptando medidas proporcionales a la amenaza que se enfrenta, en forma sectorizada y temporaria\u201d, indic\u00f3 el gobernador entrerriano.<br \/>\nEn ese marco, desde el Comit\u00e9 de Organizaci\u00f3n de Emergencia en Salud (COES) elev\u00f3 al Poder Ejecutivo un informe que da cuenta del incremento de la transmisi\u00f3n de COVID-19.\u00a0<b>Resaltan el impacto en los adultos j\u00f3venes a partir de las nuevas variantes de Manaos y del Reino Unido, caracterizadas por su mayor transmisibilidad y riesgo<\/b>.<\/p>\n<h5><strong>Ocupaci\u00f3n de camas<\/strong><\/h5>\n<p>El documento resalta el impacto de la segunda ola en el sistema sanitario, con\u00a0<b>un aumento exponencial de ocupaci\u00f3n de camas de terapia intensiva. Esto ha llevado al sistema sanitario a tener que diferir las intervenciones por patolog\u00edas distintas a COVID-19<\/b>.<\/p>\n<p>Si bien desde que comenz\u00f3 la pandemia el gobierno de la provincia duplic\u00f3 la capacidad del sistema sanitario tanto en materia de recursos como de servicios,\u00a0<b>ampli\u00f3 los sectores de internaci\u00f3n general y reforz\u00f3 las guardias, la disponibilidad de recursos humanos se presenta hoy como un factor limitante para seguir ampli\u00e1ndose<\/b>.<\/p>\n<p>Adem\u00e1s, el documento del comit\u00e9 de especialistas remarca que la Organizaci\u00f3n Mundial de la Salud (OMS) insta a las autoridades gubernamentales a adoptar todas las medidas necesarias para reducir la propagaci\u00f3n de la Covid-19,\u00a0<b>a prevenir la infecci\u00f3n especialmente en personas vulnerables con enfermedades graves y a evitar la saturaci\u00f3n de sus sistemas de salud<\/b>.<\/p>\n<p>En base a la evidencia surgida del an\u00e1lisis de la situaci\u00f3n epidemiol\u00f3gica de la provincia,\u00a0<b>las autoridades del COES concluyen en la necesidad de adoptar medidas tendientes a disminuir la circulaci\u00f3n de personas particularmente en el horario nocturno<\/b>.<\/p>\n<p>En aquellas localidades definidas como de alto riesgo epidemiol\u00f3gico y sanitario habr\u00e1 disposiciones locales y focalizadas de contenci\u00f3n que se llevar\u00e1n adelante junto a\u00a0<b>las autoridades municipales que podr\u00e1n definir ampliar los alcances de las medidas dispuestas por la normativa provincial.<\/b><\/p>\n<h5><strong>Detalle de las medidas<\/strong><\/h5>\n<p>1)\u00a0<b>Se sostienen las clases presenciales<\/b>\u00a0con el riguroso cumplimento de los protocolos vigentes.<\/p>\n<p>2)\u00a0<b>Contin\u00faa la restricci\u00f3n de circulaci\u00f3n de 0 a 6 todos los d\u00edas<\/b>.<\/p>\n<p>3) Se proh\u00edbe la permanencia de personas en p<b>lazas, espacios y paseos p\u00fablicos entre las 20 y las 6 todos los d\u00edas de la semana<\/b>.<\/p>\n<p>4)\u00a0<b>Se suspenden las reuniones sociales en domicilios<\/b>\u00a0particulares y\u00a0<b>contin\u00faan habilitadas las familiares hasta 10 personas<\/b>.<\/p>\n<p>5)\u00a0<b>Se podr\u00e1n realizar actividades y reuniones sociales en espacios p\u00fablicos al aire libre<\/b>, hasta las 20 personas en el horario comprendido entre las 6 y las 20.<\/p>\n<p>6)\u00a0<b>Se suspenden eventos y espect\u00e1culos musicales, culturales<\/b>\u00a0que impliquen concurrencia de p\u00fablico, salones para fiestas y salas de entretenimiento.<\/p>\n<p>7)\u00a0<b>Los locales gastron\u00f3micos continuar\u00e1n funcionando con el aforo del 50% hasta la hora 0 y el ingreso de personas se permitir\u00e1 hasta las 23<\/b>. En estos espacios no estar\u00e1n permitidas las actividades complementarias en forma presencial de artistas y grupos musicales.<\/p>\n<p>8)\u00a0<b>Las actividades en espacios cerrados de clubes, gimnasios, cines e iglesias funcionar\u00e1n con un aforo del 50%<\/b>\u00a0y un m\u00e1ximo de asistencia de 50 personas.<\/p>\n<p>9)\u00a0<b>Se proh\u00edben las competencias deportivas provinciales, zonales o locales de car\u00e1cter profesional y amateur<\/b>\u00a0no habilitadas expresamente por autoridades nacionales.<\/p>\n<p>10)\u00a0<b>Se insta a la Secretar\u00eda de Transporte de la Provincia<\/b>\u00a0a articular con autoridades municipales\/comunales y con la Polic\u00eda de Entre R\u00edos, el trabajo de\u00a0<b>control y fiscalizaci\u00f3n del estricto cumplimiento del protocolo<\/b>\u00a0aprobado correspondiente a los servicios de transporte p\u00fablico urbano e interurbano de pasajeros.<\/p>\n","protected":false},"excerpt":{"rendered":"<p>Las nuevas medidas regir\u00e1n hasta el 3 de mayo. Bordet ratific\u00f3 la presencialidad en las escuelas y que se sostendr\u00e1 la actividad econ\u00f3mica. El detalle de las nuevas medidas dispuestas por el Gobernador.<\/p>\n","protected":false},"author":2,"featured_media":58147,"comment_status":"open","ping_status":"open","sticky":false,"template":"","format":"standard","meta":{"fifu_image_url":"","fifu_image_alt":"","footnotes":""},"categories":[6,16],"tags":[1868,1426,81,2267,2257],"class_list":{"0":"post-59208","1":"post","2":"type-post","3":"status-publish","4":"format-standard","5":"has-post-thumbnail","7":"category-entre-rios","8":"category-politi","9":"tag-bordet","10":"tag-coronavirus","11":"tag-entre-rios","12":"tag-restricciones","13":"tag-restricciones-nocturnas"},"yoast_head":"<title>Desde este s\u00e1bado habr\u00e1 nuevas restricciones para circular en Entre R\u00edos - Informe Litoral<\/title>\n<meta name=\"robots\" content=\"index, follow, max-snippet:-1, max-image-preview:large, max-video-preview:-1\" \/>\n<link rel=\"canonical\" href=\"https:\/\/informelitoral.com.ar\/desde-este-sabado-habra-nuevas-restricciones-para-circular-en-entre-rios\/\" \/>\n<meta property=\"og:locale\" content=\"es_ES\" \/>\n<meta property=\"og:type\" content=\"article\" \/>\n<meta property=\"og:title\" content=\"Desde este s\u00e1bado habr\u00e1 nuevas restricciones para circular en Entre R\u00edos - Informe Litoral\" \/>\n<meta property=\"og:description\" content=\"Las nuevas medidas regir\u00e1n hasta el 3 de mayo. Bordet ratific\u00f3 la presencialidad en las escuelas y que se sostendr\u00e1 la actividad econ\u00f3mica. El detalle de las nuevas medidas dispuestas por el Gobernador.\" \/>\n<meta property=\"og:url\" content=\"https:\/\/informelitoral.com.ar\/desde-este-sabado-habra-nuevas-restricciones-para-circular-en-entre-rios\/\" \/>\n<meta property=\"og:site_name\" content=\"Informe Litoral\" \/>\n<meta property=\"article:publisher\" content=\"https:\/\/www.facebook.com\/informelitoral\/\" \/>\n<meta property=\"article:published_time\" content=\"2021-04-23T19:44:05+00:00\" \/>\n<meta property=\"article:modified_time\" content=\"2021-04-23T19:59:17+00:00\" \/>\n<meta property=\"og:image\" content=\"https:\/\/informelitoral.com.ar\/%77%70%2d%63%6f%6e%74%65%6e%74\/uploads\/2021\/03\/restricciones-nocturnas.jpg\" \/>\n\t<meta property=\"og:image:width\" content=\"800\" \/>\n\t<meta property=\"og:image:height\" content=\"450\" \/>\n\t<meta property=\"og:image:type\" content=\"image\/jpeg\" \/>\n<meta name=\"author\" content=\"Gonzalo Schmidt\" \/>\n<meta name=\"twitter:card\" content=\"summary_large_image\" \/>\n<meta name=\"twitter:creator\" content=\"@InformeLitoral\" \/>\n<meta name=\"twitter:site\" content=\"@InformeLitoral\" \/>\n<meta name=\"twitter:label1\" content=\"Escrito por\" \/>\n\t<meta name=\"twitter:data1\" content=\"Gonzalo Schmidt\" \/>\n\t<meta name=\"twitter:label2\" content=\"Tiempo de lectura\" \/>\n\t<meta name=\"twitter:data2\" content=\"3 minutos\" \/>\n<script type=\"application\/ld+json\" class=\"yoast-schema-graph\">{\"@context\":\"https:\\\/\\\/schema.org\",\"@graph\":[{\"@type\":\"Article\",\"@id\":\"https:\\\/\\\/informelitoral.com.ar\\\/desde-este-sabado-habra-nuevas-restricciones-para-circular-en-entre-rios\\\/#article\",\"isPartOf\":{\"@id\":\"https:\\\/\\\/informelitoral.com.ar\\\/desde-este-sabado-habra-nuevas-restricciones-para-circular-en-entre-rios\\\/\"},\"author\":{\"name\":\"Gonzalo Schmidt\",\"@id\":\"https:\\\/\\\/informelitoral.com.ar\\\/#\\\/schema\\\/person\\\/b9d00407c836482871ef1d57bf8e3180\"},\"headline\":\"Desde este s\u00e1bado habr\u00e1 nuevas restricciones para circular en Entre R\u00edos\",\"datePublished\":\"2021-04-23T19:44:05+00:00\",\"dateModified\":\"2021-04-23T19:59:17+00:00\",\"mainEntityOfPage\":{\"@id\":\"https:\\\/\\\/informelitoral.com.ar\\\/desde-este-sabado-habra-nuevas-restricciones-para-circular-en-entre-rios\\\/\"},\"wordCount\":688,\"commentCount\":0,\"publisher\":{\"@id\":\"https:\\\/\\\/informelitoral.com.ar\\\/#organization\"},\"image\":{\"@id\":\"https:\\\/\\\/informelitoral.com.ar\\\/desde-este-sabado-habra-nuevas-restricciones-para-circular-en-entre-rios\\\/#primaryimage\"},\"thumbnailUrl\":\"https:\\\/\\\/informelitoral.com.ar\\\/%77%70%2d%63%6f%6e%74%65%6e%74\\\/uploads\\\/2021\\\/03\\\/restricciones-nocturnas.jpg\",\"keywords\":[\"Bordet\",\"Coronavirus\",\"Entre R\u00edos\",\"Restricciones\",\"Restricciones nocturnas\"],\"articleSection\":[\"Entre R\u00edos\",\"Politica\"],\"inLanguage\":\"es\",\"potentialAction\":[{\"@type\":\"CommentAction\",\"name\":\"Comment\",\"target\":[\"https:\\\/\\\/informelitoral.com.ar\\\/desde-este-sabado-habra-nuevas-restricciones-para-circular-en-entre-rios\\\/#respond\"]}]},{\"@type\":\"WebPage\",\"@id\":\"https:\\\/\\\/informelitoral.com.ar\\\/desde-este-sabado-habra-nuevas-restricciones-para-circular-en-entre-rios\\\/\",\"url\":\"https:\\\/\\\/informelitoral.com.ar\\\/desde-este-sabado-habra-nuevas-restricciones-para-circular-en-entre-rios\\\/\",\"name\":\"Desde este s\u00e1bado habr\u00e1 nuevas restricciones para circular en Entre R\u00edos - Informe Litoral\",\"isPartOf\":{\"@id\":\"https:\\\/\\\/informelitoral.com.ar\\\/#website\"},\"primaryImageOfPage\":{\"@id\":\"https:\\\/\\\/informelitoral.com.ar\\\/desde-este-sabado-habra-nuevas-restricciones-para-circular-en-entre-rios\\\/#primaryimage\"},\"image\":{\"@id\":\"https:\\\/\\\/informelitoral.com.ar\\\/desde-este-sabado-habra-nuevas-restricciones-para-circular-en-entre-rios\\\/#primaryimage\"},\"thumbnailUrl\":\"https:\\\/\\\/informelitoral.com.ar\\\/%77%70%2d%63%6f%6e%74%65%6e%74\\\/uploads\\\/2021\\\/03\\\/restricciones-nocturnas.jpg\",\"datePublished\":\"2021-04-23T19:44:05+00:00\",\"dateModified\":\"2021-04-23T19:59:17+00:00\",\"breadcrumb\":{\"@id\":\"https:\\\/\\\/informelitoral.com.ar\\\/desde-este-sabado-habra-nuevas-restricciones-para-circular-en-entre-rios\\\/#breadcrumb\"},\"inLanguage\":\"es\",\"potentialAction\":[{\"@type\":\"ReadAction\",\"target\":[\"https:\\\/\\\/informelitoral.com.ar\\\/desde-este-sabado-habra-nuevas-restricciones-para-circular-en-entre-rios\\\/\"]}]},{\"@type\":\"ImageObject\",\"inLanguage\":\"es\",\"@id\":\"https:\\\/\\\/informelitoral.com.ar\\\/desde-este-sabado-habra-nuevas-restricciones-para-circular-en-entre-rios\\\/#primaryimage\",\"url\":\"https:\\\/\\\/informelitoral.com.ar\\\/%77%70%2d%63%6f%6e%74%65%6e%74\\\/uploads\\\/2021\\\/03\\\/restricciones-nocturnas.jpg\",\"contentUrl\":\"https:\\\/\\\/informelitoral.com.ar\\\/%77%70%2d%63%6f%6e%74%65%6e%74\\\/uploads\\\/2021\\\/03\\\/restricciones-nocturnas.jpg\",\"width\":800,\"height\":450},{\"@type\":\"BreadcrumbList\",\"@id\":\"https:\\\/\\\/informelitoral.com.ar\\\/desde-este-sabado-habra-nuevas-restricciones-para-circular-en-entre-rios\\\/#breadcrumb\",\"itemListElement\":[{\"@type\":\"ListItem\",\"position\":1,\"name\":\"Portada\",\"item\":\"https:\\\/\\\/informelitoral.com.ar\\\/\"},{\"@type\":\"ListItem\",\"position\":2,\"name\":\"Desde este s\u00e1bado habr\u00e1 nuevas restricciones para circular en Entre R\u00edos\"}]},{\"@type\":\"WebSite\",\"@id\":\"https:\\\/\\\/informelitoral.com.ar\\\/#website\",\"url\":\"https:\\\/\\\/informelitoral.com.ar\\\/\",\"name\":\"Informe Litoral\",\"description\":\"&quot;Nos informamos&quot; \",\"publisher\":{\"@id\":\"https:\\\/\\\/informelitoral.com.ar\\\/#organization\"},\"potentialAction\":[{\"@type\":\"SearchAction\",\"target\":{\"@type\":\"EntryPoint\",\"urlTemplate\":\"https:\\\/\\\/informelitoral.com.ar\\\/?s={search_term_string}\"},\"query-input\":{\"@type\":\"PropertyValueSpecification\",\"valueRequired\":true,\"valueName\":\"search_term_string\"}}],\"inLanguage\":\"es\"},{\"@type\":\"Organization\",\"@id\":\"https:\\\/\\\/informelitoral.com.ar\\\/#organization\",\"name\":\"Informe Litoral\",\"url\":\"https:\\\/\\\/informelitoral.com.ar\\\/\",\"logo\":{\"@type\":\"ImageObject\",\"inLanguage\":\"es\",\"@id\":\"https:\\\/\\\/informelitoral.com.ar\\\/#\\\/schema\\\/logo\\\/image\\\/\",\"url\":\"https:\\\/\\\/informelitoral.com.ar\\\/%77%70%2d%63%6f%6e%74%65%6e%74\\\/uploads\\\/2021\\\/01\\\/circulo.png\",\"contentUrl\":\"https:\\\/\\\/informelitoral.com.ar\\\/%77%70%2d%63%6f%6e%74%65%6e%74\\\/uploads\\\/2021\\\/01\\\/circulo.png\",\"width\":723,\"height\":731,\"caption\":\"Informe Litoral\"},\"image\":{\"@id\":\"https:\\\/\\\/informelitoral.com.ar\\\/#\\\/schema\\\/logo\\\/image\\\/\"},\"sameAs\":[\"https:\\\/\\\/www.facebook.com\\\/informelitoral\\\/\",\"https:\\\/\\\/x.com\\\/InformeLitoral\",\"https:\\\/\\\/www.instagram.com\\\/informelitoral\\\/\",\"https:\\\/\\\/www.youtube.com\\\/channel\\\/UCua4Qvz8Icb6MYqhoq9xLXw\"]},{\"@type\":\"Person\",\"@id\":\"https:\\\/\\\/informelitoral.com.ar\\\/#\\\/schema\\\/person\\\/b9d00407c836482871ef1d57bf8e3180\",\"name\":\"Gonzalo Schmidt\",\"image\":{\"@type\":\"ImageObject\",\"inLanguage\":\"es\",\"@id\":\"https:\\\/\\\/secure.gravatar.com\\\/avatar\\\/31a1a7b66ff2de83bd0e9fd79d026630d2d99e55e8bfe501287647b4fd9743de?s=96&d=mm&r=g\",\"url\":\"https:\\\/\\\/secure.gravatar.com\\\/avatar\\\/31a1a7b66ff2de83bd0e9fd79d026630d2d99e55e8bfe501287647b4fd9743de?s=96&d=mm&r=g\",\"contentUrl\":\"https:\\\/\\\/secure.gravatar.com\\\/avatar\\\/31a1a7b66ff2de83bd0e9fd79d026630d2d99e55e8bfe501287647b4fd9743de?s=96&d=mm&r=g\",\"caption\":\"Gonzalo Schmidt\"},\"description\":\"Sitio web de noticias de la provincia de Entre R\u00edos, Argentina. Informaci\u00f3n y entretenimiento. Informe Litoral, nos informamos.\",\"sameAs\":[\"http:\\\/\\\/www.isletasnoticias.com.ar\"],\"url\":\"https:\\\/\\\/informelitoral.com.ar\\\/author\\\/gonzalo\\\/\"}]}<\/script>","yoast_head_json":{"title":"Desde este s\u00e1bado habr\u00e1 nuevas restricciones para circular en Entre R\u00edos - Informe Litoral","robots":{"index":"index","follow":"follow","max-snippet":"max-snippet:-1","max-image-preview":"max-image-preview:large","max-video-preview":"max-video-preview:-1"},"canonical":"https:\/\/informelitoral.com.ar\/desde-este-sabado-habra-nuevas-restricciones-para-circular-en-entre-rios\/","og_locale":"es_ES","og_type":"article","og_title":"Desde este s\u00e1bado habr\u00e1 nuevas restricciones para circular en Entre R\u00edos - Informe Litoral","og_description":"Las nuevas medidas regir\u00e1n hasta el 3 de mayo. Bordet ratific\u00f3 la presencialidad en las escuelas y que se sostendr\u00e1 la actividad econ\u00f3mica. El detalle de las nuevas medidas dispuestas por el Gobernador.","og_url":"https:\/\/informelitoral.com.ar\/desde-este-sabado-habra-nuevas-restricciones-para-circular-en-entre-rios\/","og_site_name":"Informe Litoral","article_publisher":"https:\/\/www.facebook.com\/informelitoral\/","article_published_time":"2021-04-23T19:44:05+00:00","article_modified_time":"2021-04-23T19:59:17+00:00","og_image":[{"width":800,"height":450,"url":"https:\/\/informelitoral.com.ar\/%77%70%2d%63%6f%6e%74%65%6e%74\/uploads\/2021\/03\/restricciones-nocturnas.jpg","type":"image\/jpeg"}],"author":"Gonzalo Schmidt","twitter_card":"summary_large_image","twitter_creator":"@InformeLitoral","twitter_site":"@InformeLitoral","twitter_misc":{"Escrito por":"Gonzalo Schmidt","Tiempo de lectura":"3 minutos"},"schema":{"@context":"https:\/\/schema.org","@graph":[{"@type":"Article","@id":"https:\/\/informelitoral.com.ar\/desde-este-sabado-habra-nuevas-restricciones-para-circular-en-entre-rios\/#article","isPartOf":{"@id":"https:\/\/informelitoral.com.ar\/desde-este-sabado-habra-nuevas-restricciones-para-circular-en-entre-rios\/"},"author":{"name":"Gonzalo Schmidt","@id":"https:\/\/informelitoral.com.ar\/#\/schema\/person\/b9d00407c836482871ef1d57bf8e3180"},"headline":"Desde este s\u00e1bado habr\u00e1 nuevas restricciones para circular en Entre R\u00edos","datePublished":"2021-04-23T19:44:05+00:00","dateModified":"2021-04-23T19:59:17+00:00","mainEntityOfPage":{"@id":"https:\/\/informelitoral.com.ar\/desde-este-sabado-habra-nuevas-restricciones-para-circular-en-entre-rios\/"},"wordCount":688,"commentCount":0,"publisher":{"@id":"https:\/\/informelitoral.com.ar\/#organization"},"image":{"@id":"https:\/\/informelitoral.com.ar\/desde-este-sabado-habra-nuevas-restricciones-para-circular-en-entre-rios\/#primaryimage"},"thumbnailUrl":"https:\/\/informelitoral.com.ar\/%77%70%2d%63%6f%6e%74%65%6e%74\/uploads\/2021\/03\/restricciones-nocturnas.jpg","keywords":["Bordet","Coronavirus","Entre R\u00edos","Restricciones","Restricciones nocturnas"],"articleSection":["Entre R\u00edos","Politica"],"inLanguage":"es","potentialAction":[{"@type":"CommentAction","name":"Comment","target":["https:\/\/informelitoral.com.ar\/desde-este-sabado-habra-nuevas-restricciones-para-circular-en-entre-rios\/#respond"]}]},{"@type":"WebPage","@id":"https:\/\/informelitoral.com.ar\/desde-este-sabado-habra-nuevas-restricciones-para-circular-en-entre-rios\/","url":"https:\/\/informelitoral.com.ar\/desde-este-sabado-habra-nuevas-restricciones-para-circular-en-entre-rios\/","name":"Desde este s\u00e1bado habr\u00e1 nuevas restricciones para circular en Entre R\u00edos - Informe Litoral","isPartOf":{"@id":"https:\/\/informelitoral.com.ar\/#website"},"primaryImageOfPage":{"@id":"https:\/\/informelitoral.com.ar\/desde-este-sabado-habra-nuevas-restricciones-para-circular-en-entre-rios\/#primaryimage"},"image":{"@id":"https:\/\/informelitoral.com.ar\/desde-este-sabado-habra-nuevas-restricciones-para-circular-en-entre-rios\/#primaryimage"},"thumbnailUrl":"https:\/\/informelitoral.com.ar\/%77%70%2d%63%6f%6e%74%65%6e%74\/uploads\/2021\/03\/restricciones-nocturnas.jpg","datePublished":"2021-04-23T19:44:05+00:00","dateModified":"2021-04-23T19:59:17+00:00","breadcrumb":{"@id":"https:\/\/informelitoral.com.ar\/desde-este-sabado-habra-nuevas-restricciones-para-circular-en-entre-rios\/#breadcrumb"},"inLanguage":"es","potentialAction":[{"@type":"ReadAction","target":["https:\/\/informelitoral.com.ar\/desde-este-sabado-habra-nuevas-restricciones-para-circular-en-entre-rios\/"]}]},{"@type":"ImageObject","inLanguage":"es","@id":"https:\/\/informelitoral.com.ar\/desde-este-sabado-habra-nuevas-restricciones-para-circular-en-entre-rios\/#primaryimage","url":"https:\/\/informelitoral.com.ar\/%77%70%2d%63%6f%6e%74%65%6e%74\/uploads\/2021\/03\/restricciones-nocturnas.jpg","contentUrl":"https:\/\/informelitoral.com.ar\/%77%70%2d%63%6f%6e%74%65%6e%74\/uploads\/2021\/03\/restricciones-nocturnas.jpg","width":800,"height":450},{"@type":"BreadcrumbList","@id":"https:\/\/informelitoral.com.ar\/desde-este-sabado-habra-nuevas-restricciones-para-circular-en-entre-rios\/#breadcrumb","itemListElement":[{"@type":"ListItem","position":1,"name":"Portada","item":"https:\/\/informelitoral.com.ar\/"},{"@type":"ListItem","position":2,"name":"Desde este s\u00e1bado habr\u00e1 nuevas restricciones para circular en Entre R\u00edos"}]},{"@type":"WebSite","@id":"https:\/\/informelitoral.com.ar\/#website","url":"https:\/\/informelitoral.com.ar\/","name":"Informe Litoral","description":"&quot;Nos informamos&quot; ","publisher":{"@id":"https:\/\/informelitoral.com.ar\/#organization"},"potentialAction":[{"@type":"SearchAction","target":{"@type":"EntryPoint","urlTemplate":"https:\/\/informelitoral.com.ar\/?s={search_term_string}"},"query-input":{"@type":"PropertyValueSpecification","valueRequired":true,"valueName":"search_term_string"}}],"inLanguage":"es"},{"@type":"Organization","@id":"https:\/\/informelitoral.com.ar\/#organization","name":"Informe Litoral","url":"https:\/\/informelitoral.com.ar\/","logo":{"@type":"ImageObject","inLanguage":"es","@id":"https:\/\/informelitoral.com.ar\/#\/schema\/logo\/image\/","url":"https:\/\/informelitoral.com.ar\/%77%70%2d%63%6f%6e%74%65%6e%74\/uploads\/2021\/01\/circulo.png","contentUrl":"https:\/\/informelitoral.com.ar\/%77%70%2d%63%6f%6e%74%65%6e%74\/uploads\/2021\/01\/circulo.png","width":723,"height":731,"caption":"Informe Litoral"},"image":{"@id":"https:\/\/informelitoral.com.ar\/#\/schema\/logo\/image\/"},"sameAs":["https:\/\/www.facebook.com\/informelitoral\/","https:\/\/x.com\/InformeLitoral","https:\/\/www.instagram.com\/informelitoral\/","https:\/\/www.youtube.com\/channel\/UCua4Qvz8Icb6MYqhoq9xLXw"]},{"@type":"Person","@id":"https:\/\/informelitoral.com.ar\/#\/schema\/person\/b9d00407c836482871ef1d57bf8e3180","name":"Gonzalo Schmidt","image":{"@type":"ImageObject","inLanguage":"es","@id":"https:\/\/secure.gravatar.com\/avatar\/31a1a7b66ff2de83bd0e9fd79d026630d2d99e55e8bfe501287647b4fd9743de?s=96&d=mm&r=g","url":"https:\/\/secure.gravatar.com\/avatar\/31a1a7b66ff2de83bd0e9fd79d026630d2d99e55e8bfe501287647b4fd9743de?s=96&d=mm&r=g","contentUrl":"https:\/\/secure.gravatar.com\/avatar\/31a1a7b66ff2de83bd0e9fd79d026630d2d99e55e8bfe501287647b4fd9743de?s=96&d=mm&r=g","caption":"Gonzalo Schmidt"},"description":"Sitio web de noticias de la provincia de Entre R\u00edos, Argentina. Informaci\u00f3n y entretenimiento. Informe Litoral, nos informamos.","sameAs":["http:\/\/www.isletasnoticias.com.ar"],"url":"https:\/\/informelitoral.com.ar\/author\/gonzalo\/"}]}},"_links":{"self":[{"href":"https:\/\/informelitoral.com.ar\/%77%70%2d%6a%73%6f%6e\/wp\/v2\/posts\/59208","targetHints":{"allow":["GET"]}}],"collection":[{"href":"https:\/\/informelitoral.com.ar\/%77%70%2d%6a%73%6f%6e\/wp\/v2\/posts"}],"about":[{"href":"https:\/\/informelitoral.com.ar\/%77%70%2d%6a%73%6f%6e\/wp\/v2\/types\/post"}],"author":[{"embeddable":true,"href":"https:\/\/informelitoral.com.ar\/%77%70%2d%6a%73%6f%6e\/wp\/v2\/users\/2"}],"replies":[{"embeddable":true,"href":"https:\/\/informelitoral.com.ar\/%77%70%2d%6a%73%6f%6e\/wp\/v2\/comments?post=59208"}],"version-history":[{"count":0,"href":"https:\/\/informelitoral.com.ar\/%77%70%2d%6a%73%6f%6e\/wp\/v2\/posts\/59208\/revisions"}],"wp:featuredmedia":[{"embeddable":true,"href":"https:\/\/informelitoral.com.ar\/%77%70%2d%6a%73%6f%6e\/wp\/v2\/media\/58147"}],"wp:attachment":[{"href":"https:\/\/informelitoral.com.ar\/%77%70%2d%6a%73%6f%6e\/wp\/v2\/media?parent=59208"}],"wp:term":[{"taxonomy":"category","embeddable":true,"href":"https:\/\/informelitoral.com.ar\/%77%70%2d%6a%73%6f%6e\/wp\/v2\/categories?post=59208"},{"taxonomy":"post_tag","embeddable":true,"href":"https:\/\/informelitoral.com.ar\/%77%70%2d%6a%73%6f%6e\/wp\/v2\/tags?post=59208"}],"curies":[{"name":"wp","href":"https:\/\/api.w.org\/{rel}","templated":true}]}}