{"id":5918,"date":"2014-03-05T18:38:27","date_gmt":"2014-03-05T21:38:27","guid":{"rendered":"http:\/\/www.isletasnoticias.com.ar\/?p=5918"},"modified":"2014-03-05T18:38:27","modified_gmt":"2014-03-05T21:38:27","slug":"movilizacion-y-duro-reclamo-docente-en-entre-rios","status":"publish","type":"post","link":"https:\/\/informelitoral.com.ar\/movilizacion-y-duro-reclamo-docente-en-entre-rios\/","title":{"rendered":"Movilizaci\u00f3n y duro reclamo docente en Entre R\u00edos"},"content":{"rendered":"<p><strong>Los gremios docentes se movilizaron este mi\u00e9rcoles a la Casa Gris. Rechazaron la actitud del gobierno entrerriano que hizo una propuesta salarial luego de dos meses de negociaciones. Repudiaron por \u00abneoliberal\u00bb el presentismo.<\/strong><\/p>\n<p><img loading=\"lazy\" decoding=\"async\" class=\"aligncenter size-medium wp-image-5919\" alt=\"docentes\" src=\"http:\/\/www.isletasnoticias.com.ar\/%77%70%2d%63%6f%6e%74%65%6e%74\/uploads\/2014\/03\/docentes-300x168.jpg\" width=\"300\" height=\"168\" srcset=\"https:\/\/informelitoral.com.ar\/%77%70%2d%63%6f%6e%74%65%6e%74\/uploads\/2014\/03\/docentes-300x168.jpg 300w, https:\/\/informelitoral.com.ar\/%77%70%2d%63%6f%6e%74%65%6e%74\/uploads\/2014\/03\/docentes.jpg 640w\" sizes=\"auto, (max-width: 300px) 100vw, 300px\" \/><\/p>\n<p>Los docentes entrerrianos se movilizaron a la Casa de Gobierno en reclamo por aumento salarial, mejoras en las infraestructuras de las escuelas y en rechazo a la conciliaci\u00f3n obligatoria de Naci\u00f3n y Provincia.<\/p>\n<p>La marcha provincial estuvo encabezada por la Asociaci\u00f3n Gremial del Magisterio de Entre R\u00edos (AGMER), que reuni\u00f3 a las diferentes expresiones internas en la masiva movilizaci\u00f3n que cont\u00f3 con la presencia de la totalidad de las seccionales del gremio en la provincia. Tambi\u00e9n estuvieron los docentes privados (Sadop) y los t\u00e9cnicos (Amet), CTA Entre R\u00edos, CTA Paran\u00e1, un sector de ATE del hospital San Mart\u00edn y agrupaciones estudiantiles de UADER y UNER.<\/p>\n<p>Luego de la marcha por las calles cercanas a la Casa de Gobierno, los docentes se ubicaron en la explanada donde sus dirigentes dieron efusivos discursos en rechazo a la propuesta salarial considerada insuficientes y al presentismo, objetado por ser una \u201cherramienta\u00a0neoliberal\u201d.<\/p>\n<p>Los gremios docentes mostraron durante la protesta la unidad de acci\u00f3n entre los sectores internos, a\u00fan as\u00ed el \u00fanico momento en que se percibi\u00f3 las diferencias fue al momento de entonar el himno nacional. Por un lado las seccionales que conduce la agrupaci\u00f3n Rojo y Negro y que es el sector m\u00e1s cr\u00edtico al gobierno lo hizo de espaldas a la Casa Gris, como lo efect\u00faa habitualmente. En cambio, la conducci\u00f3n de Agmer, integrada por sectores afines al gobierno entonaron las estrofas del himno de frente a la casa de gobierno.<\/p>\n<p><b>De Bueno: \u00abreci\u00e9n ayer nos hacen un ofrecimiento\u00bb<\/b><br \/>\nEl primer dirigente en tomar la palabra fue Hugo de Bueno, de AMET, quien expres\u00f3 que la \u201cmultitud nos est\u00e1 dando la muestra de que es m\u00e1s que legitimo nuestro reclamo que es nada m\u00e1s y nada menos que un salario digno, ya que lo que ofreci\u00f3 el gobierno nacional es una ofensa para los trabajadores\u201d.<\/p>\n<p>\u201cEl gobierno provincial despu\u00e9s de estar desde el 6 de enero, estuvimos atentos, alertas y con toda la paciencia del mundo negociando y reci\u00e9n ayer nos hacen un ofrecimiento que difiere m\u00ednimamente\u00a0de la verg\u00fcenza nacional\u201d, se\u00f1al\u00f3, para luego cuestionar la capitaci\u00f3n de formaci\u00f3n docente que cosech\u00f3 cr\u00edticas en toda la provincia. \u201cEleven la punter\u00eda\u201d, pidi\u00f3 De Bueno en relaci\u00f3n a la calidad de las capacitaciones.<\/p>\n<p><b>Stegba\u00f1er: \u00abel presentismo es u<\/b><b>na acci\u00f3n coercitiva\u00bb<\/b><\/p>\n<p>Por su parte, el Secretario de Administraci\u00f3n y Actas de la Comisi\u00f3n Directiva Central de Agmer, <strong>Miguel Stegba\u00f1er,<\/strong> expres\u00f3 su satisfacci\u00f3n por la movilizaci\u00f3n de la docencia entrerriana y calific\u00f3 al paro como \u201chist\u00f3rico\u201d con un acatamiento a la medida del 96%.<\/p>\n<p>En referencia al discurso del s\u00e1bado pasado de la presidenta Cristina Kirchner, Stegba\u00f1er, se\u00f1al\u00f3 que \u201cpara los docentes tambi\u00e9n es un parto estar todo los d\u00edas en la aulas cuando no hay infraestructura y salarios\u201d.<\/p>\n<p>\u201cNos van a encontrar luchando contra el\u00a0presentismo que es una acci\u00f3n coercitiva. Quieren imponer herramientas neoliberales para enfrentarnos con la sociedad\u201d, subray\u00f3 adem\u00e1s el dirigente e integrante de la agrupaci\u00f3n Rojo y Negro.<\/p>\n<p>P\u00e1rrafo aparte, Stegba\u00f1er, critic\u00f3 el \u00abimpuestazo\u00bb -Reforma Tributaria- provincial aprobado a mediados de diciembre de 2013,\u00a0\u00a0que recibi\u00f3 el apoyo de CTA Entre R\u00edos, que conduce <strong>Luis G\u00e1lligo.<\/strong><\/p>\n<p>En otro orden de cosas, el gremialista, asegur\u00f3: \u201cLe vamos a decir que no a la propuesta nacional. Nos quieren hacer creer que discutiendo salarios por un a\u00f1o y medio nosotros tenemos que aceptar porque sino la sacan por decreto. Est\u00e1n rompiendo las paritarias\u201d.<\/p>\n<p><b>Pecc\u00edn. \u201cel presentismo no es salario\u201d<\/b><br \/>\nA su tiempo, el secretario General de AGMER, <strong>Fabi\u00e1n Pecc\u00edn<\/strong>, remarc\u00f3 que el \u201cescenario de la lucha es la calle\u201d y reiter\u00f3\u00a0el repudio a la propuesta salarial nacional y provincial \u201cque hoy naufraga por tercer a\u00f1o consecutivo\u201d.<\/p>\n<p>\u201cEl gobierno nacional tiene por pol\u00edtica el abandono de la paritaria nacional y un instrumento de los 90\u2019 de neto corte neoliberal, como es el presentismo, como \u00fanica pol\u00edtica de Estado que se da a contrapelo de su propio discurso. Hoy junto a la docencia argentina estamos dici\u00e9ndole a este gobierno que no vamos a retroceder ni un paso en relaci\u00f3n a nuestras conquistas. Vamos a resistir contra la imposici\u00f3n del presentismo porque atenta contra la salud de los trabajadores\u201d, comenz\u00f3 Pecc\u00edn.<\/p>\n<p>En ese contexto, tambi\u00e9n rechaz\u00f3 el presentismo. \u201cEl presentismo no es salario es una herramienta penalizadora que utilizan las patronales con el solo objetivo de avanzar sobre los derechos de los trabajadores con l\u00f3gica eficientista y empresarial propia las pol\u00edticas neoliberales de los 90\u2019\u201d.<\/p>\n<p>\u201cHemos comenzado un a\u00f1o con un escenario diferente los sectores concentrados de la econom\u00eda que ven\u00edan exigiendo devaluaci\u00f3n han logrado imponerla y a la que el gobierno nacional ha ejecutado. Cada d\u00edgito del peso devaluado impacta en los bolsillos de los trabajadores\u201d, consider\u00f3 luego Pecc\u00edn.<\/p>\n<p>En otro tramo del discurso puso de relieve el impacto de la inflaci\u00f3n sobre los docentes y que el gobierno debe hacer efectiva una verdadera \u201crecomposici\u00f3n salarial que ubique al salario por encima del proceso inflacionario en un proceso de corto plazo que nos permita monitorear las variables de la econom\u00eda\u201d.<\/p>\n<p>\u201cLa propuesta provincial sigue la receta nacional. Est\u00e1 muy lejos de ser lo que necesitamos. Que ha sido una afrenta a la buena fe que hemos demostrado en todas las instancias de la paritaria provincial. Y es inaceptable por contener un porcentaje en cuotas\u201d, cerr\u00f3 Pecc\u00edn. \u00a0(Fuente: <em>Informe Digital<\/em>)<\/p>\n","protected":false},"excerpt":{"rendered":"<p>Los gremios docentes se movilizaron este mi&eacute;rcoles a la Casa Gris. Rechazaron la actitud del gobierno entrerriano que hizo una propuesta salarial luego de dos meses de negociaciones. Repudiaron por &laquo;neoliberal&raquo; el presentismo. Los docentes entrerrianos se movilizaron a la Casa de Gobierno en reclamo por aumento salarial, mejoras en las infraestructuras de las escuelas [&hellip;]<\/p>\n","protected":false},"author":2,"featured_media":0,"comment_status":"open","ping_status":"open","sticky":false,"template":"","format":"standard","meta":{"fifu_image_url":"","fifu_image_alt":"","footnotes":""},"categories":[6],"tags":[],"class_list":{"0":"post-5918","1":"post","2":"type-post","3":"status-publish","4":"format-standard","6":"category-entre-rios"},"yoast_head":"<title>Movilizaci\u00f3n y duro reclamo docente en Entre R\u00edos - Informe Litoral<\/title>\n<meta name=\"robots\" content=\"index, follow, max-snippet:-1, max-image-preview:large, max-video-preview:-1\" \/>\n<link rel=\"canonical\" href=\"https:\/\/informelitoral.com.ar\/movilizacion-y-duro-reclamo-docente-en-entre-rios\/\" \/>\n<meta property=\"og:locale\" content=\"es_ES\" \/>\n<meta property=\"og:type\" content=\"article\" \/>\n<meta property=\"og:title\" content=\"Movilizaci\u00f3n y duro reclamo docente en Entre R\u00edos - Informe Litoral\" \/>\n<meta property=\"og:description\" content=\"Los gremios docentes se movilizaron este mi&eacute;rcoles a la Casa Gris. Rechazaron la actitud del gobierno entrerriano que hizo una propuesta salarial luego de dos meses de negociaciones. Repudiaron por &laquo;neoliberal&raquo; el presentismo. Los docentes entrerrianos se movilizaron a la Casa de Gobierno en reclamo por aumento salarial, mejoras en las infraestructuras de las escuelas [&hellip;]\" \/>\n<meta property=\"og:url\" content=\"https:\/\/informelitoral.com.ar\/movilizacion-y-duro-reclamo-docente-en-entre-rios\/\" \/>\n<meta property=\"og:site_name\" content=\"Informe Litoral\" \/>\n<meta property=\"article:publisher\" content=\"https:\/\/www.facebook.com\/informelitoral\/\" \/>\n<meta property=\"article:published_time\" content=\"2014-03-05T21:38:27+00:00\" \/>\n<meta property=\"og:image\" content=\"https:\/\/informelitoral.com.ar\/%77%70%2d%63%6f%6e%74%65%6e%74\/uploads\/2014\/03\/docentes.jpg\" \/>\n\t<meta property=\"og:image:width\" content=\"640\" \/>\n\t<meta property=\"og:image:height\" content=\"360\" \/>\n\t<meta property=\"og:image:type\" content=\"image\/jpeg\" \/>\n<meta name=\"author\" content=\"Gonzalo Schmidt\" \/>\n<meta name=\"twitter:card\" content=\"summary_large_image\" \/>\n<meta name=\"twitter:creator\" content=\"@InformeLitoral\" \/>\n<meta name=\"twitter:site\" content=\"@InformeLitoral\" \/>\n<meta name=\"twitter:label1\" content=\"Escrito por\" \/>\n\t<meta name=\"twitter:data1\" content=\"Gonzalo Schmidt\" \/>\n\t<meta name=\"twitter:label2\" content=\"Tiempo de lectura\" \/>\n\t<meta name=\"twitter:data2\" content=\"5 minutos\" \/>\n<script type=\"application\/ld+json\" class=\"yoast-schema-graph\">{\"@context\":\"https:\\\/\\\/schema.org\",\"@graph\":[{\"@type\":\"Article\",\"@id\":\"https:\\\/\\\/informelitoral.com.ar\\\/movilizacion-y-duro-reclamo-docente-en-entre-rios\\\/#article\",\"isPartOf\":{\"@id\":\"https:\\\/\\\/informelitoral.com.ar\\\/movilizacion-y-duro-reclamo-docente-en-entre-rios\\\/\"},\"author\":{\"name\":\"Gonzalo Schmidt\",\"@id\":\"https:\\\/\\\/informelitoral.com.ar\\\/#\\\/schema\\\/person\\\/b9d00407c836482871ef1d57bf8e3180\"},\"headline\":\"Movilizaci\u00f3n y duro reclamo docente en Entre R\u00edos\",\"datePublished\":\"2014-03-05T21:38:27+00:00\",\"mainEntityOfPage\":{\"@id\":\"https:\\\/\\\/informelitoral.com.ar\\\/movilizacion-y-duro-reclamo-docente-en-entre-rios\\\/\"},\"wordCount\":988,\"commentCount\":0,\"publisher\":{\"@id\":\"https:\\\/\\\/informelitoral.com.ar\\\/#organization\"},\"image\":{\"@id\":\"https:\\\/\\\/informelitoral.com.ar\\\/movilizacion-y-duro-reclamo-docente-en-entre-rios\\\/#primaryimage\"},\"thumbnailUrl\":\"http:\\\/\\\/www.isletasnoticias.com.ar\\\/%77%70%2d%63%6f%6e%74%65%6e%74\\\/uploads\\\/2014\\\/03\\\/docentes-300x168.jpg\",\"articleSection\":[\"Entre R\u00edos\"],\"inLanguage\":\"es\",\"potentialAction\":[{\"@type\":\"CommentAction\",\"name\":\"Comment\",\"target\":[\"https:\\\/\\\/informelitoral.com.ar\\\/movilizacion-y-duro-reclamo-docente-en-entre-rios\\\/#respond\"]}]},{\"@type\":\"WebPage\",\"@id\":\"https:\\\/\\\/informelitoral.com.ar\\\/movilizacion-y-duro-reclamo-docente-en-entre-rios\\\/\",\"url\":\"https:\\\/\\\/informelitoral.com.ar\\\/movilizacion-y-duro-reclamo-docente-en-entre-rios\\\/\",\"name\":\"Movilizaci\u00f3n y duro reclamo docente en Entre R\u00edos - Informe Litoral\",\"isPartOf\":{\"@id\":\"https:\\\/\\\/informelitoral.com.ar\\\/#website\"},\"primaryImageOfPage\":{\"@id\":\"https:\\\/\\\/informelitoral.com.ar\\\/movilizacion-y-duro-reclamo-docente-en-entre-rios\\\/#primaryimage\"},\"image\":{\"@id\":\"https:\\\/\\\/informelitoral.com.ar\\\/movilizacion-y-duro-reclamo-docente-en-entre-rios\\\/#primaryimage\"},\"thumbnailUrl\":\"http:\\\/\\\/www.isletasnoticias.com.ar\\\/%77%70%2d%63%6f%6e%74%65%6e%74\\\/uploads\\\/2014\\\/03\\\/docentes-300x168.jpg\",\"datePublished\":\"2014-03-05T21:38:27+00:00\",\"breadcrumb\":{\"@id\":\"https:\\\/\\\/informelitoral.com.ar\\\/movilizacion-y-duro-reclamo-docente-en-entre-rios\\\/#breadcrumb\"},\"inLanguage\":\"es\",\"potentialAction\":[{\"@type\":\"ReadAction\",\"target\":[\"https:\\\/\\\/informelitoral.com.ar\\\/movilizacion-y-duro-reclamo-docente-en-entre-rios\\\/\"]}]},{\"@type\":\"ImageObject\",\"inLanguage\":\"es\",\"@id\":\"https:\\\/\\\/informelitoral.com.ar\\\/movilizacion-y-duro-reclamo-docente-en-entre-rios\\\/#primaryimage\",\"url\":\"http:\\\/\\\/www.isletasnoticias.com.ar\\\/%77%70%2d%63%6f%6e%74%65%6e%74\\\/uploads\\\/2014\\\/03\\\/docentes-300x168.jpg\",\"contentUrl\":\"http:\\\/\\\/www.isletasnoticias.com.ar\\\/%77%70%2d%63%6f%6e%74%65%6e%74\\\/uploads\\\/2014\\\/03\\\/docentes-300x168.jpg\"},{\"@type\":\"BreadcrumbList\",\"@id\":\"https:\\\/\\\/informelitoral.com.ar\\\/movilizacion-y-duro-reclamo-docente-en-entre-rios\\\/#breadcrumb\",\"itemListElement\":[{\"@type\":\"ListItem\",\"position\":1,\"name\":\"Portada\",\"item\":\"https:\\\/\\\/informelitoral.com.ar\\\/\"},{\"@type\":\"ListItem\",\"position\":2,\"name\":\"Movilizaci\u00f3n y duro reclamo docente en Entre R\u00edos\"}]},{\"@type\":\"WebSite\",\"@id\":\"https:\\\/\\\/informelitoral.com.ar\\\/#website\",\"url\":\"https:\\\/\\\/informelitoral.com.ar\\\/\",\"name\":\"Informe Litoral\",\"description\":\"&quot;Nos informamos&quot; \",\"publisher\":{\"@id\":\"https:\\\/\\\/informelitoral.com.ar\\\/#organization\"},\"potentialAction\":[{\"@type\":\"SearchAction\",\"target\":{\"@type\":\"EntryPoint\",\"urlTemplate\":\"https:\\\/\\\/informelitoral.com.ar\\\/?s={search_term_string}\"},\"query-input\":{\"@type\":\"PropertyValueSpecification\",\"valueRequired\":true,\"valueName\":\"search_term_string\"}}],\"inLanguage\":\"es\"},{\"@type\":\"Organization\",\"@id\":\"https:\\\/\\\/informelitoral.com.ar\\\/#organization\",\"name\":\"Informe Litoral\",\"url\":\"https:\\\/\\\/informelitoral.com.ar\\\/\",\"logo\":{\"@type\":\"ImageObject\",\"inLanguage\":\"es\",\"@id\":\"https:\\\/\\\/informelitoral.com.ar\\\/#\\\/schema\\\/logo\\\/image\\\/\",\"url\":\"https:\\\/\\\/informelitoral.com.ar\\\/%77%70%2d%63%6f%6e%74%65%6e%74\\\/uploads\\\/2021\\\/01\\\/circulo.png\",\"contentUrl\":\"https:\\\/\\\/informelitoral.com.ar\\\/%77%70%2d%63%6f%6e%74%65%6e%74\\\/uploads\\\/2021\\\/01\\\/circulo.png\",\"width\":723,\"height\":731,\"caption\":\"Informe Litoral\"},\"image\":{\"@id\":\"https:\\\/\\\/informelitoral.com.ar\\\/#\\\/schema\\\/logo\\\/image\\\/\"},\"sameAs\":[\"https:\\\/\\\/www.facebook.com\\\/informelitoral\\\/\",\"https:\\\/\\\/x.com\\\/InformeLitoral\",\"https:\\\/\\\/www.instagram.com\\\/informelitoral\\\/\",\"https:\\\/\\\/www.youtube.com\\\/channel\\\/UCua4Qvz8Icb6MYqhoq9xLXw\"]},{\"@type\":\"Person\",\"@id\":\"https:\\\/\\\/informelitoral.com.ar\\\/#\\\/schema\\\/person\\\/b9d00407c836482871ef1d57bf8e3180\",\"name\":\"Gonzalo Schmidt\",\"image\":{\"@type\":\"ImageObject\",\"inLanguage\":\"es\",\"@id\":\"https:\\\/\\\/secure.gravatar.com\\\/avatar\\\/31a1a7b66ff2de83bd0e9fd79d026630d2d99e55e8bfe501287647b4fd9743de?s=96&d=mm&r=g\",\"url\":\"https:\\\/\\\/secure.gravatar.com\\\/avatar\\\/31a1a7b66ff2de83bd0e9fd79d026630d2d99e55e8bfe501287647b4fd9743de?s=96&d=mm&r=g\",\"contentUrl\":\"https:\\\/\\\/secure.gravatar.com\\\/avatar\\\/31a1a7b66ff2de83bd0e9fd79d026630d2d99e55e8bfe501287647b4fd9743de?s=96&d=mm&r=g\",\"caption\":\"Gonzalo Schmidt\"},\"description\":\"Sitio web de noticias de la provincia de Entre R\u00edos, Argentina. Informaci\u00f3n y entretenimiento. Informe Litoral, nos informamos.\",\"sameAs\":[\"http:\\\/\\\/www.isletasnoticias.com.ar\"],\"url\":\"https:\\\/\\\/informelitoral.com.ar\\\/author\\\/gonzalo\\\/\"}]}<\/script>","yoast_head_json":{"title":"Movilizaci\u00f3n y duro reclamo docente en Entre R\u00edos - Informe Litoral","robots":{"index":"index","follow":"follow","max-snippet":"max-snippet:-1","max-image-preview":"max-image-preview:large","max-video-preview":"max-video-preview:-1"},"canonical":"https:\/\/informelitoral.com.ar\/movilizacion-y-duro-reclamo-docente-en-entre-rios\/","og_locale":"es_ES","og_type":"article","og_title":"Movilizaci\u00f3n y duro reclamo docente en Entre R\u00edos - Informe Litoral","og_description":"Los gremios docentes se movilizaron este mi&eacute;rcoles a la Casa Gris. Rechazaron la actitud del gobierno entrerriano que hizo una propuesta salarial luego de dos meses de negociaciones. Repudiaron por &laquo;neoliberal&raquo; el presentismo. Los docentes entrerrianos se movilizaron a la Casa de Gobierno en reclamo por aumento salarial, mejoras en las infraestructuras de las escuelas [&hellip;]","og_url":"https:\/\/informelitoral.com.ar\/movilizacion-y-duro-reclamo-docente-en-entre-rios\/","og_site_name":"Informe Litoral","article_publisher":"https:\/\/www.facebook.com\/informelitoral\/","article_published_time":"2014-03-05T21:38:27+00:00","og_image":[{"width":640,"height":360,"url":"https:\/\/informelitoral.com.ar\/%77%70%2d%63%6f%6e%74%65%6e%74\/uploads\/2014\/03\/docentes.jpg","type":"image\/jpeg"}],"author":"Gonzalo Schmidt","twitter_card":"summary_large_image","twitter_creator":"@InformeLitoral","twitter_site":"@InformeLitoral","twitter_misc":{"Escrito por":"Gonzalo Schmidt","Tiempo de lectura":"5 minutos"},"schema":{"@context":"https:\/\/schema.org","@graph":[{"@type":"Article","@id":"https:\/\/informelitoral.com.ar\/movilizacion-y-duro-reclamo-docente-en-entre-rios\/#article","isPartOf":{"@id":"https:\/\/informelitoral.com.ar\/movilizacion-y-duro-reclamo-docente-en-entre-rios\/"},"author":{"name":"Gonzalo Schmidt","@id":"https:\/\/informelitoral.com.ar\/#\/schema\/person\/b9d00407c836482871ef1d57bf8e3180"},"headline":"Movilizaci\u00f3n y duro reclamo docente en Entre R\u00edos","datePublished":"2014-03-05T21:38:27+00:00","mainEntityOfPage":{"@id":"https:\/\/informelitoral.com.ar\/movilizacion-y-duro-reclamo-docente-en-entre-rios\/"},"wordCount":988,"commentCount":0,"publisher":{"@id":"https:\/\/informelitoral.com.ar\/#organization"},"image":{"@id":"https:\/\/informelitoral.com.ar\/movilizacion-y-duro-reclamo-docente-en-entre-rios\/#primaryimage"},"thumbnailUrl":"http:\/\/www.isletasnoticias.com.ar\/%77%70%2d%63%6f%6e%74%65%6e%74\/uploads\/2014\/03\/docentes-300x168.jpg","articleSection":["Entre R\u00edos"],"inLanguage":"es","potentialAction":[{"@type":"CommentAction","name":"Comment","target":["https:\/\/informelitoral.com.ar\/movilizacion-y-duro-reclamo-docente-en-entre-rios\/#respond"]}]},{"@type":"WebPage","@id":"https:\/\/informelitoral.com.ar\/movilizacion-y-duro-reclamo-docente-en-entre-rios\/","url":"https:\/\/informelitoral.com.ar\/movilizacion-y-duro-reclamo-docente-en-entre-rios\/","name":"Movilizaci\u00f3n y duro reclamo docente en Entre R\u00edos - Informe Litoral","isPartOf":{"@id":"https:\/\/informelitoral.com.ar\/#website"},"primaryImageOfPage":{"@id":"https:\/\/informelitoral.com.ar\/movilizacion-y-duro-reclamo-docente-en-entre-rios\/#primaryimage"},"image":{"@id":"https:\/\/informelitoral.com.ar\/movilizacion-y-duro-reclamo-docente-en-entre-rios\/#primaryimage"},"thumbnailUrl":"http:\/\/www.isletasnoticias.com.ar\/%77%70%2d%63%6f%6e%74%65%6e%74\/uploads\/2014\/03\/docentes-300x168.jpg","datePublished":"2014-03-05T21:38:27+00:00","breadcrumb":{"@id":"https:\/\/informelitoral.com.ar\/movilizacion-y-duro-reclamo-docente-en-entre-rios\/#breadcrumb"},"inLanguage":"es","potentialAction":[{"@type":"ReadAction","target":["https:\/\/informelitoral.com.ar\/movilizacion-y-duro-reclamo-docente-en-entre-rios\/"]}]},{"@type":"ImageObject","inLanguage":"es","@id":"https:\/\/informelitoral.com.ar\/movilizacion-y-duro-reclamo-docente-en-entre-rios\/#primaryimage","url":"http:\/\/www.isletasnoticias.com.ar\/%77%70%2d%63%6f%6e%74%65%6e%74\/uploads\/2014\/03\/docentes-300x168.jpg","contentUrl":"http:\/\/www.isletasnoticias.com.ar\/%77%70%2d%63%6f%6e%74%65%6e%74\/uploads\/2014\/03\/docentes-300x168.jpg"},{"@type":"BreadcrumbList","@id":"https:\/\/informelitoral.com.ar\/movilizacion-y-duro-reclamo-docente-en-entre-rios\/#breadcrumb","itemListElement":[{"@type":"ListItem","position":1,"name":"Portada","item":"https:\/\/informelitoral.com.ar\/"},{"@type":"ListItem","position":2,"name":"Movilizaci\u00f3n y duro reclamo docente en Entre R\u00edos"}]},{"@type":"WebSite","@id":"https:\/\/informelitoral.com.ar\/#website","url":"https:\/\/informelitoral.com.ar\/","name":"Informe Litoral","description":"&quot;Nos informamos&quot; ","publisher":{"@id":"https:\/\/informelitoral.com.ar\/#organization"},"potentialAction":[{"@type":"SearchAction","target":{"@type":"EntryPoint","urlTemplate":"https:\/\/informelitoral.com.ar\/?s={search_term_string}"},"query-input":{"@type":"PropertyValueSpecification","valueRequired":true,"valueName":"search_term_string"}}],"inLanguage":"es"},{"@type":"Organization","@id":"https:\/\/informelitoral.com.ar\/#organization","name":"Informe Litoral","url":"https:\/\/informelitoral.com.ar\/","logo":{"@type":"ImageObject","inLanguage":"es","@id":"https:\/\/informelitoral.com.ar\/#\/schema\/logo\/image\/","url":"https:\/\/informelitoral.com.ar\/%77%70%2d%63%6f%6e%74%65%6e%74\/uploads\/2021\/01\/circulo.png","contentUrl":"https:\/\/informelitoral.com.ar\/%77%70%2d%63%6f%6e%74%65%6e%74\/uploads\/2021\/01\/circulo.png","width":723,"height":731,"caption":"Informe Litoral"},"image":{"@id":"https:\/\/informelitoral.com.ar\/#\/schema\/logo\/image\/"},"sameAs":["https:\/\/www.facebook.com\/informelitoral\/","https:\/\/x.com\/InformeLitoral","https:\/\/www.instagram.com\/informelitoral\/","https:\/\/www.youtube.com\/channel\/UCua4Qvz8Icb6MYqhoq9xLXw"]},{"@type":"Person","@id":"https:\/\/informelitoral.com.ar\/#\/schema\/person\/b9d00407c836482871ef1d57bf8e3180","name":"Gonzalo Schmidt","image":{"@type":"ImageObject","inLanguage":"es","@id":"https:\/\/secure.gravatar.com\/avatar\/31a1a7b66ff2de83bd0e9fd79d026630d2d99e55e8bfe501287647b4fd9743de?s=96&d=mm&r=g","url":"https:\/\/secure.gravatar.com\/avatar\/31a1a7b66ff2de83bd0e9fd79d026630d2d99e55e8bfe501287647b4fd9743de?s=96&d=mm&r=g","contentUrl":"https:\/\/secure.gravatar.com\/avatar\/31a1a7b66ff2de83bd0e9fd79d026630d2d99e55e8bfe501287647b4fd9743de?s=96&d=mm&r=g","caption":"Gonzalo Schmidt"},"description":"Sitio web de noticias de la provincia de Entre R\u00edos, Argentina. Informaci\u00f3n y entretenimiento. Informe Litoral, nos informamos.","sameAs":["http:\/\/www.isletasnoticias.com.ar"],"url":"https:\/\/informelitoral.com.ar\/author\/gonzalo\/"}]}},"_links":{"self":[{"href":"https:\/\/informelitoral.com.ar\/%77%70%2d%6a%73%6f%6e\/wp\/v2\/posts\/5918","targetHints":{"allow":["GET"]}}],"collection":[{"href":"https:\/\/informelitoral.com.ar\/%77%70%2d%6a%73%6f%6e\/wp\/v2\/posts"}],"about":[{"href":"https:\/\/informelitoral.com.ar\/%77%70%2d%6a%73%6f%6e\/wp\/v2\/types\/post"}],"author":[{"embeddable":true,"href":"https:\/\/informelitoral.com.ar\/%77%70%2d%6a%73%6f%6e\/wp\/v2\/users\/2"}],"replies":[{"embeddable":true,"href":"https:\/\/informelitoral.com.ar\/%77%70%2d%6a%73%6f%6e\/wp\/v2\/comments?post=5918"}],"version-history":[{"count":0,"href":"https:\/\/informelitoral.com.ar\/%77%70%2d%6a%73%6f%6e\/wp\/v2\/posts\/5918\/revisions"}],"wp:attachment":[{"href":"https:\/\/informelitoral.com.ar\/%77%70%2d%6a%73%6f%6e\/wp\/v2\/media?parent=5918"}],"wp:term":[{"taxonomy":"category","embeddable":true,"href":"https:\/\/informelitoral.com.ar\/%77%70%2d%6a%73%6f%6e\/wp\/v2\/categories?post=5918"},{"taxonomy":"post_tag","embeddable":true,"href":"https:\/\/informelitoral.com.ar\/%77%70%2d%6a%73%6f%6e\/wp\/v2\/tags?post=5918"}],"curies":[{"name":"wp","href":"https:\/\/api.w.org\/{rel}","templated":true}]}}