{"id":59147,"date":"2021-04-22T16:30:15","date_gmt":"2021-04-22T19:30:15","guid":{"rendered":"https:\/\/www.informelitoral.com.ar\/?p=59147"},"modified":"2021-04-22T16:33:57","modified_gmt":"2021-04-22T19:33:57","slug":"general-ramirez-pavimento-articulado-en-barrio-la-pradera-y-mejoras-en-red-cloacal-de-calle-25-de-mayo","status":"publish","type":"post","link":"https:\/\/informelitoral.com.ar\/general-ramirez-pavimento-articulado-en-barrio-la-pradera-y-mejoras-en-red-cloacal-de-calle-25-de-mayo\/","title":{"rendered":"General Ram\u00edrez: pavimento articulado en Barrio La Pradera y mejoras en red cloacal de calle 25 de Mayo"},"content":{"rendered":"<p><span style=\"background-color: #ffff00;\">En General Ram\u00edrez avanzan obras p\u00fablicas, tendientes, por un lado, a mejorar los inconvenientes en calles de Barrio La Pradera y por el otro, la red cloacal en un tramo de calle 25 de Mayo.<\/span><\/p>\n<p><strong>PAVIMENTO ARTICULADO EN BARRIO LA PRADERA\u00a0<\/strong><\/p>\n<p>Se puso en marcha la obra que mejorar\u00e1 calles del Barrio La Pradera, mediante el sistema de pavimento articulado.<\/p>\n<p>Seg\u00fan adelantaron desde el municipio, este plan se ejecutar\u00e1 en distintos puntos de la ciudad durante este a\u00f1o. \u00abA medida que vayamos a los barrios, visitaremos a los vecinos para charlar sobre esta obra, su ejecuci\u00f3n y la inversi\u00f3n que requiere\u00bb, expresaron.<\/p>\n<p><strong>MEJORAS EN LA RED CLOACAL<\/strong><\/p>\n<p><strong> <a href=\"https:\/\/www.informelitoral.com.ar\/%77%70%2d%63%6f%6e%74%65%6e%74\/uploads\/2021\/04\/176287913_1910819725735607_571107254593797547_n.jpg\"><img loading=\"lazy\" decoding=\"async\" class=\"aligncenter wp-image-59151 size-full\" src=\"https:\/\/www.informelitoral.com.ar\/%77%70%2d%63%6f%6e%74%65%6e%74\/uploads\/2021\/04\/176287913_1910819725735607_571107254593797547_n.jpg\" alt=\"\" width=\"593\" height=\"395\" srcset=\"https:\/\/informelitoral.com.ar\/%77%70%2d%63%6f%6e%74%65%6e%74\/uploads\/2021\/04\/176287913_1910819725735607_571107254593797547_n.jpg 593w, https:\/\/informelitoral.com.ar\/%77%70%2d%63%6f%6e%74%65%6e%74\/uploads\/2021\/04\/176287913_1910819725735607_571107254593797547_n-300x200.jpg 300w\" sizes=\"auto, (max-width: 593px) 100vw, 593px\" \/><\/a><\/strong><\/p>\n<p>La Secretar\u00eda de Servicios P\u00fablicos se encuentra trabajando en la red cloacal de calle 25 de Mayo, entre Santa Fe y Carrizal de Medina.<\/p>\n<p><a href=\"https:\/\/www.informelitoral.com.ar\/%77%70%2d%63%6f%6e%74%65%6e%74\/uploads\/2021\/04\/176180735_1910819862402260_3795760408460451933_n.jpg\"><img loading=\"lazy\" decoding=\"async\" class=\"aligncenter wp-image-59150 size-large\" src=\"https:\/\/www.informelitoral.com.ar\/%77%70%2d%63%6f%6e%74%65%6e%74\/uploads\/2021\/04\/176180735_1910819862402260_3795760408460451933_n-1024x683.jpg\" alt=\"\" width=\"696\" height=\"464\" srcset=\"https:\/\/informelitoral.com.ar\/%77%70%2d%63%6f%6e%74%65%6e%74\/uploads\/2021\/04\/176180735_1910819862402260_3795760408460451933_n-1024x683.jpg 1024w, https:\/\/informelitoral.com.ar\/%77%70%2d%63%6f%6e%74%65%6e%74\/uploads\/2021\/04\/176180735_1910819862402260_3795760408460451933_n-300x200.jpg 300w, https:\/\/informelitoral.com.ar\/%77%70%2d%63%6f%6e%74%65%6e%74\/uploads\/2021\/04\/176180735_1910819862402260_3795760408460451933_n-768x512.jpg 768w, https:\/\/informelitoral.com.ar\/%77%70%2d%63%6f%6e%74%65%6e%74\/uploads\/2021\/04\/176180735_1910819862402260_3795760408460451933_n-1536x1024.jpg 1536w, https:\/\/informelitoral.com.ar\/%77%70%2d%63%6f%6e%74%65%6e%74\/uploads\/2021\/04\/176180735_1910819862402260_3795760408460451933_n-696x464.jpg 696w, https:\/\/informelitoral.com.ar\/%77%70%2d%63%6f%6e%74%65%6e%74\/uploads\/2021\/04\/176180735_1910819862402260_3795760408460451933_n-1068x712.jpg 1068w, https:\/\/informelitoral.com.ar\/%77%70%2d%63%6f%6e%74%65%6e%74\/uploads\/2021\/04\/176180735_1910819862402260_3795760408460451933_n-630x420.jpg 630w, https:\/\/informelitoral.com.ar\/%77%70%2d%63%6f%6e%74%65%6e%74\/uploads\/2021\/04\/176180735_1910819862402260_3795760408460451933_n.jpg 2048w\" sizes=\"auto, (max-width: 696px) 100vw, 696px\" \/><\/a><\/p>\n<p>Las tareas contemplan el recambio de ca\u00f1er\u00edas de fibrocemento por PVC, junto con los ramales para las conexiones domiciliarias. La red en esta zona estaba inutilizada hace a\u00f1os, provocando que los fluidos cloacales sean desviados, ocasionando obstrucciones en otros puntos de la ciudad.<\/p>\n<p><a href=\"https:\/\/www.informelitoral.com.ar\/%77%70%2d%63%6f%6e%74%65%6e%74\/uploads\/2021\/04\/176012647_1910819732402273_492954135109801783_n.jpg\"><img loading=\"lazy\" decoding=\"async\" class=\"aligncenter wp-image-59149 size-large\" src=\"https:\/\/www.informelitoral.com.ar\/%77%70%2d%63%6f%6e%74%65%6e%74\/uploads\/2021\/04\/176012647_1910819732402273_492954135109801783_n-863x1024.jpg\" alt=\"\" width=\"696\" height=\"826\" srcset=\"https:\/\/informelitoral.com.ar\/%77%70%2d%63%6f%6e%74%65%6e%74\/uploads\/2021\/04\/176012647_1910819732402273_492954135109801783_n-863x1024.jpg 863w, https:\/\/informelitoral.com.ar\/%77%70%2d%63%6f%6e%74%65%6e%74\/uploads\/2021\/04\/176012647_1910819732402273_492954135109801783_n-253x300.jpg 253w, https:\/\/informelitoral.com.ar\/%77%70%2d%63%6f%6e%74%65%6e%74\/uploads\/2021\/04\/176012647_1910819732402273_492954135109801783_n-768x911.jpg 768w, https:\/\/informelitoral.com.ar\/%77%70%2d%63%6f%6e%74%65%6e%74\/uploads\/2021\/04\/176012647_1910819732402273_492954135109801783_n-1295x1536.jpg 1295w, https:\/\/informelitoral.com.ar\/%77%70%2d%63%6f%6e%74%65%6e%74\/uploads\/2021\/04\/176012647_1910819732402273_492954135109801783_n-696x826.jpg 696w, https:\/\/informelitoral.com.ar\/%77%70%2d%63%6f%6e%74%65%6e%74\/uploads\/2021\/04\/176012647_1910819732402273_492954135109801783_n-1068x1267.jpg 1068w, https:\/\/informelitoral.com.ar\/%77%70%2d%63%6f%6e%74%65%6e%74\/uploads\/2021\/04\/176012647_1910819732402273_492954135109801783_n-354x420.jpg 354w, https:\/\/informelitoral.com.ar\/%77%70%2d%63%6f%6e%74%65%6e%74\/uploads\/2021\/04\/176012647_1910819732402273_492954135109801783_n.jpg 1726w\" sizes=\"auto, (max-width: 696px) 100vw, 696px\" \/><\/a><\/p>\n<p>Con esto, \u00abse soluciona el problema logrando que el sistema funcione de manera adecuada y eficiente. En este momento, la obra se encuentra en la etapa final restando solamente la conexi\u00f3n a la boca de registro\u00bb, detallaron.<\/p>\n","protected":false},"excerpt":{"rendered":"<p>Avanzan ambas obras p\u00fablicas en esa ciudad del departamento Diamante. La mejora con pavimento articulado se realiza en conjunto con vecinos, mientras que al recambio en la red cloacal solo le restaba la conexi\u00f3n. <\/p>\n","protected":false},"author":2,"featured_media":59166,"comment_status":"open","ping_status":"open","sticky":false,"template":"","format":"standard","meta":{"fifu_image_url":"","fifu_image_alt":"","footnotes":""},"categories":[5],"tags":[556,2109,111,1433,201,316,107,27],"class_list":{"0":"post-59147","1":"post","2":"type-post","3":"status-publish","4":"format-standard","5":"has-post-thumbnail","7":"category-zonales","8":"tag-general-ramirez","9":"tag-gestion","10":"tag-municipales","11":"tag-municipalidad-de-general-ramirez","12":"tag-municipios","13":"tag-obras-publicas","14":"tag-obras-viales","15":"tag-ramirez"},"yoast_head":"<title>General Ram\u00edrez: pavimento articulado en Barrio La Pradera y mejoras en red cloacal de calle 25 de Mayo - Informe Litoral<\/title>\n<meta name=\"robots\" content=\"index, follow, max-snippet:-1, max-image-preview:large, max-video-preview:-1\" \/>\n<link rel=\"canonical\" href=\"https:\/\/informelitoral.com.ar\/general-ramirez-pavimento-articulado-en-barrio-la-pradera-y-mejoras-en-red-cloacal-de-calle-25-de-mayo\/\" \/>\n<meta property=\"og:locale\" content=\"es_ES\" \/>\n<meta property=\"og:type\" content=\"article\" \/>\n<meta property=\"og:title\" content=\"General Ram\u00edrez: pavimento articulado en Barrio La Pradera y mejoras en red cloacal de calle 25 de Mayo - Informe Litoral\" \/>\n<meta property=\"og:description\" content=\"Avanzan ambas obras p\u00fablicas en esa ciudad del departamento Diamante. La mejora con pavimento articulado se realiza en conjunto con vecinos, mientras que al recambio en la red cloacal solo le restaba la conexi\u00f3n.\" \/>\n<meta property=\"og:url\" content=\"https:\/\/informelitoral.com.ar\/general-ramirez-pavimento-articulado-en-barrio-la-pradera-y-mejoras-en-red-cloacal-de-calle-25-de-mayo\/\" \/>\n<meta property=\"og:site_name\" content=\"Informe Litoral\" \/>\n<meta property=\"article:publisher\" content=\"https:\/\/www.facebook.com\/informelitoral\/\" \/>\n<meta property=\"article:published_time\" content=\"2021-04-22T19:30:15+00:00\" \/>\n<meta property=\"article:modified_time\" content=\"2021-04-22T19:33:57+00:00\" \/>\n<meta property=\"og:image\" content=\"https:\/\/informelitoral.com.ar\/%77%70%2d%63%6f%6e%74%65%6e%74\/uploads\/2021\/04\/obras-calles-gral-ramirez.jpg\" \/>\n\t<meta property=\"og:image:width\" content=\"1890\" \/>\n\t<meta property=\"og:image:height\" content=\"1417\" \/>\n\t<meta property=\"og:image:type\" content=\"image\/jpeg\" \/>\n<meta name=\"author\" content=\"Gonzalo Schmidt\" \/>\n<meta name=\"twitter:card\" content=\"summary_large_image\" \/>\n<meta name=\"twitter:creator\" content=\"@InformeLitoral\" \/>\n<meta name=\"twitter:site\" content=\"@InformeLitoral\" \/>\n<meta name=\"twitter:label1\" content=\"Escrito por\" \/>\n\t<meta name=\"twitter:data1\" content=\"Gonzalo Schmidt\" \/>\n\t<meta name=\"twitter:label2\" content=\"Tiempo de lectura\" \/>\n\t<meta name=\"twitter:data2\" content=\"1 minuto\" \/>\n<script type=\"application\/ld+json\" class=\"yoast-schema-graph\">{\"@context\":\"https:\\\/\\\/schema.org\",\"@graph\":[{\"@type\":\"Article\",\"@id\":\"https:\\\/\\\/informelitoral.com.ar\\\/general-ramirez-pavimento-articulado-en-barrio-la-pradera-y-mejoras-en-red-cloacal-de-calle-25-de-mayo\\\/#article\",\"isPartOf\":{\"@id\":\"https:\\\/\\\/informelitoral.com.ar\\\/general-ramirez-pavimento-articulado-en-barrio-la-pradera-y-mejoras-en-red-cloacal-de-calle-25-de-mayo\\\/\"},\"author\":{\"name\":\"Gonzalo Schmidt\",\"@id\":\"https:\\\/\\\/informelitoral.com.ar\\\/#\\\/schema\\\/person\\\/b9d00407c836482871ef1d57bf8e3180\"},\"headline\":\"General Ram\u00edrez: pavimento articulado en Barrio La Pradera y mejoras en red cloacal de calle 25 de Mayo\",\"datePublished\":\"2021-04-22T19:30:15+00:00\",\"dateModified\":\"2021-04-22T19:33:57+00:00\",\"mainEntityOfPage\":{\"@id\":\"https:\\\/\\\/informelitoral.com.ar\\\/general-ramirez-pavimento-articulado-en-barrio-la-pradera-y-mejoras-en-red-cloacal-de-calle-25-de-mayo\\\/\"},\"wordCount\":239,\"commentCount\":0,\"publisher\":{\"@id\":\"https:\\\/\\\/informelitoral.com.ar\\\/#organization\"},\"image\":{\"@id\":\"https:\\\/\\\/informelitoral.com.ar\\\/general-ramirez-pavimento-articulado-en-barrio-la-pradera-y-mejoras-en-red-cloacal-de-calle-25-de-mayo\\\/#primaryimage\"},\"thumbnailUrl\":\"https:\\\/\\\/informelitoral.com.ar\\\/%77%70%2d%63%6f%6e%74%65%6e%74\\\/uploads\\\/2021\\\/04\\\/obras-calles-gral-ramirez.jpg\",\"keywords\":[\"General Ram\u00edrez\",\"Gesti\u00f3n\",\"Municipales\",\"Municipalidad de General Ram\u00edrez\",\"Municipios\",\"Obras p\u00fablicas\",\"Obras viales\",\"Ram\u00edrez\"],\"articleSection\":[\"Departamento Diamante\"],\"inLanguage\":\"es\",\"potentialAction\":[{\"@type\":\"CommentAction\",\"name\":\"Comment\",\"target\":[\"https:\\\/\\\/informelitoral.com.ar\\\/general-ramirez-pavimento-articulado-en-barrio-la-pradera-y-mejoras-en-red-cloacal-de-calle-25-de-mayo\\\/#respond\"]}]},{\"@type\":\"WebPage\",\"@id\":\"https:\\\/\\\/informelitoral.com.ar\\\/general-ramirez-pavimento-articulado-en-barrio-la-pradera-y-mejoras-en-red-cloacal-de-calle-25-de-mayo\\\/\",\"url\":\"https:\\\/\\\/informelitoral.com.ar\\\/general-ramirez-pavimento-articulado-en-barrio-la-pradera-y-mejoras-en-red-cloacal-de-calle-25-de-mayo\\\/\",\"name\":\"General Ram\u00edrez: pavimento articulado en Barrio La Pradera y mejoras en red cloacal de calle 25 de Mayo - Informe Litoral\",\"isPartOf\":{\"@id\":\"https:\\\/\\\/informelitoral.com.ar\\\/#website\"},\"primaryImageOfPage\":{\"@id\":\"https:\\\/\\\/informelitoral.com.ar\\\/general-ramirez-pavimento-articulado-en-barrio-la-pradera-y-mejoras-en-red-cloacal-de-calle-25-de-mayo\\\/#primaryimage\"},\"image\":{\"@id\":\"https:\\\/\\\/informelitoral.com.ar\\\/general-ramirez-pavimento-articulado-en-barrio-la-pradera-y-mejoras-en-red-cloacal-de-calle-25-de-mayo\\\/#primaryimage\"},\"thumbnailUrl\":\"https:\\\/\\\/informelitoral.com.ar\\\/%77%70%2d%63%6f%6e%74%65%6e%74\\\/uploads\\\/2021\\\/04\\\/obras-calles-gral-ramirez.jpg\",\"datePublished\":\"2021-04-22T19:30:15+00:00\",\"dateModified\":\"2021-04-22T19:33:57+00:00\",\"breadcrumb\":{\"@id\":\"https:\\\/\\\/informelitoral.com.ar\\\/general-ramirez-pavimento-articulado-en-barrio-la-pradera-y-mejoras-en-red-cloacal-de-calle-25-de-mayo\\\/#breadcrumb\"},\"inLanguage\":\"es\",\"potentialAction\":[{\"@type\":\"ReadAction\",\"target\":[\"https:\\\/\\\/informelitoral.com.ar\\\/general-ramirez-pavimento-articulado-en-barrio-la-pradera-y-mejoras-en-red-cloacal-de-calle-25-de-mayo\\\/\"]}]},{\"@type\":\"ImageObject\",\"inLanguage\":\"es\",\"@id\":\"https:\\\/\\\/informelitoral.com.ar\\\/general-ramirez-pavimento-articulado-en-barrio-la-pradera-y-mejoras-en-red-cloacal-de-calle-25-de-mayo\\\/#primaryimage\",\"url\":\"https:\\\/\\\/informelitoral.com.ar\\\/%77%70%2d%63%6f%6e%74%65%6e%74\\\/uploads\\\/2021\\\/04\\\/obras-calles-gral-ramirez.jpg\",\"contentUrl\":\"https:\\\/\\\/informelitoral.com.ar\\\/%77%70%2d%63%6f%6e%74%65%6e%74\\\/uploads\\\/2021\\\/04\\\/obras-calles-gral-ramirez.jpg\",\"width\":1890,\"height\":1417},{\"@type\":\"BreadcrumbList\",\"@id\":\"https:\\\/\\\/informelitoral.com.ar\\\/general-ramirez-pavimento-articulado-en-barrio-la-pradera-y-mejoras-en-red-cloacal-de-calle-25-de-mayo\\\/#breadcrumb\",\"itemListElement\":[{\"@type\":\"ListItem\",\"position\":1,\"name\":\"Portada\",\"item\":\"https:\\\/\\\/informelitoral.com.ar\\\/\"},{\"@type\":\"ListItem\",\"position\":2,\"name\":\"General Ram\u00edrez: pavimento articulado en Barrio La Pradera y mejoras en red cloacal de calle 25 de Mayo\"}]},{\"@type\":\"WebSite\",\"@id\":\"https:\\\/\\\/informelitoral.com.ar\\\/#website\",\"url\":\"https:\\\/\\\/informelitoral.com.ar\\\/\",\"name\":\"Informe Litoral\",\"description\":\"&quot;Nos informamos&quot; \",\"publisher\":{\"@id\":\"https:\\\/\\\/informelitoral.com.ar\\\/#organization\"},\"potentialAction\":[{\"@type\":\"SearchAction\",\"target\":{\"@type\":\"EntryPoint\",\"urlTemplate\":\"https:\\\/\\\/informelitoral.com.ar\\\/?s={search_term_string}\"},\"query-input\":{\"@type\":\"PropertyValueSpecification\",\"valueRequired\":true,\"valueName\":\"search_term_string\"}}],\"inLanguage\":\"es\"},{\"@type\":\"Organization\",\"@id\":\"https:\\\/\\\/informelitoral.com.ar\\\/#organization\",\"name\":\"Informe Litoral\",\"url\":\"https:\\\/\\\/informelitoral.com.ar\\\/\",\"logo\":{\"@type\":\"ImageObject\",\"inLanguage\":\"es\",\"@id\":\"https:\\\/\\\/informelitoral.com.ar\\\/#\\\/schema\\\/logo\\\/image\\\/\",\"url\":\"https:\\\/\\\/informelitoral.com.ar\\\/%77%70%2d%63%6f%6e%74%65%6e%74\\\/uploads\\\/2021\\\/01\\\/circulo.png\",\"contentUrl\":\"https:\\\/\\\/informelitoral.com.ar\\\/%77%70%2d%63%6f%6e%74%65%6e%74\\\/uploads\\\/2021\\\/01\\\/circulo.png\",\"width\":723,\"height\":731,\"caption\":\"Informe Litoral\"},\"image\":{\"@id\":\"https:\\\/\\\/informelitoral.com.ar\\\/#\\\/schema\\\/logo\\\/image\\\/\"},\"sameAs\":[\"https:\\\/\\\/www.facebook.com\\\/informelitoral\\\/\",\"https:\\\/\\\/x.com\\\/InformeLitoral\",\"https:\\\/\\\/www.instagram.com\\\/informelitoral\\\/\",\"https:\\\/\\\/www.youtube.com\\\/channel\\\/UCua4Qvz8Icb6MYqhoq9xLXw\"]},{\"@type\":\"Person\",\"@id\":\"https:\\\/\\\/informelitoral.com.ar\\\/#\\\/schema\\\/person\\\/b9d00407c836482871ef1d57bf8e3180\",\"name\":\"Gonzalo Schmidt\",\"image\":{\"@type\":\"ImageObject\",\"inLanguage\":\"es\",\"@id\":\"https:\\\/\\\/secure.gravatar.com\\\/avatar\\\/31a1a7b66ff2de83bd0e9fd79d026630d2d99e55e8bfe501287647b4fd9743de?s=96&d=mm&r=g\",\"url\":\"https:\\\/\\\/secure.gravatar.com\\\/avatar\\\/31a1a7b66ff2de83bd0e9fd79d026630d2d99e55e8bfe501287647b4fd9743de?s=96&d=mm&r=g\",\"contentUrl\":\"https:\\\/\\\/secure.gravatar.com\\\/avatar\\\/31a1a7b66ff2de83bd0e9fd79d026630d2d99e55e8bfe501287647b4fd9743de?s=96&d=mm&r=g\",\"caption\":\"Gonzalo Schmidt\"},\"description\":\"Sitio web de noticias de la provincia de Entre R\u00edos, Argentina. Informaci\u00f3n y entretenimiento. Informe Litoral, nos informamos.\",\"sameAs\":[\"http:\\\/\\\/www.isletasnoticias.com.ar\"],\"url\":\"https:\\\/\\\/informelitoral.com.ar\\\/author\\\/gonzalo\\\/\"}]}<\/script>","yoast_head_json":{"title":"General Ram\u00edrez: pavimento articulado en Barrio La Pradera y mejoras en red cloacal de calle 25 de Mayo - Informe Litoral","robots":{"index":"index","follow":"follow","max-snippet":"max-snippet:-1","max-image-preview":"max-image-preview:large","max-video-preview":"max-video-preview:-1"},"canonical":"https:\/\/informelitoral.com.ar\/general-ramirez-pavimento-articulado-en-barrio-la-pradera-y-mejoras-en-red-cloacal-de-calle-25-de-mayo\/","og_locale":"es_ES","og_type":"article","og_title":"General Ram\u00edrez: pavimento articulado en Barrio La Pradera y mejoras en red cloacal de calle 25 de Mayo - Informe Litoral","og_description":"Avanzan ambas obras p\u00fablicas en esa ciudad del departamento Diamante. La mejora con pavimento articulado se realiza en conjunto con vecinos, mientras que al recambio en la red cloacal solo le restaba la conexi\u00f3n.","og_url":"https:\/\/informelitoral.com.ar\/general-ramirez-pavimento-articulado-en-barrio-la-pradera-y-mejoras-en-red-cloacal-de-calle-25-de-mayo\/","og_site_name":"Informe Litoral","article_publisher":"https:\/\/www.facebook.com\/informelitoral\/","article_published_time":"2021-04-22T19:30:15+00:00","article_modified_time":"2021-04-22T19:33:57+00:00","og_image":[{"width":1890,"height":1417,"url":"https:\/\/informelitoral.com.ar\/%77%70%2d%63%6f%6e%74%65%6e%74\/uploads\/2021\/04\/obras-calles-gral-ramirez.jpg","type":"image\/jpeg"}],"author":"Gonzalo Schmidt","twitter_card":"summary_large_image","twitter_creator":"@InformeLitoral","twitter_site":"@InformeLitoral","twitter_misc":{"Escrito por":"Gonzalo Schmidt","Tiempo de lectura":"1 minuto"},"schema":{"@context":"https:\/\/schema.org","@graph":[{"@type":"Article","@id":"https:\/\/informelitoral.com.ar\/general-ramirez-pavimento-articulado-en-barrio-la-pradera-y-mejoras-en-red-cloacal-de-calle-25-de-mayo\/#article","isPartOf":{"@id":"https:\/\/informelitoral.com.ar\/general-ramirez-pavimento-articulado-en-barrio-la-pradera-y-mejoras-en-red-cloacal-de-calle-25-de-mayo\/"},"author":{"name":"Gonzalo Schmidt","@id":"https:\/\/informelitoral.com.ar\/#\/schema\/person\/b9d00407c836482871ef1d57bf8e3180"},"headline":"General Ram\u00edrez: pavimento articulado en Barrio La Pradera y mejoras en red cloacal de calle 25 de Mayo","datePublished":"2021-04-22T19:30:15+00:00","dateModified":"2021-04-22T19:33:57+00:00","mainEntityOfPage":{"@id":"https:\/\/informelitoral.com.ar\/general-ramirez-pavimento-articulado-en-barrio-la-pradera-y-mejoras-en-red-cloacal-de-calle-25-de-mayo\/"},"wordCount":239,"commentCount":0,"publisher":{"@id":"https:\/\/informelitoral.com.ar\/#organization"},"image":{"@id":"https:\/\/informelitoral.com.ar\/general-ramirez-pavimento-articulado-en-barrio-la-pradera-y-mejoras-en-red-cloacal-de-calle-25-de-mayo\/#primaryimage"},"thumbnailUrl":"https:\/\/informelitoral.com.ar\/%77%70%2d%63%6f%6e%74%65%6e%74\/uploads\/2021\/04\/obras-calles-gral-ramirez.jpg","keywords":["General Ram\u00edrez","Gesti\u00f3n","Municipales","Municipalidad de General Ram\u00edrez","Municipios","Obras p\u00fablicas","Obras viales","Ram\u00edrez"],"articleSection":["Departamento Diamante"],"inLanguage":"es","potentialAction":[{"@type":"CommentAction","name":"Comment","target":["https:\/\/informelitoral.com.ar\/general-ramirez-pavimento-articulado-en-barrio-la-pradera-y-mejoras-en-red-cloacal-de-calle-25-de-mayo\/#respond"]}]},{"@type":"WebPage","@id":"https:\/\/informelitoral.com.ar\/general-ramirez-pavimento-articulado-en-barrio-la-pradera-y-mejoras-en-red-cloacal-de-calle-25-de-mayo\/","url":"https:\/\/informelitoral.com.ar\/general-ramirez-pavimento-articulado-en-barrio-la-pradera-y-mejoras-en-red-cloacal-de-calle-25-de-mayo\/","name":"General Ram\u00edrez: pavimento articulado en Barrio La Pradera y mejoras en red cloacal de calle 25 de Mayo - Informe Litoral","isPartOf":{"@id":"https:\/\/informelitoral.com.ar\/#website"},"primaryImageOfPage":{"@id":"https:\/\/informelitoral.com.ar\/general-ramirez-pavimento-articulado-en-barrio-la-pradera-y-mejoras-en-red-cloacal-de-calle-25-de-mayo\/#primaryimage"},"image":{"@id":"https:\/\/informelitoral.com.ar\/general-ramirez-pavimento-articulado-en-barrio-la-pradera-y-mejoras-en-red-cloacal-de-calle-25-de-mayo\/#primaryimage"},"thumbnailUrl":"https:\/\/informelitoral.com.ar\/%77%70%2d%63%6f%6e%74%65%6e%74\/uploads\/2021\/04\/obras-calles-gral-ramirez.jpg","datePublished":"2021-04-22T19:30:15+00:00","dateModified":"2021-04-22T19:33:57+00:00","breadcrumb":{"@id":"https:\/\/informelitoral.com.ar\/general-ramirez-pavimento-articulado-en-barrio-la-pradera-y-mejoras-en-red-cloacal-de-calle-25-de-mayo\/#breadcrumb"},"inLanguage":"es","potentialAction":[{"@type":"ReadAction","target":["https:\/\/informelitoral.com.ar\/general-ramirez-pavimento-articulado-en-barrio-la-pradera-y-mejoras-en-red-cloacal-de-calle-25-de-mayo\/"]}]},{"@type":"ImageObject","inLanguage":"es","@id":"https:\/\/informelitoral.com.ar\/general-ramirez-pavimento-articulado-en-barrio-la-pradera-y-mejoras-en-red-cloacal-de-calle-25-de-mayo\/#primaryimage","url":"https:\/\/informelitoral.com.ar\/%77%70%2d%63%6f%6e%74%65%6e%74\/uploads\/2021\/04\/obras-calles-gral-ramirez.jpg","contentUrl":"https:\/\/informelitoral.com.ar\/%77%70%2d%63%6f%6e%74%65%6e%74\/uploads\/2021\/04\/obras-calles-gral-ramirez.jpg","width":1890,"height":1417},{"@type":"BreadcrumbList","@id":"https:\/\/informelitoral.com.ar\/general-ramirez-pavimento-articulado-en-barrio-la-pradera-y-mejoras-en-red-cloacal-de-calle-25-de-mayo\/#breadcrumb","itemListElement":[{"@type":"ListItem","position":1,"name":"Portada","item":"https:\/\/informelitoral.com.ar\/"},{"@type":"ListItem","position":2,"name":"General Ram\u00edrez: pavimento articulado en Barrio La Pradera y mejoras en red cloacal de calle 25 de Mayo"}]},{"@type":"WebSite","@id":"https:\/\/informelitoral.com.ar\/#website","url":"https:\/\/informelitoral.com.ar\/","name":"Informe Litoral","description":"&quot;Nos informamos&quot; ","publisher":{"@id":"https:\/\/informelitoral.com.ar\/#organization"},"potentialAction":[{"@type":"SearchAction","target":{"@type":"EntryPoint","urlTemplate":"https:\/\/informelitoral.com.ar\/?s={search_term_string}"},"query-input":{"@type":"PropertyValueSpecification","valueRequired":true,"valueName":"search_term_string"}}],"inLanguage":"es"},{"@type":"Organization","@id":"https:\/\/informelitoral.com.ar\/#organization","name":"Informe Litoral","url":"https:\/\/informelitoral.com.ar\/","logo":{"@type":"ImageObject","inLanguage":"es","@id":"https:\/\/informelitoral.com.ar\/#\/schema\/logo\/image\/","url":"https:\/\/informelitoral.com.ar\/%77%70%2d%63%6f%6e%74%65%6e%74\/uploads\/2021\/01\/circulo.png","contentUrl":"https:\/\/informelitoral.com.ar\/%77%70%2d%63%6f%6e%74%65%6e%74\/uploads\/2021\/01\/circulo.png","width":723,"height":731,"caption":"Informe Litoral"},"image":{"@id":"https:\/\/informelitoral.com.ar\/#\/schema\/logo\/image\/"},"sameAs":["https:\/\/www.facebook.com\/informelitoral\/","https:\/\/x.com\/InformeLitoral","https:\/\/www.instagram.com\/informelitoral\/","https:\/\/www.youtube.com\/channel\/UCua4Qvz8Icb6MYqhoq9xLXw"]},{"@type":"Person","@id":"https:\/\/informelitoral.com.ar\/#\/schema\/person\/b9d00407c836482871ef1d57bf8e3180","name":"Gonzalo Schmidt","image":{"@type":"ImageObject","inLanguage":"es","@id":"https:\/\/secure.gravatar.com\/avatar\/31a1a7b66ff2de83bd0e9fd79d026630d2d99e55e8bfe501287647b4fd9743de?s=96&d=mm&r=g","url":"https:\/\/secure.gravatar.com\/avatar\/31a1a7b66ff2de83bd0e9fd79d026630d2d99e55e8bfe501287647b4fd9743de?s=96&d=mm&r=g","contentUrl":"https:\/\/secure.gravatar.com\/avatar\/31a1a7b66ff2de83bd0e9fd79d026630d2d99e55e8bfe501287647b4fd9743de?s=96&d=mm&r=g","caption":"Gonzalo Schmidt"},"description":"Sitio web de noticias de la provincia de Entre R\u00edos, Argentina. Informaci\u00f3n y entretenimiento. Informe Litoral, nos informamos.","sameAs":["http:\/\/www.isletasnoticias.com.ar"],"url":"https:\/\/informelitoral.com.ar\/author\/gonzalo\/"}]}},"_links":{"self":[{"href":"https:\/\/informelitoral.com.ar\/%77%70%2d%6a%73%6f%6e\/wp\/v2\/posts\/59147","targetHints":{"allow":["GET"]}}],"collection":[{"href":"https:\/\/informelitoral.com.ar\/%77%70%2d%6a%73%6f%6e\/wp\/v2\/posts"}],"about":[{"href":"https:\/\/informelitoral.com.ar\/%77%70%2d%6a%73%6f%6e\/wp\/v2\/types\/post"}],"author":[{"embeddable":true,"href":"https:\/\/informelitoral.com.ar\/%77%70%2d%6a%73%6f%6e\/wp\/v2\/users\/2"}],"replies":[{"embeddable":true,"href":"https:\/\/informelitoral.com.ar\/%77%70%2d%6a%73%6f%6e\/wp\/v2\/comments?post=59147"}],"version-history":[{"count":0,"href":"https:\/\/informelitoral.com.ar\/%77%70%2d%6a%73%6f%6e\/wp\/v2\/posts\/59147\/revisions"}],"wp:featuredmedia":[{"embeddable":true,"href":"https:\/\/informelitoral.com.ar\/%77%70%2d%6a%73%6f%6e\/wp\/v2\/media\/59166"}],"wp:attachment":[{"href":"https:\/\/informelitoral.com.ar\/%77%70%2d%6a%73%6f%6e\/wp\/v2\/media?parent=59147"}],"wp:term":[{"taxonomy":"category","embeddable":true,"href":"https:\/\/informelitoral.com.ar\/%77%70%2d%6a%73%6f%6e\/wp\/v2\/categories?post=59147"},{"taxonomy":"post_tag","embeddable":true,"href":"https:\/\/informelitoral.com.ar\/%77%70%2d%6a%73%6f%6e\/wp\/v2\/tags?post=59147"}],"curies":[{"name":"wp","href":"https:\/\/api.w.org\/{rel}","templated":true}]}}