{"id":591,"date":"2013-03-25T15:43:12","date_gmt":"2013-03-25T18:43:12","guid":{"rendered":"http:\/\/www.isletasnoticias.com.ar\/?p=591"},"modified":"2013-03-25T16:10:51","modified_gmt":"2013-03-25T19:10:51","slug":"presidente-de-la-jr-en-al-campo-nunca-tuvimos-acceso-a-la-militancia-politica-activa","status":"publish","type":"post","link":"https:\/\/informelitoral.com.ar\/presidente-de-la-jr-en-al-campo-nunca-tuvimos-acceso-a-la-militancia-politica-activa\/","title":{"rendered":"Presidente de la JR: \u00abEn el campo nunca tuvimos acceso a la militancia pol\u00edtica activa\u00bb"},"content":{"rendered":"<p style=\"text-align: left;\"><b>\u00a0 El presidente de la Juventud Radical de Isletas, <i>Lucas Fabricio Eichmann (20),<\/i> habl\u00f3 con <i>ISLETAS NOTICIAS, <\/i>sobre los inicios, objetivos, logros y proyectos de la JR. <i>\u201cJam\u00e1s pens\u00e1bamos poder llegar hasta aqu\u00ed\u201d<\/i>. Dijo el joven y reconoci\u00f3<i>: \u201cAc\u00e1 en el campo nunca tuvimos acceso a la militancia pol\u00edtica activa\u201d.<a href=\"http:\/\/www.isletasnoticias.com.ar\/%77%70%2d%63%6f%6e%74%65%6e%74\/uploads\/2013\/03\/lucas-e-y-yo.jpg\"><img loading=\"lazy\" decoding=\"async\" class=\"size-medium wp-image-593 aligncenter\" title=\"El presidente de la Juventud Radical, durante la entrevista con IN\" alt=\"\" src=\"http:\/\/www.isletasnoticias.com.ar\/%77%70%2d%63%6f%6e%74%65%6e%74\/uploads\/2013\/03\/lucas-e-y-yo-300x179.jpg\" width=\"300\" height=\"179\" srcset=\"https:\/\/informelitoral.com.ar\/%77%70%2d%63%6f%6e%74%65%6e%74\/uploads\/2013\/03\/lucas-e-y-yo-300x179.jpg 300w, https:\/\/informelitoral.com.ar\/%77%70%2d%63%6f%6e%74%65%6e%74\/uploads\/2013\/03\/lucas-e-y-yo.jpg 960w\" sizes=\"auto, (max-width: 300px) 100vw, 300px\" \/><\/a><\/i><\/b><\/p>\n<p><img loading=\"lazy\" decoding=\"async\" class=\"size-medium wp-image-592  alignright\" title=\"Lucas Eichmann, presidente de la JR Isletas.\" alt=\"\" src=\"http:\/\/www.isletasnoticias.com.ar\/%77%70%2d%63%6f%6e%74%65%6e%74\/uploads\/2013\/03\/lucas-eichman-225x300.jpg\" width=\"225\" height=\"300\" srcset=\"https:\/\/informelitoral.com.ar\/%77%70%2d%63%6f%6e%74%65%6e%74\/uploads\/2013\/03\/lucas-eichman-225x300.jpg 225w, https:\/\/informelitoral.com.ar\/%77%70%2d%63%6f%6e%74%65%6e%74\/uploads\/2013\/03\/lucas-eichman-768x1024.jpg 768w, https:\/\/informelitoral.com.ar\/%77%70%2d%63%6f%6e%74%65%6e%74\/uploads\/2013\/03\/lucas-eichman.jpg 1200w\" sizes=\"auto, (max-width: 225px) 100vw, 225px\" \/><\/p>\n<p><b>\u00a0<\/b><b>Lucas Echmann, <\/b>es el presidente de la Juventud Radical de Isletas y en una entrevista con <b><i>IN<\/i><\/b>, habl\u00f3 de distintos temas; entre ellos, record\u00f3 los primeros pasos de la Juventud Radical:<i> \u201cTodo esto nace a partir del escenario pol\u00edtico que\u00a0 se dio en 2011, donde el radicalismo o el Frente Progresista C\u00edvico y Social, gan\u00f3 a nivel local. A partir de ese momento, un grupo de j\u00f3venes que nos involucramos en la campa\u00f1a y tambi\u00e9n despu\u00e9s de las elecciones, vimos la posibilidad de juntarnos y poner en marcha una Juventud Radical; con todo lo que eso implicaba.\u201d <\/i>Explic\u00f3 Eichmann y agreg\u00f3:<i> \u201cDe este modo, el 12 de enero del a\u00f1o pasado convocamos a la primer reuni\u00f3n a los chicos de la zona que tuvieran inter\u00e9s en participar. En aquel momento ya cont\u00e1bamos con el apoyo del radicalismo local, del diputado <b>Jorge Monge<\/b> y la Juventud Radical de Crespo, quienes adem\u00e1s nos brindaron algunas sugerencias\u201d. <\/i>Coment\u00f3 Lucas y continu\u00f3 reconociendo:<i> \u201c<span style=\"text-decoration: underline;\">Ac\u00e1 en el campo nunca tuvimos acceso a la militancia pol\u00edtica activa y esto fue una\u00a0 idea innovadora, por lo que decidimos llevarla a cabo y la verdad que nos sentimos realmente muy contentos de poder trabajar como grupo pol\u00edtico.<\/span> Por supuesto que hay muchas cosas por hacer, pero jam\u00e1s pens\u00e1bamos que con esta \u2018Juventud\u2019 \u00edbamos a tener la posibilidad de llegar hasta aqu\u00ed\u201d. <\/i>Sostuvo el presidente de la JR.<\/p>\n<p>Con respecto a los objetivos que se propusieron como Juventud Radical, enumer\u00f3: <i>\u201c<span style=\"text-decoration: underline;\">La gesti\u00f3n est\u00e1 basada en dos ejes fundamentales:<\/span> por un lado la parte social, es decir; <span style=\"text-decoration: underline;\">estar en permanente contacto con la gente y las instituciones<\/span>, presentando proyectos para contribuir a mejorar la calidad de vida de los vecinos, conociendo las problem\u00e1ticas y buscando alternativas para solucionarlas; todo a medida de nuestras posibilidades. <span style=\"text-decoration: underline;\">Por otro lado, tenemos una meta m\u00e1s estrictamente partidaria, que se basa \u00a0en la formaci\u00f3n pol\u00edtica de los j\u00f3venes.<\/span> La Uni\u00f3n C\u00edvica Radical, como partido, tiene un imperativo \u00e9tico que es la b\u00fasqueda permanente de la igualdad pol\u00edtica y social\u201d.<\/i> Afirm\u00f3 Eichmann.<\/p>\n<p><b>\u00a0<\/b><b>Jornada Provincial de Municipalismo<\/b><\/p>\n<p>A lo largo estos 14 meses, este grupo de j\u00f3venes de Isletas, ha participado de distintos encuentros y actividades partidarias dentro del departamento y uno de ellos fue la \u00a0\u20181\u00b0 Jornada Provincial de Municipalismo\u2019, que se realiz\u00f3 el s\u00e1bado 23 de marzo, en Diamante. Al respecto Lucas cont\u00f3: <i>\u201cFue una jornada, organizada por la UCR Diamante y el Instituto de Formaci\u00f3n y Capacitaci\u00f3n del Comit\u00e9 Provincial, donde se abordaron diferentes tem\u00e1ticas relacionadas con el trabajo en las municipalidades y comunas. Algunos de los asuntos abordados fueron: el municipalismo en la nueva Constituci\u00f3n de Entre R\u00edos; la pol\u00edtica a nivel local en la actualidad, haciendo un pantallazo de cu\u00e1l va a ser m\u00e1s o menos la estrategia que va a tener la UCR respeto a las pr\u00f3ximas elecciones legislativas. Otra cuesti\u00f3n muy importante que est\u00e1 instalada en la sociedad y que se trat\u00f3 es el fracking, ya que el partido est\u00e1 comprometido y trabajando para lograr frenar esta situaci\u00f3n, que en caso de llevarse a cabo atentar\u00eda contra la vida de la gente. Por otro lado, hubo exposiciones de distintos presidentes municipales de la provincia, quienes repasaron la actualidad de diferentes \u00e1reas de sus administraciones y tambi\u00e9n participaron funcionarios de la Municipalidad de Santa F\u00e9, los cuales hablaron de la reforma y modernizaci\u00f3n administrativa que all\u00ed se llev\u00f3 a cabo<\/i>\u201d. Indic\u00f3 el joven y acot\u00f3: \u201c<i>\u00a0 <span style=\"text-decoration: underline;\">Nosotros decidimos participar porque son temas que est\u00e1n instalados y de los cuales tenemos mucho para aprender, para luego trasladarlo a nuestra localidad y ver de qu\u00e9 manera se puede mejorar la calidad de vida<\/span>\u201d.<\/i><\/p>\n<p>Sobre los logros de la JR, hasta el momento, su presidente destac\u00f3 :<i> \u201c<span style=\"text-decoration: underline;\">Estamos trabajando mucho con el \u00e1rea educacional.<\/span> Una de nuestras primeras actividades consisti\u00f3 en pintar la parte exterior del edificio de la Escuela Agrot\u00e9cnica, <\/i>(de isletas)<i> y todav\u00eda tenemos una reuni\u00f3n pendiente con el rector <b>Angel Jofr\u00e9<\/b>, para ver de qu\u00e9 manera podemos colaborar y armar algunos proyectos en conjunto. Adem\u00e1s, el a\u00f1o pasado impulsamos la iniciativa del logo distrital, de la cual participaron todas las escuelas de la zona y ahora se va a enviar el proyecto a la Junta de Gobierno, para que se establezca como ordenanza. Por otro lado, tambi\u00e9n <span style=\"text-decoration: underline;\">se trabaj\u00f3 en cuanto a lo estrictamente\u00a0 partidario, llevando adelante cuestiones que tienen que ver con la formaci\u00f3n<\/span>. Lo \u00faltimo que hicimos, fue el <span style=\"text-decoration: underline;\">lanzamiento del proyecto \u2018Libros Viajeros\u00b4, que tiene como finalidad armar una biblioteca circulante con obras de lectura infantil o inter\u00e9s general, para ir llev\u00e1ndolo a las distintas escuelas, para que los chicos puedan acceder a la lectura.<\/span> Para llevar adelante este tema contamos con el apoyo de la Juventud Departamental, pero adem\u00e1s necesitamos que la gente colabore, por lo que aprovecho la oportunidad para informarle a la comunidad que quienes deseen pueden ayudar con la donaci\u00f3n de libros\u201d.<\/i><\/p>\n<p><i>\u00a0 <\/i>En otro tramo de la entrevista exclusiva, Lucas \u00a0habl\u00f3 del futuro de la agrupaci\u00f3n que encabeza.<i> \u201c<span style=\"text-decoration: underline;\">Adem\u00e1s de continuar con la formaci\u00f3n pol\u00edtica de los j\u00f3venes, queremos seguir trabajando como lo venimos haciendo, junto a las instituciones y los vecinos<\/span>. Por otro lado, buscaremos consolidar a la Juventud como org\u00e1nica, porque venimos haci\u00e9ndolo de hecho; para ello recibiremos la visita de la presidenta de la Juventud Radical de la provincia <b>Alejandra Barboza<\/b>, \u00a0para comenzar con los tr\u00e1mites. En otro sentido, se comenz\u00f3 con una campa\u00f1a de afiliaci\u00f3n ya que est\u00e1bamos un poco desactualizados y tambi\u00e9n se tratar\u00e1n todos los proyectos que se vayan planteado desde el grupo. A todo esto se suma la b\u00fasqueda permanente de incentivar a que se creen nuevas \u2018Juventudes\u2019 en otros lugares\u201d. <\/i>Adelant\u00f3.<\/p>\n<p>Tambi\u00e9n, lo consultamos sobre su opini\u00f3n de la actual gesti\u00f3n de la Junta de Gobierno, donde si bien no profundiz\u00f3 en detalles, dio su punto de vista:<i> \u201cPor un lado hay mucha responsabilidad pol\u00edtica y vocaci\u00f3n, mientras que por el otro, creo que desde nuestro lugar no tenemos que interferir en las cuestiones de la \u2018Junta\u2019, porque es una instituci\u00f3n que tiene muchas responsabilidades. S\u00ed <span style=\"text-decoration: underline;\">s\u00e9 que hay mucho compromiso para trabajar por el bien de la localidad y nosotros seguiremos acompa\u00f1ando<\/span>\u201d. <\/i>Dijo Eichmann.<\/p>\n<p>Finalmente, el joven referente local, hizo un an\u00e1lisis sobre los pr\u00f3ximos comicios legislativos y la proyecci\u00f3n pol\u00edtica a futuro de los j\u00f3venes que integran la JR :<i> \u201cEse es un tema que lo vamos a charlar en los pr\u00f3ximos d\u00edas para ver qu\u00e9 rol vamos a ocupar los j\u00f3venes dentro de la pr\u00f3xima campa\u00f1a, porque sabemos que el tiempo pasa r\u00e1pido\u201d <\/i>y sobre futuros cargos argument\u00f3<i>: \u00a0\u201c<span style=\"text-decoration: underline;\">Todo es posible. No hay que descartar nada. El tiempo dir\u00e1 si se da o no, pero tenemos que empezar a erradicar ese pensamiento de que quienes somos del interior tenemos menos posibilidades<\/span>. Depende del partido y la personalidad de cada uno\u201d. <\/i>Termin\u00f3.<\/p>\n<p><b>\u00a0<\/b><b>Los integrantes:<\/b><\/p>\n<p>La Juventud Radical est\u00e1 integrada por un grupo de alrededor de 12 chicos que no superan los 22 a\u00f1os, <i>\u201cLa verdad que esto nos pone muy contentos porque significa que hay inter\u00e9s por la pol\u00edtica y ganas de trabajar por el bien de la comunidad\u201d. <\/i>Afirm\u00f3 Lucas.<\/p>\n<p><i><span style=\"text-decoration: underline;\">\u00a0<\/span><\/i><span style=\"text-decoration: underline;\">La comisi\u00f3n qued\u00f3 formalmente conformada el 12 de agosto del a\u00f1o pasado y est\u00e1 integrada por:<\/span><\/p>\n<p>-Presidente: <b>Lucas Eichmann.<\/b><\/p>\n<p>-Vicepresidente: <b>Agust\u00edn Bierig.<\/b><\/p>\n<p>-Tesorero: <b>Facundo Sosa.<\/b><\/p>\n<p>-Secretaria: <b>Betiana Graff.<\/b><\/p>\n<p>-Prosecretario: <b>Walter Eichmann.<\/b><\/p>\n<p>-Vocales Titulares: <b>Fernando Sturtz <\/b>y<b> Lucrecia Eichman.<\/b><\/p>\n<p>-Vocales Suplentes:<b> Soledad Eichman, Ariel Bierig, Nicol\u00e1s Viola <\/b>y<b> Nadia B\u00faxman.<\/b><\/p>\n","protected":false},"excerpt":{"rendered":"<p>&nbsp; El presidente de la Juventud Radical de Isletas, Lucas Fabricio Eichmann (20), habl&oacute; con ISLETAS NOTICIAS, sobre los inicios, objetivos, logros y proyectos de la JR. &ldquo;Jam&aacute;s pens&aacute;bamos poder llegar hasta aqu&iacute;&rdquo;. Dijo el joven y reconoci&oacute;: &ldquo;Ac&aacute; en el campo nunca tuvimos acceso a la militancia pol&iacute;tica activa&rdquo;. &nbsp;Lucas Echmann, es el presidente [&hellip;]<\/p>\n","protected":false},"author":2,"featured_media":0,"comment_status":"open","ping_status":"open","sticky":false,"template":"","format":"standard","meta":{"fifu_image_url":"","fifu_image_alt":"","footnotes":""},"categories":[4,16],"tags":[],"class_list":{"0":"post-591","1":"post","2":"type-post","3":"status-publish","4":"format-standard","6":"category-locales","7":"category-politi"},"yoast_head":"<title>Presidente de la JR: &quot;En el campo nunca tuvimos acceso a la militancia pol\u00edtica activa&quot;  - Informe Litoral<\/title>\n<meta name=\"robots\" content=\"index, follow, max-snippet:-1, max-image-preview:large, max-video-preview:-1\" \/>\n<link rel=\"canonical\" href=\"https:\/\/informelitoral.com.ar\/presidente-de-la-jr-en-al-campo-nunca-tuvimos-acceso-a-la-militancia-politica-activa\/\" \/>\n<meta property=\"og:locale\" content=\"es_ES\" \/>\n<meta property=\"og:type\" content=\"article\" \/>\n<meta property=\"og:title\" content=\"Presidente de la JR: &quot;En el campo nunca tuvimos acceso a la militancia pol\u00edtica activa&quot;  - Informe Litoral\" \/>\n<meta property=\"og:description\" content=\"&nbsp; El presidente de la Juventud Radical de Isletas, Lucas Fabricio Eichmann (20), habl&oacute; con ISLETAS NOTICIAS, sobre los inicios, objetivos, logros y proyectos de la JR. &ldquo;Jam&aacute;s pens&aacute;bamos poder llegar hasta aqu&iacute;&rdquo;. Dijo el joven y reconoci&oacute;: &ldquo;Ac&aacute; en el campo nunca tuvimos acceso a la militancia pol&iacute;tica activa&rdquo;. &nbsp;Lucas Echmann, es el presidente [&hellip;]\" \/>\n<meta property=\"og:url\" content=\"https:\/\/informelitoral.com.ar\/presidente-de-la-jr-en-al-campo-nunca-tuvimos-acceso-a-la-militancia-politica-activa\/\" \/>\n<meta property=\"og:site_name\" content=\"Informe Litoral\" \/>\n<meta property=\"article:publisher\" content=\"https:\/\/www.facebook.com\/informelitoral\/\" \/>\n<meta property=\"article:published_time\" content=\"2013-03-25T18:43:12+00:00\" \/>\n<meta property=\"article:modified_time\" content=\"2013-03-25T19:10:51+00:00\" \/>\n<meta property=\"og:image\" content=\"https:\/\/informelitoral.com.ar\/%77%70%2d%63%6f%6e%74%65%6e%74\/uploads\/2013\/03\/lucas-e-y-yo.jpg\" \/>\n\t<meta property=\"og:image:width\" content=\"960\" \/>\n\t<meta property=\"og:image:height\" content=\"573\" \/>\n\t<meta property=\"og:image:type\" content=\"image\/jpeg\" \/>\n<meta name=\"author\" content=\"Gonzalo Schmidt\" \/>\n<meta name=\"twitter:card\" content=\"summary_large_image\" \/>\n<meta name=\"twitter:creator\" content=\"@InformeLitoral\" \/>\n<meta name=\"twitter:site\" content=\"@InformeLitoral\" \/>\n<meta name=\"twitter:label1\" content=\"Escrito por\" \/>\n\t<meta name=\"twitter:data1\" content=\"Gonzalo Schmidt\" \/>\n\t<meta name=\"twitter:label2\" content=\"Tiempo de lectura\" \/>\n\t<meta name=\"twitter:data2\" content=\"7 minutos\" \/>\n<script type=\"application\/ld+json\" class=\"yoast-schema-graph\">{\"@context\":\"https:\\\/\\\/schema.org\",\"@graph\":[{\"@type\":\"Article\",\"@id\":\"https:\\\/\\\/informelitoral.com.ar\\\/presidente-de-la-jr-en-al-campo-nunca-tuvimos-acceso-a-la-militancia-politica-activa\\\/#article\",\"isPartOf\":{\"@id\":\"https:\\\/\\\/informelitoral.com.ar\\\/presidente-de-la-jr-en-al-campo-nunca-tuvimos-acceso-a-la-militancia-politica-activa\\\/\"},\"author\":{\"name\":\"Gonzalo Schmidt\",\"@id\":\"https:\\\/\\\/informelitoral.com.ar\\\/#\\\/schema\\\/person\\\/b9d00407c836482871ef1d57bf8e3180\"},\"headline\":\"Presidente de la JR: \u00abEn el campo nunca tuvimos acceso a la militancia pol\u00edtica activa\u00bb\",\"datePublished\":\"2013-03-25T18:43:12+00:00\",\"dateModified\":\"2013-03-25T19:10:51+00:00\",\"mainEntityOfPage\":{\"@id\":\"https:\\\/\\\/informelitoral.com.ar\\\/presidente-de-la-jr-en-al-campo-nunca-tuvimos-acceso-a-la-militancia-politica-activa\\\/\"},\"wordCount\":1375,\"commentCount\":0,\"publisher\":{\"@id\":\"https:\\\/\\\/informelitoral.com.ar\\\/#organization\"},\"image\":{\"@id\":\"https:\\\/\\\/informelitoral.com.ar\\\/presidente-de-la-jr-en-al-campo-nunca-tuvimos-acceso-a-la-militancia-politica-activa\\\/#primaryimage\"},\"thumbnailUrl\":\"http:\\\/\\\/www.isletasnoticias.com.ar\\\/%77%70%2d%63%6f%6e%74%65%6e%74\\\/uploads\\\/2013\\\/03\\\/lucas-e-y-yo-300x179.jpg\",\"articleSection\":[\"Isletas\",\"Politica\"],\"inLanguage\":\"es\",\"potentialAction\":[{\"@type\":\"CommentAction\",\"name\":\"Comment\",\"target\":[\"https:\\\/\\\/informelitoral.com.ar\\\/presidente-de-la-jr-en-al-campo-nunca-tuvimos-acceso-a-la-militancia-politica-activa\\\/#respond\"]}]},{\"@type\":\"WebPage\",\"@id\":\"https:\\\/\\\/informelitoral.com.ar\\\/presidente-de-la-jr-en-al-campo-nunca-tuvimos-acceso-a-la-militancia-politica-activa\\\/\",\"url\":\"https:\\\/\\\/informelitoral.com.ar\\\/presidente-de-la-jr-en-al-campo-nunca-tuvimos-acceso-a-la-militancia-politica-activa\\\/\",\"name\":\"Presidente de la JR: \\\"En el campo nunca tuvimos acceso a la militancia pol\u00edtica activa\\\" - Informe Litoral\",\"isPartOf\":{\"@id\":\"https:\\\/\\\/informelitoral.com.ar\\\/#website\"},\"primaryImageOfPage\":{\"@id\":\"https:\\\/\\\/informelitoral.com.ar\\\/presidente-de-la-jr-en-al-campo-nunca-tuvimos-acceso-a-la-militancia-politica-activa\\\/#primaryimage\"},\"image\":{\"@id\":\"https:\\\/\\\/informelitoral.com.ar\\\/presidente-de-la-jr-en-al-campo-nunca-tuvimos-acceso-a-la-militancia-politica-activa\\\/#primaryimage\"},\"thumbnailUrl\":\"http:\\\/\\\/www.isletasnoticias.com.ar\\\/%77%70%2d%63%6f%6e%74%65%6e%74\\\/uploads\\\/2013\\\/03\\\/lucas-e-y-yo-300x179.jpg\",\"datePublished\":\"2013-03-25T18:43:12+00:00\",\"dateModified\":\"2013-03-25T19:10:51+00:00\",\"breadcrumb\":{\"@id\":\"https:\\\/\\\/informelitoral.com.ar\\\/presidente-de-la-jr-en-al-campo-nunca-tuvimos-acceso-a-la-militancia-politica-activa\\\/#breadcrumb\"},\"inLanguage\":\"es\",\"potentialAction\":[{\"@type\":\"ReadAction\",\"target\":[\"https:\\\/\\\/informelitoral.com.ar\\\/presidente-de-la-jr-en-al-campo-nunca-tuvimos-acceso-a-la-militancia-politica-activa\\\/\"]}]},{\"@type\":\"ImageObject\",\"inLanguage\":\"es\",\"@id\":\"https:\\\/\\\/informelitoral.com.ar\\\/presidente-de-la-jr-en-al-campo-nunca-tuvimos-acceso-a-la-militancia-politica-activa\\\/#primaryimage\",\"url\":\"http:\\\/\\\/www.isletasnoticias.com.ar\\\/%77%70%2d%63%6f%6e%74%65%6e%74\\\/uploads\\\/2013\\\/03\\\/lucas-e-y-yo-300x179.jpg\",\"contentUrl\":\"http:\\\/\\\/www.isletasnoticias.com.ar\\\/%77%70%2d%63%6f%6e%74%65%6e%74\\\/uploads\\\/2013\\\/03\\\/lucas-e-y-yo-300x179.jpg\"},{\"@type\":\"BreadcrumbList\",\"@id\":\"https:\\\/\\\/informelitoral.com.ar\\\/presidente-de-la-jr-en-al-campo-nunca-tuvimos-acceso-a-la-militancia-politica-activa\\\/#breadcrumb\",\"itemListElement\":[{\"@type\":\"ListItem\",\"position\":1,\"name\":\"Portada\",\"item\":\"https:\\\/\\\/informelitoral.com.ar\\\/\"},{\"@type\":\"ListItem\",\"position\":2,\"name\":\"Presidente de la JR: \u00abEn el campo nunca tuvimos acceso a la militancia pol\u00edtica activa\u00bb\"}]},{\"@type\":\"WebSite\",\"@id\":\"https:\\\/\\\/informelitoral.com.ar\\\/#website\",\"url\":\"https:\\\/\\\/informelitoral.com.ar\\\/\",\"name\":\"Informe Litoral\",\"description\":\"&quot;Nos informamos&quot; \",\"publisher\":{\"@id\":\"https:\\\/\\\/informelitoral.com.ar\\\/#organization\"},\"potentialAction\":[{\"@type\":\"SearchAction\",\"target\":{\"@type\":\"EntryPoint\",\"urlTemplate\":\"https:\\\/\\\/informelitoral.com.ar\\\/?s={search_term_string}\"},\"query-input\":{\"@type\":\"PropertyValueSpecification\",\"valueRequired\":true,\"valueName\":\"search_term_string\"}}],\"inLanguage\":\"es\"},{\"@type\":\"Organization\",\"@id\":\"https:\\\/\\\/informelitoral.com.ar\\\/#organization\",\"name\":\"Informe Litoral\",\"url\":\"https:\\\/\\\/informelitoral.com.ar\\\/\",\"logo\":{\"@type\":\"ImageObject\",\"inLanguage\":\"es\",\"@id\":\"https:\\\/\\\/informelitoral.com.ar\\\/#\\\/schema\\\/logo\\\/image\\\/\",\"url\":\"https:\\\/\\\/informelitoral.com.ar\\\/%77%70%2d%63%6f%6e%74%65%6e%74\\\/uploads\\\/2021\\\/01\\\/circulo.png\",\"contentUrl\":\"https:\\\/\\\/informelitoral.com.ar\\\/%77%70%2d%63%6f%6e%74%65%6e%74\\\/uploads\\\/2021\\\/01\\\/circulo.png\",\"width\":723,\"height\":731,\"caption\":\"Informe Litoral\"},\"image\":{\"@id\":\"https:\\\/\\\/informelitoral.com.ar\\\/#\\\/schema\\\/logo\\\/image\\\/\"},\"sameAs\":[\"https:\\\/\\\/www.facebook.com\\\/informelitoral\\\/\",\"https:\\\/\\\/x.com\\\/InformeLitoral\",\"https:\\\/\\\/www.instagram.com\\\/informelitoral\\\/\",\"https:\\\/\\\/www.youtube.com\\\/channel\\\/UCua4Qvz8Icb6MYqhoq9xLXw\"]},{\"@type\":\"Person\",\"@id\":\"https:\\\/\\\/informelitoral.com.ar\\\/#\\\/schema\\\/person\\\/b9d00407c836482871ef1d57bf8e3180\",\"name\":\"Gonzalo Schmidt\",\"image\":{\"@type\":\"ImageObject\",\"inLanguage\":\"es\",\"@id\":\"https:\\\/\\\/secure.gravatar.com\\\/avatar\\\/31a1a7b66ff2de83bd0e9fd79d026630d2d99e55e8bfe501287647b4fd9743de?s=96&d=mm&r=g\",\"url\":\"https:\\\/\\\/secure.gravatar.com\\\/avatar\\\/31a1a7b66ff2de83bd0e9fd79d026630d2d99e55e8bfe501287647b4fd9743de?s=96&d=mm&r=g\",\"contentUrl\":\"https:\\\/\\\/secure.gravatar.com\\\/avatar\\\/31a1a7b66ff2de83bd0e9fd79d026630d2d99e55e8bfe501287647b4fd9743de?s=96&d=mm&r=g\",\"caption\":\"Gonzalo Schmidt\"},\"description\":\"Sitio web de noticias de la provincia de Entre R\u00edos, Argentina. Informaci\u00f3n y entretenimiento. Informe Litoral, nos informamos.\",\"sameAs\":[\"http:\\\/\\\/www.isletasnoticias.com.ar\"],\"url\":\"https:\\\/\\\/informelitoral.com.ar\\\/author\\\/gonzalo\\\/\"}]}<\/script>","yoast_head_json":{"title":"Presidente de la JR: \"En el campo nunca tuvimos acceso a la militancia pol\u00edtica activa\"  - Informe Litoral","robots":{"index":"index","follow":"follow","max-snippet":"max-snippet:-1","max-image-preview":"max-image-preview:large","max-video-preview":"max-video-preview:-1"},"canonical":"https:\/\/informelitoral.com.ar\/presidente-de-la-jr-en-al-campo-nunca-tuvimos-acceso-a-la-militancia-politica-activa\/","og_locale":"es_ES","og_type":"article","og_title":"Presidente de la JR: \"En el campo nunca tuvimos acceso a la militancia pol\u00edtica activa\"  - Informe Litoral","og_description":"&nbsp; El presidente de la Juventud Radical de Isletas, Lucas Fabricio Eichmann (20), habl&oacute; con ISLETAS NOTICIAS, sobre los inicios, objetivos, logros y proyectos de la JR. &ldquo;Jam&aacute;s pens&aacute;bamos poder llegar hasta aqu&iacute;&rdquo;. Dijo el joven y reconoci&oacute;: &ldquo;Ac&aacute; en el campo nunca tuvimos acceso a la militancia pol&iacute;tica activa&rdquo;. &nbsp;Lucas Echmann, es el presidente [&hellip;]","og_url":"https:\/\/informelitoral.com.ar\/presidente-de-la-jr-en-al-campo-nunca-tuvimos-acceso-a-la-militancia-politica-activa\/","og_site_name":"Informe Litoral","article_publisher":"https:\/\/www.facebook.com\/informelitoral\/","article_published_time":"2013-03-25T18:43:12+00:00","article_modified_time":"2013-03-25T19:10:51+00:00","og_image":[{"width":960,"height":573,"url":"https:\/\/informelitoral.com.ar\/%77%70%2d%63%6f%6e%74%65%6e%74\/uploads\/2013\/03\/lucas-e-y-yo.jpg","type":"image\/jpeg"}],"author":"Gonzalo Schmidt","twitter_card":"summary_large_image","twitter_creator":"@InformeLitoral","twitter_site":"@InformeLitoral","twitter_misc":{"Escrito por":"Gonzalo Schmidt","Tiempo de lectura":"7 minutos"},"schema":{"@context":"https:\/\/schema.org","@graph":[{"@type":"Article","@id":"https:\/\/informelitoral.com.ar\/presidente-de-la-jr-en-al-campo-nunca-tuvimos-acceso-a-la-militancia-politica-activa\/#article","isPartOf":{"@id":"https:\/\/informelitoral.com.ar\/presidente-de-la-jr-en-al-campo-nunca-tuvimos-acceso-a-la-militancia-politica-activa\/"},"author":{"name":"Gonzalo Schmidt","@id":"https:\/\/informelitoral.com.ar\/#\/schema\/person\/b9d00407c836482871ef1d57bf8e3180"},"headline":"Presidente de la JR: \u00abEn el campo nunca tuvimos acceso a la militancia pol\u00edtica activa\u00bb","datePublished":"2013-03-25T18:43:12+00:00","dateModified":"2013-03-25T19:10:51+00:00","mainEntityOfPage":{"@id":"https:\/\/informelitoral.com.ar\/presidente-de-la-jr-en-al-campo-nunca-tuvimos-acceso-a-la-militancia-politica-activa\/"},"wordCount":1375,"commentCount":0,"publisher":{"@id":"https:\/\/informelitoral.com.ar\/#organization"},"image":{"@id":"https:\/\/informelitoral.com.ar\/presidente-de-la-jr-en-al-campo-nunca-tuvimos-acceso-a-la-militancia-politica-activa\/#primaryimage"},"thumbnailUrl":"http:\/\/www.isletasnoticias.com.ar\/%77%70%2d%63%6f%6e%74%65%6e%74\/uploads\/2013\/03\/lucas-e-y-yo-300x179.jpg","articleSection":["Isletas","Politica"],"inLanguage":"es","potentialAction":[{"@type":"CommentAction","name":"Comment","target":["https:\/\/informelitoral.com.ar\/presidente-de-la-jr-en-al-campo-nunca-tuvimos-acceso-a-la-militancia-politica-activa\/#respond"]}]},{"@type":"WebPage","@id":"https:\/\/informelitoral.com.ar\/presidente-de-la-jr-en-al-campo-nunca-tuvimos-acceso-a-la-militancia-politica-activa\/","url":"https:\/\/informelitoral.com.ar\/presidente-de-la-jr-en-al-campo-nunca-tuvimos-acceso-a-la-militancia-politica-activa\/","name":"Presidente de la JR: \"En el campo nunca tuvimos acceso a la militancia pol\u00edtica activa\" - Informe Litoral","isPartOf":{"@id":"https:\/\/informelitoral.com.ar\/#website"},"primaryImageOfPage":{"@id":"https:\/\/informelitoral.com.ar\/presidente-de-la-jr-en-al-campo-nunca-tuvimos-acceso-a-la-militancia-politica-activa\/#primaryimage"},"image":{"@id":"https:\/\/informelitoral.com.ar\/presidente-de-la-jr-en-al-campo-nunca-tuvimos-acceso-a-la-militancia-politica-activa\/#primaryimage"},"thumbnailUrl":"http:\/\/www.isletasnoticias.com.ar\/%77%70%2d%63%6f%6e%74%65%6e%74\/uploads\/2013\/03\/lucas-e-y-yo-300x179.jpg","datePublished":"2013-03-25T18:43:12+00:00","dateModified":"2013-03-25T19:10:51+00:00","breadcrumb":{"@id":"https:\/\/informelitoral.com.ar\/presidente-de-la-jr-en-al-campo-nunca-tuvimos-acceso-a-la-militancia-politica-activa\/#breadcrumb"},"inLanguage":"es","potentialAction":[{"@type":"ReadAction","target":["https:\/\/informelitoral.com.ar\/presidente-de-la-jr-en-al-campo-nunca-tuvimos-acceso-a-la-militancia-politica-activa\/"]}]},{"@type":"ImageObject","inLanguage":"es","@id":"https:\/\/informelitoral.com.ar\/presidente-de-la-jr-en-al-campo-nunca-tuvimos-acceso-a-la-militancia-politica-activa\/#primaryimage","url":"http:\/\/www.isletasnoticias.com.ar\/%77%70%2d%63%6f%6e%74%65%6e%74\/uploads\/2013\/03\/lucas-e-y-yo-300x179.jpg","contentUrl":"http:\/\/www.isletasnoticias.com.ar\/%77%70%2d%63%6f%6e%74%65%6e%74\/uploads\/2013\/03\/lucas-e-y-yo-300x179.jpg"},{"@type":"BreadcrumbList","@id":"https:\/\/informelitoral.com.ar\/presidente-de-la-jr-en-al-campo-nunca-tuvimos-acceso-a-la-militancia-politica-activa\/#breadcrumb","itemListElement":[{"@type":"ListItem","position":1,"name":"Portada","item":"https:\/\/informelitoral.com.ar\/"},{"@type":"ListItem","position":2,"name":"Presidente de la JR: \u00abEn el campo nunca tuvimos acceso a la militancia pol\u00edtica activa\u00bb"}]},{"@type":"WebSite","@id":"https:\/\/informelitoral.com.ar\/#website","url":"https:\/\/informelitoral.com.ar\/","name":"Informe Litoral","description":"&quot;Nos informamos&quot; ","publisher":{"@id":"https:\/\/informelitoral.com.ar\/#organization"},"potentialAction":[{"@type":"SearchAction","target":{"@type":"EntryPoint","urlTemplate":"https:\/\/informelitoral.com.ar\/?s={search_term_string}"},"query-input":{"@type":"PropertyValueSpecification","valueRequired":true,"valueName":"search_term_string"}}],"inLanguage":"es"},{"@type":"Organization","@id":"https:\/\/informelitoral.com.ar\/#organization","name":"Informe Litoral","url":"https:\/\/informelitoral.com.ar\/","logo":{"@type":"ImageObject","inLanguage":"es","@id":"https:\/\/informelitoral.com.ar\/#\/schema\/logo\/image\/","url":"https:\/\/informelitoral.com.ar\/%77%70%2d%63%6f%6e%74%65%6e%74\/uploads\/2021\/01\/circulo.png","contentUrl":"https:\/\/informelitoral.com.ar\/%77%70%2d%63%6f%6e%74%65%6e%74\/uploads\/2021\/01\/circulo.png","width":723,"height":731,"caption":"Informe Litoral"},"image":{"@id":"https:\/\/informelitoral.com.ar\/#\/schema\/logo\/image\/"},"sameAs":["https:\/\/www.facebook.com\/informelitoral\/","https:\/\/x.com\/InformeLitoral","https:\/\/www.instagram.com\/informelitoral\/","https:\/\/www.youtube.com\/channel\/UCua4Qvz8Icb6MYqhoq9xLXw"]},{"@type":"Person","@id":"https:\/\/informelitoral.com.ar\/#\/schema\/person\/b9d00407c836482871ef1d57bf8e3180","name":"Gonzalo Schmidt","image":{"@type":"ImageObject","inLanguage":"es","@id":"https:\/\/secure.gravatar.com\/avatar\/31a1a7b66ff2de83bd0e9fd79d026630d2d99e55e8bfe501287647b4fd9743de?s=96&d=mm&r=g","url":"https:\/\/secure.gravatar.com\/avatar\/31a1a7b66ff2de83bd0e9fd79d026630d2d99e55e8bfe501287647b4fd9743de?s=96&d=mm&r=g","contentUrl":"https:\/\/secure.gravatar.com\/avatar\/31a1a7b66ff2de83bd0e9fd79d026630d2d99e55e8bfe501287647b4fd9743de?s=96&d=mm&r=g","caption":"Gonzalo Schmidt"},"description":"Sitio web de noticias de la provincia de Entre R\u00edos, Argentina. Informaci\u00f3n y entretenimiento. Informe Litoral, nos informamos.","sameAs":["http:\/\/www.isletasnoticias.com.ar"],"url":"https:\/\/informelitoral.com.ar\/author\/gonzalo\/"}]}},"_links":{"self":[{"href":"https:\/\/informelitoral.com.ar\/%77%70%2d%6a%73%6f%6e\/wp\/v2\/posts\/591","targetHints":{"allow":["GET"]}}],"collection":[{"href":"https:\/\/informelitoral.com.ar\/%77%70%2d%6a%73%6f%6e\/wp\/v2\/posts"}],"about":[{"href":"https:\/\/informelitoral.com.ar\/%77%70%2d%6a%73%6f%6e\/wp\/v2\/types\/post"}],"author":[{"embeddable":true,"href":"https:\/\/informelitoral.com.ar\/%77%70%2d%6a%73%6f%6e\/wp\/v2\/users\/2"}],"replies":[{"embeddable":true,"href":"https:\/\/informelitoral.com.ar\/%77%70%2d%6a%73%6f%6e\/wp\/v2\/comments?post=591"}],"version-history":[{"count":0,"href":"https:\/\/informelitoral.com.ar\/%77%70%2d%6a%73%6f%6e\/wp\/v2\/posts\/591\/revisions"}],"wp:attachment":[{"href":"https:\/\/informelitoral.com.ar\/%77%70%2d%6a%73%6f%6e\/wp\/v2\/media?parent=591"}],"wp:term":[{"taxonomy":"category","embeddable":true,"href":"https:\/\/informelitoral.com.ar\/%77%70%2d%6a%73%6f%6e\/wp\/v2\/categories?post=591"},{"taxonomy":"post_tag","embeddable":true,"href":"https:\/\/informelitoral.com.ar\/%77%70%2d%6a%73%6f%6e\/wp\/v2\/tags?post=591"}],"curies":[{"name":"wp","href":"https:\/\/api.w.org\/{rel}","templated":true}]}}