{"id":5906,"date":"2014-03-05T17:47:41","date_gmt":"2014-03-05T20:47:41","guid":{"rendered":"http:\/\/www.isletasnoticias.com.ar\/?p=5906"},"modified":"2014-03-05T17:48:36","modified_gmt":"2014-03-05T20:48:36","slug":"aepa-tiene-su-personeria-juridica","status":"publish","type":"post","link":"https:\/\/informelitoral.com.ar\/aepa-tiene-su-personeria-juridica\/","title":{"rendered":"AEPA tiene su Personer\u00eda Jur\u00eddica"},"content":{"rendered":"<div align=\"justify\"><strong>Mediante el dictado de la Resoluci\u00f3n N\u00b0 016, la Direcci\u00f3n de Inspecci\u00f3n de Personas Jur\u00eddicas del Gobierno de\u00a0Entre R\u00edos aprob\u00f3 los Estatutos Sociales a la Asociaci\u00f3n Entrerriana de Periodistas Agropecuarios (AEPA) y la correspondiente autorizaci\u00f3n para funcionar como Persona Jur\u00eddica.\u00a0<\/strong><\/div>\n<p><img loading=\"lazy\" decoding=\"async\" class=\"aligncenter size-medium wp-image-5907\" alt=\"AEPA\" src=\"http:\/\/www.isletasnoticias.com.ar\/%77%70%2d%63%6f%6e%74%65%6e%74\/uploads\/2014\/03\/AEPA-300x110.jpg\" width=\"300\" height=\"110\" srcset=\"https:\/\/informelitoral.com.ar\/%77%70%2d%63%6f%6e%74%65%6e%74\/uploads\/2014\/03\/AEPA-300x110.jpg 300w, https:\/\/informelitoral.com.ar\/%77%70%2d%63%6f%6e%74%65%6e%74\/uploads\/2014\/03\/AEPA.jpg 634w\" sizes=\"auto, (max-width: 300px) 100vw, 300px\" \/><\/p>\n<div align=\"justify\">\n<p>Los periodistas y comunicadores agropecuarios de Entre R\u00edos hab\u00edan comenzado a funcionar organizados el 23 de septiembre de 2011. En ese tiempo, la entidad transit\u00f3 un camino que tuvo como objetivo organizar institucionalmente a los comunicadores especializados de la provincia, fomentando la solidaridad y la capacitaci\u00f3n entre todos los asociados. En la actualidad 34 comunicadores se encuentran integrados en esta entidad.<\/p>\n<p>\u201cEntendemos que nuestra provincia tiene en los sectores productivos, el motor para el crecimiento y el desarrollo econ\u00f3mico y social, y por lo tanto, el rol de los profesionales de la comunicaci\u00f3n es conocer la din\u00e1mica de cada una de las econom\u00edas regionales, para comunicarla con convicci\u00f3n y capacidad\u201d afirm\u00f3 el presidente de la Instituci\u00f3n, <strong>Miguel Ruberto.<\/strong><\/p>\n<p>AEPA ha desarrollado talleres sobre producci\u00f3n en radio, medios digitales, redacci\u00f3n period\u00edstica y comunicaci\u00f3n institucional entre otras, con el objetivo de mejorar la formaci\u00f3n profesional y as\u00ed poder transmitir la realidad de cada uno de los eslabones de las cadenas agroalimentarias entrerrianas.<\/p>\n<p>Adem\u00e1s, reforzando la idea de mejorar la formaci\u00f3n profesional para el ejercicio del periodismo agrario, comunicadores entrerrianos han participado del Programa CAPACITAR, capacitaci\u00f3n que lleva adelante el Circulo Argentino de Periodistas Agrarios (CAPA) junto a la Bolsa de Cereales.<\/p>\n<p>Este programa ofrece los conceptos b\u00e1sicos que permiten abordar, entender y reproducir las tem\u00e1ticas t\u00e9cnicas y econ\u00f3micas relacionadas con el medio agroindustrial; tambi\u00e9n busca ofrecer herramientas profesionales acordes con el desarrollo del ejercicio del periodismo agrario (gr\u00e1fico, radial, televisivo o digital) y permite por medio de una plataforma tecnol\u00f3gica, el acceso a la formaci\u00f3n a distancia mediante las m\u00e1s modernas t\u00e9cnicas de educaci\u00f3n virtual disponibles en el pa\u00eds. El curso tiene una duraci\u00f3n de 17 semanas y contempla visitas presenciales a las principales instituciones p\u00fablicas y privadas vinculadas a la producci\u00f3n agropecuaria del pa\u00eds.<\/p>\n<p>Entre las principales actividades programadas para este a\u00f1o, la AEPA organizar\u00e1 diversos talleres de formaci\u00f3n en distintos puntos de la provincia y destaca la organizaci\u00f3n del Primer Congreso Argentino de Periodistas Agropecuarios que se desarrollar\u00e1 en el mes de septiembre de 2014 en Entre R\u00edos, y tendr\u00e1 como organizadores a AEPA y el CAPA.<\/p>\n<\/div>\n","protected":false},"excerpt":{"rendered":"<p>Mediante el dictado de la Resoluci&oacute;n N&deg; 016, la Direcci&oacute;n de Inspecci&oacute;n de Personas Jur&iacute;dicas del Gobierno de&nbsp;Entre R&iacute;os aprob&oacute; los Estatutos Sociales a la Asociaci&oacute;n Entrerriana de Periodistas Agropecuarios (AEPA) y la correspondiente autorizaci&oacute;n para funcionar como Persona Jur&iacute;dica.&nbsp; Los periodistas y comunicadores agropecuarios de Entre R&iacute;os hab&iacute;an comenzado a funcionar organizados el 23 [&hellip;]<\/p>\n","protected":false},"author":2,"featured_media":0,"comment_status":"open","ping_status":"open","sticky":false,"template":"","format":"standard","meta":{"fifu_image_url":"","fifu_image_alt":"","footnotes":""},"categories":[10,6],"tags":[],"class_list":{"0":"post-5906","1":"post","2":"type-post","3":"status-publish","4":"format-standard","6":"category-campo","7":"category-entre-rios"},"yoast_head":"<title>AEPA tiene su Personer\u00eda Jur\u00eddica - Informe Litoral<\/title>\n<meta name=\"robots\" content=\"index, follow, max-snippet:-1, max-image-preview:large, max-video-preview:-1\" \/>\n<link rel=\"canonical\" href=\"https:\/\/informelitoral.com.ar\/aepa-tiene-su-personeria-juridica\/\" \/>\n<meta property=\"og:locale\" content=\"es_ES\" \/>\n<meta property=\"og:type\" content=\"article\" \/>\n<meta property=\"og:title\" content=\"AEPA tiene su Personer\u00eda Jur\u00eddica - Informe Litoral\" \/>\n<meta property=\"og:description\" content=\"Mediante el dictado de la Resoluci&oacute;n N&deg; 016, la Direcci&oacute;n de Inspecci&oacute;n de Personas Jur&iacute;dicas del Gobierno de&nbsp;Entre R&iacute;os aprob&oacute; los Estatutos Sociales a la Asociaci&oacute;n Entrerriana de Periodistas Agropecuarios (AEPA) y la correspondiente autorizaci&oacute;n para funcionar como Persona Jur&iacute;dica.&nbsp; Los periodistas y comunicadores agropecuarios de Entre R&iacute;os hab&iacute;an comenzado a funcionar organizados el 23 [&hellip;]\" \/>\n<meta property=\"og:url\" content=\"https:\/\/informelitoral.com.ar\/aepa-tiene-su-personeria-juridica\/\" \/>\n<meta property=\"og:site_name\" content=\"Informe Litoral\" \/>\n<meta property=\"article:publisher\" content=\"https:\/\/www.facebook.com\/informelitoral\/\" \/>\n<meta property=\"article:published_time\" content=\"2014-03-05T20:47:41+00:00\" \/>\n<meta property=\"article:modified_time\" content=\"2014-03-05T20:48:36+00:00\" \/>\n<meta property=\"og:image\" content=\"https:\/\/informelitoral.com.ar\/%77%70%2d%63%6f%6e%74%65%6e%74\/uploads\/2014\/03\/AEPA.jpg\" \/>\n\t<meta property=\"og:image:width\" content=\"634\" \/>\n\t<meta property=\"og:image:height\" content=\"234\" \/>\n\t<meta property=\"og:image:type\" content=\"image\/jpeg\" \/>\n<meta name=\"author\" content=\"Gonzalo Schmidt\" \/>\n<meta name=\"twitter:card\" content=\"summary_large_image\" \/>\n<meta name=\"twitter:creator\" content=\"@InformeLitoral\" \/>\n<meta name=\"twitter:site\" content=\"@InformeLitoral\" \/>\n<meta name=\"twitter:label1\" content=\"Escrito por\" \/>\n\t<meta name=\"twitter:data1\" content=\"Gonzalo Schmidt\" \/>\n\t<meta name=\"twitter:label2\" content=\"Tiempo de lectura\" \/>\n\t<meta name=\"twitter:data2\" content=\"2 minutos\" \/>\n<script type=\"application\/ld+json\" class=\"yoast-schema-graph\">{\"@context\":\"https:\\\/\\\/schema.org\",\"@graph\":[{\"@type\":\"Article\",\"@id\":\"https:\\\/\\\/informelitoral.com.ar\\\/aepa-tiene-su-personeria-juridica\\\/#article\",\"isPartOf\":{\"@id\":\"https:\\\/\\\/informelitoral.com.ar\\\/aepa-tiene-su-personeria-juridica\\\/\"},\"author\":{\"name\":\"Gonzalo Schmidt\",\"@id\":\"https:\\\/\\\/informelitoral.com.ar\\\/#\\\/schema\\\/person\\\/b9d00407c836482871ef1d57bf8e3180\"},\"headline\":\"AEPA tiene su Personer\u00eda Jur\u00eddica\",\"datePublished\":\"2014-03-05T20:47:41+00:00\",\"dateModified\":\"2014-03-05T20:48:36+00:00\",\"mainEntityOfPage\":{\"@id\":\"https:\\\/\\\/informelitoral.com.ar\\\/aepa-tiene-su-personeria-juridica\\\/\"},\"wordCount\":434,\"commentCount\":0,\"publisher\":{\"@id\":\"https:\\\/\\\/informelitoral.com.ar\\\/#organization\"},\"image\":{\"@id\":\"https:\\\/\\\/informelitoral.com.ar\\\/aepa-tiene-su-personeria-juridica\\\/#primaryimage\"},\"thumbnailUrl\":\"http:\\\/\\\/www.isletasnoticias.com.ar\\\/%77%70%2d%63%6f%6e%74%65%6e%74\\\/uploads\\\/2014\\\/03\\\/AEPA-300x110.jpg\",\"articleSection\":[\"Campo\",\"Entre R\u00edos\"],\"inLanguage\":\"es\",\"potentialAction\":[{\"@type\":\"CommentAction\",\"name\":\"Comment\",\"target\":[\"https:\\\/\\\/informelitoral.com.ar\\\/aepa-tiene-su-personeria-juridica\\\/#respond\"]}]},{\"@type\":\"WebPage\",\"@id\":\"https:\\\/\\\/informelitoral.com.ar\\\/aepa-tiene-su-personeria-juridica\\\/\",\"url\":\"https:\\\/\\\/informelitoral.com.ar\\\/aepa-tiene-su-personeria-juridica\\\/\",\"name\":\"AEPA tiene su Personer\u00eda Jur\u00eddica - Informe Litoral\",\"isPartOf\":{\"@id\":\"https:\\\/\\\/informelitoral.com.ar\\\/#website\"},\"primaryImageOfPage\":{\"@id\":\"https:\\\/\\\/informelitoral.com.ar\\\/aepa-tiene-su-personeria-juridica\\\/#primaryimage\"},\"image\":{\"@id\":\"https:\\\/\\\/informelitoral.com.ar\\\/aepa-tiene-su-personeria-juridica\\\/#primaryimage\"},\"thumbnailUrl\":\"http:\\\/\\\/www.isletasnoticias.com.ar\\\/%77%70%2d%63%6f%6e%74%65%6e%74\\\/uploads\\\/2014\\\/03\\\/AEPA-300x110.jpg\",\"datePublished\":\"2014-03-05T20:47:41+00:00\",\"dateModified\":\"2014-03-05T20:48:36+00:00\",\"breadcrumb\":{\"@id\":\"https:\\\/\\\/informelitoral.com.ar\\\/aepa-tiene-su-personeria-juridica\\\/#breadcrumb\"},\"inLanguage\":\"es\",\"potentialAction\":[{\"@type\":\"ReadAction\",\"target\":[\"https:\\\/\\\/informelitoral.com.ar\\\/aepa-tiene-su-personeria-juridica\\\/\"]}]},{\"@type\":\"ImageObject\",\"inLanguage\":\"es\",\"@id\":\"https:\\\/\\\/informelitoral.com.ar\\\/aepa-tiene-su-personeria-juridica\\\/#primaryimage\",\"url\":\"http:\\\/\\\/www.isletasnoticias.com.ar\\\/%77%70%2d%63%6f%6e%74%65%6e%74\\\/uploads\\\/2014\\\/03\\\/AEPA-300x110.jpg\",\"contentUrl\":\"http:\\\/\\\/www.isletasnoticias.com.ar\\\/%77%70%2d%63%6f%6e%74%65%6e%74\\\/uploads\\\/2014\\\/03\\\/AEPA-300x110.jpg\"},{\"@type\":\"BreadcrumbList\",\"@id\":\"https:\\\/\\\/informelitoral.com.ar\\\/aepa-tiene-su-personeria-juridica\\\/#breadcrumb\",\"itemListElement\":[{\"@type\":\"ListItem\",\"position\":1,\"name\":\"Portada\",\"item\":\"https:\\\/\\\/informelitoral.com.ar\\\/\"},{\"@type\":\"ListItem\",\"position\":2,\"name\":\"AEPA tiene su Personer\u00eda Jur\u00eddica\"}]},{\"@type\":\"WebSite\",\"@id\":\"https:\\\/\\\/informelitoral.com.ar\\\/#website\",\"url\":\"https:\\\/\\\/informelitoral.com.ar\\\/\",\"name\":\"Informe Litoral\",\"description\":\"&quot;Nos informamos&quot; \",\"publisher\":{\"@id\":\"https:\\\/\\\/informelitoral.com.ar\\\/#organization\"},\"potentialAction\":[{\"@type\":\"SearchAction\",\"target\":{\"@type\":\"EntryPoint\",\"urlTemplate\":\"https:\\\/\\\/informelitoral.com.ar\\\/?s={search_term_string}\"},\"query-input\":{\"@type\":\"PropertyValueSpecification\",\"valueRequired\":true,\"valueName\":\"search_term_string\"}}],\"inLanguage\":\"es\"},{\"@type\":\"Organization\",\"@id\":\"https:\\\/\\\/informelitoral.com.ar\\\/#organization\",\"name\":\"Informe Litoral\",\"url\":\"https:\\\/\\\/informelitoral.com.ar\\\/\",\"logo\":{\"@type\":\"ImageObject\",\"inLanguage\":\"es\",\"@id\":\"https:\\\/\\\/informelitoral.com.ar\\\/#\\\/schema\\\/logo\\\/image\\\/\",\"url\":\"https:\\\/\\\/informelitoral.com.ar\\\/%77%70%2d%63%6f%6e%74%65%6e%74\\\/uploads\\\/2021\\\/01\\\/circulo.png\",\"contentUrl\":\"https:\\\/\\\/informelitoral.com.ar\\\/%77%70%2d%63%6f%6e%74%65%6e%74\\\/uploads\\\/2021\\\/01\\\/circulo.png\",\"width\":723,\"height\":731,\"caption\":\"Informe Litoral\"},\"image\":{\"@id\":\"https:\\\/\\\/informelitoral.com.ar\\\/#\\\/schema\\\/logo\\\/image\\\/\"},\"sameAs\":[\"https:\\\/\\\/www.facebook.com\\\/informelitoral\\\/\",\"https:\\\/\\\/x.com\\\/InformeLitoral\",\"https:\\\/\\\/www.instagram.com\\\/informelitoral\\\/\",\"https:\\\/\\\/www.youtube.com\\\/channel\\\/UCua4Qvz8Icb6MYqhoq9xLXw\"]},{\"@type\":\"Person\",\"@id\":\"https:\\\/\\\/informelitoral.com.ar\\\/#\\\/schema\\\/person\\\/b9d00407c836482871ef1d57bf8e3180\",\"name\":\"Gonzalo Schmidt\",\"image\":{\"@type\":\"ImageObject\",\"inLanguage\":\"es\",\"@id\":\"https:\\\/\\\/secure.gravatar.com\\\/avatar\\\/31a1a7b66ff2de83bd0e9fd79d026630d2d99e55e8bfe501287647b4fd9743de?s=96&d=mm&r=g\",\"url\":\"https:\\\/\\\/secure.gravatar.com\\\/avatar\\\/31a1a7b66ff2de83bd0e9fd79d026630d2d99e55e8bfe501287647b4fd9743de?s=96&d=mm&r=g\",\"contentUrl\":\"https:\\\/\\\/secure.gravatar.com\\\/avatar\\\/31a1a7b66ff2de83bd0e9fd79d026630d2d99e55e8bfe501287647b4fd9743de?s=96&d=mm&r=g\",\"caption\":\"Gonzalo Schmidt\"},\"description\":\"Sitio web de noticias de la provincia de Entre R\u00edos, Argentina. Informaci\u00f3n y entretenimiento. Informe Litoral, nos informamos.\",\"sameAs\":[\"http:\\\/\\\/www.isletasnoticias.com.ar\"],\"url\":\"https:\\\/\\\/informelitoral.com.ar\\\/author\\\/gonzalo\\\/\"}]}<\/script>","yoast_head_json":{"title":"AEPA tiene su Personer\u00eda Jur\u00eddica - Informe Litoral","robots":{"index":"index","follow":"follow","max-snippet":"max-snippet:-1","max-image-preview":"max-image-preview:large","max-video-preview":"max-video-preview:-1"},"canonical":"https:\/\/informelitoral.com.ar\/aepa-tiene-su-personeria-juridica\/","og_locale":"es_ES","og_type":"article","og_title":"AEPA tiene su Personer\u00eda Jur\u00eddica - Informe Litoral","og_description":"Mediante el dictado de la Resoluci&oacute;n N&deg; 016, la Direcci&oacute;n de Inspecci&oacute;n de Personas Jur&iacute;dicas del Gobierno de&nbsp;Entre R&iacute;os aprob&oacute; los Estatutos Sociales a la Asociaci&oacute;n Entrerriana de Periodistas Agropecuarios (AEPA) y la correspondiente autorizaci&oacute;n para funcionar como Persona Jur&iacute;dica.&nbsp; Los periodistas y comunicadores agropecuarios de Entre R&iacute;os hab&iacute;an comenzado a funcionar organizados el 23 [&hellip;]","og_url":"https:\/\/informelitoral.com.ar\/aepa-tiene-su-personeria-juridica\/","og_site_name":"Informe Litoral","article_publisher":"https:\/\/www.facebook.com\/informelitoral\/","article_published_time":"2014-03-05T20:47:41+00:00","article_modified_time":"2014-03-05T20:48:36+00:00","og_image":[{"width":634,"height":234,"url":"https:\/\/informelitoral.com.ar\/%77%70%2d%63%6f%6e%74%65%6e%74\/uploads\/2014\/03\/AEPA.jpg","type":"image\/jpeg"}],"author":"Gonzalo Schmidt","twitter_card":"summary_large_image","twitter_creator":"@InformeLitoral","twitter_site":"@InformeLitoral","twitter_misc":{"Escrito por":"Gonzalo Schmidt","Tiempo de lectura":"2 minutos"},"schema":{"@context":"https:\/\/schema.org","@graph":[{"@type":"Article","@id":"https:\/\/informelitoral.com.ar\/aepa-tiene-su-personeria-juridica\/#article","isPartOf":{"@id":"https:\/\/informelitoral.com.ar\/aepa-tiene-su-personeria-juridica\/"},"author":{"name":"Gonzalo Schmidt","@id":"https:\/\/informelitoral.com.ar\/#\/schema\/person\/b9d00407c836482871ef1d57bf8e3180"},"headline":"AEPA tiene su Personer\u00eda Jur\u00eddica","datePublished":"2014-03-05T20:47:41+00:00","dateModified":"2014-03-05T20:48:36+00:00","mainEntityOfPage":{"@id":"https:\/\/informelitoral.com.ar\/aepa-tiene-su-personeria-juridica\/"},"wordCount":434,"commentCount":0,"publisher":{"@id":"https:\/\/informelitoral.com.ar\/#organization"},"image":{"@id":"https:\/\/informelitoral.com.ar\/aepa-tiene-su-personeria-juridica\/#primaryimage"},"thumbnailUrl":"http:\/\/www.isletasnoticias.com.ar\/%77%70%2d%63%6f%6e%74%65%6e%74\/uploads\/2014\/03\/AEPA-300x110.jpg","articleSection":["Campo","Entre R\u00edos"],"inLanguage":"es","potentialAction":[{"@type":"CommentAction","name":"Comment","target":["https:\/\/informelitoral.com.ar\/aepa-tiene-su-personeria-juridica\/#respond"]}]},{"@type":"WebPage","@id":"https:\/\/informelitoral.com.ar\/aepa-tiene-su-personeria-juridica\/","url":"https:\/\/informelitoral.com.ar\/aepa-tiene-su-personeria-juridica\/","name":"AEPA tiene su Personer\u00eda Jur\u00eddica - Informe Litoral","isPartOf":{"@id":"https:\/\/informelitoral.com.ar\/#website"},"primaryImageOfPage":{"@id":"https:\/\/informelitoral.com.ar\/aepa-tiene-su-personeria-juridica\/#primaryimage"},"image":{"@id":"https:\/\/informelitoral.com.ar\/aepa-tiene-su-personeria-juridica\/#primaryimage"},"thumbnailUrl":"http:\/\/www.isletasnoticias.com.ar\/%77%70%2d%63%6f%6e%74%65%6e%74\/uploads\/2014\/03\/AEPA-300x110.jpg","datePublished":"2014-03-05T20:47:41+00:00","dateModified":"2014-03-05T20:48:36+00:00","breadcrumb":{"@id":"https:\/\/informelitoral.com.ar\/aepa-tiene-su-personeria-juridica\/#breadcrumb"},"inLanguage":"es","potentialAction":[{"@type":"ReadAction","target":["https:\/\/informelitoral.com.ar\/aepa-tiene-su-personeria-juridica\/"]}]},{"@type":"ImageObject","inLanguage":"es","@id":"https:\/\/informelitoral.com.ar\/aepa-tiene-su-personeria-juridica\/#primaryimage","url":"http:\/\/www.isletasnoticias.com.ar\/%77%70%2d%63%6f%6e%74%65%6e%74\/uploads\/2014\/03\/AEPA-300x110.jpg","contentUrl":"http:\/\/www.isletasnoticias.com.ar\/%77%70%2d%63%6f%6e%74%65%6e%74\/uploads\/2014\/03\/AEPA-300x110.jpg"},{"@type":"BreadcrumbList","@id":"https:\/\/informelitoral.com.ar\/aepa-tiene-su-personeria-juridica\/#breadcrumb","itemListElement":[{"@type":"ListItem","position":1,"name":"Portada","item":"https:\/\/informelitoral.com.ar\/"},{"@type":"ListItem","position":2,"name":"AEPA tiene su Personer\u00eda Jur\u00eddica"}]},{"@type":"WebSite","@id":"https:\/\/informelitoral.com.ar\/#website","url":"https:\/\/informelitoral.com.ar\/","name":"Informe Litoral","description":"&quot;Nos informamos&quot; ","publisher":{"@id":"https:\/\/informelitoral.com.ar\/#organization"},"potentialAction":[{"@type":"SearchAction","target":{"@type":"EntryPoint","urlTemplate":"https:\/\/informelitoral.com.ar\/?s={search_term_string}"},"query-input":{"@type":"PropertyValueSpecification","valueRequired":true,"valueName":"search_term_string"}}],"inLanguage":"es"},{"@type":"Organization","@id":"https:\/\/informelitoral.com.ar\/#organization","name":"Informe Litoral","url":"https:\/\/informelitoral.com.ar\/","logo":{"@type":"ImageObject","inLanguage":"es","@id":"https:\/\/informelitoral.com.ar\/#\/schema\/logo\/image\/","url":"https:\/\/informelitoral.com.ar\/%77%70%2d%63%6f%6e%74%65%6e%74\/uploads\/2021\/01\/circulo.png","contentUrl":"https:\/\/informelitoral.com.ar\/%77%70%2d%63%6f%6e%74%65%6e%74\/uploads\/2021\/01\/circulo.png","width":723,"height":731,"caption":"Informe Litoral"},"image":{"@id":"https:\/\/informelitoral.com.ar\/#\/schema\/logo\/image\/"},"sameAs":["https:\/\/www.facebook.com\/informelitoral\/","https:\/\/x.com\/InformeLitoral","https:\/\/www.instagram.com\/informelitoral\/","https:\/\/www.youtube.com\/channel\/UCua4Qvz8Icb6MYqhoq9xLXw"]},{"@type":"Person","@id":"https:\/\/informelitoral.com.ar\/#\/schema\/person\/b9d00407c836482871ef1d57bf8e3180","name":"Gonzalo Schmidt","image":{"@type":"ImageObject","inLanguage":"es","@id":"https:\/\/secure.gravatar.com\/avatar\/31a1a7b66ff2de83bd0e9fd79d026630d2d99e55e8bfe501287647b4fd9743de?s=96&d=mm&r=g","url":"https:\/\/secure.gravatar.com\/avatar\/31a1a7b66ff2de83bd0e9fd79d026630d2d99e55e8bfe501287647b4fd9743de?s=96&d=mm&r=g","contentUrl":"https:\/\/secure.gravatar.com\/avatar\/31a1a7b66ff2de83bd0e9fd79d026630d2d99e55e8bfe501287647b4fd9743de?s=96&d=mm&r=g","caption":"Gonzalo Schmidt"},"description":"Sitio web de noticias de la provincia de Entre R\u00edos, Argentina. Informaci\u00f3n y entretenimiento. Informe Litoral, nos informamos.","sameAs":["http:\/\/www.isletasnoticias.com.ar"],"url":"https:\/\/informelitoral.com.ar\/author\/gonzalo\/"}]}},"_links":{"self":[{"href":"https:\/\/informelitoral.com.ar\/%77%70%2d%6a%73%6f%6e\/wp\/v2\/posts\/5906","targetHints":{"allow":["GET"]}}],"collection":[{"href":"https:\/\/informelitoral.com.ar\/%77%70%2d%6a%73%6f%6e\/wp\/v2\/posts"}],"about":[{"href":"https:\/\/informelitoral.com.ar\/%77%70%2d%6a%73%6f%6e\/wp\/v2\/types\/post"}],"author":[{"embeddable":true,"href":"https:\/\/informelitoral.com.ar\/%77%70%2d%6a%73%6f%6e\/wp\/v2\/users\/2"}],"replies":[{"embeddable":true,"href":"https:\/\/informelitoral.com.ar\/%77%70%2d%6a%73%6f%6e\/wp\/v2\/comments?post=5906"}],"version-history":[{"count":0,"href":"https:\/\/informelitoral.com.ar\/%77%70%2d%6a%73%6f%6e\/wp\/v2\/posts\/5906\/revisions"}],"wp:attachment":[{"href":"https:\/\/informelitoral.com.ar\/%77%70%2d%6a%73%6f%6e\/wp\/v2\/media?parent=5906"}],"wp:term":[{"taxonomy":"category","embeddable":true,"href":"https:\/\/informelitoral.com.ar\/%77%70%2d%6a%73%6f%6e\/wp\/v2\/categories?post=5906"},{"taxonomy":"post_tag","embeddable":true,"href":"https:\/\/informelitoral.com.ar\/%77%70%2d%6a%73%6f%6e\/wp\/v2\/tags?post=5906"}],"curies":[{"name":"wp","href":"https:\/\/api.w.org\/{rel}","templated":true}]}}