{"id":5895,"date":"2014-03-04T10:57:09","date_gmt":"2014-03-04T13:57:09","guid":{"rendered":"http:\/\/www.isletasnoticias.com.ar\/?p=5895"},"modified":"2014-03-04T11:04:59","modified_gmt":"2014-03-04T14:04:59","slug":"isletas-chemez-tambien-fua-a-acompanar-a-la-presidente","status":"publish","type":"post","link":"https:\/\/informelitoral.com.ar\/isletas-chemez-tambien-fua-a-acompanar-a-la-presidente\/","title":{"rendered":"Isletas: Ch\u00e9mez tambi\u00e9n fue a \u00abacompa\u00f1ar\u00bb a la presidente"},"content":{"rendered":"<p><strong>El referente local del Frente Para la Victoria (FPV) <em>Luis Ch\u00e9mez<\/em>, viaj\u00f3 a Buenos Aires para apoyar al proyecto pol\u00edtico de <em>CFK<\/em>. Fue el pasado 1 de marzo en la apertura de sesione<strong>s ordinarias del Congreso.\u00a0<\/strong><\/strong><\/p>\n<p><img loading=\"lazy\" decoding=\"async\" class=\"aligncenter size-medium wp-image-5896\" alt=\"Ch\u00e9mez\" src=\"http:\/\/www.isletasnoticias.com.ar\/%77%70%2d%63%6f%6e%74%65%6e%74\/uploads\/2014\/03\/Ch\u00e9mez-300x225.jpg\" width=\"300\" height=\"225\" srcset=\"https:\/\/informelitoral.com.ar\/%77%70%2d%63%6f%6e%74%65%6e%74\/uploads\/2014\/03\/Ch\u00e9mez-300x225.jpg 300w, https:\/\/informelitoral.com.ar\/%77%70%2d%63%6f%6e%74%65%6e%74\/uploads\/2014\/03\/Ch\u00e9mez.jpg 960w\" sizes=\"auto, (max-width: 300px) 100vw, 300px\" \/><\/p>\n<p>El candidato a presidente de la Junta de Gobierno de Isletas para 2015, <strong>Luis Ch\u00e9mez <\/strong>(FPV),\u00a0se sigue mostrando cerca del justicialismo del departamento Diamante, en especial del senador <strong>Daniel Kramer<\/strong>.<\/p>\n<p>Para demostrar de alguna forma el apoyo mutuo, Ch\u00e9mez comparti\u00f3 im\u00e1genes en su cuenta de Facebook sobre su participaci\u00f3n de la apertura de sesiones ordinarias del Congreso nacional, el pasado s\u00e1bado 1 de marzo, para \u00abacompa\u00f1ar\u00bb a la presidente.<\/p>\n<p>En el posteo agradeci\u00f3 a los hombres cercanos a Kramer y a la JP de Ram\u00edrez. \u00abGracias a los compa\u00f1eros <strong>Ricardo Kretzer<\/strong>, <strong>Ricardo Daniel Rodr\u00edguez<\/strong>,y a la Juventud Peronista de General Ramirez, por la invitaci\u00f3n a viajar a Buenos Aires a apoyar el modelo de gobierno de\u00a0<strong>Cristina Fern\u00e1ndez de Kirchner\u00bb, <\/strong>public\u00f3 el isletense.<\/p>\n<p>De esta forma, intent\u00f3 una vez m\u00e1s, dejar demostradas sus intenciones de cara a 2015 y su apoyo al peronismo kirchnerista. (I<em>sletas Noticias<\/em>)<\/p>\n","protected":false},"excerpt":{"rendered":"<p>El referente local del Frente Para la Victoria (FPV) Luis Ch&eacute;mez, viaj&oacute; a Buenos Aires para apoyar al proyecto pol&iacute;tico de CFK. Fue el pasado 1 de marzo en la apertura de sesiones ordinarias del Congreso.&nbsp; El candidato a presidente de la Junta de Gobierno de Isletas para 2015, Luis Ch&eacute;mez (FPV),&nbsp;se sigue mostrando cerca [&hellip;]<\/p>\n","protected":false},"author":2,"featured_media":0,"comment_status":"open","ping_status":"open","sticky":false,"template":"","format":"standard","meta":{"fifu_image_url":"","fifu_image_alt":"","footnotes":""},"categories":[4,16],"tags":[],"class_list":{"0":"post-5895","1":"post","2":"type-post","3":"status-publish","4":"format-standard","6":"category-locales","7":"category-politi"},"yoast_head":"<title>Isletas: Ch\u00e9mez tambi\u00e9n fue a &quot;acompa\u00f1ar&quot; a la presidente - Informe Litoral<\/title>\n<meta name=\"robots\" content=\"index, follow, max-snippet:-1, max-image-preview:large, max-video-preview:-1\" \/>\n<link rel=\"canonical\" href=\"https:\/\/informelitoral.com.ar\/isletas-chemez-tambien-fua-a-acompanar-a-la-presidente\/\" \/>\n<meta property=\"og:locale\" content=\"es_ES\" \/>\n<meta property=\"og:type\" content=\"article\" \/>\n<meta property=\"og:title\" content=\"Isletas: Ch\u00e9mez tambi\u00e9n fue a &quot;acompa\u00f1ar&quot; a la presidente - Informe Litoral\" \/>\n<meta property=\"og:description\" content=\"El referente local del Frente Para la Victoria (FPV) Luis Ch&eacute;mez, viaj&oacute; a Buenos Aires para apoyar al proyecto pol&iacute;tico de CFK. Fue el pasado 1 de marzo en la apertura de sesiones ordinarias del Congreso.&nbsp; El candidato a presidente de la Junta de Gobierno de Isletas para 2015, Luis Ch&eacute;mez (FPV),&nbsp;se sigue mostrando cerca [&hellip;]\" \/>\n<meta property=\"og:url\" content=\"https:\/\/informelitoral.com.ar\/isletas-chemez-tambien-fua-a-acompanar-a-la-presidente\/\" \/>\n<meta property=\"og:site_name\" content=\"Informe Litoral\" \/>\n<meta property=\"article:publisher\" content=\"https:\/\/www.facebook.com\/informelitoral\/\" \/>\n<meta property=\"article:published_time\" content=\"2014-03-04T13:57:09+00:00\" \/>\n<meta property=\"article:modified_time\" content=\"2014-03-04T14:04:59+00:00\" \/>\n<meta name=\"author\" content=\"Gonzalo Schmidt\" \/>\n<meta name=\"twitter:card\" content=\"summary_large_image\" \/>\n<meta name=\"twitter:creator\" content=\"@InformeLitoral\" \/>\n<meta name=\"twitter:site\" content=\"@InformeLitoral\" \/>\n<meta name=\"twitter:label1\" content=\"Escrito por\" \/>\n\t<meta name=\"twitter:data1\" content=\"Gonzalo Schmidt\" \/>\n\t<meta name=\"twitter:label2\" content=\"Tiempo de lectura\" \/>\n\t<meta name=\"twitter:data2\" content=\"1 minuto\" \/>\n<script type=\"application\/ld+json\" class=\"yoast-schema-graph\">{\"@context\":\"https:\\\/\\\/schema.org\",\"@graph\":[{\"@type\":\"Article\",\"@id\":\"https:\\\/\\\/informelitoral.com.ar\\\/isletas-chemez-tambien-fua-a-acompanar-a-la-presidente\\\/#article\",\"isPartOf\":{\"@id\":\"https:\\\/\\\/informelitoral.com.ar\\\/isletas-chemez-tambien-fua-a-acompanar-a-la-presidente\\\/\"},\"author\":{\"name\":\"Gonzalo Schmidt\",\"@id\":\"https:\\\/\\\/informelitoral.com.ar\\\/#\\\/schema\\\/person\\\/b9d00407c836482871ef1d57bf8e3180\"},\"headline\":\"Isletas: Ch\u00e9mez tambi\u00e9n fue a \u00abacompa\u00f1ar\u00bb a la presidente\",\"datePublished\":\"2014-03-04T13:57:09+00:00\",\"dateModified\":\"2014-03-04T14:04:59+00:00\",\"mainEntityOfPage\":{\"@id\":\"https:\\\/\\\/informelitoral.com.ar\\\/isletas-chemez-tambien-fua-a-acompanar-a-la-presidente\\\/\"},\"wordCount\":206,\"commentCount\":0,\"publisher\":{\"@id\":\"https:\\\/\\\/informelitoral.com.ar\\\/#organization\"},\"articleSection\":[\"Isletas\",\"Politica\"],\"inLanguage\":\"es\",\"potentialAction\":[{\"@type\":\"CommentAction\",\"name\":\"Comment\",\"target\":[\"https:\\\/\\\/informelitoral.com.ar\\\/isletas-chemez-tambien-fua-a-acompanar-a-la-presidente\\\/#respond\"]}]},{\"@type\":\"WebPage\",\"@id\":\"https:\\\/\\\/informelitoral.com.ar\\\/isletas-chemez-tambien-fua-a-acompanar-a-la-presidente\\\/\",\"url\":\"https:\\\/\\\/informelitoral.com.ar\\\/isletas-chemez-tambien-fua-a-acompanar-a-la-presidente\\\/\",\"name\":\"Isletas: Ch\u00e9mez tambi\u00e9n fue a \\\"acompa\u00f1ar\\\" a la presidente - Informe Litoral\",\"isPartOf\":{\"@id\":\"https:\\\/\\\/informelitoral.com.ar\\\/#website\"},\"datePublished\":\"2014-03-04T13:57:09+00:00\",\"dateModified\":\"2014-03-04T14:04:59+00:00\",\"breadcrumb\":{\"@id\":\"https:\\\/\\\/informelitoral.com.ar\\\/isletas-chemez-tambien-fua-a-acompanar-a-la-presidente\\\/#breadcrumb\"},\"inLanguage\":\"es\",\"potentialAction\":[{\"@type\":\"ReadAction\",\"target\":[\"https:\\\/\\\/informelitoral.com.ar\\\/isletas-chemez-tambien-fua-a-acompanar-a-la-presidente\\\/\"]}]},{\"@type\":\"BreadcrumbList\",\"@id\":\"https:\\\/\\\/informelitoral.com.ar\\\/isletas-chemez-tambien-fua-a-acompanar-a-la-presidente\\\/#breadcrumb\",\"itemListElement\":[{\"@type\":\"ListItem\",\"position\":1,\"name\":\"Portada\",\"item\":\"https:\\\/\\\/informelitoral.com.ar\\\/\"},{\"@type\":\"ListItem\",\"position\":2,\"name\":\"Isletas: Ch\u00e9mez tambi\u00e9n fue a \u00abacompa\u00f1ar\u00bb a la presidente\"}]},{\"@type\":\"WebSite\",\"@id\":\"https:\\\/\\\/informelitoral.com.ar\\\/#website\",\"url\":\"https:\\\/\\\/informelitoral.com.ar\\\/\",\"name\":\"Informe Litoral\",\"description\":\"&quot;Nos informamos&quot; \",\"publisher\":{\"@id\":\"https:\\\/\\\/informelitoral.com.ar\\\/#organization\"},\"potentialAction\":[{\"@type\":\"SearchAction\",\"target\":{\"@type\":\"EntryPoint\",\"urlTemplate\":\"https:\\\/\\\/informelitoral.com.ar\\\/?s={search_term_string}\"},\"query-input\":{\"@type\":\"PropertyValueSpecification\",\"valueRequired\":true,\"valueName\":\"search_term_string\"}}],\"inLanguage\":\"es\"},{\"@type\":\"Organization\",\"@id\":\"https:\\\/\\\/informelitoral.com.ar\\\/#organization\",\"name\":\"Informe Litoral\",\"url\":\"https:\\\/\\\/informelitoral.com.ar\\\/\",\"logo\":{\"@type\":\"ImageObject\",\"inLanguage\":\"es\",\"@id\":\"https:\\\/\\\/informelitoral.com.ar\\\/#\\\/schema\\\/logo\\\/image\\\/\",\"url\":\"https:\\\/\\\/informelitoral.com.ar\\\/%77%70%2d%63%6f%6e%74%65%6e%74\\\/uploads\\\/2021\\\/01\\\/circulo.png\",\"contentUrl\":\"https:\\\/\\\/informelitoral.com.ar\\\/%77%70%2d%63%6f%6e%74%65%6e%74\\\/uploads\\\/2021\\\/01\\\/circulo.png\",\"width\":723,\"height\":731,\"caption\":\"Informe Litoral\"},\"image\":{\"@id\":\"https:\\\/\\\/informelitoral.com.ar\\\/#\\\/schema\\\/logo\\\/image\\\/\"},\"sameAs\":[\"https:\\\/\\\/www.facebook.com\\\/informelitoral\\\/\",\"https:\\\/\\\/x.com\\\/InformeLitoral\",\"https:\\\/\\\/www.instagram.com\\\/informelitoral\\\/\",\"https:\\\/\\\/www.youtube.com\\\/channel\\\/UCua4Qvz8Icb6MYqhoq9xLXw\"]},{\"@type\":\"Person\",\"@id\":\"https:\\\/\\\/informelitoral.com.ar\\\/#\\\/schema\\\/person\\\/b9d00407c836482871ef1d57bf8e3180\",\"name\":\"Gonzalo Schmidt\",\"image\":{\"@type\":\"ImageObject\",\"inLanguage\":\"es\",\"@id\":\"https:\\\/\\\/secure.gravatar.com\\\/avatar\\\/31a1a7b66ff2de83bd0e9fd79d026630d2d99e55e8bfe501287647b4fd9743de?s=96&d=mm&r=g\",\"url\":\"https:\\\/\\\/secure.gravatar.com\\\/avatar\\\/31a1a7b66ff2de83bd0e9fd79d026630d2d99e55e8bfe501287647b4fd9743de?s=96&d=mm&r=g\",\"contentUrl\":\"https:\\\/\\\/secure.gravatar.com\\\/avatar\\\/31a1a7b66ff2de83bd0e9fd79d026630d2d99e55e8bfe501287647b4fd9743de?s=96&d=mm&r=g\",\"caption\":\"Gonzalo Schmidt\"},\"description\":\"Sitio web de noticias de la provincia de Entre R\u00edos, Argentina. Informaci\u00f3n y entretenimiento. Informe Litoral, nos informamos.\",\"sameAs\":[\"http:\\\/\\\/www.isletasnoticias.com.ar\"],\"url\":\"https:\\\/\\\/informelitoral.com.ar\\\/author\\\/gonzalo\\\/\"}]}<\/script>","yoast_head_json":{"title":"Isletas: Ch\u00e9mez tambi\u00e9n fue a \"acompa\u00f1ar\" a la presidente - Informe Litoral","robots":{"index":"index","follow":"follow","max-snippet":"max-snippet:-1","max-image-preview":"max-image-preview:large","max-video-preview":"max-video-preview:-1"},"canonical":"https:\/\/informelitoral.com.ar\/isletas-chemez-tambien-fua-a-acompanar-a-la-presidente\/","og_locale":"es_ES","og_type":"article","og_title":"Isletas: Ch\u00e9mez tambi\u00e9n fue a \"acompa\u00f1ar\" a la presidente - Informe Litoral","og_description":"El referente local del Frente Para la Victoria (FPV) Luis Ch&eacute;mez, viaj&oacute; a Buenos Aires para apoyar al proyecto pol&iacute;tico de CFK. Fue el pasado 1 de marzo en la apertura de sesiones ordinarias del Congreso.&nbsp; El candidato a presidente de la Junta de Gobierno de Isletas para 2015, Luis Ch&eacute;mez (FPV),&nbsp;se sigue mostrando cerca [&hellip;]","og_url":"https:\/\/informelitoral.com.ar\/isletas-chemez-tambien-fua-a-acompanar-a-la-presidente\/","og_site_name":"Informe Litoral","article_publisher":"https:\/\/www.facebook.com\/informelitoral\/","article_published_time":"2014-03-04T13:57:09+00:00","article_modified_time":"2014-03-04T14:04:59+00:00","author":"Gonzalo Schmidt","twitter_card":"summary_large_image","twitter_creator":"@InformeLitoral","twitter_site":"@InformeLitoral","twitter_misc":{"Escrito por":"Gonzalo Schmidt","Tiempo de lectura":"1 minuto"},"schema":{"@context":"https:\/\/schema.org","@graph":[{"@type":"Article","@id":"https:\/\/informelitoral.com.ar\/isletas-chemez-tambien-fua-a-acompanar-a-la-presidente\/#article","isPartOf":{"@id":"https:\/\/informelitoral.com.ar\/isletas-chemez-tambien-fua-a-acompanar-a-la-presidente\/"},"author":{"name":"Gonzalo Schmidt","@id":"https:\/\/informelitoral.com.ar\/#\/schema\/person\/b9d00407c836482871ef1d57bf8e3180"},"headline":"Isletas: Ch\u00e9mez tambi\u00e9n fue a \u00abacompa\u00f1ar\u00bb a la presidente","datePublished":"2014-03-04T13:57:09+00:00","dateModified":"2014-03-04T14:04:59+00:00","mainEntityOfPage":{"@id":"https:\/\/informelitoral.com.ar\/isletas-chemez-tambien-fua-a-acompanar-a-la-presidente\/"},"wordCount":206,"commentCount":0,"publisher":{"@id":"https:\/\/informelitoral.com.ar\/#organization"},"articleSection":["Isletas","Politica"],"inLanguage":"es","potentialAction":[{"@type":"CommentAction","name":"Comment","target":["https:\/\/informelitoral.com.ar\/isletas-chemez-tambien-fua-a-acompanar-a-la-presidente\/#respond"]}]},{"@type":"WebPage","@id":"https:\/\/informelitoral.com.ar\/isletas-chemez-tambien-fua-a-acompanar-a-la-presidente\/","url":"https:\/\/informelitoral.com.ar\/isletas-chemez-tambien-fua-a-acompanar-a-la-presidente\/","name":"Isletas: Ch\u00e9mez tambi\u00e9n fue a \"acompa\u00f1ar\" a la presidente - Informe Litoral","isPartOf":{"@id":"https:\/\/informelitoral.com.ar\/#website"},"datePublished":"2014-03-04T13:57:09+00:00","dateModified":"2014-03-04T14:04:59+00:00","breadcrumb":{"@id":"https:\/\/informelitoral.com.ar\/isletas-chemez-tambien-fua-a-acompanar-a-la-presidente\/#breadcrumb"},"inLanguage":"es","potentialAction":[{"@type":"ReadAction","target":["https:\/\/informelitoral.com.ar\/isletas-chemez-tambien-fua-a-acompanar-a-la-presidente\/"]}]},{"@type":"BreadcrumbList","@id":"https:\/\/informelitoral.com.ar\/isletas-chemez-tambien-fua-a-acompanar-a-la-presidente\/#breadcrumb","itemListElement":[{"@type":"ListItem","position":1,"name":"Portada","item":"https:\/\/informelitoral.com.ar\/"},{"@type":"ListItem","position":2,"name":"Isletas: Ch\u00e9mez tambi\u00e9n fue a \u00abacompa\u00f1ar\u00bb a la presidente"}]},{"@type":"WebSite","@id":"https:\/\/informelitoral.com.ar\/#website","url":"https:\/\/informelitoral.com.ar\/","name":"Informe Litoral","description":"&quot;Nos informamos&quot; ","publisher":{"@id":"https:\/\/informelitoral.com.ar\/#organization"},"potentialAction":[{"@type":"SearchAction","target":{"@type":"EntryPoint","urlTemplate":"https:\/\/informelitoral.com.ar\/?s={search_term_string}"},"query-input":{"@type":"PropertyValueSpecification","valueRequired":true,"valueName":"search_term_string"}}],"inLanguage":"es"},{"@type":"Organization","@id":"https:\/\/informelitoral.com.ar\/#organization","name":"Informe Litoral","url":"https:\/\/informelitoral.com.ar\/","logo":{"@type":"ImageObject","inLanguage":"es","@id":"https:\/\/informelitoral.com.ar\/#\/schema\/logo\/image\/","url":"https:\/\/informelitoral.com.ar\/%77%70%2d%63%6f%6e%74%65%6e%74\/uploads\/2021\/01\/circulo.png","contentUrl":"https:\/\/informelitoral.com.ar\/%77%70%2d%63%6f%6e%74%65%6e%74\/uploads\/2021\/01\/circulo.png","width":723,"height":731,"caption":"Informe Litoral"},"image":{"@id":"https:\/\/informelitoral.com.ar\/#\/schema\/logo\/image\/"},"sameAs":["https:\/\/www.facebook.com\/informelitoral\/","https:\/\/x.com\/InformeLitoral","https:\/\/www.instagram.com\/informelitoral\/","https:\/\/www.youtube.com\/channel\/UCua4Qvz8Icb6MYqhoq9xLXw"]},{"@type":"Person","@id":"https:\/\/informelitoral.com.ar\/#\/schema\/person\/b9d00407c836482871ef1d57bf8e3180","name":"Gonzalo Schmidt","image":{"@type":"ImageObject","inLanguage":"es","@id":"https:\/\/secure.gravatar.com\/avatar\/31a1a7b66ff2de83bd0e9fd79d026630d2d99e55e8bfe501287647b4fd9743de?s=96&d=mm&r=g","url":"https:\/\/secure.gravatar.com\/avatar\/31a1a7b66ff2de83bd0e9fd79d026630d2d99e55e8bfe501287647b4fd9743de?s=96&d=mm&r=g","contentUrl":"https:\/\/secure.gravatar.com\/avatar\/31a1a7b66ff2de83bd0e9fd79d026630d2d99e55e8bfe501287647b4fd9743de?s=96&d=mm&r=g","caption":"Gonzalo Schmidt"},"description":"Sitio web de noticias de la provincia de Entre R\u00edos, Argentina. Informaci\u00f3n y entretenimiento. Informe Litoral, nos informamos.","sameAs":["http:\/\/www.isletasnoticias.com.ar"],"url":"https:\/\/informelitoral.com.ar\/author\/gonzalo\/"}]}},"_links":{"self":[{"href":"https:\/\/informelitoral.com.ar\/%77%70%2d%6a%73%6f%6e\/wp\/v2\/posts\/5895","targetHints":{"allow":["GET"]}}],"collection":[{"href":"https:\/\/informelitoral.com.ar\/%77%70%2d%6a%73%6f%6e\/wp\/v2\/posts"}],"about":[{"href":"https:\/\/informelitoral.com.ar\/%77%70%2d%6a%73%6f%6e\/wp\/v2\/types\/post"}],"author":[{"embeddable":true,"href":"https:\/\/informelitoral.com.ar\/%77%70%2d%6a%73%6f%6e\/wp\/v2\/users\/2"}],"replies":[{"embeddable":true,"href":"https:\/\/informelitoral.com.ar\/%77%70%2d%6a%73%6f%6e\/wp\/v2\/comments?post=5895"}],"version-history":[{"count":0,"href":"https:\/\/informelitoral.com.ar\/%77%70%2d%6a%73%6f%6e\/wp\/v2\/posts\/5895\/revisions"}],"wp:attachment":[{"href":"https:\/\/informelitoral.com.ar\/%77%70%2d%6a%73%6f%6e\/wp\/v2\/media?parent=5895"}],"wp:term":[{"taxonomy":"category","embeddable":true,"href":"https:\/\/informelitoral.com.ar\/%77%70%2d%6a%73%6f%6e\/wp\/v2\/categories?post=5895"},{"taxonomy":"post_tag","embeddable":true,"href":"https:\/\/informelitoral.com.ar\/%77%70%2d%6a%73%6f%6e\/wp\/v2\/tags?post=5895"}],"curies":[{"name":"wp","href":"https:\/\/api.w.org\/{rel}","templated":true}]}}