{"id":58889,"date":"2021-04-17T09:16:42","date_gmt":"2021-04-17T12:16:42","guid":{"rendered":"https:\/\/www.informelitoral.com.ar\/?p=58889"},"modified":"2021-04-17T09:25:06","modified_gmt":"2021-04-17T12:25:06","slug":"se-viene-un-fin-de-semana-calido-en-entre-rios","status":"publish","type":"post","link":"https:\/\/informelitoral.com.ar\/se-viene-un-fin-de-semana-calido-en-entre-rios\/","title":{"rendered":"Se viene un fin de semana c\u00e1lido en Entre R\u00edos"},"content":{"rendered":"<p>Se viene un fin de semana c\u00e1lido en pleno oto\u00f1o. El s\u00e1bado comenz\u00f3 con bancos de neblina y una temperatura de 17 grados al amanecer.<\/p>\n<p>De acuerdo a la informaci\u00f3n que brinda el Servicio Meteorol\u00f3gico Nacional\u00a0<strong>(SMN)<\/strong>, para esta jornada se espera\u00a0<strong>elevado porcentaje de humedad. La temperatura m\u00ednima fue de 16\u00b0 y la m\u00e1xima de 26\u00b0, con cielo parcial a mayormente nublado<\/strong>\u00a0y vientos del este.<\/p>\n<p>En tanto, para el\u00a0<strong>domingo\u00a0<\/strong>se espera buen tiempo, con<strong>\u00a0cielo parcialmente nublado; 16\u00b0 de m\u00ednima y 27\u00b0 de m\u00e1xima.<\/strong><\/p>\n<p><strong><a href=\"https:\/\/www.informelitoral.com.ar\/%77%70%2d%63%6f%6e%74%65%6e%74\/uploads\/2021\/04\/173656092_10157673264245356_2936512686919624426_n.jpg\"><img loading=\"lazy\" decoding=\"async\" class=\"alignnone wp-image-58891 size-large\" src=\"https:\/\/www.informelitoral.com.ar\/%77%70%2d%63%6f%6e%74%65%6e%74\/uploads\/2021\/04\/173656092_10157673264245356_2936512686919624426_n-819x1024.jpg\" alt=\"\" width=\"696\" height=\"870\" srcset=\"https:\/\/informelitoral.com.ar\/%77%70%2d%63%6f%6e%74%65%6e%74\/uploads\/2021\/04\/173656092_10157673264245356_2936512686919624426_n-819x1024.jpg 819w, https:\/\/informelitoral.com.ar\/%77%70%2d%63%6f%6e%74%65%6e%74\/uploads\/2021\/04\/173656092_10157673264245356_2936512686919624426_n-240x300.jpg 240w, https:\/\/informelitoral.com.ar\/%77%70%2d%63%6f%6e%74%65%6e%74\/uploads\/2021\/04\/173656092_10157673264245356_2936512686919624426_n-768x960.jpg 768w, https:\/\/informelitoral.com.ar\/%77%70%2d%63%6f%6e%74%65%6e%74\/uploads\/2021\/04\/173656092_10157673264245356_2936512686919624426_n-696x870.jpg 696w, https:\/\/informelitoral.com.ar\/%77%70%2d%63%6f%6e%74%65%6e%74\/uploads\/2021\/04\/173656092_10157673264245356_2936512686919624426_n-1068x1335.jpg 1068w, https:\/\/informelitoral.com.ar\/%77%70%2d%63%6f%6e%74%65%6e%74\/uploads\/2021\/04\/173656092_10157673264245356_2936512686919624426_n-336x420.jpg 336w, https:\/\/informelitoral.com.ar\/%77%70%2d%63%6f%6e%74%65%6e%74\/uploads\/2021\/04\/173656092_10157673264245356_2936512686919624426_n.jpg 1080w\" sizes=\"auto, (max-width: 696px) 100vw, 696px\" \/><\/a><\/strong><\/p>\n<p><strong>Notoria ausencia de fr\u00edo en Argentina<\/strong><br \/>\nLa primera quincena de abril cerr\u00f3 notablemente c\u00e1lida en la Argentina, con temperaturas por encima de los valores normales. Promediando ya el oto\u00f1o 2021, el fr\u00edo sigue siendo el gran ausente, remarca\u00a0<em>Meteored.<\/em><\/p>\n<p>Cabe recordar que esta situaci\u00f3n ya la hemos visto para la misma \u00e9poca durante el a\u00f1o pasado, coincidiendo con la cuarentena por la pandemia. En aquellos d\u00edas de encierro, predominaban en buena parte del pa\u00eds los d\u00edas soleados y las temperaturas agradables que invitaban a tomar sol en un patio interno, balc\u00f3n o a trav\u00e9s de la ventana.<\/p>\n","protected":false},"excerpt":{"rendered":"<p>Habr\u00e1 algunas nubes pero prevalecer\u00e1 el sol. Las m\u00e1ximas alcanzar\u00e1n los 27 grados. Ideal para ventilar ambientes y estar al aire libre.<\/p>\n","protected":false},"author":2,"featured_media":27664,"comment_status":"open","ping_status":"open","sticky":false,"template":"","format":"standard","meta":{"fifu_image_url":"","fifu_image_alt":"","footnotes":""},"categories":[6],"tags":[38,114,113],"class_list":{"0":"post-58889","1":"post","2":"type-post","3":"status-publish","4":"format-standard","5":"has-post-thumbnail","7":"category-entre-rios","8":"tag-el-tiempo","9":"tag-pronostico","10":"tag-smn"},"yoast_head":"<title>Se viene un fin de semana c\u00e1lido en Entre R\u00edos - Informe Litoral<\/title>\n<meta name=\"robots\" content=\"index, follow, max-snippet:-1, max-image-preview:large, max-video-preview:-1\" \/>\n<link rel=\"canonical\" href=\"https:\/\/informelitoral.com.ar\/se-viene-un-fin-de-semana-calido-en-entre-rios\/\" \/>\n<meta property=\"og:locale\" content=\"es_ES\" \/>\n<meta property=\"og:type\" content=\"article\" \/>\n<meta property=\"og:title\" content=\"Se viene un fin de semana c\u00e1lido en Entre R\u00edos - Informe Litoral\" \/>\n<meta property=\"og:description\" content=\"Habr\u00e1 algunas nubes pero prevalecer\u00e1 el sol. Las m\u00e1ximas alcanzar\u00e1n los 27 grados. Ideal para ventilar ambientes y estar al aire libre.\" \/>\n<meta property=\"og:url\" content=\"https:\/\/informelitoral.com.ar\/se-viene-un-fin-de-semana-calido-en-entre-rios\/\" \/>\n<meta property=\"og:site_name\" content=\"Informe Litoral\" \/>\n<meta property=\"article:publisher\" content=\"https:\/\/www.facebook.com\/informelitoral\/\" \/>\n<meta property=\"article:published_time\" content=\"2021-04-17T12:16:42+00:00\" \/>\n<meta property=\"article:modified_time\" content=\"2021-04-17T12:25:06+00:00\" \/>\n<meta property=\"og:image\" content=\"https:\/\/informelitoral.com.ar\/%77%70%2d%63%6f%6e%74%65%6e%74\/uploads\/2018\/06\/atardece-el-tiempo.jpg\" \/>\n\t<meta property=\"og:image:width\" content=\"700\" \/>\n\t<meta property=\"og:image:height\" content=\"463\" \/>\n\t<meta property=\"og:image:type\" content=\"image\/jpeg\" \/>\n<meta name=\"author\" content=\"Gonzalo Schmidt\" \/>\n<meta name=\"twitter:card\" content=\"summary_large_image\" \/>\n<meta name=\"twitter:creator\" content=\"@InformeLitoral\" \/>\n<meta name=\"twitter:site\" content=\"@InformeLitoral\" \/>\n<meta name=\"twitter:label1\" content=\"Escrito por\" \/>\n\t<meta name=\"twitter:data1\" content=\"Gonzalo Schmidt\" \/>\n\t<meta name=\"twitter:label2\" content=\"Tiempo de lectura\" \/>\n\t<meta name=\"twitter:data2\" content=\"1 minuto\" \/>\n<script type=\"application\/ld+json\" class=\"yoast-schema-graph\">{\"@context\":\"https:\\\/\\\/schema.org\",\"@graph\":[{\"@type\":\"Article\",\"@id\":\"https:\\\/\\\/informelitoral.com.ar\\\/se-viene-un-fin-de-semana-calido-en-entre-rios\\\/#article\",\"isPartOf\":{\"@id\":\"https:\\\/\\\/informelitoral.com.ar\\\/se-viene-un-fin-de-semana-calido-en-entre-rios\\\/\"},\"author\":{\"name\":\"Gonzalo Schmidt\",\"@id\":\"https:\\\/\\\/informelitoral.com.ar\\\/#\\\/schema\\\/person\\\/b9d00407c836482871ef1d57bf8e3180\"},\"headline\":\"Se viene un fin de semana c\u00e1lido en Entre R\u00edos\",\"datePublished\":\"2021-04-17T12:16:42+00:00\",\"dateModified\":\"2021-04-17T12:25:06+00:00\",\"mainEntityOfPage\":{\"@id\":\"https:\\\/\\\/informelitoral.com.ar\\\/se-viene-un-fin-de-semana-calido-en-entre-rios\\\/\"},\"wordCount\":210,\"commentCount\":0,\"publisher\":{\"@id\":\"https:\\\/\\\/informelitoral.com.ar\\\/#organization\"},\"image\":{\"@id\":\"https:\\\/\\\/informelitoral.com.ar\\\/se-viene-un-fin-de-semana-calido-en-entre-rios\\\/#primaryimage\"},\"thumbnailUrl\":\"https:\\\/\\\/informelitoral.com.ar\\\/%77%70%2d%63%6f%6e%74%65%6e%74\\\/uploads\\\/2018\\\/06\\\/atardece-el-tiempo.jpg\",\"keywords\":[\"El tiempo\",\"Pron\u00f3stico\",\"SMN\"],\"articleSection\":[\"Entre R\u00edos\"],\"inLanguage\":\"es\",\"potentialAction\":[{\"@type\":\"CommentAction\",\"name\":\"Comment\",\"target\":[\"https:\\\/\\\/informelitoral.com.ar\\\/se-viene-un-fin-de-semana-calido-en-entre-rios\\\/#respond\"]}]},{\"@type\":\"WebPage\",\"@id\":\"https:\\\/\\\/informelitoral.com.ar\\\/se-viene-un-fin-de-semana-calido-en-entre-rios\\\/\",\"url\":\"https:\\\/\\\/informelitoral.com.ar\\\/se-viene-un-fin-de-semana-calido-en-entre-rios\\\/\",\"name\":\"Se viene un fin de semana c\u00e1lido en Entre R\u00edos - Informe Litoral\",\"isPartOf\":{\"@id\":\"https:\\\/\\\/informelitoral.com.ar\\\/#website\"},\"primaryImageOfPage\":{\"@id\":\"https:\\\/\\\/informelitoral.com.ar\\\/se-viene-un-fin-de-semana-calido-en-entre-rios\\\/#primaryimage\"},\"image\":{\"@id\":\"https:\\\/\\\/informelitoral.com.ar\\\/se-viene-un-fin-de-semana-calido-en-entre-rios\\\/#primaryimage\"},\"thumbnailUrl\":\"https:\\\/\\\/informelitoral.com.ar\\\/%77%70%2d%63%6f%6e%74%65%6e%74\\\/uploads\\\/2018\\\/06\\\/atardece-el-tiempo.jpg\",\"datePublished\":\"2021-04-17T12:16:42+00:00\",\"dateModified\":\"2021-04-17T12:25:06+00:00\",\"breadcrumb\":{\"@id\":\"https:\\\/\\\/informelitoral.com.ar\\\/se-viene-un-fin-de-semana-calido-en-entre-rios\\\/#breadcrumb\"},\"inLanguage\":\"es\",\"potentialAction\":[{\"@type\":\"ReadAction\",\"target\":[\"https:\\\/\\\/informelitoral.com.ar\\\/se-viene-un-fin-de-semana-calido-en-entre-rios\\\/\"]}]},{\"@type\":\"ImageObject\",\"inLanguage\":\"es\",\"@id\":\"https:\\\/\\\/informelitoral.com.ar\\\/se-viene-un-fin-de-semana-calido-en-entre-rios\\\/#primaryimage\",\"url\":\"https:\\\/\\\/informelitoral.com.ar\\\/%77%70%2d%63%6f%6e%74%65%6e%74\\\/uploads\\\/2018\\\/06\\\/atardece-el-tiempo.jpg\",\"contentUrl\":\"https:\\\/\\\/informelitoral.com.ar\\\/%77%70%2d%63%6f%6e%74%65%6e%74\\\/uploads\\\/2018\\\/06\\\/atardece-el-tiempo.jpg\",\"width\":700,\"height\":463},{\"@type\":\"BreadcrumbList\",\"@id\":\"https:\\\/\\\/informelitoral.com.ar\\\/se-viene-un-fin-de-semana-calido-en-entre-rios\\\/#breadcrumb\",\"itemListElement\":[{\"@type\":\"ListItem\",\"position\":1,\"name\":\"Portada\",\"item\":\"https:\\\/\\\/informelitoral.com.ar\\\/\"},{\"@type\":\"ListItem\",\"position\":2,\"name\":\"Se viene un fin de semana c\u00e1lido en Entre R\u00edos\"}]},{\"@type\":\"WebSite\",\"@id\":\"https:\\\/\\\/informelitoral.com.ar\\\/#website\",\"url\":\"https:\\\/\\\/informelitoral.com.ar\\\/\",\"name\":\"Informe Litoral\",\"description\":\"&quot;Nos informamos&quot; \",\"publisher\":{\"@id\":\"https:\\\/\\\/informelitoral.com.ar\\\/#organization\"},\"potentialAction\":[{\"@type\":\"SearchAction\",\"target\":{\"@type\":\"EntryPoint\",\"urlTemplate\":\"https:\\\/\\\/informelitoral.com.ar\\\/?s={search_term_string}\"},\"query-input\":{\"@type\":\"PropertyValueSpecification\",\"valueRequired\":true,\"valueName\":\"search_term_string\"}}],\"inLanguage\":\"es\"},{\"@type\":\"Organization\",\"@id\":\"https:\\\/\\\/informelitoral.com.ar\\\/#organization\",\"name\":\"Informe Litoral\",\"url\":\"https:\\\/\\\/informelitoral.com.ar\\\/\",\"logo\":{\"@type\":\"ImageObject\",\"inLanguage\":\"es\",\"@id\":\"https:\\\/\\\/informelitoral.com.ar\\\/#\\\/schema\\\/logo\\\/image\\\/\",\"url\":\"https:\\\/\\\/informelitoral.com.ar\\\/%77%70%2d%63%6f%6e%74%65%6e%74\\\/uploads\\\/2021\\\/01\\\/circulo.png\",\"contentUrl\":\"https:\\\/\\\/informelitoral.com.ar\\\/%77%70%2d%63%6f%6e%74%65%6e%74\\\/uploads\\\/2021\\\/01\\\/circulo.png\",\"width\":723,\"height\":731,\"caption\":\"Informe Litoral\"},\"image\":{\"@id\":\"https:\\\/\\\/informelitoral.com.ar\\\/#\\\/schema\\\/logo\\\/image\\\/\"},\"sameAs\":[\"https:\\\/\\\/www.facebook.com\\\/informelitoral\\\/\",\"https:\\\/\\\/x.com\\\/InformeLitoral\",\"https:\\\/\\\/www.instagram.com\\\/informelitoral\\\/\",\"https:\\\/\\\/www.youtube.com\\\/channel\\\/UCua4Qvz8Icb6MYqhoq9xLXw\"]},{\"@type\":\"Person\",\"@id\":\"https:\\\/\\\/informelitoral.com.ar\\\/#\\\/schema\\\/person\\\/b9d00407c836482871ef1d57bf8e3180\",\"name\":\"Gonzalo Schmidt\",\"image\":{\"@type\":\"ImageObject\",\"inLanguage\":\"es\",\"@id\":\"https:\\\/\\\/secure.gravatar.com\\\/avatar\\\/31a1a7b66ff2de83bd0e9fd79d026630d2d99e55e8bfe501287647b4fd9743de?s=96&d=mm&r=g\",\"url\":\"https:\\\/\\\/secure.gravatar.com\\\/avatar\\\/31a1a7b66ff2de83bd0e9fd79d026630d2d99e55e8bfe501287647b4fd9743de?s=96&d=mm&r=g\",\"contentUrl\":\"https:\\\/\\\/secure.gravatar.com\\\/avatar\\\/31a1a7b66ff2de83bd0e9fd79d026630d2d99e55e8bfe501287647b4fd9743de?s=96&d=mm&r=g\",\"caption\":\"Gonzalo Schmidt\"},\"description\":\"Sitio web de noticias de la provincia de Entre R\u00edos, Argentina. Informaci\u00f3n y entretenimiento. Informe Litoral, nos informamos.\",\"sameAs\":[\"http:\\\/\\\/www.isletasnoticias.com.ar\"],\"url\":\"https:\\\/\\\/informelitoral.com.ar\\\/author\\\/gonzalo\\\/\"}]}<\/script>","yoast_head_json":{"title":"Se viene un fin de semana c\u00e1lido en Entre R\u00edos - Informe Litoral","robots":{"index":"index","follow":"follow","max-snippet":"max-snippet:-1","max-image-preview":"max-image-preview:large","max-video-preview":"max-video-preview:-1"},"canonical":"https:\/\/informelitoral.com.ar\/se-viene-un-fin-de-semana-calido-en-entre-rios\/","og_locale":"es_ES","og_type":"article","og_title":"Se viene un fin de semana c\u00e1lido en Entre R\u00edos - Informe Litoral","og_description":"Habr\u00e1 algunas nubes pero prevalecer\u00e1 el sol. Las m\u00e1ximas alcanzar\u00e1n los 27 grados. Ideal para ventilar ambientes y estar al aire libre.","og_url":"https:\/\/informelitoral.com.ar\/se-viene-un-fin-de-semana-calido-en-entre-rios\/","og_site_name":"Informe Litoral","article_publisher":"https:\/\/www.facebook.com\/informelitoral\/","article_published_time":"2021-04-17T12:16:42+00:00","article_modified_time":"2021-04-17T12:25:06+00:00","og_image":[{"width":700,"height":463,"url":"https:\/\/informelitoral.com.ar\/%77%70%2d%63%6f%6e%74%65%6e%74\/uploads\/2018\/06\/atardece-el-tiempo.jpg","type":"image\/jpeg"}],"author":"Gonzalo Schmidt","twitter_card":"summary_large_image","twitter_creator":"@InformeLitoral","twitter_site":"@InformeLitoral","twitter_misc":{"Escrito por":"Gonzalo Schmidt","Tiempo de lectura":"1 minuto"},"schema":{"@context":"https:\/\/schema.org","@graph":[{"@type":"Article","@id":"https:\/\/informelitoral.com.ar\/se-viene-un-fin-de-semana-calido-en-entre-rios\/#article","isPartOf":{"@id":"https:\/\/informelitoral.com.ar\/se-viene-un-fin-de-semana-calido-en-entre-rios\/"},"author":{"name":"Gonzalo Schmidt","@id":"https:\/\/informelitoral.com.ar\/#\/schema\/person\/b9d00407c836482871ef1d57bf8e3180"},"headline":"Se viene un fin de semana c\u00e1lido en Entre R\u00edos","datePublished":"2021-04-17T12:16:42+00:00","dateModified":"2021-04-17T12:25:06+00:00","mainEntityOfPage":{"@id":"https:\/\/informelitoral.com.ar\/se-viene-un-fin-de-semana-calido-en-entre-rios\/"},"wordCount":210,"commentCount":0,"publisher":{"@id":"https:\/\/informelitoral.com.ar\/#organization"},"image":{"@id":"https:\/\/informelitoral.com.ar\/se-viene-un-fin-de-semana-calido-en-entre-rios\/#primaryimage"},"thumbnailUrl":"https:\/\/informelitoral.com.ar\/%77%70%2d%63%6f%6e%74%65%6e%74\/uploads\/2018\/06\/atardece-el-tiempo.jpg","keywords":["El tiempo","Pron\u00f3stico","SMN"],"articleSection":["Entre R\u00edos"],"inLanguage":"es","potentialAction":[{"@type":"CommentAction","name":"Comment","target":["https:\/\/informelitoral.com.ar\/se-viene-un-fin-de-semana-calido-en-entre-rios\/#respond"]}]},{"@type":"WebPage","@id":"https:\/\/informelitoral.com.ar\/se-viene-un-fin-de-semana-calido-en-entre-rios\/","url":"https:\/\/informelitoral.com.ar\/se-viene-un-fin-de-semana-calido-en-entre-rios\/","name":"Se viene un fin de semana c\u00e1lido en Entre R\u00edos - Informe Litoral","isPartOf":{"@id":"https:\/\/informelitoral.com.ar\/#website"},"primaryImageOfPage":{"@id":"https:\/\/informelitoral.com.ar\/se-viene-un-fin-de-semana-calido-en-entre-rios\/#primaryimage"},"image":{"@id":"https:\/\/informelitoral.com.ar\/se-viene-un-fin-de-semana-calido-en-entre-rios\/#primaryimage"},"thumbnailUrl":"https:\/\/informelitoral.com.ar\/%77%70%2d%63%6f%6e%74%65%6e%74\/uploads\/2018\/06\/atardece-el-tiempo.jpg","datePublished":"2021-04-17T12:16:42+00:00","dateModified":"2021-04-17T12:25:06+00:00","breadcrumb":{"@id":"https:\/\/informelitoral.com.ar\/se-viene-un-fin-de-semana-calido-en-entre-rios\/#breadcrumb"},"inLanguage":"es","potentialAction":[{"@type":"ReadAction","target":["https:\/\/informelitoral.com.ar\/se-viene-un-fin-de-semana-calido-en-entre-rios\/"]}]},{"@type":"ImageObject","inLanguage":"es","@id":"https:\/\/informelitoral.com.ar\/se-viene-un-fin-de-semana-calido-en-entre-rios\/#primaryimage","url":"https:\/\/informelitoral.com.ar\/%77%70%2d%63%6f%6e%74%65%6e%74\/uploads\/2018\/06\/atardece-el-tiempo.jpg","contentUrl":"https:\/\/informelitoral.com.ar\/%77%70%2d%63%6f%6e%74%65%6e%74\/uploads\/2018\/06\/atardece-el-tiempo.jpg","width":700,"height":463},{"@type":"BreadcrumbList","@id":"https:\/\/informelitoral.com.ar\/se-viene-un-fin-de-semana-calido-en-entre-rios\/#breadcrumb","itemListElement":[{"@type":"ListItem","position":1,"name":"Portada","item":"https:\/\/informelitoral.com.ar\/"},{"@type":"ListItem","position":2,"name":"Se viene un fin de semana c\u00e1lido en Entre R\u00edos"}]},{"@type":"WebSite","@id":"https:\/\/informelitoral.com.ar\/#website","url":"https:\/\/informelitoral.com.ar\/","name":"Informe Litoral","description":"&quot;Nos informamos&quot; ","publisher":{"@id":"https:\/\/informelitoral.com.ar\/#organization"},"potentialAction":[{"@type":"SearchAction","target":{"@type":"EntryPoint","urlTemplate":"https:\/\/informelitoral.com.ar\/?s={search_term_string}"},"query-input":{"@type":"PropertyValueSpecification","valueRequired":true,"valueName":"search_term_string"}}],"inLanguage":"es"},{"@type":"Organization","@id":"https:\/\/informelitoral.com.ar\/#organization","name":"Informe Litoral","url":"https:\/\/informelitoral.com.ar\/","logo":{"@type":"ImageObject","inLanguage":"es","@id":"https:\/\/informelitoral.com.ar\/#\/schema\/logo\/image\/","url":"https:\/\/informelitoral.com.ar\/%77%70%2d%63%6f%6e%74%65%6e%74\/uploads\/2021\/01\/circulo.png","contentUrl":"https:\/\/informelitoral.com.ar\/%77%70%2d%63%6f%6e%74%65%6e%74\/uploads\/2021\/01\/circulo.png","width":723,"height":731,"caption":"Informe Litoral"},"image":{"@id":"https:\/\/informelitoral.com.ar\/#\/schema\/logo\/image\/"},"sameAs":["https:\/\/www.facebook.com\/informelitoral\/","https:\/\/x.com\/InformeLitoral","https:\/\/www.instagram.com\/informelitoral\/","https:\/\/www.youtube.com\/channel\/UCua4Qvz8Icb6MYqhoq9xLXw"]},{"@type":"Person","@id":"https:\/\/informelitoral.com.ar\/#\/schema\/person\/b9d00407c836482871ef1d57bf8e3180","name":"Gonzalo Schmidt","image":{"@type":"ImageObject","inLanguage":"es","@id":"https:\/\/secure.gravatar.com\/avatar\/31a1a7b66ff2de83bd0e9fd79d026630d2d99e55e8bfe501287647b4fd9743de?s=96&d=mm&r=g","url":"https:\/\/secure.gravatar.com\/avatar\/31a1a7b66ff2de83bd0e9fd79d026630d2d99e55e8bfe501287647b4fd9743de?s=96&d=mm&r=g","contentUrl":"https:\/\/secure.gravatar.com\/avatar\/31a1a7b66ff2de83bd0e9fd79d026630d2d99e55e8bfe501287647b4fd9743de?s=96&d=mm&r=g","caption":"Gonzalo Schmidt"},"description":"Sitio web de noticias de la provincia de Entre R\u00edos, Argentina. Informaci\u00f3n y entretenimiento. Informe Litoral, nos informamos.","sameAs":["http:\/\/www.isletasnoticias.com.ar"],"url":"https:\/\/informelitoral.com.ar\/author\/gonzalo\/"}]}},"_links":{"self":[{"href":"https:\/\/informelitoral.com.ar\/%77%70%2d%6a%73%6f%6e\/wp\/v2\/posts\/58889","targetHints":{"allow":["GET"]}}],"collection":[{"href":"https:\/\/informelitoral.com.ar\/%77%70%2d%6a%73%6f%6e\/wp\/v2\/posts"}],"about":[{"href":"https:\/\/informelitoral.com.ar\/%77%70%2d%6a%73%6f%6e\/wp\/v2\/types\/post"}],"author":[{"embeddable":true,"href":"https:\/\/informelitoral.com.ar\/%77%70%2d%6a%73%6f%6e\/wp\/v2\/users\/2"}],"replies":[{"embeddable":true,"href":"https:\/\/informelitoral.com.ar\/%77%70%2d%6a%73%6f%6e\/wp\/v2\/comments?post=58889"}],"version-history":[{"count":0,"href":"https:\/\/informelitoral.com.ar\/%77%70%2d%6a%73%6f%6e\/wp\/v2\/posts\/58889\/revisions"}],"wp:featuredmedia":[{"embeddable":true,"href":"https:\/\/informelitoral.com.ar\/%77%70%2d%6a%73%6f%6e\/wp\/v2\/media\/27664"}],"wp:attachment":[{"href":"https:\/\/informelitoral.com.ar\/%77%70%2d%6a%73%6f%6e\/wp\/v2\/media?parent=58889"}],"wp:term":[{"taxonomy":"category","embeddable":true,"href":"https:\/\/informelitoral.com.ar\/%77%70%2d%6a%73%6f%6e\/wp\/v2\/categories?post=58889"},{"taxonomy":"post_tag","embeddable":true,"href":"https:\/\/informelitoral.com.ar\/%77%70%2d%6a%73%6f%6e\/wp\/v2\/tags?post=58889"}],"curies":[{"name":"wp","href":"https:\/\/api.w.org\/{rel}","templated":true}]}}