{"id":58884,"date":"2021-04-16T18:03:16","date_gmt":"2021-04-16T21:03:16","guid":{"rendered":"https:\/\/www.informelitoral.com.ar\/?p=58884"},"modified":"2021-04-16T18:03:16","modified_gmt":"2021-04-16T21:03:16","slug":"los-combustibles-aumentaran-un-6-en-promedio-este-fin-de-semana","status":"publish","type":"post","link":"https:\/\/informelitoral.com.ar\/los-combustibles-aumentaran-un-6-en-promedio-este-fin-de-semana\/","title":{"rendered":"Los combustibles aumentar\u00e1n un 6% en promedio este fin de semana"},"content":{"rendered":"<p>La petrolera YPF\u00a0<strong>subir\u00e1 el precio de sus combustibles un 6% este fin de semana, segun confirmaron fuentes cercanas a Presidencia de la Naci\u00f3n.<\/strong>\u00a0La compa\u00f1\u00eda ya hab\u00eda anticipado el viernes 12 de marzo que aplicar\u00eda un<strong>\u00a0ajuste escalonado de 15% a lo largo de tres meses<\/strong>\u00a0para financiar inversiones. El primer incremento de 7% promedio lo hab\u00eda aplicado el pasado 16 de marzo. Una vez que la petrolera controlada por el Estado Nacional aumente, el resto de las compa\u00f1\u00edas -Axion, Raizen (Shell) y Puma- seguir\u00e1 sus pasos.<\/p>\n<p>Las restricciones por la nueva ola de coronavirus y el dato de inflaci\u00f3n de 4,8% en marzo, difundido por el Indec este jueves, sembraron dudas sobre si se avanzar\u00eda con el plan previsto originalmente.\u00a0<strong>Sin embargo, fuentes gubernamentales confirmaron la nueva suba.<\/strong><\/p>\n<figure class=\"wp-block-image size-large\"><a href=\"https:\/\/econojournal.com.ar\/cntnt\/uploads\/2021\/04\/YPF-7.jpg\"><img loading=\"lazy\" decoding=\"async\" class=\"wp-image-43781 aligncenter\" src=\"https:\/\/econojournal.com.ar\/cntnt\/uploads\/2021\/04\/YPF-7.jpg\" sizes=\"auto, (max-width: 929px) 100vw, 929px\" srcset=\"https:\/\/econojournal.com.ar\/cntnt\/uploads\/2021\/04\/YPF-7.jpg 929w, https:\/\/econojournal.com.ar\/cntnt\/uploads\/2021\/04\/YPF-7-300x169.jpg 300w, https:\/\/econojournal.com.ar\/cntnt\/uploads\/2021\/04\/YPF-7-768x432.jpg 768w, https:\/\/econojournal.com.ar\/cntnt\/uploads\/2021\/04\/YPF-7-120x68.jpg 120w, https:\/\/econojournal.com.ar\/cntnt\/uploads\/2021\/04\/YPF-7-170x96.jpg 170w, https:\/\/econojournal.com.ar\/cntnt\/uploads\/2021\/04\/YPF-7-200x113.jpg 200w, https:\/\/econojournal.com.ar\/cntnt\/uploads\/2021\/04\/YPF-7-298x168.jpg 298w, https:\/\/econojournal.com.ar\/cntnt\/uploads\/2021\/04\/YPF-7-529x298.jpg 529w, https:\/\/econojournal.com.ar\/cntnt\/uploads\/2021\/04\/YPF-7-526x296.jpg 526w, https:\/\/econojournal.com.ar\/cntnt\/uploads\/2021\/04\/YPF-7-544x306.jpg 544w, https:\/\/econojournal.com.ar\/cntnt\/uploads\/2021\/04\/YPF-7-545x307.jpg 545w, https:\/\/econojournal.com.ar\/cntnt\/uploads\/2021\/04\/YPF-7-396x223.jpg 396w, https:\/\/econojournal.com.ar\/cntnt\/uploads\/2021\/04\/YPF-7-453x255.jpg 453w, https:\/\/econojournal.com.ar\/cntnt\/uploads\/2021\/04\/YPF-7-487x274.jpg 487w, https:\/\/econojournal.com.ar\/cntnt\/uploads\/2021\/04\/YPF-7-524x295.jpg 524w, https:\/\/econojournal.com.ar\/cntnt\/uploads\/2021\/04\/YPF-7-439x247.jpg 439w, https:\/\/econojournal.com.ar\/cntnt\/uploads\/2021\/04\/YPF-7-625x352.jpg 625w\" alt=\"\" width=\"929\" height=\"523\" \/><\/a><\/figure>\n<p>El aumento de combustibles es clave para poder<strong>\u00a0mantener los equipos de perforaci\u00f3n y garantizar los vol\u00famenes de producci\u00f3n de gas comprometidos en el Plan Gas.Ar.<\/strong>\u00a0YPF es el principal jugador del mercado y es fundamental que pueda cumplir con el cupo previsto en el programa de est\u00edmulo de cara a un invierno que se avecina dif\u00edcil en t\u00e9rminos de abastecimiento del insumo.<\/p>\n<p>La compa\u00f1\u00eda ya hab\u00eda dejado claro en marzo que las subas de precios son esenciales para\u00a0<strong>recomponer su margen de rentabilidad luego del alza de costos por la inflaci\u00f3n y la fuerte suba que registr\u00f3 el precio del barril<\/strong>, el cual se dispar\u00f3 de 51,80 a 67 d\u00f3lares (29,3%) desde comienzos de a\u00f1o.<\/p>\n<p>El acuerdo se negoci\u00f3 a comienzos de marzo y la promesa oficial es que\u00a0<strong>luego de aplicar este ajuste acumulado de 15% en tres meses no habr\u00e1 m\u00e1s aumentos en el resto del a\u00f1o.<\/strong><\/p>\n<p>\u201cEs necesario aplicar incrementos de los precios en los pr\u00f3ximos tres meses en el orden del 15%, m\u00e1s el aumento que se puede producir por el alza del impuesto a los combustibles, de forma de generar el abastecimiento necesario de energ\u00eda\u201d, sostuvo el CEO de la firma,\u00a0<strong>Sergio Affronti<\/strong>, cuando se present\u00f3 el plan de inversiones el 12 de marzo.<\/p>\n<h2><strong>Inversiones<\/strong><\/h2>\n<p>Para este a\u00f1o, la compa\u00f1\u00eda inform\u00f3 que tiene previsto invertir 2700 millones de d\u00f3lares, lo que representa un crecimiento del 73% respecto del a\u00f1o anterior. Casi el 80% de dichas inversiones estar\u00e1n destinadas a aumentar la actividad y la producci\u00f3n de gas y petr\u00f3leo en los yacimientos que opera la compa\u00f1\u00eda. En el no convencional se estima invertir 1300 millones de d\u00f3lares para la perforaci\u00f3n de m\u00e1s de 180 pozos nuevos, lo que le permitir\u00e1 sostener el liderazgo que hoy tiene en la formaci\u00f3n Vaca Muerta.<\/p>\n<p>Tambi\u00e9n, se desarrollar\u00e1 un plan en el convencional con 800 millones de d\u00f3lares de inversi\u00f3n con foco en la recuperaci\u00f3n secundaria y terciaria. Se estima que s\u00f3lo en terciaria, YPF va a invertir 120 millones de d\u00f3lares, va a perforar 30 nuevos pozos inyectores e incorporar 10 nuevas plantas de pol\u00edmeros a las 10 ya operativas.<\/p>\n","protected":false},"excerpt":{"rendered":"<p>La suba en los precios de las naftas y el gasoil es clave para poder mantener los equipos de perforaci\u00f3n y garantizar los vol\u00famenes de producci\u00f3n de gas comprometidos en el Plan Gas.Ar.<\/p>\n","protected":false},"author":2,"featured_media":22166,"comment_status":"open","ping_status":"open","sticky":false,"template":"","format":"standard","meta":{"fifu_image_url":"","fifu_image_alt":"","footnotes":""},"categories":[1594,7],"tags":[156,198],"class_list":{"0":"post-58884","1":"post","2":"type-post","3":"status-publish","4":"format-standard","5":"has-post-thumbnail","7":"category-economia","8":"category-nacionales","9":"tag-combustibles","10":"tag-ypf"},"yoast_head":"<title>Los combustibles aumentar\u00e1n un 6% en promedio este fin de semana - Informe Litoral<\/title>\n<meta name=\"robots\" content=\"index, follow, max-snippet:-1, max-image-preview:large, max-video-preview:-1\" \/>\n<link rel=\"canonical\" href=\"https:\/\/informelitoral.com.ar\/los-combustibles-aumentaran-un-6-en-promedio-este-fin-de-semana\/\" \/>\n<meta property=\"og:locale\" content=\"es_ES\" \/>\n<meta property=\"og:type\" content=\"article\" \/>\n<meta property=\"og:title\" content=\"Los combustibles aumentar\u00e1n un 6% en promedio este fin de semana - Informe Litoral\" \/>\n<meta property=\"og:description\" content=\"La suba en los precios de las naftas y el gasoil es clave para poder mantener los equipos de perforaci\u00f3n y garantizar los vol\u00famenes de producci\u00f3n de gas comprometidos en el Plan Gas.Ar.\" \/>\n<meta property=\"og:url\" content=\"https:\/\/informelitoral.com.ar\/los-combustibles-aumentaran-un-6-en-promedio-este-fin-de-semana\/\" \/>\n<meta property=\"og:site_name\" content=\"Informe Litoral\" \/>\n<meta property=\"article:publisher\" content=\"https:\/\/www.facebook.com\/informelitoral\/\" \/>\n<meta property=\"article:published_time\" content=\"2021-04-16T21:03:16+00:00\" \/>\n<meta property=\"og:image\" content=\"https:\/\/informelitoral.com.ar\/%77%70%2d%63%6f%6e%74%65%6e%74\/uploads\/2017\/07\/suba-combustibles.jpg\" \/>\n\t<meta property=\"og:image:width\" content=\"750\" \/>\n\t<meta property=\"og:image:height\" content=\"375\" \/>\n\t<meta property=\"og:image:type\" content=\"image\/jpeg\" \/>\n<meta name=\"author\" content=\"Gonzalo Schmidt\" \/>\n<meta name=\"twitter:card\" content=\"summary_large_image\" \/>\n<meta name=\"twitter:creator\" content=\"@InformeLitoral\" \/>\n<meta name=\"twitter:site\" content=\"@InformeLitoral\" \/>\n<meta name=\"twitter:label1\" content=\"Escrito por\" \/>\n\t<meta name=\"twitter:data1\" content=\"Gonzalo Schmidt\" \/>\n\t<meta name=\"twitter:label2\" content=\"Tiempo de lectura\" \/>\n\t<meta name=\"twitter:data2\" content=\"3 minutos\" \/>\n<script type=\"application\/ld+json\" class=\"yoast-schema-graph\">{\"@context\":\"https:\\\/\\\/schema.org\",\"@graph\":[{\"@type\":\"Article\",\"@id\":\"https:\\\/\\\/informelitoral.com.ar\\\/los-combustibles-aumentaran-un-6-en-promedio-este-fin-de-semana\\\/#article\",\"isPartOf\":{\"@id\":\"https:\\\/\\\/informelitoral.com.ar\\\/los-combustibles-aumentaran-un-6-en-promedio-este-fin-de-semana\\\/\"},\"author\":{\"name\":\"Gonzalo Schmidt\",\"@id\":\"https:\\\/\\\/informelitoral.com.ar\\\/#\\\/schema\\\/person\\\/b9d00407c836482871ef1d57bf8e3180\"},\"headline\":\"Los combustibles aumentar\u00e1n un 6% en promedio este fin de semana\",\"datePublished\":\"2021-04-16T21:03:16+00:00\",\"mainEntityOfPage\":{\"@id\":\"https:\\\/\\\/informelitoral.com.ar\\\/los-combustibles-aumentaran-un-6-en-promedio-este-fin-de-semana\\\/\"},\"wordCount\":516,\"commentCount\":0,\"publisher\":{\"@id\":\"https:\\\/\\\/informelitoral.com.ar\\\/#organization\"},\"image\":{\"@id\":\"https:\\\/\\\/informelitoral.com.ar\\\/los-combustibles-aumentaran-un-6-en-promedio-este-fin-de-semana\\\/#primaryimage\"},\"thumbnailUrl\":\"https:\\\/\\\/informelitoral.com.ar\\\/%77%70%2d%63%6f%6e%74%65%6e%74\\\/uploads\\\/2017\\\/07\\\/suba-combustibles.jpg\",\"keywords\":[\"Combustibles\",\"YPF\"],\"articleSection\":[\"Econom\u00eda\",\"Nacionales\"],\"inLanguage\":\"es\",\"potentialAction\":[{\"@type\":\"CommentAction\",\"name\":\"Comment\",\"target\":[\"https:\\\/\\\/informelitoral.com.ar\\\/los-combustibles-aumentaran-un-6-en-promedio-este-fin-de-semana\\\/#respond\"]}]},{\"@type\":\"WebPage\",\"@id\":\"https:\\\/\\\/informelitoral.com.ar\\\/los-combustibles-aumentaran-un-6-en-promedio-este-fin-de-semana\\\/\",\"url\":\"https:\\\/\\\/informelitoral.com.ar\\\/los-combustibles-aumentaran-un-6-en-promedio-este-fin-de-semana\\\/\",\"name\":\"Los combustibles aumentar\u00e1n un 6% en promedio este fin de semana - Informe Litoral\",\"isPartOf\":{\"@id\":\"https:\\\/\\\/informelitoral.com.ar\\\/#website\"},\"primaryImageOfPage\":{\"@id\":\"https:\\\/\\\/informelitoral.com.ar\\\/los-combustibles-aumentaran-un-6-en-promedio-este-fin-de-semana\\\/#primaryimage\"},\"image\":{\"@id\":\"https:\\\/\\\/informelitoral.com.ar\\\/los-combustibles-aumentaran-un-6-en-promedio-este-fin-de-semana\\\/#primaryimage\"},\"thumbnailUrl\":\"https:\\\/\\\/informelitoral.com.ar\\\/%77%70%2d%63%6f%6e%74%65%6e%74\\\/uploads\\\/2017\\\/07\\\/suba-combustibles.jpg\",\"datePublished\":\"2021-04-16T21:03:16+00:00\",\"breadcrumb\":{\"@id\":\"https:\\\/\\\/informelitoral.com.ar\\\/los-combustibles-aumentaran-un-6-en-promedio-este-fin-de-semana\\\/#breadcrumb\"},\"inLanguage\":\"es\",\"potentialAction\":[{\"@type\":\"ReadAction\",\"target\":[\"https:\\\/\\\/informelitoral.com.ar\\\/los-combustibles-aumentaran-un-6-en-promedio-este-fin-de-semana\\\/\"]}]},{\"@type\":\"ImageObject\",\"inLanguage\":\"es\",\"@id\":\"https:\\\/\\\/informelitoral.com.ar\\\/los-combustibles-aumentaran-un-6-en-promedio-este-fin-de-semana\\\/#primaryimage\",\"url\":\"https:\\\/\\\/informelitoral.com.ar\\\/%77%70%2d%63%6f%6e%74%65%6e%74\\\/uploads\\\/2017\\\/07\\\/suba-combustibles.jpg\",\"contentUrl\":\"https:\\\/\\\/informelitoral.com.ar\\\/%77%70%2d%63%6f%6e%74%65%6e%74\\\/uploads\\\/2017\\\/07\\\/suba-combustibles.jpg\",\"width\":750,\"height\":375},{\"@type\":\"BreadcrumbList\",\"@id\":\"https:\\\/\\\/informelitoral.com.ar\\\/los-combustibles-aumentaran-un-6-en-promedio-este-fin-de-semana\\\/#breadcrumb\",\"itemListElement\":[{\"@type\":\"ListItem\",\"position\":1,\"name\":\"Portada\",\"item\":\"https:\\\/\\\/informelitoral.com.ar\\\/\"},{\"@type\":\"ListItem\",\"position\":2,\"name\":\"Los combustibles aumentar\u00e1n un 6% en promedio este fin de semana\"}]},{\"@type\":\"WebSite\",\"@id\":\"https:\\\/\\\/informelitoral.com.ar\\\/#website\",\"url\":\"https:\\\/\\\/informelitoral.com.ar\\\/\",\"name\":\"Informe Litoral\",\"description\":\"&quot;Nos informamos&quot; \",\"publisher\":{\"@id\":\"https:\\\/\\\/informelitoral.com.ar\\\/#organization\"},\"potentialAction\":[{\"@type\":\"SearchAction\",\"target\":{\"@type\":\"EntryPoint\",\"urlTemplate\":\"https:\\\/\\\/informelitoral.com.ar\\\/?s={search_term_string}\"},\"query-input\":{\"@type\":\"PropertyValueSpecification\",\"valueRequired\":true,\"valueName\":\"search_term_string\"}}],\"inLanguage\":\"es\"},{\"@type\":\"Organization\",\"@id\":\"https:\\\/\\\/informelitoral.com.ar\\\/#organization\",\"name\":\"Informe Litoral\",\"url\":\"https:\\\/\\\/informelitoral.com.ar\\\/\",\"logo\":{\"@type\":\"ImageObject\",\"inLanguage\":\"es\",\"@id\":\"https:\\\/\\\/informelitoral.com.ar\\\/#\\\/schema\\\/logo\\\/image\\\/\",\"url\":\"https:\\\/\\\/informelitoral.com.ar\\\/%77%70%2d%63%6f%6e%74%65%6e%74\\\/uploads\\\/2021\\\/01\\\/circulo.png\",\"contentUrl\":\"https:\\\/\\\/informelitoral.com.ar\\\/%77%70%2d%63%6f%6e%74%65%6e%74\\\/uploads\\\/2021\\\/01\\\/circulo.png\",\"width\":723,\"height\":731,\"caption\":\"Informe Litoral\"},\"image\":{\"@id\":\"https:\\\/\\\/informelitoral.com.ar\\\/#\\\/schema\\\/logo\\\/image\\\/\"},\"sameAs\":[\"https:\\\/\\\/www.facebook.com\\\/informelitoral\\\/\",\"https:\\\/\\\/x.com\\\/InformeLitoral\",\"https:\\\/\\\/www.instagram.com\\\/informelitoral\\\/\",\"https:\\\/\\\/www.youtube.com\\\/channel\\\/UCua4Qvz8Icb6MYqhoq9xLXw\"]},{\"@type\":\"Person\",\"@id\":\"https:\\\/\\\/informelitoral.com.ar\\\/#\\\/schema\\\/person\\\/b9d00407c836482871ef1d57bf8e3180\",\"name\":\"Gonzalo Schmidt\",\"image\":{\"@type\":\"ImageObject\",\"inLanguage\":\"es\",\"@id\":\"https:\\\/\\\/secure.gravatar.com\\\/avatar\\\/31a1a7b66ff2de83bd0e9fd79d026630d2d99e55e8bfe501287647b4fd9743de?s=96&d=mm&r=g\",\"url\":\"https:\\\/\\\/secure.gravatar.com\\\/avatar\\\/31a1a7b66ff2de83bd0e9fd79d026630d2d99e55e8bfe501287647b4fd9743de?s=96&d=mm&r=g\",\"contentUrl\":\"https:\\\/\\\/secure.gravatar.com\\\/avatar\\\/31a1a7b66ff2de83bd0e9fd79d026630d2d99e55e8bfe501287647b4fd9743de?s=96&d=mm&r=g\",\"caption\":\"Gonzalo Schmidt\"},\"description\":\"Sitio web de noticias de la provincia de Entre R\u00edos, Argentina. Informaci\u00f3n y entretenimiento. Informe Litoral, nos informamos.\",\"sameAs\":[\"http:\\\/\\\/www.isletasnoticias.com.ar\"],\"url\":\"https:\\\/\\\/informelitoral.com.ar\\\/author\\\/gonzalo\\\/\"}]}<\/script>","yoast_head_json":{"title":"Los combustibles aumentar\u00e1n un 6% en promedio este fin de semana - Informe Litoral","robots":{"index":"index","follow":"follow","max-snippet":"max-snippet:-1","max-image-preview":"max-image-preview:large","max-video-preview":"max-video-preview:-1"},"canonical":"https:\/\/informelitoral.com.ar\/los-combustibles-aumentaran-un-6-en-promedio-este-fin-de-semana\/","og_locale":"es_ES","og_type":"article","og_title":"Los combustibles aumentar\u00e1n un 6% en promedio este fin de semana - Informe Litoral","og_description":"La suba en los precios de las naftas y el gasoil es clave para poder mantener los equipos de perforaci\u00f3n y garantizar los vol\u00famenes de producci\u00f3n de gas comprometidos en el Plan Gas.Ar.","og_url":"https:\/\/informelitoral.com.ar\/los-combustibles-aumentaran-un-6-en-promedio-este-fin-de-semana\/","og_site_name":"Informe Litoral","article_publisher":"https:\/\/www.facebook.com\/informelitoral\/","article_published_time":"2021-04-16T21:03:16+00:00","og_image":[{"width":750,"height":375,"url":"https:\/\/informelitoral.com.ar\/%77%70%2d%63%6f%6e%74%65%6e%74\/uploads\/2017\/07\/suba-combustibles.jpg","type":"image\/jpeg"}],"author":"Gonzalo Schmidt","twitter_card":"summary_large_image","twitter_creator":"@InformeLitoral","twitter_site":"@InformeLitoral","twitter_misc":{"Escrito por":"Gonzalo Schmidt","Tiempo de lectura":"3 minutos"},"schema":{"@context":"https:\/\/schema.org","@graph":[{"@type":"Article","@id":"https:\/\/informelitoral.com.ar\/los-combustibles-aumentaran-un-6-en-promedio-este-fin-de-semana\/#article","isPartOf":{"@id":"https:\/\/informelitoral.com.ar\/los-combustibles-aumentaran-un-6-en-promedio-este-fin-de-semana\/"},"author":{"name":"Gonzalo Schmidt","@id":"https:\/\/informelitoral.com.ar\/#\/schema\/person\/b9d00407c836482871ef1d57bf8e3180"},"headline":"Los combustibles aumentar\u00e1n un 6% en promedio este fin de semana","datePublished":"2021-04-16T21:03:16+00:00","mainEntityOfPage":{"@id":"https:\/\/informelitoral.com.ar\/los-combustibles-aumentaran-un-6-en-promedio-este-fin-de-semana\/"},"wordCount":516,"commentCount":0,"publisher":{"@id":"https:\/\/informelitoral.com.ar\/#organization"},"image":{"@id":"https:\/\/informelitoral.com.ar\/los-combustibles-aumentaran-un-6-en-promedio-este-fin-de-semana\/#primaryimage"},"thumbnailUrl":"https:\/\/informelitoral.com.ar\/%77%70%2d%63%6f%6e%74%65%6e%74\/uploads\/2017\/07\/suba-combustibles.jpg","keywords":["Combustibles","YPF"],"articleSection":["Econom\u00eda","Nacionales"],"inLanguage":"es","potentialAction":[{"@type":"CommentAction","name":"Comment","target":["https:\/\/informelitoral.com.ar\/los-combustibles-aumentaran-un-6-en-promedio-este-fin-de-semana\/#respond"]}]},{"@type":"WebPage","@id":"https:\/\/informelitoral.com.ar\/los-combustibles-aumentaran-un-6-en-promedio-este-fin-de-semana\/","url":"https:\/\/informelitoral.com.ar\/los-combustibles-aumentaran-un-6-en-promedio-este-fin-de-semana\/","name":"Los combustibles aumentar\u00e1n un 6% en promedio este fin de semana - Informe Litoral","isPartOf":{"@id":"https:\/\/informelitoral.com.ar\/#website"},"primaryImageOfPage":{"@id":"https:\/\/informelitoral.com.ar\/los-combustibles-aumentaran-un-6-en-promedio-este-fin-de-semana\/#primaryimage"},"image":{"@id":"https:\/\/informelitoral.com.ar\/los-combustibles-aumentaran-un-6-en-promedio-este-fin-de-semana\/#primaryimage"},"thumbnailUrl":"https:\/\/informelitoral.com.ar\/%77%70%2d%63%6f%6e%74%65%6e%74\/uploads\/2017\/07\/suba-combustibles.jpg","datePublished":"2021-04-16T21:03:16+00:00","breadcrumb":{"@id":"https:\/\/informelitoral.com.ar\/los-combustibles-aumentaran-un-6-en-promedio-este-fin-de-semana\/#breadcrumb"},"inLanguage":"es","potentialAction":[{"@type":"ReadAction","target":["https:\/\/informelitoral.com.ar\/los-combustibles-aumentaran-un-6-en-promedio-este-fin-de-semana\/"]}]},{"@type":"ImageObject","inLanguage":"es","@id":"https:\/\/informelitoral.com.ar\/los-combustibles-aumentaran-un-6-en-promedio-este-fin-de-semana\/#primaryimage","url":"https:\/\/informelitoral.com.ar\/%77%70%2d%63%6f%6e%74%65%6e%74\/uploads\/2017\/07\/suba-combustibles.jpg","contentUrl":"https:\/\/informelitoral.com.ar\/%77%70%2d%63%6f%6e%74%65%6e%74\/uploads\/2017\/07\/suba-combustibles.jpg","width":750,"height":375},{"@type":"BreadcrumbList","@id":"https:\/\/informelitoral.com.ar\/los-combustibles-aumentaran-un-6-en-promedio-este-fin-de-semana\/#breadcrumb","itemListElement":[{"@type":"ListItem","position":1,"name":"Portada","item":"https:\/\/informelitoral.com.ar\/"},{"@type":"ListItem","position":2,"name":"Los combustibles aumentar\u00e1n un 6% en promedio este fin de semana"}]},{"@type":"WebSite","@id":"https:\/\/informelitoral.com.ar\/#website","url":"https:\/\/informelitoral.com.ar\/","name":"Informe Litoral","description":"&quot;Nos informamos&quot; ","publisher":{"@id":"https:\/\/informelitoral.com.ar\/#organization"},"potentialAction":[{"@type":"SearchAction","target":{"@type":"EntryPoint","urlTemplate":"https:\/\/informelitoral.com.ar\/?s={search_term_string}"},"query-input":{"@type":"PropertyValueSpecification","valueRequired":true,"valueName":"search_term_string"}}],"inLanguage":"es"},{"@type":"Organization","@id":"https:\/\/informelitoral.com.ar\/#organization","name":"Informe Litoral","url":"https:\/\/informelitoral.com.ar\/","logo":{"@type":"ImageObject","inLanguage":"es","@id":"https:\/\/informelitoral.com.ar\/#\/schema\/logo\/image\/","url":"https:\/\/informelitoral.com.ar\/%77%70%2d%63%6f%6e%74%65%6e%74\/uploads\/2021\/01\/circulo.png","contentUrl":"https:\/\/informelitoral.com.ar\/%77%70%2d%63%6f%6e%74%65%6e%74\/uploads\/2021\/01\/circulo.png","width":723,"height":731,"caption":"Informe Litoral"},"image":{"@id":"https:\/\/informelitoral.com.ar\/#\/schema\/logo\/image\/"},"sameAs":["https:\/\/www.facebook.com\/informelitoral\/","https:\/\/x.com\/InformeLitoral","https:\/\/www.instagram.com\/informelitoral\/","https:\/\/www.youtube.com\/channel\/UCua4Qvz8Icb6MYqhoq9xLXw"]},{"@type":"Person","@id":"https:\/\/informelitoral.com.ar\/#\/schema\/person\/b9d00407c836482871ef1d57bf8e3180","name":"Gonzalo Schmidt","image":{"@type":"ImageObject","inLanguage":"es","@id":"https:\/\/secure.gravatar.com\/avatar\/31a1a7b66ff2de83bd0e9fd79d026630d2d99e55e8bfe501287647b4fd9743de?s=96&d=mm&r=g","url":"https:\/\/secure.gravatar.com\/avatar\/31a1a7b66ff2de83bd0e9fd79d026630d2d99e55e8bfe501287647b4fd9743de?s=96&d=mm&r=g","contentUrl":"https:\/\/secure.gravatar.com\/avatar\/31a1a7b66ff2de83bd0e9fd79d026630d2d99e55e8bfe501287647b4fd9743de?s=96&d=mm&r=g","caption":"Gonzalo Schmidt"},"description":"Sitio web de noticias de la provincia de Entre R\u00edos, Argentina. Informaci\u00f3n y entretenimiento. Informe Litoral, nos informamos.","sameAs":["http:\/\/www.isletasnoticias.com.ar"],"url":"https:\/\/informelitoral.com.ar\/author\/gonzalo\/"}]}},"_links":{"self":[{"href":"https:\/\/informelitoral.com.ar\/%77%70%2d%6a%73%6f%6e\/wp\/v2\/posts\/58884","targetHints":{"allow":["GET"]}}],"collection":[{"href":"https:\/\/informelitoral.com.ar\/%77%70%2d%6a%73%6f%6e\/wp\/v2\/posts"}],"about":[{"href":"https:\/\/informelitoral.com.ar\/%77%70%2d%6a%73%6f%6e\/wp\/v2\/types\/post"}],"author":[{"embeddable":true,"href":"https:\/\/informelitoral.com.ar\/%77%70%2d%6a%73%6f%6e\/wp\/v2\/users\/2"}],"replies":[{"embeddable":true,"href":"https:\/\/informelitoral.com.ar\/%77%70%2d%6a%73%6f%6e\/wp\/v2\/comments?post=58884"}],"version-history":[{"count":0,"href":"https:\/\/informelitoral.com.ar\/%77%70%2d%6a%73%6f%6e\/wp\/v2\/posts\/58884\/revisions"}],"wp:featuredmedia":[{"embeddable":true,"href":"https:\/\/informelitoral.com.ar\/%77%70%2d%6a%73%6f%6e\/wp\/v2\/media\/22166"}],"wp:attachment":[{"href":"https:\/\/informelitoral.com.ar\/%77%70%2d%6a%73%6f%6e\/wp\/v2\/media?parent=58884"}],"wp:term":[{"taxonomy":"category","embeddable":true,"href":"https:\/\/informelitoral.com.ar\/%77%70%2d%6a%73%6f%6e\/wp\/v2\/categories?post=58884"},{"taxonomy":"post_tag","embeddable":true,"href":"https:\/\/informelitoral.com.ar\/%77%70%2d%6a%73%6f%6e\/wp\/v2\/tags?post=58884"}],"curies":[{"name":"wp","href":"https:\/\/api.w.org\/{rel}","templated":true}]}}