{"id":58881,"date":"2021-04-16T17:59:19","date_gmt":"2021-04-16T20:59:19","guid":{"rendered":"https:\/\/www.informelitoral.com.ar\/?p=58881"},"modified":"2021-04-16T17:59:19","modified_gmt":"2021-04-16T20:59:19","slug":"este-sabado-sale-otro-vuelo-de-aerolineas-a-moscu-para-buscar-vacunas","status":"publish","type":"post","link":"https:\/\/informelitoral.com.ar\/este-sabado-sale-otro-vuelo-de-aerolineas-a-moscu-para-buscar-vacunas\/","title":{"rendered":"Este s\u00e1bado sale otro vuelo de Aerol\u00edneas a Mosc\u00fa para buscar vacunas"},"content":{"rendered":"<section class=\"detail-body first-paragraph\">\n<section id=\"note-body\" class=\"body-content note-body content-protected-false\" data-twitter-link=\"https:\/\/twitter.com\/intent\/tweet?url=https:\/\/www.minutouno.com\/c5185117&amp;v\u00eda=Ambitocom&amp;related=MinutoUno&amp;text=\">Aerol\u00edneas Argentinas confirmo el vuelo n\u00famero 12 con destino a Mosc\u00fa en busca de m\u00e1s dosis de la vacunas contra el coronavirus Sputnik V. El AR1060 despegar\u00e1 del Aeropuerto Internacional de Ezeiza, a las 2 de la madrugada del s\u00e1bado. Le tomar\u00e1 alrededor de cuatro horas realizar la carga por lo que estima que regresar\u00e1 al pa\u00eds el domingo, a las 16, bajo el n\u00famero de vuelo AR1061 desde el Aeropuerto Internacional de Sheremetievo<\/p>\n<\/section>\n<\/section>\n<section class=\"detail-body second-paragraph\">\n<section class=\"body-content note-body content-protected-false\">\u201c<strong>Desde Aerol\u00edneas tenemos en claro que nuestro rol es ser parte de la soluci\u00f3n: m\u00e1s vacunas significan m\u00e1s personas protegidas. Todo el despliegue log\u00edstico que realizamos para concretar estos vuelos va en esa l\u00ednea<\/strong>\u201d, dijo Pablo Ceriani, presidente de Aerol\u00edneas Argentinas.<\/p>\n<blockquote class=\"twitter-tweet\" data-width=\"550\" data-dnt=\"true\">\n<p lang=\"es\" dir=\"ltr\">Podemos confirmar que ma\u00f1ana 02am parte el decimosegundo vuelo de <a href=\"https:\/\/twitter.com\/Aerolineas_AR?ref_src=twsrc%5Etfw\">@Aerolineas_AR<\/a> con destino a Mosc\u00fa para traer m\u00e1s dosis de la vacuna Sputnik V. Seguimos aportando nuestra capacidad log\u00edstica a la campa\u00f1a de vacunaci\u00f3n m\u00e1s importante de la historia. <a href=\"https:\/\/t.co\/ULjmixTwA9\">pic.twitter.com\/ULjmixTwA9<\/a><\/p>\n<p>&mdash; Pablo Ceriani (@ceriani_pablo) <a href=\"https:\/\/twitter.com\/ceriani_pablo\/status\/1383156793115820034?ref_src=twsrc%5Etfw\">April 16, 2021<\/a><\/p><\/blockquote>\n<p><script async src=\"https:\/\/platform.twitter.com\/widgets.js\" charset=\"utf-8\"><\/script><\/p>\n<p>&nbsp;<\/p>\n<\/section>\n<\/section>\n<section class=\"related-note-in-body\">\n<article class=\"related-note-in-body-article row align-items-stretch no-gutters  \" data-type=\"article\">\n<div class=\"col-auto\"><\/div>\n<div class=\"col\"><\/div>\n<\/article>\n<\/section>\n<section class=\"detail-body\">\n<section class=\"body-content note-body content-protected-false\">De momento,<strong>\u00a0en 11 operaciones completadas hacia la capital de la Federaci\u00f3n Rusa se trajeron al pa\u00eds 4.467.745 dosis\u00a0<\/strong>de la vacuna del Instituto Gamaleya.<\/p>\n<p>La vacuna de Sputnik V viaja en contenedores especiales denominados \u201cThermobox\u201d, los cuales necesitan de refrigeraci\u00f3n mediante termo-gel y hielo seco para mantener la temperatura a -18 grados bajo cero.<\/p>\n<p>Aerol\u00edneas Argentinas realiz\u00f3 dos vuelos hacia y desde Beijing. En dichas operaciones llegaron al pa\u00eds 1.904.000 dosis de la vacuna fabricada por Sinopharm.<\/p>\n<\/section>\n<\/section>\n","protected":false},"excerpt":{"rendered":"<p>Se trata del vuelo n\u00famero 12 de Aerol\u00edneas Argentinas que tendr\u00e1 como misi\u00f3n trasladar dosis de la vacuna Sputnik V al pa\u00eds.<\/p>\n","protected":false},"author":2,"featured_media":58882,"comment_status":"open","ping_status":"open","sticky":false,"template":"","format":"standard","meta":{"fifu_image_url":"","fifu_image_alt":"","footnotes":""},"categories":[7],"tags":[2174,2209],"class_list":{"0":"post-58881","1":"post","2":"type-post","3":"status-publish","4":"format-standard","5":"has-post-thumbnail","7":"category-nacionales","8":"tag-sputnik-v","9":"tag-vacunas-coronavirus"},"yoast_head":"<title>Este s\u00e1bado sale otro vuelo de Aerol\u00edneas a Mosc\u00fa para buscar vacunas - Informe Litoral<\/title>\n<meta name=\"robots\" content=\"index, follow, max-snippet:-1, max-image-preview:large, max-video-preview:-1\" \/>\n<link rel=\"canonical\" href=\"https:\/\/informelitoral.com.ar\/este-sabado-sale-otro-vuelo-de-aerolineas-a-moscu-para-buscar-vacunas\/\" \/>\n<meta property=\"og:locale\" content=\"es_ES\" \/>\n<meta property=\"og:type\" content=\"article\" \/>\n<meta property=\"og:title\" content=\"Este s\u00e1bado sale otro vuelo de Aerol\u00edneas a Mosc\u00fa para buscar vacunas - Informe Litoral\" \/>\n<meta property=\"og:description\" content=\"Se trata del vuelo n\u00famero 12 de Aerol\u00edneas Argentinas que tendr\u00e1 como misi\u00f3n trasladar dosis de la vacuna Sputnik V al pa\u00eds.\" \/>\n<meta property=\"og:url\" content=\"https:\/\/informelitoral.com.ar\/este-sabado-sale-otro-vuelo-de-aerolineas-a-moscu-para-buscar-vacunas\/\" \/>\n<meta property=\"og:site_name\" content=\"Informe Litoral\" \/>\n<meta property=\"article:publisher\" content=\"https:\/\/www.facebook.com\/informelitoral\/\" \/>\n<meta property=\"article:published_time\" content=\"2021-04-16T20:59:19+00:00\" \/>\n<meta property=\"og:image\" content=\"https:\/\/informelitoral.com.ar\/%77%70%2d%63%6f%6e%74%65%6e%74\/uploads\/2021\/04\/foto-aerolineas_ar.jpg\" \/>\n\t<meta property=\"og:image:width\" content=\"730\" \/>\n\t<meta property=\"og:image:height\" content=\"427\" \/>\n\t<meta property=\"og:image:type\" content=\"image\/jpeg\" \/>\n<meta name=\"author\" content=\"Gonzalo Schmidt\" \/>\n<meta name=\"twitter:card\" content=\"summary_large_image\" \/>\n<meta name=\"twitter:creator\" content=\"@InformeLitoral\" \/>\n<meta name=\"twitter:site\" content=\"@InformeLitoral\" \/>\n<meta name=\"twitter:label1\" content=\"Escrito por\" \/>\n\t<meta name=\"twitter:data1\" content=\"Gonzalo Schmidt\" \/>\n\t<meta name=\"twitter:label2\" content=\"Tiempo de lectura\" \/>\n\t<meta name=\"twitter:data2\" content=\"1 minuto\" \/>\n<script type=\"application\/ld+json\" class=\"yoast-schema-graph\">{\"@context\":\"https:\\\/\\\/schema.org\",\"@graph\":[{\"@type\":\"Article\",\"@id\":\"https:\\\/\\\/informelitoral.com.ar\\\/este-sabado-sale-otro-vuelo-de-aerolineas-a-moscu-para-buscar-vacunas\\\/#article\",\"isPartOf\":{\"@id\":\"https:\\\/\\\/informelitoral.com.ar\\\/este-sabado-sale-otro-vuelo-de-aerolineas-a-moscu-para-buscar-vacunas\\\/\"},\"author\":{\"name\":\"Gonzalo Schmidt\",\"@id\":\"https:\\\/\\\/informelitoral.com.ar\\\/#\\\/schema\\\/person\\\/b9d00407c836482871ef1d57bf8e3180\"},\"headline\":\"Este s\u00e1bado sale otro vuelo de Aerol\u00edneas a Mosc\u00fa para buscar vacunas\",\"datePublished\":\"2021-04-16T20:59:19+00:00\",\"mainEntityOfPage\":{\"@id\":\"https:\\\/\\\/informelitoral.com.ar\\\/este-sabado-sale-otro-vuelo-de-aerolineas-a-moscu-para-buscar-vacunas\\\/\"},\"wordCount\":250,\"commentCount\":0,\"publisher\":{\"@id\":\"https:\\\/\\\/informelitoral.com.ar\\\/#organization\"},\"image\":{\"@id\":\"https:\\\/\\\/informelitoral.com.ar\\\/este-sabado-sale-otro-vuelo-de-aerolineas-a-moscu-para-buscar-vacunas\\\/#primaryimage\"},\"thumbnailUrl\":\"https:\\\/\\\/informelitoral.com.ar\\\/%77%70%2d%63%6f%6e%74%65%6e%74\\\/uploads\\\/2021\\\/04\\\/foto-aerolineas_ar.jpg\",\"keywords\":[\"Sputnik V\",\"Vacunas coronavirus\"],\"articleSection\":[\"Nacionales\"],\"inLanguage\":\"es\",\"potentialAction\":[{\"@type\":\"CommentAction\",\"name\":\"Comment\",\"target\":[\"https:\\\/\\\/informelitoral.com.ar\\\/este-sabado-sale-otro-vuelo-de-aerolineas-a-moscu-para-buscar-vacunas\\\/#respond\"]}]},{\"@type\":\"WebPage\",\"@id\":\"https:\\\/\\\/informelitoral.com.ar\\\/este-sabado-sale-otro-vuelo-de-aerolineas-a-moscu-para-buscar-vacunas\\\/\",\"url\":\"https:\\\/\\\/informelitoral.com.ar\\\/este-sabado-sale-otro-vuelo-de-aerolineas-a-moscu-para-buscar-vacunas\\\/\",\"name\":\"Este s\u00e1bado sale otro vuelo de Aerol\u00edneas a Mosc\u00fa para buscar vacunas - Informe Litoral\",\"isPartOf\":{\"@id\":\"https:\\\/\\\/informelitoral.com.ar\\\/#website\"},\"primaryImageOfPage\":{\"@id\":\"https:\\\/\\\/informelitoral.com.ar\\\/este-sabado-sale-otro-vuelo-de-aerolineas-a-moscu-para-buscar-vacunas\\\/#primaryimage\"},\"image\":{\"@id\":\"https:\\\/\\\/informelitoral.com.ar\\\/este-sabado-sale-otro-vuelo-de-aerolineas-a-moscu-para-buscar-vacunas\\\/#primaryimage\"},\"thumbnailUrl\":\"https:\\\/\\\/informelitoral.com.ar\\\/%77%70%2d%63%6f%6e%74%65%6e%74\\\/uploads\\\/2021\\\/04\\\/foto-aerolineas_ar.jpg\",\"datePublished\":\"2021-04-16T20:59:19+00:00\",\"breadcrumb\":{\"@id\":\"https:\\\/\\\/informelitoral.com.ar\\\/este-sabado-sale-otro-vuelo-de-aerolineas-a-moscu-para-buscar-vacunas\\\/#breadcrumb\"},\"inLanguage\":\"es\",\"potentialAction\":[{\"@type\":\"ReadAction\",\"target\":[\"https:\\\/\\\/informelitoral.com.ar\\\/este-sabado-sale-otro-vuelo-de-aerolineas-a-moscu-para-buscar-vacunas\\\/\"]}]},{\"@type\":\"ImageObject\",\"inLanguage\":\"es\",\"@id\":\"https:\\\/\\\/informelitoral.com.ar\\\/este-sabado-sale-otro-vuelo-de-aerolineas-a-moscu-para-buscar-vacunas\\\/#primaryimage\",\"url\":\"https:\\\/\\\/informelitoral.com.ar\\\/%77%70%2d%63%6f%6e%74%65%6e%74\\\/uploads\\\/2021\\\/04\\\/foto-aerolineas_ar.jpg\",\"contentUrl\":\"https:\\\/\\\/informelitoral.com.ar\\\/%77%70%2d%63%6f%6e%74%65%6e%74\\\/uploads\\\/2021\\\/04\\\/foto-aerolineas_ar.jpg\",\"width\":730,\"height\":427},{\"@type\":\"BreadcrumbList\",\"@id\":\"https:\\\/\\\/informelitoral.com.ar\\\/este-sabado-sale-otro-vuelo-de-aerolineas-a-moscu-para-buscar-vacunas\\\/#breadcrumb\",\"itemListElement\":[{\"@type\":\"ListItem\",\"position\":1,\"name\":\"Portada\",\"item\":\"https:\\\/\\\/informelitoral.com.ar\\\/\"},{\"@type\":\"ListItem\",\"position\":2,\"name\":\"Este s\u00e1bado sale otro vuelo de Aerol\u00edneas a Mosc\u00fa para buscar vacunas\"}]},{\"@type\":\"WebSite\",\"@id\":\"https:\\\/\\\/informelitoral.com.ar\\\/#website\",\"url\":\"https:\\\/\\\/informelitoral.com.ar\\\/\",\"name\":\"Informe Litoral\",\"description\":\"&quot;Nos informamos&quot; \",\"publisher\":{\"@id\":\"https:\\\/\\\/informelitoral.com.ar\\\/#organization\"},\"potentialAction\":[{\"@type\":\"SearchAction\",\"target\":{\"@type\":\"EntryPoint\",\"urlTemplate\":\"https:\\\/\\\/informelitoral.com.ar\\\/?s={search_term_string}\"},\"query-input\":{\"@type\":\"PropertyValueSpecification\",\"valueRequired\":true,\"valueName\":\"search_term_string\"}}],\"inLanguage\":\"es\"},{\"@type\":\"Organization\",\"@id\":\"https:\\\/\\\/informelitoral.com.ar\\\/#organization\",\"name\":\"Informe Litoral\",\"url\":\"https:\\\/\\\/informelitoral.com.ar\\\/\",\"logo\":{\"@type\":\"ImageObject\",\"inLanguage\":\"es\",\"@id\":\"https:\\\/\\\/informelitoral.com.ar\\\/#\\\/schema\\\/logo\\\/image\\\/\",\"url\":\"https:\\\/\\\/informelitoral.com.ar\\\/%77%70%2d%63%6f%6e%74%65%6e%74\\\/uploads\\\/2021\\\/01\\\/circulo.png\",\"contentUrl\":\"https:\\\/\\\/informelitoral.com.ar\\\/%77%70%2d%63%6f%6e%74%65%6e%74\\\/uploads\\\/2021\\\/01\\\/circulo.png\",\"width\":723,\"height\":731,\"caption\":\"Informe Litoral\"},\"image\":{\"@id\":\"https:\\\/\\\/informelitoral.com.ar\\\/#\\\/schema\\\/logo\\\/image\\\/\"},\"sameAs\":[\"https:\\\/\\\/www.facebook.com\\\/informelitoral\\\/\",\"https:\\\/\\\/x.com\\\/InformeLitoral\",\"https:\\\/\\\/www.instagram.com\\\/informelitoral\\\/\",\"https:\\\/\\\/www.youtube.com\\\/channel\\\/UCua4Qvz8Icb6MYqhoq9xLXw\"]},{\"@type\":\"Person\",\"@id\":\"https:\\\/\\\/informelitoral.com.ar\\\/#\\\/schema\\\/person\\\/b9d00407c836482871ef1d57bf8e3180\",\"name\":\"Gonzalo Schmidt\",\"image\":{\"@type\":\"ImageObject\",\"inLanguage\":\"es\",\"@id\":\"https:\\\/\\\/secure.gravatar.com\\\/avatar\\\/31a1a7b66ff2de83bd0e9fd79d026630d2d99e55e8bfe501287647b4fd9743de?s=96&d=mm&r=g\",\"url\":\"https:\\\/\\\/secure.gravatar.com\\\/avatar\\\/31a1a7b66ff2de83bd0e9fd79d026630d2d99e55e8bfe501287647b4fd9743de?s=96&d=mm&r=g\",\"contentUrl\":\"https:\\\/\\\/secure.gravatar.com\\\/avatar\\\/31a1a7b66ff2de83bd0e9fd79d026630d2d99e55e8bfe501287647b4fd9743de?s=96&d=mm&r=g\",\"caption\":\"Gonzalo Schmidt\"},\"description\":\"Sitio web de noticias de la provincia de Entre R\u00edos, Argentina. Informaci\u00f3n y entretenimiento. Informe Litoral, nos informamos.\",\"sameAs\":[\"http:\\\/\\\/www.isletasnoticias.com.ar\"],\"url\":\"https:\\\/\\\/informelitoral.com.ar\\\/author\\\/gonzalo\\\/\"}]}<\/script>","yoast_head_json":{"title":"Este s\u00e1bado sale otro vuelo de Aerol\u00edneas a Mosc\u00fa para buscar vacunas - Informe Litoral","robots":{"index":"index","follow":"follow","max-snippet":"max-snippet:-1","max-image-preview":"max-image-preview:large","max-video-preview":"max-video-preview:-1"},"canonical":"https:\/\/informelitoral.com.ar\/este-sabado-sale-otro-vuelo-de-aerolineas-a-moscu-para-buscar-vacunas\/","og_locale":"es_ES","og_type":"article","og_title":"Este s\u00e1bado sale otro vuelo de Aerol\u00edneas a Mosc\u00fa para buscar vacunas - Informe Litoral","og_description":"Se trata del vuelo n\u00famero 12 de Aerol\u00edneas Argentinas que tendr\u00e1 como misi\u00f3n trasladar dosis de la vacuna Sputnik V al pa\u00eds.","og_url":"https:\/\/informelitoral.com.ar\/este-sabado-sale-otro-vuelo-de-aerolineas-a-moscu-para-buscar-vacunas\/","og_site_name":"Informe Litoral","article_publisher":"https:\/\/www.facebook.com\/informelitoral\/","article_published_time":"2021-04-16T20:59:19+00:00","og_image":[{"width":730,"height":427,"url":"https:\/\/informelitoral.com.ar\/%77%70%2d%63%6f%6e%74%65%6e%74\/uploads\/2021\/04\/foto-aerolineas_ar.jpg","type":"image\/jpeg"}],"author":"Gonzalo Schmidt","twitter_card":"summary_large_image","twitter_creator":"@InformeLitoral","twitter_site":"@InformeLitoral","twitter_misc":{"Escrito por":"Gonzalo Schmidt","Tiempo de lectura":"1 minuto"},"schema":{"@context":"https:\/\/schema.org","@graph":[{"@type":"Article","@id":"https:\/\/informelitoral.com.ar\/este-sabado-sale-otro-vuelo-de-aerolineas-a-moscu-para-buscar-vacunas\/#article","isPartOf":{"@id":"https:\/\/informelitoral.com.ar\/este-sabado-sale-otro-vuelo-de-aerolineas-a-moscu-para-buscar-vacunas\/"},"author":{"name":"Gonzalo Schmidt","@id":"https:\/\/informelitoral.com.ar\/#\/schema\/person\/b9d00407c836482871ef1d57bf8e3180"},"headline":"Este s\u00e1bado sale otro vuelo de Aerol\u00edneas a Mosc\u00fa para buscar vacunas","datePublished":"2021-04-16T20:59:19+00:00","mainEntityOfPage":{"@id":"https:\/\/informelitoral.com.ar\/este-sabado-sale-otro-vuelo-de-aerolineas-a-moscu-para-buscar-vacunas\/"},"wordCount":250,"commentCount":0,"publisher":{"@id":"https:\/\/informelitoral.com.ar\/#organization"},"image":{"@id":"https:\/\/informelitoral.com.ar\/este-sabado-sale-otro-vuelo-de-aerolineas-a-moscu-para-buscar-vacunas\/#primaryimage"},"thumbnailUrl":"https:\/\/informelitoral.com.ar\/%77%70%2d%63%6f%6e%74%65%6e%74\/uploads\/2021\/04\/foto-aerolineas_ar.jpg","keywords":["Sputnik V","Vacunas coronavirus"],"articleSection":["Nacionales"],"inLanguage":"es","potentialAction":[{"@type":"CommentAction","name":"Comment","target":["https:\/\/informelitoral.com.ar\/este-sabado-sale-otro-vuelo-de-aerolineas-a-moscu-para-buscar-vacunas\/#respond"]}]},{"@type":"WebPage","@id":"https:\/\/informelitoral.com.ar\/este-sabado-sale-otro-vuelo-de-aerolineas-a-moscu-para-buscar-vacunas\/","url":"https:\/\/informelitoral.com.ar\/este-sabado-sale-otro-vuelo-de-aerolineas-a-moscu-para-buscar-vacunas\/","name":"Este s\u00e1bado sale otro vuelo de Aerol\u00edneas a Mosc\u00fa para buscar vacunas - Informe Litoral","isPartOf":{"@id":"https:\/\/informelitoral.com.ar\/#website"},"primaryImageOfPage":{"@id":"https:\/\/informelitoral.com.ar\/este-sabado-sale-otro-vuelo-de-aerolineas-a-moscu-para-buscar-vacunas\/#primaryimage"},"image":{"@id":"https:\/\/informelitoral.com.ar\/este-sabado-sale-otro-vuelo-de-aerolineas-a-moscu-para-buscar-vacunas\/#primaryimage"},"thumbnailUrl":"https:\/\/informelitoral.com.ar\/%77%70%2d%63%6f%6e%74%65%6e%74\/uploads\/2021\/04\/foto-aerolineas_ar.jpg","datePublished":"2021-04-16T20:59:19+00:00","breadcrumb":{"@id":"https:\/\/informelitoral.com.ar\/este-sabado-sale-otro-vuelo-de-aerolineas-a-moscu-para-buscar-vacunas\/#breadcrumb"},"inLanguage":"es","potentialAction":[{"@type":"ReadAction","target":["https:\/\/informelitoral.com.ar\/este-sabado-sale-otro-vuelo-de-aerolineas-a-moscu-para-buscar-vacunas\/"]}]},{"@type":"ImageObject","inLanguage":"es","@id":"https:\/\/informelitoral.com.ar\/este-sabado-sale-otro-vuelo-de-aerolineas-a-moscu-para-buscar-vacunas\/#primaryimage","url":"https:\/\/informelitoral.com.ar\/%77%70%2d%63%6f%6e%74%65%6e%74\/uploads\/2021\/04\/foto-aerolineas_ar.jpg","contentUrl":"https:\/\/informelitoral.com.ar\/%77%70%2d%63%6f%6e%74%65%6e%74\/uploads\/2021\/04\/foto-aerolineas_ar.jpg","width":730,"height":427},{"@type":"BreadcrumbList","@id":"https:\/\/informelitoral.com.ar\/este-sabado-sale-otro-vuelo-de-aerolineas-a-moscu-para-buscar-vacunas\/#breadcrumb","itemListElement":[{"@type":"ListItem","position":1,"name":"Portada","item":"https:\/\/informelitoral.com.ar\/"},{"@type":"ListItem","position":2,"name":"Este s\u00e1bado sale otro vuelo de Aerol\u00edneas a Mosc\u00fa para buscar vacunas"}]},{"@type":"WebSite","@id":"https:\/\/informelitoral.com.ar\/#website","url":"https:\/\/informelitoral.com.ar\/","name":"Informe Litoral","description":"&quot;Nos informamos&quot; ","publisher":{"@id":"https:\/\/informelitoral.com.ar\/#organization"},"potentialAction":[{"@type":"SearchAction","target":{"@type":"EntryPoint","urlTemplate":"https:\/\/informelitoral.com.ar\/?s={search_term_string}"},"query-input":{"@type":"PropertyValueSpecification","valueRequired":true,"valueName":"search_term_string"}}],"inLanguage":"es"},{"@type":"Organization","@id":"https:\/\/informelitoral.com.ar\/#organization","name":"Informe Litoral","url":"https:\/\/informelitoral.com.ar\/","logo":{"@type":"ImageObject","inLanguage":"es","@id":"https:\/\/informelitoral.com.ar\/#\/schema\/logo\/image\/","url":"https:\/\/informelitoral.com.ar\/%77%70%2d%63%6f%6e%74%65%6e%74\/uploads\/2021\/01\/circulo.png","contentUrl":"https:\/\/informelitoral.com.ar\/%77%70%2d%63%6f%6e%74%65%6e%74\/uploads\/2021\/01\/circulo.png","width":723,"height":731,"caption":"Informe Litoral"},"image":{"@id":"https:\/\/informelitoral.com.ar\/#\/schema\/logo\/image\/"},"sameAs":["https:\/\/www.facebook.com\/informelitoral\/","https:\/\/x.com\/InformeLitoral","https:\/\/www.instagram.com\/informelitoral\/","https:\/\/www.youtube.com\/channel\/UCua4Qvz8Icb6MYqhoq9xLXw"]},{"@type":"Person","@id":"https:\/\/informelitoral.com.ar\/#\/schema\/person\/b9d00407c836482871ef1d57bf8e3180","name":"Gonzalo Schmidt","image":{"@type":"ImageObject","inLanguage":"es","@id":"https:\/\/secure.gravatar.com\/avatar\/31a1a7b66ff2de83bd0e9fd79d026630d2d99e55e8bfe501287647b4fd9743de?s=96&d=mm&r=g","url":"https:\/\/secure.gravatar.com\/avatar\/31a1a7b66ff2de83bd0e9fd79d026630d2d99e55e8bfe501287647b4fd9743de?s=96&d=mm&r=g","contentUrl":"https:\/\/secure.gravatar.com\/avatar\/31a1a7b66ff2de83bd0e9fd79d026630d2d99e55e8bfe501287647b4fd9743de?s=96&d=mm&r=g","caption":"Gonzalo Schmidt"},"description":"Sitio web de noticias de la provincia de Entre R\u00edos, Argentina. Informaci\u00f3n y entretenimiento. Informe Litoral, nos informamos.","sameAs":["http:\/\/www.isletasnoticias.com.ar"],"url":"https:\/\/informelitoral.com.ar\/author\/gonzalo\/"}]}},"_links":{"self":[{"href":"https:\/\/informelitoral.com.ar\/%77%70%2d%6a%73%6f%6e\/wp\/v2\/posts\/58881","targetHints":{"allow":["GET"]}}],"collection":[{"href":"https:\/\/informelitoral.com.ar\/%77%70%2d%6a%73%6f%6e\/wp\/v2\/posts"}],"about":[{"href":"https:\/\/informelitoral.com.ar\/%77%70%2d%6a%73%6f%6e\/wp\/v2\/types\/post"}],"author":[{"embeddable":true,"href":"https:\/\/informelitoral.com.ar\/%77%70%2d%6a%73%6f%6e\/wp\/v2\/users\/2"}],"replies":[{"embeddable":true,"href":"https:\/\/informelitoral.com.ar\/%77%70%2d%6a%73%6f%6e\/wp\/v2\/comments?post=58881"}],"version-history":[{"count":0,"href":"https:\/\/informelitoral.com.ar\/%77%70%2d%6a%73%6f%6e\/wp\/v2\/posts\/58881\/revisions"}],"wp:featuredmedia":[{"embeddable":true,"href":"https:\/\/informelitoral.com.ar\/%77%70%2d%6a%73%6f%6e\/wp\/v2\/media\/58882"}],"wp:attachment":[{"href":"https:\/\/informelitoral.com.ar\/%77%70%2d%6a%73%6f%6e\/wp\/v2\/media?parent=58881"}],"wp:term":[{"taxonomy":"category","embeddable":true,"href":"https:\/\/informelitoral.com.ar\/%77%70%2d%6a%73%6f%6e\/wp\/v2\/categories?post=58881"},{"taxonomy":"post_tag","embeddable":true,"href":"https:\/\/informelitoral.com.ar\/%77%70%2d%6a%73%6f%6e\/wp\/v2\/tags?post=58881"}],"curies":[{"name":"wp","href":"https:\/\/api.w.org\/{rel}","templated":true}]}}