{"id":58745,"date":"2021-04-13T16:54:11","date_gmt":"2021-04-13T19:54:11","guid":{"rendered":"https:\/\/www.informelitoral.com.ar\/?p=58745"},"modified":"2021-04-13T16:54:11","modified_gmt":"2021-04-13T19:54:11","slug":"lanzaron-la-campana-antigripal-en-entre-rios","status":"publish","type":"post","link":"https:\/\/informelitoral.com.ar\/lanzaron-la-campana-antigripal-en-entre-rios\/","title":{"rendered":"Lanzaron la campa\u00f1a antigripal en Entre R\u00edos"},"content":{"rendered":"<p>Bordet lanz\u00f3 la campa\u00f1a antigripal en Entre R\u00edos desde Urdinarrain, se vacun\u00f3 como lo hace cada a\u00f1o, y recorri\u00f3 las instalaciones del nosocomio local junto a la vicegobernadora Laura Stratta; la ministra de Salud, Sonia Vel\u00e1zquez; el intendente Sergio Mart\u00ednez, y el director del hospital local Manuel Belgrano, Rodolfo Neri. En la oportunidad, observ\u00f3 el equipamiento de rayos recientemente adquirido.<\/p>\n<p>Hospitales y centros de salud ya aplican las vacunas contra influenza. La inoculaci\u00f3n contra la gripe se desarrollar\u00e1 en forma simult\u00e1nea a la campa\u00f1a de vacunaci\u00f3n contra la Covid-19, por lo que los equipos de salud de toda la provincia se prepararon para poder llevar adelante ambas estrategias.<\/p>\n<p>La provincia recibi\u00f3 91.840 dosis, y la vacunaci\u00f3n contra la gripe tiene como objetivo reducir las complicaciones, hospitalizaciones, muertes y secuelas ocasionadas por la infecci\u00f3n por el virus influenza.<\/p>\n<figure class=\"embed\"><img decoding=\"async\" title=\"\" src=\"https:\/\/elonce-media2.elonce.com.ar\/fotos-nuevo\/2021\/04\/13\/o_1618340723.jpg\" alt=\"\" width=\"640\" \/><\/figure>\n<p>Al respecto, el gobernador Gustavo Bordet sostuvo: \u00abEs muy importante que la poblaci\u00f3n tenga en cuenta el vacunarse para prevenir otras enfermedades, y evitar una internaci\u00f3n\u00bb.<\/p>\n<p>Precis\u00f3 luego que la campa\u00f1a en Entre R\u00edos \u00abtiene previsto vacunar a adultos mayores de 65 a\u00f1os, a quienes tengan factores de riesgo y a los ni\u00f1os que es donde muchas veces la gripe nos trae serias complicaciones. Las enfermedades respiratorias son la principal causa de mortalidad infantil y esto hay que trabajarlo\u00bb, remarc\u00f3.<\/p>\n<p>Luego precis\u00f3 que la campa\u00f1a antigripal se hace en forma simult\u00e1nea con la vacunaci\u00f3n contra el covid 19. \u00abEs un gran esfuerzo que se hace en todo el territorio provincial para proteger la salud de nuestros vecinos y de nuestros ciudadanos. Es un esfuerzo realmente muy grande que har\u00e1 el sistema de salud\u00bb, insisti\u00f3.<\/p>\n<p><b>Medidas ante el covid<br \/>\n<\/b><br \/>\nEn cuanto a las medidas preventivas contra el covid, el gobernador dijo: \u00abEstamos haciendo cumplir estrictamente lo que est\u00e1 establecido en el decreto nacional y en el decreto provincial que hemos emitido. No obstante, hay fiestas que se realizan de manera clandestina y la polic\u00eda trabaja fuertemente para poder desalentarlas\u00bb.<\/p>\n<figure class=\"embed\"><img decoding=\"async\" title=\"\" src=\"https:\/\/elonce-media2.elonce.com.ar\/fotos-nuevo\/2021\/04\/13\/o_1618341472.jpg\" alt=\"\" width=\"640\" \/><\/figure>\n<p>Dijo adem\u00e1s que, \u00abm\u00e1s all\u00e1 de la normativa, siempre apelamos a que en una situaci\u00f3n de pandemia -donde corre serio riesgo la vida de personas con una cepa que es mucho m\u00e1s contagiosa y que hace que personas j\u00f3venes que antes no se enfermaban se enfermen y pasen a terapia intensiva- se tome conciencia que tenemos que cuidarnos, tener distanciamiento, y evitar ir a fiestas irregulares y a reuniones de m\u00e1s de 10 personas para evitar los contagios y lograr que nuestro sistema de salud siga actuando como hasta ahora de dar respuestas en todos los casos\u00bb.<\/p>\n<p>El mandatario insisti\u00f3 en que \u00abse monitoreando d\u00eda a d\u00eda la situaci\u00f3n. Cuando veamos que hay un riesgo en la poblaci\u00f3n, vamos a ir tomando medidas. Priorizamos primero la salud de los entrerrianos, pero tambi\u00e9n que la actividad econ\u00f3mica pueda desarrollarse porque se necesita trabajar, generar ingresos, y est\u00e1 comprobado que los protocolos que se utilizan en los comercios dan resultado. Lo otro que tambi\u00e9n priorizamos es la presencialidad en las escuelas. Es muy baja la cantidad de contagios que se pueden producir en las escuelas, entonces nuestros chicos tambi\u00e9n tienen que estar en las aulas\u00bb, remarc\u00f3.<\/p>\n<p>A modo de cierre, Bordet insisti\u00f3 en que \u00abel problema est\u00e1 en las reuniones sociales innecesarias, y en los encuentros que tornan peligrosos los contagios\u00bb.<\/p>\n<p><b>Dosis y campa\u00f1a antigripal<br \/>\n<\/b><br \/>\nD\u00edas atr\u00e1s el Ministerio de Salud de la Naci\u00f3n distribuy\u00f3 casi dos millones de dosis de vacuna antigripal a todas las jurisdicciones, y Entre R\u00edos recibi\u00f3 91.840 dosis de vacuna antigripal entre las tres presentaciones: 44.240 dosis de Viraflu adulto, 28.000 de Viraflu pedi\u00e1trica y 19.600 Fluxvir (esta \u00faltima es utilizada para mayores de 65 a\u00f1os.<\/p>\n<p>La vacunaci\u00f3n antigripal debe ser efectuada idealmente antes del comienzo del invierno porque es la etapa de mayor circulaci\u00f3n del virus influenza. No obstante, y si la situaci\u00f3n epidemiol\u00f3gica lo indica, se contin\u00faa hasta que cese la circulaci\u00f3n viral.<\/p>\n<p>Los equipos de inmunizaci\u00f3n trabajan en una organizaci\u00f3n que permita alcanzar a aquellas personas que, adem\u00e1s, est\u00e1n contemplados en el Plan Rector de Vacunaci\u00f3n contra el Coronavirus. En tal sentido, se record\u00f3 que deben transcurrir al menos 14 d\u00edas entre la aplicaci\u00f3n de ambas vacunas.<\/p>\n<p><b>Recomendaciones<\/b><\/p>\n<p>Ante el aumento de casos de Covid-19, se destac\u00f3 la importancia de reforzar el cumplimiento de los protocolos y medidas de prevenci\u00f3n, que permiten minimizar la transmisi\u00f3n de todos los virus respiratorios que circulan durante los meses de oto\u00f1o-invierno. A saber: mantener la ventilaci\u00f3n cruzada y constante en ambientes cerrados y en el transporte, adem\u00e1s del uso de barbijo, el respeto de los dos metros de distancia entre personas y el lavado frecuente de manos.<\/p>\n<p><b>Vacunaci\u00f3n en pacientes confirmados o sospechosos de Covid-19<br \/>\n<\/b><br \/>\nSi bien no existen contraindicaciones m\u00e9dicas para administrar vacunas (incluida vacuna antigripal) en pacientes con diagn\u00f3stico de Covid-19, se recomienda posponer la vacunaci\u00f3n con el objetivo de evitar la trasmisi\u00f3n viral y propagaci\u00f3n de la enfermedad, en las siguientes situaciones:\u2013 Casos confirmados: la recomendaci\u00f3n es vacunar luego de 14 d\u00edas de la fecha de inicio de los s\u00edntomas o bien hasta la recuperaci\u00f3n cl\u00ednica.\u2013 Contactos de casos confirmados: en estos casos se deber\u00e1 vacunar luego de completar los 14 d\u00edas de aislamiento.<\/p>\n","protected":false},"excerpt":{"rendered":"<p>El gobernador Gustavo Bordet lanz\u00f3 desde Urdinarrain la Campa\u00f1a de Vacunaci\u00f3n Antigripal 2021 que arranc\u00f3 en hospitales y centros de salud de toda la provincia, y en forma simult\u00e1nea con todo el pa\u00eds.<\/p>\n","protected":false},"author":2,"featured_media":58746,"comment_status":"open","ping_status":"open","sticky":false,"template":"","format":"standard","meta":{"fifu_image_url":"","fifu_image_alt":"","footnotes":""},"categories":[6],"tags":[215,214],"class_list":{"0":"post-58745","1":"post","2":"type-post","3":"status-publish","4":"format-standard","5":"has-post-thumbnail","7":"category-entre-rios","8":"tag-gripe","9":"tag-vacunacion"},"yoast_head":"<title>Lanzaron la campa\u00f1a antigripal en Entre R\u00edos - Informe Litoral<\/title>\n<meta name=\"robots\" content=\"index, follow, max-snippet:-1, max-image-preview:large, max-video-preview:-1\" \/>\n<link rel=\"canonical\" href=\"https:\/\/informelitoral.com.ar\/lanzaron-la-campana-antigripal-en-entre-rios\/\" \/>\n<meta property=\"og:locale\" content=\"es_ES\" \/>\n<meta property=\"og:type\" content=\"article\" \/>\n<meta property=\"og:title\" content=\"Lanzaron la campa\u00f1a antigripal en Entre R\u00edos - Informe Litoral\" \/>\n<meta property=\"og:description\" content=\"El gobernador Gustavo Bordet lanz\u00f3 desde Urdinarrain la Campa\u00f1a de Vacunaci\u00f3n Antigripal 2021 que arranc\u00f3 en hospitales y centros de salud de toda la provincia, y en forma simult\u00e1nea con todo el pa\u00eds.\" \/>\n<meta property=\"og:url\" content=\"https:\/\/informelitoral.com.ar\/lanzaron-la-campana-antigripal-en-entre-rios\/\" \/>\n<meta property=\"og:site_name\" content=\"Informe Litoral\" \/>\n<meta property=\"article:publisher\" content=\"https:\/\/www.facebook.com\/informelitoral\/\" \/>\n<meta property=\"article:published_time\" content=\"2021-04-13T19:54:11+00:00\" \/>\n<meta property=\"og:image\" content=\"https:\/\/informelitoral.com.ar\/%77%70%2d%63%6f%6e%74%65%6e%74\/uploads\/2021\/04\/o_1618341471.jpg\" \/>\n\t<meta property=\"og:image:width\" content=\"800\" \/>\n\t<meta property=\"og:image:height\" content=\"450\" \/>\n\t<meta property=\"og:image:type\" content=\"image\/jpeg\" \/>\n<meta name=\"author\" content=\"Gonzalo Schmidt\" \/>\n<meta name=\"twitter:card\" content=\"summary_large_image\" \/>\n<meta name=\"twitter:creator\" content=\"@InformeLitoral\" \/>\n<meta name=\"twitter:site\" content=\"@InformeLitoral\" \/>\n<meta name=\"twitter:label1\" content=\"Escrito por\" \/>\n\t<meta name=\"twitter:data1\" content=\"Gonzalo Schmidt\" \/>\n\t<meta name=\"twitter:label2\" content=\"Tiempo de lectura\" \/>\n\t<meta name=\"twitter:data2\" content=\"5 minutos\" \/>\n<script type=\"application\/ld+json\" class=\"yoast-schema-graph\">{\"@context\":\"https:\\\/\\\/schema.org\",\"@graph\":[{\"@type\":\"Article\",\"@id\":\"https:\\\/\\\/informelitoral.com.ar\\\/lanzaron-la-campana-antigripal-en-entre-rios\\\/#article\",\"isPartOf\":{\"@id\":\"https:\\\/\\\/informelitoral.com.ar\\\/lanzaron-la-campana-antigripal-en-entre-rios\\\/\"},\"author\":{\"name\":\"Gonzalo Schmidt\",\"@id\":\"https:\\\/\\\/informelitoral.com.ar\\\/#\\\/schema\\\/person\\\/b9d00407c836482871ef1d57bf8e3180\"},\"headline\":\"Lanzaron la campa\u00f1a antigripal en Entre R\u00edos\",\"datePublished\":\"2021-04-13T19:54:11+00:00\",\"mainEntityOfPage\":{\"@id\":\"https:\\\/\\\/informelitoral.com.ar\\\/lanzaron-la-campana-antigripal-en-entre-rios\\\/\"},\"wordCount\":923,\"commentCount\":0,\"publisher\":{\"@id\":\"https:\\\/\\\/informelitoral.com.ar\\\/#organization\"},\"image\":{\"@id\":\"https:\\\/\\\/informelitoral.com.ar\\\/lanzaron-la-campana-antigripal-en-entre-rios\\\/#primaryimage\"},\"thumbnailUrl\":\"https:\\\/\\\/informelitoral.com.ar\\\/%77%70%2d%63%6f%6e%74%65%6e%74\\\/uploads\\\/2021\\\/04\\\/o_1618341471.jpg\",\"keywords\":[\"Gripe\",\"Vacunaci\u00f3n\"],\"articleSection\":[\"Entre R\u00edos\"],\"inLanguage\":\"es\",\"potentialAction\":[{\"@type\":\"CommentAction\",\"name\":\"Comment\",\"target\":[\"https:\\\/\\\/informelitoral.com.ar\\\/lanzaron-la-campana-antigripal-en-entre-rios\\\/#respond\"]}]},{\"@type\":\"WebPage\",\"@id\":\"https:\\\/\\\/informelitoral.com.ar\\\/lanzaron-la-campana-antigripal-en-entre-rios\\\/\",\"url\":\"https:\\\/\\\/informelitoral.com.ar\\\/lanzaron-la-campana-antigripal-en-entre-rios\\\/\",\"name\":\"Lanzaron la campa\u00f1a antigripal en Entre R\u00edos - Informe Litoral\",\"isPartOf\":{\"@id\":\"https:\\\/\\\/informelitoral.com.ar\\\/#website\"},\"primaryImageOfPage\":{\"@id\":\"https:\\\/\\\/informelitoral.com.ar\\\/lanzaron-la-campana-antigripal-en-entre-rios\\\/#primaryimage\"},\"image\":{\"@id\":\"https:\\\/\\\/informelitoral.com.ar\\\/lanzaron-la-campana-antigripal-en-entre-rios\\\/#primaryimage\"},\"thumbnailUrl\":\"https:\\\/\\\/informelitoral.com.ar\\\/%77%70%2d%63%6f%6e%74%65%6e%74\\\/uploads\\\/2021\\\/04\\\/o_1618341471.jpg\",\"datePublished\":\"2021-04-13T19:54:11+00:00\",\"breadcrumb\":{\"@id\":\"https:\\\/\\\/informelitoral.com.ar\\\/lanzaron-la-campana-antigripal-en-entre-rios\\\/#breadcrumb\"},\"inLanguage\":\"es\",\"potentialAction\":[{\"@type\":\"ReadAction\",\"target\":[\"https:\\\/\\\/informelitoral.com.ar\\\/lanzaron-la-campana-antigripal-en-entre-rios\\\/\"]}]},{\"@type\":\"ImageObject\",\"inLanguage\":\"es\",\"@id\":\"https:\\\/\\\/informelitoral.com.ar\\\/lanzaron-la-campana-antigripal-en-entre-rios\\\/#primaryimage\",\"url\":\"https:\\\/\\\/informelitoral.com.ar\\\/%77%70%2d%63%6f%6e%74%65%6e%74\\\/uploads\\\/2021\\\/04\\\/o_1618341471.jpg\",\"contentUrl\":\"https:\\\/\\\/informelitoral.com.ar\\\/%77%70%2d%63%6f%6e%74%65%6e%74\\\/uploads\\\/2021\\\/04\\\/o_1618341471.jpg\",\"width\":800,\"height\":450},{\"@type\":\"BreadcrumbList\",\"@id\":\"https:\\\/\\\/informelitoral.com.ar\\\/lanzaron-la-campana-antigripal-en-entre-rios\\\/#breadcrumb\",\"itemListElement\":[{\"@type\":\"ListItem\",\"position\":1,\"name\":\"Portada\",\"item\":\"https:\\\/\\\/informelitoral.com.ar\\\/\"},{\"@type\":\"ListItem\",\"position\":2,\"name\":\"Lanzaron la campa\u00f1a antigripal en Entre R\u00edos\"}]},{\"@type\":\"WebSite\",\"@id\":\"https:\\\/\\\/informelitoral.com.ar\\\/#website\",\"url\":\"https:\\\/\\\/informelitoral.com.ar\\\/\",\"name\":\"Informe Litoral\",\"description\":\"&quot;Nos informamos&quot; \",\"publisher\":{\"@id\":\"https:\\\/\\\/informelitoral.com.ar\\\/#organization\"},\"potentialAction\":[{\"@type\":\"SearchAction\",\"target\":{\"@type\":\"EntryPoint\",\"urlTemplate\":\"https:\\\/\\\/informelitoral.com.ar\\\/?s={search_term_string}\"},\"query-input\":{\"@type\":\"PropertyValueSpecification\",\"valueRequired\":true,\"valueName\":\"search_term_string\"}}],\"inLanguage\":\"es\"},{\"@type\":\"Organization\",\"@id\":\"https:\\\/\\\/informelitoral.com.ar\\\/#organization\",\"name\":\"Informe Litoral\",\"url\":\"https:\\\/\\\/informelitoral.com.ar\\\/\",\"logo\":{\"@type\":\"ImageObject\",\"inLanguage\":\"es\",\"@id\":\"https:\\\/\\\/informelitoral.com.ar\\\/#\\\/schema\\\/logo\\\/image\\\/\",\"url\":\"https:\\\/\\\/informelitoral.com.ar\\\/%77%70%2d%63%6f%6e%74%65%6e%74\\\/uploads\\\/2021\\\/01\\\/circulo.png\",\"contentUrl\":\"https:\\\/\\\/informelitoral.com.ar\\\/%77%70%2d%63%6f%6e%74%65%6e%74\\\/uploads\\\/2021\\\/01\\\/circulo.png\",\"width\":723,\"height\":731,\"caption\":\"Informe Litoral\"},\"image\":{\"@id\":\"https:\\\/\\\/informelitoral.com.ar\\\/#\\\/schema\\\/logo\\\/image\\\/\"},\"sameAs\":[\"https:\\\/\\\/www.facebook.com\\\/informelitoral\\\/\",\"https:\\\/\\\/x.com\\\/InformeLitoral\",\"https:\\\/\\\/www.instagram.com\\\/informelitoral\\\/\",\"https:\\\/\\\/www.youtube.com\\\/channel\\\/UCua4Qvz8Icb6MYqhoq9xLXw\"]},{\"@type\":\"Person\",\"@id\":\"https:\\\/\\\/informelitoral.com.ar\\\/#\\\/schema\\\/person\\\/b9d00407c836482871ef1d57bf8e3180\",\"name\":\"Gonzalo Schmidt\",\"image\":{\"@type\":\"ImageObject\",\"inLanguage\":\"es\",\"@id\":\"https:\\\/\\\/secure.gravatar.com\\\/avatar\\\/31a1a7b66ff2de83bd0e9fd79d026630d2d99e55e8bfe501287647b4fd9743de?s=96&d=mm&r=g\",\"url\":\"https:\\\/\\\/secure.gravatar.com\\\/avatar\\\/31a1a7b66ff2de83bd0e9fd79d026630d2d99e55e8bfe501287647b4fd9743de?s=96&d=mm&r=g\",\"contentUrl\":\"https:\\\/\\\/secure.gravatar.com\\\/avatar\\\/31a1a7b66ff2de83bd0e9fd79d026630d2d99e55e8bfe501287647b4fd9743de?s=96&d=mm&r=g\",\"caption\":\"Gonzalo Schmidt\"},\"description\":\"Sitio web de noticias de la provincia de Entre R\u00edos, Argentina. Informaci\u00f3n y entretenimiento. Informe Litoral, nos informamos.\",\"sameAs\":[\"http:\\\/\\\/www.isletasnoticias.com.ar\"],\"url\":\"https:\\\/\\\/informelitoral.com.ar\\\/author\\\/gonzalo\\\/\"}]}<\/script>","yoast_head_json":{"title":"Lanzaron la campa\u00f1a antigripal en Entre R\u00edos - Informe Litoral","robots":{"index":"index","follow":"follow","max-snippet":"max-snippet:-1","max-image-preview":"max-image-preview:large","max-video-preview":"max-video-preview:-1"},"canonical":"https:\/\/informelitoral.com.ar\/lanzaron-la-campana-antigripal-en-entre-rios\/","og_locale":"es_ES","og_type":"article","og_title":"Lanzaron la campa\u00f1a antigripal en Entre R\u00edos - Informe Litoral","og_description":"El gobernador Gustavo Bordet lanz\u00f3 desde Urdinarrain la Campa\u00f1a de Vacunaci\u00f3n Antigripal 2021 que arranc\u00f3 en hospitales y centros de salud de toda la provincia, y en forma simult\u00e1nea con todo el pa\u00eds.","og_url":"https:\/\/informelitoral.com.ar\/lanzaron-la-campana-antigripal-en-entre-rios\/","og_site_name":"Informe Litoral","article_publisher":"https:\/\/www.facebook.com\/informelitoral\/","article_published_time":"2021-04-13T19:54:11+00:00","og_image":[{"width":800,"height":450,"url":"https:\/\/informelitoral.com.ar\/%77%70%2d%63%6f%6e%74%65%6e%74\/uploads\/2021\/04\/o_1618341471.jpg","type":"image\/jpeg"}],"author":"Gonzalo Schmidt","twitter_card":"summary_large_image","twitter_creator":"@InformeLitoral","twitter_site":"@InformeLitoral","twitter_misc":{"Escrito por":"Gonzalo Schmidt","Tiempo de lectura":"5 minutos"},"schema":{"@context":"https:\/\/schema.org","@graph":[{"@type":"Article","@id":"https:\/\/informelitoral.com.ar\/lanzaron-la-campana-antigripal-en-entre-rios\/#article","isPartOf":{"@id":"https:\/\/informelitoral.com.ar\/lanzaron-la-campana-antigripal-en-entre-rios\/"},"author":{"name":"Gonzalo Schmidt","@id":"https:\/\/informelitoral.com.ar\/#\/schema\/person\/b9d00407c836482871ef1d57bf8e3180"},"headline":"Lanzaron la campa\u00f1a antigripal en Entre R\u00edos","datePublished":"2021-04-13T19:54:11+00:00","mainEntityOfPage":{"@id":"https:\/\/informelitoral.com.ar\/lanzaron-la-campana-antigripal-en-entre-rios\/"},"wordCount":923,"commentCount":0,"publisher":{"@id":"https:\/\/informelitoral.com.ar\/#organization"},"image":{"@id":"https:\/\/informelitoral.com.ar\/lanzaron-la-campana-antigripal-en-entre-rios\/#primaryimage"},"thumbnailUrl":"https:\/\/informelitoral.com.ar\/%77%70%2d%63%6f%6e%74%65%6e%74\/uploads\/2021\/04\/o_1618341471.jpg","keywords":["Gripe","Vacunaci\u00f3n"],"articleSection":["Entre R\u00edos"],"inLanguage":"es","potentialAction":[{"@type":"CommentAction","name":"Comment","target":["https:\/\/informelitoral.com.ar\/lanzaron-la-campana-antigripal-en-entre-rios\/#respond"]}]},{"@type":"WebPage","@id":"https:\/\/informelitoral.com.ar\/lanzaron-la-campana-antigripal-en-entre-rios\/","url":"https:\/\/informelitoral.com.ar\/lanzaron-la-campana-antigripal-en-entre-rios\/","name":"Lanzaron la campa\u00f1a antigripal en Entre R\u00edos - Informe Litoral","isPartOf":{"@id":"https:\/\/informelitoral.com.ar\/#website"},"primaryImageOfPage":{"@id":"https:\/\/informelitoral.com.ar\/lanzaron-la-campana-antigripal-en-entre-rios\/#primaryimage"},"image":{"@id":"https:\/\/informelitoral.com.ar\/lanzaron-la-campana-antigripal-en-entre-rios\/#primaryimage"},"thumbnailUrl":"https:\/\/informelitoral.com.ar\/%77%70%2d%63%6f%6e%74%65%6e%74\/uploads\/2021\/04\/o_1618341471.jpg","datePublished":"2021-04-13T19:54:11+00:00","breadcrumb":{"@id":"https:\/\/informelitoral.com.ar\/lanzaron-la-campana-antigripal-en-entre-rios\/#breadcrumb"},"inLanguage":"es","potentialAction":[{"@type":"ReadAction","target":["https:\/\/informelitoral.com.ar\/lanzaron-la-campana-antigripal-en-entre-rios\/"]}]},{"@type":"ImageObject","inLanguage":"es","@id":"https:\/\/informelitoral.com.ar\/lanzaron-la-campana-antigripal-en-entre-rios\/#primaryimage","url":"https:\/\/informelitoral.com.ar\/%77%70%2d%63%6f%6e%74%65%6e%74\/uploads\/2021\/04\/o_1618341471.jpg","contentUrl":"https:\/\/informelitoral.com.ar\/%77%70%2d%63%6f%6e%74%65%6e%74\/uploads\/2021\/04\/o_1618341471.jpg","width":800,"height":450},{"@type":"BreadcrumbList","@id":"https:\/\/informelitoral.com.ar\/lanzaron-la-campana-antigripal-en-entre-rios\/#breadcrumb","itemListElement":[{"@type":"ListItem","position":1,"name":"Portada","item":"https:\/\/informelitoral.com.ar\/"},{"@type":"ListItem","position":2,"name":"Lanzaron la campa\u00f1a antigripal en Entre R\u00edos"}]},{"@type":"WebSite","@id":"https:\/\/informelitoral.com.ar\/#website","url":"https:\/\/informelitoral.com.ar\/","name":"Informe Litoral","description":"&quot;Nos informamos&quot; ","publisher":{"@id":"https:\/\/informelitoral.com.ar\/#organization"},"potentialAction":[{"@type":"SearchAction","target":{"@type":"EntryPoint","urlTemplate":"https:\/\/informelitoral.com.ar\/?s={search_term_string}"},"query-input":{"@type":"PropertyValueSpecification","valueRequired":true,"valueName":"search_term_string"}}],"inLanguage":"es"},{"@type":"Organization","@id":"https:\/\/informelitoral.com.ar\/#organization","name":"Informe Litoral","url":"https:\/\/informelitoral.com.ar\/","logo":{"@type":"ImageObject","inLanguage":"es","@id":"https:\/\/informelitoral.com.ar\/#\/schema\/logo\/image\/","url":"https:\/\/informelitoral.com.ar\/%77%70%2d%63%6f%6e%74%65%6e%74\/uploads\/2021\/01\/circulo.png","contentUrl":"https:\/\/informelitoral.com.ar\/%77%70%2d%63%6f%6e%74%65%6e%74\/uploads\/2021\/01\/circulo.png","width":723,"height":731,"caption":"Informe Litoral"},"image":{"@id":"https:\/\/informelitoral.com.ar\/#\/schema\/logo\/image\/"},"sameAs":["https:\/\/www.facebook.com\/informelitoral\/","https:\/\/x.com\/InformeLitoral","https:\/\/www.instagram.com\/informelitoral\/","https:\/\/www.youtube.com\/channel\/UCua4Qvz8Icb6MYqhoq9xLXw"]},{"@type":"Person","@id":"https:\/\/informelitoral.com.ar\/#\/schema\/person\/b9d00407c836482871ef1d57bf8e3180","name":"Gonzalo Schmidt","image":{"@type":"ImageObject","inLanguage":"es","@id":"https:\/\/secure.gravatar.com\/avatar\/31a1a7b66ff2de83bd0e9fd79d026630d2d99e55e8bfe501287647b4fd9743de?s=96&d=mm&r=g","url":"https:\/\/secure.gravatar.com\/avatar\/31a1a7b66ff2de83bd0e9fd79d026630d2d99e55e8bfe501287647b4fd9743de?s=96&d=mm&r=g","contentUrl":"https:\/\/secure.gravatar.com\/avatar\/31a1a7b66ff2de83bd0e9fd79d026630d2d99e55e8bfe501287647b4fd9743de?s=96&d=mm&r=g","caption":"Gonzalo Schmidt"},"description":"Sitio web de noticias de la provincia de Entre R\u00edos, Argentina. Informaci\u00f3n y entretenimiento. Informe Litoral, nos informamos.","sameAs":["http:\/\/www.isletasnoticias.com.ar"],"url":"https:\/\/informelitoral.com.ar\/author\/gonzalo\/"}]}},"_links":{"self":[{"href":"https:\/\/informelitoral.com.ar\/%77%70%2d%6a%73%6f%6e\/wp\/v2\/posts\/58745","targetHints":{"allow":["GET"]}}],"collection":[{"href":"https:\/\/informelitoral.com.ar\/%77%70%2d%6a%73%6f%6e\/wp\/v2\/posts"}],"about":[{"href":"https:\/\/informelitoral.com.ar\/%77%70%2d%6a%73%6f%6e\/wp\/v2\/types\/post"}],"author":[{"embeddable":true,"href":"https:\/\/informelitoral.com.ar\/%77%70%2d%6a%73%6f%6e\/wp\/v2\/users\/2"}],"replies":[{"embeddable":true,"href":"https:\/\/informelitoral.com.ar\/%77%70%2d%6a%73%6f%6e\/wp\/v2\/comments?post=58745"}],"version-history":[{"count":0,"href":"https:\/\/informelitoral.com.ar\/%77%70%2d%6a%73%6f%6e\/wp\/v2\/posts\/58745\/revisions"}],"wp:featuredmedia":[{"embeddable":true,"href":"https:\/\/informelitoral.com.ar\/%77%70%2d%6a%73%6f%6e\/wp\/v2\/media\/58746"}],"wp:attachment":[{"href":"https:\/\/informelitoral.com.ar\/%77%70%2d%6a%73%6f%6e\/wp\/v2\/media?parent=58745"}],"wp:term":[{"taxonomy":"category","embeddable":true,"href":"https:\/\/informelitoral.com.ar\/%77%70%2d%6a%73%6f%6e\/wp\/v2\/categories?post=58745"},{"taxonomy":"post_tag","embeddable":true,"href":"https:\/\/informelitoral.com.ar\/%77%70%2d%6a%73%6f%6e\/wp\/v2\/tags?post=58745"}],"curies":[{"name":"wp","href":"https:\/\/api.w.org\/{rel}","templated":true}]}}