{"id":58741,"date":"2021-04-13T16:43:33","date_gmt":"2021-04-13T19:43:33","guid":{"rendered":"https:\/\/www.informelitoral.com.ar\/?p=58741"},"modified":"2021-04-13T16:48:25","modified_gmt":"2021-04-13T19:48:25","slug":"diamante-finalmente-comenzara-a-separar-sus-residuos","status":"publish","type":"post","link":"https:\/\/informelitoral.com.ar\/diamante-finalmente-comenzara-a-separar-sus-residuos\/","title":{"rendered":"Diamante finalmente comenzar\u00e1 a separar sus residuos"},"content":{"rendered":"<p>La Subsecretar\u00eda de Medioambiente Municipal de Diamante impulsa la campa\u00f1a de difusi\u00f3n sobre la separaci\u00f3n diferenciada desde el origen. Se trata de una decisi\u00f3n orientada a que todos los diamantinos comiencen a separar los residuos s\u00f3lidos urbanos en sus propias casas, para contribuir a un sistema que posibilitar\u00e1 mejorar sustancialmente el tratamiento de los mismos.<\/p>\n<p>El intendente,<strong> Juan Carlos Darrich\u00f3n<\/strong>, explic\u00f3 que \u201cplanteamos una idea sencilla y f\u00e1cil de aplicar en nuestros hogares. Separemos en H\u00famedos y Secos, que es la propuesta que ha tenido mejores respuestas en las ciudades que ya han avanzado seriamente en la tem\u00e1tica\u201d.<\/p>\n<p>\u201cDesde que comenzamos la gesti\u00f3n trabajamos para volver a equipar la Planta de Tratamiento de Residuos S\u00f3lidos Urbanos; avanzamos con los trabajadores para recuperar un esquema que les permita cumplir la labor de manera segura y que tambi\u00e9n signifique una posibilidad cierta de comercializar el material valorizado\u201d, dijo.<\/p>\n<p>Darrich\u00f3n explic\u00f3 que \u201cla cuesti\u00f3n ambiental es un tema que se debe abordar \u00edntegramente, y todos somos corresponsables. Buscamos una alternativa para que Diamante pueda dar ese paso hacia una ciudad m\u00e1s limpia y amigable con el ambiente\u201d.<\/p>\n<p>Por su parte, la subsecretaria de Medioambiente,<strong> Ana L\u00eda Ch\u00e9mez<\/strong>, describi\u00f3 a la posibilidad como \u201cnecesaria y oportuna. La Municipalidad recibi\u00f3 equipamiento e instrumental nuevo, de mucho valor y que permite un tratamiento m\u00e1s sofisticado. Pero \u00a0esto tambi\u00e9n nos llev\u00f3 a buscar y corregir c\u00f3mo Diamante gestiona sus residuos\u201d.<\/p>\n<p>\u201cLa separaci\u00f3n entre H\u00famedos y Secos resulta la m\u00e1s sencilla y sostenible en el tiempo. Permite organizar a las familias sobre c\u00f3mo administrar los desechos del hogar y significar\u00e1 un impacto inmediato en el trabajo que realizan los operarios de la planta\u201d.<\/p>\n<p><strong>A partir del 3 de mayo<\/strong><br \/>\nCabe se\u00f1alar que la Municipalidad de Diamante comenzar\u00e1 efectivamente la recolecci\u00f3n de residuos diferenciados desde mayo.<\/p>\n<p>Para ello se dispuso volver al formato original de recolecci\u00f3n, que ten\u00eda un recorrido de lunes, mi\u00e9rcoles y viernes \u201cNorte \u2013 Sur\u201d y Strobel; mientras que martes, jueves y s\u00e1bado \u201cEste \u2013 Oeste\u201d y B\u00b0 Belgrano y Ruta 11.<\/p>\n<p>Los d\u00edas mi\u00e9rcoles y jueves se retirar\u00e1 s\u00f3lo lo \u201cseco\u201d, mientras que los restantes d\u00edas los \u201ch\u00famedos\u201d. Esto ser\u00e1 \u201cfundamental porque permite un mejor tratamiento en la planta, m\u00e1s seguridad en los trabajadores, rapidez en la identificaci\u00f3n del material y en su puesta a punto para recuperar y comercializar\u201d.<\/p>\n<p><strong>C\u00f3mo separar<\/strong><br \/>\nEn toda campa\u00f1a de este tipo, se busca lograr una conciencia en el modo que se consume, apuntado a optar siempre por materiales que contengan menos packaging, reducir los residuos, reutilizar los materiales \u00a0al m\u00e1ximo y por \u00faltimo reciclarlos.<\/p>\n<p>La Municipalidad de Diamante propone separar en secos y h\u00famedos, y para ello se comparten ejemplos para que cada familia vaya prepar\u00e1ndose en las pr\u00f3ximas semanas.<\/p>\n<p>Secos: vidrios, papel, cart\u00f3n, pl\u00e1sticos, metales, tetrabriks, telgopor, que se retirar\u00e1 mi\u00e9rcoles o jueves dependiendo el recorrido.<\/p>\n<p>H\u00famedos: restos de comida, frutas y verduras; yerba, t\u00e9, caf\u00e9, servilletas o papel mojado. Aqu\u00ed tambi\u00e9n ir\u00e1n los residuos sanitarios, como pa\u00f1ales, tampones, toallitas, preservativos, papel higi\u00e9nico o algod\u00f3n mojado, gasas, vendas; preferentemente en otra bolsa. Se retirar\u00e1 lunes &#8211; \u00a0Viernes o martes \u2013 s\u00e1bado dependiendo el recorrido.<\/p>\n<p><strong>Planta de Puertas abiertas<\/strong><br \/>\nDesde la Municipalidad de Diamante se indic\u00f3 que la Planta de Tratamiento de Residuos \u201cmantendr\u00e1 una guardia todos los d\u00edas\u201d, para que los diamantinos puedan concurrir directamente hacia all\u00ed cuando por alg\u00fan motivo especial tengan material y no sea d\u00eda u horario de servicio de recolecci\u00f3n.<\/p>\n<p>Es importante fomentar el h\u00e1bito de asistir a la Planta y llevar lo que la familia re\u00fane \u201cdespu\u00e9s \u00a0de hacer orden en la casa, luego de un evento social o simplemente porque no pudieron sacarlo en tiempo y forma\u201d, se agreg\u00f3.<\/p>\n<p>Es de p\u00fablico conocimiento que todav\u00eda hay vecinos que arrojan bolsas en la v\u00eda p\u00fablica, con toda la problem\u00e1tica que esta infracci\u00f3n conlleva. La apertura de la Planta significar\u00e1 la opci\u00f3n segura y correcta para que todos podamos gestionar los residuos de la mejor manera.<\/p>\n","protected":false},"excerpt":{"rendered":"<p>La Municipalidad inicia una campa\u00f1a de difusi\u00f3n y concientizaci\u00f3n sobre la importancia de la separaci\u00f3n diferenciada desde el hogar. Se retorna al sistema de tres d\u00edas de recolecci\u00f3n, pero marcados por el tipo de residuo. \u00abSer\u00e1 una propuesta sencilla y sostenible, que iniciar\u00e1 el 3 de mayo\u00bb, aseguraron.<\/p>\n","protected":false},"author":2,"featured_media":58742,"comment_status":"open","ping_status":"open","sticky":false,"template":"","format":"standard","meta":{"fifu_image_url":"","fifu_image_alt":"","footnotes":""},"categories":[5],"tags":[34,111,201],"class_list":{"0":"post-58741","1":"post","2":"type-post","3":"status-publish","4":"format-standard","5":"has-post-thumbnail","7":"category-zonales","8":"tag-diamante","9":"tag-municipales","10":"tag-municipios"},"yoast_head":"<title>Diamante finalmente comenzar\u00e1 a separar sus residuos - Informe Litoral<\/title>\n<meta name=\"robots\" content=\"index, follow, max-snippet:-1, max-image-preview:large, max-video-preview:-1\" \/>\n<link rel=\"canonical\" href=\"https:\/\/informelitoral.com.ar\/diamante-finalmente-comenzara-a-separar-sus-residuos\/\" \/>\n<meta property=\"og:locale\" content=\"es_ES\" \/>\n<meta property=\"og:type\" content=\"article\" \/>\n<meta property=\"og:title\" content=\"Diamante finalmente comenzar\u00e1 a separar sus residuos - Informe Litoral\" \/>\n<meta property=\"og:description\" content=\"La Municipalidad inicia una campa\u00f1a de difusi\u00f3n y concientizaci\u00f3n sobre la importancia de la separaci\u00f3n diferenciada desde el hogar. Se retorna al sistema de tres d\u00edas de recolecci\u00f3n, pero marcados por el tipo de residuo. &quot;Ser\u00e1 una propuesta sencilla y sostenible, que iniciar\u00e1 el 3 de mayo&quot;, aseguraron.\" \/>\n<meta property=\"og:url\" content=\"https:\/\/informelitoral.com.ar\/diamante-finalmente-comenzara-a-separar-sus-residuos\/\" \/>\n<meta property=\"og:site_name\" content=\"Informe Litoral\" \/>\n<meta property=\"article:publisher\" content=\"https:\/\/www.facebook.com\/informelitoral\/\" \/>\n<meta property=\"article:published_time\" content=\"2021-04-13T19:43:33+00:00\" \/>\n<meta property=\"article:modified_time\" content=\"2021-04-13T19:48:25+00:00\" \/>\n<meta property=\"og:image\" content=\"https:\/\/informelitoral.com.ar\/%77%70%2d%63%6f%6e%74%65%6e%74\/uploads\/2021\/04\/WhatsApp-Image-2021-03-26-at-11.54.17.jpeg\" \/>\n\t<meta property=\"og:image:width\" content=\"1280\" \/>\n\t<meta property=\"og:image:height\" content=\"1280\" \/>\n\t<meta property=\"og:image:type\" content=\"image\/jpeg\" \/>\n<meta name=\"author\" content=\"Gonzalo Schmidt\" \/>\n<meta name=\"twitter:card\" content=\"summary_large_image\" \/>\n<meta name=\"twitter:creator\" content=\"@InformeLitoral\" \/>\n<meta name=\"twitter:site\" content=\"@InformeLitoral\" \/>\n<meta name=\"twitter:label1\" content=\"Escrito por\" \/>\n\t<meta name=\"twitter:data1\" content=\"Gonzalo Schmidt\" \/>\n\t<meta name=\"twitter:label2\" content=\"Tiempo de lectura\" \/>\n\t<meta name=\"twitter:data2\" content=\"4 minutos\" \/>\n<script type=\"application\/ld+json\" class=\"yoast-schema-graph\">{\"@context\":\"https:\\\/\\\/schema.org\",\"@graph\":[{\"@type\":\"Article\",\"@id\":\"https:\\\/\\\/informelitoral.com.ar\\\/diamante-finalmente-comenzara-a-separar-sus-residuos\\\/#article\",\"isPartOf\":{\"@id\":\"https:\\\/\\\/informelitoral.com.ar\\\/diamante-finalmente-comenzara-a-separar-sus-residuos\\\/\"},\"author\":{\"name\":\"Gonzalo Schmidt\",\"@id\":\"https:\\\/\\\/informelitoral.com.ar\\\/#\\\/schema\\\/person\\\/b9d00407c836482871ef1d57bf8e3180\"},\"headline\":\"Diamante finalmente comenzar\u00e1 a separar sus residuos\",\"datePublished\":\"2021-04-13T19:43:33+00:00\",\"dateModified\":\"2021-04-13T19:48:25+00:00\",\"mainEntityOfPage\":{\"@id\":\"https:\\\/\\\/informelitoral.com.ar\\\/diamante-finalmente-comenzara-a-separar-sus-residuos\\\/\"},\"wordCount\":723,\"commentCount\":0,\"publisher\":{\"@id\":\"https:\\\/\\\/informelitoral.com.ar\\\/#organization\"},\"image\":{\"@id\":\"https:\\\/\\\/informelitoral.com.ar\\\/diamante-finalmente-comenzara-a-separar-sus-residuos\\\/#primaryimage\"},\"thumbnailUrl\":\"https:\\\/\\\/informelitoral.com.ar\\\/%77%70%2d%63%6f%6e%74%65%6e%74\\\/uploads\\\/2021\\\/04\\\/WhatsApp-Image-2021-03-26-at-11.54.17.jpeg\",\"keywords\":[\"Diamante\",\"Municipales\",\"Municipios\"],\"articleSection\":[\"Departamento Diamante\"],\"inLanguage\":\"es\",\"potentialAction\":[{\"@type\":\"CommentAction\",\"name\":\"Comment\",\"target\":[\"https:\\\/\\\/informelitoral.com.ar\\\/diamante-finalmente-comenzara-a-separar-sus-residuos\\\/#respond\"]}]},{\"@type\":\"WebPage\",\"@id\":\"https:\\\/\\\/informelitoral.com.ar\\\/diamante-finalmente-comenzara-a-separar-sus-residuos\\\/\",\"url\":\"https:\\\/\\\/informelitoral.com.ar\\\/diamante-finalmente-comenzara-a-separar-sus-residuos\\\/\",\"name\":\"Diamante finalmente comenzar\u00e1 a separar sus residuos - Informe Litoral\",\"isPartOf\":{\"@id\":\"https:\\\/\\\/informelitoral.com.ar\\\/#website\"},\"primaryImageOfPage\":{\"@id\":\"https:\\\/\\\/informelitoral.com.ar\\\/diamante-finalmente-comenzara-a-separar-sus-residuos\\\/#primaryimage\"},\"image\":{\"@id\":\"https:\\\/\\\/informelitoral.com.ar\\\/diamante-finalmente-comenzara-a-separar-sus-residuos\\\/#primaryimage\"},\"thumbnailUrl\":\"https:\\\/\\\/informelitoral.com.ar\\\/%77%70%2d%63%6f%6e%74%65%6e%74\\\/uploads\\\/2021\\\/04\\\/WhatsApp-Image-2021-03-26-at-11.54.17.jpeg\",\"datePublished\":\"2021-04-13T19:43:33+00:00\",\"dateModified\":\"2021-04-13T19:48:25+00:00\",\"breadcrumb\":{\"@id\":\"https:\\\/\\\/informelitoral.com.ar\\\/diamante-finalmente-comenzara-a-separar-sus-residuos\\\/#breadcrumb\"},\"inLanguage\":\"es\",\"potentialAction\":[{\"@type\":\"ReadAction\",\"target\":[\"https:\\\/\\\/informelitoral.com.ar\\\/diamante-finalmente-comenzara-a-separar-sus-residuos\\\/\"]}]},{\"@type\":\"ImageObject\",\"inLanguage\":\"es\",\"@id\":\"https:\\\/\\\/informelitoral.com.ar\\\/diamante-finalmente-comenzara-a-separar-sus-residuos\\\/#primaryimage\",\"url\":\"https:\\\/\\\/informelitoral.com.ar\\\/%77%70%2d%63%6f%6e%74%65%6e%74\\\/uploads\\\/2021\\\/04\\\/WhatsApp-Image-2021-03-26-at-11.54.17.jpeg\",\"contentUrl\":\"https:\\\/\\\/informelitoral.com.ar\\\/%77%70%2d%63%6f%6e%74%65%6e%74\\\/uploads\\\/2021\\\/04\\\/WhatsApp-Image-2021-03-26-at-11.54.17.jpeg\",\"width\":1280,\"height\":1280},{\"@type\":\"BreadcrumbList\",\"@id\":\"https:\\\/\\\/informelitoral.com.ar\\\/diamante-finalmente-comenzara-a-separar-sus-residuos\\\/#breadcrumb\",\"itemListElement\":[{\"@type\":\"ListItem\",\"position\":1,\"name\":\"Portada\",\"item\":\"https:\\\/\\\/informelitoral.com.ar\\\/\"},{\"@type\":\"ListItem\",\"position\":2,\"name\":\"Diamante finalmente comenzar\u00e1 a separar sus residuos\"}]},{\"@type\":\"WebSite\",\"@id\":\"https:\\\/\\\/informelitoral.com.ar\\\/#website\",\"url\":\"https:\\\/\\\/informelitoral.com.ar\\\/\",\"name\":\"Informe Litoral\",\"description\":\"&quot;Nos informamos&quot; \",\"publisher\":{\"@id\":\"https:\\\/\\\/informelitoral.com.ar\\\/#organization\"},\"potentialAction\":[{\"@type\":\"SearchAction\",\"target\":{\"@type\":\"EntryPoint\",\"urlTemplate\":\"https:\\\/\\\/informelitoral.com.ar\\\/?s={search_term_string}\"},\"query-input\":{\"@type\":\"PropertyValueSpecification\",\"valueRequired\":true,\"valueName\":\"search_term_string\"}}],\"inLanguage\":\"es\"},{\"@type\":\"Organization\",\"@id\":\"https:\\\/\\\/informelitoral.com.ar\\\/#organization\",\"name\":\"Informe Litoral\",\"url\":\"https:\\\/\\\/informelitoral.com.ar\\\/\",\"logo\":{\"@type\":\"ImageObject\",\"inLanguage\":\"es\",\"@id\":\"https:\\\/\\\/informelitoral.com.ar\\\/#\\\/schema\\\/logo\\\/image\\\/\",\"url\":\"https:\\\/\\\/informelitoral.com.ar\\\/%77%70%2d%63%6f%6e%74%65%6e%74\\\/uploads\\\/2021\\\/01\\\/circulo.png\",\"contentUrl\":\"https:\\\/\\\/informelitoral.com.ar\\\/%77%70%2d%63%6f%6e%74%65%6e%74\\\/uploads\\\/2021\\\/01\\\/circulo.png\",\"width\":723,\"height\":731,\"caption\":\"Informe Litoral\"},\"image\":{\"@id\":\"https:\\\/\\\/informelitoral.com.ar\\\/#\\\/schema\\\/logo\\\/image\\\/\"},\"sameAs\":[\"https:\\\/\\\/www.facebook.com\\\/informelitoral\\\/\",\"https:\\\/\\\/x.com\\\/InformeLitoral\",\"https:\\\/\\\/www.instagram.com\\\/informelitoral\\\/\",\"https:\\\/\\\/www.youtube.com\\\/channel\\\/UCua4Qvz8Icb6MYqhoq9xLXw\"]},{\"@type\":\"Person\",\"@id\":\"https:\\\/\\\/informelitoral.com.ar\\\/#\\\/schema\\\/person\\\/b9d00407c836482871ef1d57bf8e3180\",\"name\":\"Gonzalo Schmidt\",\"image\":{\"@type\":\"ImageObject\",\"inLanguage\":\"es\",\"@id\":\"https:\\\/\\\/secure.gravatar.com\\\/avatar\\\/31a1a7b66ff2de83bd0e9fd79d026630d2d99e55e8bfe501287647b4fd9743de?s=96&d=mm&r=g\",\"url\":\"https:\\\/\\\/secure.gravatar.com\\\/avatar\\\/31a1a7b66ff2de83bd0e9fd79d026630d2d99e55e8bfe501287647b4fd9743de?s=96&d=mm&r=g\",\"contentUrl\":\"https:\\\/\\\/secure.gravatar.com\\\/avatar\\\/31a1a7b66ff2de83bd0e9fd79d026630d2d99e55e8bfe501287647b4fd9743de?s=96&d=mm&r=g\",\"caption\":\"Gonzalo Schmidt\"},\"description\":\"Sitio web de noticias de la provincia de Entre R\u00edos, Argentina. Informaci\u00f3n y entretenimiento. Informe Litoral, nos informamos.\",\"sameAs\":[\"http:\\\/\\\/www.isletasnoticias.com.ar\"],\"url\":\"https:\\\/\\\/informelitoral.com.ar\\\/author\\\/gonzalo\\\/\"}]}<\/script>","yoast_head_json":{"title":"Diamante finalmente comenzar\u00e1 a separar sus residuos - Informe Litoral","robots":{"index":"index","follow":"follow","max-snippet":"max-snippet:-1","max-image-preview":"max-image-preview:large","max-video-preview":"max-video-preview:-1"},"canonical":"https:\/\/informelitoral.com.ar\/diamante-finalmente-comenzara-a-separar-sus-residuos\/","og_locale":"es_ES","og_type":"article","og_title":"Diamante finalmente comenzar\u00e1 a separar sus residuos - Informe Litoral","og_description":"La Municipalidad inicia una campa\u00f1a de difusi\u00f3n y concientizaci\u00f3n sobre la importancia de la separaci\u00f3n diferenciada desde el hogar. Se retorna al sistema de tres d\u00edas de recolecci\u00f3n, pero marcados por el tipo de residuo. \"Ser\u00e1 una propuesta sencilla y sostenible, que iniciar\u00e1 el 3 de mayo\", aseguraron.","og_url":"https:\/\/informelitoral.com.ar\/diamante-finalmente-comenzara-a-separar-sus-residuos\/","og_site_name":"Informe Litoral","article_publisher":"https:\/\/www.facebook.com\/informelitoral\/","article_published_time":"2021-04-13T19:43:33+00:00","article_modified_time":"2021-04-13T19:48:25+00:00","og_image":[{"width":1280,"height":1280,"url":"https:\/\/informelitoral.com.ar\/%77%70%2d%63%6f%6e%74%65%6e%74\/uploads\/2021\/04\/WhatsApp-Image-2021-03-26-at-11.54.17.jpeg","type":"image\/jpeg"}],"author":"Gonzalo Schmidt","twitter_card":"summary_large_image","twitter_creator":"@InformeLitoral","twitter_site":"@InformeLitoral","twitter_misc":{"Escrito por":"Gonzalo Schmidt","Tiempo de lectura":"4 minutos"},"schema":{"@context":"https:\/\/schema.org","@graph":[{"@type":"Article","@id":"https:\/\/informelitoral.com.ar\/diamante-finalmente-comenzara-a-separar-sus-residuos\/#article","isPartOf":{"@id":"https:\/\/informelitoral.com.ar\/diamante-finalmente-comenzara-a-separar-sus-residuos\/"},"author":{"name":"Gonzalo Schmidt","@id":"https:\/\/informelitoral.com.ar\/#\/schema\/person\/b9d00407c836482871ef1d57bf8e3180"},"headline":"Diamante finalmente comenzar\u00e1 a separar sus residuos","datePublished":"2021-04-13T19:43:33+00:00","dateModified":"2021-04-13T19:48:25+00:00","mainEntityOfPage":{"@id":"https:\/\/informelitoral.com.ar\/diamante-finalmente-comenzara-a-separar-sus-residuos\/"},"wordCount":723,"commentCount":0,"publisher":{"@id":"https:\/\/informelitoral.com.ar\/#organization"},"image":{"@id":"https:\/\/informelitoral.com.ar\/diamante-finalmente-comenzara-a-separar-sus-residuos\/#primaryimage"},"thumbnailUrl":"https:\/\/informelitoral.com.ar\/%77%70%2d%63%6f%6e%74%65%6e%74\/uploads\/2021\/04\/WhatsApp-Image-2021-03-26-at-11.54.17.jpeg","keywords":["Diamante","Municipales","Municipios"],"articleSection":["Departamento Diamante"],"inLanguage":"es","potentialAction":[{"@type":"CommentAction","name":"Comment","target":["https:\/\/informelitoral.com.ar\/diamante-finalmente-comenzara-a-separar-sus-residuos\/#respond"]}]},{"@type":"WebPage","@id":"https:\/\/informelitoral.com.ar\/diamante-finalmente-comenzara-a-separar-sus-residuos\/","url":"https:\/\/informelitoral.com.ar\/diamante-finalmente-comenzara-a-separar-sus-residuos\/","name":"Diamante finalmente comenzar\u00e1 a separar sus residuos - Informe Litoral","isPartOf":{"@id":"https:\/\/informelitoral.com.ar\/#website"},"primaryImageOfPage":{"@id":"https:\/\/informelitoral.com.ar\/diamante-finalmente-comenzara-a-separar-sus-residuos\/#primaryimage"},"image":{"@id":"https:\/\/informelitoral.com.ar\/diamante-finalmente-comenzara-a-separar-sus-residuos\/#primaryimage"},"thumbnailUrl":"https:\/\/informelitoral.com.ar\/%77%70%2d%63%6f%6e%74%65%6e%74\/uploads\/2021\/04\/WhatsApp-Image-2021-03-26-at-11.54.17.jpeg","datePublished":"2021-04-13T19:43:33+00:00","dateModified":"2021-04-13T19:48:25+00:00","breadcrumb":{"@id":"https:\/\/informelitoral.com.ar\/diamante-finalmente-comenzara-a-separar-sus-residuos\/#breadcrumb"},"inLanguage":"es","potentialAction":[{"@type":"ReadAction","target":["https:\/\/informelitoral.com.ar\/diamante-finalmente-comenzara-a-separar-sus-residuos\/"]}]},{"@type":"ImageObject","inLanguage":"es","@id":"https:\/\/informelitoral.com.ar\/diamante-finalmente-comenzara-a-separar-sus-residuos\/#primaryimage","url":"https:\/\/informelitoral.com.ar\/%77%70%2d%63%6f%6e%74%65%6e%74\/uploads\/2021\/04\/WhatsApp-Image-2021-03-26-at-11.54.17.jpeg","contentUrl":"https:\/\/informelitoral.com.ar\/%77%70%2d%63%6f%6e%74%65%6e%74\/uploads\/2021\/04\/WhatsApp-Image-2021-03-26-at-11.54.17.jpeg","width":1280,"height":1280},{"@type":"BreadcrumbList","@id":"https:\/\/informelitoral.com.ar\/diamante-finalmente-comenzara-a-separar-sus-residuos\/#breadcrumb","itemListElement":[{"@type":"ListItem","position":1,"name":"Portada","item":"https:\/\/informelitoral.com.ar\/"},{"@type":"ListItem","position":2,"name":"Diamante finalmente comenzar\u00e1 a separar sus residuos"}]},{"@type":"WebSite","@id":"https:\/\/informelitoral.com.ar\/#website","url":"https:\/\/informelitoral.com.ar\/","name":"Informe Litoral","description":"&quot;Nos informamos&quot; ","publisher":{"@id":"https:\/\/informelitoral.com.ar\/#organization"},"potentialAction":[{"@type":"SearchAction","target":{"@type":"EntryPoint","urlTemplate":"https:\/\/informelitoral.com.ar\/?s={search_term_string}"},"query-input":{"@type":"PropertyValueSpecification","valueRequired":true,"valueName":"search_term_string"}}],"inLanguage":"es"},{"@type":"Organization","@id":"https:\/\/informelitoral.com.ar\/#organization","name":"Informe Litoral","url":"https:\/\/informelitoral.com.ar\/","logo":{"@type":"ImageObject","inLanguage":"es","@id":"https:\/\/informelitoral.com.ar\/#\/schema\/logo\/image\/","url":"https:\/\/informelitoral.com.ar\/%77%70%2d%63%6f%6e%74%65%6e%74\/uploads\/2021\/01\/circulo.png","contentUrl":"https:\/\/informelitoral.com.ar\/%77%70%2d%63%6f%6e%74%65%6e%74\/uploads\/2021\/01\/circulo.png","width":723,"height":731,"caption":"Informe Litoral"},"image":{"@id":"https:\/\/informelitoral.com.ar\/#\/schema\/logo\/image\/"},"sameAs":["https:\/\/www.facebook.com\/informelitoral\/","https:\/\/x.com\/InformeLitoral","https:\/\/www.instagram.com\/informelitoral\/","https:\/\/www.youtube.com\/channel\/UCua4Qvz8Icb6MYqhoq9xLXw"]},{"@type":"Person","@id":"https:\/\/informelitoral.com.ar\/#\/schema\/person\/b9d00407c836482871ef1d57bf8e3180","name":"Gonzalo Schmidt","image":{"@type":"ImageObject","inLanguage":"es","@id":"https:\/\/secure.gravatar.com\/avatar\/31a1a7b66ff2de83bd0e9fd79d026630d2d99e55e8bfe501287647b4fd9743de?s=96&d=mm&r=g","url":"https:\/\/secure.gravatar.com\/avatar\/31a1a7b66ff2de83bd0e9fd79d026630d2d99e55e8bfe501287647b4fd9743de?s=96&d=mm&r=g","contentUrl":"https:\/\/secure.gravatar.com\/avatar\/31a1a7b66ff2de83bd0e9fd79d026630d2d99e55e8bfe501287647b4fd9743de?s=96&d=mm&r=g","caption":"Gonzalo Schmidt"},"description":"Sitio web de noticias de la provincia de Entre R\u00edos, Argentina. Informaci\u00f3n y entretenimiento. Informe Litoral, nos informamos.","sameAs":["http:\/\/www.isletasnoticias.com.ar"],"url":"https:\/\/informelitoral.com.ar\/author\/gonzalo\/"}]}},"_links":{"self":[{"href":"https:\/\/informelitoral.com.ar\/%77%70%2d%6a%73%6f%6e\/wp\/v2\/posts\/58741","targetHints":{"allow":["GET"]}}],"collection":[{"href":"https:\/\/informelitoral.com.ar\/%77%70%2d%6a%73%6f%6e\/wp\/v2\/posts"}],"about":[{"href":"https:\/\/informelitoral.com.ar\/%77%70%2d%6a%73%6f%6e\/wp\/v2\/types\/post"}],"author":[{"embeddable":true,"href":"https:\/\/informelitoral.com.ar\/%77%70%2d%6a%73%6f%6e\/wp\/v2\/users\/2"}],"replies":[{"embeddable":true,"href":"https:\/\/informelitoral.com.ar\/%77%70%2d%6a%73%6f%6e\/wp\/v2\/comments?post=58741"}],"version-history":[{"count":0,"href":"https:\/\/informelitoral.com.ar\/%77%70%2d%6a%73%6f%6e\/wp\/v2\/posts\/58741\/revisions"}],"wp:featuredmedia":[{"embeddable":true,"href":"https:\/\/informelitoral.com.ar\/%77%70%2d%6a%73%6f%6e\/wp\/v2\/media\/58742"}],"wp:attachment":[{"href":"https:\/\/informelitoral.com.ar\/%77%70%2d%6a%73%6f%6e\/wp\/v2\/media?parent=58741"}],"wp:term":[{"taxonomy":"category","embeddable":true,"href":"https:\/\/informelitoral.com.ar\/%77%70%2d%6a%73%6f%6e\/wp\/v2\/categories?post=58741"},{"taxonomy":"post_tag","embeddable":true,"href":"https:\/\/informelitoral.com.ar\/%77%70%2d%6a%73%6f%6e\/wp\/v2\/tags?post=58741"}],"curies":[{"name":"wp","href":"https:\/\/api.w.org\/{rel}","templated":true}]}}