{"id":58610,"date":"2021-04-10T20:45:06","date_gmt":"2021-04-10T23:45:06","guid":{"rendered":"https:\/\/www.informelitoral.com.ar\/?p=58610"},"modified":"2021-04-10T20:50:22","modified_gmt":"2021-04-10T23:50:22","slug":"funcionarios-de-general-ramirez-realizaron-gestiones-en-la-caja-de-jubilaciones-y-el-iapv","status":"publish","type":"post","link":"https:\/\/informelitoral.com.ar\/funcionarios-de-general-ramirez-realizaron-gestiones-en-la-caja-de-jubilaciones-y-el-iapv\/","title":{"rendered":"Funcionarios de General Ram\u00edrez realizaron gestiones en la Caja de Jubilaciones y el IAPV"},"content":{"rendered":"<p>El intendente de General Ram\u00edrez, <strong>Gustavo Jos\u00e9 Vergara,<\/strong> acompa\u00f1ado por el secretario de Gobierno,<strong> Pablo Omarini<\/strong> y el director de asuntos Jur\u00eddicos,<strong> Pablo de Iriondo<\/strong> viaj\u00f3 a Paran\u00e1 para realizar <strong>gestiones ante la Caja de Jubilaciones<\/strong> y el <strong>Instituto Aut\u00e1rquico Provincial de la Vivienda -IAPV-.<\/strong><\/p>\n<figure id=\"attachment_58613\" aria-describedby=\"caption-attachment-58613\" style=\"width: 696px\" class=\"wp-caption aligncenter\"><img loading=\"lazy\" decoding=\"async\" class=\"wp-image-58613 size-large\" src=\"https:\/\/www.informelitoral.com.ar\/%77%70%2d%63%6f%6e%74%65%6e%74\/uploads\/2021\/04\/171901592_1903489419801971_6191312940162571667_n-1024x683.jpg\" alt=\"\" width=\"696\" height=\"464\" srcset=\"https:\/\/informelitoral.com.ar\/%77%70%2d%63%6f%6e%74%65%6e%74\/uploads\/2021\/04\/171901592_1903489419801971_6191312940162571667_n-1024x683.jpg 1024w, https:\/\/informelitoral.com.ar\/%77%70%2d%63%6f%6e%74%65%6e%74\/uploads\/2021\/04\/171901592_1903489419801971_6191312940162571667_n-300x200.jpg 300w, https:\/\/informelitoral.com.ar\/%77%70%2d%63%6f%6e%74%65%6e%74\/uploads\/2021\/04\/171901592_1903489419801971_6191312940162571667_n-768x512.jpg 768w, https:\/\/informelitoral.com.ar\/%77%70%2d%63%6f%6e%74%65%6e%74\/uploads\/2021\/04\/171901592_1903489419801971_6191312940162571667_n-1536x1024.jpg 1536w, https:\/\/informelitoral.com.ar\/%77%70%2d%63%6f%6e%74%65%6e%74\/uploads\/2021\/04\/171901592_1903489419801971_6191312940162571667_n-696x464.jpg 696w, https:\/\/informelitoral.com.ar\/%77%70%2d%63%6f%6e%74%65%6e%74\/uploads\/2021\/04\/171901592_1903489419801971_6191312940162571667_n-1068x712.jpg 1068w, https:\/\/informelitoral.com.ar\/%77%70%2d%63%6f%6e%74%65%6e%74\/uploads\/2021\/04\/171901592_1903489419801971_6191312940162571667_n-630x420.jpg 630w, https:\/\/informelitoral.com.ar\/%77%70%2d%63%6f%6e%74%65%6e%74\/uploads\/2021\/04\/171901592_1903489419801971_6191312940162571667_n.jpg 1620w\" sizes=\"auto, (max-width: 696px) 100vw, 696px\" \/><figcaption id=\"caption-attachment-58613\" class=\"wp-caption-text\">Vergara, Omarini y de Iriondo junto al titular de la Caja de Jubilaciones, Edgardo Scarione.<\/figcaption><\/figure>\n<p><span style=\"background-color: #ffff00;\"><strong>Qu\u00e9 gestionaron en la Caja de Jubilaciones\u00a0<\/strong><\/span><\/p>\n<p>En el encuentro con el presidente de la Caja de Jubilaciones de la Provincia, <strong>Edgardo Scarione<\/strong>, los funcionarios ramirenses <strong>lo interiorizaron sobre los tr\u00e1mites de trabajadores municipales que est\u00e1n a la espera de recibir el beneficio de la jubilaci\u00f3n<\/strong>. Tambi\u00e9n repasaron temas de la agenda com\u00fan entre ambas organizaciones gubernamentales.<\/p>\n<p><span style=\"background-color: #ffff00;\"><strong>El pedido ante el IAPV\u00a0<\/strong><\/span><\/p>\n<p>La otra entrevista se desarroll\u00f3 con el titular del Instituto Aut\u00e1rquico Provincial de la Vivienda -IAPV-, <strong>Marcelo Bisogni<\/strong>. En la oportunidad, trataron dos temas:<strong> solicitaron viviendas para Ram\u00edrez para las cuales cualquier vecino pueda inscribirse y salir sorteado<\/strong>. Desde el municipio ramirense <strong>se comprometieron a trabajar en la obtenci\u00f3n de un terreno<\/strong> con las condiciones propicias para poder encarar la obra.<\/p>\n<figure id=\"attachment_58611\" aria-describedby=\"caption-attachment-58611\" style=\"width: 696px\" class=\"wp-caption aligncenter\"><img loading=\"lazy\" decoding=\"async\" class=\"wp-image-58611 size-large\" src=\"https:\/\/www.informelitoral.com.ar\/%77%70%2d%63%6f%6e%74%65%6e%74\/uploads\/2021\/04\/171544776_1903489316468648_88967448722195805_n-1024x683.jpg\" alt=\"\" width=\"696\" height=\"464\" srcset=\"https:\/\/informelitoral.com.ar\/%77%70%2d%63%6f%6e%74%65%6e%74\/uploads\/2021\/04\/171544776_1903489316468648_88967448722195805_n-1024x683.jpg 1024w, https:\/\/informelitoral.com.ar\/%77%70%2d%63%6f%6e%74%65%6e%74\/uploads\/2021\/04\/171544776_1903489316468648_88967448722195805_n-300x200.jpg 300w, https:\/\/informelitoral.com.ar\/%77%70%2d%63%6f%6e%74%65%6e%74\/uploads\/2021\/04\/171544776_1903489316468648_88967448722195805_n-768x512.jpg 768w, https:\/\/informelitoral.com.ar\/%77%70%2d%63%6f%6e%74%65%6e%74\/uploads\/2021\/04\/171544776_1903489316468648_88967448722195805_n-1536x1024.jpg 1536w, https:\/\/informelitoral.com.ar\/%77%70%2d%63%6f%6e%74%65%6e%74\/uploads\/2021\/04\/171544776_1903489316468648_88967448722195805_n-696x464.jpg 696w, https:\/\/informelitoral.com.ar\/%77%70%2d%63%6f%6e%74%65%6e%74\/uploads\/2021\/04\/171544776_1903489316468648_88967448722195805_n-1068x712.jpg 1068w, https:\/\/informelitoral.com.ar\/%77%70%2d%63%6f%6e%74%65%6e%74\/uploads\/2021\/04\/171544776_1903489316468648_88967448722195805_n-630x420.jpg 630w, https:\/\/informelitoral.com.ar\/%77%70%2d%63%6f%6e%74%65%6e%74\/uploads\/2021\/04\/171544776_1903489316468648_88967448722195805_n.jpg 2048w\" sizes=\"auto, (max-width: 696px) 100vw, 696px\" \/><figcaption id=\"caption-attachment-58611\" class=\"wp-caption-text\">El intendente, Gustavo Vergara junto a Marcelo Bisogni, presidente del IAPV.<\/figcaption><\/figure>\n<p>En segundo lugar, respecto a las <strong>10 viviendas gestionadas para empleados municipales,<\/strong> repasaron el estado del<strong> tr\u00e1mite que se encuentra muy avanzado y pr\u00f3ximo a ser licitado.<\/strong><\/p>\n","protected":false},"excerpt":{"rendered":"<p>Gustavo Vergara, Pablo Omarini y Pablo de Iriondo viajaron a Paran\u00e1 y se reunieron con el presidente de la Caja de Jubilaciones, Edgardo Scarione y el titular del IAPV, Marcelo Bisogni. Detalles sobre qu\u00e9 gestionaron en las dos reparticiones provinciales. <\/p>\n","protected":false},"author":2,"featured_media":58614,"comment_status":"open","ping_status":"open","sticky":false,"template":"","format":"standard","meta":{"fifu_image_url":"","fifu_image_alt":"","footnotes":""},"categories":[5],"tags":[556,2109,263,111,1433,201,27],"class_list":{"0":"post-58610","1":"post","2":"type-post","3":"status-publish","4":"format-standard","5":"has-post-thumbnail","7":"category-zonales","8":"tag-general-ramirez","9":"tag-gestion","10":"tag-gustavo-vergara","11":"tag-municipales","12":"tag-municipalidad-de-general-ramirez","13":"tag-municipios","14":"tag-ramirez"},"yoast_head":"<title>Funcionarios de General Ram\u00edrez realizaron gestiones en la Caja de Jubilaciones y el IAPV - Informe Litoral<\/title>\n<meta name=\"robots\" content=\"index, follow, max-snippet:-1, max-image-preview:large, max-video-preview:-1\" \/>\n<link rel=\"canonical\" href=\"https:\/\/informelitoral.com.ar\/funcionarios-de-general-ramirez-realizaron-gestiones-en-la-caja-de-jubilaciones-y-el-iapv\/\" \/>\n<meta property=\"og:locale\" content=\"es_ES\" \/>\n<meta property=\"og:type\" content=\"article\" \/>\n<meta property=\"og:title\" content=\"Funcionarios de General Ram\u00edrez realizaron gestiones en la Caja de Jubilaciones y el IAPV - Informe Litoral\" \/>\n<meta property=\"og:description\" content=\"Gustavo Vergara, Pablo Omarini y Pablo de Iriondo viajaron a Paran\u00e1 y se reunieron con el presidente de la Caja de Jubilaciones, Edgardo Scarione y el titular del IAPV, Marcelo Bisogni. Detalles sobre qu\u00e9 gestionaron en las dos reparticiones provinciales.\" \/>\n<meta property=\"og:url\" content=\"https:\/\/informelitoral.com.ar\/funcionarios-de-general-ramirez-realizaron-gestiones-en-la-caja-de-jubilaciones-y-el-iapv\/\" \/>\n<meta property=\"og:site_name\" content=\"Informe Litoral\" \/>\n<meta property=\"article:publisher\" content=\"https:\/\/www.facebook.com\/informelitoral\/\" \/>\n<meta property=\"article:published_time\" content=\"2021-04-10T23:45:06+00:00\" \/>\n<meta property=\"article:modified_time\" content=\"2021-04-10T23:50:22+00:00\" \/>\n<meta property=\"og:image\" content=\"https:\/\/informelitoral.com.ar\/%77%70%2d%63%6f%6e%74%65%6e%74\/uploads\/2021\/04\/172300838_1903489309801982_8380271918746487764_n.jpg\" \/>\n\t<meta property=\"og:image:width\" content=\"2048\" \/>\n\t<meta property=\"og:image:height\" content=\"1365\" \/>\n\t<meta property=\"og:image:type\" content=\"image\/jpeg\" \/>\n<meta name=\"author\" content=\"Gonzalo Schmidt\" \/>\n<meta name=\"twitter:card\" content=\"summary_large_image\" \/>\n<meta name=\"twitter:creator\" content=\"@InformeLitoral\" \/>\n<meta name=\"twitter:site\" content=\"@InformeLitoral\" \/>\n<meta name=\"twitter:label1\" content=\"Escrito por\" \/>\n\t<meta name=\"twitter:data1\" content=\"Gonzalo Schmidt\" \/>\n\t<meta name=\"twitter:label2\" content=\"Tiempo de lectura\" \/>\n\t<meta name=\"twitter:data2\" content=\"1 minuto\" \/>\n<script type=\"application\/ld+json\" class=\"yoast-schema-graph\">{\"@context\":\"https:\\\/\\\/schema.org\",\"@graph\":[{\"@type\":\"Article\",\"@id\":\"https:\\\/\\\/informelitoral.com.ar\\\/funcionarios-de-general-ramirez-realizaron-gestiones-en-la-caja-de-jubilaciones-y-el-iapv\\\/#article\",\"isPartOf\":{\"@id\":\"https:\\\/\\\/informelitoral.com.ar\\\/funcionarios-de-general-ramirez-realizaron-gestiones-en-la-caja-de-jubilaciones-y-el-iapv\\\/\"},\"author\":{\"name\":\"Gonzalo Schmidt\",\"@id\":\"https:\\\/\\\/informelitoral.com.ar\\\/#\\\/schema\\\/person\\\/b9d00407c836482871ef1d57bf8e3180\"},\"headline\":\"Funcionarios de General Ram\u00edrez realizaron gestiones en la Caja de Jubilaciones y el IAPV\",\"datePublished\":\"2021-04-10T23:45:06+00:00\",\"dateModified\":\"2021-04-10T23:50:22+00:00\",\"mainEntityOfPage\":{\"@id\":\"https:\\\/\\\/informelitoral.com.ar\\\/funcionarios-de-general-ramirez-realizaron-gestiones-en-la-caja-de-jubilaciones-y-el-iapv\\\/\"},\"wordCount\":263,\"commentCount\":0,\"publisher\":{\"@id\":\"https:\\\/\\\/informelitoral.com.ar\\\/#organization\"},\"image\":{\"@id\":\"https:\\\/\\\/informelitoral.com.ar\\\/funcionarios-de-general-ramirez-realizaron-gestiones-en-la-caja-de-jubilaciones-y-el-iapv\\\/#primaryimage\"},\"thumbnailUrl\":\"https:\\\/\\\/informelitoral.com.ar\\\/%77%70%2d%63%6f%6e%74%65%6e%74\\\/uploads\\\/2021\\\/04\\\/172300838_1903489309801982_8380271918746487764_n.jpg\",\"keywords\":[\"General Ram\u00edrez\",\"Gesti\u00f3n\",\"Gustavo Vergara\",\"Municipales\",\"Municipalidad de General Ram\u00edrez\",\"Municipios\",\"Ram\u00edrez\"],\"articleSection\":[\"Departamento Diamante\"],\"inLanguage\":\"es\",\"potentialAction\":[{\"@type\":\"CommentAction\",\"name\":\"Comment\",\"target\":[\"https:\\\/\\\/informelitoral.com.ar\\\/funcionarios-de-general-ramirez-realizaron-gestiones-en-la-caja-de-jubilaciones-y-el-iapv\\\/#respond\"]}]},{\"@type\":\"WebPage\",\"@id\":\"https:\\\/\\\/informelitoral.com.ar\\\/funcionarios-de-general-ramirez-realizaron-gestiones-en-la-caja-de-jubilaciones-y-el-iapv\\\/\",\"url\":\"https:\\\/\\\/informelitoral.com.ar\\\/funcionarios-de-general-ramirez-realizaron-gestiones-en-la-caja-de-jubilaciones-y-el-iapv\\\/\",\"name\":\"Funcionarios de General Ram\u00edrez realizaron gestiones en la Caja de Jubilaciones y el IAPV - Informe Litoral\",\"isPartOf\":{\"@id\":\"https:\\\/\\\/informelitoral.com.ar\\\/#website\"},\"primaryImageOfPage\":{\"@id\":\"https:\\\/\\\/informelitoral.com.ar\\\/funcionarios-de-general-ramirez-realizaron-gestiones-en-la-caja-de-jubilaciones-y-el-iapv\\\/#primaryimage\"},\"image\":{\"@id\":\"https:\\\/\\\/informelitoral.com.ar\\\/funcionarios-de-general-ramirez-realizaron-gestiones-en-la-caja-de-jubilaciones-y-el-iapv\\\/#primaryimage\"},\"thumbnailUrl\":\"https:\\\/\\\/informelitoral.com.ar\\\/%77%70%2d%63%6f%6e%74%65%6e%74\\\/uploads\\\/2021\\\/04\\\/172300838_1903489309801982_8380271918746487764_n.jpg\",\"datePublished\":\"2021-04-10T23:45:06+00:00\",\"dateModified\":\"2021-04-10T23:50:22+00:00\",\"breadcrumb\":{\"@id\":\"https:\\\/\\\/informelitoral.com.ar\\\/funcionarios-de-general-ramirez-realizaron-gestiones-en-la-caja-de-jubilaciones-y-el-iapv\\\/#breadcrumb\"},\"inLanguage\":\"es\",\"potentialAction\":[{\"@type\":\"ReadAction\",\"target\":[\"https:\\\/\\\/informelitoral.com.ar\\\/funcionarios-de-general-ramirez-realizaron-gestiones-en-la-caja-de-jubilaciones-y-el-iapv\\\/\"]}]},{\"@type\":\"ImageObject\",\"inLanguage\":\"es\",\"@id\":\"https:\\\/\\\/informelitoral.com.ar\\\/funcionarios-de-general-ramirez-realizaron-gestiones-en-la-caja-de-jubilaciones-y-el-iapv\\\/#primaryimage\",\"url\":\"https:\\\/\\\/informelitoral.com.ar\\\/%77%70%2d%63%6f%6e%74%65%6e%74\\\/uploads\\\/2021\\\/04\\\/172300838_1903489309801982_8380271918746487764_n.jpg\",\"contentUrl\":\"https:\\\/\\\/informelitoral.com.ar\\\/%77%70%2d%63%6f%6e%74%65%6e%74\\\/uploads\\\/2021\\\/04\\\/172300838_1903489309801982_8380271918746487764_n.jpg\",\"width\":2048,\"height\":1365},{\"@type\":\"BreadcrumbList\",\"@id\":\"https:\\\/\\\/informelitoral.com.ar\\\/funcionarios-de-general-ramirez-realizaron-gestiones-en-la-caja-de-jubilaciones-y-el-iapv\\\/#breadcrumb\",\"itemListElement\":[{\"@type\":\"ListItem\",\"position\":1,\"name\":\"Portada\",\"item\":\"https:\\\/\\\/informelitoral.com.ar\\\/\"},{\"@type\":\"ListItem\",\"position\":2,\"name\":\"Funcionarios de General Ram\u00edrez realizaron gestiones en la Caja de Jubilaciones y el IAPV\"}]},{\"@type\":\"WebSite\",\"@id\":\"https:\\\/\\\/informelitoral.com.ar\\\/#website\",\"url\":\"https:\\\/\\\/informelitoral.com.ar\\\/\",\"name\":\"Informe Litoral\",\"description\":\"&quot;Nos informamos&quot; \",\"publisher\":{\"@id\":\"https:\\\/\\\/informelitoral.com.ar\\\/#organization\"},\"potentialAction\":[{\"@type\":\"SearchAction\",\"target\":{\"@type\":\"EntryPoint\",\"urlTemplate\":\"https:\\\/\\\/informelitoral.com.ar\\\/?s={search_term_string}\"},\"query-input\":{\"@type\":\"PropertyValueSpecification\",\"valueRequired\":true,\"valueName\":\"search_term_string\"}}],\"inLanguage\":\"es\"},{\"@type\":\"Organization\",\"@id\":\"https:\\\/\\\/informelitoral.com.ar\\\/#organization\",\"name\":\"Informe Litoral\",\"url\":\"https:\\\/\\\/informelitoral.com.ar\\\/\",\"logo\":{\"@type\":\"ImageObject\",\"inLanguage\":\"es\",\"@id\":\"https:\\\/\\\/informelitoral.com.ar\\\/#\\\/schema\\\/logo\\\/image\\\/\",\"url\":\"https:\\\/\\\/informelitoral.com.ar\\\/%77%70%2d%63%6f%6e%74%65%6e%74\\\/uploads\\\/2021\\\/01\\\/circulo.png\",\"contentUrl\":\"https:\\\/\\\/informelitoral.com.ar\\\/%77%70%2d%63%6f%6e%74%65%6e%74\\\/uploads\\\/2021\\\/01\\\/circulo.png\",\"width\":723,\"height\":731,\"caption\":\"Informe Litoral\"},\"image\":{\"@id\":\"https:\\\/\\\/informelitoral.com.ar\\\/#\\\/schema\\\/logo\\\/image\\\/\"},\"sameAs\":[\"https:\\\/\\\/www.facebook.com\\\/informelitoral\\\/\",\"https:\\\/\\\/x.com\\\/InformeLitoral\",\"https:\\\/\\\/www.instagram.com\\\/informelitoral\\\/\",\"https:\\\/\\\/www.youtube.com\\\/channel\\\/UCua4Qvz8Icb6MYqhoq9xLXw\"]},{\"@type\":\"Person\",\"@id\":\"https:\\\/\\\/informelitoral.com.ar\\\/#\\\/schema\\\/person\\\/b9d00407c836482871ef1d57bf8e3180\",\"name\":\"Gonzalo Schmidt\",\"image\":{\"@type\":\"ImageObject\",\"inLanguage\":\"es\",\"@id\":\"https:\\\/\\\/secure.gravatar.com\\\/avatar\\\/31a1a7b66ff2de83bd0e9fd79d026630d2d99e55e8bfe501287647b4fd9743de?s=96&d=mm&r=g\",\"url\":\"https:\\\/\\\/secure.gravatar.com\\\/avatar\\\/31a1a7b66ff2de83bd0e9fd79d026630d2d99e55e8bfe501287647b4fd9743de?s=96&d=mm&r=g\",\"contentUrl\":\"https:\\\/\\\/secure.gravatar.com\\\/avatar\\\/31a1a7b66ff2de83bd0e9fd79d026630d2d99e55e8bfe501287647b4fd9743de?s=96&d=mm&r=g\",\"caption\":\"Gonzalo Schmidt\"},\"description\":\"Sitio web de noticias de la provincia de Entre R\u00edos, Argentina. Informaci\u00f3n y entretenimiento. Informe Litoral, nos informamos.\",\"sameAs\":[\"http:\\\/\\\/www.isletasnoticias.com.ar\"],\"url\":\"https:\\\/\\\/informelitoral.com.ar\\\/author\\\/gonzalo\\\/\"}]}<\/script>","yoast_head_json":{"title":"Funcionarios de General Ram\u00edrez realizaron gestiones en la Caja de Jubilaciones y el IAPV - Informe Litoral","robots":{"index":"index","follow":"follow","max-snippet":"max-snippet:-1","max-image-preview":"max-image-preview:large","max-video-preview":"max-video-preview:-1"},"canonical":"https:\/\/informelitoral.com.ar\/funcionarios-de-general-ramirez-realizaron-gestiones-en-la-caja-de-jubilaciones-y-el-iapv\/","og_locale":"es_ES","og_type":"article","og_title":"Funcionarios de General Ram\u00edrez realizaron gestiones en la Caja de Jubilaciones y el IAPV - Informe Litoral","og_description":"Gustavo Vergara, Pablo Omarini y Pablo de Iriondo viajaron a Paran\u00e1 y se reunieron con el presidente de la Caja de Jubilaciones, Edgardo Scarione y el titular del IAPV, Marcelo Bisogni. Detalles sobre qu\u00e9 gestionaron en las dos reparticiones provinciales.","og_url":"https:\/\/informelitoral.com.ar\/funcionarios-de-general-ramirez-realizaron-gestiones-en-la-caja-de-jubilaciones-y-el-iapv\/","og_site_name":"Informe Litoral","article_publisher":"https:\/\/www.facebook.com\/informelitoral\/","article_published_time":"2021-04-10T23:45:06+00:00","article_modified_time":"2021-04-10T23:50:22+00:00","og_image":[{"width":2048,"height":1365,"url":"https:\/\/informelitoral.com.ar\/%77%70%2d%63%6f%6e%74%65%6e%74\/uploads\/2021\/04\/172300838_1903489309801982_8380271918746487764_n.jpg","type":"image\/jpeg"}],"author":"Gonzalo Schmidt","twitter_card":"summary_large_image","twitter_creator":"@InformeLitoral","twitter_site":"@InformeLitoral","twitter_misc":{"Escrito por":"Gonzalo Schmidt","Tiempo de lectura":"1 minuto"},"schema":{"@context":"https:\/\/schema.org","@graph":[{"@type":"Article","@id":"https:\/\/informelitoral.com.ar\/funcionarios-de-general-ramirez-realizaron-gestiones-en-la-caja-de-jubilaciones-y-el-iapv\/#article","isPartOf":{"@id":"https:\/\/informelitoral.com.ar\/funcionarios-de-general-ramirez-realizaron-gestiones-en-la-caja-de-jubilaciones-y-el-iapv\/"},"author":{"name":"Gonzalo Schmidt","@id":"https:\/\/informelitoral.com.ar\/#\/schema\/person\/b9d00407c836482871ef1d57bf8e3180"},"headline":"Funcionarios de General Ram\u00edrez realizaron gestiones en la Caja de Jubilaciones y el IAPV","datePublished":"2021-04-10T23:45:06+00:00","dateModified":"2021-04-10T23:50:22+00:00","mainEntityOfPage":{"@id":"https:\/\/informelitoral.com.ar\/funcionarios-de-general-ramirez-realizaron-gestiones-en-la-caja-de-jubilaciones-y-el-iapv\/"},"wordCount":263,"commentCount":0,"publisher":{"@id":"https:\/\/informelitoral.com.ar\/#organization"},"image":{"@id":"https:\/\/informelitoral.com.ar\/funcionarios-de-general-ramirez-realizaron-gestiones-en-la-caja-de-jubilaciones-y-el-iapv\/#primaryimage"},"thumbnailUrl":"https:\/\/informelitoral.com.ar\/%77%70%2d%63%6f%6e%74%65%6e%74\/uploads\/2021\/04\/172300838_1903489309801982_8380271918746487764_n.jpg","keywords":["General Ram\u00edrez","Gesti\u00f3n","Gustavo Vergara","Municipales","Municipalidad de General Ram\u00edrez","Municipios","Ram\u00edrez"],"articleSection":["Departamento Diamante"],"inLanguage":"es","potentialAction":[{"@type":"CommentAction","name":"Comment","target":["https:\/\/informelitoral.com.ar\/funcionarios-de-general-ramirez-realizaron-gestiones-en-la-caja-de-jubilaciones-y-el-iapv\/#respond"]}]},{"@type":"WebPage","@id":"https:\/\/informelitoral.com.ar\/funcionarios-de-general-ramirez-realizaron-gestiones-en-la-caja-de-jubilaciones-y-el-iapv\/","url":"https:\/\/informelitoral.com.ar\/funcionarios-de-general-ramirez-realizaron-gestiones-en-la-caja-de-jubilaciones-y-el-iapv\/","name":"Funcionarios de General Ram\u00edrez realizaron gestiones en la Caja de Jubilaciones y el IAPV - Informe Litoral","isPartOf":{"@id":"https:\/\/informelitoral.com.ar\/#website"},"primaryImageOfPage":{"@id":"https:\/\/informelitoral.com.ar\/funcionarios-de-general-ramirez-realizaron-gestiones-en-la-caja-de-jubilaciones-y-el-iapv\/#primaryimage"},"image":{"@id":"https:\/\/informelitoral.com.ar\/funcionarios-de-general-ramirez-realizaron-gestiones-en-la-caja-de-jubilaciones-y-el-iapv\/#primaryimage"},"thumbnailUrl":"https:\/\/informelitoral.com.ar\/%77%70%2d%63%6f%6e%74%65%6e%74\/uploads\/2021\/04\/172300838_1903489309801982_8380271918746487764_n.jpg","datePublished":"2021-04-10T23:45:06+00:00","dateModified":"2021-04-10T23:50:22+00:00","breadcrumb":{"@id":"https:\/\/informelitoral.com.ar\/funcionarios-de-general-ramirez-realizaron-gestiones-en-la-caja-de-jubilaciones-y-el-iapv\/#breadcrumb"},"inLanguage":"es","potentialAction":[{"@type":"ReadAction","target":["https:\/\/informelitoral.com.ar\/funcionarios-de-general-ramirez-realizaron-gestiones-en-la-caja-de-jubilaciones-y-el-iapv\/"]}]},{"@type":"ImageObject","inLanguage":"es","@id":"https:\/\/informelitoral.com.ar\/funcionarios-de-general-ramirez-realizaron-gestiones-en-la-caja-de-jubilaciones-y-el-iapv\/#primaryimage","url":"https:\/\/informelitoral.com.ar\/%77%70%2d%63%6f%6e%74%65%6e%74\/uploads\/2021\/04\/172300838_1903489309801982_8380271918746487764_n.jpg","contentUrl":"https:\/\/informelitoral.com.ar\/%77%70%2d%63%6f%6e%74%65%6e%74\/uploads\/2021\/04\/172300838_1903489309801982_8380271918746487764_n.jpg","width":2048,"height":1365},{"@type":"BreadcrumbList","@id":"https:\/\/informelitoral.com.ar\/funcionarios-de-general-ramirez-realizaron-gestiones-en-la-caja-de-jubilaciones-y-el-iapv\/#breadcrumb","itemListElement":[{"@type":"ListItem","position":1,"name":"Portada","item":"https:\/\/informelitoral.com.ar\/"},{"@type":"ListItem","position":2,"name":"Funcionarios de General Ram\u00edrez realizaron gestiones en la Caja de Jubilaciones y el IAPV"}]},{"@type":"WebSite","@id":"https:\/\/informelitoral.com.ar\/#website","url":"https:\/\/informelitoral.com.ar\/","name":"Informe Litoral","description":"&quot;Nos informamos&quot; ","publisher":{"@id":"https:\/\/informelitoral.com.ar\/#organization"},"potentialAction":[{"@type":"SearchAction","target":{"@type":"EntryPoint","urlTemplate":"https:\/\/informelitoral.com.ar\/?s={search_term_string}"},"query-input":{"@type":"PropertyValueSpecification","valueRequired":true,"valueName":"search_term_string"}}],"inLanguage":"es"},{"@type":"Organization","@id":"https:\/\/informelitoral.com.ar\/#organization","name":"Informe Litoral","url":"https:\/\/informelitoral.com.ar\/","logo":{"@type":"ImageObject","inLanguage":"es","@id":"https:\/\/informelitoral.com.ar\/#\/schema\/logo\/image\/","url":"https:\/\/informelitoral.com.ar\/%77%70%2d%63%6f%6e%74%65%6e%74\/uploads\/2021\/01\/circulo.png","contentUrl":"https:\/\/informelitoral.com.ar\/%77%70%2d%63%6f%6e%74%65%6e%74\/uploads\/2021\/01\/circulo.png","width":723,"height":731,"caption":"Informe Litoral"},"image":{"@id":"https:\/\/informelitoral.com.ar\/#\/schema\/logo\/image\/"},"sameAs":["https:\/\/www.facebook.com\/informelitoral\/","https:\/\/x.com\/InformeLitoral","https:\/\/www.instagram.com\/informelitoral\/","https:\/\/www.youtube.com\/channel\/UCua4Qvz8Icb6MYqhoq9xLXw"]},{"@type":"Person","@id":"https:\/\/informelitoral.com.ar\/#\/schema\/person\/b9d00407c836482871ef1d57bf8e3180","name":"Gonzalo Schmidt","image":{"@type":"ImageObject","inLanguage":"es","@id":"https:\/\/secure.gravatar.com\/avatar\/31a1a7b66ff2de83bd0e9fd79d026630d2d99e55e8bfe501287647b4fd9743de?s=96&d=mm&r=g","url":"https:\/\/secure.gravatar.com\/avatar\/31a1a7b66ff2de83bd0e9fd79d026630d2d99e55e8bfe501287647b4fd9743de?s=96&d=mm&r=g","contentUrl":"https:\/\/secure.gravatar.com\/avatar\/31a1a7b66ff2de83bd0e9fd79d026630d2d99e55e8bfe501287647b4fd9743de?s=96&d=mm&r=g","caption":"Gonzalo Schmidt"},"description":"Sitio web de noticias de la provincia de Entre R\u00edos, Argentina. Informaci\u00f3n y entretenimiento. Informe Litoral, nos informamos.","sameAs":["http:\/\/www.isletasnoticias.com.ar"],"url":"https:\/\/informelitoral.com.ar\/author\/gonzalo\/"}]}},"_links":{"self":[{"href":"https:\/\/informelitoral.com.ar\/%77%70%2d%6a%73%6f%6e\/wp\/v2\/posts\/58610","targetHints":{"allow":["GET"]}}],"collection":[{"href":"https:\/\/informelitoral.com.ar\/%77%70%2d%6a%73%6f%6e\/wp\/v2\/posts"}],"about":[{"href":"https:\/\/informelitoral.com.ar\/%77%70%2d%6a%73%6f%6e\/wp\/v2\/types\/post"}],"author":[{"embeddable":true,"href":"https:\/\/informelitoral.com.ar\/%77%70%2d%6a%73%6f%6e\/wp\/v2\/users\/2"}],"replies":[{"embeddable":true,"href":"https:\/\/informelitoral.com.ar\/%77%70%2d%6a%73%6f%6e\/wp\/v2\/comments?post=58610"}],"version-history":[{"count":0,"href":"https:\/\/informelitoral.com.ar\/%77%70%2d%6a%73%6f%6e\/wp\/v2\/posts\/58610\/revisions"}],"wp:featuredmedia":[{"embeddable":true,"href":"https:\/\/informelitoral.com.ar\/%77%70%2d%6a%73%6f%6e\/wp\/v2\/media\/58614"}],"wp:attachment":[{"href":"https:\/\/informelitoral.com.ar\/%77%70%2d%6a%73%6f%6e\/wp\/v2\/media?parent=58610"}],"wp:term":[{"taxonomy":"category","embeddable":true,"href":"https:\/\/informelitoral.com.ar\/%77%70%2d%6a%73%6f%6e\/wp\/v2\/categories?post=58610"},{"taxonomy":"post_tag","embeddable":true,"href":"https:\/\/informelitoral.com.ar\/%77%70%2d%6a%73%6f%6e\/wp\/v2\/tags?post=58610"}],"curies":[{"name":"wp","href":"https:\/\/api.w.org\/{rel}","templated":true}]}}