{"id":5850,"date":"2014-02-26T17:34:42","date_gmt":"2014-02-26T20:34:42","guid":{"rendered":"http:\/\/www.isletasnoticias.com.ar\/?p=5850"},"modified":"2014-02-26T17:38:44","modified_gmt":"2014-02-26T20:38:44","slug":"para-kramer-el-enripiado-del-camino-isletas-crespo-fortalecera-el-circuito-productivo","status":"publish","type":"post","link":"https:\/\/informelitoral.com.ar\/para-kramer-el-enripiado-del-camino-isletas-crespo-fortalecera-el-circuito-productivo\/","title":{"rendered":"Para Kr\u00e4mer el enripiado del camino Isletas &#8211; Crespo \u201cfortalecer\u00e1 el circuito productivo\u201d"},"content":{"rendered":"<p><b>En declaraciones a <i>ISLETAS NOTICIAS<\/i>, el senador <i>Daniel Kr\u00e4mer<\/i>, valor\u00f3 que la obra permitir\u00e1 fortalecer los v\u00ednculos entre los productores y el traslado de la producci\u00f3n entre Crespo, Isletas, Ram\u00edrez y Costa Grande. El legislador tambi\u00e9n adelant\u00f3 que se gestiona el embrozado de un tramo del camino de tierra Isletas \u2013 Ram\u00edrez. En el orden pol\u00edtico destac\u00f3 la postulaci\u00f3n de Urribarri, aunque evit\u00f3 hablar de su propio futuro pol\u00edtico.<\/b><\/p>\n<p style=\"text-align: left;\" align=\"center\"><a href=\"http:\/\/www.isletasnoticias.com.ar\/%77%70%2d%63%6f%6e%74%65%6e%74\/uploads\/2014\/02\/Foto0892.jpg\"><img loading=\"lazy\" decoding=\"async\" class=\"aligncenter size-medium wp-image-5836\" alt=\"Foto0892\" src=\"http:\/\/www.isletasnoticias.com.ar\/%77%70%2d%63%6f%6e%74%65%6e%74\/uploads\/2014\/02\/Foto0892-300x225.jpg\" width=\"300\" height=\"225\" srcset=\"https:\/\/informelitoral.com.ar\/%77%70%2d%63%6f%6e%74%65%6e%74\/uploads\/2014\/02\/Foto0892-300x225.jpg 300w, https:\/\/informelitoral.com.ar\/%77%70%2d%63%6f%6e%74%65%6e%74\/uploads\/2014\/02\/Foto0892-1024x768.jpg 1024w, https:\/\/informelitoral.com.ar\/%77%70%2d%63%6f%6e%74%65%6e%74\/uploads\/2014\/02\/Foto0892.jpg 2048w\" sizes=\"auto, (max-width: 300px) 100vw, 300px\" \/><\/a>El senador por el departamento Diamante, <b>Daniel Ernesto Kr\u00e4mer<\/b>, quien estuvo presente durante el anuncio del enripiado del camino Isletas-Crespo, en declaraciones a <b><i>IN<\/i><\/b> destac\u00f3: \u201cestoy muy contento por la reuni\u00f3n que fue convocada por los productores y las autoridades de la Junta de Gobierno. Me siento satisfecho porque no dud\u00e9 nunca de la palabra del ingeniero Rodr\u00edguez y de esta forma se va a poder cumplir el anhelo de la gente de esta localidad\u201d, afirm\u00f3 el senador, al tiempo que remarc\u00f3: \u201cesos 23 km. van a permitir mejorar los v\u00ednculos entre los productores y fortalecer el circuito productivo crespo \u2013 Ram\u00edrez- Isletas y Costa Grande, que es una zona con un importante desarrollo de distintas actividades\u201d, sostuvo el legislador.<\/p>\n<p>Por otro lado, el ramirense aprovech\u00f3 para destacar las pol\u00edticas llevadas adelante por el gobierno de <b>Sergio Urribarri<\/b> y adelant\u00f3 otras gestiones que realiz\u00f3 para el departamento. \u201cNosotros vamos por m\u00e1s. En lo personal tengo muchas ganas de seguir laburando y hay dos a\u00f1os por delante. El camino de tierra Isletas \u2013 Ram\u00edrez (conocido por los vecinos como \u2018camino de abajo\u2019) tambi\u00e9n es un pedido que me hicieron los productores. Son alrededor de 11 o 12 km. y tenemos el compromiso de hacerlo embrozar y si se puede se pondr\u00e1 ripio en el futuro\u201d, anunci\u00f3 el ex intendente de Ram\u00edrez. De concretarse estas dos obras, la localidad tendr\u00eda la mayor\u00eda de sus caminos principales mejorados.<\/p>\n<p>En ese sentido, tambi\u00e9n record\u00f3 que en \u201cabril o mayo vamos a hacer el camino que une las dos ferias en Ram\u00edrez\u201d. Lo cual ya fue adelantado por el intendente <b>Edelmiro Kr\u00e4mer<\/b>, durante una conferencia de prensa que brind\u00f3 d\u00edas atr\u00e1s y es una obra esperada por productores, empresas y una cooperativa.<\/p>\n<p><b>Precandidatura de Urribarri<\/b><\/p>\n<p>Al ser consultado sobre la precandidatura presidencial de <b>Sergio Urribarri<\/b>, que en un primer momento fue comunicada a la liga de intendentes justicialistas e inmediatamente se hizo p\u00fablica, el senador departamental expres\u00f3: \u201ca m\u00ed no me asombra porque ya lo dije hace tiempo en algunos reportajes. Siempre dec\u00eda que lo que se ven\u00eda en la provincia iba a ser muy importante para los entrerrianos y nosotros vamos a estar trabajando y apoyando al gobernador\u201d, asegur\u00f3.<\/p>\n<p><b>&#8211;\u00bfEn 2015 va a ser candidato a intendente de Ram\u00edrez?<\/b><\/p>\n<p>&#8211;No lo he analizado todav\u00eda. La verdad que queda un mont\u00f3n de tiempo, hoy estoy pensando en ayudarlo a mi padre (por Edelmiro Kr\u00e4mer) en lo que \u00e9l me pida y a toda la gente con la que uno trabaja a diario. Hablar de candidaturas ser\u00eda inoportuno\u201d, concluy\u00f3 el senador.<\/p>\n","protected":false},"excerpt":{"rendered":"<p>En declaraciones a ISLETAS NOTICIAS, el senador Daniel Kr&auml;mer, valor&oacute; que la obra permitir&aacute; fortalecer los v&iacute;nculos entre los productores y el traslado de la producci&oacute;n entre Crespo, Isletas, Ram&iacute;rez y Costa Grande. El legislador tambi&eacute;n adelant&oacute; que se gestiona el embrozado de un tramo del camino de tierra Isletas &ndash; Ram&iacute;rez. En el orden [&hellip;]<\/p>\n","protected":false},"author":2,"featured_media":0,"comment_status":"open","ping_status":"open","sticky":false,"template":"","format":"standard","meta":{"fifu_image_url":"","fifu_image_alt":"","footnotes":""},"categories":[4,16],"tags":[],"class_list":{"0":"post-5850","1":"post","2":"type-post","3":"status-publish","4":"format-standard","6":"category-locales","7":"category-politi"},"yoast_head":"<title>Para Kr\u00e4mer el enripiado del camino Isletas - Crespo \u201cfortalecer\u00e1 el circuito productivo\u201d  - Informe Litoral<\/title>\n<meta name=\"robots\" content=\"index, follow, max-snippet:-1, max-image-preview:large, max-video-preview:-1\" \/>\n<link rel=\"canonical\" href=\"https:\/\/informelitoral.com.ar\/para-kramer-el-enripiado-del-camino-isletas-crespo-fortalecera-el-circuito-productivo\/\" \/>\n<meta property=\"og:locale\" content=\"es_ES\" \/>\n<meta property=\"og:type\" content=\"article\" \/>\n<meta property=\"og:title\" content=\"Para Kr\u00e4mer el enripiado del camino Isletas - Crespo \u201cfortalecer\u00e1 el circuito productivo\u201d  - Informe Litoral\" \/>\n<meta property=\"og:description\" content=\"En declaraciones a ISLETAS NOTICIAS, el senador Daniel Kr&auml;mer, valor&oacute; que la obra permitir&aacute; fortalecer los v&iacute;nculos entre los productores y el traslado de la producci&oacute;n entre Crespo, Isletas, Ram&iacute;rez y Costa Grande. El legislador tambi&eacute;n adelant&oacute; que se gestiona el embrozado de un tramo del camino de tierra Isletas &ndash; Ram&iacute;rez. En el orden [&hellip;]\" \/>\n<meta property=\"og:url\" content=\"https:\/\/informelitoral.com.ar\/para-kramer-el-enripiado-del-camino-isletas-crespo-fortalecera-el-circuito-productivo\/\" \/>\n<meta property=\"og:site_name\" content=\"Informe Litoral\" \/>\n<meta property=\"article:publisher\" content=\"https:\/\/www.facebook.com\/informelitoral\/\" \/>\n<meta property=\"article:published_time\" content=\"2014-02-26T20:34:42+00:00\" \/>\n<meta property=\"article:modified_time\" content=\"2014-02-26T20:38:44+00:00\" \/>\n<meta property=\"og:image\" content=\"https:\/\/informelitoral.com.ar\/%77%70%2d%63%6f%6e%74%65%6e%74\/uploads\/2014\/02\/Foto0892.jpg\" \/>\n\t<meta property=\"og:image:width\" content=\"2048\" \/>\n\t<meta property=\"og:image:height\" content=\"1536\" \/>\n\t<meta property=\"og:image:type\" content=\"image\/jpeg\" \/>\n<meta name=\"author\" content=\"Gonzalo Schmidt\" \/>\n<meta name=\"twitter:card\" content=\"summary_large_image\" \/>\n<meta name=\"twitter:creator\" content=\"@InformeLitoral\" \/>\n<meta name=\"twitter:site\" content=\"@InformeLitoral\" \/>\n<meta name=\"twitter:label1\" content=\"Escrito por\" \/>\n\t<meta name=\"twitter:data1\" content=\"Gonzalo Schmidt\" \/>\n\t<meta name=\"twitter:label2\" content=\"Tiempo de lectura\" \/>\n\t<meta name=\"twitter:data2\" content=\"3 minutos\" \/>\n<script type=\"application\/ld+json\" class=\"yoast-schema-graph\">{\"@context\":\"https:\\\/\\\/schema.org\",\"@graph\":[{\"@type\":\"Article\",\"@id\":\"https:\\\/\\\/informelitoral.com.ar\\\/para-kramer-el-enripiado-del-camino-isletas-crespo-fortalecera-el-circuito-productivo\\\/#article\",\"isPartOf\":{\"@id\":\"https:\\\/\\\/informelitoral.com.ar\\\/para-kramer-el-enripiado-del-camino-isletas-crespo-fortalecera-el-circuito-productivo\\\/\"},\"author\":{\"name\":\"Gonzalo Schmidt\",\"@id\":\"https:\\\/\\\/informelitoral.com.ar\\\/#\\\/schema\\\/person\\\/b9d00407c836482871ef1d57bf8e3180\"},\"headline\":\"Para Kr\u00e4mer el enripiado del camino Isletas &#8211; Crespo \u201cfortalecer\u00e1 el circuito productivo\u201d\",\"datePublished\":\"2014-02-26T20:34:42+00:00\",\"dateModified\":\"2014-02-26T20:38:44+00:00\",\"mainEntityOfPage\":{\"@id\":\"https:\\\/\\\/informelitoral.com.ar\\\/para-kramer-el-enripiado-del-camino-isletas-crespo-fortalecera-el-circuito-productivo\\\/\"},\"wordCount\":537,\"commentCount\":0,\"publisher\":{\"@id\":\"https:\\\/\\\/informelitoral.com.ar\\\/#organization\"},\"image\":{\"@id\":\"https:\\\/\\\/informelitoral.com.ar\\\/para-kramer-el-enripiado-del-camino-isletas-crespo-fortalecera-el-circuito-productivo\\\/#primaryimage\"},\"thumbnailUrl\":\"http:\\\/\\\/www.isletasnoticias.com.ar\\\/%77%70%2d%63%6f%6e%74%65%6e%74\\\/uploads\\\/2014\\\/02\\\/Foto0892-300x225.jpg\",\"articleSection\":[\"Isletas\",\"Politica\"],\"inLanguage\":\"es\",\"potentialAction\":[{\"@type\":\"CommentAction\",\"name\":\"Comment\",\"target\":[\"https:\\\/\\\/informelitoral.com.ar\\\/para-kramer-el-enripiado-del-camino-isletas-crespo-fortalecera-el-circuito-productivo\\\/#respond\"]}]},{\"@type\":\"WebPage\",\"@id\":\"https:\\\/\\\/informelitoral.com.ar\\\/para-kramer-el-enripiado-del-camino-isletas-crespo-fortalecera-el-circuito-productivo\\\/\",\"url\":\"https:\\\/\\\/informelitoral.com.ar\\\/para-kramer-el-enripiado-del-camino-isletas-crespo-fortalecera-el-circuito-productivo\\\/\",\"name\":\"Para Kr\u00e4mer el enripiado del camino Isletas - Crespo \u201cfortalecer\u00e1 el circuito productivo\u201d - Informe Litoral\",\"isPartOf\":{\"@id\":\"https:\\\/\\\/informelitoral.com.ar\\\/#website\"},\"primaryImageOfPage\":{\"@id\":\"https:\\\/\\\/informelitoral.com.ar\\\/para-kramer-el-enripiado-del-camino-isletas-crespo-fortalecera-el-circuito-productivo\\\/#primaryimage\"},\"image\":{\"@id\":\"https:\\\/\\\/informelitoral.com.ar\\\/para-kramer-el-enripiado-del-camino-isletas-crespo-fortalecera-el-circuito-productivo\\\/#primaryimage\"},\"thumbnailUrl\":\"http:\\\/\\\/www.isletasnoticias.com.ar\\\/%77%70%2d%63%6f%6e%74%65%6e%74\\\/uploads\\\/2014\\\/02\\\/Foto0892-300x225.jpg\",\"datePublished\":\"2014-02-26T20:34:42+00:00\",\"dateModified\":\"2014-02-26T20:38:44+00:00\",\"breadcrumb\":{\"@id\":\"https:\\\/\\\/informelitoral.com.ar\\\/para-kramer-el-enripiado-del-camino-isletas-crespo-fortalecera-el-circuito-productivo\\\/#breadcrumb\"},\"inLanguage\":\"es\",\"potentialAction\":[{\"@type\":\"ReadAction\",\"target\":[\"https:\\\/\\\/informelitoral.com.ar\\\/para-kramer-el-enripiado-del-camino-isletas-crespo-fortalecera-el-circuito-productivo\\\/\"]}]},{\"@type\":\"ImageObject\",\"inLanguage\":\"es\",\"@id\":\"https:\\\/\\\/informelitoral.com.ar\\\/para-kramer-el-enripiado-del-camino-isletas-crespo-fortalecera-el-circuito-productivo\\\/#primaryimage\",\"url\":\"http:\\\/\\\/www.isletasnoticias.com.ar\\\/%77%70%2d%63%6f%6e%74%65%6e%74\\\/uploads\\\/2014\\\/02\\\/Foto0892-300x225.jpg\",\"contentUrl\":\"http:\\\/\\\/www.isletasnoticias.com.ar\\\/%77%70%2d%63%6f%6e%74%65%6e%74\\\/uploads\\\/2014\\\/02\\\/Foto0892-300x225.jpg\"},{\"@type\":\"BreadcrumbList\",\"@id\":\"https:\\\/\\\/informelitoral.com.ar\\\/para-kramer-el-enripiado-del-camino-isletas-crespo-fortalecera-el-circuito-productivo\\\/#breadcrumb\",\"itemListElement\":[{\"@type\":\"ListItem\",\"position\":1,\"name\":\"Portada\",\"item\":\"https:\\\/\\\/informelitoral.com.ar\\\/\"},{\"@type\":\"ListItem\",\"position\":2,\"name\":\"Para Kr\u00e4mer el enripiado del camino Isletas &#8211; Crespo \u201cfortalecer\u00e1 el circuito productivo\u201d\"}]},{\"@type\":\"WebSite\",\"@id\":\"https:\\\/\\\/informelitoral.com.ar\\\/#website\",\"url\":\"https:\\\/\\\/informelitoral.com.ar\\\/\",\"name\":\"Informe Litoral\",\"description\":\"&quot;Nos informamos&quot; \",\"publisher\":{\"@id\":\"https:\\\/\\\/informelitoral.com.ar\\\/#organization\"},\"potentialAction\":[{\"@type\":\"SearchAction\",\"target\":{\"@type\":\"EntryPoint\",\"urlTemplate\":\"https:\\\/\\\/informelitoral.com.ar\\\/?s={search_term_string}\"},\"query-input\":{\"@type\":\"PropertyValueSpecification\",\"valueRequired\":true,\"valueName\":\"search_term_string\"}}],\"inLanguage\":\"es\"},{\"@type\":\"Organization\",\"@id\":\"https:\\\/\\\/informelitoral.com.ar\\\/#organization\",\"name\":\"Informe Litoral\",\"url\":\"https:\\\/\\\/informelitoral.com.ar\\\/\",\"logo\":{\"@type\":\"ImageObject\",\"inLanguage\":\"es\",\"@id\":\"https:\\\/\\\/informelitoral.com.ar\\\/#\\\/schema\\\/logo\\\/image\\\/\",\"url\":\"https:\\\/\\\/informelitoral.com.ar\\\/%77%70%2d%63%6f%6e%74%65%6e%74\\\/uploads\\\/2021\\\/01\\\/circulo.png\",\"contentUrl\":\"https:\\\/\\\/informelitoral.com.ar\\\/%77%70%2d%63%6f%6e%74%65%6e%74\\\/uploads\\\/2021\\\/01\\\/circulo.png\",\"width\":723,\"height\":731,\"caption\":\"Informe Litoral\"},\"image\":{\"@id\":\"https:\\\/\\\/informelitoral.com.ar\\\/#\\\/schema\\\/logo\\\/image\\\/\"},\"sameAs\":[\"https:\\\/\\\/www.facebook.com\\\/informelitoral\\\/\",\"https:\\\/\\\/x.com\\\/InformeLitoral\",\"https:\\\/\\\/www.instagram.com\\\/informelitoral\\\/\",\"https:\\\/\\\/www.youtube.com\\\/channel\\\/UCua4Qvz8Icb6MYqhoq9xLXw\"]},{\"@type\":\"Person\",\"@id\":\"https:\\\/\\\/informelitoral.com.ar\\\/#\\\/schema\\\/person\\\/b9d00407c836482871ef1d57bf8e3180\",\"name\":\"Gonzalo Schmidt\",\"image\":{\"@type\":\"ImageObject\",\"inLanguage\":\"es\",\"@id\":\"https:\\\/\\\/secure.gravatar.com\\\/avatar\\\/31a1a7b66ff2de83bd0e9fd79d026630d2d99e55e8bfe501287647b4fd9743de?s=96&d=mm&r=g\",\"url\":\"https:\\\/\\\/secure.gravatar.com\\\/avatar\\\/31a1a7b66ff2de83bd0e9fd79d026630d2d99e55e8bfe501287647b4fd9743de?s=96&d=mm&r=g\",\"contentUrl\":\"https:\\\/\\\/secure.gravatar.com\\\/avatar\\\/31a1a7b66ff2de83bd0e9fd79d026630d2d99e55e8bfe501287647b4fd9743de?s=96&d=mm&r=g\",\"caption\":\"Gonzalo Schmidt\"},\"description\":\"Sitio web de noticias de la provincia de Entre R\u00edos, Argentina. Informaci\u00f3n y entretenimiento. Informe Litoral, nos informamos.\",\"sameAs\":[\"http:\\\/\\\/www.isletasnoticias.com.ar\"],\"url\":\"https:\\\/\\\/informelitoral.com.ar\\\/author\\\/gonzalo\\\/\"}]}<\/script>","yoast_head_json":{"title":"Para Kr\u00e4mer el enripiado del camino Isletas - Crespo \u201cfortalecer\u00e1 el circuito productivo\u201d  - Informe Litoral","robots":{"index":"index","follow":"follow","max-snippet":"max-snippet:-1","max-image-preview":"max-image-preview:large","max-video-preview":"max-video-preview:-1"},"canonical":"https:\/\/informelitoral.com.ar\/para-kramer-el-enripiado-del-camino-isletas-crespo-fortalecera-el-circuito-productivo\/","og_locale":"es_ES","og_type":"article","og_title":"Para Kr\u00e4mer el enripiado del camino Isletas - Crespo \u201cfortalecer\u00e1 el circuito productivo\u201d  - Informe Litoral","og_description":"En declaraciones a ISLETAS NOTICIAS, el senador Daniel Kr&auml;mer, valor&oacute; que la obra permitir&aacute; fortalecer los v&iacute;nculos entre los productores y el traslado de la producci&oacute;n entre Crespo, Isletas, Ram&iacute;rez y Costa Grande. El legislador tambi&eacute;n adelant&oacute; que se gestiona el embrozado de un tramo del camino de tierra Isletas &ndash; Ram&iacute;rez. En el orden [&hellip;]","og_url":"https:\/\/informelitoral.com.ar\/para-kramer-el-enripiado-del-camino-isletas-crespo-fortalecera-el-circuito-productivo\/","og_site_name":"Informe Litoral","article_publisher":"https:\/\/www.facebook.com\/informelitoral\/","article_published_time":"2014-02-26T20:34:42+00:00","article_modified_time":"2014-02-26T20:38:44+00:00","og_image":[{"width":2048,"height":1536,"url":"https:\/\/informelitoral.com.ar\/%77%70%2d%63%6f%6e%74%65%6e%74\/uploads\/2014\/02\/Foto0892.jpg","type":"image\/jpeg"}],"author":"Gonzalo Schmidt","twitter_card":"summary_large_image","twitter_creator":"@InformeLitoral","twitter_site":"@InformeLitoral","twitter_misc":{"Escrito por":"Gonzalo Schmidt","Tiempo de lectura":"3 minutos"},"schema":{"@context":"https:\/\/schema.org","@graph":[{"@type":"Article","@id":"https:\/\/informelitoral.com.ar\/para-kramer-el-enripiado-del-camino-isletas-crespo-fortalecera-el-circuito-productivo\/#article","isPartOf":{"@id":"https:\/\/informelitoral.com.ar\/para-kramer-el-enripiado-del-camino-isletas-crespo-fortalecera-el-circuito-productivo\/"},"author":{"name":"Gonzalo Schmidt","@id":"https:\/\/informelitoral.com.ar\/#\/schema\/person\/b9d00407c836482871ef1d57bf8e3180"},"headline":"Para Kr\u00e4mer el enripiado del camino Isletas &#8211; Crespo \u201cfortalecer\u00e1 el circuito productivo\u201d","datePublished":"2014-02-26T20:34:42+00:00","dateModified":"2014-02-26T20:38:44+00:00","mainEntityOfPage":{"@id":"https:\/\/informelitoral.com.ar\/para-kramer-el-enripiado-del-camino-isletas-crespo-fortalecera-el-circuito-productivo\/"},"wordCount":537,"commentCount":0,"publisher":{"@id":"https:\/\/informelitoral.com.ar\/#organization"},"image":{"@id":"https:\/\/informelitoral.com.ar\/para-kramer-el-enripiado-del-camino-isletas-crespo-fortalecera-el-circuito-productivo\/#primaryimage"},"thumbnailUrl":"http:\/\/www.isletasnoticias.com.ar\/%77%70%2d%63%6f%6e%74%65%6e%74\/uploads\/2014\/02\/Foto0892-300x225.jpg","articleSection":["Isletas","Politica"],"inLanguage":"es","potentialAction":[{"@type":"CommentAction","name":"Comment","target":["https:\/\/informelitoral.com.ar\/para-kramer-el-enripiado-del-camino-isletas-crespo-fortalecera-el-circuito-productivo\/#respond"]}]},{"@type":"WebPage","@id":"https:\/\/informelitoral.com.ar\/para-kramer-el-enripiado-del-camino-isletas-crespo-fortalecera-el-circuito-productivo\/","url":"https:\/\/informelitoral.com.ar\/para-kramer-el-enripiado-del-camino-isletas-crespo-fortalecera-el-circuito-productivo\/","name":"Para Kr\u00e4mer el enripiado del camino Isletas - Crespo \u201cfortalecer\u00e1 el circuito productivo\u201d - Informe Litoral","isPartOf":{"@id":"https:\/\/informelitoral.com.ar\/#website"},"primaryImageOfPage":{"@id":"https:\/\/informelitoral.com.ar\/para-kramer-el-enripiado-del-camino-isletas-crespo-fortalecera-el-circuito-productivo\/#primaryimage"},"image":{"@id":"https:\/\/informelitoral.com.ar\/para-kramer-el-enripiado-del-camino-isletas-crespo-fortalecera-el-circuito-productivo\/#primaryimage"},"thumbnailUrl":"http:\/\/www.isletasnoticias.com.ar\/%77%70%2d%63%6f%6e%74%65%6e%74\/uploads\/2014\/02\/Foto0892-300x225.jpg","datePublished":"2014-02-26T20:34:42+00:00","dateModified":"2014-02-26T20:38:44+00:00","breadcrumb":{"@id":"https:\/\/informelitoral.com.ar\/para-kramer-el-enripiado-del-camino-isletas-crespo-fortalecera-el-circuito-productivo\/#breadcrumb"},"inLanguage":"es","potentialAction":[{"@type":"ReadAction","target":["https:\/\/informelitoral.com.ar\/para-kramer-el-enripiado-del-camino-isletas-crespo-fortalecera-el-circuito-productivo\/"]}]},{"@type":"ImageObject","inLanguage":"es","@id":"https:\/\/informelitoral.com.ar\/para-kramer-el-enripiado-del-camino-isletas-crespo-fortalecera-el-circuito-productivo\/#primaryimage","url":"http:\/\/www.isletasnoticias.com.ar\/%77%70%2d%63%6f%6e%74%65%6e%74\/uploads\/2014\/02\/Foto0892-300x225.jpg","contentUrl":"http:\/\/www.isletasnoticias.com.ar\/%77%70%2d%63%6f%6e%74%65%6e%74\/uploads\/2014\/02\/Foto0892-300x225.jpg"},{"@type":"BreadcrumbList","@id":"https:\/\/informelitoral.com.ar\/para-kramer-el-enripiado-del-camino-isletas-crespo-fortalecera-el-circuito-productivo\/#breadcrumb","itemListElement":[{"@type":"ListItem","position":1,"name":"Portada","item":"https:\/\/informelitoral.com.ar\/"},{"@type":"ListItem","position":2,"name":"Para Kr\u00e4mer el enripiado del camino Isletas &#8211; Crespo \u201cfortalecer\u00e1 el circuito productivo\u201d"}]},{"@type":"WebSite","@id":"https:\/\/informelitoral.com.ar\/#website","url":"https:\/\/informelitoral.com.ar\/","name":"Informe Litoral","description":"&quot;Nos informamos&quot; ","publisher":{"@id":"https:\/\/informelitoral.com.ar\/#organization"},"potentialAction":[{"@type":"SearchAction","target":{"@type":"EntryPoint","urlTemplate":"https:\/\/informelitoral.com.ar\/?s={search_term_string}"},"query-input":{"@type":"PropertyValueSpecification","valueRequired":true,"valueName":"search_term_string"}}],"inLanguage":"es"},{"@type":"Organization","@id":"https:\/\/informelitoral.com.ar\/#organization","name":"Informe Litoral","url":"https:\/\/informelitoral.com.ar\/","logo":{"@type":"ImageObject","inLanguage":"es","@id":"https:\/\/informelitoral.com.ar\/#\/schema\/logo\/image\/","url":"https:\/\/informelitoral.com.ar\/%77%70%2d%63%6f%6e%74%65%6e%74\/uploads\/2021\/01\/circulo.png","contentUrl":"https:\/\/informelitoral.com.ar\/%77%70%2d%63%6f%6e%74%65%6e%74\/uploads\/2021\/01\/circulo.png","width":723,"height":731,"caption":"Informe Litoral"},"image":{"@id":"https:\/\/informelitoral.com.ar\/#\/schema\/logo\/image\/"},"sameAs":["https:\/\/www.facebook.com\/informelitoral\/","https:\/\/x.com\/InformeLitoral","https:\/\/www.instagram.com\/informelitoral\/","https:\/\/www.youtube.com\/channel\/UCua4Qvz8Icb6MYqhoq9xLXw"]},{"@type":"Person","@id":"https:\/\/informelitoral.com.ar\/#\/schema\/person\/b9d00407c836482871ef1d57bf8e3180","name":"Gonzalo Schmidt","image":{"@type":"ImageObject","inLanguage":"es","@id":"https:\/\/secure.gravatar.com\/avatar\/31a1a7b66ff2de83bd0e9fd79d026630d2d99e55e8bfe501287647b4fd9743de?s=96&d=mm&r=g","url":"https:\/\/secure.gravatar.com\/avatar\/31a1a7b66ff2de83bd0e9fd79d026630d2d99e55e8bfe501287647b4fd9743de?s=96&d=mm&r=g","contentUrl":"https:\/\/secure.gravatar.com\/avatar\/31a1a7b66ff2de83bd0e9fd79d026630d2d99e55e8bfe501287647b4fd9743de?s=96&d=mm&r=g","caption":"Gonzalo Schmidt"},"description":"Sitio web de noticias de la provincia de Entre R\u00edos, Argentina. Informaci\u00f3n y entretenimiento. Informe Litoral, nos informamos.","sameAs":["http:\/\/www.isletasnoticias.com.ar"],"url":"https:\/\/informelitoral.com.ar\/author\/gonzalo\/"}]}},"_links":{"self":[{"href":"https:\/\/informelitoral.com.ar\/%77%70%2d%6a%73%6f%6e\/wp\/v2\/posts\/5850","targetHints":{"allow":["GET"]}}],"collection":[{"href":"https:\/\/informelitoral.com.ar\/%77%70%2d%6a%73%6f%6e\/wp\/v2\/posts"}],"about":[{"href":"https:\/\/informelitoral.com.ar\/%77%70%2d%6a%73%6f%6e\/wp\/v2\/types\/post"}],"author":[{"embeddable":true,"href":"https:\/\/informelitoral.com.ar\/%77%70%2d%6a%73%6f%6e\/wp\/v2\/users\/2"}],"replies":[{"embeddable":true,"href":"https:\/\/informelitoral.com.ar\/%77%70%2d%6a%73%6f%6e\/wp\/v2\/comments?post=5850"}],"version-history":[{"count":0,"href":"https:\/\/informelitoral.com.ar\/%77%70%2d%6a%73%6f%6e\/wp\/v2\/posts\/5850\/revisions"}],"wp:attachment":[{"href":"https:\/\/informelitoral.com.ar\/%77%70%2d%6a%73%6f%6e\/wp\/v2\/media?parent=5850"}],"wp:term":[{"taxonomy":"category","embeddable":true,"href":"https:\/\/informelitoral.com.ar\/%77%70%2d%6a%73%6f%6e\/wp\/v2\/categories?post=5850"},{"taxonomy":"post_tag","embeddable":true,"href":"https:\/\/informelitoral.com.ar\/%77%70%2d%6a%73%6f%6e\/wp\/v2\/tags?post=5850"}],"curies":[{"name":"wp","href":"https:\/\/api.w.org\/{rel}","templated":true}]}}