{"id":58492,"date":"2021-04-08T18:05:50","date_gmt":"2021-04-08T21:05:50","guid":{"rendered":"https:\/\/www.informelitoral.com.ar\/?p=58492"},"modified":"2021-04-08T18:09:59","modified_gmt":"2021-04-08T21:09:59","slug":"gustavo-bordet-priorizaremos-la-presencialidad-en-escuelas-y-la-actividad-economica","status":"publish","type":"post","link":"https:\/\/informelitoral.com.ar\/gustavo-bordet-priorizaremos-la-presencialidad-en-escuelas-y-la-actividad-economica\/","title":{"rendered":"Gustavo Bordet: \u201cPriorizaremos la presencialidad en escuelas y la actividad econ\u00f3mica\u201d"},"content":{"rendered":"<p>\u201cEs necesario reducir la circulaci\u00f3n innecesaria de personas para hacer frente a la segunda ola de Covid\u201d, escribi\u00f3 el Gobernador de Entre R\u00edos, Gustavo Bordet a trav\u00e9s de las redes sociales y agreg\u00f3 que \u201cpriorizaremos la presencialidad en las escuelas y el sostenimiento de la actividad econ\u00f3mica en la provincia\u201d, remarc\u00f3.<\/p>\n<p>Adem\u00e1s, aclar\u00f3 que las medidas a implementar en Entre r\u00edos, se tomar\u00e1n en base al decreto nacional que se difundi\u00f3 esta tarde.<\/p>\n<p>Con la premisa de presencialidad en las escuelas, el sostenimiento de la actividad econ\u00f3mica, la restricci\u00f3n de circulaci\u00f3n nocturna y la profundizaci\u00f3n de los protocolos vigentes, la provincia espera el Decreto Nacional de Urgencia en el marco de la pandemia.<br \/>\nAs\u00ed se defini\u00f3 en la reuni\u00f3n de gabinete que el gobernador Gustavo Bordet encabez\u00f3, junto a la vicegobernadora Laura Stratta, este jueves en el Sal\u00f3n de Gobernadores ante las medidas anunciadas por el presidente Alberto Fern\u00e1ndez este mi\u00e9rcoles.<\/p>\n<p>Tras el encuentro, la vicegobernadora Laura Stratta precis\u00f3 que \u00abtodav\u00eda no hay un decreto vigente, y se est\u00e1 a la espera de ese instrumento legal. No obstante eso, hay ciertas cuestiones y consideraciones que la provincia defini\u00f3 como es el garantizar la presencialidad en las escuelas, y el sostener la actividad econ\u00f3mica para generar alivio en diversos sectores de la producci\u00f3n, la industria y el comercio\u00bb, remarc\u00f3.<\/p>\n<p>En ese marco, record\u00f3 que en la provincia \u00abya hay una restricci\u00f3n vigente de la circulaci\u00f3n nocturna\u00bb e indic\u00f3 que \u00abse profundizar\u00e1 el control del cumplimiento de los protocolos\u00bb. Adelant\u00f3 luego que se ver\u00e1 \u00ablo que fija y la discrecional que permite o no a las provincias el decreto presidencial\u00bb.<\/p>\n<p>Advirti\u00f3 luego que los contagios no se dan ni en los sectores tur\u00edsticos y comerciales, ni en las escuelas. \u00abCuando hay un cumplimiento efectivo de los protocolos, se puede sostener los cuidados esenciales. Lo que s\u00ed se necesita es evitar que la curva sea ascendente, y para ello hay que cumplimentar ciertas cuestiones. Por eso se espera el decreto presidencial, pero con las premisas sostenidas por el gobernador Bordet y por el gabinete para transitar este camino\u00bb.<\/p>\n<p>Consultada sobre los alcances de las medidas, Stratta explic\u00f3 que \u00abla provincia de Entre R\u00edos tiene la particularidad de su distribuci\u00f3n demogr\u00e1fica, por lo cual la idea es tomar una decisi\u00f3n para toda la provincia con la premisa de presencialidad en las escuelas, el sostenimiento de la actividad econ\u00f3mica, la restricci\u00f3n de circulaci\u00f3n nocturna como se viene sosteniendo y la profundizaci\u00f3n de los protocolos en cada una de las \u00e1reas e instituciones que se necesiten se cumplimenten. Adem\u00e1s, de seguir apelando a la responsabilidad individual y social que es clave en el tr\u00e1nsito de esta segunda ola\u00bb, remarc\u00f3.<\/p>\n<p>En cuanto a los controles, la vicegobernadora insisti\u00f3 en apelar al trabajo en conjunto con los municipios. \u201cSi hay algo que nos ha mostrado la pandemia es la necesidad de articulaci\u00f3n entre Naci\u00f3n, provincia y municipios. Los municipios son claves tambi\u00e9n para acompa\u00f1arnos en el control, y obviamente la Polic\u00eda de la provincia ha librado miles de actas. Por eso tambi\u00e9n, se trat\u00f3 en la reuni\u00f3n de gabinete la posibilidad de tener un encuentro con la Justicia Federal, con las distintas jurisdicciones, para que las actas labradas puedan tener las sanciones correspondientes. La Polic\u00eda ha hecho much\u00edsimos controles, labrado much\u00edsimas actas, y lo que estamos pidiendo es que haya una correlaci\u00f3n entre ese esfuerzo enorme de la Polic\u00eda, de los municipios y la provincia con los tiempos que tienen la Justicia Federal para actuar en consecuencia\u00bb, concluy\u00f3.<\/p>\n<p>Por su parte, el ministro de Producci\u00f3n, Juan Jos\u00e9 Bahillo, se\u00f1al\u00f3 que \u00abestamos a la espera de la letra precisa y taxativa del decreto a nivel nacional, que fije nuevos horarios y restricciones. Hay que ver en el marco de ese decreto si quedan facultados los gobernadores para alg\u00fan tipo de flexibilidad o bajo qu\u00e9 criterio\u00bb.<\/p>\n<p>\u00abNuestra idea es preservar en la medida de lo posible, salvo que el DNU nos obligue a otra circunstancia, la actividad econ\u00f3mica en los diversos sectores productivos que tiene nuestra provincia y dentro de ese criterio tambi\u00e9n est\u00e1n el sector tur\u00edstico y el gastron\u00f3mico\u00bb, apunt\u00f3.<\/p>\n<p>Hizo notar que \u00abhoy tenemos una restricci\u00f3n de circulaci\u00f3n de 1 a 6 de la ma\u00f1ana durante la semana, y de 2 a 6 de la ma\u00f1ana los fines de semana; veremos c\u00f3mo viene redactado el DNU\u00bb. Record\u00f3 que \u201cel DNU es de cumplimiento obligatorio por los gobiernos provinciales y municipales, salvo que deje expresamente facultada alguna posibilidad de discrecionalidad de los gobernadores\u00bb.<\/p>\n<p>Reiter\u00f3 que \u00abnuestra premisa es sostener la presencialidad en las escuelas y la actividad productiva y comercial porque no es ah\u00ed donde est\u00e1n los focos de contagio. No obstante, si algo nos ense\u00f1\u00f3 la pandemia, es que es una experiencia diversa, compleja y muy din\u00e1mica, y ser\u00edamos poco cautos si somos demasiado contundentes en nuestras definiciones porque hay que ir viendo la evoluci\u00f3n semana a semana\u00bb.<\/p>\n<p>Luego afirm\u00f3 que \u00abtenemos contacto permanente con todos los sectores productivos\u00bb y dej\u00f3 tranquilidad de que, \u00aben principio, no vemos ni est\u00e1 en nuestro \u00e1nimo restringir la actividad industrial o econ\u00f3mica en ninguna de las variantes que tienen las cadenas de valor y sectores productivos de la provincia. Hay que ver c\u00f3mo se condice esto con determinada restricci\u00f3n a la circulaci\u00f3n, que s\u00ed puede impactar en algunas de las actividades comerciales o gastron\u00f3micas, aunque esperamos que sea en la menor medida posible\u00bb.<\/p>\n<p>Por su parte, y en cuanto a la decisi\u00f3n de continuar con las clases presenciales, el titular del Consejo General de Educaci\u00f3n (CGE), Mart\u00edn M\u00fcller, destac\u00f3 que \u201clos datos que tenemos son los que nos permiten tomar estas decisiones. Hay una plataforma que se llama Cuidar Escuela, en la cual vamos informando los casos positivos que se van dando y, de acuerdo a ello, solamente hay un 0,12 de casos positivos sobre la masa total de estudiantes; y un 0,79 por ciento de casos positivos sobre la masa total de docentes, lo cual indica claramente que la escuela es un \u00e1mbito seguro y cuidado. Lo que hoy debemos hacer ante esta realidad es intensificar los cuidados y los protocolos\u00bb.<\/p>\n<p>Al ser consultado sobre los paros dispuestos por los gremios docentes, M\u00fcller inform\u00f3 que de acuerdo al relevamiento realizado por ese organismo, tanto el mi\u00e9rcoles como el jueves, el presentismo docente fue del 60 por ciento.<\/p>\n<p>Una vez m\u00e1s, el funcionario valor\u00f3 la concurrencia de los docentes a las aulas y el respaldo a la decisi\u00f3n del gobierno provincial de priorizar la educaci\u00f3n.<\/p>\n<h3><em><strong>TE PUEDE INTERESAR:\u00a0<\/strong><\/em><\/h3>\n<blockquote class=\"wp-embedded-content\" data-secret=\"gOiyIthMRr\"><p><a href=\"https:\/\/www.informelitoral.com.ar\/darrichon-aviso-que-adherira-a-las-medidas-anunciadas-por-alberto-fernandez\/\">Darrich\u00f3n avis\u00f3 que adherir\u00e1 a las medidas anunciadas por Alberto Fern\u00e1ndez<\/a><\/p><\/blockquote>\n<p><iframe loading=\"lazy\" class=\"wp-embedded-content\" sandbox=\"allow-scripts\" security=\"restricted\" style=\"position: absolute; clip: rect(1px, 1px, 1px, 1px);\" title=\"\u00abDarrich\u00f3n avis\u00f3 que adherir\u00e1 a las medidas anunciadas por Alberto Fern\u00e1ndez\u00bb \u2014 Informe Litoral\" src=\"https:\/\/www.informelitoral.com.ar\/darrichon-aviso-que-adherira-a-las-medidas-anunciadas-por-alberto-fernandez\/embed\/#?secret=gOiyIthMRr\" data-secret=\"gOiyIthMRr\" width=\"600\" height=\"338\" frameborder=\"0\" marginwidth=\"0\" marginheight=\"0\" scrolling=\"no\"><\/iframe><\/p>\n","protected":false},"excerpt":{"rendered":"<p>\u201cEs necesario reducir la circulaci\u00f3n innecesaria de personas para hacer frente a la segunda ola de Covid\u201d, afirm\u00f3 el Gobernador tras reunir al gabinete provincial. Definen c\u00f3mo se implementar\u00e1n las medidas en Entre R\u00edos.<\/p>\n","protected":false},"author":2,"featured_media":42135,"comment_status":"open","ping_status":"open","sticky":false,"template":"","format":"standard","meta":{"fifu_image_url":"","fifu_image_alt":"","footnotes":""},"categories":[6,16],"tags":[1426,81,167,2257],"class_list":{"0":"post-58492","1":"post","2":"type-post","3":"status-publish","4":"format-standard","5":"has-post-thumbnail","7":"category-entre-rios","8":"category-politi","9":"tag-coronavirus","10":"tag-entre-rios","11":"tag-gustavo-bordet","12":"tag-restricciones-nocturnas"},"yoast_head":"<title>Gustavo Bordet: \u201cPriorizaremos la presencialidad en escuelas y la actividad econ\u00f3mica\u201d - Informe Litoral<\/title>\n<meta name=\"robots\" content=\"index, follow, max-snippet:-1, max-image-preview:large, max-video-preview:-1\" \/>\n<link rel=\"canonical\" href=\"https:\/\/informelitoral.com.ar\/gustavo-bordet-priorizaremos-la-presencialidad-en-escuelas-y-la-actividad-economica\/\" \/>\n<meta property=\"og:locale\" content=\"es_ES\" \/>\n<meta property=\"og:type\" content=\"article\" \/>\n<meta property=\"og:title\" content=\"Gustavo Bordet: \u201cPriorizaremos la presencialidad en escuelas y la actividad econ\u00f3mica\u201d - Informe Litoral\" \/>\n<meta property=\"og:description\" content=\"\u201cEs necesario reducir la circulaci\u00f3n innecesaria de personas para hacer frente a la segunda ola de Covid\u201d, afirm\u00f3 el Gobernador tras reunir al gabinete provincial. Definen c\u00f3mo se implementar\u00e1n las medidas en Entre R\u00edos.\" \/>\n<meta property=\"og:url\" content=\"https:\/\/informelitoral.com.ar\/gustavo-bordet-priorizaremos-la-presencialidad-en-escuelas-y-la-actividad-economica\/\" \/>\n<meta property=\"og:site_name\" content=\"Informe Litoral\" \/>\n<meta property=\"article:publisher\" content=\"https:\/\/www.facebook.com\/informelitoral\/\" \/>\n<meta property=\"article:published_time\" content=\"2021-04-08T21:05:50+00:00\" \/>\n<meta property=\"article:modified_time\" content=\"2021-04-08T21:09:59+00:00\" \/>\n<meta property=\"og:image\" content=\"https:\/\/informelitoral.com.ar\/%77%70%2d%63%6f%6e%74%65%6e%74\/uploads\/2020\/04\/gustavo-bordet.jpeg\" \/>\n\t<meta property=\"og:image:width\" content=\"770\" \/>\n\t<meta property=\"og:image:height\" content=\"433\" \/>\n\t<meta property=\"og:image:type\" content=\"image\/jpeg\" \/>\n<meta name=\"author\" content=\"Gonzalo Schmidt\" \/>\n<meta name=\"twitter:card\" content=\"summary_large_image\" \/>\n<meta name=\"twitter:creator\" content=\"@InformeLitoral\" \/>\n<meta name=\"twitter:site\" content=\"@InformeLitoral\" \/>\n<meta name=\"twitter:label1\" content=\"Escrito por\" \/>\n\t<meta name=\"twitter:data1\" content=\"Gonzalo Schmidt\" \/>\n\t<meta name=\"twitter:label2\" content=\"Tiempo de lectura\" \/>\n\t<meta name=\"twitter:data2\" content=\"6 minutos\" \/>\n<script type=\"application\/ld+json\" class=\"yoast-schema-graph\">{\"@context\":\"https:\\\/\\\/schema.org\",\"@graph\":[{\"@type\":\"Article\",\"@id\":\"https:\\\/\\\/informelitoral.com.ar\\\/gustavo-bordet-priorizaremos-la-presencialidad-en-escuelas-y-la-actividad-economica\\\/#article\",\"isPartOf\":{\"@id\":\"https:\\\/\\\/informelitoral.com.ar\\\/gustavo-bordet-priorizaremos-la-presencialidad-en-escuelas-y-la-actividad-economica\\\/\"},\"author\":{\"name\":\"Gonzalo Schmidt\",\"@id\":\"https:\\\/\\\/informelitoral.com.ar\\\/#\\\/schema\\\/person\\\/b9d00407c836482871ef1d57bf8e3180\"},\"headline\":\"Gustavo Bordet: \u201cPriorizaremos la presencialidad en escuelas y la actividad econ\u00f3mica\u201d\",\"datePublished\":\"2021-04-08T21:05:50+00:00\",\"dateModified\":\"2021-04-08T21:09:59+00:00\",\"mainEntityOfPage\":{\"@id\":\"https:\\\/\\\/informelitoral.com.ar\\\/gustavo-bordet-priorizaremos-la-presencialidad-en-escuelas-y-la-actividad-economica\\\/\"},\"wordCount\":1172,\"commentCount\":0,\"publisher\":{\"@id\":\"https:\\\/\\\/informelitoral.com.ar\\\/#organization\"},\"image\":{\"@id\":\"https:\\\/\\\/informelitoral.com.ar\\\/gustavo-bordet-priorizaremos-la-presencialidad-en-escuelas-y-la-actividad-economica\\\/#primaryimage\"},\"thumbnailUrl\":\"https:\\\/\\\/informelitoral.com.ar\\\/%77%70%2d%63%6f%6e%74%65%6e%74\\\/uploads\\\/2020\\\/04\\\/gustavo-bordet.jpeg\",\"keywords\":[\"Coronavirus\",\"Entre R\u00edos\",\"Gustavo Bordet\",\"Restricciones nocturnas\"],\"articleSection\":[\"Entre R\u00edos\",\"Politica\"],\"inLanguage\":\"es\",\"potentialAction\":[{\"@type\":\"CommentAction\",\"name\":\"Comment\",\"target\":[\"https:\\\/\\\/informelitoral.com.ar\\\/gustavo-bordet-priorizaremos-la-presencialidad-en-escuelas-y-la-actividad-economica\\\/#respond\"]}]},{\"@type\":\"WebPage\",\"@id\":\"https:\\\/\\\/informelitoral.com.ar\\\/gustavo-bordet-priorizaremos-la-presencialidad-en-escuelas-y-la-actividad-economica\\\/\",\"url\":\"https:\\\/\\\/informelitoral.com.ar\\\/gustavo-bordet-priorizaremos-la-presencialidad-en-escuelas-y-la-actividad-economica\\\/\",\"name\":\"Gustavo Bordet: \u201cPriorizaremos la presencialidad en escuelas y la actividad econ\u00f3mica\u201d - Informe Litoral\",\"isPartOf\":{\"@id\":\"https:\\\/\\\/informelitoral.com.ar\\\/#website\"},\"primaryImageOfPage\":{\"@id\":\"https:\\\/\\\/informelitoral.com.ar\\\/gustavo-bordet-priorizaremos-la-presencialidad-en-escuelas-y-la-actividad-economica\\\/#primaryimage\"},\"image\":{\"@id\":\"https:\\\/\\\/informelitoral.com.ar\\\/gustavo-bordet-priorizaremos-la-presencialidad-en-escuelas-y-la-actividad-economica\\\/#primaryimage\"},\"thumbnailUrl\":\"https:\\\/\\\/informelitoral.com.ar\\\/%77%70%2d%63%6f%6e%74%65%6e%74\\\/uploads\\\/2020\\\/04\\\/gustavo-bordet.jpeg\",\"datePublished\":\"2021-04-08T21:05:50+00:00\",\"dateModified\":\"2021-04-08T21:09:59+00:00\",\"breadcrumb\":{\"@id\":\"https:\\\/\\\/informelitoral.com.ar\\\/gustavo-bordet-priorizaremos-la-presencialidad-en-escuelas-y-la-actividad-economica\\\/#breadcrumb\"},\"inLanguage\":\"es\",\"potentialAction\":[{\"@type\":\"ReadAction\",\"target\":[\"https:\\\/\\\/informelitoral.com.ar\\\/gustavo-bordet-priorizaremos-la-presencialidad-en-escuelas-y-la-actividad-economica\\\/\"]}]},{\"@type\":\"ImageObject\",\"inLanguage\":\"es\",\"@id\":\"https:\\\/\\\/informelitoral.com.ar\\\/gustavo-bordet-priorizaremos-la-presencialidad-en-escuelas-y-la-actividad-economica\\\/#primaryimage\",\"url\":\"https:\\\/\\\/informelitoral.com.ar\\\/%77%70%2d%63%6f%6e%74%65%6e%74\\\/uploads\\\/2020\\\/04\\\/gustavo-bordet.jpeg\",\"contentUrl\":\"https:\\\/\\\/informelitoral.com.ar\\\/%77%70%2d%63%6f%6e%74%65%6e%74\\\/uploads\\\/2020\\\/04\\\/gustavo-bordet.jpeg\",\"width\":770,\"height\":433},{\"@type\":\"BreadcrumbList\",\"@id\":\"https:\\\/\\\/informelitoral.com.ar\\\/gustavo-bordet-priorizaremos-la-presencialidad-en-escuelas-y-la-actividad-economica\\\/#breadcrumb\",\"itemListElement\":[{\"@type\":\"ListItem\",\"position\":1,\"name\":\"Portada\",\"item\":\"https:\\\/\\\/informelitoral.com.ar\\\/\"},{\"@type\":\"ListItem\",\"position\":2,\"name\":\"Gustavo Bordet: \u201cPriorizaremos la presencialidad en escuelas y la actividad econ\u00f3mica\u201d\"}]},{\"@type\":\"WebSite\",\"@id\":\"https:\\\/\\\/informelitoral.com.ar\\\/#website\",\"url\":\"https:\\\/\\\/informelitoral.com.ar\\\/\",\"name\":\"Informe Litoral\",\"description\":\"&quot;Nos informamos&quot; \",\"publisher\":{\"@id\":\"https:\\\/\\\/informelitoral.com.ar\\\/#organization\"},\"potentialAction\":[{\"@type\":\"SearchAction\",\"target\":{\"@type\":\"EntryPoint\",\"urlTemplate\":\"https:\\\/\\\/informelitoral.com.ar\\\/?s={search_term_string}\"},\"query-input\":{\"@type\":\"PropertyValueSpecification\",\"valueRequired\":true,\"valueName\":\"search_term_string\"}}],\"inLanguage\":\"es\"},{\"@type\":\"Organization\",\"@id\":\"https:\\\/\\\/informelitoral.com.ar\\\/#organization\",\"name\":\"Informe Litoral\",\"url\":\"https:\\\/\\\/informelitoral.com.ar\\\/\",\"logo\":{\"@type\":\"ImageObject\",\"inLanguage\":\"es\",\"@id\":\"https:\\\/\\\/informelitoral.com.ar\\\/#\\\/schema\\\/logo\\\/image\\\/\",\"url\":\"https:\\\/\\\/informelitoral.com.ar\\\/%77%70%2d%63%6f%6e%74%65%6e%74\\\/uploads\\\/2021\\\/01\\\/circulo.png\",\"contentUrl\":\"https:\\\/\\\/informelitoral.com.ar\\\/%77%70%2d%63%6f%6e%74%65%6e%74\\\/uploads\\\/2021\\\/01\\\/circulo.png\",\"width\":723,\"height\":731,\"caption\":\"Informe Litoral\"},\"image\":{\"@id\":\"https:\\\/\\\/informelitoral.com.ar\\\/#\\\/schema\\\/logo\\\/image\\\/\"},\"sameAs\":[\"https:\\\/\\\/www.facebook.com\\\/informelitoral\\\/\",\"https:\\\/\\\/x.com\\\/InformeLitoral\",\"https:\\\/\\\/www.instagram.com\\\/informelitoral\\\/\",\"https:\\\/\\\/www.youtube.com\\\/channel\\\/UCua4Qvz8Icb6MYqhoq9xLXw\"]},{\"@type\":\"Person\",\"@id\":\"https:\\\/\\\/informelitoral.com.ar\\\/#\\\/schema\\\/person\\\/b9d00407c836482871ef1d57bf8e3180\",\"name\":\"Gonzalo Schmidt\",\"image\":{\"@type\":\"ImageObject\",\"inLanguage\":\"es\",\"@id\":\"https:\\\/\\\/secure.gravatar.com\\\/avatar\\\/31a1a7b66ff2de83bd0e9fd79d026630d2d99e55e8bfe501287647b4fd9743de?s=96&d=mm&r=g\",\"url\":\"https:\\\/\\\/secure.gravatar.com\\\/avatar\\\/31a1a7b66ff2de83bd0e9fd79d026630d2d99e55e8bfe501287647b4fd9743de?s=96&d=mm&r=g\",\"contentUrl\":\"https:\\\/\\\/secure.gravatar.com\\\/avatar\\\/31a1a7b66ff2de83bd0e9fd79d026630d2d99e55e8bfe501287647b4fd9743de?s=96&d=mm&r=g\",\"caption\":\"Gonzalo Schmidt\"},\"description\":\"Sitio web de noticias de la provincia de Entre R\u00edos, Argentina. Informaci\u00f3n y entretenimiento. Informe Litoral, nos informamos.\",\"sameAs\":[\"http:\\\/\\\/www.isletasnoticias.com.ar\"],\"url\":\"https:\\\/\\\/informelitoral.com.ar\\\/author\\\/gonzalo\\\/\"}]}<\/script>","yoast_head_json":{"title":"Gustavo Bordet: \u201cPriorizaremos la presencialidad en escuelas y la actividad econ\u00f3mica\u201d - Informe Litoral","robots":{"index":"index","follow":"follow","max-snippet":"max-snippet:-1","max-image-preview":"max-image-preview:large","max-video-preview":"max-video-preview:-1"},"canonical":"https:\/\/informelitoral.com.ar\/gustavo-bordet-priorizaremos-la-presencialidad-en-escuelas-y-la-actividad-economica\/","og_locale":"es_ES","og_type":"article","og_title":"Gustavo Bordet: \u201cPriorizaremos la presencialidad en escuelas y la actividad econ\u00f3mica\u201d - Informe Litoral","og_description":"\u201cEs necesario reducir la circulaci\u00f3n innecesaria de personas para hacer frente a la segunda ola de Covid\u201d, afirm\u00f3 el Gobernador tras reunir al gabinete provincial. Definen c\u00f3mo se implementar\u00e1n las medidas en Entre R\u00edos.","og_url":"https:\/\/informelitoral.com.ar\/gustavo-bordet-priorizaremos-la-presencialidad-en-escuelas-y-la-actividad-economica\/","og_site_name":"Informe Litoral","article_publisher":"https:\/\/www.facebook.com\/informelitoral\/","article_published_time":"2021-04-08T21:05:50+00:00","article_modified_time":"2021-04-08T21:09:59+00:00","og_image":[{"width":770,"height":433,"url":"https:\/\/informelitoral.com.ar\/%77%70%2d%63%6f%6e%74%65%6e%74\/uploads\/2020\/04\/gustavo-bordet.jpeg","type":"image\/jpeg"}],"author":"Gonzalo Schmidt","twitter_card":"summary_large_image","twitter_creator":"@InformeLitoral","twitter_site":"@InformeLitoral","twitter_misc":{"Escrito por":"Gonzalo Schmidt","Tiempo de lectura":"6 minutos"},"schema":{"@context":"https:\/\/schema.org","@graph":[{"@type":"Article","@id":"https:\/\/informelitoral.com.ar\/gustavo-bordet-priorizaremos-la-presencialidad-en-escuelas-y-la-actividad-economica\/#article","isPartOf":{"@id":"https:\/\/informelitoral.com.ar\/gustavo-bordet-priorizaremos-la-presencialidad-en-escuelas-y-la-actividad-economica\/"},"author":{"name":"Gonzalo Schmidt","@id":"https:\/\/informelitoral.com.ar\/#\/schema\/person\/b9d00407c836482871ef1d57bf8e3180"},"headline":"Gustavo Bordet: \u201cPriorizaremos la presencialidad en escuelas y la actividad econ\u00f3mica\u201d","datePublished":"2021-04-08T21:05:50+00:00","dateModified":"2021-04-08T21:09:59+00:00","mainEntityOfPage":{"@id":"https:\/\/informelitoral.com.ar\/gustavo-bordet-priorizaremos-la-presencialidad-en-escuelas-y-la-actividad-economica\/"},"wordCount":1172,"commentCount":0,"publisher":{"@id":"https:\/\/informelitoral.com.ar\/#organization"},"image":{"@id":"https:\/\/informelitoral.com.ar\/gustavo-bordet-priorizaremos-la-presencialidad-en-escuelas-y-la-actividad-economica\/#primaryimage"},"thumbnailUrl":"https:\/\/informelitoral.com.ar\/%77%70%2d%63%6f%6e%74%65%6e%74\/uploads\/2020\/04\/gustavo-bordet.jpeg","keywords":["Coronavirus","Entre R\u00edos","Gustavo Bordet","Restricciones nocturnas"],"articleSection":["Entre R\u00edos","Politica"],"inLanguage":"es","potentialAction":[{"@type":"CommentAction","name":"Comment","target":["https:\/\/informelitoral.com.ar\/gustavo-bordet-priorizaremos-la-presencialidad-en-escuelas-y-la-actividad-economica\/#respond"]}]},{"@type":"WebPage","@id":"https:\/\/informelitoral.com.ar\/gustavo-bordet-priorizaremos-la-presencialidad-en-escuelas-y-la-actividad-economica\/","url":"https:\/\/informelitoral.com.ar\/gustavo-bordet-priorizaremos-la-presencialidad-en-escuelas-y-la-actividad-economica\/","name":"Gustavo Bordet: \u201cPriorizaremos la presencialidad en escuelas y la actividad econ\u00f3mica\u201d - Informe Litoral","isPartOf":{"@id":"https:\/\/informelitoral.com.ar\/#website"},"primaryImageOfPage":{"@id":"https:\/\/informelitoral.com.ar\/gustavo-bordet-priorizaremos-la-presencialidad-en-escuelas-y-la-actividad-economica\/#primaryimage"},"image":{"@id":"https:\/\/informelitoral.com.ar\/gustavo-bordet-priorizaremos-la-presencialidad-en-escuelas-y-la-actividad-economica\/#primaryimage"},"thumbnailUrl":"https:\/\/informelitoral.com.ar\/%77%70%2d%63%6f%6e%74%65%6e%74\/uploads\/2020\/04\/gustavo-bordet.jpeg","datePublished":"2021-04-08T21:05:50+00:00","dateModified":"2021-04-08T21:09:59+00:00","breadcrumb":{"@id":"https:\/\/informelitoral.com.ar\/gustavo-bordet-priorizaremos-la-presencialidad-en-escuelas-y-la-actividad-economica\/#breadcrumb"},"inLanguage":"es","potentialAction":[{"@type":"ReadAction","target":["https:\/\/informelitoral.com.ar\/gustavo-bordet-priorizaremos-la-presencialidad-en-escuelas-y-la-actividad-economica\/"]}]},{"@type":"ImageObject","inLanguage":"es","@id":"https:\/\/informelitoral.com.ar\/gustavo-bordet-priorizaremos-la-presencialidad-en-escuelas-y-la-actividad-economica\/#primaryimage","url":"https:\/\/informelitoral.com.ar\/%77%70%2d%63%6f%6e%74%65%6e%74\/uploads\/2020\/04\/gustavo-bordet.jpeg","contentUrl":"https:\/\/informelitoral.com.ar\/%77%70%2d%63%6f%6e%74%65%6e%74\/uploads\/2020\/04\/gustavo-bordet.jpeg","width":770,"height":433},{"@type":"BreadcrumbList","@id":"https:\/\/informelitoral.com.ar\/gustavo-bordet-priorizaremos-la-presencialidad-en-escuelas-y-la-actividad-economica\/#breadcrumb","itemListElement":[{"@type":"ListItem","position":1,"name":"Portada","item":"https:\/\/informelitoral.com.ar\/"},{"@type":"ListItem","position":2,"name":"Gustavo Bordet: \u201cPriorizaremos la presencialidad en escuelas y la actividad econ\u00f3mica\u201d"}]},{"@type":"WebSite","@id":"https:\/\/informelitoral.com.ar\/#website","url":"https:\/\/informelitoral.com.ar\/","name":"Informe Litoral","description":"&quot;Nos informamos&quot; ","publisher":{"@id":"https:\/\/informelitoral.com.ar\/#organization"},"potentialAction":[{"@type":"SearchAction","target":{"@type":"EntryPoint","urlTemplate":"https:\/\/informelitoral.com.ar\/?s={search_term_string}"},"query-input":{"@type":"PropertyValueSpecification","valueRequired":true,"valueName":"search_term_string"}}],"inLanguage":"es"},{"@type":"Organization","@id":"https:\/\/informelitoral.com.ar\/#organization","name":"Informe Litoral","url":"https:\/\/informelitoral.com.ar\/","logo":{"@type":"ImageObject","inLanguage":"es","@id":"https:\/\/informelitoral.com.ar\/#\/schema\/logo\/image\/","url":"https:\/\/informelitoral.com.ar\/%77%70%2d%63%6f%6e%74%65%6e%74\/uploads\/2021\/01\/circulo.png","contentUrl":"https:\/\/informelitoral.com.ar\/%77%70%2d%63%6f%6e%74%65%6e%74\/uploads\/2021\/01\/circulo.png","width":723,"height":731,"caption":"Informe Litoral"},"image":{"@id":"https:\/\/informelitoral.com.ar\/#\/schema\/logo\/image\/"},"sameAs":["https:\/\/www.facebook.com\/informelitoral\/","https:\/\/x.com\/InformeLitoral","https:\/\/www.instagram.com\/informelitoral\/","https:\/\/www.youtube.com\/channel\/UCua4Qvz8Icb6MYqhoq9xLXw"]},{"@type":"Person","@id":"https:\/\/informelitoral.com.ar\/#\/schema\/person\/b9d00407c836482871ef1d57bf8e3180","name":"Gonzalo Schmidt","image":{"@type":"ImageObject","inLanguage":"es","@id":"https:\/\/secure.gravatar.com\/avatar\/31a1a7b66ff2de83bd0e9fd79d026630d2d99e55e8bfe501287647b4fd9743de?s=96&d=mm&r=g","url":"https:\/\/secure.gravatar.com\/avatar\/31a1a7b66ff2de83bd0e9fd79d026630d2d99e55e8bfe501287647b4fd9743de?s=96&d=mm&r=g","contentUrl":"https:\/\/secure.gravatar.com\/avatar\/31a1a7b66ff2de83bd0e9fd79d026630d2d99e55e8bfe501287647b4fd9743de?s=96&d=mm&r=g","caption":"Gonzalo Schmidt"},"description":"Sitio web de noticias de la provincia de Entre R\u00edos, Argentina. Informaci\u00f3n y entretenimiento. Informe Litoral, nos informamos.","sameAs":["http:\/\/www.isletasnoticias.com.ar"],"url":"https:\/\/informelitoral.com.ar\/author\/gonzalo\/"}]}},"_links":{"self":[{"href":"https:\/\/informelitoral.com.ar\/%77%70%2d%6a%73%6f%6e\/wp\/v2\/posts\/58492","targetHints":{"allow":["GET"]}}],"collection":[{"href":"https:\/\/informelitoral.com.ar\/%77%70%2d%6a%73%6f%6e\/wp\/v2\/posts"}],"about":[{"href":"https:\/\/informelitoral.com.ar\/%77%70%2d%6a%73%6f%6e\/wp\/v2\/types\/post"}],"author":[{"embeddable":true,"href":"https:\/\/informelitoral.com.ar\/%77%70%2d%6a%73%6f%6e\/wp\/v2\/users\/2"}],"replies":[{"embeddable":true,"href":"https:\/\/informelitoral.com.ar\/%77%70%2d%6a%73%6f%6e\/wp\/v2\/comments?post=58492"}],"version-history":[{"count":0,"href":"https:\/\/informelitoral.com.ar\/%77%70%2d%6a%73%6f%6e\/wp\/v2\/posts\/58492\/revisions"}],"wp:featuredmedia":[{"embeddable":true,"href":"https:\/\/informelitoral.com.ar\/%77%70%2d%6a%73%6f%6e\/wp\/v2\/media\/42135"}],"wp:attachment":[{"href":"https:\/\/informelitoral.com.ar\/%77%70%2d%6a%73%6f%6e\/wp\/v2\/media?parent=58492"}],"wp:term":[{"taxonomy":"category","embeddable":true,"href":"https:\/\/informelitoral.com.ar\/%77%70%2d%6a%73%6f%6e\/wp\/v2\/categories?post=58492"},{"taxonomy":"post_tag","embeddable":true,"href":"https:\/\/informelitoral.com.ar\/%77%70%2d%6a%73%6f%6e\/wp\/v2\/tags?post=58492"}],"curies":[{"name":"wp","href":"https:\/\/api.w.org\/{rel}","templated":true}]}}