{"id":58474,"date":"2021-04-08T14:10:00","date_gmt":"2021-04-08T17:10:00","guid":{"rendered":"https:\/\/www.informelitoral.com.ar\/?p=58474"},"modified":"2021-04-08T14:10:00","modified_gmt":"2021-04-08T17:10:00","slug":"alberto-fernandez-a-un-sector-de-la-oposicion-hay-que-ser-un-imbecil-profundo-o-una-muy-mala-persona","status":"publish","type":"post","link":"https:\/\/informelitoral.com.ar\/alberto-fernandez-a-un-sector-de-la-oposicion-hay-que-ser-un-imbecil-profundo-o-una-muy-mala-persona\/","title":{"rendered":"Alberto Fern\u00e1ndez a un sector de la oposici\u00f3n: \u201cHay que ser un imb\u00e9cil profundo o una muy mala persona\u201d"},"content":{"rendered":"<p class=\"com-paragraph  --capital --s\">El presidente\u00a0<strong>Alberto Fern\u00e1ndez<\/strong>\u00a0habl\u00f3 sobre el\u00a0<strong>comunicado\u00a0<\/strong>de la\u00a0<strong>oposici\u00f3n\u00a0<\/strong>que se mostraba en contra de las\u00a0<strong>restricciones\u00a0<\/strong>que decret\u00f3 el\u00a0Gobierno\u00a0para frenar la\u00a0<strong>segunda ola de coronavirus<\/strong>\u00a0y asegur\u00f3 que fue una postura pol\u00edtica, y pidi\u00f3 a los que se pronunciaron que se hagan cargo de las cr\u00edticas que lanzaron a\u00fan antes de que se anunciaran las\u00a0medidas. Asimismo,\u00a0<strong>se refiri\u00f3 a los dirigentes que lo cuestionaron y los llam\u00f3 \u201cimb\u00e9ciles\u201d por los motivos que dieron.<\/strong><\/p>\n<p class=\"com-paragraph   --s\">\u201cAyer le\u00ed a un imb\u00e9cil que me llamaba dictador. \u00bfCu\u00e1l es la dictadura que estoy ejerciendo, cuidar a la gente? Miren los n\u00fameros, 20000 contagiados diarios. Escuch\u00e9 a otros imb\u00e9ciles que dijeron que los contagios son una soluci\u00f3n pol\u00edtica.\u00a0<strong>\u00bfAlguien piensa que el que gobierna un pa\u00eds gana haciendo pol\u00edtica con la cantidad de contagiados? Hay que ser un imb\u00e9cil profundo para decir esas cosas o una muy mala persona\u201d,\u00a0<\/strong>asegur\u00f3 en di\u00e1logo con\u00a0<em>Radio con vos.<\/em><\/p>\n<p class=\"com-paragraph   --s\">Tras ello, al ser consultado sobre los funcionarios que lo tildaron de d\u00e9spota, Fern\u00e1ndez asegur\u00f3 que fueron muchos pero evit\u00f3 dar nombres. \u201cSon un mont\u00f3n los dirigentes que dicen esas cosas, saben que no es mentira esto que digo, ellos lo dicen p\u00fablicamente.\u00a0<strong>Dicen que estoy haciendo esto para evitar las PASO (Primarias Abiertas, Simult\u00e1neas y Obligatorias).\u00a0<\/strong>\u00bfC\u00f3mo alguien puede pensar semejante barrabasada? Los testea el hospital Durand, que depende de la Ciudad\u201d, indic\u00f3.<\/p>\n<p class=\"com-paragraph   --s\"><strong>\u201cCuando la historia se escriba, quiero que me pongan del lado de los que cuidaron la salud de los argentinos. Y si eso me hace perder una elecci\u00f3n, la pierdo\u201d,\u00a0<\/strong>agreg\u00f3 y dijo que no le es grato ver gente grande que enferma y muere, ver chicos contagiados, \u201cver chicos tomando cerveza y pas\u00e1ndose la botella con total negligencia y trasmitiendo el virus, que despu\u00e9s enferma a sus padres, a sus abuelos\u201d.<\/p>\n<p class=\"com-paragraph   --s\">Al pronunciarse sobre las consecuencias econ\u00f3micas que las nuevas medidas, que entrar\u00e1n en vigor a partir de ma\u00f1ana, podr\u00edan provocar, Fern\u00e1ndez destac\u00f3 que por el momento la actividad econ\u00f3mica est\u00e1 funcionando a pleno. \u201cNo hemos detectado contagios en f\u00e1bricas, los protocolos se han cumplido y han funcionado\u201d, afirm\u00f3 y por ello indic\u00f3 que\u00a0<strong>\u201cno est\u00e1 por ahora previsto reactivar el Ingreso Familiar de Emergencia (IFE) ni los subsidios al sector privado\u201d.<\/strong><\/p>\n<h2 class=\"com-title --l\"><strong>Sobre la reuni\u00f3n<\/strong><\/h2>\n<p class=\"com-paragraph   --s\">En otro momento de la entrevista el mandatario detall\u00f3 c\u00f3mo fue el encuentro que mantuvo con el jefe de gobierno porte\u00f1o,\u00a0<strong>Horacio Rodr\u00edguez Larreta,\u00a0<\/strong>y con el gobernador de Buenos Aires,\u00a0<strong>Axel Kicillof,\u00a0<\/strong>y explic\u00f3 que ninguno de ellos estaba muy convencido de restringir los encuentros nocturnos pero dijo que entre los tres lograron ponerse de acuerdo.<\/p>\n<p class=\"com-paragraph   --s\">\u201cCreo que estamos entendiendo las mismas cosas, no circular, no andar en la calle exponi\u00e9ndose. Creo que nos entendimos, a la noche no puede haber gente paveando por las calles, no puede haber reuniones sociales\u201d, dijo y asever\u00f3 que Larreta pidi\u00f3 modificaciones para cuidar del sector gastron\u00f3mico y que \u00e9l las comprendi\u00f3 y que por eso las flexibilizaron.<\/p>\n<div>\n<section class=\"mod-media --zoom  \" role=\"button\">\n<figure class=\"mod-figure --horizontal\" role=\"button\"><picture class=\"mod-picture \"><source srcset=\"https:\/\/resizer.glanacion.com\/resizer\/mv6AtBBYG1y-mXp9kLa4hU2Igy0=\/879x0\/filters:quality(100)\/cloudfront-us-east-1.images.arcpublishing.com\/lanacionar\/4ZTCJWIL4ZDPLHQUIVA64R7DEY.jpg\" media=\"(min-width: 1280px)\" \/><source srcset=\"https:\/\/resizer.glanacion.com\/resizer\/5jBIE6lpdtgVyR5W2BANZe9K0KM=\/690x0\/filters:quality(100)\/cloudfront-us-east-1.images.arcpublishing.com\/lanacionar\/4ZTCJWIL4ZDPLHQUIVA64R7DEY.jpg\" media=\"(min-width: 1024px)\" \/><source srcset=\"https:\/\/resizer.glanacion.com\/resizer\/VROs4sXhV0TQhqJBynHqClMxWco=\/768x0\/filters:quality(100)\/cloudfront-us-east-1.images.arcpublishing.com\/lanacionar\/4ZTCJWIL4ZDPLHQUIVA64R7DEY.jpg\" media=\"(min-width: 768px)\" \/><source srcset=\"https:\/\/resizer.glanacion.com\/resizer\/ZNxtbR-rI8UK0Eejk0GfSMuuAcc=\/350x0\/filters:quality(100)\/cloudfront-us-east-1.images.arcpublishing.com\/lanacionar\/4ZTCJWIL4ZDPLHQUIVA64R7DEY.jpg\" media=\"(min-width: 360px)\" \/><source srcset=\"https:\/\/resizer.glanacion.com\/resizer\/NWaF_R0QXh-5rZ04yOSyCvvTDhQ=\/310x0\/filters:quality(100)\/cloudfront-us-east-1.images.arcpublishing.com\/lanacionar\/4ZTCJWIL4ZDPLHQUIVA64R7DEY.jpg\" media=\"(min-width: 320px)\" \/><img decoding=\"async\" class=\"com-image  aligncenter\" src=\"https:\/\/resizer.glanacion.com\/resizer\/VROs4sXhV0TQhqJBynHqClMxWco=\/768x0\/filters:quality(100)\/cloudfront-us-east-1.images.arcpublishing.com\/lanacionar\/4ZTCJWIL4ZDPLHQUIVA64R7DEY.jpg\" alt=\"Reuni\u00f3n entre el Presidente Alberto Fern\u00e1ndez, el Gobernador por Buenos Aires Axel Kicillof y el Jefe de Gobierno de la Ciudad de Buenos Aires Horacio Rodriguez Larreta.\" \/><\/picture><figcaption class=\"mod-figcaption\"><\/figcaption><\/figure>\n<\/section>\n<\/div>\n<p class=\"com-paragraph   --s\"><strong>\u201cHoracio entendi\u00f3 que era necesario tomar estas decisiones.\u00a0<\/strong>Me llamar\u00eda la atenci\u00f3n que difiera mucho de lo dijo hoy en conferencia, no lo escuch\u00e9. Estaba preocupado por el cierre de restaurantes y yo atend\u00ed su planteo. Axel tampoco estaba muy de acuerdo con que cerremos a las 10 de la noche.\u00a0<strong>Como no soy un necio ni un testarudo, y me dijeron que no hab\u00eda muchos cambios, acept\u00e9\u201d,<\/strong>\u00a0afirm\u00f3 el Presidente.<\/p>\n<p class=\"com-paragraph   --s\">De todos modos,<strong>\u00a0insisti\u00f3 en que es muy importante la responsabilidad social para detener el avance de los contagios\u00a0<\/strong>y explic\u00f3 que las medidas adoptadas fueron \u201ctomadas de buena fe, creyendo en la comprensi\u00f3n ciudadana\u201d y volvi\u00f3 a se\u00f1alar la situaci\u00f3n de Chile u otros pa\u00edses europeos para ejemplificar que las decisiones anunciadas ayer no son particulares de la Argentina sino que se replican en el mundo.<\/p>\n<p class=\"com-paragraph   --s\">\u201cEsto es lo que est\u00e1 haciendo toda Europa porque es en la nocturnidad que la gente se distiende, se olvida de la pandemia y los contagios aumentan\u201d. A continuaci\u00f3n, consultado sobre los dichos de Kicillof, que habl\u00f3 esta ma\u00f1ana y defini\u00f3 a la segunda ola del brote como un \u201c<strong>tsunami<\/strong>\u201d, dijo: \u201cObjetivamente hay un aumento preocupante, nadie puede decir que es producto de que se testea m\u00e1s. No es eso. Es que de los testeados hay un porcentaje muy alto que da positivo.\u00a0<strong>En un momento dos de cada diez daban positivo y hoy es casi uno de cada dos\u201d.<\/strong><\/p>\n<h2 class=\"com-title --l\"><strong>Nuevo test<\/strong><\/h2>\n<p class=\"com-paragraph   --s\">Sobre su estado de salud, Fern\u00e1ndez, quien el s\u00e1bado pasado anunci\u00f3 que ten\u00eda coronavirus, coment\u00f3 que ayer volvi\u00f3 a testearse y que nuevamente fue diagnosticado con Covid-19. Sin embargo asegur\u00f3 que no tiene s\u00edntomas graves y que se siente bien.<\/p>\n<p class=\"com-paragraph   --s\"><strong>\u201cEstoy muy bien, gracias a Dios no tuve ninguno de los s\u00edntomas que solemos escuchar que tienen los que padecen esta enfermedad.\u00a0<\/strong>Solo tuve el primer d\u00eda, el viernes a la noche, un dolor de cabeza que no fue fuerte, fue raro, cierta opresi\u00f3n, y fiebre, 37.3 grados. Cre\u00ed que estaba somatizando algo y, bueno, dio positivo\u201d, cont\u00f3.<\/p>\n<p class=\"com-paragraph   --s\">Luego asegur\u00f3 que el dolor y esas l\u00edneas de fiebre bajaron en el acto con un analg\u00e9sico y que\u00a0<strong>no report\u00f3 ni problemas de respiraci\u00f3n, ni saturaci\u00f3n de ox\u00edgeno, ni m\u00e1s dolor de cabeza.\u00a0<\/strong>\u201cS\u00ed tuve por momentos algo parecido a un resfr\u00edo, estornudos, moque\u00e9 un poco pero la saqu\u00e9 barata y creo que tiene que ver definitivamente con los anticuerpos a partir de la vacuna\u201d.<\/p>\n<p class=\"com-paragraph   --s\">El Presidente explic\u00f3 adem\u00e1s que todos los d\u00edas se somete a dos controles m\u00e9dicos, por la ma\u00f1ana y por la noche, y que le tomaron una placa de pulmones para ver c\u00f3mo estaba y que no hab\u00eda presentado ning\u00fan inconveniente.<\/p>\n<p class=\"com-paragraph   --s\"><strong>\u201cEst\u00e1 todo bien. No tengo el alta todav\u00eda porque ayer volv\u00ed a dar positivo, pero la carga viral es muy baja. Soy un privilegiado\u201d.<\/strong><\/p>\n","protected":false},"excerpt":{"rendered":"<p>El Presidente se refiri\u00f3 al comunicado de Juntos por el Cambio y afirm\u00f3 que se opusieron a las medidas solo porque las dict\u00f3 \u00e9l<\/p>\n","protected":false},"author":2,"featured_media":41759,"comment_status":"open","ping_status":"open","sticky":false,"template":"","format":"standard","meta":{"fifu_image_url":"","fifu_image_alt":"","footnotes":""},"categories":[16],"tags":[1311],"class_list":{"0":"post-58474","1":"post","2":"type-post","3":"status-publish","4":"format-standard","5":"has-post-thumbnail","7":"category-politi","8":"tag-alberto-fernandez"},"yoast_head":"<title>Alberto Fern\u00e1ndez a un sector de la oposici\u00f3n: \u201cHay que ser un imb\u00e9cil profundo o una muy mala persona\u201d - Informe Litoral<\/title>\n<meta name=\"robots\" content=\"index, follow, max-snippet:-1, max-image-preview:large, max-video-preview:-1\" \/>\n<link rel=\"canonical\" href=\"https:\/\/informelitoral.com.ar\/alberto-fernandez-a-un-sector-de-la-oposicion-hay-que-ser-un-imbecil-profundo-o-una-muy-mala-persona\/\" \/>\n<meta property=\"og:locale\" content=\"es_ES\" \/>\n<meta property=\"og:type\" content=\"article\" \/>\n<meta property=\"og:title\" content=\"Alberto Fern\u00e1ndez a un sector de la oposici\u00f3n: \u201cHay que ser un imb\u00e9cil profundo o una muy mala persona\u201d - Informe Litoral\" \/>\n<meta property=\"og:description\" content=\"El Presidente se refiri\u00f3 al comunicado de Juntos por el Cambio y afirm\u00f3 que se opusieron a las medidas solo porque las dict\u00f3 \u00e9l\" \/>\n<meta property=\"og:url\" content=\"https:\/\/informelitoral.com.ar\/alberto-fernandez-a-un-sector-de-la-oposicion-hay-que-ser-un-imbecil-profundo-o-una-muy-mala-persona\/\" \/>\n<meta property=\"og:site_name\" content=\"Informe Litoral\" \/>\n<meta property=\"article:publisher\" content=\"https:\/\/www.facebook.com\/informelitoral\/\" \/>\n<meta property=\"article:published_time\" content=\"2021-04-08T17:10:00+00:00\" \/>\n<meta property=\"og:image\" content=\"https:\/\/informelitoral.com.ar\/%77%70%2d%63%6f%6e%74%65%6e%74\/uploads\/2020\/04\/alberto-fernandez.jpeg\" \/>\n\t<meta property=\"og:image:width\" content=\"960\" \/>\n\t<meta property=\"og:image:height\" content=\"638\" \/>\n\t<meta property=\"og:image:type\" content=\"image\/jpeg\" \/>\n<meta name=\"author\" content=\"Gonzalo Schmidt\" \/>\n<meta name=\"twitter:card\" content=\"summary_large_image\" \/>\n<meta name=\"twitter:creator\" content=\"@InformeLitoral\" \/>\n<meta name=\"twitter:site\" content=\"@InformeLitoral\" \/>\n<meta name=\"twitter:label1\" content=\"Escrito por\" \/>\n\t<meta name=\"twitter:data1\" content=\"Gonzalo Schmidt\" \/>\n\t<meta name=\"twitter:label2\" content=\"Tiempo de lectura\" \/>\n\t<meta name=\"twitter:data2\" content=\"5 minutos\" \/>\n<script type=\"application\/ld+json\" class=\"yoast-schema-graph\">{\"@context\":\"https:\\\/\\\/schema.org\",\"@graph\":[{\"@type\":\"Article\",\"@id\":\"https:\\\/\\\/informelitoral.com.ar\\\/alberto-fernandez-a-un-sector-de-la-oposicion-hay-que-ser-un-imbecil-profundo-o-una-muy-mala-persona\\\/#article\",\"isPartOf\":{\"@id\":\"https:\\\/\\\/informelitoral.com.ar\\\/alberto-fernandez-a-un-sector-de-la-oposicion-hay-que-ser-un-imbecil-profundo-o-una-muy-mala-persona\\\/\"},\"author\":{\"name\":\"Gonzalo Schmidt\",\"@id\":\"https:\\\/\\\/informelitoral.com.ar\\\/#\\\/schema\\\/person\\\/b9d00407c836482871ef1d57bf8e3180\"},\"headline\":\"Alberto Fern\u00e1ndez a un sector de la oposici\u00f3n: \u201cHay que ser un imb\u00e9cil profundo o una muy mala persona\u201d\",\"datePublished\":\"2021-04-08T17:10:00+00:00\",\"mainEntityOfPage\":{\"@id\":\"https:\\\/\\\/informelitoral.com.ar\\\/alberto-fernandez-a-un-sector-de-la-oposicion-hay-que-ser-un-imbecil-profundo-o-una-muy-mala-persona\\\/\"},\"wordCount\":1048,\"commentCount\":0,\"publisher\":{\"@id\":\"https:\\\/\\\/informelitoral.com.ar\\\/#organization\"},\"image\":{\"@id\":\"https:\\\/\\\/informelitoral.com.ar\\\/alberto-fernandez-a-un-sector-de-la-oposicion-hay-que-ser-un-imbecil-profundo-o-una-muy-mala-persona\\\/#primaryimage\"},\"thumbnailUrl\":\"https:\\\/\\\/informelitoral.com.ar\\\/%77%70%2d%63%6f%6e%74%65%6e%74\\\/uploads\\\/2020\\\/04\\\/alberto-fernandez.jpeg\",\"keywords\":[\"Alberto Fern\u00e1ndez\"],\"articleSection\":[\"Politica\"],\"inLanguage\":\"es\",\"potentialAction\":[{\"@type\":\"CommentAction\",\"name\":\"Comment\",\"target\":[\"https:\\\/\\\/informelitoral.com.ar\\\/alberto-fernandez-a-un-sector-de-la-oposicion-hay-que-ser-un-imbecil-profundo-o-una-muy-mala-persona\\\/#respond\"]}]},{\"@type\":\"WebPage\",\"@id\":\"https:\\\/\\\/informelitoral.com.ar\\\/alberto-fernandez-a-un-sector-de-la-oposicion-hay-que-ser-un-imbecil-profundo-o-una-muy-mala-persona\\\/\",\"url\":\"https:\\\/\\\/informelitoral.com.ar\\\/alberto-fernandez-a-un-sector-de-la-oposicion-hay-que-ser-un-imbecil-profundo-o-una-muy-mala-persona\\\/\",\"name\":\"Alberto Fern\u00e1ndez a un sector de la oposici\u00f3n: \u201cHay que ser un imb\u00e9cil profundo o una muy mala persona\u201d - Informe Litoral\",\"isPartOf\":{\"@id\":\"https:\\\/\\\/informelitoral.com.ar\\\/#website\"},\"primaryImageOfPage\":{\"@id\":\"https:\\\/\\\/informelitoral.com.ar\\\/alberto-fernandez-a-un-sector-de-la-oposicion-hay-que-ser-un-imbecil-profundo-o-una-muy-mala-persona\\\/#primaryimage\"},\"image\":{\"@id\":\"https:\\\/\\\/informelitoral.com.ar\\\/alberto-fernandez-a-un-sector-de-la-oposicion-hay-que-ser-un-imbecil-profundo-o-una-muy-mala-persona\\\/#primaryimage\"},\"thumbnailUrl\":\"https:\\\/\\\/informelitoral.com.ar\\\/%77%70%2d%63%6f%6e%74%65%6e%74\\\/uploads\\\/2020\\\/04\\\/alberto-fernandez.jpeg\",\"datePublished\":\"2021-04-08T17:10:00+00:00\",\"breadcrumb\":{\"@id\":\"https:\\\/\\\/informelitoral.com.ar\\\/alberto-fernandez-a-un-sector-de-la-oposicion-hay-que-ser-un-imbecil-profundo-o-una-muy-mala-persona\\\/#breadcrumb\"},\"inLanguage\":\"es\",\"potentialAction\":[{\"@type\":\"ReadAction\",\"target\":[\"https:\\\/\\\/informelitoral.com.ar\\\/alberto-fernandez-a-un-sector-de-la-oposicion-hay-que-ser-un-imbecil-profundo-o-una-muy-mala-persona\\\/\"]}]},{\"@type\":\"ImageObject\",\"inLanguage\":\"es\",\"@id\":\"https:\\\/\\\/informelitoral.com.ar\\\/alberto-fernandez-a-un-sector-de-la-oposicion-hay-que-ser-un-imbecil-profundo-o-una-muy-mala-persona\\\/#primaryimage\",\"url\":\"https:\\\/\\\/informelitoral.com.ar\\\/%77%70%2d%63%6f%6e%74%65%6e%74\\\/uploads\\\/2020\\\/04\\\/alberto-fernandez.jpeg\",\"contentUrl\":\"https:\\\/\\\/informelitoral.com.ar\\\/%77%70%2d%63%6f%6e%74%65%6e%74\\\/uploads\\\/2020\\\/04\\\/alberto-fernandez.jpeg\",\"width\":960,\"height\":638},{\"@type\":\"BreadcrumbList\",\"@id\":\"https:\\\/\\\/informelitoral.com.ar\\\/alberto-fernandez-a-un-sector-de-la-oposicion-hay-que-ser-un-imbecil-profundo-o-una-muy-mala-persona\\\/#breadcrumb\",\"itemListElement\":[{\"@type\":\"ListItem\",\"position\":1,\"name\":\"Portada\",\"item\":\"https:\\\/\\\/informelitoral.com.ar\\\/\"},{\"@type\":\"ListItem\",\"position\":2,\"name\":\"Alberto Fern\u00e1ndez a un sector de la oposici\u00f3n: \u201cHay que ser un imb\u00e9cil profundo o una muy mala persona\u201d\"}]},{\"@type\":\"WebSite\",\"@id\":\"https:\\\/\\\/informelitoral.com.ar\\\/#website\",\"url\":\"https:\\\/\\\/informelitoral.com.ar\\\/\",\"name\":\"Informe Litoral\",\"description\":\"&quot;Nos informamos&quot; \",\"publisher\":{\"@id\":\"https:\\\/\\\/informelitoral.com.ar\\\/#organization\"},\"potentialAction\":[{\"@type\":\"SearchAction\",\"target\":{\"@type\":\"EntryPoint\",\"urlTemplate\":\"https:\\\/\\\/informelitoral.com.ar\\\/?s={search_term_string}\"},\"query-input\":{\"@type\":\"PropertyValueSpecification\",\"valueRequired\":true,\"valueName\":\"search_term_string\"}}],\"inLanguage\":\"es\"},{\"@type\":\"Organization\",\"@id\":\"https:\\\/\\\/informelitoral.com.ar\\\/#organization\",\"name\":\"Informe Litoral\",\"url\":\"https:\\\/\\\/informelitoral.com.ar\\\/\",\"logo\":{\"@type\":\"ImageObject\",\"inLanguage\":\"es\",\"@id\":\"https:\\\/\\\/informelitoral.com.ar\\\/#\\\/schema\\\/logo\\\/image\\\/\",\"url\":\"https:\\\/\\\/informelitoral.com.ar\\\/%77%70%2d%63%6f%6e%74%65%6e%74\\\/uploads\\\/2021\\\/01\\\/circulo.png\",\"contentUrl\":\"https:\\\/\\\/informelitoral.com.ar\\\/%77%70%2d%63%6f%6e%74%65%6e%74\\\/uploads\\\/2021\\\/01\\\/circulo.png\",\"width\":723,\"height\":731,\"caption\":\"Informe Litoral\"},\"image\":{\"@id\":\"https:\\\/\\\/informelitoral.com.ar\\\/#\\\/schema\\\/logo\\\/image\\\/\"},\"sameAs\":[\"https:\\\/\\\/www.facebook.com\\\/informelitoral\\\/\",\"https:\\\/\\\/x.com\\\/InformeLitoral\",\"https:\\\/\\\/www.instagram.com\\\/informelitoral\\\/\",\"https:\\\/\\\/www.youtube.com\\\/channel\\\/UCua4Qvz8Icb6MYqhoq9xLXw\"]},{\"@type\":\"Person\",\"@id\":\"https:\\\/\\\/informelitoral.com.ar\\\/#\\\/schema\\\/person\\\/b9d00407c836482871ef1d57bf8e3180\",\"name\":\"Gonzalo Schmidt\",\"image\":{\"@type\":\"ImageObject\",\"inLanguage\":\"es\",\"@id\":\"https:\\\/\\\/secure.gravatar.com\\\/avatar\\\/31a1a7b66ff2de83bd0e9fd79d026630d2d99e55e8bfe501287647b4fd9743de?s=96&d=mm&r=g\",\"url\":\"https:\\\/\\\/secure.gravatar.com\\\/avatar\\\/31a1a7b66ff2de83bd0e9fd79d026630d2d99e55e8bfe501287647b4fd9743de?s=96&d=mm&r=g\",\"contentUrl\":\"https:\\\/\\\/secure.gravatar.com\\\/avatar\\\/31a1a7b66ff2de83bd0e9fd79d026630d2d99e55e8bfe501287647b4fd9743de?s=96&d=mm&r=g\",\"caption\":\"Gonzalo Schmidt\"},\"description\":\"Sitio web de noticias de la provincia de Entre R\u00edos, Argentina. Informaci\u00f3n y entretenimiento. Informe Litoral, nos informamos.\",\"sameAs\":[\"http:\\\/\\\/www.isletasnoticias.com.ar\"],\"url\":\"https:\\\/\\\/informelitoral.com.ar\\\/author\\\/gonzalo\\\/\"}]}<\/script>","yoast_head_json":{"title":"Alberto Fern\u00e1ndez a un sector de la oposici\u00f3n: \u201cHay que ser un imb\u00e9cil profundo o una muy mala persona\u201d - Informe Litoral","robots":{"index":"index","follow":"follow","max-snippet":"max-snippet:-1","max-image-preview":"max-image-preview:large","max-video-preview":"max-video-preview:-1"},"canonical":"https:\/\/informelitoral.com.ar\/alberto-fernandez-a-un-sector-de-la-oposicion-hay-que-ser-un-imbecil-profundo-o-una-muy-mala-persona\/","og_locale":"es_ES","og_type":"article","og_title":"Alberto Fern\u00e1ndez a un sector de la oposici\u00f3n: \u201cHay que ser un imb\u00e9cil profundo o una muy mala persona\u201d - Informe Litoral","og_description":"El Presidente se refiri\u00f3 al comunicado de Juntos por el Cambio y afirm\u00f3 que se opusieron a las medidas solo porque las dict\u00f3 \u00e9l","og_url":"https:\/\/informelitoral.com.ar\/alberto-fernandez-a-un-sector-de-la-oposicion-hay-que-ser-un-imbecil-profundo-o-una-muy-mala-persona\/","og_site_name":"Informe Litoral","article_publisher":"https:\/\/www.facebook.com\/informelitoral\/","article_published_time":"2021-04-08T17:10:00+00:00","og_image":[{"width":960,"height":638,"url":"https:\/\/informelitoral.com.ar\/%77%70%2d%63%6f%6e%74%65%6e%74\/uploads\/2020\/04\/alberto-fernandez.jpeg","type":"image\/jpeg"}],"author":"Gonzalo Schmidt","twitter_card":"summary_large_image","twitter_creator":"@InformeLitoral","twitter_site":"@InformeLitoral","twitter_misc":{"Escrito por":"Gonzalo Schmidt","Tiempo de lectura":"5 minutos"},"schema":{"@context":"https:\/\/schema.org","@graph":[{"@type":"Article","@id":"https:\/\/informelitoral.com.ar\/alberto-fernandez-a-un-sector-de-la-oposicion-hay-que-ser-un-imbecil-profundo-o-una-muy-mala-persona\/#article","isPartOf":{"@id":"https:\/\/informelitoral.com.ar\/alberto-fernandez-a-un-sector-de-la-oposicion-hay-que-ser-un-imbecil-profundo-o-una-muy-mala-persona\/"},"author":{"name":"Gonzalo Schmidt","@id":"https:\/\/informelitoral.com.ar\/#\/schema\/person\/b9d00407c836482871ef1d57bf8e3180"},"headline":"Alberto Fern\u00e1ndez a un sector de la oposici\u00f3n: \u201cHay que ser un imb\u00e9cil profundo o una muy mala persona\u201d","datePublished":"2021-04-08T17:10:00+00:00","mainEntityOfPage":{"@id":"https:\/\/informelitoral.com.ar\/alberto-fernandez-a-un-sector-de-la-oposicion-hay-que-ser-un-imbecil-profundo-o-una-muy-mala-persona\/"},"wordCount":1048,"commentCount":0,"publisher":{"@id":"https:\/\/informelitoral.com.ar\/#organization"},"image":{"@id":"https:\/\/informelitoral.com.ar\/alberto-fernandez-a-un-sector-de-la-oposicion-hay-que-ser-un-imbecil-profundo-o-una-muy-mala-persona\/#primaryimage"},"thumbnailUrl":"https:\/\/informelitoral.com.ar\/%77%70%2d%63%6f%6e%74%65%6e%74\/uploads\/2020\/04\/alberto-fernandez.jpeg","keywords":["Alberto Fern\u00e1ndez"],"articleSection":["Politica"],"inLanguage":"es","potentialAction":[{"@type":"CommentAction","name":"Comment","target":["https:\/\/informelitoral.com.ar\/alberto-fernandez-a-un-sector-de-la-oposicion-hay-que-ser-un-imbecil-profundo-o-una-muy-mala-persona\/#respond"]}]},{"@type":"WebPage","@id":"https:\/\/informelitoral.com.ar\/alberto-fernandez-a-un-sector-de-la-oposicion-hay-que-ser-un-imbecil-profundo-o-una-muy-mala-persona\/","url":"https:\/\/informelitoral.com.ar\/alberto-fernandez-a-un-sector-de-la-oposicion-hay-que-ser-un-imbecil-profundo-o-una-muy-mala-persona\/","name":"Alberto Fern\u00e1ndez a un sector de la oposici\u00f3n: \u201cHay que ser un imb\u00e9cil profundo o una muy mala persona\u201d - Informe Litoral","isPartOf":{"@id":"https:\/\/informelitoral.com.ar\/#website"},"primaryImageOfPage":{"@id":"https:\/\/informelitoral.com.ar\/alberto-fernandez-a-un-sector-de-la-oposicion-hay-que-ser-un-imbecil-profundo-o-una-muy-mala-persona\/#primaryimage"},"image":{"@id":"https:\/\/informelitoral.com.ar\/alberto-fernandez-a-un-sector-de-la-oposicion-hay-que-ser-un-imbecil-profundo-o-una-muy-mala-persona\/#primaryimage"},"thumbnailUrl":"https:\/\/informelitoral.com.ar\/%77%70%2d%63%6f%6e%74%65%6e%74\/uploads\/2020\/04\/alberto-fernandez.jpeg","datePublished":"2021-04-08T17:10:00+00:00","breadcrumb":{"@id":"https:\/\/informelitoral.com.ar\/alberto-fernandez-a-un-sector-de-la-oposicion-hay-que-ser-un-imbecil-profundo-o-una-muy-mala-persona\/#breadcrumb"},"inLanguage":"es","potentialAction":[{"@type":"ReadAction","target":["https:\/\/informelitoral.com.ar\/alberto-fernandez-a-un-sector-de-la-oposicion-hay-que-ser-un-imbecil-profundo-o-una-muy-mala-persona\/"]}]},{"@type":"ImageObject","inLanguage":"es","@id":"https:\/\/informelitoral.com.ar\/alberto-fernandez-a-un-sector-de-la-oposicion-hay-que-ser-un-imbecil-profundo-o-una-muy-mala-persona\/#primaryimage","url":"https:\/\/informelitoral.com.ar\/%77%70%2d%63%6f%6e%74%65%6e%74\/uploads\/2020\/04\/alberto-fernandez.jpeg","contentUrl":"https:\/\/informelitoral.com.ar\/%77%70%2d%63%6f%6e%74%65%6e%74\/uploads\/2020\/04\/alberto-fernandez.jpeg","width":960,"height":638},{"@type":"BreadcrumbList","@id":"https:\/\/informelitoral.com.ar\/alberto-fernandez-a-un-sector-de-la-oposicion-hay-que-ser-un-imbecil-profundo-o-una-muy-mala-persona\/#breadcrumb","itemListElement":[{"@type":"ListItem","position":1,"name":"Portada","item":"https:\/\/informelitoral.com.ar\/"},{"@type":"ListItem","position":2,"name":"Alberto Fern\u00e1ndez a un sector de la oposici\u00f3n: \u201cHay que ser un imb\u00e9cil profundo o una muy mala persona\u201d"}]},{"@type":"WebSite","@id":"https:\/\/informelitoral.com.ar\/#website","url":"https:\/\/informelitoral.com.ar\/","name":"Informe Litoral","description":"&quot;Nos informamos&quot; ","publisher":{"@id":"https:\/\/informelitoral.com.ar\/#organization"},"potentialAction":[{"@type":"SearchAction","target":{"@type":"EntryPoint","urlTemplate":"https:\/\/informelitoral.com.ar\/?s={search_term_string}"},"query-input":{"@type":"PropertyValueSpecification","valueRequired":true,"valueName":"search_term_string"}}],"inLanguage":"es"},{"@type":"Organization","@id":"https:\/\/informelitoral.com.ar\/#organization","name":"Informe Litoral","url":"https:\/\/informelitoral.com.ar\/","logo":{"@type":"ImageObject","inLanguage":"es","@id":"https:\/\/informelitoral.com.ar\/#\/schema\/logo\/image\/","url":"https:\/\/informelitoral.com.ar\/%77%70%2d%63%6f%6e%74%65%6e%74\/uploads\/2021\/01\/circulo.png","contentUrl":"https:\/\/informelitoral.com.ar\/%77%70%2d%63%6f%6e%74%65%6e%74\/uploads\/2021\/01\/circulo.png","width":723,"height":731,"caption":"Informe Litoral"},"image":{"@id":"https:\/\/informelitoral.com.ar\/#\/schema\/logo\/image\/"},"sameAs":["https:\/\/www.facebook.com\/informelitoral\/","https:\/\/x.com\/InformeLitoral","https:\/\/www.instagram.com\/informelitoral\/","https:\/\/www.youtube.com\/channel\/UCua4Qvz8Icb6MYqhoq9xLXw"]},{"@type":"Person","@id":"https:\/\/informelitoral.com.ar\/#\/schema\/person\/b9d00407c836482871ef1d57bf8e3180","name":"Gonzalo Schmidt","image":{"@type":"ImageObject","inLanguage":"es","@id":"https:\/\/secure.gravatar.com\/avatar\/31a1a7b66ff2de83bd0e9fd79d026630d2d99e55e8bfe501287647b4fd9743de?s=96&d=mm&r=g","url":"https:\/\/secure.gravatar.com\/avatar\/31a1a7b66ff2de83bd0e9fd79d026630d2d99e55e8bfe501287647b4fd9743de?s=96&d=mm&r=g","contentUrl":"https:\/\/secure.gravatar.com\/avatar\/31a1a7b66ff2de83bd0e9fd79d026630d2d99e55e8bfe501287647b4fd9743de?s=96&d=mm&r=g","caption":"Gonzalo Schmidt"},"description":"Sitio web de noticias de la provincia de Entre R\u00edos, Argentina. Informaci\u00f3n y entretenimiento. Informe Litoral, nos informamos.","sameAs":["http:\/\/www.isletasnoticias.com.ar"],"url":"https:\/\/informelitoral.com.ar\/author\/gonzalo\/"}]}},"_links":{"self":[{"href":"https:\/\/informelitoral.com.ar\/%77%70%2d%6a%73%6f%6e\/wp\/v2\/posts\/58474","targetHints":{"allow":["GET"]}}],"collection":[{"href":"https:\/\/informelitoral.com.ar\/%77%70%2d%6a%73%6f%6e\/wp\/v2\/posts"}],"about":[{"href":"https:\/\/informelitoral.com.ar\/%77%70%2d%6a%73%6f%6e\/wp\/v2\/types\/post"}],"author":[{"embeddable":true,"href":"https:\/\/informelitoral.com.ar\/%77%70%2d%6a%73%6f%6e\/wp\/v2\/users\/2"}],"replies":[{"embeddable":true,"href":"https:\/\/informelitoral.com.ar\/%77%70%2d%6a%73%6f%6e\/wp\/v2\/comments?post=58474"}],"version-history":[{"count":0,"href":"https:\/\/informelitoral.com.ar\/%77%70%2d%6a%73%6f%6e\/wp\/v2\/posts\/58474\/revisions"}],"wp:featuredmedia":[{"embeddable":true,"href":"https:\/\/informelitoral.com.ar\/%77%70%2d%6a%73%6f%6e\/wp\/v2\/media\/41759"}],"wp:attachment":[{"href":"https:\/\/informelitoral.com.ar\/%77%70%2d%6a%73%6f%6e\/wp\/v2\/media?parent=58474"}],"wp:term":[{"taxonomy":"category","embeddable":true,"href":"https:\/\/informelitoral.com.ar\/%77%70%2d%6a%73%6f%6e\/wp\/v2\/categories?post=58474"},{"taxonomy":"post_tag","embeddable":true,"href":"https:\/\/informelitoral.com.ar\/%77%70%2d%6a%73%6f%6e\/wp\/v2\/tags?post=58474"}],"curies":[{"name":"wp","href":"https:\/\/api.w.org\/{rel}","templated":true}]}}