{"id":58472,"date":"2021-04-08T14:04:40","date_gmt":"2021-04-08T17:04:40","guid":{"rendered":"https:\/\/www.informelitoral.com.ar\/?p=58472"},"modified":"2021-04-08T14:04:40","modified_gmt":"2021-04-08T17:04:40","slug":"este-jueves-en-entre-rios-se-sumaron-381-casos-de-coronavirus","status":"publish","type":"post","link":"https:\/\/informelitoral.com.ar\/este-jueves-en-entre-rios-se-sumaron-381-casos-de-coronavirus\/","title":{"rendered":"Este jueves en Entre R\u00edos se sumaron 381 casos de coronavirus"},"content":{"rendered":"<p>En virtud de los datos reportados al 8 de abril de 2021 por el \u00e1rea de Vigilancia Epidemiol\u00f3gica del Ministerio de Salud, <strong>en Entre R\u00edos se han sumado 381 casos de coronavirus.<\/strong><\/p>\n<h3>Los casos se distribuyen de la siguiente manera:<\/h3>\n<p><strong>\u2705 Departamento Paran\u00e1 132, distribuidos en:<\/strong><br \/>\nCERRITO 6<br \/>\nCOLONIA AVELLANEDA 1<br \/>\nCRESPO 5<br \/>\nEL PINGO 1<br \/>\nHASENKAMP 1<br \/>\nMARIA GRANDE 1<br \/>\nPARAN\u00c1 103<br \/>\nSAN BENITO 5<br \/>\nSAUCE MONTRULL 1<br \/>\nSEGUI 2<br \/>\nVIALE 6<\/p>\n<p><strong>\u2705 Departamento Col\u00f3n 38, distribuidos en:<\/strong><br \/>\nCOL\u00d3N 18<br \/>\nSAN JOS\u00c9 6<br \/>\nUBAJAY 1<br \/>\nVILLA ELISA 13<\/p>\n<p><strong>\u2705 Departamento Concordia 15, distribuidos en:<\/strong><br \/>\nCONCORDIA 14<br \/>\nPUERTO YERUA 1<\/p>\n<p><strong><span style=\"background-color: #ffff00;\">\u2705 Departamento Diamante 9, distribuidos en:<\/span><\/strong><br \/>\n<span style=\"background-color: #ffff00;\">ALDEA VALLE MARIA 1<\/span><br \/>\n<span style=\"background-color: #ffff00;\">DIAMANTE 4<\/span><br \/>\n<span style=\"background-color: #ffff00;\">VILLA LIBERTADOR SAN MART\u00cdN 4<\/span><\/p>\n<p><strong>\u2705 Departamento Federaci\u00f3n 10, distribuidos en:<\/strong><br \/>\nCHAJARI 2<br \/>\nFEDERACI\u00d3N 6<br \/>\nSAN RAMON 2<\/p>\n<p><strong>\u2705 Departamento Federal 3 , distribuidos en:<\/strong><br \/>\nFEDERAL 3<\/p>\n<p><strong>\u2705 Departamento Feliciano 1, distribuidos en:<\/strong><br \/>\nSAN JOS\u00c9 DE FELICIANO 1<\/p>\n<p><strong>\u2705 Departamento Gualeguay 26, distribuidos en:<\/strong><br \/>\nGENERAL GALARZA 8<br \/>\nGUALEGUAY 18<\/p>\n<p><strong>\u2705 Departamento Gualeguaych\u00fa 35, distribuidos en:<\/strong><br \/>\nGUALEGUAYCH\u00da 29<br \/>\nLARROQUE 3<br \/>\nPUEBLO GENERAL BELGRANO 1<br \/>\nURDINARRAIN 2<\/p>\n<p><strong>\u2705 Departamento Islas del Ibicuy 10 , distribuidos en:<\/strong><br \/>\nIBICUY 4<br \/>\nVILLA PARANACITO 6<\/p>\n<p><strong>\u2705 Departamento La Paz 38 , distribuidos en:<\/strong><br \/>\nLA PAZ 36<br \/>\nSANTA ELENA 2<\/p>\n<p><strong>\u2705 Departamento Tala 4, distribuidos en:<\/strong><br \/>\nROSARIO DEL TALA 4<\/p>\n<p><strong>\u2705 Departamento Uruguay 43, distribuidos en:<\/strong><br \/>\n1\u00b0 DE MAYO 4<br \/>\nCASEROS 1<br \/>\nCONCEPCI\u00d3N DEL URUGUAY 36<br \/>\nHERRERA 2cononaco<\/p>\n<p><strong>\u2705 Departamento Victoria 5, distribuidos en:<\/strong><br \/>\nRINCON DE NOGOYA 2<br \/>\nVICTORIA 3<\/p>\n<p><strong>\u2705 Departamento Villaguay 12, distribuidos en:<\/strong><br \/>\nVILLAGUAY 12<\/p>\n<p><strong>? *Reclasificaciones :<\/strong><br \/>\n\u2714\ufe0f Se resta un caso confirmado de la localidad de Conscripto Bernardi, departamento Federal y se suma a otra provincia.<br \/>\n\u2714\ufe0f Se resta un caso de la ciudad de Paran\u00e1 y tres de Sauce Pinto se reclasifican en Aldea Mar\u00eda Luisa<\/p>\n<h5><strong>De ese modo, en la provincia son 52.614 los casos confirmados.<\/strong><\/h5>\n","protected":false},"excerpt":{"rendered":"<p>Lejos, la ciudad de Paran\u00e1 presenta la mayor\u00eda de los contagios con m\u00e1s de 100 casos. En el departamento Diamante, tras varios d\u00edas con n\u00fameros altos, hay un descenso en Libertador San Mart\u00edn. <\/p>\n","protected":false},"author":2,"featured_media":45265,"comment_status":"open","ping_status":"open","sticky":false,"template":"","format":"standard","meta":{"fifu_image_url":"","fifu_image_alt":"","footnotes":""},"categories":[6],"tags":[1426,1481,81],"class_list":{"0":"post-58472","1":"post","2":"type-post","3":"status-publish","4":"format-standard","5":"has-post-thumbnail","7":"category-entre-rios","8":"tag-coronavirus","9":"tag-covid-19","10":"tag-entre-rios"},"yoast_head":"<title>Este jueves en Entre R\u00edos se sumaron 381 casos de coronavirus - Informe Litoral<\/title>\n<meta name=\"robots\" content=\"index, follow, max-snippet:-1, max-image-preview:large, max-video-preview:-1\" \/>\n<link rel=\"canonical\" href=\"https:\/\/informelitoral.com.ar\/este-jueves-en-entre-rios-se-sumaron-381-casos-de-coronavirus\/\" \/>\n<meta property=\"og:locale\" content=\"es_ES\" \/>\n<meta property=\"og:type\" content=\"article\" \/>\n<meta property=\"og:title\" content=\"Este jueves en Entre R\u00edos se sumaron 381 casos de coronavirus - Informe Litoral\" \/>\n<meta property=\"og:description\" content=\"Lejos, la ciudad de Paran\u00e1 presenta la mayor\u00eda de los contagios con m\u00e1s de 100 casos. En el departamento Diamante, tras varios d\u00edas con n\u00fameros altos, hay un descenso en Libertador San Mart\u00edn.\" \/>\n<meta property=\"og:url\" content=\"https:\/\/informelitoral.com.ar\/este-jueves-en-entre-rios-se-sumaron-381-casos-de-coronavirus\/\" \/>\n<meta property=\"og:site_name\" content=\"Informe Litoral\" \/>\n<meta property=\"article:publisher\" content=\"https:\/\/www.facebook.com\/informelitoral\/\" \/>\n<meta property=\"article:published_time\" content=\"2021-04-08T17:04:40+00:00\" \/>\n<meta property=\"og:image\" content=\"https:\/\/informelitoral.com.ar\/%77%70%2d%63%6f%6e%74%65%6e%74\/uploads\/2020\/07\/covid19-er.jpg\" \/>\n\t<meta property=\"og:image:width\" content=\"759\" \/>\n\t<meta property=\"og:image:height\" content=\"500\" \/>\n\t<meta property=\"og:image:type\" content=\"image\/jpeg\" \/>\n<meta name=\"author\" content=\"Gonzalo Schmidt\" \/>\n<meta name=\"twitter:card\" content=\"summary_large_image\" \/>\n<meta name=\"twitter:creator\" content=\"@InformeLitoral\" \/>\n<meta name=\"twitter:site\" content=\"@InformeLitoral\" \/>\n<meta name=\"twitter:label1\" content=\"Escrito por\" \/>\n\t<meta name=\"twitter:data1\" content=\"Gonzalo Schmidt\" \/>\n\t<meta name=\"twitter:label2\" content=\"Tiempo de lectura\" \/>\n\t<meta name=\"twitter:data2\" content=\"1 minuto\" \/>\n<script type=\"application\/ld+json\" class=\"yoast-schema-graph\">{\"@context\":\"https:\\\/\\\/schema.org\",\"@graph\":[{\"@type\":\"Article\",\"@id\":\"https:\\\/\\\/informelitoral.com.ar\\\/este-jueves-en-entre-rios-se-sumaron-381-casos-de-coronavirus\\\/#article\",\"isPartOf\":{\"@id\":\"https:\\\/\\\/informelitoral.com.ar\\\/este-jueves-en-entre-rios-se-sumaron-381-casos-de-coronavirus\\\/\"},\"author\":{\"name\":\"Gonzalo Schmidt\",\"@id\":\"https:\\\/\\\/informelitoral.com.ar\\\/#\\\/schema\\\/person\\\/b9d00407c836482871ef1d57bf8e3180\"},\"headline\":\"Este jueves en Entre R\u00edos se sumaron 381 casos de coronavirus\",\"datePublished\":\"2021-04-08T17:04:40+00:00\",\"mainEntityOfPage\":{\"@id\":\"https:\\\/\\\/informelitoral.com.ar\\\/este-jueves-en-entre-rios-se-sumaron-381-casos-de-coronavirus\\\/\"},\"wordCount\":244,\"commentCount\":0,\"publisher\":{\"@id\":\"https:\\\/\\\/informelitoral.com.ar\\\/#organization\"},\"image\":{\"@id\":\"https:\\\/\\\/informelitoral.com.ar\\\/este-jueves-en-entre-rios-se-sumaron-381-casos-de-coronavirus\\\/#primaryimage\"},\"thumbnailUrl\":\"https:\\\/\\\/informelitoral.com.ar\\\/%77%70%2d%63%6f%6e%74%65%6e%74\\\/uploads\\\/2020\\\/07\\\/covid19-er.jpg\",\"keywords\":[\"Coronavirus\",\"COVID-19\",\"Entre R\u00edos\"],\"articleSection\":[\"Entre R\u00edos\"],\"inLanguage\":\"es\",\"potentialAction\":[{\"@type\":\"CommentAction\",\"name\":\"Comment\",\"target\":[\"https:\\\/\\\/informelitoral.com.ar\\\/este-jueves-en-entre-rios-se-sumaron-381-casos-de-coronavirus\\\/#respond\"]}]},{\"@type\":\"WebPage\",\"@id\":\"https:\\\/\\\/informelitoral.com.ar\\\/este-jueves-en-entre-rios-se-sumaron-381-casos-de-coronavirus\\\/\",\"url\":\"https:\\\/\\\/informelitoral.com.ar\\\/este-jueves-en-entre-rios-se-sumaron-381-casos-de-coronavirus\\\/\",\"name\":\"Este jueves en Entre R\u00edos se sumaron 381 casos de coronavirus - Informe Litoral\",\"isPartOf\":{\"@id\":\"https:\\\/\\\/informelitoral.com.ar\\\/#website\"},\"primaryImageOfPage\":{\"@id\":\"https:\\\/\\\/informelitoral.com.ar\\\/este-jueves-en-entre-rios-se-sumaron-381-casos-de-coronavirus\\\/#primaryimage\"},\"image\":{\"@id\":\"https:\\\/\\\/informelitoral.com.ar\\\/este-jueves-en-entre-rios-se-sumaron-381-casos-de-coronavirus\\\/#primaryimage\"},\"thumbnailUrl\":\"https:\\\/\\\/informelitoral.com.ar\\\/%77%70%2d%63%6f%6e%74%65%6e%74\\\/uploads\\\/2020\\\/07\\\/covid19-er.jpg\",\"datePublished\":\"2021-04-08T17:04:40+00:00\",\"breadcrumb\":{\"@id\":\"https:\\\/\\\/informelitoral.com.ar\\\/este-jueves-en-entre-rios-se-sumaron-381-casos-de-coronavirus\\\/#breadcrumb\"},\"inLanguage\":\"es\",\"potentialAction\":[{\"@type\":\"ReadAction\",\"target\":[\"https:\\\/\\\/informelitoral.com.ar\\\/este-jueves-en-entre-rios-se-sumaron-381-casos-de-coronavirus\\\/\"]}]},{\"@type\":\"ImageObject\",\"inLanguage\":\"es\",\"@id\":\"https:\\\/\\\/informelitoral.com.ar\\\/este-jueves-en-entre-rios-se-sumaron-381-casos-de-coronavirus\\\/#primaryimage\",\"url\":\"https:\\\/\\\/informelitoral.com.ar\\\/%77%70%2d%63%6f%6e%74%65%6e%74\\\/uploads\\\/2020\\\/07\\\/covid19-er.jpg\",\"contentUrl\":\"https:\\\/\\\/informelitoral.com.ar\\\/%77%70%2d%63%6f%6e%74%65%6e%74\\\/uploads\\\/2020\\\/07\\\/covid19-er.jpg\",\"width\":759,\"height\":500},{\"@type\":\"BreadcrumbList\",\"@id\":\"https:\\\/\\\/informelitoral.com.ar\\\/este-jueves-en-entre-rios-se-sumaron-381-casos-de-coronavirus\\\/#breadcrumb\",\"itemListElement\":[{\"@type\":\"ListItem\",\"position\":1,\"name\":\"Portada\",\"item\":\"https:\\\/\\\/informelitoral.com.ar\\\/\"},{\"@type\":\"ListItem\",\"position\":2,\"name\":\"Este jueves en Entre R\u00edos se sumaron 381 casos de coronavirus\"}]},{\"@type\":\"WebSite\",\"@id\":\"https:\\\/\\\/informelitoral.com.ar\\\/#website\",\"url\":\"https:\\\/\\\/informelitoral.com.ar\\\/\",\"name\":\"Informe Litoral\",\"description\":\"&quot;Nos informamos&quot; \",\"publisher\":{\"@id\":\"https:\\\/\\\/informelitoral.com.ar\\\/#organization\"},\"potentialAction\":[{\"@type\":\"SearchAction\",\"target\":{\"@type\":\"EntryPoint\",\"urlTemplate\":\"https:\\\/\\\/informelitoral.com.ar\\\/?s={search_term_string}\"},\"query-input\":{\"@type\":\"PropertyValueSpecification\",\"valueRequired\":true,\"valueName\":\"search_term_string\"}}],\"inLanguage\":\"es\"},{\"@type\":\"Organization\",\"@id\":\"https:\\\/\\\/informelitoral.com.ar\\\/#organization\",\"name\":\"Informe Litoral\",\"url\":\"https:\\\/\\\/informelitoral.com.ar\\\/\",\"logo\":{\"@type\":\"ImageObject\",\"inLanguage\":\"es\",\"@id\":\"https:\\\/\\\/informelitoral.com.ar\\\/#\\\/schema\\\/logo\\\/image\\\/\",\"url\":\"https:\\\/\\\/informelitoral.com.ar\\\/%77%70%2d%63%6f%6e%74%65%6e%74\\\/uploads\\\/2021\\\/01\\\/circulo.png\",\"contentUrl\":\"https:\\\/\\\/informelitoral.com.ar\\\/%77%70%2d%63%6f%6e%74%65%6e%74\\\/uploads\\\/2021\\\/01\\\/circulo.png\",\"width\":723,\"height\":731,\"caption\":\"Informe Litoral\"},\"image\":{\"@id\":\"https:\\\/\\\/informelitoral.com.ar\\\/#\\\/schema\\\/logo\\\/image\\\/\"},\"sameAs\":[\"https:\\\/\\\/www.facebook.com\\\/informelitoral\\\/\",\"https:\\\/\\\/x.com\\\/InformeLitoral\",\"https:\\\/\\\/www.instagram.com\\\/informelitoral\\\/\",\"https:\\\/\\\/www.youtube.com\\\/channel\\\/UCua4Qvz8Icb6MYqhoq9xLXw\"]},{\"@type\":\"Person\",\"@id\":\"https:\\\/\\\/informelitoral.com.ar\\\/#\\\/schema\\\/person\\\/b9d00407c836482871ef1d57bf8e3180\",\"name\":\"Gonzalo Schmidt\",\"image\":{\"@type\":\"ImageObject\",\"inLanguage\":\"es\",\"@id\":\"https:\\\/\\\/secure.gravatar.com\\\/avatar\\\/31a1a7b66ff2de83bd0e9fd79d026630d2d99e55e8bfe501287647b4fd9743de?s=96&d=mm&r=g\",\"url\":\"https:\\\/\\\/secure.gravatar.com\\\/avatar\\\/31a1a7b66ff2de83bd0e9fd79d026630d2d99e55e8bfe501287647b4fd9743de?s=96&d=mm&r=g\",\"contentUrl\":\"https:\\\/\\\/secure.gravatar.com\\\/avatar\\\/31a1a7b66ff2de83bd0e9fd79d026630d2d99e55e8bfe501287647b4fd9743de?s=96&d=mm&r=g\",\"caption\":\"Gonzalo Schmidt\"},\"description\":\"Sitio web de noticias de la provincia de Entre R\u00edos, Argentina. Informaci\u00f3n y entretenimiento. Informe Litoral, nos informamos.\",\"sameAs\":[\"http:\\\/\\\/www.isletasnoticias.com.ar\"],\"url\":\"https:\\\/\\\/informelitoral.com.ar\\\/author\\\/gonzalo\\\/\"}]}<\/script>","yoast_head_json":{"title":"Este jueves en Entre R\u00edos se sumaron 381 casos de coronavirus - Informe Litoral","robots":{"index":"index","follow":"follow","max-snippet":"max-snippet:-1","max-image-preview":"max-image-preview:large","max-video-preview":"max-video-preview:-1"},"canonical":"https:\/\/informelitoral.com.ar\/este-jueves-en-entre-rios-se-sumaron-381-casos-de-coronavirus\/","og_locale":"es_ES","og_type":"article","og_title":"Este jueves en Entre R\u00edos se sumaron 381 casos de coronavirus - Informe Litoral","og_description":"Lejos, la ciudad de Paran\u00e1 presenta la mayor\u00eda de los contagios con m\u00e1s de 100 casos. En el departamento Diamante, tras varios d\u00edas con n\u00fameros altos, hay un descenso en Libertador San Mart\u00edn.","og_url":"https:\/\/informelitoral.com.ar\/este-jueves-en-entre-rios-se-sumaron-381-casos-de-coronavirus\/","og_site_name":"Informe Litoral","article_publisher":"https:\/\/www.facebook.com\/informelitoral\/","article_published_time":"2021-04-08T17:04:40+00:00","og_image":[{"width":759,"height":500,"url":"https:\/\/informelitoral.com.ar\/%77%70%2d%63%6f%6e%74%65%6e%74\/uploads\/2020\/07\/covid19-er.jpg","type":"image\/jpeg"}],"author":"Gonzalo Schmidt","twitter_card":"summary_large_image","twitter_creator":"@InformeLitoral","twitter_site":"@InformeLitoral","twitter_misc":{"Escrito por":"Gonzalo Schmidt","Tiempo de lectura":"1 minuto"},"schema":{"@context":"https:\/\/schema.org","@graph":[{"@type":"Article","@id":"https:\/\/informelitoral.com.ar\/este-jueves-en-entre-rios-se-sumaron-381-casos-de-coronavirus\/#article","isPartOf":{"@id":"https:\/\/informelitoral.com.ar\/este-jueves-en-entre-rios-se-sumaron-381-casos-de-coronavirus\/"},"author":{"name":"Gonzalo Schmidt","@id":"https:\/\/informelitoral.com.ar\/#\/schema\/person\/b9d00407c836482871ef1d57bf8e3180"},"headline":"Este jueves en Entre R\u00edos se sumaron 381 casos de coronavirus","datePublished":"2021-04-08T17:04:40+00:00","mainEntityOfPage":{"@id":"https:\/\/informelitoral.com.ar\/este-jueves-en-entre-rios-se-sumaron-381-casos-de-coronavirus\/"},"wordCount":244,"commentCount":0,"publisher":{"@id":"https:\/\/informelitoral.com.ar\/#organization"},"image":{"@id":"https:\/\/informelitoral.com.ar\/este-jueves-en-entre-rios-se-sumaron-381-casos-de-coronavirus\/#primaryimage"},"thumbnailUrl":"https:\/\/informelitoral.com.ar\/%77%70%2d%63%6f%6e%74%65%6e%74\/uploads\/2020\/07\/covid19-er.jpg","keywords":["Coronavirus","COVID-19","Entre R\u00edos"],"articleSection":["Entre R\u00edos"],"inLanguage":"es","potentialAction":[{"@type":"CommentAction","name":"Comment","target":["https:\/\/informelitoral.com.ar\/este-jueves-en-entre-rios-se-sumaron-381-casos-de-coronavirus\/#respond"]}]},{"@type":"WebPage","@id":"https:\/\/informelitoral.com.ar\/este-jueves-en-entre-rios-se-sumaron-381-casos-de-coronavirus\/","url":"https:\/\/informelitoral.com.ar\/este-jueves-en-entre-rios-se-sumaron-381-casos-de-coronavirus\/","name":"Este jueves en Entre R\u00edos se sumaron 381 casos de coronavirus - Informe Litoral","isPartOf":{"@id":"https:\/\/informelitoral.com.ar\/#website"},"primaryImageOfPage":{"@id":"https:\/\/informelitoral.com.ar\/este-jueves-en-entre-rios-se-sumaron-381-casos-de-coronavirus\/#primaryimage"},"image":{"@id":"https:\/\/informelitoral.com.ar\/este-jueves-en-entre-rios-se-sumaron-381-casos-de-coronavirus\/#primaryimage"},"thumbnailUrl":"https:\/\/informelitoral.com.ar\/%77%70%2d%63%6f%6e%74%65%6e%74\/uploads\/2020\/07\/covid19-er.jpg","datePublished":"2021-04-08T17:04:40+00:00","breadcrumb":{"@id":"https:\/\/informelitoral.com.ar\/este-jueves-en-entre-rios-se-sumaron-381-casos-de-coronavirus\/#breadcrumb"},"inLanguage":"es","potentialAction":[{"@type":"ReadAction","target":["https:\/\/informelitoral.com.ar\/este-jueves-en-entre-rios-se-sumaron-381-casos-de-coronavirus\/"]}]},{"@type":"ImageObject","inLanguage":"es","@id":"https:\/\/informelitoral.com.ar\/este-jueves-en-entre-rios-se-sumaron-381-casos-de-coronavirus\/#primaryimage","url":"https:\/\/informelitoral.com.ar\/%77%70%2d%63%6f%6e%74%65%6e%74\/uploads\/2020\/07\/covid19-er.jpg","contentUrl":"https:\/\/informelitoral.com.ar\/%77%70%2d%63%6f%6e%74%65%6e%74\/uploads\/2020\/07\/covid19-er.jpg","width":759,"height":500},{"@type":"BreadcrumbList","@id":"https:\/\/informelitoral.com.ar\/este-jueves-en-entre-rios-se-sumaron-381-casos-de-coronavirus\/#breadcrumb","itemListElement":[{"@type":"ListItem","position":1,"name":"Portada","item":"https:\/\/informelitoral.com.ar\/"},{"@type":"ListItem","position":2,"name":"Este jueves en Entre R\u00edos se sumaron 381 casos de coronavirus"}]},{"@type":"WebSite","@id":"https:\/\/informelitoral.com.ar\/#website","url":"https:\/\/informelitoral.com.ar\/","name":"Informe Litoral","description":"&quot;Nos informamos&quot; ","publisher":{"@id":"https:\/\/informelitoral.com.ar\/#organization"},"potentialAction":[{"@type":"SearchAction","target":{"@type":"EntryPoint","urlTemplate":"https:\/\/informelitoral.com.ar\/?s={search_term_string}"},"query-input":{"@type":"PropertyValueSpecification","valueRequired":true,"valueName":"search_term_string"}}],"inLanguage":"es"},{"@type":"Organization","@id":"https:\/\/informelitoral.com.ar\/#organization","name":"Informe Litoral","url":"https:\/\/informelitoral.com.ar\/","logo":{"@type":"ImageObject","inLanguage":"es","@id":"https:\/\/informelitoral.com.ar\/#\/schema\/logo\/image\/","url":"https:\/\/informelitoral.com.ar\/%77%70%2d%63%6f%6e%74%65%6e%74\/uploads\/2021\/01\/circulo.png","contentUrl":"https:\/\/informelitoral.com.ar\/%77%70%2d%63%6f%6e%74%65%6e%74\/uploads\/2021\/01\/circulo.png","width":723,"height":731,"caption":"Informe Litoral"},"image":{"@id":"https:\/\/informelitoral.com.ar\/#\/schema\/logo\/image\/"},"sameAs":["https:\/\/www.facebook.com\/informelitoral\/","https:\/\/x.com\/InformeLitoral","https:\/\/www.instagram.com\/informelitoral\/","https:\/\/www.youtube.com\/channel\/UCua4Qvz8Icb6MYqhoq9xLXw"]},{"@type":"Person","@id":"https:\/\/informelitoral.com.ar\/#\/schema\/person\/b9d00407c836482871ef1d57bf8e3180","name":"Gonzalo Schmidt","image":{"@type":"ImageObject","inLanguage":"es","@id":"https:\/\/secure.gravatar.com\/avatar\/31a1a7b66ff2de83bd0e9fd79d026630d2d99e55e8bfe501287647b4fd9743de?s=96&d=mm&r=g","url":"https:\/\/secure.gravatar.com\/avatar\/31a1a7b66ff2de83bd0e9fd79d026630d2d99e55e8bfe501287647b4fd9743de?s=96&d=mm&r=g","contentUrl":"https:\/\/secure.gravatar.com\/avatar\/31a1a7b66ff2de83bd0e9fd79d026630d2d99e55e8bfe501287647b4fd9743de?s=96&d=mm&r=g","caption":"Gonzalo Schmidt"},"description":"Sitio web de noticias de la provincia de Entre R\u00edos, Argentina. Informaci\u00f3n y entretenimiento. Informe Litoral, nos informamos.","sameAs":["http:\/\/www.isletasnoticias.com.ar"],"url":"https:\/\/informelitoral.com.ar\/author\/gonzalo\/"}]}},"_links":{"self":[{"href":"https:\/\/informelitoral.com.ar\/%77%70%2d%6a%73%6f%6e\/wp\/v2\/posts\/58472","targetHints":{"allow":["GET"]}}],"collection":[{"href":"https:\/\/informelitoral.com.ar\/%77%70%2d%6a%73%6f%6e\/wp\/v2\/posts"}],"about":[{"href":"https:\/\/informelitoral.com.ar\/%77%70%2d%6a%73%6f%6e\/wp\/v2\/types\/post"}],"author":[{"embeddable":true,"href":"https:\/\/informelitoral.com.ar\/%77%70%2d%6a%73%6f%6e\/wp\/v2\/users\/2"}],"replies":[{"embeddable":true,"href":"https:\/\/informelitoral.com.ar\/%77%70%2d%6a%73%6f%6e\/wp\/v2\/comments?post=58472"}],"version-history":[{"count":0,"href":"https:\/\/informelitoral.com.ar\/%77%70%2d%6a%73%6f%6e\/wp\/v2\/posts\/58472\/revisions"}],"wp:featuredmedia":[{"embeddable":true,"href":"https:\/\/informelitoral.com.ar\/%77%70%2d%6a%73%6f%6e\/wp\/v2\/media\/45265"}],"wp:attachment":[{"href":"https:\/\/informelitoral.com.ar\/%77%70%2d%6a%73%6f%6e\/wp\/v2\/media?parent=58472"}],"wp:term":[{"taxonomy":"category","embeddable":true,"href":"https:\/\/informelitoral.com.ar\/%77%70%2d%6a%73%6f%6e\/wp\/v2\/categories?post=58472"},{"taxonomy":"post_tag","embeddable":true,"href":"https:\/\/informelitoral.com.ar\/%77%70%2d%6a%73%6f%6e\/wp\/v2\/tags?post=58472"}],"curies":[{"name":"wp","href":"https:\/\/api.w.org\/{rel}","templated":true}]}}