{"id":58462,"date":"2021-04-08T11:13:10","date_gmt":"2021-04-08T14:13:10","guid":{"rendered":"https:\/\/www.informelitoral.com.ar\/?p=58462"},"modified":"2021-04-08T11:19:14","modified_gmt":"2021-04-08T14:19:14","slug":"darrichon-aviso-que-adherira-a-las-medidas-anunciadas-por-alberto-fernandez","status":"publish","type":"post","link":"https:\/\/informelitoral.com.ar\/darrichon-aviso-que-adherira-a-las-medidas-anunciadas-por-alberto-fernandez\/","title":{"rendered":"Darrich\u00f3n avis\u00f3 que adherir\u00e1 a las medidas anunciadas por Alberto Fern\u00e1ndez"},"content":{"rendered":"<div>\n<p>Este mi\u00e9rcoles se conocieron <a href=\"https:\/\/www.informelitoral.com.ar\/alberto-fernandez-anuncio-restricciones-por-el-aumento-de-contagios-de-coronavirus\/\">nuevas definiciones por parte de Presidencia de la Naci\u00f3n.<\/a> El Departamento Diamante se encuentra catalogado \u201cen rojo\u201d por la cantidad de casos en Libertador San Mart\u00edn, por lo que se definieron restricciones, en principio hasta el 30 de abril.<\/p>\n<p>El intendente de Diamante Juan Carlos Darrich\u00f3n inform\u00f3 que, a trav\u00e9s de Comisi\u00f3n de Emergencia, se dispuso \u201cacatar el Decreto de Necesidad y Urgencia \u2013DNU- que adelant\u00f3 el Presidente Alberto Fern\u00e1ndez, y lo que se disponga desde Provincia\u201d.<\/p>\n<p>Asimismo, <strong>\u201cse han suspendido todas las actividades sociales que estaban habilitadas en la ciudad. Tambi\u00e9n nuestras actividades culturales y tur\u00edsticas\u201d.<\/strong> Para cortar la circulaci\u00f3n, <strong>\u201cse postergaron pasant\u00edas llevadas a cabo por estudiantes de Libertador San Mart\u00edn en nuestro CIC\u201d,<\/strong> ejemplific\u00f3.<\/p>\n<\/div>\n<div><\/div>\n<div><img loading=\"lazy\" decoding=\"async\" class=\"aligncenter wp-image-58463 size-full\" src=\"https:\/\/www.informelitoral.com.ar\/%77%70%2d%63%6f%6e%74%65%6e%74\/uploads\/2021\/04\/calle-Eva-Peron.jpg\" alt=\"\" width=\"857\" height=\"573\" srcset=\"https:\/\/informelitoral.com.ar\/%77%70%2d%63%6f%6e%74%65%6e%74\/uploads\/2021\/04\/calle-Eva-Peron.jpg 857w, https:\/\/informelitoral.com.ar\/%77%70%2d%63%6f%6e%74%65%6e%74\/uploads\/2021\/04\/calle-Eva-Peron-300x201.jpg 300w, https:\/\/informelitoral.com.ar\/%77%70%2d%63%6f%6e%74%65%6e%74\/uploads\/2021\/04\/calle-Eva-Peron-768x513.jpg 768w, https:\/\/informelitoral.com.ar\/%77%70%2d%63%6f%6e%74%65%6e%74\/uploads\/2021\/04\/calle-Eva-Peron-696x465.jpg 696w, https:\/\/informelitoral.com.ar\/%77%70%2d%63%6f%6e%74%65%6e%74\/uploads\/2021\/04\/calle-Eva-Peron-628x420.jpg 628w\" sizes=\"auto, (max-width: 857px) 100vw, 857px\" \/><br \/>\n\u201cEstamos entre los departamentos calificaci\u00f3n en rojo. Cabe se\u00f1alar que<strong> Diamante no tiene complicaciones y el Hospital en conjunto con los efectores de salud p\u00fablico y privado han realizado un gran trabajo de seguimiento de los casos.<\/strong> Pero la situaci\u00f3n en Libertador San Mart\u00edn puso a la zona en esta clasificaci\u00f3n\u201d.<\/div>\n<div><\/div>\n<div>\u201cCon estas medidas seguiremos con estos \u00edndices bajos en la ciudad. De lo contrario nos estaremos convocando para evaluar la situaci\u00f3n.<strong> Es fundamental que los vecinos de Diamante se cuiden, y colaboren en el acatamiento del Decreto para que podamos retomar las actividades lo antes posible<\/strong>\u201d.<\/div>\n","protected":false},"excerpt":{"rendered":"<p>Ya suspendieron actividades sociales, culturales y tur\u00edsticas. El intendente pidi\u00f3 el acompa\u00f1amiento de los vecinos y record\u00f3 que la calificaci\u00f3n del departamento se debe al desborde en Libertador San Mart\u00edn.<\/p>\n","protected":false},"author":2,"featured_media":58464,"comment_status":"open","ping_status":"open","sticky":false,"template":"","format":"standard","meta":{"fifu_image_url":"","fifu_image_alt":"","footnotes":""},"categories":[5,16],"tags":[1426,1385,34,1281,2257],"class_list":{"0":"post-58462","1":"post","2":"type-post","3":"status-publish","4":"format-standard","5":"has-post-thumbnail","7":"category-zonales","8":"category-politi","9":"tag-coronavirus","10":"tag-departamento-diamante","11":"tag-diamante","12":"tag-juan-carlos-darrichon","13":"tag-restricciones-nocturnas"},"yoast_head":"<title>Darrich\u00f3n avis\u00f3 que adherir\u00e1 a las medidas anunciadas por Alberto Fern\u00e1ndez - Informe Litoral<\/title>\n<meta name=\"robots\" content=\"index, follow, max-snippet:-1, max-image-preview:large, max-video-preview:-1\" \/>\n<link rel=\"canonical\" href=\"https:\/\/informelitoral.com.ar\/darrichon-aviso-que-adherira-a-las-medidas-anunciadas-por-alberto-fernandez\/\" \/>\n<meta property=\"og:locale\" content=\"es_ES\" \/>\n<meta property=\"og:type\" content=\"article\" \/>\n<meta property=\"og:title\" content=\"Darrich\u00f3n avis\u00f3 que adherir\u00e1 a las medidas anunciadas por Alberto Fern\u00e1ndez - Informe Litoral\" \/>\n<meta property=\"og:description\" content=\"Ya suspendieron actividades sociales, culturales y tur\u00edsticas. El intendente pidi\u00f3 el acompa\u00f1amiento de los vecinos y record\u00f3 que la calificaci\u00f3n del departamento se debe al desborde en Libertador San Mart\u00edn.\" \/>\n<meta property=\"og:url\" content=\"https:\/\/informelitoral.com.ar\/darrichon-aviso-que-adherira-a-las-medidas-anunciadas-por-alberto-fernandez\/\" \/>\n<meta property=\"og:site_name\" content=\"Informe Litoral\" \/>\n<meta property=\"article:publisher\" content=\"https:\/\/www.facebook.com\/informelitoral\/\" \/>\n<meta property=\"article:published_time\" content=\"2021-04-08T14:13:10+00:00\" \/>\n<meta property=\"article:modified_time\" content=\"2021-04-08T14:19:14+00:00\" \/>\n<meta property=\"og:image\" content=\"https:\/\/informelitoral.com.ar\/%77%70%2d%63%6f%6e%74%65%6e%74\/uploads\/2021\/04\/DSC_00299-scaled.jpg\" \/>\n\t<meta property=\"og:image:width\" content=\"2560\" \/>\n\t<meta property=\"og:image:height\" content=\"1827\" \/>\n\t<meta property=\"og:image:type\" content=\"image\/jpeg\" \/>\n<meta name=\"author\" content=\"Gonzalo Schmidt\" \/>\n<meta name=\"twitter:card\" content=\"summary_large_image\" \/>\n<meta name=\"twitter:creator\" content=\"@InformeLitoral\" \/>\n<meta name=\"twitter:site\" content=\"@InformeLitoral\" \/>\n<meta name=\"twitter:label1\" content=\"Escrito por\" \/>\n\t<meta name=\"twitter:data1\" content=\"Gonzalo Schmidt\" \/>\n\t<meta name=\"twitter:label2\" content=\"Tiempo de lectura\" \/>\n\t<meta name=\"twitter:data2\" content=\"1 minuto\" \/>\n<script type=\"application\/ld+json\" class=\"yoast-schema-graph\">{\"@context\":\"https:\\\/\\\/schema.org\",\"@graph\":[{\"@type\":\"Article\",\"@id\":\"https:\\\/\\\/informelitoral.com.ar\\\/darrichon-aviso-que-adherira-a-las-medidas-anunciadas-por-alberto-fernandez\\\/#article\",\"isPartOf\":{\"@id\":\"https:\\\/\\\/informelitoral.com.ar\\\/darrichon-aviso-que-adherira-a-las-medidas-anunciadas-por-alberto-fernandez\\\/\"},\"author\":{\"name\":\"Gonzalo Schmidt\",\"@id\":\"https:\\\/\\\/informelitoral.com.ar\\\/#\\\/schema\\\/person\\\/b9d00407c836482871ef1d57bf8e3180\"},\"headline\":\"Darrich\u00f3n avis\u00f3 que adherir\u00e1 a las medidas anunciadas por Alberto Fern\u00e1ndez\",\"datePublished\":\"2021-04-08T14:13:10+00:00\",\"dateModified\":\"2021-04-08T14:19:14+00:00\",\"mainEntityOfPage\":{\"@id\":\"https:\\\/\\\/informelitoral.com.ar\\\/darrichon-aviso-que-adherira-a-las-medidas-anunciadas-por-alberto-fernandez\\\/\"},\"wordCount\":249,\"commentCount\":0,\"publisher\":{\"@id\":\"https:\\\/\\\/informelitoral.com.ar\\\/#organization\"},\"image\":{\"@id\":\"https:\\\/\\\/informelitoral.com.ar\\\/darrichon-aviso-que-adherira-a-las-medidas-anunciadas-por-alberto-fernandez\\\/#primaryimage\"},\"thumbnailUrl\":\"https:\\\/\\\/informelitoral.com.ar\\\/%77%70%2d%63%6f%6e%74%65%6e%74\\\/uploads\\\/2021\\\/04\\\/DSC_00299-scaled.jpg\",\"keywords\":[\"Coronavirus\",\"Departamento Diamante\",\"Diamante\",\"Juan Carlos Darrich\u00f3n\",\"Restricciones nocturnas\"],\"articleSection\":[\"Departamento Diamante\",\"Politica\"],\"inLanguage\":\"es\",\"potentialAction\":[{\"@type\":\"CommentAction\",\"name\":\"Comment\",\"target\":[\"https:\\\/\\\/informelitoral.com.ar\\\/darrichon-aviso-que-adherira-a-las-medidas-anunciadas-por-alberto-fernandez\\\/#respond\"]}]},{\"@type\":\"WebPage\",\"@id\":\"https:\\\/\\\/informelitoral.com.ar\\\/darrichon-aviso-que-adherira-a-las-medidas-anunciadas-por-alberto-fernandez\\\/\",\"url\":\"https:\\\/\\\/informelitoral.com.ar\\\/darrichon-aviso-que-adherira-a-las-medidas-anunciadas-por-alberto-fernandez\\\/\",\"name\":\"Darrich\u00f3n avis\u00f3 que adherir\u00e1 a las medidas anunciadas por Alberto Fern\u00e1ndez - Informe Litoral\",\"isPartOf\":{\"@id\":\"https:\\\/\\\/informelitoral.com.ar\\\/#website\"},\"primaryImageOfPage\":{\"@id\":\"https:\\\/\\\/informelitoral.com.ar\\\/darrichon-aviso-que-adherira-a-las-medidas-anunciadas-por-alberto-fernandez\\\/#primaryimage\"},\"image\":{\"@id\":\"https:\\\/\\\/informelitoral.com.ar\\\/darrichon-aviso-que-adherira-a-las-medidas-anunciadas-por-alberto-fernandez\\\/#primaryimage\"},\"thumbnailUrl\":\"https:\\\/\\\/informelitoral.com.ar\\\/%77%70%2d%63%6f%6e%74%65%6e%74\\\/uploads\\\/2021\\\/04\\\/DSC_00299-scaled.jpg\",\"datePublished\":\"2021-04-08T14:13:10+00:00\",\"dateModified\":\"2021-04-08T14:19:14+00:00\",\"breadcrumb\":{\"@id\":\"https:\\\/\\\/informelitoral.com.ar\\\/darrichon-aviso-que-adherira-a-las-medidas-anunciadas-por-alberto-fernandez\\\/#breadcrumb\"},\"inLanguage\":\"es\",\"potentialAction\":[{\"@type\":\"ReadAction\",\"target\":[\"https:\\\/\\\/informelitoral.com.ar\\\/darrichon-aviso-que-adherira-a-las-medidas-anunciadas-por-alberto-fernandez\\\/\"]}]},{\"@type\":\"ImageObject\",\"inLanguage\":\"es\",\"@id\":\"https:\\\/\\\/informelitoral.com.ar\\\/darrichon-aviso-que-adherira-a-las-medidas-anunciadas-por-alberto-fernandez\\\/#primaryimage\",\"url\":\"https:\\\/\\\/informelitoral.com.ar\\\/%77%70%2d%63%6f%6e%74%65%6e%74\\\/uploads\\\/2021\\\/04\\\/DSC_00299-scaled.jpg\",\"contentUrl\":\"https:\\\/\\\/informelitoral.com.ar\\\/%77%70%2d%63%6f%6e%74%65%6e%74\\\/uploads\\\/2021\\\/04\\\/DSC_00299-scaled.jpg\",\"width\":2560,\"height\":1827},{\"@type\":\"BreadcrumbList\",\"@id\":\"https:\\\/\\\/informelitoral.com.ar\\\/darrichon-aviso-que-adherira-a-las-medidas-anunciadas-por-alberto-fernandez\\\/#breadcrumb\",\"itemListElement\":[{\"@type\":\"ListItem\",\"position\":1,\"name\":\"Portada\",\"item\":\"https:\\\/\\\/informelitoral.com.ar\\\/\"},{\"@type\":\"ListItem\",\"position\":2,\"name\":\"Darrich\u00f3n avis\u00f3 que adherir\u00e1 a las medidas anunciadas por Alberto Fern\u00e1ndez\"}]},{\"@type\":\"WebSite\",\"@id\":\"https:\\\/\\\/informelitoral.com.ar\\\/#website\",\"url\":\"https:\\\/\\\/informelitoral.com.ar\\\/\",\"name\":\"Informe Litoral\",\"description\":\"&quot;Nos informamos&quot; \",\"publisher\":{\"@id\":\"https:\\\/\\\/informelitoral.com.ar\\\/#organization\"},\"potentialAction\":[{\"@type\":\"SearchAction\",\"target\":{\"@type\":\"EntryPoint\",\"urlTemplate\":\"https:\\\/\\\/informelitoral.com.ar\\\/?s={search_term_string}\"},\"query-input\":{\"@type\":\"PropertyValueSpecification\",\"valueRequired\":true,\"valueName\":\"search_term_string\"}}],\"inLanguage\":\"es\"},{\"@type\":\"Organization\",\"@id\":\"https:\\\/\\\/informelitoral.com.ar\\\/#organization\",\"name\":\"Informe Litoral\",\"url\":\"https:\\\/\\\/informelitoral.com.ar\\\/\",\"logo\":{\"@type\":\"ImageObject\",\"inLanguage\":\"es\",\"@id\":\"https:\\\/\\\/informelitoral.com.ar\\\/#\\\/schema\\\/logo\\\/image\\\/\",\"url\":\"https:\\\/\\\/informelitoral.com.ar\\\/%77%70%2d%63%6f%6e%74%65%6e%74\\\/uploads\\\/2021\\\/01\\\/circulo.png\",\"contentUrl\":\"https:\\\/\\\/informelitoral.com.ar\\\/%77%70%2d%63%6f%6e%74%65%6e%74\\\/uploads\\\/2021\\\/01\\\/circulo.png\",\"width\":723,\"height\":731,\"caption\":\"Informe Litoral\"},\"image\":{\"@id\":\"https:\\\/\\\/informelitoral.com.ar\\\/#\\\/schema\\\/logo\\\/image\\\/\"},\"sameAs\":[\"https:\\\/\\\/www.facebook.com\\\/informelitoral\\\/\",\"https:\\\/\\\/x.com\\\/InformeLitoral\",\"https:\\\/\\\/www.instagram.com\\\/informelitoral\\\/\",\"https:\\\/\\\/www.youtube.com\\\/channel\\\/UCua4Qvz8Icb6MYqhoq9xLXw\"]},{\"@type\":\"Person\",\"@id\":\"https:\\\/\\\/informelitoral.com.ar\\\/#\\\/schema\\\/person\\\/b9d00407c836482871ef1d57bf8e3180\",\"name\":\"Gonzalo Schmidt\",\"image\":{\"@type\":\"ImageObject\",\"inLanguage\":\"es\",\"@id\":\"https:\\\/\\\/secure.gravatar.com\\\/avatar\\\/31a1a7b66ff2de83bd0e9fd79d026630d2d99e55e8bfe501287647b4fd9743de?s=96&d=mm&r=g\",\"url\":\"https:\\\/\\\/secure.gravatar.com\\\/avatar\\\/31a1a7b66ff2de83bd0e9fd79d026630d2d99e55e8bfe501287647b4fd9743de?s=96&d=mm&r=g\",\"contentUrl\":\"https:\\\/\\\/secure.gravatar.com\\\/avatar\\\/31a1a7b66ff2de83bd0e9fd79d026630d2d99e55e8bfe501287647b4fd9743de?s=96&d=mm&r=g\",\"caption\":\"Gonzalo Schmidt\"},\"description\":\"Sitio web de noticias de la provincia de Entre R\u00edos, Argentina. Informaci\u00f3n y entretenimiento. Informe Litoral, nos informamos.\",\"sameAs\":[\"http:\\\/\\\/www.isletasnoticias.com.ar\"],\"url\":\"https:\\\/\\\/informelitoral.com.ar\\\/author\\\/gonzalo\\\/\"}]}<\/script>","yoast_head_json":{"title":"Darrich\u00f3n avis\u00f3 que adherir\u00e1 a las medidas anunciadas por Alberto Fern\u00e1ndez - Informe Litoral","robots":{"index":"index","follow":"follow","max-snippet":"max-snippet:-1","max-image-preview":"max-image-preview:large","max-video-preview":"max-video-preview:-1"},"canonical":"https:\/\/informelitoral.com.ar\/darrichon-aviso-que-adherira-a-las-medidas-anunciadas-por-alberto-fernandez\/","og_locale":"es_ES","og_type":"article","og_title":"Darrich\u00f3n avis\u00f3 que adherir\u00e1 a las medidas anunciadas por Alberto Fern\u00e1ndez - Informe Litoral","og_description":"Ya suspendieron actividades sociales, culturales y tur\u00edsticas. El intendente pidi\u00f3 el acompa\u00f1amiento de los vecinos y record\u00f3 que la calificaci\u00f3n del departamento se debe al desborde en Libertador San Mart\u00edn.","og_url":"https:\/\/informelitoral.com.ar\/darrichon-aviso-que-adherira-a-las-medidas-anunciadas-por-alberto-fernandez\/","og_site_name":"Informe Litoral","article_publisher":"https:\/\/www.facebook.com\/informelitoral\/","article_published_time":"2021-04-08T14:13:10+00:00","article_modified_time":"2021-04-08T14:19:14+00:00","og_image":[{"width":2560,"height":1827,"url":"https:\/\/informelitoral.com.ar\/%77%70%2d%63%6f%6e%74%65%6e%74\/uploads\/2021\/04\/DSC_00299-scaled.jpg","type":"image\/jpeg"}],"author":"Gonzalo Schmidt","twitter_card":"summary_large_image","twitter_creator":"@InformeLitoral","twitter_site":"@InformeLitoral","twitter_misc":{"Escrito por":"Gonzalo Schmidt","Tiempo de lectura":"1 minuto"},"schema":{"@context":"https:\/\/schema.org","@graph":[{"@type":"Article","@id":"https:\/\/informelitoral.com.ar\/darrichon-aviso-que-adherira-a-las-medidas-anunciadas-por-alberto-fernandez\/#article","isPartOf":{"@id":"https:\/\/informelitoral.com.ar\/darrichon-aviso-que-adherira-a-las-medidas-anunciadas-por-alberto-fernandez\/"},"author":{"name":"Gonzalo Schmidt","@id":"https:\/\/informelitoral.com.ar\/#\/schema\/person\/b9d00407c836482871ef1d57bf8e3180"},"headline":"Darrich\u00f3n avis\u00f3 que adherir\u00e1 a las medidas anunciadas por Alberto Fern\u00e1ndez","datePublished":"2021-04-08T14:13:10+00:00","dateModified":"2021-04-08T14:19:14+00:00","mainEntityOfPage":{"@id":"https:\/\/informelitoral.com.ar\/darrichon-aviso-que-adherira-a-las-medidas-anunciadas-por-alberto-fernandez\/"},"wordCount":249,"commentCount":0,"publisher":{"@id":"https:\/\/informelitoral.com.ar\/#organization"},"image":{"@id":"https:\/\/informelitoral.com.ar\/darrichon-aviso-que-adherira-a-las-medidas-anunciadas-por-alberto-fernandez\/#primaryimage"},"thumbnailUrl":"https:\/\/informelitoral.com.ar\/%77%70%2d%63%6f%6e%74%65%6e%74\/uploads\/2021\/04\/DSC_00299-scaled.jpg","keywords":["Coronavirus","Departamento Diamante","Diamante","Juan Carlos Darrich\u00f3n","Restricciones nocturnas"],"articleSection":["Departamento Diamante","Politica"],"inLanguage":"es","potentialAction":[{"@type":"CommentAction","name":"Comment","target":["https:\/\/informelitoral.com.ar\/darrichon-aviso-que-adherira-a-las-medidas-anunciadas-por-alberto-fernandez\/#respond"]}]},{"@type":"WebPage","@id":"https:\/\/informelitoral.com.ar\/darrichon-aviso-que-adherira-a-las-medidas-anunciadas-por-alberto-fernandez\/","url":"https:\/\/informelitoral.com.ar\/darrichon-aviso-que-adherira-a-las-medidas-anunciadas-por-alberto-fernandez\/","name":"Darrich\u00f3n avis\u00f3 que adherir\u00e1 a las medidas anunciadas por Alberto Fern\u00e1ndez - Informe Litoral","isPartOf":{"@id":"https:\/\/informelitoral.com.ar\/#website"},"primaryImageOfPage":{"@id":"https:\/\/informelitoral.com.ar\/darrichon-aviso-que-adherira-a-las-medidas-anunciadas-por-alberto-fernandez\/#primaryimage"},"image":{"@id":"https:\/\/informelitoral.com.ar\/darrichon-aviso-que-adherira-a-las-medidas-anunciadas-por-alberto-fernandez\/#primaryimage"},"thumbnailUrl":"https:\/\/informelitoral.com.ar\/%77%70%2d%63%6f%6e%74%65%6e%74\/uploads\/2021\/04\/DSC_00299-scaled.jpg","datePublished":"2021-04-08T14:13:10+00:00","dateModified":"2021-04-08T14:19:14+00:00","breadcrumb":{"@id":"https:\/\/informelitoral.com.ar\/darrichon-aviso-que-adherira-a-las-medidas-anunciadas-por-alberto-fernandez\/#breadcrumb"},"inLanguage":"es","potentialAction":[{"@type":"ReadAction","target":["https:\/\/informelitoral.com.ar\/darrichon-aviso-que-adherira-a-las-medidas-anunciadas-por-alberto-fernandez\/"]}]},{"@type":"ImageObject","inLanguage":"es","@id":"https:\/\/informelitoral.com.ar\/darrichon-aviso-que-adherira-a-las-medidas-anunciadas-por-alberto-fernandez\/#primaryimage","url":"https:\/\/informelitoral.com.ar\/%77%70%2d%63%6f%6e%74%65%6e%74\/uploads\/2021\/04\/DSC_00299-scaled.jpg","contentUrl":"https:\/\/informelitoral.com.ar\/%77%70%2d%63%6f%6e%74%65%6e%74\/uploads\/2021\/04\/DSC_00299-scaled.jpg","width":2560,"height":1827},{"@type":"BreadcrumbList","@id":"https:\/\/informelitoral.com.ar\/darrichon-aviso-que-adherira-a-las-medidas-anunciadas-por-alberto-fernandez\/#breadcrumb","itemListElement":[{"@type":"ListItem","position":1,"name":"Portada","item":"https:\/\/informelitoral.com.ar\/"},{"@type":"ListItem","position":2,"name":"Darrich\u00f3n avis\u00f3 que adherir\u00e1 a las medidas anunciadas por Alberto Fern\u00e1ndez"}]},{"@type":"WebSite","@id":"https:\/\/informelitoral.com.ar\/#website","url":"https:\/\/informelitoral.com.ar\/","name":"Informe Litoral","description":"&quot;Nos informamos&quot; ","publisher":{"@id":"https:\/\/informelitoral.com.ar\/#organization"},"potentialAction":[{"@type":"SearchAction","target":{"@type":"EntryPoint","urlTemplate":"https:\/\/informelitoral.com.ar\/?s={search_term_string}"},"query-input":{"@type":"PropertyValueSpecification","valueRequired":true,"valueName":"search_term_string"}}],"inLanguage":"es"},{"@type":"Organization","@id":"https:\/\/informelitoral.com.ar\/#organization","name":"Informe Litoral","url":"https:\/\/informelitoral.com.ar\/","logo":{"@type":"ImageObject","inLanguage":"es","@id":"https:\/\/informelitoral.com.ar\/#\/schema\/logo\/image\/","url":"https:\/\/informelitoral.com.ar\/%77%70%2d%63%6f%6e%74%65%6e%74\/uploads\/2021\/01\/circulo.png","contentUrl":"https:\/\/informelitoral.com.ar\/%77%70%2d%63%6f%6e%74%65%6e%74\/uploads\/2021\/01\/circulo.png","width":723,"height":731,"caption":"Informe Litoral"},"image":{"@id":"https:\/\/informelitoral.com.ar\/#\/schema\/logo\/image\/"},"sameAs":["https:\/\/www.facebook.com\/informelitoral\/","https:\/\/x.com\/InformeLitoral","https:\/\/www.instagram.com\/informelitoral\/","https:\/\/www.youtube.com\/channel\/UCua4Qvz8Icb6MYqhoq9xLXw"]},{"@type":"Person","@id":"https:\/\/informelitoral.com.ar\/#\/schema\/person\/b9d00407c836482871ef1d57bf8e3180","name":"Gonzalo Schmidt","image":{"@type":"ImageObject","inLanguage":"es","@id":"https:\/\/secure.gravatar.com\/avatar\/31a1a7b66ff2de83bd0e9fd79d026630d2d99e55e8bfe501287647b4fd9743de?s=96&d=mm&r=g","url":"https:\/\/secure.gravatar.com\/avatar\/31a1a7b66ff2de83bd0e9fd79d026630d2d99e55e8bfe501287647b4fd9743de?s=96&d=mm&r=g","contentUrl":"https:\/\/secure.gravatar.com\/avatar\/31a1a7b66ff2de83bd0e9fd79d026630d2d99e55e8bfe501287647b4fd9743de?s=96&d=mm&r=g","caption":"Gonzalo Schmidt"},"description":"Sitio web de noticias de la provincia de Entre R\u00edos, Argentina. Informaci\u00f3n y entretenimiento. Informe Litoral, nos informamos.","sameAs":["http:\/\/www.isletasnoticias.com.ar"],"url":"https:\/\/informelitoral.com.ar\/author\/gonzalo\/"}]}},"_links":{"self":[{"href":"https:\/\/informelitoral.com.ar\/%77%70%2d%6a%73%6f%6e\/wp\/v2\/posts\/58462","targetHints":{"allow":["GET"]}}],"collection":[{"href":"https:\/\/informelitoral.com.ar\/%77%70%2d%6a%73%6f%6e\/wp\/v2\/posts"}],"about":[{"href":"https:\/\/informelitoral.com.ar\/%77%70%2d%6a%73%6f%6e\/wp\/v2\/types\/post"}],"author":[{"embeddable":true,"href":"https:\/\/informelitoral.com.ar\/%77%70%2d%6a%73%6f%6e\/wp\/v2\/users\/2"}],"replies":[{"embeddable":true,"href":"https:\/\/informelitoral.com.ar\/%77%70%2d%6a%73%6f%6e\/wp\/v2\/comments?post=58462"}],"version-history":[{"count":0,"href":"https:\/\/informelitoral.com.ar\/%77%70%2d%6a%73%6f%6e\/wp\/v2\/posts\/58462\/revisions"}],"wp:featuredmedia":[{"embeddable":true,"href":"https:\/\/informelitoral.com.ar\/%77%70%2d%6a%73%6f%6e\/wp\/v2\/media\/58464"}],"wp:attachment":[{"href":"https:\/\/informelitoral.com.ar\/%77%70%2d%6a%73%6f%6e\/wp\/v2\/media?parent=58462"}],"wp:term":[{"taxonomy":"category","embeddable":true,"href":"https:\/\/informelitoral.com.ar\/%77%70%2d%6a%73%6f%6e\/wp\/v2\/categories?post=58462"},{"taxonomy":"post_tag","embeddable":true,"href":"https:\/\/informelitoral.com.ar\/%77%70%2d%6a%73%6f%6e\/wp\/v2\/tags?post=58462"}],"curies":[{"name":"wp","href":"https:\/\/api.w.org\/{rel}","templated":true}]}}