{"id":58447,"date":"2021-04-08T08:57:32","date_gmt":"2021-04-08T11:57:32","guid":{"rendered":"https:\/\/www.informelitoral.com.ar\/?p=58447"},"modified":"2021-04-08T09:03:57","modified_gmt":"2021-04-08T12:03:57","slug":"es-ley-la-capacitacion-obligatoria-en-genero-en-las-entidades-deportivas-de-la-provincia","status":"publish","type":"post","link":"https:\/\/informelitoral.com.ar\/es-ley-la-capacitacion-obligatoria-en-genero-en-las-entidades-deportivas-de-la-provincia\/","title":{"rendered":"Es ley la capacitaci\u00f3n obligatoria en g\u00e9nero en las entidades deportivas de la provincia"},"content":{"rendered":"<p>Este mi\u00e9rcoles se realiz\u00f3 la tercera Sesi\u00f3n Ordinaria del 142\u00ba Per\u00edodo Legislativo. Fue en el recinto de la C\u00e1mara de Diputados para garantizar el distanciamiento como medida de prevenci\u00f3n por el Covid-19, y fue presidido por la vicegobernadora Laura Stratta.<\/p>\n<p><img loading=\"lazy\" decoding=\"async\" class=\"aligncenter wp-image-58448 size-large\" src=\"https:\/\/www.informelitoral.com.ar\/%77%70%2d%63%6f%6e%74%65%6e%74\/uploads\/2021\/04\/9f2583e7-4562-401b-9124-c71f30fade2e-1024x576.jpg\" alt=\"\" width=\"696\" height=\"392\" srcset=\"https:\/\/informelitoral.com.ar\/%77%70%2d%63%6f%6e%74%65%6e%74\/uploads\/2021\/04\/9f2583e7-4562-401b-9124-c71f30fade2e-1024x576.jpg 1024w, https:\/\/informelitoral.com.ar\/%77%70%2d%63%6f%6e%74%65%6e%74\/uploads\/2021\/04\/9f2583e7-4562-401b-9124-c71f30fade2e-300x169.jpg 300w, https:\/\/informelitoral.com.ar\/%77%70%2d%63%6f%6e%74%65%6e%74\/uploads\/2021\/04\/9f2583e7-4562-401b-9124-c71f30fade2e-768x432.jpg 768w, https:\/\/informelitoral.com.ar\/%77%70%2d%63%6f%6e%74%65%6e%74\/uploads\/2021\/04\/9f2583e7-4562-401b-9124-c71f30fade2e-696x392.jpg 696w, https:\/\/informelitoral.com.ar\/%77%70%2d%63%6f%6e%74%65%6e%74\/uploads\/2021\/04\/9f2583e7-4562-401b-9124-c71f30fade2e-1068x601.jpg 1068w, https:\/\/informelitoral.com.ar\/%77%70%2d%63%6f%6e%74%65%6e%74\/uploads\/2021\/04\/9f2583e7-4562-401b-9124-c71f30fade2e-747x420.jpg 747w, https:\/\/informelitoral.com.ar\/%77%70%2d%63%6f%6e%74%65%6e%74\/uploads\/2021\/04\/9f2583e7-4562-401b-9124-c71f30fade2e.jpg 1280w\" sizes=\"auto, (max-width: 696px) 100vw, 696px\" \/><\/p>\n<p>Durante el debate legislativo, las y los senadores aprobaron el proyecto de ley de autor\u00eda del diputado \u00c1ngel Giano por el que se establece la capacitaci\u00f3n obligatoria en la tem\u00e1tica de g\u00e9nero y violencia contra las mujeres, conforme las disposiciones de la Ley Nacional N\u00ba 27.499 (Ley Micaela) y Ley provincial N\u00ba 10.768, para la totalidad de autoridades y personal que se desempe\u00f1e en las entidades deportivas de la provincia. Expediente N\u00ba 24.398. Ya contaba con la aprobaci\u00f3n de la C\u00e1mara de Diputados.<\/p>\n<p><a href=\"https:\/\/www.informelitoral.com.ar\/%77%70%2d%63%6f%6e%74%65%6e%74\/uploads\/2021\/04\/WhatsApp-Audio-2021-04-08-at-07.49.29-1.aac\">AUDIO: <\/a><a href=\"https:\/\/www.informelitoral.com.ar\/%77%70%2d%63%6f%6e%74%65%6e%74\/uploads\/2021\/04\/WhatsApp-Audio-2021-04-08-at-07.49.29.aac\">Intervenci\u00f3n de la senadora, Claudia Gieco.<\/a><\/p>\n<p>\u201cDebido a que nosotros hab\u00edamos presentado un proyecto que suger\u00eda lo mismo, decidimos en la Comisi\u00f3n Bicameral darle impulso a \u00e9ste y aprobarlo\u201d, dijo la senadora Claudia Gieco.<img loading=\"lazy\" decoding=\"async\" class=\"size-medium wp-image-58449 alignright\" src=\"https:\/\/www.informelitoral.com.ar\/%77%70%2d%63%6f%6e%74%65%6e%74\/uploads\/2021\/04\/bbfbc81b-4079-4d1b-a7ae-a3cc4dcf3c84-225x300.jpg\" alt=\"\" width=\"225\" height=\"300\" srcset=\"https:\/\/informelitoral.com.ar\/%77%70%2d%63%6f%6e%74%65%6e%74\/uploads\/2021\/04\/bbfbc81b-4079-4d1b-a7ae-a3cc4dcf3c84-225x300.jpg 225w, https:\/\/informelitoral.com.ar\/%77%70%2d%63%6f%6e%74%65%6e%74\/uploads\/2021\/04\/bbfbc81b-4079-4d1b-a7ae-a3cc4dcf3c84-768x1024.jpg 768w, https:\/\/informelitoral.com.ar\/%77%70%2d%63%6f%6e%74%65%6e%74\/uploads\/2021\/04\/bbfbc81b-4079-4d1b-a7ae-a3cc4dcf3c84-696x928.jpg 696w, https:\/\/informelitoral.com.ar\/%77%70%2d%63%6f%6e%74%65%6e%74\/uploads\/2021\/04\/bbfbc81b-4079-4d1b-a7ae-a3cc4dcf3c84-315x420.jpg 315w, https:\/\/informelitoral.com.ar\/%77%70%2d%63%6f%6e%74%65%6e%74\/uploads\/2021\/04\/bbfbc81b-4079-4d1b-a7ae-a3cc4dcf3c84.jpg 900w\" sizes=\"auto, (max-width: 225px) 100vw, 225px\" \/><\/p>\n<p><strong>D\u00eda del Trabajador Esencial<\/strong><br \/>\nEn la sesi\u00f3n se dio tratamiento al proyecto de ley de autor\u00eda de Claudia Gieco por el que se instituye el 13 de marzo de cada a\u00f1o, como el D\u00eda del Trabajador y Trabajador Esencial.<\/p>\n<p>\u201cDurante el desarrollo de esta pandemia por el Covid-19, los trabajadores esenciales y espec\u00edficamente el personal de Salud es el que nos cuida y protege. Son muchos meses en los que han estado al frente de este gran problema que afrontamos y creo que eso merece todo nuestro reconocimiento\u201d, dijo la legisladora diamantina.<\/p>\n<p><a href=\"https:\/\/www.informelitoral.com.ar\/%77%70%2d%63%6f%6e%74%65%6e%74\/uploads\/2021\/04\/WhatsApp-Audio-2021-04-08-at-07.50.03.aac\">AUDIO: <\/a><a href=\"https:\/\/www.informelitoral.com.ar\/%77%70%2d%63%6f%6e%74%65%6e%74\/uploads\/2021\/04\/WhatsApp-Audio-2021-04-08-at-07.50.03.aac\">Intervenci\u00f3n de Claudia Gieco.<\/a><\/p>\n<p><strong>Homenajes<\/strong><br \/>\nAl turno de los homenajes, la senadora Gieco rindi\u00f3 homenaje a los combatientes de Malvinas y especialmente a las mujeres que participaron de la gesta cumpliendo el rol de enfermeras.<\/p>\n<p><a href=\"https:\/\/www.informelitoral.com.ar\/%77%70%2d%63%6f%6e%74%65%6e%74\/uploads\/2021\/04\/WhatsApp-Audio-2021-04-08-at-07.50.59.aac\">AUDIO: <\/a><a href=\"https:\/\/www.informelitoral.com.ar\/%77%70%2d%63%6f%6e%74%65%6e%74\/uploads\/2021\/04\/WhatsApp-Audio-2021-04-08-at-07.50.59.aac\">El homenaje de Gieco.<\/a><\/p>\n","protected":false},"excerpt":{"rendered":"<p>La norma aprobada fue consensuada en la Bicameral respectiva, y establece las capacitaciones en tem\u00e1ticas de g\u00e9nero y violencia contra las mujeres para la totalidad de autoridades y personal que se desempe\u00f1e en las entidades deportivas de la provincia.<\/p>\n","protected":false},"author":2,"featured_media":58450,"comment_status":"open","ping_status":"open","sticky":false,"template":"","format":"standard","meta":{"fifu_image_url":"","fifu_image_alt":"","footnotes":""},"categories":[16],"tags":[1037,81,287,464],"class_list":{"0":"post-58447","1":"post","2":"type-post","3":"status-publish","4":"format-standard","5":"has-post-thumbnail","7":"category-politi","8":"tag-claudia-gieco","9":"tag-entre-rios","10":"tag-legislativas","11":"tag-senado"},"yoast_head":"<title>Es ley la capacitaci\u00f3n obligatoria en g\u00e9nero en las entidades deportivas de la provincia - Informe Litoral<\/title>\n<meta name=\"robots\" content=\"index, follow, max-snippet:-1, max-image-preview:large, max-video-preview:-1\" \/>\n<link rel=\"canonical\" href=\"https:\/\/informelitoral.com.ar\/es-ley-la-capacitacion-obligatoria-en-genero-en-las-entidades-deportivas-de-la-provincia\/\" \/>\n<meta property=\"og:locale\" content=\"es_ES\" \/>\n<meta property=\"og:type\" content=\"article\" \/>\n<meta property=\"og:title\" content=\"Es ley la capacitaci\u00f3n obligatoria en g\u00e9nero en las entidades deportivas de la provincia - Informe Litoral\" \/>\n<meta property=\"og:description\" content=\"La norma aprobada fue consensuada en la Bicameral respectiva, y establece las capacitaciones en tem\u00e1ticas de g\u00e9nero y violencia contra las mujeres para la totalidad de autoridades y personal que se desempe\u00f1e en las entidades deportivas de la provincia.\" \/>\n<meta property=\"og:url\" content=\"https:\/\/informelitoral.com.ar\/es-ley-la-capacitacion-obligatoria-en-genero-en-las-entidades-deportivas-de-la-provincia\/\" \/>\n<meta property=\"og:site_name\" content=\"Informe Litoral\" \/>\n<meta property=\"article:publisher\" content=\"https:\/\/www.facebook.com\/informelitoral\/\" \/>\n<meta property=\"article:published_time\" content=\"2021-04-08T11:57:32+00:00\" \/>\n<meta property=\"article:modified_time\" content=\"2021-04-08T12:03:57+00:00\" \/>\n<meta property=\"og:image\" content=\"https:\/\/informelitoral.com.ar\/%77%70%2d%63%6f%6e%74%65%6e%74\/uploads\/2021\/04\/fd758d11-eb70-44d5-af46-398faaffd73d.jpg\" \/>\n\t<meta property=\"og:image:width\" content=\"1280\" \/>\n\t<meta property=\"og:image:height\" content=\"720\" \/>\n\t<meta property=\"og:image:type\" content=\"image\/jpeg\" \/>\n<meta name=\"author\" content=\"Gonzalo Schmidt\" \/>\n<meta name=\"twitter:card\" content=\"summary_large_image\" \/>\n<meta name=\"twitter:creator\" content=\"@InformeLitoral\" \/>\n<meta name=\"twitter:site\" content=\"@InformeLitoral\" \/>\n<meta name=\"twitter:label1\" content=\"Escrito por\" \/>\n\t<meta name=\"twitter:data1\" content=\"Gonzalo Schmidt\" \/>\n\t<meta name=\"twitter:label2\" content=\"Tiempo de lectura\" \/>\n\t<meta name=\"twitter:data2\" content=\"2 minutos\" \/>\n<script type=\"application\/ld+json\" class=\"yoast-schema-graph\">{\"@context\":\"https:\\\/\\\/schema.org\",\"@graph\":[{\"@type\":\"Article\",\"@id\":\"https:\\\/\\\/informelitoral.com.ar\\\/es-ley-la-capacitacion-obligatoria-en-genero-en-las-entidades-deportivas-de-la-provincia\\\/#article\",\"isPartOf\":{\"@id\":\"https:\\\/\\\/informelitoral.com.ar\\\/es-ley-la-capacitacion-obligatoria-en-genero-en-las-entidades-deportivas-de-la-provincia\\\/\"},\"author\":{\"name\":\"Gonzalo Schmidt\",\"@id\":\"https:\\\/\\\/informelitoral.com.ar\\\/#\\\/schema\\\/person\\\/b9d00407c836482871ef1d57bf8e3180\"},\"headline\":\"Es ley la capacitaci\u00f3n obligatoria en g\u00e9nero en las entidades deportivas de la provincia\",\"datePublished\":\"2021-04-08T11:57:32+00:00\",\"dateModified\":\"2021-04-08T12:03:57+00:00\",\"mainEntityOfPage\":{\"@id\":\"https:\\\/\\\/informelitoral.com.ar\\\/es-ley-la-capacitacion-obligatoria-en-genero-en-las-entidades-deportivas-de-la-provincia\\\/\"},\"wordCount\":325,\"commentCount\":0,\"publisher\":{\"@id\":\"https:\\\/\\\/informelitoral.com.ar\\\/#organization\"},\"image\":{\"@id\":\"https:\\\/\\\/informelitoral.com.ar\\\/es-ley-la-capacitacion-obligatoria-en-genero-en-las-entidades-deportivas-de-la-provincia\\\/#primaryimage\"},\"thumbnailUrl\":\"https:\\\/\\\/informelitoral.com.ar\\\/%77%70%2d%63%6f%6e%74%65%6e%74\\\/uploads\\\/2021\\\/04\\\/fd758d11-eb70-44d5-af46-398faaffd73d.jpg\",\"keywords\":[\"Claudia Gieco\",\"Entre R\u00edos\",\"Legislativas\",\"Senado\"],\"articleSection\":[\"Politica\"],\"inLanguage\":\"es\",\"potentialAction\":[{\"@type\":\"CommentAction\",\"name\":\"Comment\",\"target\":[\"https:\\\/\\\/informelitoral.com.ar\\\/es-ley-la-capacitacion-obligatoria-en-genero-en-las-entidades-deportivas-de-la-provincia\\\/#respond\"]}]},{\"@type\":\"WebPage\",\"@id\":\"https:\\\/\\\/informelitoral.com.ar\\\/es-ley-la-capacitacion-obligatoria-en-genero-en-las-entidades-deportivas-de-la-provincia\\\/\",\"url\":\"https:\\\/\\\/informelitoral.com.ar\\\/es-ley-la-capacitacion-obligatoria-en-genero-en-las-entidades-deportivas-de-la-provincia\\\/\",\"name\":\"Es ley la capacitaci\u00f3n obligatoria en g\u00e9nero en las entidades deportivas de la provincia - Informe Litoral\",\"isPartOf\":{\"@id\":\"https:\\\/\\\/informelitoral.com.ar\\\/#website\"},\"primaryImageOfPage\":{\"@id\":\"https:\\\/\\\/informelitoral.com.ar\\\/es-ley-la-capacitacion-obligatoria-en-genero-en-las-entidades-deportivas-de-la-provincia\\\/#primaryimage\"},\"image\":{\"@id\":\"https:\\\/\\\/informelitoral.com.ar\\\/es-ley-la-capacitacion-obligatoria-en-genero-en-las-entidades-deportivas-de-la-provincia\\\/#primaryimage\"},\"thumbnailUrl\":\"https:\\\/\\\/informelitoral.com.ar\\\/%77%70%2d%63%6f%6e%74%65%6e%74\\\/uploads\\\/2021\\\/04\\\/fd758d11-eb70-44d5-af46-398faaffd73d.jpg\",\"datePublished\":\"2021-04-08T11:57:32+00:00\",\"dateModified\":\"2021-04-08T12:03:57+00:00\",\"breadcrumb\":{\"@id\":\"https:\\\/\\\/informelitoral.com.ar\\\/es-ley-la-capacitacion-obligatoria-en-genero-en-las-entidades-deportivas-de-la-provincia\\\/#breadcrumb\"},\"inLanguage\":\"es\",\"potentialAction\":[{\"@type\":\"ReadAction\",\"target\":[\"https:\\\/\\\/informelitoral.com.ar\\\/es-ley-la-capacitacion-obligatoria-en-genero-en-las-entidades-deportivas-de-la-provincia\\\/\"]}]},{\"@type\":\"ImageObject\",\"inLanguage\":\"es\",\"@id\":\"https:\\\/\\\/informelitoral.com.ar\\\/es-ley-la-capacitacion-obligatoria-en-genero-en-las-entidades-deportivas-de-la-provincia\\\/#primaryimage\",\"url\":\"https:\\\/\\\/informelitoral.com.ar\\\/%77%70%2d%63%6f%6e%74%65%6e%74\\\/uploads\\\/2021\\\/04\\\/fd758d11-eb70-44d5-af46-398faaffd73d.jpg\",\"contentUrl\":\"https:\\\/\\\/informelitoral.com.ar\\\/%77%70%2d%63%6f%6e%74%65%6e%74\\\/uploads\\\/2021\\\/04\\\/fd758d11-eb70-44d5-af46-398faaffd73d.jpg\",\"width\":1280,\"height\":720},{\"@type\":\"BreadcrumbList\",\"@id\":\"https:\\\/\\\/informelitoral.com.ar\\\/es-ley-la-capacitacion-obligatoria-en-genero-en-las-entidades-deportivas-de-la-provincia\\\/#breadcrumb\",\"itemListElement\":[{\"@type\":\"ListItem\",\"position\":1,\"name\":\"Portada\",\"item\":\"https:\\\/\\\/informelitoral.com.ar\\\/\"},{\"@type\":\"ListItem\",\"position\":2,\"name\":\"Es ley la capacitaci\u00f3n obligatoria en g\u00e9nero en las entidades deportivas de la provincia\"}]},{\"@type\":\"WebSite\",\"@id\":\"https:\\\/\\\/informelitoral.com.ar\\\/#website\",\"url\":\"https:\\\/\\\/informelitoral.com.ar\\\/\",\"name\":\"Informe Litoral\",\"description\":\"&quot;Nos informamos&quot; \",\"publisher\":{\"@id\":\"https:\\\/\\\/informelitoral.com.ar\\\/#organization\"},\"potentialAction\":[{\"@type\":\"SearchAction\",\"target\":{\"@type\":\"EntryPoint\",\"urlTemplate\":\"https:\\\/\\\/informelitoral.com.ar\\\/?s={search_term_string}\"},\"query-input\":{\"@type\":\"PropertyValueSpecification\",\"valueRequired\":true,\"valueName\":\"search_term_string\"}}],\"inLanguage\":\"es\"},{\"@type\":\"Organization\",\"@id\":\"https:\\\/\\\/informelitoral.com.ar\\\/#organization\",\"name\":\"Informe Litoral\",\"url\":\"https:\\\/\\\/informelitoral.com.ar\\\/\",\"logo\":{\"@type\":\"ImageObject\",\"inLanguage\":\"es\",\"@id\":\"https:\\\/\\\/informelitoral.com.ar\\\/#\\\/schema\\\/logo\\\/image\\\/\",\"url\":\"https:\\\/\\\/informelitoral.com.ar\\\/%77%70%2d%63%6f%6e%74%65%6e%74\\\/uploads\\\/2021\\\/01\\\/circulo.png\",\"contentUrl\":\"https:\\\/\\\/informelitoral.com.ar\\\/%77%70%2d%63%6f%6e%74%65%6e%74\\\/uploads\\\/2021\\\/01\\\/circulo.png\",\"width\":723,\"height\":731,\"caption\":\"Informe Litoral\"},\"image\":{\"@id\":\"https:\\\/\\\/informelitoral.com.ar\\\/#\\\/schema\\\/logo\\\/image\\\/\"},\"sameAs\":[\"https:\\\/\\\/www.facebook.com\\\/informelitoral\\\/\",\"https:\\\/\\\/x.com\\\/InformeLitoral\",\"https:\\\/\\\/www.instagram.com\\\/informelitoral\\\/\",\"https:\\\/\\\/www.youtube.com\\\/channel\\\/UCua4Qvz8Icb6MYqhoq9xLXw\"]},{\"@type\":\"Person\",\"@id\":\"https:\\\/\\\/informelitoral.com.ar\\\/#\\\/schema\\\/person\\\/b9d00407c836482871ef1d57bf8e3180\",\"name\":\"Gonzalo Schmidt\",\"image\":{\"@type\":\"ImageObject\",\"inLanguage\":\"es\",\"@id\":\"https:\\\/\\\/secure.gravatar.com\\\/avatar\\\/31a1a7b66ff2de83bd0e9fd79d026630d2d99e55e8bfe501287647b4fd9743de?s=96&d=mm&r=g\",\"url\":\"https:\\\/\\\/secure.gravatar.com\\\/avatar\\\/31a1a7b66ff2de83bd0e9fd79d026630d2d99e55e8bfe501287647b4fd9743de?s=96&d=mm&r=g\",\"contentUrl\":\"https:\\\/\\\/secure.gravatar.com\\\/avatar\\\/31a1a7b66ff2de83bd0e9fd79d026630d2d99e55e8bfe501287647b4fd9743de?s=96&d=mm&r=g\",\"caption\":\"Gonzalo Schmidt\"},\"description\":\"Sitio web de noticias de la provincia de Entre R\u00edos, Argentina. Informaci\u00f3n y entretenimiento. Informe Litoral, nos informamos.\",\"sameAs\":[\"http:\\\/\\\/www.isletasnoticias.com.ar\"],\"url\":\"https:\\\/\\\/informelitoral.com.ar\\\/author\\\/gonzalo\\\/\"}]}<\/script>","yoast_head_json":{"title":"Es ley la capacitaci\u00f3n obligatoria en g\u00e9nero en las entidades deportivas de la provincia - Informe Litoral","robots":{"index":"index","follow":"follow","max-snippet":"max-snippet:-1","max-image-preview":"max-image-preview:large","max-video-preview":"max-video-preview:-1"},"canonical":"https:\/\/informelitoral.com.ar\/es-ley-la-capacitacion-obligatoria-en-genero-en-las-entidades-deportivas-de-la-provincia\/","og_locale":"es_ES","og_type":"article","og_title":"Es ley la capacitaci\u00f3n obligatoria en g\u00e9nero en las entidades deportivas de la provincia - Informe Litoral","og_description":"La norma aprobada fue consensuada en la Bicameral respectiva, y establece las capacitaciones en tem\u00e1ticas de g\u00e9nero y violencia contra las mujeres para la totalidad de autoridades y personal que se desempe\u00f1e en las entidades deportivas de la provincia.","og_url":"https:\/\/informelitoral.com.ar\/es-ley-la-capacitacion-obligatoria-en-genero-en-las-entidades-deportivas-de-la-provincia\/","og_site_name":"Informe Litoral","article_publisher":"https:\/\/www.facebook.com\/informelitoral\/","article_published_time":"2021-04-08T11:57:32+00:00","article_modified_time":"2021-04-08T12:03:57+00:00","og_image":[{"width":1280,"height":720,"url":"https:\/\/informelitoral.com.ar\/%77%70%2d%63%6f%6e%74%65%6e%74\/uploads\/2021\/04\/fd758d11-eb70-44d5-af46-398faaffd73d.jpg","type":"image\/jpeg"}],"author":"Gonzalo Schmidt","twitter_card":"summary_large_image","twitter_creator":"@InformeLitoral","twitter_site":"@InformeLitoral","twitter_misc":{"Escrito por":"Gonzalo Schmidt","Tiempo de lectura":"2 minutos"},"schema":{"@context":"https:\/\/schema.org","@graph":[{"@type":"Article","@id":"https:\/\/informelitoral.com.ar\/es-ley-la-capacitacion-obligatoria-en-genero-en-las-entidades-deportivas-de-la-provincia\/#article","isPartOf":{"@id":"https:\/\/informelitoral.com.ar\/es-ley-la-capacitacion-obligatoria-en-genero-en-las-entidades-deportivas-de-la-provincia\/"},"author":{"name":"Gonzalo Schmidt","@id":"https:\/\/informelitoral.com.ar\/#\/schema\/person\/b9d00407c836482871ef1d57bf8e3180"},"headline":"Es ley la capacitaci\u00f3n obligatoria en g\u00e9nero en las entidades deportivas de la provincia","datePublished":"2021-04-08T11:57:32+00:00","dateModified":"2021-04-08T12:03:57+00:00","mainEntityOfPage":{"@id":"https:\/\/informelitoral.com.ar\/es-ley-la-capacitacion-obligatoria-en-genero-en-las-entidades-deportivas-de-la-provincia\/"},"wordCount":325,"commentCount":0,"publisher":{"@id":"https:\/\/informelitoral.com.ar\/#organization"},"image":{"@id":"https:\/\/informelitoral.com.ar\/es-ley-la-capacitacion-obligatoria-en-genero-en-las-entidades-deportivas-de-la-provincia\/#primaryimage"},"thumbnailUrl":"https:\/\/informelitoral.com.ar\/%77%70%2d%63%6f%6e%74%65%6e%74\/uploads\/2021\/04\/fd758d11-eb70-44d5-af46-398faaffd73d.jpg","keywords":["Claudia Gieco","Entre R\u00edos","Legislativas","Senado"],"articleSection":["Politica"],"inLanguage":"es","potentialAction":[{"@type":"CommentAction","name":"Comment","target":["https:\/\/informelitoral.com.ar\/es-ley-la-capacitacion-obligatoria-en-genero-en-las-entidades-deportivas-de-la-provincia\/#respond"]}]},{"@type":"WebPage","@id":"https:\/\/informelitoral.com.ar\/es-ley-la-capacitacion-obligatoria-en-genero-en-las-entidades-deportivas-de-la-provincia\/","url":"https:\/\/informelitoral.com.ar\/es-ley-la-capacitacion-obligatoria-en-genero-en-las-entidades-deportivas-de-la-provincia\/","name":"Es ley la capacitaci\u00f3n obligatoria en g\u00e9nero en las entidades deportivas de la provincia - Informe Litoral","isPartOf":{"@id":"https:\/\/informelitoral.com.ar\/#website"},"primaryImageOfPage":{"@id":"https:\/\/informelitoral.com.ar\/es-ley-la-capacitacion-obligatoria-en-genero-en-las-entidades-deportivas-de-la-provincia\/#primaryimage"},"image":{"@id":"https:\/\/informelitoral.com.ar\/es-ley-la-capacitacion-obligatoria-en-genero-en-las-entidades-deportivas-de-la-provincia\/#primaryimage"},"thumbnailUrl":"https:\/\/informelitoral.com.ar\/%77%70%2d%63%6f%6e%74%65%6e%74\/uploads\/2021\/04\/fd758d11-eb70-44d5-af46-398faaffd73d.jpg","datePublished":"2021-04-08T11:57:32+00:00","dateModified":"2021-04-08T12:03:57+00:00","breadcrumb":{"@id":"https:\/\/informelitoral.com.ar\/es-ley-la-capacitacion-obligatoria-en-genero-en-las-entidades-deportivas-de-la-provincia\/#breadcrumb"},"inLanguage":"es","potentialAction":[{"@type":"ReadAction","target":["https:\/\/informelitoral.com.ar\/es-ley-la-capacitacion-obligatoria-en-genero-en-las-entidades-deportivas-de-la-provincia\/"]}]},{"@type":"ImageObject","inLanguage":"es","@id":"https:\/\/informelitoral.com.ar\/es-ley-la-capacitacion-obligatoria-en-genero-en-las-entidades-deportivas-de-la-provincia\/#primaryimage","url":"https:\/\/informelitoral.com.ar\/%77%70%2d%63%6f%6e%74%65%6e%74\/uploads\/2021\/04\/fd758d11-eb70-44d5-af46-398faaffd73d.jpg","contentUrl":"https:\/\/informelitoral.com.ar\/%77%70%2d%63%6f%6e%74%65%6e%74\/uploads\/2021\/04\/fd758d11-eb70-44d5-af46-398faaffd73d.jpg","width":1280,"height":720},{"@type":"BreadcrumbList","@id":"https:\/\/informelitoral.com.ar\/es-ley-la-capacitacion-obligatoria-en-genero-en-las-entidades-deportivas-de-la-provincia\/#breadcrumb","itemListElement":[{"@type":"ListItem","position":1,"name":"Portada","item":"https:\/\/informelitoral.com.ar\/"},{"@type":"ListItem","position":2,"name":"Es ley la capacitaci\u00f3n obligatoria en g\u00e9nero en las entidades deportivas de la provincia"}]},{"@type":"WebSite","@id":"https:\/\/informelitoral.com.ar\/#website","url":"https:\/\/informelitoral.com.ar\/","name":"Informe Litoral","description":"&quot;Nos informamos&quot; ","publisher":{"@id":"https:\/\/informelitoral.com.ar\/#organization"},"potentialAction":[{"@type":"SearchAction","target":{"@type":"EntryPoint","urlTemplate":"https:\/\/informelitoral.com.ar\/?s={search_term_string}"},"query-input":{"@type":"PropertyValueSpecification","valueRequired":true,"valueName":"search_term_string"}}],"inLanguage":"es"},{"@type":"Organization","@id":"https:\/\/informelitoral.com.ar\/#organization","name":"Informe Litoral","url":"https:\/\/informelitoral.com.ar\/","logo":{"@type":"ImageObject","inLanguage":"es","@id":"https:\/\/informelitoral.com.ar\/#\/schema\/logo\/image\/","url":"https:\/\/informelitoral.com.ar\/%77%70%2d%63%6f%6e%74%65%6e%74\/uploads\/2021\/01\/circulo.png","contentUrl":"https:\/\/informelitoral.com.ar\/%77%70%2d%63%6f%6e%74%65%6e%74\/uploads\/2021\/01\/circulo.png","width":723,"height":731,"caption":"Informe Litoral"},"image":{"@id":"https:\/\/informelitoral.com.ar\/#\/schema\/logo\/image\/"},"sameAs":["https:\/\/www.facebook.com\/informelitoral\/","https:\/\/x.com\/InformeLitoral","https:\/\/www.instagram.com\/informelitoral\/","https:\/\/www.youtube.com\/channel\/UCua4Qvz8Icb6MYqhoq9xLXw"]},{"@type":"Person","@id":"https:\/\/informelitoral.com.ar\/#\/schema\/person\/b9d00407c836482871ef1d57bf8e3180","name":"Gonzalo Schmidt","image":{"@type":"ImageObject","inLanguage":"es","@id":"https:\/\/secure.gravatar.com\/avatar\/31a1a7b66ff2de83bd0e9fd79d026630d2d99e55e8bfe501287647b4fd9743de?s=96&d=mm&r=g","url":"https:\/\/secure.gravatar.com\/avatar\/31a1a7b66ff2de83bd0e9fd79d026630d2d99e55e8bfe501287647b4fd9743de?s=96&d=mm&r=g","contentUrl":"https:\/\/secure.gravatar.com\/avatar\/31a1a7b66ff2de83bd0e9fd79d026630d2d99e55e8bfe501287647b4fd9743de?s=96&d=mm&r=g","caption":"Gonzalo Schmidt"},"description":"Sitio web de noticias de la provincia de Entre R\u00edos, Argentina. Informaci\u00f3n y entretenimiento. Informe Litoral, nos informamos.","sameAs":["http:\/\/www.isletasnoticias.com.ar"],"url":"https:\/\/informelitoral.com.ar\/author\/gonzalo\/"}]}},"_links":{"self":[{"href":"https:\/\/informelitoral.com.ar\/%77%70%2d%6a%73%6f%6e\/wp\/v2\/posts\/58447","targetHints":{"allow":["GET"]}}],"collection":[{"href":"https:\/\/informelitoral.com.ar\/%77%70%2d%6a%73%6f%6e\/wp\/v2\/posts"}],"about":[{"href":"https:\/\/informelitoral.com.ar\/%77%70%2d%6a%73%6f%6e\/wp\/v2\/types\/post"}],"author":[{"embeddable":true,"href":"https:\/\/informelitoral.com.ar\/%77%70%2d%6a%73%6f%6e\/wp\/v2\/users\/2"}],"replies":[{"embeddable":true,"href":"https:\/\/informelitoral.com.ar\/%77%70%2d%6a%73%6f%6e\/wp\/v2\/comments?post=58447"}],"version-history":[{"count":0,"href":"https:\/\/informelitoral.com.ar\/%77%70%2d%6a%73%6f%6e\/wp\/v2\/posts\/58447\/revisions"}],"wp:featuredmedia":[{"embeddable":true,"href":"https:\/\/informelitoral.com.ar\/%77%70%2d%6a%73%6f%6e\/wp\/v2\/media\/58450"}],"wp:attachment":[{"href":"https:\/\/informelitoral.com.ar\/%77%70%2d%6a%73%6f%6e\/wp\/v2\/media?parent=58447"}],"wp:term":[{"taxonomy":"category","embeddable":true,"href":"https:\/\/informelitoral.com.ar\/%77%70%2d%6a%73%6f%6e\/wp\/v2\/categories?post=58447"},{"taxonomy":"post_tag","embeddable":true,"href":"https:\/\/informelitoral.com.ar\/%77%70%2d%6a%73%6f%6e\/wp\/v2\/tags?post=58447"}],"curies":[{"name":"wp","href":"https:\/\/api.w.org\/{rel}","templated":true}]}}